{"id":939223,"date":"2019-10-10T16:47:31","date_gmt":"2019-10-10T15:47:31","guid":{"rendered":"https:\/\/www.pressenza.com\/?p=939223"},"modified":"2019-10-10T16:47:31","modified_gmt":"2019-10-10T15:47:31","slug":"der-2-weltmarsch-fuer-frieden-und-gewaltfreiheit-beginnt-am-km-0-von-madrid","status":"publish","type":"post","link":"https:\/\/www.pressenza.com\/de\/2019\/10\/der-2-weltmarsch-fuer-frieden-und-gewaltfreiheit-beginnt-am-km-0-von-madrid\/","title":{"rendered":"Der 2. Weltmarsch f\u00fcr Frieden und Gewaltfreiheit beginnt am km 0 von Madrid"},"content":{"rendered":"<p><strong>Am 2. Oktober 2019 startete der 2. Weltmarsch f\u00fcr Frieden und Gewaltfreiheit auf Km. 0 in Madrid. Der Marsch wird die Erde umkreisen, um schlie\u00dflich am 8. M\u00e4rz 2020 wieder am gleichen Ort zu enden.<\/strong><\/p>\n<p>Nach Rafael de la Rubias Einf\u00fchrungsworten, die er an der emblematischen Puerta del Sol in Madrid hielt, dem Ort, an dem die 15M-Bewegung begann, versammelten sich die Teilnehmer am Theater &#8222;Bellas Artes&#8220; (Zentrum der Sch\u00f6nen K\u00fcnste), wo die Route des Marsches sowie seine zentralen Themen und Vorl\u00e4ufer erl\u00e4utert wurden.<\/p>\n<p><em><strong>Video von \u00c1lvaro Or\u00fas<\/strong><\/em><\/p>\n<p><iframe loading=\"lazy\" title=\"La Segunda Marcha Mundial por la Paz y la Noviolencia arranca del Km 0 de Madrid\" width=\"500\" height=\"281\" src=\"https:\/\/www.youtube.com\/embed\/g86irA9ScWk?feature=oembed\" frameborder=\"0\" allow=\"accelerometer; autoplay; clipboard-write; encrypted-media; gyroscope; picture-in-picture; web-share\" referrerpolicy=\"strict-origin-when-cross-origin\" allowfullscreen><\/iframe><\/p>\n<p>Folgendes sind die Worte von Rafael de la Rubia, dem Koordinator dieses 2. Weltmarsches, die er w\u00e4hrend dem Einf\u00fchrungsakt vortrug:<\/p>\n<p>\u201cVor zehn Jahren, am 2. Oktober, dem Internationalen Tag der Gewaltlosigkeit, traf ich mich mit Freunden aus verschiedenen Teilen der Welt in Wellington (Neuseeland), um den ersten Weltmarsch zu starten, welcher drei Monate sp\u00e4ter am Fu\u00dfe des Aconcagua Berges in den Anden endete.<\/p>\n<p>Entgegen aller Erwartungen f\u00fchrte dieser Marsch \u00fcber f\u00fcnf Kontinente und wurde von tausenden von Organisationen, Institutionen und von hunderttausenden anonymen Menschen unterst\u00fctzt. Es war in diesem Moment als uns klar wurde, dass viele der verbreiteten Menschenbilder L\u00fcgen waren. Jene Menschenbilder, die \u00fcber das Gute, das Schlechte, die Unterschiede in Hautfarbe, Sprache, Kleidung oder Religion sprechen.<\/p>\n<p>Wir realisierten, dass alle geschaffenen L\u00fcgen ein Interesse daran hatten, Angst zu erzeugen, zu teilen und zu manipulieren. Wir haben festgestellt, dass die Menschen nicht so sind und auch nicht danach streben, so zu sein. Die Mehrheit tr\u00e4umte davon, ein menschenw\u00fcrdiges Leben zu f\u00fchren und das Beste f\u00fcr ihre Lieben und die Gemeinschaft tun zu k\u00f6nnen.<\/p>\n<p>Und so gedenken wir heute hier, an der Puerta del Sol, einigen der V\u00e4ter der Gewaltlosigkeit: Mahatma Gandhi, Luther King, Mandela und <a href=\"https:\/\/www.pressenza.com\/de\/tag\/silo-de\/\" target=\"_blank\" rel=\"noopener\">Silo<\/a>, dem weisen Mann der Anden.<\/p>\n<p>Wir erinnern uns auch daran, dass dieser Ort hier die letzte gewaltfreie Bewegung hervorgebracht hat, die in diesem Land entstanden ist, die <a href=\"https:\/\/www.pressenza.com\/de\/tag\/15m-de\/\" target=\"_blank\" rel=\"noopener\">15M<\/a>.<\/p>\n<p>Wie damals in Wellington, beginnt heute in Madrid eine kleine Gruppe von Menschen aus unterschiedlichen Hintergr\u00fcnden eine neue Herausforderung, die darauf abzielt, den zweiten Weltmarsch in Gang zu setzen.<\/p>\n<p>Somit feiern wir heute, mit zahlreichen St\u00e4dten aus den f\u00fcnf Kontinenten, den Beginn des 2. Weltmarsches.<\/p>\n<p>Es muss betont werden, dass dies nicht nur eine periphere Reise auf der Oberfl\u00e4che der Erde ist. Zu diesem Spaziergang entlang von Stra\u00dfen, Orten und L\u00e4ndern. . . . kann man eine innere Reise hinzuf\u00fcgen, welche durch die Tiefen unserer Existenz geht, und versuchen, das, was wir denken, mit dem, was wir f\u00fchlen und was wir tun, in Einklang zu bringen, um koh\u00e4renter zu sein, mehr Bedeutung in unserem Leben zu gewinnen und innere Gewalt zu beseitigen.<\/p>\n<p>Dann, liebe Freunde, werden wir immer nach Westen reisen und dem Sonnenstern folgen, bis wir an diesen gleichen Ort zur\u00fcckkehren, nachdem wir die Erde umrundet haben. Hier werden wir uns am 8. M\u00e4rz 2020 wiedertreffen, um uns austauschen und zu feiern. Ich danke Euch.\u201d<\/p>\n<p><em><b>Die \u00dcbersetzung aus dem Spanischen wurde von Valerie Schwane Torres aus dem ehrenamtlichen Pressenza-\u00dcbersetzungsteam erstellt. <a href=\"https:\/\/www.pressenza.com\/de\/mitarbeiten\/\" target=\"_blank\" rel=\"noopener\">Wir suchen Freiwillige! <\/a><\/b><\/em><\/p>\n","protected":false},"excerpt":{"rendered":"<p>Am 2. Oktober 2019 startete der 2. Weltmarsch f\u00fcr Frieden und Gewaltfreiheit auf Km. 0 in Madrid. Der Marsch wird die Erde umkreisen, um schlie\u00dflich am 8. M\u00e4rz 2020 wieder am gleichen Ort zu enden. Nach Rafael de la Rubias&hellip;<\/p>\n","protected":false},"author":1681,"featured_media":933236,"comment_status":"closed","ping_status":"closed","sticky":false,"template":"","format":"standard","meta":{"footnotes":""},"categories":[9167,7835,11387,27991],"tags":[9674,65148,9221,22229,9664,65151,55935,65149,9663,65150],"class_list":["post-939223","post","type-post","status-publish","format-standard","has-post-thumbnail","hentry","category-frieden-und-abruestung","category-international-de","category-originalinhalt","category-video-de","tag-15m-de","tag-2-weltmarsch-fuer-frieden-un","tag-abrustung","tag-gewaltfreiheit","tag-madrid-de","tag-mahatma-gandhi-de","tag-martin-luther-king-de","tag-rafa-de-la-rubia","tag-spanien","tag-welt-ohne-krieg-und-g"],"yoast_head":"<!-- This site is optimized with the Yoast SEO plugin v27.1.1 - https:\/\/yoast.com\/product\/yoast-seo-wordpress\/ -->\n<title>Der 2. Weltmarsch f\u00fcr Frieden und Gewaltfreiheit beginnt am km 0 von Madrid<\/title>\n<meta name=\"description\" content=\"Am 2. Oktober 2019 startete der 2. Weltmarsch f\u00fcr Frieden und Gewaltfreiheit auf Km. 0 in Madrid. Der Marsch wird die Erde umkreisen, um schlie\u00dflich am 8. M\u00e4rz 2020 wieder am gleichen Ort zu enden.\" \/>\n<meta name=\"robots\" content=\"index, follow, max-snippet:-1, max-image-preview:large, max-video-preview:-1\" \/>\n<link rel=\"canonical\" href=\"https:\/\/www.pressenza.com\/de\/2019\/10\/der-2-weltmarsch-fuer-frieden-und-gewaltfreiheit-beginnt-am-km-0-von-madrid\/\" \/>\n<meta property=\"og:locale\" content=\"de_DE\" \/>\n<meta property=\"og:type\" content=\"article\" \/>\n<meta property=\"og:title\" content=\"Der 2. Weltmarsch f\u00fcr Frieden und Gewaltfreiheit beginnt am km 0 von Madrid\" \/>\n<meta property=\"og:description\" content=\"Am 2. Oktober 2019 startete der 2. Weltmarsch f\u00fcr Frieden und Gewaltfreiheit auf Km. 0 in Madrid. Der Marsch wird die Erde umkreisen, um schlie\u00dflich am 8. M\u00e4rz 2020 wieder am gleichen Ort zu enden.\" \/>\n<meta property=\"og:url\" content=\"https:\/\/www.pressenza.com\/de\/2019\/10\/der-2-weltmarsch-fuer-frieden-und-gewaltfreiheit-beginnt-am-km-0-von-madrid\/\" \/>\n<meta property=\"og:site_name\" content=\"Pressenza\" \/>\n<meta property=\"article:publisher\" content=\"https:\/\/www.facebook.com\/PressenzaItalia\" \/>\n<meta property=\"article:published_time\" content=\"2019-10-10T15:47:31+00:00\" \/>\n<meta property=\"og:image\" content=\"https:\/\/www.pressenza.com\/wp-content\/uploads\/2019\/10\/Rafael-de-la-Rubia.-Lanzamiento-MM-II-en-Madrid_Alvaro-Or\u00fas.jpg\" \/>\n\t<meta property=\"og:image:width\" content=\"1920\" \/>\n\t<meta property=\"og:image:height\" content=\"1080\" \/>\n\t<meta property=\"og:image:type\" content=\"image\/jpeg\" \/>\n<meta name=\"author\" content=\"Redacci\u00f3n Espa\u00f1a\" \/>\n<meta name=\"twitter:card\" content=\"summary_large_image\" \/>\n<meta name=\"twitter:creator\" content=\"@PressenzaIPA\" \/>\n<meta name=\"twitter:site\" content=\"@PressenzaIPA\" \/>\n<meta name=\"twitter:label1\" content=\"Verfasst von\" \/>\n\t<meta name=\"twitter:data1\" content=\"Redacci\u00f3n Espa\u00f1a\" \/>\n\t<meta name=\"twitter:label2\" content=\"Gesch\u00e4tzte Lesezeit\" \/>\n\t<meta name=\"twitter:data2\" content=\"3\u00a0Minuten\" \/>\n<script type=\"application\/ld+json\" class=\"yoast-schema-graph\">{\"@context\":\"https:\/\/schema.org\",\"@graph\":[{\"@type\":\"Article\",\"@id\":\"https:\/\/www.pressenza.com\/de\/2019\/10\/der-2-weltmarsch-fuer-frieden-und-gewaltfreiheit-beginnt-am-km-0-von-madrid\/#article\",\"isPartOf\":{\"@id\":\"https:\/\/www.pressenza.com\/de\/2019\/10\/der-2-weltmarsch-fuer-frieden-und-gewaltfreiheit-beginnt-am-km-0-von-madrid\/\"},\"author\":{\"name\":\"Redacci\u00f3n Espa\u00f1a\",\"@id\":\"https:\/\/www.pressenza.com\/de\/#\/schema\/person\/fffbbe2f14495897417f313a954dae23\"},\"headline\":\"Der 2. Weltmarsch f\u00fcr Frieden und Gewaltfreiheit beginnt am km 0 von Madrid\",\"datePublished\":\"2019-10-10T15:47:31+00:00\",\"mainEntityOfPage\":{\"@id\":\"https:\/\/www.pressenza.com\/de\/2019\/10\/der-2-weltmarsch-fuer-frieden-und-gewaltfreiheit-beginnt-am-km-0-von-madrid\/\"},\"wordCount\":537,\"publisher\":{\"@id\":\"https:\/\/www.pressenza.com\/de\/#organization\"},\"image\":{\"@id\":\"https:\/\/www.pressenza.com\/de\/2019\/10\/der-2-weltmarsch-fuer-frieden-und-gewaltfreiheit-beginnt-am-km-0-von-madrid\/#primaryimage\"},\"thumbnailUrl\":\"https:\/\/www.pressenza.com\/wp-content\/uploads\/2019\/10\/Rafael-de-la-Rubia.-Lanzamiento-MM-II-en-Madrid_Alvaro-Or\u00fas.jpg\",\"keywords\":[\"15M\",\"2. Weltmarsch f\u00fcr Frieden un\",\"Abr\u00fcstung\",\"Gewaltfreiheit\",\"Madrid\",\"Mahatma Gandhi\",\"Martin Luther King\",\"Rafa de la Rubia\",\"Spanien\",\"Welt ohne Krieg und G\"],\"articleSection\":[\"Frieden und Abr\u00fcstung\",\"International\",\"Originalinhalt\",\"Video\"],\"inLanguage\":\"de\"},{\"@type\":\"WebPage\",\"@id\":\"https:\/\/www.pressenza.com\/de\/2019\/10\/der-2-weltmarsch-fuer-frieden-und-gewaltfreiheit-beginnt-am-km-0-von-madrid\/\",\"url\":\"https:\/\/www.pressenza.com\/de\/2019\/10\/der-2-weltmarsch-fuer-frieden-und-gewaltfreiheit-beginnt-am-km-0-von-madrid\/\",\"name\":\"Der 2. Weltmarsch f\u00fcr Frieden und Gewaltfreiheit beginnt am km 0 von Madrid\",\"isPartOf\":{\"@id\":\"https:\/\/www.pressenza.com\/de\/#website\"},\"primaryImageOfPage\":{\"@id\":\"https:\/\/www.pressenza.com\/de\/2019\/10\/der-2-weltmarsch-fuer-frieden-und-gewaltfreiheit-beginnt-am-km-0-von-madrid\/#primaryimage\"},\"image\":{\"@id\":\"https:\/\/www.pressenza.com\/de\/2019\/10\/der-2-weltmarsch-fuer-frieden-und-gewaltfreiheit-beginnt-am-km-0-von-madrid\/#primaryimage\"},\"thumbnailUrl\":\"https:\/\/www.pressenza.com\/wp-content\/uploads\/2019\/10\/Rafael-de-la-Rubia.-Lanzamiento-MM-II-en-Madrid_Alvaro-Or\u00fas.jpg\",\"datePublished\":\"2019-10-10T15:47:31+00:00\",\"description\":\"Am 2. Oktober 2019 startete der 2. Weltmarsch f\u00fcr Frieden und Gewaltfreiheit auf Km. 0 in Madrid. Der Marsch wird die Erde umkreisen, um schlie\u00dflich am 8. M\u00e4rz 2020 wieder am gleichen Ort zu enden.\",\"breadcrumb\":{\"@id\":\"https:\/\/www.pressenza.com\/de\/2019\/10\/der-2-weltmarsch-fuer-frieden-und-gewaltfreiheit-beginnt-am-km-0-von-madrid\/#breadcrumb\"},\"inLanguage\":\"de\",\"potentialAction\":[{\"@type\":\"ReadAction\",\"target\":[\"https:\/\/www.pressenza.com\/de\/2019\/10\/der-2-weltmarsch-fuer-frieden-und-gewaltfreiheit-beginnt-am-km-0-von-madrid\/\"]}]},{\"@type\":\"ImageObject\",\"inLanguage\":\"de\",\"@id\":\"https:\/\/www.pressenza.com\/de\/2019\/10\/der-2-weltmarsch-fuer-frieden-und-gewaltfreiheit-beginnt-am-km-0-von-madrid\/#primaryimage\",\"url\":\"https:\/\/www.pressenza.com\/wp-content\/uploads\/2019\/10\/Rafael-de-la-Rubia.-Lanzamiento-MM-II-en-Madrid_Alvaro-Or\u00fas.jpg\",\"contentUrl\":\"https:\/\/www.pressenza.com\/wp-content\/uploads\/2019\/10\/Rafael-de-la-Rubia.-Lanzamiento-MM-II-en-Madrid_Alvaro-Or\u00fas.jpg\",\"width\":1920,\"height\":1080,\"caption\":\"La deuxi\u00e8me Marche Mondiale pour la Paix et la Nonviolence commence au Km. 0 de Madrid\"},{\"@type\":\"BreadcrumbList\",\"@id\":\"https:\/\/www.pressenza.com\/de\/2019\/10\/der-2-weltmarsch-fuer-frieden-und-gewaltfreiheit-beginnt-am-km-0-von-madrid\/#breadcrumb\",\"itemListElement\":[{\"@type\":\"ListItem\",\"position\":1,\"name\":\"Accueil\",\"item\":\"https:\/\/www.pressenza.com\/de\/\"},{\"@type\":\"ListItem\",\"position\":2,\"name\":\"Der 2. Weltmarsch f\u00fcr Frieden und Gewaltfreiheit beginnt am km 0 von Madrid\"}]},{\"@type\":\"WebSite\",\"@id\":\"https:\/\/www.pressenza.com\/de\/#website\",\"url\":\"https:\/\/www.pressenza.com\/de\/\",\"name\":\"Pressenza\",\"description\":\"International Press Agency\",\"publisher\":{\"@id\":\"https:\/\/www.pressenza.com\/de\/#organization\"},\"potentialAction\":[{\"@type\":\"SearchAction\",\"target\":{\"@type\":\"EntryPoint\",\"urlTemplate\":\"https:\/\/www.pressenza.com\/de\/?s={search_term_string}\"},\"query-input\":{\"@type\":\"PropertyValueSpecification\",\"valueRequired\":true,\"valueName\":\"search_term_string\"}}],\"inLanguage\":\"de\"},{\"@type\":\"Organization\",\"@id\":\"https:\/\/www.pressenza.com\/de\/#organization\",\"name\":\"Pressenza\",\"url\":\"https:\/\/www.pressenza.com\/de\/\",\"logo\":{\"@type\":\"ImageObject\",\"inLanguage\":\"de\",\"@id\":\"https:\/\/www.pressenza.com\/de\/#\/schema\/logo\/image\/\",\"url\":\"https:\/\/www.pressenza.com\/wp-content\/uploads\/2022\/10\/pressenza_logo_200x200.jpg\",\"contentUrl\":\"https:\/\/www.pressenza.com\/wp-content\/uploads\/2022\/10\/pressenza_logo_200x200.jpg\",\"width\":200,\"height\":200,\"caption\":\"Pressenza\"},\"image\":{\"@id\":\"https:\/\/www.pressenza.com\/de\/#\/schema\/logo\/image\/\"},\"sameAs\":[\"https:\/\/www.facebook.com\/PressenzaItalia\",\"https:\/\/x.com\/PressenzaIPA\"]},{\"@type\":\"Person\",\"@id\":\"https:\/\/www.pressenza.com\/de\/#\/schema\/person\/fffbbe2f14495897417f313a954dae23\",\"name\":\"Redacci\u00f3n Espa\u00f1a\",\"url\":\"https:\/\/www.pressenza.com\/de\/author\/redaccion-espana\/\"}]}<\/script>\n<!-- \/ Yoast SEO plugin. -->","yoast_head_json":{"title":"Der 2. Weltmarsch f\u00fcr Frieden und Gewaltfreiheit beginnt am km 0 von Madrid","description":"Am 2. Oktober 2019 startete der 2. Weltmarsch f\u00fcr Frieden und Gewaltfreiheit auf Km. 0 in Madrid. Der Marsch wird die Erde umkreisen, um schlie\u00dflich am 8. M\u00e4rz 2020 wieder am gleichen Ort zu enden.","robots":{"index":"index","follow":"follow","max-snippet":"max-snippet:-1","max-image-preview":"max-image-preview:large","max-video-preview":"max-video-preview:-1"},"canonical":"https:\/\/www.pressenza.com\/de\/2019\/10\/der-2-weltmarsch-fuer-frieden-und-gewaltfreiheit-beginnt-am-km-0-von-madrid\/","og_locale":"de_DE","og_type":"article","og_title":"Der 2. Weltmarsch f\u00fcr Frieden und Gewaltfreiheit beginnt am km 0 von Madrid","og_description":"Am 2. Oktober 2019 startete der 2. Weltmarsch f\u00fcr Frieden und Gewaltfreiheit auf Km. 0 in Madrid. Der Marsch wird die Erde umkreisen, um schlie\u00dflich am 8. M\u00e4rz 2020 wieder am gleichen Ort zu enden.","og_url":"https:\/\/www.pressenza.com\/de\/2019\/10\/der-2-weltmarsch-fuer-frieden-und-gewaltfreiheit-beginnt-am-km-0-von-madrid\/","og_site_name":"Pressenza","article_publisher":"https:\/\/www.facebook.com\/PressenzaItalia","article_published_time":"2019-10-10T15:47:31+00:00","og_image":[{"width":1920,"height":1080,"url":"https:\/\/www.pressenza.com\/wp-content\/uploads\/2019\/10\/Rafael-de-la-Rubia.-Lanzamiento-MM-II-en-Madrid_Alvaro-Or\u00fas.jpg","type":"image\/jpeg"}],"author":"Redacci\u00f3n Espa\u00f1a","twitter_card":"summary_large_image","twitter_creator":"@PressenzaIPA","twitter_site":"@PressenzaIPA","twitter_misc":{"Verfasst von":"Redacci\u00f3n Espa\u00f1a","Gesch\u00e4tzte Lesezeit":"3\u00a0Minuten"},"schema":{"@context":"https:\/\/schema.org","@graph":[{"@type":"Article","@id":"https:\/\/www.pressenza.com\/de\/2019\/10\/der-2-weltmarsch-fuer-frieden-und-gewaltfreiheit-beginnt-am-km-0-von-madrid\/#article","isPartOf":{"@id":"https:\/\/www.pressenza.com\/de\/2019\/10\/der-2-weltmarsch-fuer-frieden-und-gewaltfreiheit-beginnt-am-km-0-von-madrid\/"},"author":{"name":"Redacci\u00f3n Espa\u00f1a","@id":"https:\/\/www.pressenza.com\/de\/#\/schema\/person\/fffbbe2f14495897417f313a954dae23"},"headline":"Der 2. Weltmarsch f\u00fcr Frieden und Gewaltfreiheit beginnt am km 0 von Madrid","datePublished":"2019-10-10T15:47:31+00:00","mainEntityOfPage":{"@id":"https:\/\/www.pressenza.com\/de\/2019\/10\/der-2-weltmarsch-fuer-frieden-und-gewaltfreiheit-beginnt-am-km-0-von-madrid\/"},"wordCount":537,"publisher":{"@id":"https:\/\/www.pressenza.com\/de\/#organization"},"image":{"@id":"https:\/\/www.pressenza.com\/de\/2019\/10\/der-2-weltmarsch-fuer-frieden-und-gewaltfreiheit-beginnt-am-km-0-von-madrid\/#primaryimage"},"thumbnailUrl":"https:\/\/www.pressenza.com\/wp-content\/uploads\/2019\/10\/Rafael-de-la-Rubia.-Lanzamiento-MM-II-en-Madrid_Alvaro-Or\u00fas.jpg","keywords":["15M","2. Weltmarsch f\u00fcr Frieden un","Abr\u00fcstung","Gewaltfreiheit","Madrid","Mahatma Gandhi","Martin Luther King","Rafa de la Rubia","Spanien","Welt ohne Krieg und G"],"articleSection":["Frieden und Abr\u00fcstung","International","Originalinhalt","Video"],"inLanguage":"de"},{"@type":"WebPage","@id":"https:\/\/www.pressenza.com\/de\/2019\/10\/der-2-weltmarsch-fuer-frieden-und-gewaltfreiheit-beginnt-am-km-0-von-madrid\/","url":"https:\/\/www.pressenza.com\/de\/2019\/10\/der-2-weltmarsch-fuer-frieden-und-gewaltfreiheit-beginnt-am-km-0-von-madrid\/","name":"Der 2. Weltmarsch f\u00fcr Frieden und Gewaltfreiheit beginnt am km 0 von Madrid","isPartOf":{"@id":"https:\/\/www.pressenza.com\/de\/#website"},"primaryImageOfPage":{"@id":"https:\/\/www.pressenza.com\/de\/2019\/10\/der-2-weltmarsch-fuer-frieden-und-gewaltfreiheit-beginnt-am-km-0-von-madrid\/#primaryimage"},"image":{"@id":"https:\/\/www.pressenza.com\/de\/2019\/10\/der-2-weltmarsch-fuer-frieden-und-gewaltfreiheit-beginnt-am-km-0-von-madrid\/#primaryimage"},"thumbnailUrl":"https:\/\/www.pressenza.com\/wp-content\/uploads\/2019\/10\/Rafael-de-la-Rubia.-Lanzamiento-MM-II-en-Madrid_Alvaro-Or\u00fas.jpg","datePublished":"2019-10-10T15:47:31+00:00","description":"Am 2. Oktober 2019 startete der 2. Weltmarsch f\u00fcr Frieden und Gewaltfreiheit auf Km. 0 in Madrid. Der Marsch wird die Erde umkreisen, um schlie\u00dflich am 8. M\u00e4rz 2020 wieder am gleichen Ort zu enden.","breadcrumb":{"@id":"https:\/\/www.pressenza.com\/de\/2019\/10\/der-2-weltmarsch-fuer-frieden-und-gewaltfreiheit-beginnt-am-km-0-von-madrid\/#breadcrumb"},"inLanguage":"de","potentialAction":[{"@type":"ReadAction","target":["https:\/\/www.pressenza.com\/de\/2019\/10\/der-2-weltmarsch-fuer-frieden-und-gewaltfreiheit-beginnt-am-km-0-von-madrid\/"]}]},{"@type":"ImageObject","inLanguage":"de","@id":"https:\/\/www.pressenza.com\/de\/2019\/10\/der-2-weltmarsch-fuer-frieden-und-gewaltfreiheit-beginnt-am-km-0-von-madrid\/#primaryimage","url":"https:\/\/www.pressenza.com\/wp-content\/uploads\/2019\/10\/Rafael-de-la-Rubia.-Lanzamiento-MM-II-en-Madrid_Alvaro-Or\u00fas.jpg","contentUrl":"https:\/\/www.pressenza.com\/wp-content\/uploads\/2019\/10\/Rafael-de-la-Rubia.-Lanzamiento-MM-II-en-Madrid_Alvaro-Or\u00fas.jpg","width":1920,"height":1080,"caption":"La deuxi\u00e8me Marche Mondiale pour la Paix et la Nonviolence commence au Km. 0 de Madrid"},{"@type":"BreadcrumbList","@id":"https:\/\/www.pressenza.com\/de\/2019\/10\/der-2-weltmarsch-fuer-frieden-und-gewaltfreiheit-beginnt-am-km-0-von-madrid\/#breadcrumb","itemListElement":[{"@type":"ListItem","position":1,"name":"Accueil","item":"https:\/\/www.pressenza.com\/de\/"},{"@type":"ListItem","position":2,"name":"Der 2. Weltmarsch f\u00fcr Frieden und Gewaltfreiheit beginnt am km 0 von Madrid"}]},{"@type":"WebSite","@id":"https:\/\/www.pressenza.com\/de\/#website","url":"https:\/\/www.pressenza.com\/de\/","name":"Pressenza","description":"International Press Agency","publisher":{"@id":"https:\/\/www.pressenza.com\/de\/#organization"},"potentialAction":[{"@type":"SearchAction","target":{"@type":"EntryPoint","urlTemplate":"https:\/\/www.pressenza.com\/de\/?s={search_term_string}"},"query-input":{"@type":"PropertyValueSpecification","valueRequired":true,"valueName":"search_term_string"}}],"inLanguage":"de"},{"@type":"Organization","@id":"https:\/\/www.pressenza.com\/de\/#organization","name":"Pressenza","url":"https:\/\/www.pressenza.com\/de\/","logo":{"@type":"ImageObject","inLanguage":"de","@id":"https:\/\/www.pressenza.com\/de\/#\/schema\/logo\/image\/","url":"https:\/\/www.pressenza.com\/wp-content\/uploads\/2022\/10\/pressenza_logo_200x200.jpg","contentUrl":"https:\/\/www.pressenza.com\/wp-content\/uploads\/2022\/10\/pressenza_logo_200x200.jpg","width":200,"height":200,"caption":"Pressenza"},"image":{"@id":"https:\/\/www.pressenza.com\/de\/#\/schema\/logo\/image\/"},"sameAs":["https:\/\/www.facebook.com\/PressenzaItalia","https:\/\/x.com\/PressenzaIPA"]},{"@type":"Person","@id":"https:\/\/www.pressenza.com\/de\/#\/schema\/person\/fffbbe2f14495897417f313a954dae23","name":"Redacci\u00f3n Espa\u00f1a","url":"https:\/\/www.pressenza.com\/de\/author\/redaccion-espana\/"}]}},"place":"","original_article_url":"","_links":{"self":[{"href":"https:\/\/www.pressenza.com\/de\/wp-json\/wp\/v2\/posts\/939223","targetHints":{"allow":["GET"]}}],"collection":[{"href":"https:\/\/www.pressenza.com\/de\/wp-json\/wp\/v2\/posts"}],"about":[{"href":"https:\/\/www.pressenza.com\/de\/wp-json\/wp\/v2\/types\/post"}],"author":[{"embeddable":true,"href":"https:\/\/www.pressenza.com\/de\/wp-json\/wp\/v2\/users\/1681"}],"replies":[{"embeddable":true,"href":"https:\/\/www.pressenza.com\/de\/wp-json\/wp\/v2\/comments?post=939223"}],"version-history":[{"count":0,"href":"https:\/\/www.pressenza.com\/de\/wp-json\/wp\/v2\/posts\/939223\/revisions"}],"wp:featuredmedia":[{"embeddable":true,"href":"https:\/\/www.pressenza.com\/de\/wp-json\/wp\/v2\/media\/933236"}],"wp:attachment":[{"href":"https:\/\/www.pressenza.com\/de\/wp-json\/wp\/v2\/media?parent=939223"}],"wp:term":[{"taxonomy":"category","embeddable":true,"href":"https:\/\/www.pressenza.com\/de\/wp-json\/wp\/v2\/categories?post=939223"},{"taxonomy":"post_tag","embeddable":true,"href":"https:\/\/www.pressenza.com\/de\/wp-json\/wp\/v2\/tags?post=939223"}],"curies":[{"name":"wp","href":"https:\/\/api.w.org\/{rel}","templated":true}]}}