{"id":939057,"date":"2019-10-10T14:35:34","date_gmt":"2019-10-10T13:35:34","guid":{"rendered":"https:\/\/www.pressenza.com\/?p=939057"},"modified":"2019-10-18T15:13:52","modified_gmt":"2019-10-18T14:13:52","slug":"buendnis-90-die-gruenen-erwaegen-die-homoeopathie-abszuchaffen","status":"publish","type":"post","link":"https:\/\/www.pressenza.com\/de\/2019\/10\/buendnis-90-die-gruenen-erwaegen-die-homoeopathie-abszuchaffen\/","title":{"rendered":"B\u00fcndnis 90\/Die Gr\u00fcnen erw\u00e4gen, die Hom\u00f6opathie abzuschaffen"},"content":{"rendered":"<p>Es ist ein Skandal sondergleichen. Obwohl die Wirkung der Hom\u00f6opathie in der Praxis bereits <a href=\"http:\/\/www.hahnemann-gesellschaft.de\/forschung-2\/\" target=\"_blank\" rel=\"noopener\">l\u00e4ngst erwiesen<\/a> ist, hat nun der Gr\u00fcne Jugend Bundesverbandes einen Antrag eingereicht, beim kommenden Parteitag am 15. November 2019 in Bielefeld dar\u00fcber abzustimmen, ob sich die Partei gegen Hom\u00f6opathie positionieren will.<\/p>\n<p>Der Antrag enth\u00e4lt folgende Kernforderungen:<\/p>\n<ol>\n<li>\n<h4>Abschaffung der Erstattung von Hom\u00f6opathie im Gesundheitssystem<\/h4>\n<\/li>\n<li>\n<h4>Abschaffung des Arzneimittelstatus der Hom\u00f6opathika<\/h4>\n<\/li>\n<\/ol>\n<p>Sollte der Antrag angenommen werden und sollten die Gr\u00fcnen \/ B\u00fcndnis 90 nach der n\u00e4chsten Bundestagswahl Koalitionsmitglied werden, k\u00f6nnte dies der Sargnagel f\u00fcr die Hom\u00f6opathie in Deutschland sein.<\/p>\n<p>Jeder von uns hat schon einmal hom\u00f6opathische Mittel genommen. Dass sie nicht sch\u00e4dlich sind, kann jeder bezeugen, und zur medizinischen Wirksamkeit braucht nicht mehr gesagt zu werden, als das was Hippokrates bereits 460 v. Chr. wusste: \u201eWer heilt, hat Recht\u201c.<\/p>\n<p>In einer Zeit, in der sich immer mehr heraus kristallisiert, dass unser Gesundheitssystem laufend zu einer Profitmaschine f\u00fcr die Pharmaindustrie umgebaut wird, in der viel zu viele Antibiotika verschrieben werden, bis hin zu der aktuellen Situation, in der Antibiotika-resistente Keime gibt, die sogar t\u00f6dliche Folgen haben k\u00f6nnen, ist es einfach unverantwortlich, solch einen Antrag \u00fcberhaupt zu erw\u00e4gen.<\/p>\n<p><strong>Die <a href=\"https:\/\/www.nature.com\/news\/who-warns-against-post-antibiotic-era-1.15135\" target=\"_blank\" rel=\"noopener\">WHO warnte<\/a> bereits 2014 vor einem post-antibiotischen Zeitalter.<\/strong> Was das in der Praxis bedeuten w\u00fcrde, ist leicht zu verstehen: Wenn Antibiotika nicht mehr wirken, kann man in Zukunft auch an einer einfachen Entz\u00fcndung sterben.<\/p>\n<p>Zuerst hom\u00f6opathische Mittel zu verschreiben, um nicht gleich mit \u201cKanonen auf Spatzen zu schie\u00dfen\u201d ist daher nicht nur vern\u00fcnftig, sondern dringlich geboten. Selbst in der Veterin\u00e4rmedizin werden Hom\u00f6opathika immer mehr erfolgreich angewendet. Dies ist auch aus einem finanziellen Standpunkt heraus empfehlenswert, da sie meistens erheblich g\u00fcnstiger sind als chemische Arzneimittel, die zudem oft schwere Nebenwirkungen mit sich bringen.<\/p>\n<p>Was haben sich die Gr\u00fcnen dabei gedacht? Es kann eigentlich nur einen Grund daf\u00fcr geben und der besteht in der Bedienung der Interessen der ohnehin schon \u00fcberm\u00e4chtigen Pharmaindustrie. Die Arzneimittelskandale der letzten Jahrzehnte haben klar gemacht, dass diese Industrie nicht f\u00fcr den Menschen arbeitet, sondern f\u00fcr ihren eigenen Profit.<\/p>\n<p>Wenn nun eine Partei, die behauptet \u201cgr\u00fcn\u201d, also f\u00fcr Umwelt und Mensch zu sein, einen solchen Antrag erw\u00e4gt, dann bleibt nur die Vermutung \u00fcbrig, dass sie den Lockmitteln der Pharmaindustrie in Form von saftigen Parteispenden erlegen ist.<\/p>\n<p>Die Hahnemann-Gesellschaft, deren Name auf den Erfinder der Hom\u00f6opathie, Samuel Hahnemann zur\u00fcckgeht, hat als Reaktion auf den Antrag eine <a href=\"https:\/\/www.change.org\/p\/b\u00fcndnis-90-die-gr\u00fcnen-rettedeinehom\u00f6opathie-petition-an-b\u00fcndnis-90-die-gr\u00fcnen\" target=\"_blank\" rel=\"noopener\">Petition<\/a> gestartet. Dort sind auch die Gr\u00fcnde aufgelistet, warum eine Herausnahme hom\u00f6opathischer Mittel aus dem Katalog der erstattbaren Medikamente und die Aberkennung ihres Status als Arzneimittel schwere Folgen f\u00fcr unser Gesundheitssystem und haben k\u00f6nnte:<\/p>\n<p><strong>&#8211; Therapiefreiheit wird eingeschr\u00e4nkt<\/strong><br \/>\nAktuelle Umfragen zeigen: 30 Millionen Menschen nutzen Hom\u00f6opathie in Deutschland oder nutzten sie bereits, drei von vier Menschen bef\u00fcrworten ein Miteinander von konventioneller Medizin und Hom\u00f6opathie (Umfrage Kantar TNS, 2018, Altersgruppe 16 bis 64 Jahre). Gleichzeitig betragen die Ausgaben der Krankenkassen f\u00fcr Hom\u00f6opathie nur 0,05 % aller Arzneimittelausgaben, wie das Gesundheitsministerium k\u00fcrzlich bekannt gab. Hom\u00f6opathie ist das am h\u00e4ufigsten gew\u00e4hlte komplement\u00e4r-medizinische Verfahren in Deutschland.\u00a0Die Bev\u00f6lkerung w\u00e4hlt Hom\u00f6opathie, weil sie ihr hilft! Dies ist ein klarer Auftrag an die Politik!<\/p>\n<p><strong>&#8211; Chronisch Erkrankten wird eine\u00a0wirksame Therapiem\u00f6glichkeit entzogen<\/strong><br \/>\nBereits 2005 konnte gezeigt werden, dass chronisch Erkrankte zu \u00fcber 70% von der Hom\u00f6opathie profitieren indem fast 30% geheilt und der Rest \u00fcber 50% gebessert wurden (<a href=\"https:\/\/bit.ly\/2nCOX5n\" target=\"_blank\" rel=\"noopener\">Link<\/a>). Diese Ergebnisse best\u00e4tigten sich auch nach 8 Jahren noch (<a href=\"https:\/\/bit.ly\/2ou5I3b\" target=\"_blank\" rel=\"noopener\">Link<\/a>). Das bedeutet praktisch, dass bei jedem chronisch Erkrankten Hom\u00f6opathie versucht werden sollte. Das Einsparpotential an Medikamenten durch diese Effekte ist enorm.<\/p>\n<p><strong>&#8211; Patientensicherheit wird gef\u00e4hrdet<\/strong><br \/>\nGefahr droht besonders, wenn die Hom\u00f6opathika aus den Apotheken verschwinden w\u00fcrden.\u00a0Die Apothekenpflicht ist eine wichtige Grundlage des Patientenschutzes!\u00a0Hier kann einer unreflektierten Eigenbehandlung von PatientInnen durch Beratung entgegengewirkt werden. Arzneimittelstatus f\u00fcr Hom\u00f6opathika bedeutet zudem, dass sie den strengen Vorgaben des Arzneimittelgesetzes gem\u00e4\u00df ihrer Unbedenklichkeit und ihrer Qualit\u00e4t entsprechen m\u00fcssen (<a href=\"https:\/\/bit.ly\/2KEMena\" target=\"_blank\" rel=\"noopener\">Link<\/a>\u00a0Zulassung,\u00a0<a href=\"https:\/\/bit.ly\/2xKXBRa\" target=\"_blank\" rel=\"noopener\">Link<\/a>\u00a0Registrierung).<\/p>\n<p><strong>&#8211; Finanziell Schw\u00e4chere werden benachteiligt<\/strong><br \/>\nFinanziell Schw\u00e4cheren wird die M\u00f6glichkeit einer hom\u00f6opathischen Behandlung ganz verbaut, wenn die Hom\u00f6opathie aus der Erstattung der Gesetzlichen Krankenkassen herausf\u00e4llt. Wo bleibt hier die von den Gr\u00fcnen regelhaft geforderte Chancengleichheit auch im Gesundheitssystem?<\/p>\n<p>Die Auswirkungen w\u00e4ren also nicht nur f\u00fcr unsere Gesundheit brisant, sondern auch f\u00fcr die soziale Gerechtigkeit in unserer Gesellschaft, die ohnehin durch eine neoliberale, menschenfeindliche Politik seit Jahren unter Beschuss steht. Zudem ist zu bef\u00fcrchten, dass dadurch T\u00fcr und Tor zur Diskriminierung auch anderer alternativer Heilmethoden wie zum Beispiel der Akkupunktur ge\u00f6ffnet werden.<\/p>\n<p>Seit vielen Jahrhunderten gilt Hippokrates Grundsatz \u201eWer heilt, hat Recht\u201c. Wenn es nach dem Antrag der <a href=\"https:\/\/gruene-jugend.de\/gesundheit-statt-globuli\/\" target=\"_blank\" rel=\"noopener\">Gr\u00fcnen Jugend<\/a> geht, dann hat in Zukunft nur noch Recht, wer daf\u00fcr bezahlen kann.<\/p>\n<p>Sch\u00e4mt Euch Gr\u00fcne!<\/p>\n<p><a href=\"https:\/\/www.change.org\/p\/b%C3%BCndnis-90-die-gr%C3%BCnen-rettedeinehom%C3%B6opathie-petition-an-b%C3%BCndnis-90-die-gr%C3%BCnen\" target=\"_blank\" rel=\"noopener\"><strong>Die Petition #RetteDeineHom\u00f6opathie kann hier mitgezeichnet werden<\/strong><\/a><strong>.<\/strong><\/p>\n<p>&nbsp;<\/p>\n<p><strong>Nachtrag vom 18.10.2019:<\/strong><\/p>\n<p>Eine aufmerksame Leserin hat uns nach Publikation dieses Artikels darauf hingewiesen, dass es innerhalb der Partei B\u00fcndnis 90\/Die Gr\u00fcnen auch einen Gegenantrag gibt. Unter folgendem Link kann der Antrag <em>&#8222;F\u00f6rderung der integrativen Medizin: F\u00fcr therapeutische Vielfalt in der Gesundheitsversorgung und f\u00fcr Methodenpluralismus in der medizinischen Forschung&#8220;<\/em> eingesehen werden:<\/p>\n<p><a href=\"https:\/\/antraege.gruene.de\/44bdk\/Foerderung_der_integrativen_Medizin_Fuer_therapeutische_Vielfalt_in_der-40949\" target=\"_blank\" rel=\"noopener\">https:\/\/antraege.gruene.de\/44bdk\/Foerderung_der_integrativen_Medizin_Fuer_therapeutische_Vielfalt_in_der-40949<\/a><\/p>\n<p>Wir bedanken uns bei der Leserin f\u00fcr den Hinweis, publizieren gerne im Folgenden auch ihren Kommentar dazu, und sind gespannt, wie die Bundesdelegierten bei der Konferenz am 15.11. in Bielefeld abstimmen werden:<\/p>\n<blockquote><p>&#8222;Eine Partei besteht aus Menschen. Die k\u00f6nnen verschiedene Ansichten haben. Nur weil die Gr\u00fcne Jugend einen Antrag zur Abschaffung der Hom\u00f6opathie gestellt hat, hei\u00dft das noch lange nicht, dass \u201edie Partei\u201c das so sieht. Im Gegenzug gibt es viele, die das genaue Gegenteil vertreten und folgenden Antrag gestellt haben. Letztendlich entscheidet die Mehrheit, aber ich bin guter Dinge, dass die Fraktion f\u00fcr medizinische Freiheit und alternative Medizin gute Chancen hat.&#8220;<\/p><\/blockquote>\n","protected":false},"excerpt":{"rendered":"<p>Es ist ein Skandal sondergleichen. Obwohl die Wirkung der Hom\u00f6opathie in der Praxis bereits l\u00e4ngst erwiesen ist, hat nun der Gr\u00fcne Jugend Bundesverbandes einen Antrag eingereicht, beim kommenden Parteitag am 15. November 2019 in Bielefeld dar\u00fcber abzustimmen, ob sich die&hellip;<\/p>\n","protected":false},"author":1097,"featured_media":939072,"comment_status":"closed","ping_status":"closed","sticky":false,"template":"","format":"standard","meta":{"footnotes":""},"categories":[9150,9160,9143,11387,9168,9169],"tags":[30751,65137,57038,34238,65138,65136,65144,55642,17514],"class_list":["post-939057","post","type-post","status-publish","format-standard","has-post-thumbnail","hentry","category-europa-de","category-gesundheit","category-meinungen","category-originalinhalt","category-politik","category-wissenschaft-und-technologie","tag-antibiotikaresistenz","tag-arzneimittel","tag-buendnis-90-die-gruenen","tag-gesundheit","tag-hahnemann-gesellschaft","tag-homoeopathie","tag-patientenschutz","tag-petition-de","tag-soziale-gerechtigkeit"],"yoast_head":"<!-- This site is optimized with the Yoast SEO plugin v27.1.1 - https:\/\/yoast.com\/product\/yoast-seo-wordpress\/ -->\n<title>B\u00fcndnis 90\/Die Gr\u00fcnen erw\u00e4gen, die Hom\u00f6opathie abzuschaffen<\/title>\n<meta name=\"description\" content=\"Obwohl die WHO schon seit Jahren vor der zunehmenden Antibiotika-Resistenz warnt, wollen B\u00fcndnis 90\/Die Gr\u00fcnen nun erw\u00e4gen, die Hom\u00f6opathie in Deutschland faktisch abzuschaffen. Das ist nicht nur unverantwortlich, sondern auch unsozial, und die Petition #RetteDeineHom\u00f6opathie wehrt sich dagegen.\" \/>\n<meta name=\"robots\" content=\"index, follow, max-snippet:-1, max-image-preview:large, max-video-preview:-1\" \/>\n<link rel=\"canonical\" href=\"https:\/\/www.pressenza.com\/de\/2019\/10\/buendnis-90-die-gruenen-erwaegen-die-homoeopathie-abszuchaffen\/\" \/>\n<meta property=\"og:locale\" content=\"de_DE\" \/>\n<meta property=\"og:type\" content=\"article\" \/>\n<meta property=\"og:title\" content=\"B\u00fcndnis 90\/Die Gr\u00fcnen erw\u00e4gen, die Hom\u00f6opathie abzuschaffen\" \/>\n<meta property=\"og:description\" content=\"Obwohl die WHO schon seit Jahren vor der zunehmenden Antibiotika-Resistenz warnt, wollen B\u00fcndnis 90\/Die Gr\u00fcnen nun erw\u00e4gen, die Hom\u00f6opathie in Deutschland faktisch abzuschaffen. Das ist nicht nur unverantwortlich, sondern auch unsozial, und die Petition #RetteDeineHom\u00f6opathie wehrt sich dagegen.\" \/>\n<meta property=\"og:url\" content=\"https:\/\/www.pressenza.com\/de\/2019\/10\/buendnis-90-die-gruenen-erwaegen-die-homoeopathie-abszuchaffen\/\" \/>\n<meta property=\"og:site_name\" content=\"Pressenza\" \/>\n<meta property=\"article:publisher\" content=\"https:\/\/www.facebook.com\/PressenzaItalia\" \/>\n<meta property=\"article:author\" content=\"https:\/\/www.facebook.com\/Pressenza-Deutschland-sterreich-Schweiz-281675388658060\/timeline\/\" \/>\n<meta property=\"article:published_time\" content=\"2019-10-10T13:35:34+00:00\" \/>\n<meta property=\"article:modified_time\" content=\"2019-10-18T14:13:52+00:00\" \/>\n<meta property=\"og:image\" content=\"https:\/\/www.pressenza.com\/wp-content\/uploads\/2019\/10\/RetteDeineHom\u00f6opathie.jpg\" \/>\n\t<meta property=\"og:image:width\" content=\"800\" \/>\n\t<meta property=\"og:image:height\" content=\"450\" \/>\n\t<meta property=\"og:image:type\" content=\"image\/jpeg\" \/>\n<meta name=\"author\" content=\"Pressenza Muenchen\" \/>\n<meta name=\"twitter:card\" content=\"summary_large_image\" \/>\n<meta name=\"twitter:creator\" content=\"@pressenza_ger\" \/>\n<meta name=\"twitter:site\" content=\"@PressenzaIPA\" \/>\n<meta name=\"twitter:label1\" content=\"Verfasst von\" \/>\n\t<meta name=\"twitter:data1\" content=\"Pressenza Muenchen\" \/>\n\t<meta name=\"twitter:label2\" content=\"Gesch\u00e4tzte Lesezeit\" \/>\n\t<meta name=\"twitter:data2\" content=\"5\u00a0Minuten\" \/>\n<script type=\"application\/ld+json\" class=\"yoast-schema-graph\">{\"@context\":\"https:\/\/schema.org\",\"@graph\":[{\"@type\":\"Article\",\"@id\":\"https:\/\/www.pressenza.com\/de\/2019\/10\/buendnis-90-die-gruenen-erwaegen-die-homoeopathie-abszuchaffen\/#article\",\"isPartOf\":{\"@id\":\"https:\/\/www.pressenza.com\/de\/2019\/10\/buendnis-90-die-gruenen-erwaegen-die-homoeopathie-abszuchaffen\/\"},\"author\":{\"name\":\"Pressenza Muenchen\",\"@id\":\"https:\/\/www.pressenza.com\/de\/#\/schema\/person\/0069724cfb2cb9785368a167d0d900b7\"},\"headline\":\"B\u00fcndnis 90\/Die Gr\u00fcnen erw\u00e4gen, die Hom\u00f6opathie abzuschaffen\",\"datePublished\":\"2019-10-10T13:35:34+00:00\",\"dateModified\":\"2019-10-18T14:13:52+00:00\",\"mainEntityOfPage\":{\"@id\":\"https:\/\/www.pressenza.com\/de\/2019\/10\/buendnis-90-die-gruenen-erwaegen-die-homoeopathie-abszuchaffen\/\"},\"wordCount\":1014,\"publisher\":{\"@id\":\"https:\/\/www.pressenza.com\/de\/#organization\"},\"image\":{\"@id\":\"https:\/\/www.pressenza.com\/de\/2019\/10\/buendnis-90-die-gruenen-erwaegen-die-homoeopathie-abszuchaffen\/#primaryimage\"},\"thumbnailUrl\":\"https:\/\/www.pressenza.com\/wp-content\/uploads\/2019\/10\/RetteDeineHom\u00f6opathie.jpg\",\"keywords\":[\"Antibiotikaresistenz\",\"Arzneimittel\",\"B\u00fcndnis 90\/Die Gr\u00fcnen\",\"Gesundheit\",\"Hahnemann-Gesellschaft\",\"Hom\u00f6opathie\",\"Patientenschutz\",\"petition\",\"soziale Gerechtigkeit\"],\"articleSection\":[\"Europa\",\"Gesundheit\",\"Meinungen\",\"Originalinhalt\",\"Politik\",\"Wissenschaft und Technologie\"],\"inLanguage\":\"de\"},{\"@type\":\"WebPage\",\"@id\":\"https:\/\/www.pressenza.com\/de\/2019\/10\/buendnis-90-die-gruenen-erwaegen-die-homoeopathie-abszuchaffen\/\",\"url\":\"https:\/\/www.pressenza.com\/de\/2019\/10\/buendnis-90-die-gruenen-erwaegen-die-homoeopathie-abszuchaffen\/\",\"name\":\"B\u00fcndnis 90\/Die Gr\u00fcnen erw\u00e4gen, die Hom\u00f6opathie abzuschaffen\",\"isPartOf\":{\"@id\":\"https:\/\/www.pressenza.com\/de\/#website\"},\"primaryImageOfPage\":{\"@id\":\"https:\/\/www.pressenza.com\/de\/2019\/10\/buendnis-90-die-gruenen-erwaegen-die-homoeopathie-abszuchaffen\/#primaryimage\"},\"image\":{\"@id\":\"https:\/\/www.pressenza.com\/de\/2019\/10\/buendnis-90-die-gruenen-erwaegen-die-homoeopathie-abszuchaffen\/#primaryimage\"},\"thumbnailUrl\":\"https:\/\/www.pressenza.com\/wp-content\/uploads\/2019\/10\/RetteDeineHom\u00f6opathie.jpg\",\"datePublished\":\"2019-10-10T13:35:34+00:00\",\"dateModified\":\"2019-10-18T14:13:52+00:00\",\"description\":\"Obwohl die WHO schon seit Jahren vor der zunehmenden Antibiotika-Resistenz warnt, wollen B\u00fcndnis 90\/Die Gr\u00fcnen nun erw\u00e4gen, die Hom\u00f6opathie in Deutschland faktisch abzuschaffen. Das ist nicht nur unverantwortlich, sondern auch unsozial, und die Petition #RetteDeineHom\u00f6opathie wehrt sich dagegen.\",\"breadcrumb\":{\"@id\":\"https:\/\/www.pressenza.com\/de\/2019\/10\/buendnis-90-die-gruenen-erwaegen-die-homoeopathie-abszuchaffen\/#breadcrumb\"},\"inLanguage\":\"de\",\"potentialAction\":[{\"@type\":\"ReadAction\",\"target\":[\"https:\/\/www.pressenza.com\/de\/2019\/10\/buendnis-90-die-gruenen-erwaegen-die-homoeopathie-abszuchaffen\/\"]}]},{\"@type\":\"ImageObject\",\"inLanguage\":\"de\",\"@id\":\"https:\/\/www.pressenza.com\/de\/2019\/10\/buendnis-90-die-gruenen-erwaegen-die-homoeopathie-abszuchaffen\/#primaryimage\",\"url\":\"https:\/\/www.pressenza.com\/wp-content\/uploads\/2019\/10\/RetteDeineHom\u00f6opathie.jpg\",\"contentUrl\":\"https:\/\/www.pressenza.com\/wp-content\/uploads\/2019\/10\/RetteDeineHom\u00f6opathie.jpg\",\"width\":800,\"height\":450,\"caption\":\"Obwohl die WHO schon seit Jahren vor der zunehmenden Antibiotika-Resistenz warnt, wollen B\u00fcndnis 90\/Die Gr\u00fcnen nun erw\u00e4gen, die Hom\u00f6opathie in Deutschland faktisch abzuschaffen. Das ist nicht nur unverantwortlich, sondern auch unsozial, und die Petition #RetteDeineHom\u00f6opathie wehrt sich dagegen.\"},{\"@type\":\"BreadcrumbList\",\"@id\":\"https:\/\/www.pressenza.com\/de\/2019\/10\/buendnis-90-die-gruenen-erwaegen-die-homoeopathie-abszuchaffen\/#breadcrumb\",\"itemListElement\":[{\"@type\":\"ListItem\",\"position\":1,\"name\":\"Accueil\",\"item\":\"https:\/\/www.pressenza.com\/de\/\"},{\"@type\":\"ListItem\",\"position\":2,\"name\":\"B\u00fcndnis 90\/Die Gr\u00fcnen erw\u00e4gen, die Hom\u00f6opathie abzuschaffen\"}]},{\"@type\":\"WebSite\",\"@id\":\"https:\/\/www.pressenza.com\/de\/#website\",\"url\":\"https:\/\/www.pressenza.com\/de\/\",\"name\":\"Pressenza\",\"description\":\"International Press Agency\",\"publisher\":{\"@id\":\"https:\/\/www.pressenza.com\/de\/#organization\"},\"potentialAction\":[{\"@type\":\"SearchAction\",\"target\":{\"@type\":\"EntryPoint\",\"urlTemplate\":\"https:\/\/www.pressenza.com\/de\/?s={search_term_string}\"},\"query-input\":{\"@type\":\"PropertyValueSpecification\",\"valueRequired\":true,\"valueName\":\"search_term_string\"}}],\"inLanguage\":\"de\"},{\"@type\":\"Organization\",\"@id\":\"https:\/\/www.pressenza.com\/de\/#organization\",\"name\":\"Pressenza\",\"url\":\"https:\/\/www.pressenza.com\/de\/\",\"logo\":{\"@type\":\"ImageObject\",\"inLanguage\":\"de\",\"@id\":\"https:\/\/www.pressenza.com\/de\/#\/schema\/logo\/image\/\",\"url\":\"https:\/\/www.pressenza.com\/wp-content\/uploads\/2022\/10\/pressenza_logo_200x200.jpg\",\"contentUrl\":\"https:\/\/www.pressenza.com\/wp-content\/uploads\/2022\/10\/pressenza_logo_200x200.jpg\",\"width\":200,\"height\":200,\"caption\":\"Pressenza\"},\"image\":{\"@id\":\"https:\/\/www.pressenza.com\/de\/#\/schema\/logo\/image\/\"},\"sameAs\":[\"https:\/\/www.facebook.com\/PressenzaItalia\",\"https:\/\/x.com\/PressenzaIPA\"]},{\"@type\":\"Person\",\"@id\":\"https:\/\/www.pressenza.com\/de\/#\/schema\/person\/0069724cfb2cb9785368a167d0d900b7\",\"name\":\"Pressenza Muenchen\",\"description\":\"News from the Pressenza bureau in Munich, Germany\",\"sameAs\":[\"https:\/\/www.facebook.com\/Pressenza-Deutschland-sterreich-Schweiz-281675388658060\/timeline\/\",\"https:\/\/x.com\/pressenza_ger\"],\"url\":\"https:\/\/www.pressenza.com\/de\/author\/pressenza-muenchen\/\"}]}<\/script>\n<!-- \/ Yoast SEO plugin. -->","yoast_head_json":{"title":"B\u00fcndnis 90\/Die Gr\u00fcnen erw\u00e4gen, die Hom\u00f6opathie abzuschaffen","description":"Obwohl die WHO schon seit Jahren vor der zunehmenden Antibiotika-Resistenz warnt, wollen B\u00fcndnis 90\/Die Gr\u00fcnen nun erw\u00e4gen, die Hom\u00f6opathie in Deutschland faktisch abzuschaffen. Das ist nicht nur unverantwortlich, sondern auch unsozial, und die Petition #RetteDeineHom\u00f6opathie wehrt sich dagegen.","robots":{"index":"index","follow":"follow","max-snippet":"max-snippet:-1","max-image-preview":"max-image-preview:large","max-video-preview":"max-video-preview:-1"},"canonical":"https:\/\/www.pressenza.com\/de\/2019\/10\/buendnis-90-die-gruenen-erwaegen-die-homoeopathie-abszuchaffen\/","og_locale":"de_DE","og_type":"article","og_title":"B\u00fcndnis 90\/Die Gr\u00fcnen erw\u00e4gen, die Hom\u00f6opathie abzuschaffen","og_description":"Obwohl die WHO schon seit Jahren vor der zunehmenden Antibiotika-Resistenz warnt, wollen B\u00fcndnis 90\/Die Gr\u00fcnen nun erw\u00e4gen, die Hom\u00f6opathie in Deutschland faktisch abzuschaffen. Das ist nicht nur unverantwortlich, sondern auch unsozial, und die Petition #RetteDeineHom\u00f6opathie wehrt sich dagegen.","og_url":"https:\/\/www.pressenza.com\/de\/2019\/10\/buendnis-90-die-gruenen-erwaegen-die-homoeopathie-abszuchaffen\/","og_site_name":"Pressenza","article_publisher":"https:\/\/www.facebook.com\/PressenzaItalia","article_author":"https:\/\/www.facebook.com\/Pressenza-Deutschland-sterreich-Schweiz-281675388658060\/timeline\/","article_published_time":"2019-10-10T13:35:34+00:00","article_modified_time":"2019-10-18T14:13:52+00:00","og_image":[{"width":800,"height":450,"url":"https:\/\/www.pressenza.com\/wp-content\/uploads\/2019\/10\/RetteDeineHom\u00f6opathie.jpg","type":"image\/jpeg"}],"author":"Pressenza Muenchen","twitter_card":"summary_large_image","twitter_creator":"@pressenza_ger","twitter_site":"@PressenzaIPA","twitter_misc":{"Verfasst von":"Pressenza Muenchen","Gesch\u00e4tzte Lesezeit":"5\u00a0Minuten"},"schema":{"@context":"https:\/\/schema.org","@graph":[{"@type":"Article","@id":"https:\/\/www.pressenza.com\/de\/2019\/10\/buendnis-90-die-gruenen-erwaegen-die-homoeopathie-abszuchaffen\/#article","isPartOf":{"@id":"https:\/\/www.pressenza.com\/de\/2019\/10\/buendnis-90-die-gruenen-erwaegen-die-homoeopathie-abszuchaffen\/"},"author":{"name":"Pressenza Muenchen","@id":"https:\/\/www.pressenza.com\/de\/#\/schema\/person\/0069724cfb2cb9785368a167d0d900b7"},"headline":"B\u00fcndnis 90\/Die Gr\u00fcnen erw\u00e4gen, die Hom\u00f6opathie abzuschaffen","datePublished":"2019-10-10T13:35:34+00:00","dateModified":"2019-10-18T14:13:52+00:00","mainEntityOfPage":{"@id":"https:\/\/www.pressenza.com\/de\/2019\/10\/buendnis-90-die-gruenen-erwaegen-die-homoeopathie-abszuchaffen\/"},"wordCount":1014,"publisher":{"@id":"https:\/\/www.pressenza.com\/de\/#organization"},"image":{"@id":"https:\/\/www.pressenza.com\/de\/2019\/10\/buendnis-90-die-gruenen-erwaegen-die-homoeopathie-abszuchaffen\/#primaryimage"},"thumbnailUrl":"https:\/\/www.pressenza.com\/wp-content\/uploads\/2019\/10\/RetteDeineHom\u00f6opathie.jpg","keywords":["Antibiotikaresistenz","Arzneimittel","B\u00fcndnis 90\/Die Gr\u00fcnen","Gesundheit","Hahnemann-Gesellschaft","Hom\u00f6opathie","Patientenschutz","petition","soziale Gerechtigkeit"],"articleSection":["Europa","Gesundheit","Meinungen","Originalinhalt","Politik","Wissenschaft und Technologie"],"inLanguage":"de"},{"@type":"WebPage","@id":"https:\/\/www.pressenza.com\/de\/2019\/10\/buendnis-90-die-gruenen-erwaegen-die-homoeopathie-abszuchaffen\/","url":"https:\/\/www.pressenza.com\/de\/2019\/10\/buendnis-90-die-gruenen-erwaegen-die-homoeopathie-abszuchaffen\/","name":"B\u00fcndnis 90\/Die Gr\u00fcnen erw\u00e4gen, die Hom\u00f6opathie abzuschaffen","isPartOf":{"@id":"https:\/\/www.pressenza.com\/de\/#website"},"primaryImageOfPage":{"@id":"https:\/\/www.pressenza.com\/de\/2019\/10\/buendnis-90-die-gruenen-erwaegen-die-homoeopathie-abszuchaffen\/#primaryimage"},"image":{"@id":"https:\/\/www.pressenza.com\/de\/2019\/10\/buendnis-90-die-gruenen-erwaegen-die-homoeopathie-abszuchaffen\/#primaryimage"},"thumbnailUrl":"https:\/\/www.pressenza.com\/wp-content\/uploads\/2019\/10\/RetteDeineHom\u00f6opathie.jpg","datePublished":"2019-10-10T13:35:34+00:00","dateModified":"2019-10-18T14:13:52+00:00","description":"Obwohl die WHO schon seit Jahren vor der zunehmenden Antibiotika-Resistenz warnt, wollen B\u00fcndnis 90\/Die Gr\u00fcnen nun erw\u00e4gen, die Hom\u00f6opathie in Deutschland faktisch abzuschaffen. Das ist nicht nur unverantwortlich, sondern auch unsozial, und die Petition #RetteDeineHom\u00f6opathie wehrt sich dagegen.","breadcrumb":{"@id":"https:\/\/www.pressenza.com\/de\/2019\/10\/buendnis-90-die-gruenen-erwaegen-die-homoeopathie-abszuchaffen\/#breadcrumb"},"inLanguage":"de","potentialAction":[{"@type":"ReadAction","target":["https:\/\/www.pressenza.com\/de\/2019\/10\/buendnis-90-die-gruenen-erwaegen-die-homoeopathie-abszuchaffen\/"]}]},{"@type":"ImageObject","inLanguage":"de","@id":"https:\/\/www.pressenza.com\/de\/2019\/10\/buendnis-90-die-gruenen-erwaegen-die-homoeopathie-abszuchaffen\/#primaryimage","url":"https:\/\/www.pressenza.com\/wp-content\/uploads\/2019\/10\/RetteDeineHom\u00f6opathie.jpg","contentUrl":"https:\/\/www.pressenza.com\/wp-content\/uploads\/2019\/10\/RetteDeineHom\u00f6opathie.jpg","width":800,"height":450,"caption":"Obwohl die WHO schon seit Jahren vor der zunehmenden Antibiotika-Resistenz warnt, wollen B\u00fcndnis 90\/Die Gr\u00fcnen nun erw\u00e4gen, die Hom\u00f6opathie in Deutschland faktisch abzuschaffen. Das ist nicht nur unverantwortlich, sondern auch unsozial, und die Petition #RetteDeineHom\u00f6opathie wehrt sich dagegen."},{"@type":"BreadcrumbList","@id":"https:\/\/www.pressenza.com\/de\/2019\/10\/buendnis-90-die-gruenen-erwaegen-die-homoeopathie-abszuchaffen\/#breadcrumb","itemListElement":[{"@type":"ListItem","position":1,"name":"Accueil","item":"https:\/\/www.pressenza.com\/de\/"},{"@type":"ListItem","position":2,"name":"B\u00fcndnis 90\/Die Gr\u00fcnen erw\u00e4gen, die Hom\u00f6opathie abzuschaffen"}]},{"@type":"WebSite","@id":"https:\/\/www.pressenza.com\/de\/#website","url":"https:\/\/www.pressenza.com\/de\/","name":"Pressenza","description":"International Press Agency","publisher":{"@id":"https:\/\/www.pressenza.com\/de\/#organization"},"potentialAction":[{"@type":"SearchAction","target":{"@type":"EntryPoint","urlTemplate":"https:\/\/www.pressenza.com\/de\/?s={search_term_string}"},"query-input":{"@type":"PropertyValueSpecification","valueRequired":true,"valueName":"search_term_string"}}],"inLanguage":"de"},{"@type":"Organization","@id":"https:\/\/www.pressenza.com\/de\/#organization","name":"Pressenza","url":"https:\/\/www.pressenza.com\/de\/","logo":{"@type":"ImageObject","inLanguage":"de","@id":"https:\/\/www.pressenza.com\/de\/#\/schema\/logo\/image\/","url":"https:\/\/www.pressenza.com\/wp-content\/uploads\/2022\/10\/pressenza_logo_200x200.jpg","contentUrl":"https:\/\/www.pressenza.com\/wp-content\/uploads\/2022\/10\/pressenza_logo_200x200.jpg","width":200,"height":200,"caption":"Pressenza"},"image":{"@id":"https:\/\/www.pressenza.com\/de\/#\/schema\/logo\/image\/"},"sameAs":["https:\/\/www.facebook.com\/PressenzaItalia","https:\/\/x.com\/PressenzaIPA"]},{"@type":"Person","@id":"https:\/\/www.pressenza.com\/de\/#\/schema\/person\/0069724cfb2cb9785368a167d0d900b7","name":"Pressenza Muenchen","description":"News from the Pressenza bureau in Munich, Germany","sameAs":["https:\/\/www.facebook.com\/Pressenza-Deutschland-sterreich-Schweiz-281675388658060\/timeline\/","https:\/\/x.com\/pressenza_ger"],"url":"https:\/\/www.pressenza.com\/de\/author\/pressenza-muenchen\/"}]}},"place":"","original_article_url":"","_links":{"self":[{"href":"https:\/\/www.pressenza.com\/de\/wp-json\/wp\/v2\/posts\/939057","targetHints":{"allow":["GET"]}}],"collection":[{"href":"https:\/\/www.pressenza.com\/de\/wp-json\/wp\/v2\/posts"}],"about":[{"href":"https:\/\/www.pressenza.com\/de\/wp-json\/wp\/v2\/types\/post"}],"author":[{"embeddable":true,"href":"https:\/\/www.pressenza.com\/de\/wp-json\/wp\/v2\/users\/1097"}],"replies":[{"embeddable":true,"href":"https:\/\/www.pressenza.com\/de\/wp-json\/wp\/v2\/comments?post=939057"}],"version-history":[{"count":0,"href":"https:\/\/www.pressenza.com\/de\/wp-json\/wp\/v2\/posts\/939057\/revisions"}],"wp:featuredmedia":[{"embeddable":true,"href":"https:\/\/www.pressenza.com\/de\/wp-json\/wp\/v2\/media\/939072"}],"wp:attachment":[{"href":"https:\/\/www.pressenza.com\/de\/wp-json\/wp\/v2\/media?parent=939057"}],"wp:term":[{"taxonomy":"category","embeddable":true,"href":"https:\/\/www.pressenza.com\/de\/wp-json\/wp\/v2\/categories?post=939057"},{"taxonomy":"post_tag","embeddable":true,"href":"https:\/\/www.pressenza.com\/de\/wp-json\/wp\/v2\/tags?post=939057"}],"curies":[{"name":"wp","href":"https:\/\/api.w.org\/{rel}","templated":true}]}}