{"id":92072,"date":"2014-03-08T09:49:12","date_gmt":"2014-03-08T09:49:12","guid":{"rendered":"http:\/\/www.pressenza.com\/?p=92072"},"modified":"2014-03-08T09:49:12","modified_gmt":"2014-03-08T09:49:12","slug":"enheduanna-erste-namentlich-bekannte-autorin","status":"publish","type":"post","link":"https:\/\/www.pressenza.com\/de\/2014\/03\/enheduanna-erste-namentlich-bekannte-autorin\/","title":{"rendered":"Enheduanna &#8211; erste namentlich bekannte Autorin"},"content":{"rendered":"<p><strong><em>Anl\u00e4sslich des Weltfrauentages pr\u00e4sentiert Pressenza einen Beitrag \u00fcber die erste bekannte Schriftstellerin. Er ist verfasst von LEBENSWELT &#8211; Zentrum f\u00fcr humanistische Studien:\u00a0<a title=\"Frauen machen Geschichte\" href=\"http:\/\/frauen-machen-geschichte.jimdo.com\/\">http:\/\/frauen-machen-geschichte.jimdo.com\/<\/a><\/em><\/strong><\/p>\n<p>En-Hedu-Ana wurde als die wichtigste religi\u00f6se Person ihrer Zeit verehrt.<\/p>\n<p>Enheduanna ist die \u00e4lteste namentlich bekannte Autor\/in der Geschichte. Sie schrieb die ersten Texte, die einer Person zugeordnet werden k\u00f6nnen. Sie ist die erste Autorin mit einem Namen, pers\u00f6nlichen Umst\u00e4nden, in ihrer eigenen Entit\u00e4t als Person.<\/p>\n<p>Sie war Hohe-Priesterin w\u00e4hrend der Herrschaft von Sargon von Akkad (Sargon der Gro\u00dfe). W\u00e4hrend Sargon von Akkad die beiden Stadtstaaten Sumer und Akkad vereinigte und das erste Imperium der Geschichte vom persischen Golf bis zum Mittelmeer eroberte, verschmolz Enheduanna die sumerischen mit den akkadischen G\u00f6ttern, um dem neuen Reich die ben\u00f6tigte Stabilit\u00e4t zu geben.<\/p>\n<p>Durch ihre m\u00e4chtige Beschw\u00f6rungen an Inanna, die G\u00f6ttin der Liebe und des Krieges, \u00e4nderte sie den Lauf der Geschichte und wurde nach ihrem Tod noch jahrhundertelang verehrt. Ihre Texte sind so komplex, dass die Wissenschaftler sie &#8222;Shakespeare der sumerischen Literatur&#8220; nennen. Ihre Hymnen sind vielschichtige Beschw\u00f6rungen, politische Verflechtungen, pers\u00f6nlich, rituell und sie haben theologische, historische und rechtliche Dimensionen.<\/p>\n<p>Enheduanna hei\u00dft \u00fcbersetzt &#8222;Hohepriesterin von An&#8220; (der Himmels Gott). Das Epitheton en steht f\u00fcr pontifikale Oberherrschaft. Die exakte Bedeutung ist unklar, jedoch war ihr Rang h\u00f6her als ensi (Stadtf\u00fcrst).<\/p>\n<p>Sie ist bekannt f\u00fcr ihre Arbeiten Inninsagurra, Ninmesarra und Inninmehusa, \u00fcbersetzt als &#8222;Die gro\u00dfherzige Herrin&#8220;, &#8222;die Verherrlichung der Inanna&#8220; und &#8222;G\u00f6ttin der furchterregenden M\u00e4chte&#8220;, alle drei sind m\u00e4chtige Hymnen an die G\u00f6ttin Inanna aber auch eine pers\u00f6nliche Hingabe an die G\u00f6ttin Inanna und darunter auch eine Beschreibung von \u00a0Enheduannas Vertreibung aus Ur. Sowie eine Sammlung von 42 Hymnen, die sich an Tempel in Sumer und Akkad richten, inklusive Eridu, Sippar und Esnunna, man kennt sie als &#8222;sumerische Tempelhymnen&#8220; sie gelten als ein erster Versuch eine systematische Theologie zu schaffen. Diese Hymnen haben die G\u00f6tter f\u00fcr die Bev\u00f6lkerung des akkadischen Reiches neu definiert und sie trugen dazu bei, die Grundlage f\u00fcr eine religi\u00f6se Homogenit\u00e4t zu schaffen.<\/p>\n<p>\u00dcber vierzig Jahre war Enheduanna Hohenpriesterin, sie \u00a0\u00fcberlebte sogar einem Putschversuch gegen ihre Autorit\u00e4t durch den sumerischen Herrscher Lugal-ane, der sie f\u00fcr kurze Zeit aus Ur verbannte.<\/p>\n<p>Neben ihrer Hymnen ist Enheduanna daf\u00fcr bekannt, dass sie pers\u00f6nliche Frustrationen und Hoffnungen, religi\u00f6se Hingabe, ihre Antwort auf Krieg und Gef\u00fchle \u00fcber die Welt, in der sie lebte reflektierte. Auch darin war sie einzigartig in ihrer Zeit.<\/p>\n<p>Enheduanna ist aus arch\u00e4ologischen und schriftlichen Quellen sehr gut bekannt. Zwei Siegel sind gefunden worden, die ihren Namen tragen und ihren Dienern geh\u00f6rten diese werden auf die Zeit von Sargon datiert. 1927 fand Sir Leonard Wooley die Enheduanna Kalzit Scheibe im GIPAR in Ur, das war die Haupt Residenz der En-Priesterinnen.<\/p>\n<p>Die drei Inschriften auf der Scheibe identifizieren die dargestellten\u00a0Figuren: Enheduanna, ein Beamter, ihr Haushofmeister und ihre Schreiberin. Die k\u00f6nigliche Inschrift auf der Scheibe, lautet: &#8222;. Enheduanna, zirru-Priesterin, Frau des Gottes Nanna, Tochter von Sargon, K\u00f6nig der Welt, im Tempel der G\u00f6ttin Innana&#8220; Die Figur der Enheduanna ist hervorstehend auf der Scheibe platziert, damit wird ihre Bedeutung in Beziehung zu den anderen aufgezeigt, ebenso wie ihre Position von gro\u00dfer Macht und Einfluss auf die Kultur ihrer Zeit.<\/p>\n<p>Den vollen Text mit Bldern findet man <a title=\"enheduanna-erste-namentlich-bekannte-autorin\" href=\"http:\/\/frauen-machen-geschichte.jimdo.com\/2013\/10\/09\/enheduanna-erste-namentlich-bekannte-autorin\/\">hier<\/a><\/p>\n","protected":false},"excerpt":{"rendered":"<p>Anl\u00e4sslich des Weltfrauentages pr\u00e4sentiert Pressenza einen Beitrag \u00fcber die erste bekannte Schriftstellerin. Er ist verfasst von LEBENSWELT &#8211; Zentrum f\u00fcr humanistische Studien:\u00a0http:\/\/frauen-machen-geschichte.jimdo.com\/ En-Hedu-Ana wurde als die wichtigste religi\u00f6se Person ihrer Zeit verehrt. Enheduanna ist die \u00e4lteste namentlich bekannte Autor\/in der&hellip;<\/p>\n","protected":false},"author":1095,"featured_media":92085,"comment_status":"closed","ping_status":"open","sticky":false,"template":"","format":"standard","meta":{"footnotes":""},"categories":[9150,9162,7835,9156,9151,9169],"tags":[9439,9440],"class_list":["post-92072","post","type-post","status-publish","format-standard","has-post-thumbnail","hentry","category-europa-de","category-humanismus-und-spiritualitaet","category-international-de","category-kultur-und-medien","category-mittlerer-osten","category-wissenschaft-und-technologie","tag-frauen","tag-geschichte"],"yoast_head":"<!-- This site is optimized with the Yoast SEO plugin v27.1.1 - https:\/\/yoast.com\/product\/yoast-seo-wordpress\/ -->\n<title>Enheduanna - erste namentlich bekannte Autorin<\/title>\n<meta name=\"description\" content=\"Anl\u00e4sslich des Weltfrauentages pr\u00e4sentiert Pressenza einen Beitrag \u00fcber die erste bekannte Schriftstellerin. Er ist verfasst von LEBENSWELT - Zentrum f\u00fcr\" \/>\n<meta name=\"robots\" content=\"index, follow, max-snippet:-1, max-image-preview:large, max-video-preview:-1\" \/>\n<link rel=\"canonical\" href=\"https:\/\/www.pressenza.com\/de\/2014\/03\/enheduanna-erste-namentlich-bekannte-autorin\/\" \/>\n<meta property=\"og:locale\" content=\"de_DE\" \/>\n<meta property=\"og:type\" content=\"article\" \/>\n<meta property=\"og:title\" content=\"Enheduanna - erste namentlich bekannte Autorin\" \/>\n<meta property=\"og:description\" content=\"Anl\u00e4sslich des Weltfrauentages pr\u00e4sentiert Pressenza einen Beitrag \u00fcber die erste bekannte Schriftstellerin. Er ist verfasst von LEBENSWELT - Zentrum f\u00fcr\" \/>\n<meta property=\"og:url\" content=\"https:\/\/www.pressenza.com\/de\/2014\/03\/enheduanna-erste-namentlich-bekannte-autorin\/\" \/>\n<meta property=\"og:site_name\" content=\"Pressenza\" \/>\n<meta property=\"article:publisher\" content=\"https:\/\/www.facebook.com\/PressenzaItalia\" \/>\n<meta property=\"article:author\" content=\"https:\/\/www.facebook.com\/Pressenza-Deutschland-sterreich-Schweiz-281675388658060\/timeline\/\" \/>\n<meta property=\"article:published_time\" content=\"2014-03-08T09:49:12+00:00\" \/>\n<meta property=\"og:image\" content=\"https:\/\/www.pressenza.com\/wp-content\/uploads\/2014\/03\/roberts_enheduanna-disc.jpg\" \/>\n\t<meta property=\"og:image:width\" content=\"640\" \/>\n\t<meta property=\"og:image:height\" content=\"651\" \/>\n\t<meta property=\"og:image:type\" content=\"image\/jpeg\" \/>\n<meta name=\"author\" content=\"Pressenza Berlin\" \/>\n<meta name=\"twitter:card\" content=\"summary_large_image\" \/>\n<meta name=\"twitter:creator\" content=\"@pressenza_ger\" \/>\n<meta name=\"twitter:site\" content=\"@PressenzaIPA\" \/>\n<meta name=\"twitter:label1\" content=\"Verfasst von\" \/>\n\t<meta name=\"twitter:data1\" content=\"Pressenza Berlin\" \/>\n\t<meta name=\"twitter:label2\" content=\"Gesch\u00e4tzte Lesezeit\" \/>\n\t<meta name=\"twitter:data2\" content=\"3\u00a0Minuten\" \/>\n<script type=\"application\/ld+json\" class=\"yoast-schema-graph\">{\"@context\":\"https:\/\/schema.org\",\"@graph\":[{\"@type\":\"Article\",\"@id\":\"https:\/\/www.pressenza.com\/de\/2014\/03\/enheduanna-erste-namentlich-bekannte-autorin\/#article\",\"isPartOf\":{\"@id\":\"https:\/\/www.pressenza.com\/de\/2014\/03\/enheduanna-erste-namentlich-bekannte-autorin\/\"},\"author\":{\"name\":\"Pressenza Berlin\",\"@id\":\"https:\/\/www.pressenza.com\/de\/#\/schema\/person\/57bb5480943a496a7722b0248e4b658a\"},\"headline\":\"Enheduanna &#8211; erste namentlich bekannte Autorin\",\"datePublished\":\"2014-03-08T09:49:12+00:00\",\"mainEntityOfPage\":{\"@id\":\"https:\/\/www.pressenza.com\/de\/2014\/03\/enheduanna-erste-namentlich-bekannte-autorin\/\"},\"wordCount\":581,\"publisher\":{\"@id\":\"https:\/\/www.pressenza.com\/de\/#organization\"},\"image\":{\"@id\":\"https:\/\/www.pressenza.com\/de\/2014\/03\/enheduanna-erste-namentlich-bekannte-autorin\/#primaryimage\"},\"thumbnailUrl\":\"https:\/\/www.pressenza.com\/wp-content\/uploads\/2014\/03\/roberts_enheduanna-disc.jpg\",\"keywords\":[\"Frauen\",\"Geschichte\"],\"articleSection\":[\"Europa\",\"Humanismus und Spiritualit\u00e4t\",\"International\",\"Kultur und Medien\",\"Mittlerer Osten\",\"Wissenschaft und Technologie\"],\"inLanguage\":\"de\"},{\"@type\":\"WebPage\",\"@id\":\"https:\/\/www.pressenza.com\/de\/2014\/03\/enheduanna-erste-namentlich-bekannte-autorin\/\",\"url\":\"https:\/\/www.pressenza.com\/de\/2014\/03\/enheduanna-erste-namentlich-bekannte-autorin\/\",\"name\":\"Enheduanna - erste namentlich bekannte Autorin\",\"isPartOf\":{\"@id\":\"https:\/\/www.pressenza.com\/de\/#website\"},\"primaryImageOfPage\":{\"@id\":\"https:\/\/www.pressenza.com\/de\/2014\/03\/enheduanna-erste-namentlich-bekannte-autorin\/#primaryimage\"},\"image\":{\"@id\":\"https:\/\/www.pressenza.com\/de\/2014\/03\/enheduanna-erste-namentlich-bekannte-autorin\/#primaryimage\"},\"thumbnailUrl\":\"https:\/\/www.pressenza.com\/wp-content\/uploads\/2014\/03\/roberts_enheduanna-disc.jpg\",\"datePublished\":\"2014-03-08T09:49:12+00:00\",\"description\":\"Anl\u00e4sslich des Weltfrauentages pr\u00e4sentiert Pressenza einen Beitrag \u00fcber die erste bekannte Schriftstellerin. Er ist verfasst von LEBENSWELT - Zentrum f\u00fcr\",\"breadcrumb\":{\"@id\":\"https:\/\/www.pressenza.com\/de\/2014\/03\/enheduanna-erste-namentlich-bekannte-autorin\/#breadcrumb\"},\"inLanguage\":\"de\",\"potentialAction\":[{\"@type\":\"ReadAction\",\"target\":[\"https:\/\/www.pressenza.com\/de\/2014\/03\/enheduanna-erste-namentlich-bekannte-autorin\/\"]}]},{\"@type\":\"ImageObject\",\"inLanguage\":\"de\",\"@id\":\"https:\/\/www.pressenza.com\/de\/2014\/03\/enheduanna-erste-namentlich-bekannte-autorin\/#primaryimage\",\"url\":\"https:\/\/www.pressenza.com\/wp-content\/uploads\/2014\/03\/roberts_enheduanna-disc.jpg\",\"contentUrl\":\"https:\/\/www.pressenza.com\/wp-content\/uploads\/2014\/03\/roberts_enheduanna-disc.jpg\",\"width\":640,\"height\":651},{\"@type\":\"BreadcrumbList\",\"@id\":\"https:\/\/www.pressenza.com\/de\/2014\/03\/enheduanna-erste-namentlich-bekannte-autorin\/#breadcrumb\",\"itemListElement\":[{\"@type\":\"ListItem\",\"position\":1,\"name\":\"Accueil\",\"item\":\"https:\/\/www.pressenza.com\/de\/\"},{\"@type\":\"ListItem\",\"position\":2,\"name\":\"Enheduanna &#8211; erste namentlich bekannte Autorin\"}]},{\"@type\":\"WebSite\",\"@id\":\"https:\/\/www.pressenza.com\/de\/#website\",\"url\":\"https:\/\/www.pressenza.com\/de\/\",\"name\":\"Pressenza\",\"description\":\"International Press Agency\",\"publisher\":{\"@id\":\"https:\/\/www.pressenza.com\/de\/#organization\"},\"potentialAction\":[{\"@type\":\"SearchAction\",\"target\":{\"@type\":\"EntryPoint\",\"urlTemplate\":\"https:\/\/www.pressenza.com\/de\/?s={search_term_string}\"},\"query-input\":{\"@type\":\"PropertyValueSpecification\",\"valueRequired\":true,\"valueName\":\"search_term_string\"}}],\"inLanguage\":\"de\"},{\"@type\":\"Organization\",\"@id\":\"https:\/\/www.pressenza.com\/de\/#organization\",\"name\":\"Pressenza\",\"url\":\"https:\/\/www.pressenza.com\/de\/\",\"logo\":{\"@type\":\"ImageObject\",\"inLanguage\":\"de\",\"@id\":\"https:\/\/www.pressenza.com\/de\/#\/schema\/logo\/image\/\",\"url\":\"https:\/\/www.pressenza.com\/wp-content\/uploads\/2022\/10\/pressenza_logo_200x200.jpg\",\"contentUrl\":\"https:\/\/www.pressenza.com\/wp-content\/uploads\/2022\/10\/pressenza_logo_200x200.jpg\",\"width\":200,\"height\":200,\"caption\":\"Pressenza\"},\"image\":{\"@id\":\"https:\/\/www.pressenza.com\/de\/#\/schema\/logo\/image\/\"},\"sameAs\":[\"https:\/\/www.facebook.com\/PressenzaItalia\",\"https:\/\/x.com\/PressenzaIPA\"]},{\"@type\":\"Person\",\"@id\":\"https:\/\/www.pressenza.com\/de\/#\/schema\/person\/57bb5480943a496a7722b0248e4b658a\",\"name\":\"Pressenza Berlin\",\"description\":\"News from the Pressenza Bureau in Berlin, Germany\",\"sameAs\":[\"https:\/\/www.facebook.com\/Pressenza-Deutschland-sterreich-Schweiz-281675388658060\/timeline\/\",\"https:\/\/x.com\/pressenza_ger\"],\"url\":\"https:\/\/www.pressenza.com\/de\/author\/pressenza-berlin\/\"}]}<\/script>\n<!-- \/ Yoast SEO plugin. -->","yoast_head_json":{"title":"Enheduanna - erste namentlich bekannte Autorin","description":"Anl\u00e4sslich des Weltfrauentages pr\u00e4sentiert Pressenza einen Beitrag \u00fcber die erste bekannte Schriftstellerin. Er ist verfasst von LEBENSWELT - Zentrum f\u00fcr","robots":{"index":"index","follow":"follow","max-snippet":"max-snippet:-1","max-image-preview":"max-image-preview:large","max-video-preview":"max-video-preview:-1"},"canonical":"https:\/\/www.pressenza.com\/de\/2014\/03\/enheduanna-erste-namentlich-bekannte-autorin\/","og_locale":"de_DE","og_type":"article","og_title":"Enheduanna - erste namentlich bekannte Autorin","og_description":"Anl\u00e4sslich des Weltfrauentages pr\u00e4sentiert Pressenza einen Beitrag \u00fcber die erste bekannte Schriftstellerin. Er ist verfasst von LEBENSWELT - Zentrum f\u00fcr","og_url":"https:\/\/www.pressenza.com\/de\/2014\/03\/enheduanna-erste-namentlich-bekannte-autorin\/","og_site_name":"Pressenza","article_publisher":"https:\/\/www.facebook.com\/PressenzaItalia","article_author":"https:\/\/www.facebook.com\/Pressenza-Deutschland-sterreich-Schweiz-281675388658060\/timeline\/","article_published_time":"2014-03-08T09:49:12+00:00","og_image":[{"width":640,"height":651,"url":"https:\/\/www.pressenza.com\/wp-content\/uploads\/2014\/03\/roberts_enheduanna-disc.jpg","type":"image\/jpeg"}],"author":"Pressenza Berlin","twitter_card":"summary_large_image","twitter_creator":"@pressenza_ger","twitter_site":"@PressenzaIPA","twitter_misc":{"Verfasst von":"Pressenza Berlin","Gesch\u00e4tzte Lesezeit":"3\u00a0Minuten"},"schema":{"@context":"https:\/\/schema.org","@graph":[{"@type":"Article","@id":"https:\/\/www.pressenza.com\/de\/2014\/03\/enheduanna-erste-namentlich-bekannte-autorin\/#article","isPartOf":{"@id":"https:\/\/www.pressenza.com\/de\/2014\/03\/enheduanna-erste-namentlich-bekannte-autorin\/"},"author":{"name":"Pressenza Berlin","@id":"https:\/\/www.pressenza.com\/de\/#\/schema\/person\/57bb5480943a496a7722b0248e4b658a"},"headline":"Enheduanna &#8211; erste namentlich bekannte Autorin","datePublished":"2014-03-08T09:49:12+00:00","mainEntityOfPage":{"@id":"https:\/\/www.pressenza.com\/de\/2014\/03\/enheduanna-erste-namentlich-bekannte-autorin\/"},"wordCount":581,"publisher":{"@id":"https:\/\/www.pressenza.com\/de\/#organization"},"image":{"@id":"https:\/\/www.pressenza.com\/de\/2014\/03\/enheduanna-erste-namentlich-bekannte-autorin\/#primaryimage"},"thumbnailUrl":"https:\/\/www.pressenza.com\/wp-content\/uploads\/2014\/03\/roberts_enheduanna-disc.jpg","keywords":["Frauen","Geschichte"],"articleSection":["Europa","Humanismus und Spiritualit\u00e4t","International","Kultur und Medien","Mittlerer Osten","Wissenschaft und Technologie"],"inLanguage":"de"},{"@type":"WebPage","@id":"https:\/\/www.pressenza.com\/de\/2014\/03\/enheduanna-erste-namentlich-bekannte-autorin\/","url":"https:\/\/www.pressenza.com\/de\/2014\/03\/enheduanna-erste-namentlich-bekannte-autorin\/","name":"Enheduanna - erste namentlich bekannte Autorin","isPartOf":{"@id":"https:\/\/www.pressenza.com\/de\/#website"},"primaryImageOfPage":{"@id":"https:\/\/www.pressenza.com\/de\/2014\/03\/enheduanna-erste-namentlich-bekannte-autorin\/#primaryimage"},"image":{"@id":"https:\/\/www.pressenza.com\/de\/2014\/03\/enheduanna-erste-namentlich-bekannte-autorin\/#primaryimage"},"thumbnailUrl":"https:\/\/www.pressenza.com\/wp-content\/uploads\/2014\/03\/roberts_enheduanna-disc.jpg","datePublished":"2014-03-08T09:49:12+00:00","description":"Anl\u00e4sslich des Weltfrauentages pr\u00e4sentiert Pressenza einen Beitrag \u00fcber die erste bekannte Schriftstellerin. Er ist verfasst von LEBENSWELT - Zentrum f\u00fcr","breadcrumb":{"@id":"https:\/\/www.pressenza.com\/de\/2014\/03\/enheduanna-erste-namentlich-bekannte-autorin\/#breadcrumb"},"inLanguage":"de","potentialAction":[{"@type":"ReadAction","target":["https:\/\/www.pressenza.com\/de\/2014\/03\/enheduanna-erste-namentlich-bekannte-autorin\/"]}]},{"@type":"ImageObject","inLanguage":"de","@id":"https:\/\/www.pressenza.com\/de\/2014\/03\/enheduanna-erste-namentlich-bekannte-autorin\/#primaryimage","url":"https:\/\/www.pressenza.com\/wp-content\/uploads\/2014\/03\/roberts_enheduanna-disc.jpg","contentUrl":"https:\/\/www.pressenza.com\/wp-content\/uploads\/2014\/03\/roberts_enheduanna-disc.jpg","width":640,"height":651},{"@type":"BreadcrumbList","@id":"https:\/\/www.pressenza.com\/de\/2014\/03\/enheduanna-erste-namentlich-bekannte-autorin\/#breadcrumb","itemListElement":[{"@type":"ListItem","position":1,"name":"Accueil","item":"https:\/\/www.pressenza.com\/de\/"},{"@type":"ListItem","position":2,"name":"Enheduanna &#8211; erste namentlich bekannte Autorin"}]},{"@type":"WebSite","@id":"https:\/\/www.pressenza.com\/de\/#website","url":"https:\/\/www.pressenza.com\/de\/","name":"Pressenza","description":"International Press Agency","publisher":{"@id":"https:\/\/www.pressenza.com\/de\/#organization"},"potentialAction":[{"@type":"SearchAction","target":{"@type":"EntryPoint","urlTemplate":"https:\/\/www.pressenza.com\/de\/?s={search_term_string}"},"query-input":{"@type":"PropertyValueSpecification","valueRequired":true,"valueName":"search_term_string"}}],"inLanguage":"de"},{"@type":"Organization","@id":"https:\/\/www.pressenza.com\/de\/#organization","name":"Pressenza","url":"https:\/\/www.pressenza.com\/de\/","logo":{"@type":"ImageObject","inLanguage":"de","@id":"https:\/\/www.pressenza.com\/de\/#\/schema\/logo\/image\/","url":"https:\/\/www.pressenza.com\/wp-content\/uploads\/2022\/10\/pressenza_logo_200x200.jpg","contentUrl":"https:\/\/www.pressenza.com\/wp-content\/uploads\/2022\/10\/pressenza_logo_200x200.jpg","width":200,"height":200,"caption":"Pressenza"},"image":{"@id":"https:\/\/www.pressenza.com\/de\/#\/schema\/logo\/image\/"},"sameAs":["https:\/\/www.facebook.com\/PressenzaItalia","https:\/\/x.com\/PressenzaIPA"]},{"@type":"Person","@id":"https:\/\/www.pressenza.com\/de\/#\/schema\/person\/57bb5480943a496a7722b0248e4b658a","name":"Pressenza Berlin","description":"News from the Pressenza Bureau in Berlin, Germany","sameAs":["https:\/\/www.facebook.com\/Pressenza-Deutschland-sterreich-Schweiz-281675388658060\/timeline\/","https:\/\/x.com\/pressenza_ger"],"url":"https:\/\/www.pressenza.com\/de\/author\/pressenza-berlin\/"}]}},"place":"","original_article_url":"","_links":{"self":[{"href":"https:\/\/www.pressenza.com\/de\/wp-json\/wp\/v2\/posts\/92072","targetHints":{"allow":["GET"]}}],"collection":[{"href":"https:\/\/www.pressenza.com\/de\/wp-json\/wp\/v2\/posts"}],"about":[{"href":"https:\/\/www.pressenza.com\/de\/wp-json\/wp\/v2\/types\/post"}],"author":[{"embeddable":true,"href":"https:\/\/www.pressenza.com\/de\/wp-json\/wp\/v2\/users\/1095"}],"replies":[{"embeddable":true,"href":"https:\/\/www.pressenza.com\/de\/wp-json\/wp\/v2\/comments?post=92072"}],"version-history":[{"count":0,"href":"https:\/\/www.pressenza.com\/de\/wp-json\/wp\/v2\/posts\/92072\/revisions"}],"wp:featuredmedia":[{"embeddable":true,"href":"https:\/\/www.pressenza.com\/de\/wp-json\/wp\/v2\/media\/92085"}],"wp:attachment":[{"href":"https:\/\/www.pressenza.com\/de\/wp-json\/wp\/v2\/media?parent=92072"}],"wp:term":[{"taxonomy":"category","embeddable":true,"href":"https:\/\/www.pressenza.com\/de\/wp-json\/wp\/v2\/categories?post=92072"},{"taxonomy":"post_tag","embeddable":true,"href":"https:\/\/www.pressenza.com\/de\/wp-json\/wp\/v2\/tags?post=92072"}],"curies":[{"name":"wp","href":"https:\/\/api.w.org\/{rel}","templated":true}]}}