{"id":916869,"date":"2019-09-12T13:21:44","date_gmt":"2019-09-12T12:21:44","guid":{"rendered":"https:\/\/www.pressenza.com\/?p=916869"},"modified":"2019-09-12T13:21:44","modified_gmt":"2019-09-12T12:21:44","slug":"die-armen-trifft-es-am-haertesten-gewerkschaften-gegen-den-klimawandel","status":"publish","type":"post","link":"https:\/\/www.pressenza.com\/de\/2019\/09\/die-armen-trifft-es-am-haertesten-gewerkschaften-gegen-den-klimawandel\/","title":{"rendered":"Die Armen trifft es am h\u00e4rtesten &#8211; Gewerkschaften gegen den Klimawandel"},"content":{"rendered":"<p><strong>Unwetter und Klimakatastrophen werden immer massiver. Der Klimawandel ist Tatsache, und dass die Zeit knapp wird auch. Die Gewerkschaften t\u00e4ten daher gut daran, sich gegen den Klimawandel und somit auch gegen den Kapitalismus zu stellen.<\/strong><\/p>\n<p>Ein Ausstieg aus der Automobil- und Kohleindustrie muss dabei sozialvertr\u00e4glich und unter Einschluss der betroffenen Arbeiter*innen geschehen.<\/p>\n<h4><strong>Arbeitspl\u00e4tze oder Umwelt<\/strong><\/h4>\n<p>Ein Dilemma f\u00fcr die Gewerkschaften besteht darin, dass oftmals ganze Familien und Gemeinschaften auf die \u201edreckige\u201c (Energie)Produktion angewiesen sind. Gleichzeitig war historisch gesehen auch immer der Organisationsgrad in diesen Gebieten sehr hoch. Einige der gr\u00f6ssten Arbeitsk\u00e4mpfe in der Geschichte der Gewerkschaften gelangen im Minen-Sektor[1]. Eine Kohlemine l\u00e4sst sich nur schlecht ins Ausland verlagern, wodurch Arbeitsk\u00e4mpfe nicht einfach aufgel\u00f6st werden k\u00f6nnen, indem der im Arbeitskampf befindliche Betrieb ausgelagert wird.<\/p>\n<h4><strong>Kurzfristige L\u00f6sungen ben\u00f6tigt<\/strong><\/h4>\n<p>Auch wenn es klar ist, dass wir uns sehr schnell von klimazerst\u00f6renden Industrien wie der Braunkohle- oder Automobilindustrie verabschieden m\u00fcssen, stellt sich dort die Frage: Wie gehen wir mit den Arbeiter*innen um, welche dadurch schon sehr bald ihren Job verlieren werden? Wie k\u00f6nnen wir verhindern, dass die Gemeinschaften in Armut verfallen werden, wie es bei Minenschliessungen immer geschieht? Freiwillig werden sich die Unternehmen oder Staaten kaum um diese Probleme k\u00fcmmern.<\/p>\n<p>Die Diskussionen in Deutschland um den Braunkohleausstieg zeigen, dass sich der Staat vielmehr mit den Konzernen wie RWE verst\u00e4ndigt, als dass er sich um die betroffenen Arbeiter*innen k\u00fcmmert. Die Verl\u00e4ngerungen des Braunkohleabbaus werden nicht aus R\u00fccksicht auf die Minenarbeiter*innengemeinsc haften gew\u00e4hrt, sondern aus R\u00fccksicht auf die Profite von RWE und Co. Sobald diese Konzerne den Absprung von fossiler Energie geschafft haben, werden die Arbeiter*innen fallen gelassen. Solange sich die Klimabewegung nicht um die Anliegen der betroffenen Arbeiter*innen k\u00fcmmert, werden diese der Bewegung feindlich gesinnt bleiben \u2013 auch wenn dies ihnen langfristig selbst schadet.<\/p>\n<h4><strong>Die Armen trifft es am h\u00e4rtesten<\/strong><\/h4>\n<p>Das Problem am Klimawandel ist, dass es Gebiete geben wird, welche heftiger von Unwettern, D\u00fcrren und \u00dcberflutungen getroffen werden als andere und zum Teil sogar unbewohnbar werden. In einer kapitalistischen Welt ist die Antwort darauf, wer in den sicheren Gebieten leben wird, leider eindeutig: Sicher nicht die Armen. W\u00e4hrend sich die Reichen in ihren unwettersicheren Pal\u00e4sten verstecken werden, wird der Rest von uns schauen m\u00fcssen, wie und ob wir unsere (Blech-)H\u00fctten wieder aufbauen k\u00f6nnen. Dies wird auch die Gemeinschaften, welche sich um die Minen und Autofabriken entwickelt haben treffen. Es ist an der Zeit, dass die Gewerkschaften ihre Kampfkraft in diesen Bereichen dazu benutzen, um einen sozialvertr\u00e4glichen Ausstieg aus diesen Branchen zu erk\u00e4mpfen \u2013 ein Kampf gef\u00fchrt von denbetroffenen Arbeiter*innen.<\/p>\n<h4><strong>Gewerkschafter*innen f\u00fcr die Klimagerechtigkeit<\/strong><\/h4>\n<p>Es gibt bereits erste Gruppierungen von Gewerkschafter*innen, welche sich f\u00fcr einen Wandel weg von fossilen hin zu erneuerbaren Energien einsetzen und dabei auch die Besch\u00e4ftigten und ihr Umfeld einbinden wollen2. Dabei setzen sie auf einen sozialvertr\u00e4glichen Ausstieg. Das heisst: Umschulung der Minenarbeiter*innen und eine Reduktion der Arbeitszeit bei gleichem Lohn, um Entlassungen auszugleichen. Alles in allem m\u00fcssen die Unternehmer*innen st\u00e4rker in die Verantwortung genommen werden, welche jahrelang von der Zerst\u00f6rung unseres Planeten profitiert haben. Es ist nur gerecht, dass diese nun auch die Zeche zahlen, welche sie uns durch die Zerst\u00f6rung des Planeten schulden.<\/p>\n<h4><strong>Keine Partnerschaft mit dem Kapitalismus<\/strong><\/h4>\n<p>Es ist kein Zufall, dass die Klimaerw\u00e4rmung kurz nach der industriellen Revolution und dem Siegeszug des Kapitalismus an Fahrt aufnahm. Das Grundprinzip des Kapitalismus ist und bleibt die Ausbeutung: sowohl der Arbeiter*innen wie auch des Planeten. Gleichzeitig basiert diese Wirtschaft auf stetigem Wachstum und somit auch auf stetig steigendem Ressourcenverbrauch. Die \u201esoziale und \u00f6kologische Marktwirtschaft\u201c ist daher ein Widerspruch in sich. Eine \u00f6kologische Gewerkschaft und Bewegung wird sich daher auch immer gegen Kapital und gegen dessen Wachhund den Staat stellen m\u00fcssen. Sowohl der Planet wie auch die Arbeiter*innen haben genug f\u00fcr den Profit der Reichen geblutet. Diese Krise werden wir nicht auch noch bezahlen.<\/p>\n<p style=\"text-align: right;\"><em>Tifa<\/em><br \/>\n<em>Di schwarzi Chatz 60<\/em><\/p>\n<hr \/>\n<p class=\"fussnoten\">[1] So kam es in England 1984 zu einem Showdown zwischen der Regierung Grossbritanniens und den Minenarbeiter*innen, siehe dazu di Schwarzi Chatz #34.<\/p>\n","protected":false},"excerpt":{"rendered":"<p>Unwetter und Klimakatastrophen werden immer massiver. Der Klimawandel ist Tatsache, und dass die Zeit knapp wird auch. Die Gewerkschaften t\u00e4ten daher gut daran, sich gegen den Klimawandel und somit auch gegen den Kapitalismus zu stellen. Ein Ausstieg aus der Automobil-&hellip;<\/p>\n","protected":false},"author":1556,"featured_media":916870,"comment_status":"closed","ping_status":"closed","sticky":false,"template":"","format":"standard","meta":{"footnotes":""},"categories":[9150,9157,9158],"tags":[43991,51425,12395,39704,63886],"class_list":["post-916869","post","type-post","status-publish","format-standard","has-post-thumbnail","hentry","category-europa-de","category-oekologie-und-umwelt","category-wirtschaft","tag-gewerkschaften","tag-klimafluechtlinge","tag-klimawandel","tag-kohleausstieg","tag-konversionsprogramme"],"yoast_head":"<!-- This site is optimized with the Yoast SEO plugin v27.1.1 - https:\/\/yoast.com\/product\/yoast-seo-wordpress\/ -->\n<title>Die Armen trifft es am h\u00e4rtesten - Gewerkschaften gegen den Klimawandel<\/title>\n<meta name=\"description\" content=\"Unwetter und Klimakatastrophen werden immer massiver. Der Klimawandel ist Tatsache, und dass die Zeit knapp wird auch. Die Gewerkschaften t\u00e4ten daher gut daran, sich gegen den Klimawandel und somit auch gegen den Kapitalismus zu stellen.\" \/>\n<meta name=\"robots\" content=\"index, follow, max-snippet:-1, max-image-preview:large, max-video-preview:-1\" \/>\n<link rel=\"canonical\" href=\"https:\/\/www.pressenza.com\/de\/2019\/09\/die-armen-trifft-es-am-haertesten-gewerkschaften-gegen-den-klimawandel\/\" \/>\n<meta property=\"og:locale\" content=\"de_DE\" \/>\n<meta property=\"og:type\" content=\"article\" \/>\n<meta property=\"og:title\" content=\"Die Armen trifft es am h\u00e4rtesten - Gewerkschaften gegen den Klimawandel\" \/>\n<meta property=\"og:description\" content=\"Unwetter und Klimakatastrophen werden immer massiver. Der Klimawandel ist Tatsache, und dass die Zeit knapp wird auch. Die Gewerkschaften t\u00e4ten daher gut daran, sich gegen den Klimawandel und somit auch gegen den Kapitalismus zu stellen.\" \/>\n<meta property=\"og:url\" content=\"https:\/\/www.pressenza.com\/de\/2019\/09\/die-armen-trifft-es-am-haertesten-gewerkschaften-gegen-den-klimawandel\/\" \/>\n<meta property=\"og:site_name\" content=\"Pressenza\" \/>\n<meta property=\"article:publisher\" content=\"https:\/\/www.facebook.com\/PressenzaItalia\" \/>\n<meta property=\"article:published_time\" content=\"2019-09-12T12:21:44+00:00\" \/>\n<meta property=\"og:image\" content=\"https:\/\/www.pressenza.com\/wp-content\/uploads\/2019\/09\/1024px-Ende_Gel\u00e4nde_Demonstration_27-10-2018_03.jpg\" \/>\n\t<meta property=\"og:image:width\" content=\"750\" \/>\n\t<meta property=\"og:image:height\" content=\"415\" \/>\n\t<meta property=\"og:image:type\" content=\"image\/jpeg\" \/>\n<meta name=\"author\" content=\"Untergrund-Bl\u00e4ttle\" \/>\n<meta name=\"twitter:card\" content=\"summary_large_image\" \/>\n<meta name=\"twitter:creator\" content=\"@PressenzaIPA\" \/>\n<meta name=\"twitter:site\" content=\"@PressenzaIPA\" \/>\n<meta name=\"twitter:label1\" content=\"Verfasst von\" \/>\n\t<meta name=\"twitter:data1\" content=\"Untergrund-Bl\u00e4ttle\" \/>\n\t<meta name=\"twitter:label2\" content=\"Gesch\u00e4tzte Lesezeit\" \/>\n\t<meta name=\"twitter:data2\" content=\"4\u00a0Minuten\" \/>\n<script type=\"application\/ld+json\" class=\"yoast-schema-graph\">{\"@context\":\"https:\/\/schema.org\",\"@graph\":[{\"@type\":\"Article\",\"@id\":\"https:\/\/www.pressenza.com\/de\/2019\/09\/die-armen-trifft-es-am-haertesten-gewerkschaften-gegen-den-klimawandel\/#article\",\"isPartOf\":{\"@id\":\"https:\/\/www.pressenza.com\/de\/2019\/09\/die-armen-trifft-es-am-haertesten-gewerkschaften-gegen-den-klimawandel\/\"},\"author\":{\"name\":\"Untergrund-Bl\u00e4ttle\",\"@id\":\"https:\/\/www.pressenza.com\/de\/#\/schema\/person\/769b3fca5f2f2d48f505e01a952bd7db\"},\"headline\":\"Die Armen trifft es am h\u00e4rtesten &#8211; Gewerkschaften gegen den Klimawandel\",\"datePublished\":\"2019-09-12T12:21:44+00:00\",\"mainEntityOfPage\":{\"@id\":\"https:\/\/www.pressenza.com\/de\/2019\/09\/die-armen-trifft-es-am-haertesten-gewerkschaften-gegen-den-klimawandel\/\"},\"wordCount\":716,\"publisher\":{\"@id\":\"https:\/\/www.pressenza.com\/de\/#organization\"},\"image\":{\"@id\":\"https:\/\/www.pressenza.com\/de\/2019\/09\/die-armen-trifft-es-am-haertesten-gewerkschaften-gegen-den-klimawandel\/#primaryimage\"},\"thumbnailUrl\":\"https:\/\/www.pressenza.com\/wp-content\/uploads\/2019\/09\/1024px-Ende_Gel\u00e4nde_Demonstration_27-10-2018_03.jpg\",\"keywords\":[\"Gewerkschaften\",\"Klimafl\u00fcchtlinge\",\"Klimawandel\",\"Kohleausstieg\",\"Konversionsprogramme\"],\"articleSection\":[\"Europa\",\"\u00d6kologie und Umwelt\",\"Wirtschaft\"],\"inLanguage\":\"de\"},{\"@type\":\"WebPage\",\"@id\":\"https:\/\/www.pressenza.com\/de\/2019\/09\/die-armen-trifft-es-am-haertesten-gewerkschaften-gegen-den-klimawandel\/\",\"url\":\"https:\/\/www.pressenza.com\/de\/2019\/09\/die-armen-trifft-es-am-haertesten-gewerkschaften-gegen-den-klimawandel\/\",\"name\":\"Die Armen trifft es am h\u00e4rtesten - Gewerkschaften gegen den Klimawandel\",\"isPartOf\":{\"@id\":\"https:\/\/www.pressenza.com\/de\/#website\"},\"primaryImageOfPage\":{\"@id\":\"https:\/\/www.pressenza.com\/de\/2019\/09\/die-armen-trifft-es-am-haertesten-gewerkschaften-gegen-den-klimawandel\/#primaryimage\"},\"image\":{\"@id\":\"https:\/\/www.pressenza.com\/de\/2019\/09\/die-armen-trifft-es-am-haertesten-gewerkschaften-gegen-den-klimawandel\/#primaryimage\"},\"thumbnailUrl\":\"https:\/\/www.pressenza.com\/wp-content\/uploads\/2019\/09\/1024px-Ende_Gel\u00e4nde_Demonstration_27-10-2018_03.jpg\",\"datePublished\":\"2019-09-12T12:21:44+00:00\",\"description\":\"Unwetter und Klimakatastrophen werden immer massiver. Der Klimawandel ist Tatsache, und dass die Zeit knapp wird auch. Die Gewerkschaften t\u00e4ten daher gut daran, sich gegen den Klimawandel und somit auch gegen den Kapitalismus zu stellen.\",\"breadcrumb\":{\"@id\":\"https:\/\/www.pressenza.com\/de\/2019\/09\/die-armen-trifft-es-am-haertesten-gewerkschaften-gegen-den-klimawandel\/#breadcrumb\"},\"inLanguage\":\"de\",\"potentialAction\":[{\"@type\":\"ReadAction\",\"target\":[\"https:\/\/www.pressenza.com\/de\/2019\/09\/die-armen-trifft-es-am-haertesten-gewerkschaften-gegen-den-klimawandel\/\"]}]},{\"@type\":\"ImageObject\",\"inLanguage\":\"de\",\"@id\":\"https:\/\/www.pressenza.com\/de\/2019\/09\/die-armen-trifft-es-am-haertesten-gewerkschaften-gegen-den-klimawandel\/#primaryimage\",\"url\":\"https:\/\/www.pressenza.com\/wp-content\/uploads\/2019\/09\/1024px-Ende_Gel\u00e4nde_Demonstration_27-10-2018_03.jpg\",\"contentUrl\":\"https:\/\/www.pressenza.com\/wp-content\/uploads\/2019\/09\/1024px-Ende_Gel\u00e4nde_Demonstration_27-10-2018_03.jpg\",\"width\":750,\"height\":415,\"caption\":\"Die Armen trifft es am h\u00e4rtesten Gewerkschaften gegen den Klimawandel\"},{\"@type\":\"BreadcrumbList\",\"@id\":\"https:\/\/www.pressenza.com\/de\/2019\/09\/die-armen-trifft-es-am-haertesten-gewerkschaften-gegen-den-klimawandel\/#breadcrumb\",\"itemListElement\":[{\"@type\":\"ListItem\",\"position\":1,\"name\":\"Accueil\",\"item\":\"https:\/\/www.pressenza.com\/de\/\"},{\"@type\":\"ListItem\",\"position\":2,\"name\":\"Die Armen trifft es am h\u00e4rtesten &#8211; Gewerkschaften gegen den Klimawandel\"}]},{\"@type\":\"WebSite\",\"@id\":\"https:\/\/www.pressenza.com\/de\/#website\",\"url\":\"https:\/\/www.pressenza.com\/de\/\",\"name\":\"Pressenza\",\"description\":\"International Press Agency\",\"publisher\":{\"@id\":\"https:\/\/www.pressenza.com\/de\/#organization\"},\"potentialAction\":[{\"@type\":\"SearchAction\",\"target\":{\"@type\":\"EntryPoint\",\"urlTemplate\":\"https:\/\/www.pressenza.com\/de\/?s={search_term_string}\"},\"query-input\":{\"@type\":\"PropertyValueSpecification\",\"valueRequired\":true,\"valueName\":\"search_term_string\"}}],\"inLanguage\":\"de\"},{\"@type\":\"Organization\",\"@id\":\"https:\/\/www.pressenza.com\/de\/#organization\",\"name\":\"Pressenza\",\"url\":\"https:\/\/www.pressenza.com\/de\/\",\"logo\":{\"@type\":\"ImageObject\",\"inLanguage\":\"de\",\"@id\":\"https:\/\/www.pressenza.com\/de\/#\/schema\/logo\/image\/\",\"url\":\"https:\/\/www.pressenza.com\/wp-content\/uploads\/2022\/10\/pressenza_logo_200x200.jpg\",\"contentUrl\":\"https:\/\/www.pressenza.com\/wp-content\/uploads\/2022\/10\/pressenza_logo_200x200.jpg\",\"width\":200,\"height\":200,\"caption\":\"Pressenza\"},\"image\":{\"@id\":\"https:\/\/www.pressenza.com\/de\/#\/schema\/logo\/image\/\"},\"sameAs\":[\"https:\/\/www.facebook.com\/PressenzaItalia\",\"https:\/\/x.com\/PressenzaIPA\"]},{\"@type\":\"Person\",\"@id\":\"https:\/\/www.pressenza.com\/de\/#\/schema\/person\/769b3fca5f2f2d48f505e01a952bd7db\",\"name\":\"Untergrund-Bl\u00e4ttle\",\"description\":\"Online-Magazin f\u00fcr kritischen Journalismus aus dem Grossraum Z\u00fcrich. Untergrund-Bl\u00e4ttle publizieren analytische und kontroverse Texte zu den Themenschwerpunkten Politik, Gesellschaft, \u00d6konomie und \u00d6kologie. Ein ganz besonderes Augenmerk gilt dabei auch dem kulturellen Teil. Der inhaltlich und redaktionelle Anspruch liegt unter anderem darin, Synergien innerhalb von linken Str\u00f6mungen herzustellen.\",\"sameAs\":[\"http:\/\/www.xn--untergrund-blttle-2qb.ch\/\"],\"url\":\"https:\/\/www.pressenza.com\/de\/author\/untergrund-blaettle\/\"}]}<\/script>\n<!-- \/ Yoast SEO plugin. -->","yoast_head_json":{"title":"Die Armen trifft es am h\u00e4rtesten - Gewerkschaften gegen den Klimawandel","description":"Unwetter und Klimakatastrophen werden immer massiver. Der Klimawandel ist Tatsache, und dass die Zeit knapp wird auch. Die Gewerkschaften t\u00e4ten daher gut daran, sich gegen den Klimawandel und somit auch gegen den Kapitalismus zu stellen.","robots":{"index":"index","follow":"follow","max-snippet":"max-snippet:-1","max-image-preview":"max-image-preview:large","max-video-preview":"max-video-preview:-1"},"canonical":"https:\/\/www.pressenza.com\/de\/2019\/09\/die-armen-trifft-es-am-haertesten-gewerkschaften-gegen-den-klimawandel\/","og_locale":"de_DE","og_type":"article","og_title":"Die Armen trifft es am h\u00e4rtesten - Gewerkschaften gegen den Klimawandel","og_description":"Unwetter und Klimakatastrophen werden immer massiver. Der Klimawandel ist Tatsache, und dass die Zeit knapp wird auch. Die Gewerkschaften t\u00e4ten daher gut daran, sich gegen den Klimawandel und somit auch gegen den Kapitalismus zu stellen.","og_url":"https:\/\/www.pressenza.com\/de\/2019\/09\/die-armen-trifft-es-am-haertesten-gewerkschaften-gegen-den-klimawandel\/","og_site_name":"Pressenza","article_publisher":"https:\/\/www.facebook.com\/PressenzaItalia","article_published_time":"2019-09-12T12:21:44+00:00","og_image":[{"width":750,"height":415,"url":"https:\/\/www.pressenza.com\/wp-content\/uploads\/2019\/09\/1024px-Ende_Gel\u00e4nde_Demonstration_27-10-2018_03.jpg","type":"image\/jpeg"}],"author":"Untergrund-Bl\u00e4ttle","twitter_card":"summary_large_image","twitter_creator":"@PressenzaIPA","twitter_site":"@PressenzaIPA","twitter_misc":{"Verfasst von":"Untergrund-Bl\u00e4ttle","Gesch\u00e4tzte Lesezeit":"4\u00a0Minuten"},"schema":{"@context":"https:\/\/schema.org","@graph":[{"@type":"Article","@id":"https:\/\/www.pressenza.com\/de\/2019\/09\/die-armen-trifft-es-am-haertesten-gewerkschaften-gegen-den-klimawandel\/#article","isPartOf":{"@id":"https:\/\/www.pressenza.com\/de\/2019\/09\/die-armen-trifft-es-am-haertesten-gewerkschaften-gegen-den-klimawandel\/"},"author":{"name":"Untergrund-Bl\u00e4ttle","@id":"https:\/\/www.pressenza.com\/de\/#\/schema\/person\/769b3fca5f2f2d48f505e01a952bd7db"},"headline":"Die Armen trifft es am h\u00e4rtesten &#8211; Gewerkschaften gegen den Klimawandel","datePublished":"2019-09-12T12:21:44+00:00","mainEntityOfPage":{"@id":"https:\/\/www.pressenza.com\/de\/2019\/09\/die-armen-trifft-es-am-haertesten-gewerkschaften-gegen-den-klimawandel\/"},"wordCount":716,"publisher":{"@id":"https:\/\/www.pressenza.com\/de\/#organization"},"image":{"@id":"https:\/\/www.pressenza.com\/de\/2019\/09\/die-armen-trifft-es-am-haertesten-gewerkschaften-gegen-den-klimawandel\/#primaryimage"},"thumbnailUrl":"https:\/\/www.pressenza.com\/wp-content\/uploads\/2019\/09\/1024px-Ende_Gel\u00e4nde_Demonstration_27-10-2018_03.jpg","keywords":["Gewerkschaften","Klimafl\u00fcchtlinge","Klimawandel","Kohleausstieg","Konversionsprogramme"],"articleSection":["Europa","\u00d6kologie und Umwelt","Wirtschaft"],"inLanguage":"de"},{"@type":"WebPage","@id":"https:\/\/www.pressenza.com\/de\/2019\/09\/die-armen-trifft-es-am-haertesten-gewerkschaften-gegen-den-klimawandel\/","url":"https:\/\/www.pressenza.com\/de\/2019\/09\/die-armen-trifft-es-am-haertesten-gewerkschaften-gegen-den-klimawandel\/","name":"Die Armen trifft es am h\u00e4rtesten - Gewerkschaften gegen den Klimawandel","isPartOf":{"@id":"https:\/\/www.pressenza.com\/de\/#website"},"primaryImageOfPage":{"@id":"https:\/\/www.pressenza.com\/de\/2019\/09\/die-armen-trifft-es-am-haertesten-gewerkschaften-gegen-den-klimawandel\/#primaryimage"},"image":{"@id":"https:\/\/www.pressenza.com\/de\/2019\/09\/die-armen-trifft-es-am-haertesten-gewerkschaften-gegen-den-klimawandel\/#primaryimage"},"thumbnailUrl":"https:\/\/www.pressenza.com\/wp-content\/uploads\/2019\/09\/1024px-Ende_Gel\u00e4nde_Demonstration_27-10-2018_03.jpg","datePublished":"2019-09-12T12:21:44+00:00","description":"Unwetter und Klimakatastrophen werden immer massiver. Der Klimawandel ist Tatsache, und dass die Zeit knapp wird auch. Die Gewerkschaften t\u00e4ten daher gut daran, sich gegen den Klimawandel und somit auch gegen den Kapitalismus zu stellen.","breadcrumb":{"@id":"https:\/\/www.pressenza.com\/de\/2019\/09\/die-armen-trifft-es-am-haertesten-gewerkschaften-gegen-den-klimawandel\/#breadcrumb"},"inLanguage":"de","potentialAction":[{"@type":"ReadAction","target":["https:\/\/www.pressenza.com\/de\/2019\/09\/die-armen-trifft-es-am-haertesten-gewerkschaften-gegen-den-klimawandel\/"]}]},{"@type":"ImageObject","inLanguage":"de","@id":"https:\/\/www.pressenza.com\/de\/2019\/09\/die-armen-trifft-es-am-haertesten-gewerkschaften-gegen-den-klimawandel\/#primaryimage","url":"https:\/\/www.pressenza.com\/wp-content\/uploads\/2019\/09\/1024px-Ende_Gel\u00e4nde_Demonstration_27-10-2018_03.jpg","contentUrl":"https:\/\/www.pressenza.com\/wp-content\/uploads\/2019\/09\/1024px-Ende_Gel\u00e4nde_Demonstration_27-10-2018_03.jpg","width":750,"height":415,"caption":"Die Armen trifft es am h\u00e4rtesten Gewerkschaften gegen den Klimawandel"},{"@type":"BreadcrumbList","@id":"https:\/\/www.pressenza.com\/de\/2019\/09\/die-armen-trifft-es-am-haertesten-gewerkschaften-gegen-den-klimawandel\/#breadcrumb","itemListElement":[{"@type":"ListItem","position":1,"name":"Accueil","item":"https:\/\/www.pressenza.com\/de\/"},{"@type":"ListItem","position":2,"name":"Die Armen trifft es am h\u00e4rtesten &#8211; Gewerkschaften gegen den Klimawandel"}]},{"@type":"WebSite","@id":"https:\/\/www.pressenza.com\/de\/#website","url":"https:\/\/www.pressenza.com\/de\/","name":"Pressenza","description":"International Press Agency","publisher":{"@id":"https:\/\/www.pressenza.com\/de\/#organization"},"potentialAction":[{"@type":"SearchAction","target":{"@type":"EntryPoint","urlTemplate":"https:\/\/www.pressenza.com\/de\/?s={search_term_string}"},"query-input":{"@type":"PropertyValueSpecification","valueRequired":true,"valueName":"search_term_string"}}],"inLanguage":"de"},{"@type":"Organization","@id":"https:\/\/www.pressenza.com\/de\/#organization","name":"Pressenza","url":"https:\/\/www.pressenza.com\/de\/","logo":{"@type":"ImageObject","inLanguage":"de","@id":"https:\/\/www.pressenza.com\/de\/#\/schema\/logo\/image\/","url":"https:\/\/www.pressenza.com\/wp-content\/uploads\/2022\/10\/pressenza_logo_200x200.jpg","contentUrl":"https:\/\/www.pressenza.com\/wp-content\/uploads\/2022\/10\/pressenza_logo_200x200.jpg","width":200,"height":200,"caption":"Pressenza"},"image":{"@id":"https:\/\/www.pressenza.com\/de\/#\/schema\/logo\/image\/"},"sameAs":["https:\/\/www.facebook.com\/PressenzaItalia","https:\/\/x.com\/PressenzaIPA"]},{"@type":"Person","@id":"https:\/\/www.pressenza.com\/de\/#\/schema\/person\/769b3fca5f2f2d48f505e01a952bd7db","name":"Untergrund-Bl\u00e4ttle","description":"Online-Magazin f\u00fcr kritischen Journalismus aus dem Grossraum Z\u00fcrich. Untergrund-Bl\u00e4ttle publizieren analytische und kontroverse Texte zu den Themenschwerpunkten Politik, Gesellschaft, \u00d6konomie und \u00d6kologie. Ein ganz besonderes Augenmerk gilt dabei auch dem kulturellen Teil. Der inhaltlich und redaktionelle Anspruch liegt unter anderem darin, Synergien innerhalb von linken Str\u00f6mungen herzustellen.","sameAs":["http:\/\/www.xn--untergrund-blttle-2qb.ch\/"],"url":"https:\/\/www.pressenza.com\/de\/author\/untergrund-blaettle\/"}]}},"place":"","original_article_url":"https:\/\/www.untergrund-bl\u00e4ttle.ch\/gesellschaft\/oekologie\/klimawandel_gewerkschaften_5653.html","_links":{"self":[{"href":"https:\/\/www.pressenza.com\/de\/wp-json\/wp\/v2\/posts\/916869","targetHints":{"allow":["GET"]}}],"collection":[{"href":"https:\/\/www.pressenza.com\/de\/wp-json\/wp\/v2\/posts"}],"about":[{"href":"https:\/\/www.pressenza.com\/de\/wp-json\/wp\/v2\/types\/post"}],"author":[{"embeddable":true,"href":"https:\/\/www.pressenza.com\/de\/wp-json\/wp\/v2\/users\/1556"}],"replies":[{"embeddable":true,"href":"https:\/\/www.pressenza.com\/de\/wp-json\/wp\/v2\/comments?post=916869"}],"version-history":[{"count":0,"href":"https:\/\/www.pressenza.com\/de\/wp-json\/wp\/v2\/posts\/916869\/revisions"}],"wp:featuredmedia":[{"embeddable":true,"href":"https:\/\/www.pressenza.com\/de\/wp-json\/wp\/v2\/media\/916870"}],"wp:attachment":[{"href":"https:\/\/www.pressenza.com\/de\/wp-json\/wp\/v2\/media?parent=916869"}],"wp:term":[{"taxonomy":"category","embeddable":true,"href":"https:\/\/www.pressenza.com\/de\/wp-json\/wp\/v2\/categories?post=916869"},{"taxonomy":"post_tag","embeddable":true,"href":"https:\/\/www.pressenza.com\/de\/wp-json\/wp\/v2\/tags?post=916869"}],"curies":[{"name":"wp","href":"https:\/\/api.w.org\/{rel}","templated":true}]}}