{"id":916073,"date":"2019-09-11T10:14:26","date_gmt":"2019-09-11T09:14:26","guid":{"rendered":"https:\/\/www.pressenza.com\/?p=916073"},"modified":"2019-09-11T12:09:16","modified_gmt":"2019-09-11T11:09:16","slug":"wie-sehr-leben-sie-den-geist-der-verfassung-herr-dr-schaeuble-artikel-20-gg-kuenstlergruppe-macht-den-praxistest","status":"publish","type":"post","link":"https:\/\/www.pressenza.com\/de\/2019\/09\/wie-sehr-leben-sie-den-geist-der-verfassung-herr-dr-schaeuble-artikel-20-gg-kuenstlergruppe-macht-den-praxistest\/","title":{"rendered":"Wie sehr leben Sie den Geist der Verfassung Herr Dr. Sch\u00e4uble? &#8211; &#8222;Artikel 20 GG&#8220;-K\u00fcnstlergruppe macht den Praxistest"},"content":{"rendered":"<p><strong>Die Berliner Sozialk\u00fcnstlergruppe hinter der Artikel 20 GG-Goldstele am Reichstagsufer bereitet ihren n\u00e4chsten Coup vor. Am 3.10.2019 soll die Stele, auf der unter anderem &#8222;Gegen jeden, der es unternimmt, die grundgesetzliche Ordnung zu beseitigen, haben alle Deutschen das Recht zum Widerstand\u201d in goldenen Lettern prangt, an gleicher Stelle \u2013 offiziell ungenehmigt &#8211; erneut aufgerichtet werden.<\/strong><\/p>\n<p>In einem offenen Brief an Herrn Sch\u00e4uble, den obersten Polizeichef und zugleich Hausherrn des Bundestages, haben die K\u00fcnstler ihre neue Aktion angek\u00fcndigt und die Frage gestellt, ob er ihr \u201cEintreten f\u00fcr den Erhalt und die Wiederaufrichtung der Prinzipien unserer Republik unterst\u00fctzen wolle, ob er Recht statt Gesetz und b\u00fcrgerliches Engagement auch dann gelten lassen wolle, wenn es sich gegen beh\u00f6rdlichen Unwillen und vor allem gegen grundgesetzwidrige staatliche Entwicklungen stellt\u201d.<\/p>\n<p>Mit dem Brief wollen die K\u00fcnstler in eine \u00f6ffentliche Diskussion \u00fcber den Zustand unserer Demokratie eintreten. Zu den 50 Erstunterzeichnern z\u00e4hlen die Schriftstellerin Daniela Dahn, die Kabarettisten Anny Hartmann, Arnulf Rating und Volker Pispers, der DDR-B\u00fcrgerrechtler Hans-J\u00fcrgen Fischbeck.<\/p>\n<p>Wer auch wichtig findet, dass dem Grundgesetz wieder Geltung verschafft wird und neben den Erstunterzeichnern seine Stimme erheben m\u00f6chte, kann den Brief hier zeichnen: <a href=\"http:\/\/deine-verfassung.de\/index5-Unterschreiben.htm\" target=\"_blank\" rel=\"noopener\">http:\/\/deine-verfassung.de\/index5-Unterschreiben.htm<\/a><\/p>\n<h4><strong>Hintergrund<\/strong><\/h4>\n<p>Die K\u00fcnstlergruppe im Verein zur Erneuerung der Bundesrepublik an ihren eigenen Idealen hatte am 18. Mai 2019 eine 3 m hohe, 350 kg schwere Buchenstele direkt neben der Stelenskulptur \u201cGrundgesetz 49\u201d des israelischen K\u00fcnstlers Dani Caravan errichtet, das die Menschenrechtsgrundrechte der Art. 1-19 GG zeigt.<\/p>\n<p>In die Stele war in einj\u00e4hriger h\u00e4ndischer Kleinarbeit der Text des Art. 20 GG, der unter anderem festschreibt, dass Deutschland eine Demokratie ist (\u201cAlle Staatsgewalt geht vom Volke aus\u201d) \u00f6ffentlich eingeschnitzt und dann mit Blattgold \u00fcberzogen worden. Mit der Aktion wollten die K\u00fcnstler ein Zeichen setzen gegen Wirtschaftslobbyismus und demokratieferne, totalit\u00e4re Kr\u00e4fte in Politik und Gesetzgebung.<\/p>\n<p>\u201eStaatstrojaner, Privatisierungen, Kriegseins\u00e4tze im Ausland, TTIP\/CETA etc. h\u00f6hlen Individualgrundrechte aus und unterminieren das Sozialstaats-, das Rechtsstaats- und das Demokratieprinzip. Das ist gegen die Interessen der B\u00fcrger und gegen die Verfassung. Demokratie und Grundrechtsschutz funktionieren auf Dauer nur, wenn die Staatsb\u00fcrger ihre Interessen selbst vertreten k\u00f6nnen, wenn sie selbst \u00fcber ihre Geschicke entscheiden.\u201c (Das K\u00fcnstlerkollektiv).<\/p>\n<p>Die ungenehmigte Stele war von der Polizei in der Nacht des 19.05.2019 wieder entfernt worden. \u201cGrundrechtseingriffe werden wie Lobbygesetze inzwischen hinter verschlossenen T\u00fcren beschlossen. Und genauso hat die Polizei die Stele im Schutze der Nacht entfernt, blitzschnell\u201d (Die K\u00fcnstler).<\/p>\n<p><em>Mehr Infos zur Aktion unter <a href=\"http:\/\/www.deine-verfassung.de\" target=\"_blank\" rel=\"noopener\">www.deine-verfassung.de<\/a> und zum Verein zur Erneuerung der Bundesrepublik an ihren eigenen Idealen unter <a href=\"http:\/\/www.art20gg.de\" target=\"_blank\" rel=\"noopener\">www.art20gg.de<\/a>.<\/em><\/p>\n","protected":false},"excerpt":{"rendered":"<p>Die Berliner Sozialk\u00fcnstlergruppe hinter der Artikel 20 GG-Goldstele am Reichstagsufer bereitet ihren n\u00e4chsten Coup vor. Am 3.10.2019 soll die Stele, auf der unter anderem &#8222;Gegen jeden, der es unternimmt, die grundgesetzliche Ordnung zu beseitigen, haben alle Deutschen das Recht zum&hellip;<\/p>\n","protected":false},"author":1095,"featured_media":916074,"comment_status":"closed","ping_status":"closed","sticky":false,"template":"","format":"standard","meta":{"footnotes":""},"categories":[9150,9161,9145],"tags":[63793,9821,29877,10611,49175],"class_list":["post-916073","post","type-post","status-publish","format-standard","has-post-thumbnail","hentry","category-europa-de","category-menschenrechte","category-pressemitteilungen","tag-artivism","tag-demokratie","tag-grundgesetz","tag-kunstleraktion","tag-verfassung"],"yoast_head":"<!-- This site is optimized with the Yoast SEO plugin v27.1.1 - https:\/\/yoast.com\/product\/yoast-seo-wordpress\/ -->\n<title>Wie sehr leben Sie den Geist der Verfassung Herr Dr. Sch\u00e4uble? - &quot;Artikel 20 GG&quot;-K\u00fcnstlergruppe macht den Praxistest<\/title>\n<meta name=\"description\" content=\"Am 3.10.2019 soll die Stele, auf der unter anderem &quot;Gegen jeden, der es unternimmt, die grundgesetzliche Ordnung zu beseitigen, haben alle Deutschen das Recht zum Widerstand\u201d in goldenen Lettern prangt, offiziell ungenehmigt - erneut aufgerichtet werden.\" \/>\n<meta name=\"robots\" content=\"index, follow, max-snippet:-1, max-image-preview:large, max-video-preview:-1\" \/>\n<link rel=\"canonical\" href=\"https:\/\/www.pressenza.com\/de\/2019\/09\/wie-sehr-leben-sie-den-geist-der-verfassung-herr-dr-schaeuble-artikel-20-gg-kuenstlergruppe-macht-den-praxistest\/\" \/>\n<meta property=\"og:locale\" content=\"de_DE\" \/>\n<meta property=\"og:type\" content=\"article\" \/>\n<meta property=\"og:title\" content=\"Wie sehr leben Sie den Geist der Verfassung Herr Dr. Sch\u00e4uble? - &quot;Artikel 20 GG&quot;-K\u00fcnstlergruppe macht den Praxistest\" \/>\n<meta property=\"og:description\" content=\"Am 3.10.2019 soll die Stele, auf der unter anderem &quot;Gegen jeden, der es unternimmt, die grundgesetzliche Ordnung zu beseitigen, haben alle Deutschen das Recht zum Widerstand\u201d in goldenen Lettern prangt, offiziell ungenehmigt - erneut aufgerichtet werden.\" \/>\n<meta property=\"og:url\" content=\"https:\/\/www.pressenza.com\/de\/2019\/09\/wie-sehr-leben-sie-den-geist-der-verfassung-herr-dr-schaeuble-artikel-20-gg-kuenstlergruppe-macht-den-praxistest\/\" \/>\n<meta property=\"og:site_name\" content=\"Pressenza\" \/>\n<meta property=\"article:publisher\" content=\"https:\/\/www.facebook.com\/PressenzaItalia\" \/>\n<meta property=\"article:author\" content=\"https:\/\/www.facebook.com\/Pressenza-Deutschland-sterreich-Schweiz-281675388658060\/timeline\/\" \/>\n<meta property=\"article:published_time\" content=\"2019-09-11T09:14:26+00:00\" \/>\n<meta property=\"article:modified_time\" content=\"2019-09-11T11:09:16+00:00\" \/>\n<meta property=\"og:image\" content=\"https:\/\/www.pressenza.com\/wp-content\/uploads\/2019\/09\/Artikel_20_GG-K\u00fcnstlergruppe_macht_Praxistest.jpg\" \/>\n\t<meta property=\"og:image:width\" content=\"750\" \/>\n\t<meta property=\"og:image:height\" content=\"415\" \/>\n\t<meta property=\"og:image:type\" content=\"image\/jpeg\" \/>\n<meta name=\"author\" content=\"Pressenza Berlin\" \/>\n<meta name=\"twitter:card\" content=\"summary_large_image\" \/>\n<meta name=\"twitter:creator\" content=\"@pressenza_ger\" \/>\n<meta name=\"twitter:site\" content=\"@PressenzaIPA\" \/>\n<meta name=\"twitter:label1\" content=\"Verfasst von\" \/>\n\t<meta name=\"twitter:data1\" content=\"Pressenza Berlin\" \/>\n\t<meta name=\"twitter:label2\" content=\"Gesch\u00e4tzte Lesezeit\" \/>\n\t<meta name=\"twitter:data2\" content=\"2\u00a0Minuten\" \/>\n<script type=\"application\/ld+json\" class=\"yoast-schema-graph\">{\"@context\":\"https:\/\/schema.org\",\"@graph\":[{\"@type\":\"Article\",\"@id\":\"https:\/\/www.pressenza.com\/de\/2019\/09\/wie-sehr-leben-sie-den-geist-der-verfassung-herr-dr-schaeuble-artikel-20-gg-kuenstlergruppe-macht-den-praxistest\/#article\",\"isPartOf\":{\"@id\":\"https:\/\/www.pressenza.com\/de\/2019\/09\/wie-sehr-leben-sie-den-geist-der-verfassung-herr-dr-schaeuble-artikel-20-gg-kuenstlergruppe-macht-den-praxistest\/\"},\"author\":{\"name\":\"Pressenza Berlin\",\"@id\":\"https:\/\/www.pressenza.com\/de\/#\/schema\/person\/57bb5480943a496a7722b0248e4b658a\"},\"headline\":\"Wie sehr leben Sie den Geist der Verfassung Herr Dr. Sch\u00e4uble? &#8211; &#8222;Artikel 20 GG&#8220;-K\u00fcnstlergruppe macht den Praxistest\",\"datePublished\":\"2019-09-11T09:14:26+00:00\",\"dateModified\":\"2019-09-11T11:09:16+00:00\",\"mainEntityOfPage\":{\"@id\":\"https:\/\/www.pressenza.com\/de\/2019\/09\/wie-sehr-leben-sie-den-geist-der-verfassung-herr-dr-schaeuble-artikel-20-gg-kuenstlergruppe-macht-den-praxistest\/\"},\"wordCount\":450,\"publisher\":{\"@id\":\"https:\/\/www.pressenza.com\/de\/#organization\"},\"image\":{\"@id\":\"https:\/\/www.pressenza.com\/de\/2019\/09\/wie-sehr-leben-sie-den-geist-der-verfassung-herr-dr-schaeuble-artikel-20-gg-kuenstlergruppe-macht-den-praxistest\/#primaryimage\"},\"thumbnailUrl\":\"https:\/\/www.pressenza.com\/wp-content\/uploads\/2019\/09\/Artikel_20_GG-K\u00fcnstlergruppe_macht_Praxistest.jpg\",\"keywords\":[\"Artivism\",\"Demokratie\",\"Grundgesetz\",\"K\u00fcnstleraktion\",\"Verfassung\"],\"articleSection\":[\"Europa\",\"Menschenrechte\",\"Pressemitteilungen\"],\"inLanguage\":\"de\"},{\"@type\":\"WebPage\",\"@id\":\"https:\/\/www.pressenza.com\/de\/2019\/09\/wie-sehr-leben-sie-den-geist-der-verfassung-herr-dr-schaeuble-artikel-20-gg-kuenstlergruppe-macht-den-praxistest\/\",\"url\":\"https:\/\/www.pressenza.com\/de\/2019\/09\/wie-sehr-leben-sie-den-geist-der-verfassung-herr-dr-schaeuble-artikel-20-gg-kuenstlergruppe-macht-den-praxistest\/\",\"name\":\"Wie sehr leben Sie den Geist der Verfassung Herr Dr. Sch\u00e4uble? - \\\"Artikel 20 GG\\\"-K\u00fcnstlergruppe macht den Praxistest\",\"isPartOf\":{\"@id\":\"https:\/\/www.pressenza.com\/de\/#website\"},\"primaryImageOfPage\":{\"@id\":\"https:\/\/www.pressenza.com\/de\/2019\/09\/wie-sehr-leben-sie-den-geist-der-verfassung-herr-dr-schaeuble-artikel-20-gg-kuenstlergruppe-macht-den-praxistest\/#primaryimage\"},\"image\":{\"@id\":\"https:\/\/www.pressenza.com\/de\/2019\/09\/wie-sehr-leben-sie-den-geist-der-verfassung-herr-dr-schaeuble-artikel-20-gg-kuenstlergruppe-macht-den-praxistest\/#primaryimage\"},\"thumbnailUrl\":\"https:\/\/www.pressenza.com\/wp-content\/uploads\/2019\/09\/Artikel_20_GG-K\u00fcnstlergruppe_macht_Praxistest.jpg\",\"datePublished\":\"2019-09-11T09:14:26+00:00\",\"dateModified\":\"2019-09-11T11:09:16+00:00\",\"description\":\"Am 3.10.2019 soll die Stele, auf der unter anderem \\\"Gegen jeden, der es unternimmt, die grundgesetzliche Ordnung zu beseitigen, haben alle Deutschen das Recht zum Widerstand\u201d in goldenen Lettern prangt, offiziell ungenehmigt - erneut aufgerichtet werden.\",\"breadcrumb\":{\"@id\":\"https:\/\/www.pressenza.com\/de\/2019\/09\/wie-sehr-leben-sie-den-geist-der-verfassung-herr-dr-schaeuble-artikel-20-gg-kuenstlergruppe-macht-den-praxistest\/#breadcrumb\"},\"inLanguage\":\"de\",\"potentialAction\":[{\"@type\":\"ReadAction\",\"target\":[\"https:\/\/www.pressenza.com\/de\/2019\/09\/wie-sehr-leben-sie-den-geist-der-verfassung-herr-dr-schaeuble-artikel-20-gg-kuenstlergruppe-macht-den-praxistest\/\"]}]},{\"@type\":\"ImageObject\",\"inLanguage\":\"de\",\"@id\":\"https:\/\/www.pressenza.com\/de\/2019\/09\/wie-sehr-leben-sie-den-geist-der-verfassung-herr-dr-schaeuble-artikel-20-gg-kuenstlergruppe-macht-den-praxistest\/#primaryimage\",\"url\":\"https:\/\/www.pressenza.com\/wp-content\/uploads\/2019\/09\/Artikel_20_GG-K\u00fcnstlergruppe_macht_Praxistest.jpg\",\"contentUrl\":\"https:\/\/www.pressenza.com\/wp-content\/uploads\/2019\/09\/Artikel_20_GG-K\u00fcnstlergruppe_macht_Praxistest.jpg\",\"width\":750,\"height\":415,\"caption\":\"Wie sehr leben Sie den Geist der Verfassung Herr Dr. Sch\u00e4uble? - \\\"Artikel 20 GG\\\"-K\u00fcnstlergruppe macht den Praxistest\"},{\"@type\":\"BreadcrumbList\",\"@id\":\"https:\/\/www.pressenza.com\/de\/2019\/09\/wie-sehr-leben-sie-den-geist-der-verfassung-herr-dr-schaeuble-artikel-20-gg-kuenstlergruppe-macht-den-praxistest\/#breadcrumb\",\"itemListElement\":[{\"@type\":\"ListItem\",\"position\":1,\"name\":\"Accueil\",\"item\":\"https:\/\/www.pressenza.com\/de\/\"},{\"@type\":\"ListItem\",\"position\":2,\"name\":\"Wie sehr leben Sie den Geist der Verfassung Herr Dr. Sch\u00e4uble? &#8211; &#8222;Artikel 20 GG&#8220;-K\u00fcnstlergruppe macht den Praxistest\"}]},{\"@type\":\"WebSite\",\"@id\":\"https:\/\/www.pressenza.com\/de\/#website\",\"url\":\"https:\/\/www.pressenza.com\/de\/\",\"name\":\"Pressenza\",\"description\":\"International Press Agency\",\"publisher\":{\"@id\":\"https:\/\/www.pressenza.com\/de\/#organization\"},\"potentialAction\":[{\"@type\":\"SearchAction\",\"target\":{\"@type\":\"EntryPoint\",\"urlTemplate\":\"https:\/\/www.pressenza.com\/de\/?s={search_term_string}\"},\"query-input\":{\"@type\":\"PropertyValueSpecification\",\"valueRequired\":true,\"valueName\":\"search_term_string\"}}],\"inLanguage\":\"de\"},{\"@type\":\"Organization\",\"@id\":\"https:\/\/www.pressenza.com\/de\/#organization\",\"name\":\"Pressenza\",\"url\":\"https:\/\/www.pressenza.com\/de\/\",\"logo\":{\"@type\":\"ImageObject\",\"inLanguage\":\"de\",\"@id\":\"https:\/\/www.pressenza.com\/de\/#\/schema\/logo\/image\/\",\"url\":\"https:\/\/www.pressenza.com\/wp-content\/uploads\/2022\/10\/pressenza_logo_200x200.jpg\",\"contentUrl\":\"https:\/\/www.pressenza.com\/wp-content\/uploads\/2022\/10\/pressenza_logo_200x200.jpg\",\"width\":200,\"height\":200,\"caption\":\"Pressenza\"},\"image\":{\"@id\":\"https:\/\/www.pressenza.com\/de\/#\/schema\/logo\/image\/\"},\"sameAs\":[\"https:\/\/www.facebook.com\/PressenzaItalia\",\"https:\/\/x.com\/PressenzaIPA\"]},{\"@type\":\"Person\",\"@id\":\"https:\/\/www.pressenza.com\/de\/#\/schema\/person\/57bb5480943a496a7722b0248e4b658a\",\"name\":\"Pressenza Berlin\",\"description\":\"News from the Pressenza Bureau in Berlin, Germany\",\"sameAs\":[\"https:\/\/www.facebook.com\/Pressenza-Deutschland-sterreich-Schweiz-281675388658060\/timeline\/\",\"https:\/\/x.com\/pressenza_ger\"],\"url\":\"https:\/\/www.pressenza.com\/de\/author\/pressenza-berlin\/\"}]}<\/script>\n<!-- \/ Yoast SEO plugin. -->","yoast_head_json":{"title":"Wie sehr leben Sie den Geist der Verfassung Herr Dr. Sch\u00e4uble? - \"Artikel 20 GG\"-K\u00fcnstlergruppe macht den Praxistest","description":"Am 3.10.2019 soll die Stele, auf der unter anderem \"Gegen jeden, der es unternimmt, die grundgesetzliche Ordnung zu beseitigen, haben alle Deutschen das Recht zum Widerstand\u201d in goldenen Lettern prangt, offiziell ungenehmigt - erneut aufgerichtet werden.","robots":{"index":"index","follow":"follow","max-snippet":"max-snippet:-1","max-image-preview":"max-image-preview:large","max-video-preview":"max-video-preview:-1"},"canonical":"https:\/\/www.pressenza.com\/de\/2019\/09\/wie-sehr-leben-sie-den-geist-der-verfassung-herr-dr-schaeuble-artikel-20-gg-kuenstlergruppe-macht-den-praxistest\/","og_locale":"de_DE","og_type":"article","og_title":"Wie sehr leben Sie den Geist der Verfassung Herr Dr. Sch\u00e4uble? - \"Artikel 20 GG\"-K\u00fcnstlergruppe macht den Praxistest","og_description":"Am 3.10.2019 soll die Stele, auf der unter anderem \"Gegen jeden, der es unternimmt, die grundgesetzliche Ordnung zu beseitigen, haben alle Deutschen das Recht zum Widerstand\u201d in goldenen Lettern prangt, offiziell ungenehmigt - erneut aufgerichtet werden.","og_url":"https:\/\/www.pressenza.com\/de\/2019\/09\/wie-sehr-leben-sie-den-geist-der-verfassung-herr-dr-schaeuble-artikel-20-gg-kuenstlergruppe-macht-den-praxistest\/","og_site_name":"Pressenza","article_publisher":"https:\/\/www.facebook.com\/PressenzaItalia","article_author":"https:\/\/www.facebook.com\/Pressenza-Deutschland-sterreich-Schweiz-281675388658060\/timeline\/","article_published_time":"2019-09-11T09:14:26+00:00","article_modified_time":"2019-09-11T11:09:16+00:00","og_image":[{"width":750,"height":415,"url":"https:\/\/www.pressenza.com\/wp-content\/uploads\/2019\/09\/Artikel_20_GG-K\u00fcnstlergruppe_macht_Praxistest.jpg","type":"image\/jpeg"}],"author":"Pressenza Berlin","twitter_card":"summary_large_image","twitter_creator":"@pressenza_ger","twitter_site":"@PressenzaIPA","twitter_misc":{"Verfasst von":"Pressenza Berlin","Gesch\u00e4tzte Lesezeit":"2\u00a0Minuten"},"schema":{"@context":"https:\/\/schema.org","@graph":[{"@type":"Article","@id":"https:\/\/www.pressenza.com\/de\/2019\/09\/wie-sehr-leben-sie-den-geist-der-verfassung-herr-dr-schaeuble-artikel-20-gg-kuenstlergruppe-macht-den-praxistest\/#article","isPartOf":{"@id":"https:\/\/www.pressenza.com\/de\/2019\/09\/wie-sehr-leben-sie-den-geist-der-verfassung-herr-dr-schaeuble-artikel-20-gg-kuenstlergruppe-macht-den-praxistest\/"},"author":{"name":"Pressenza Berlin","@id":"https:\/\/www.pressenza.com\/de\/#\/schema\/person\/57bb5480943a496a7722b0248e4b658a"},"headline":"Wie sehr leben Sie den Geist der Verfassung Herr Dr. Sch\u00e4uble? &#8211; &#8222;Artikel 20 GG&#8220;-K\u00fcnstlergruppe macht den Praxistest","datePublished":"2019-09-11T09:14:26+00:00","dateModified":"2019-09-11T11:09:16+00:00","mainEntityOfPage":{"@id":"https:\/\/www.pressenza.com\/de\/2019\/09\/wie-sehr-leben-sie-den-geist-der-verfassung-herr-dr-schaeuble-artikel-20-gg-kuenstlergruppe-macht-den-praxistest\/"},"wordCount":450,"publisher":{"@id":"https:\/\/www.pressenza.com\/de\/#organization"},"image":{"@id":"https:\/\/www.pressenza.com\/de\/2019\/09\/wie-sehr-leben-sie-den-geist-der-verfassung-herr-dr-schaeuble-artikel-20-gg-kuenstlergruppe-macht-den-praxistest\/#primaryimage"},"thumbnailUrl":"https:\/\/www.pressenza.com\/wp-content\/uploads\/2019\/09\/Artikel_20_GG-K\u00fcnstlergruppe_macht_Praxistest.jpg","keywords":["Artivism","Demokratie","Grundgesetz","K\u00fcnstleraktion","Verfassung"],"articleSection":["Europa","Menschenrechte","Pressemitteilungen"],"inLanguage":"de"},{"@type":"WebPage","@id":"https:\/\/www.pressenza.com\/de\/2019\/09\/wie-sehr-leben-sie-den-geist-der-verfassung-herr-dr-schaeuble-artikel-20-gg-kuenstlergruppe-macht-den-praxistest\/","url":"https:\/\/www.pressenza.com\/de\/2019\/09\/wie-sehr-leben-sie-den-geist-der-verfassung-herr-dr-schaeuble-artikel-20-gg-kuenstlergruppe-macht-den-praxistest\/","name":"Wie sehr leben Sie den Geist der Verfassung Herr Dr. Sch\u00e4uble? - \"Artikel 20 GG\"-K\u00fcnstlergruppe macht den Praxistest","isPartOf":{"@id":"https:\/\/www.pressenza.com\/de\/#website"},"primaryImageOfPage":{"@id":"https:\/\/www.pressenza.com\/de\/2019\/09\/wie-sehr-leben-sie-den-geist-der-verfassung-herr-dr-schaeuble-artikel-20-gg-kuenstlergruppe-macht-den-praxistest\/#primaryimage"},"image":{"@id":"https:\/\/www.pressenza.com\/de\/2019\/09\/wie-sehr-leben-sie-den-geist-der-verfassung-herr-dr-schaeuble-artikel-20-gg-kuenstlergruppe-macht-den-praxistest\/#primaryimage"},"thumbnailUrl":"https:\/\/www.pressenza.com\/wp-content\/uploads\/2019\/09\/Artikel_20_GG-K\u00fcnstlergruppe_macht_Praxistest.jpg","datePublished":"2019-09-11T09:14:26+00:00","dateModified":"2019-09-11T11:09:16+00:00","description":"Am 3.10.2019 soll die Stele, auf der unter anderem \"Gegen jeden, der es unternimmt, die grundgesetzliche Ordnung zu beseitigen, haben alle Deutschen das Recht zum Widerstand\u201d in goldenen Lettern prangt, offiziell ungenehmigt - erneut aufgerichtet werden.","breadcrumb":{"@id":"https:\/\/www.pressenza.com\/de\/2019\/09\/wie-sehr-leben-sie-den-geist-der-verfassung-herr-dr-schaeuble-artikel-20-gg-kuenstlergruppe-macht-den-praxistest\/#breadcrumb"},"inLanguage":"de","potentialAction":[{"@type":"ReadAction","target":["https:\/\/www.pressenza.com\/de\/2019\/09\/wie-sehr-leben-sie-den-geist-der-verfassung-herr-dr-schaeuble-artikel-20-gg-kuenstlergruppe-macht-den-praxistest\/"]}]},{"@type":"ImageObject","inLanguage":"de","@id":"https:\/\/www.pressenza.com\/de\/2019\/09\/wie-sehr-leben-sie-den-geist-der-verfassung-herr-dr-schaeuble-artikel-20-gg-kuenstlergruppe-macht-den-praxistest\/#primaryimage","url":"https:\/\/www.pressenza.com\/wp-content\/uploads\/2019\/09\/Artikel_20_GG-K\u00fcnstlergruppe_macht_Praxistest.jpg","contentUrl":"https:\/\/www.pressenza.com\/wp-content\/uploads\/2019\/09\/Artikel_20_GG-K\u00fcnstlergruppe_macht_Praxistest.jpg","width":750,"height":415,"caption":"Wie sehr leben Sie den Geist der Verfassung Herr Dr. Sch\u00e4uble? - \"Artikel 20 GG\"-K\u00fcnstlergruppe macht den Praxistest"},{"@type":"BreadcrumbList","@id":"https:\/\/www.pressenza.com\/de\/2019\/09\/wie-sehr-leben-sie-den-geist-der-verfassung-herr-dr-schaeuble-artikel-20-gg-kuenstlergruppe-macht-den-praxistest\/#breadcrumb","itemListElement":[{"@type":"ListItem","position":1,"name":"Accueil","item":"https:\/\/www.pressenza.com\/de\/"},{"@type":"ListItem","position":2,"name":"Wie sehr leben Sie den Geist der Verfassung Herr Dr. Sch\u00e4uble? &#8211; &#8222;Artikel 20 GG&#8220;-K\u00fcnstlergruppe macht den Praxistest"}]},{"@type":"WebSite","@id":"https:\/\/www.pressenza.com\/de\/#website","url":"https:\/\/www.pressenza.com\/de\/","name":"Pressenza","description":"International Press Agency","publisher":{"@id":"https:\/\/www.pressenza.com\/de\/#organization"},"potentialAction":[{"@type":"SearchAction","target":{"@type":"EntryPoint","urlTemplate":"https:\/\/www.pressenza.com\/de\/?s={search_term_string}"},"query-input":{"@type":"PropertyValueSpecification","valueRequired":true,"valueName":"search_term_string"}}],"inLanguage":"de"},{"@type":"Organization","@id":"https:\/\/www.pressenza.com\/de\/#organization","name":"Pressenza","url":"https:\/\/www.pressenza.com\/de\/","logo":{"@type":"ImageObject","inLanguage":"de","@id":"https:\/\/www.pressenza.com\/de\/#\/schema\/logo\/image\/","url":"https:\/\/www.pressenza.com\/wp-content\/uploads\/2022\/10\/pressenza_logo_200x200.jpg","contentUrl":"https:\/\/www.pressenza.com\/wp-content\/uploads\/2022\/10\/pressenza_logo_200x200.jpg","width":200,"height":200,"caption":"Pressenza"},"image":{"@id":"https:\/\/www.pressenza.com\/de\/#\/schema\/logo\/image\/"},"sameAs":["https:\/\/www.facebook.com\/PressenzaItalia","https:\/\/x.com\/PressenzaIPA"]},{"@type":"Person","@id":"https:\/\/www.pressenza.com\/de\/#\/schema\/person\/57bb5480943a496a7722b0248e4b658a","name":"Pressenza Berlin","description":"News from the Pressenza Bureau in Berlin, Germany","sameAs":["https:\/\/www.facebook.com\/Pressenza-Deutschland-sterreich-Schweiz-281675388658060\/timeline\/","https:\/\/x.com\/pressenza_ger"],"url":"https:\/\/www.pressenza.com\/de\/author\/pressenza-berlin\/"}]}},"place":"","original_article_url":"","_links":{"self":[{"href":"https:\/\/www.pressenza.com\/de\/wp-json\/wp\/v2\/posts\/916073","targetHints":{"allow":["GET"]}}],"collection":[{"href":"https:\/\/www.pressenza.com\/de\/wp-json\/wp\/v2\/posts"}],"about":[{"href":"https:\/\/www.pressenza.com\/de\/wp-json\/wp\/v2\/types\/post"}],"author":[{"embeddable":true,"href":"https:\/\/www.pressenza.com\/de\/wp-json\/wp\/v2\/users\/1095"}],"replies":[{"embeddable":true,"href":"https:\/\/www.pressenza.com\/de\/wp-json\/wp\/v2\/comments?post=916073"}],"version-history":[{"count":0,"href":"https:\/\/www.pressenza.com\/de\/wp-json\/wp\/v2\/posts\/916073\/revisions"}],"wp:featuredmedia":[{"embeddable":true,"href":"https:\/\/www.pressenza.com\/de\/wp-json\/wp\/v2\/media\/916074"}],"wp:attachment":[{"href":"https:\/\/www.pressenza.com\/de\/wp-json\/wp\/v2\/media?parent=916073"}],"wp:term":[{"taxonomy":"category","embeddable":true,"href":"https:\/\/www.pressenza.com\/de\/wp-json\/wp\/v2\/categories?post=916073"},{"taxonomy":"post_tag","embeddable":true,"href":"https:\/\/www.pressenza.com\/de\/wp-json\/wp\/v2\/tags?post=916073"}],"curies":[{"name":"wp","href":"https:\/\/api.w.org\/{rel}","templated":true}]}}