{"id":91213,"date":"2014-03-03T19:36:31","date_gmt":"2014-03-03T19:36:31","guid":{"rendered":"http:\/\/www.pressenza.com\/?p=91213"},"modified":"2014-03-03T19:36:31","modified_gmt":"2014-03-03T19:36:31","slug":"friedensbewegung-startet-projekt-munchhausen-um-kriegslugen-bloszustellen","status":"publish","type":"post","link":"https:\/\/www.pressenza.com\/de\/2014\/03\/friedensbewegung-startet-projekt-munchhausen-um-kriegslugen-bloszustellen\/","title":{"rendered":"Friedensbewegung startet &#8222;Projekt M\u00fcnchhausen&#8220;, um Kriegsl\u00fcgen blo\u00dfzustellen"},"content":{"rendered":"<p>Auf Initiative des bekannten Friedensforschers, Prof. Dr. Andreas Buro,<br \/>\nhaben namhafte Wissenschaftler und Pers\u00f6nlichkeiten aus der deutschen<br \/>\nFriedensbewegung das &#8222;Projekt M\u00fcnchhausen&#8220; gestartet, um Kriegsl\u00fcgen<br \/>\nblo\u00dfzustellen.<\/p>\n<p>Bei diesem Projekt geht es darum, Legitimationsideologien vom &#8222;Gerechten Krieg&#8220;,<br \/>\ndem &#8222;Milit\u00e4r als letztem Mittel&#8220;, der &#8222;Humanit\u00e4ren Intervention&#8220; und andere<br \/>\nals L\u00fcgen zu entlarven, die dazu dienen sollen, der Bev\u00f6lkerung R\u00fcstung und<br \/>\nKrieg schmackhaft zu machen.<\/p>\n<p>Die erste L\u00fcgengeschichte widmet Prof. Buro den h\u00f6chst aktuellen Begr\u00fcndungen<br \/>\nf\u00fcr <a title=\"Mali\" href=\"http:\/\/aixpaix.de\/muenchhausen\/mali.html\">Milit\u00e4rinterventionen Frankreichs in Mali<\/a>, in die auch die Bundeswehr<br \/>\neinbezogen ist.<br \/>\nWeitere L\u00fcgengeschichten thematisieren bereits zum Starttermin den <a title=\"Golfkrieg\" href=\"http:\/\/aixpaix.de\/muenchhausen\/golf.html\">Irak-Krieg<\/a><br \/>\n<a title=\"Golfkrieg\" href=\"http:\/\/aixpaix.de\/muenchhausen\/golf.html\"> von 1990\/1991<\/a> und die <a title=\"Gerechter Krieg\" href=\"http:\/\/aixpaix.de\/muenchhausen\/krieg.html\">Ideologie vom &#8222;Gerechten Krieg&#8220;<\/a>.<\/p>\n<p>K\u00fcnftig sollen neben &#8222;L\u00fcgengeschichten des Monats&#8220; mit aktuellem Bezug auch<br \/>\nweitere historische Themen behandelt werden.<\/p>\n<p>Zum Autorenteam geh\u00f6ren neben Prof. Buro, Prof. Dr. Werner Ruf,<br \/>\nder Milit\u00e4rhistoriker Prof. Wolfram Wette, Prof. Volker Matthies, aus der<br \/>\nFriedensforscherung Dr. Christine Schweitzer und Dr. Peter Strutynski,<br \/>\nder Autor der &#8222;Frankfurter Rundschau&#8220; Karl Grobe, die Bundesvorsitzende von<br \/>\npax christi, Wiltrud R\u00f6sch-Metzler und der friedenspolitische Referent des<br \/>\nDeutschen Zweigs des Internationalen Vers\u00f6hnungsbundes, Clemens Ronnefeld<br \/>\nsowie weitere Fachautoren.<\/p>\n<p>Das &#8222;Projekt M\u00fcnchhausen&#8220; erscheint als eigene Rubrik im Aachener<br \/>\nFriedensmagazin\u00a0<a title=\"M\u00fcnchhausen\" href=\"http:\/\/aixpaix.de\/muenchhausen\/muenchhausen.html\" target=\"_blank\" rel=\"nofollow\">www.aixpaix.de<\/a>\u00a0und steht dar\u00fcber hinaus allen Medien<br \/>\nzur kostenfreien Ver\u00f6ffentlichung zur Verf\u00fcgung.<\/p>\n","protected":false},"excerpt":{"rendered":"<p>Auf Initiative des bekannten Friedensforschers, Prof. Dr. Andreas Buro, haben namhafte Wissenschaftler und Pers\u00f6nlichkeiten aus der deutschen Friedensbewegung das &#8222;Projekt M\u00fcnchhausen&#8220; gestartet, um Kriegsl\u00fcgen blo\u00dfzustellen. Bei diesem Projekt geht es darum, Legitimationsideologien vom &#8222;Gerechten Krieg&#8220;, dem &#8222;Milit\u00e4r als letztem Mittel&#8220;,&hellip;<\/p>\n","protected":false},"author":1095,"featured_media":91216,"comment_status":"closed","ping_status":"open","sticky":false,"template":"","format":"standard","meta":{"footnotes":""},"categories":[9150,9167,9164,9145],"tags":[9262,9358,9357],"class_list":["post-91213","post","type-post","status-publish","format-standard","has-post-thumbnail","hentry","category-europa-de","category-frieden-und-abruestung","category-internationale-angelegenheiten","category-pressemitteilungen","tag-frieden","tag-friedensbewegung","tag-kriegsgrunde"],"yoast_head":"<!-- This site is optimized with the Yoast SEO plugin v27.1.1 - https:\/\/yoast.com\/product\/yoast-seo-wordpress\/ -->\n<title>Friedensbewegung startet &quot;Projekt M\u00fcnchhausen&quot;, um Kriegsl\u00fcgen blo\u00dfzustellen<\/title>\n<meta name=\"description\" content=\"Auf Initiative des bekannten Friedensforschers, Prof. Dr. Andreas Buro, haben namhafte Wissenschaftler und Pers\u00f6nlichkeiten aus der deutschen\" \/>\n<meta name=\"robots\" content=\"index, follow, max-snippet:-1, max-image-preview:large, max-video-preview:-1\" \/>\n<link rel=\"canonical\" href=\"https:\/\/www.pressenza.com\/de\/2014\/03\/friedensbewegung-startet-projekt-munchhausen-um-kriegslugen-bloszustellen\/\" \/>\n<meta property=\"og:locale\" content=\"de_DE\" \/>\n<meta property=\"og:type\" content=\"article\" \/>\n<meta property=\"og:title\" content=\"Friedensbewegung startet &quot;Projekt M\u00fcnchhausen&quot;, um Kriegsl\u00fcgen blo\u00dfzustellen\" \/>\n<meta property=\"og:description\" content=\"Auf Initiative des bekannten Friedensforschers, Prof. Dr. Andreas Buro, haben namhafte Wissenschaftler und Pers\u00f6nlichkeiten aus der deutschen\" \/>\n<meta property=\"og:url\" content=\"https:\/\/www.pressenza.com\/de\/2014\/03\/friedensbewegung-startet-projekt-munchhausen-um-kriegslugen-bloszustellen\/\" \/>\n<meta property=\"og:site_name\" content=\"Pressenza\" \/>\n<meta property=\"article:publisher\" content=\"https:\/\/www.facebook.com\/PressenzaItalia\" \/>\n<meta property=\"article:author\" content=\"https:\/\/www.facebook.com\/Pressenza-Deutschland-sterreich-Schweiz-281675388658060\/timeline\/\" \/>\n<meta property=\"article:published_time\" content=\"2014-03-03T19:36:31+00:00\" \/>\n<meta property=\"og:image\" content=\"https:\/\/www.pressenza.com\/wp-content\/uploads\/2014\/03\/612px-M\u00fcnchhausen-AWille1.jpg\" \/>\n\t<meta property=\"og:image:width\" content=\"612\" \/>\n\t<meta property=\"og:image:height\" content=\"533\" \/>\n\t<meta property=\"og:image:type\" content=\"image\/jpeg\" \/>\n<meta name=\"author\" content=\"Pressenza Berlin\" \/>\n<meta name=\"twitter:card\" content=\"summary_large_image\" \/>\n<meta name=\"twitter:creator\" content=\"@pressenza_ger\" \/>\n<meta name=\"twitter:site\" content=\"@PressenzaIPA\" \/>\n<meta name=\"twitter:label1\" content=\"Verfasst von\" \/>\n\t<meta name=\"twitter:data1\" content=\"Pressenza Berlin\" \/>\n\t<meta name=\"twitter:label2\" content=\"Gesch\u00e4tzte Lesezeit\" \/>\n\t<meta name=\"twitter:data2\" content=\"1\u00a0Minute\" \/>\n<script type=\"application\/ld+json\" class=\"yoast-schema-graph\">{\"@context\":\"https:\/\/schema.org\",\"@graph\":[{\"@type\":\"Article\",\"@id\":\"https:\/\/www.pressenza.com\/de\/2014\/03\/friedensbewegung-startet-projekt-munchhausen-um-kriegslugen-bloszustellen\/#article\",\"isPartOf\":{\"@id\":\"https:\/\/www.pressenza.com\/de\/2014\/03\/friedensbewegung-startet-projekt-munchhausen-um-kriegslugen-bloszustellen\/\"},\"author\":{\"name\":\"Pressenza Berlin\",\"@id\":\"https:\/\/www.pressenza.com\/de\/#\/schema\/person\/57bb5480943a496a7722b0248e4b658a\"},\"headline\":\"Friedensbewegung startet &#8222;Projekt M\u00fcnchhausen&#8220;, um Kriegsl\u00fcgen blo\u00dfzustellen\",\"datePublished\":\"2014-03-03T19:36:31+00:00\",\"mainEntityOfPage\":{\"@id\":\"https:\/\/www.pressenza.com\/de\/2014\/03\/friedensbewegung-startet-projekt-munchhausen-um-kriegslugen-bloszustellen\/\"},\"wordCount\":229,\"publisher\":{\"@id\":\"https:\/\/www.pressenza.com\/de\/#organization\"},\"image\":{\"@id\":\"https:\/\/www.pressenza.com\/de\/2014\/03\/friedensbewegung-startet-projekt-munchhausen-um-kriegslugen-bloszustellen\/#primaryimage\"},\"thumbnailUrl\":\"https:\/\/www.pressenza.com\/wp-content\/uploads\/2014\/03\/612px-M\u00fcnchhausen-AWille1.jpg\",\"keywords\":[\"Frieden\",\"Friedensbewegung\",\"Kriegsgr\u00fcnde\"],\"articleSection\":[\"Europa\",\"Frieden und Abr\u00fcstung\",\"Internationale Angelegenheiten\",\"Pressemitteilungen\"],\"inLanguage\":\"de\"},{\"@type\":\"WebPage\",\"@id\":\"https:\/\/www.pressenza.com\/de\/2014\/03\/friedensbewegung-startet-projekt-munchhausen-um-kriegslugen-bloszustellen\/\",\"url\":\"https:\/\/www.pressenza.com\/de\/2014\/03\/friedensbewegung-startet-projekt-munchhausen-um-kriegslugen-bloszustellen\/\",\"name\":\"Friedensbewegung startet \\\"Projekt M\u00fcnchhausen\\\", um Kriegsl\u00fcgen blo\u00dfzustellen\",\"isPartOf\":{\"@id\":\"https:\/\/www.pressenza.com\/de\/#website\"},\"primaryImageOfPage\":{\"@id\":\"https:\/\/www.pressenza.com\/de\/2014\/03\/friedensbewegung-startet-projekt-munchhausen-um-kriegslugen-bloszustellen\/#primaryimage\"},\"image\":{\"@id\":\"https:\/\/www.pressenza.com\/de\/2014\/03\/friedensbewegung-startet-projekt-munchhausen-um-kriegslugen-bloszustellen\/#primaryimage\"},\"thumbnailUrl\":\"https:\/\/www.pressenza.com\/wp-content\/uploads\/2014\/03\/612px-M\u00fcnchhausen-AWille1.jpg\",\"datePublished\":\"2014-03-03T19:36:31+00:00\",\"description\":\"Auf Initiative des bekannten Friedensforschers, Prof. Dr. Andreas Buro, haben namhafte Wissenschaftler und Pers\u00f6nlichkeiten aus der deutschen\",\"breadcrumb\":{\"@id\":\"https:\/\/www.pressenza.com\/de\/2014\/03\/friedensbewegung-startet-projekt-munchhausen-um-kriegslugen-bloszustellen\/#breadcrumb\"},\"inLanguage\":\"de\",\"potentialAction\":[{\"@type\":\"ReadAction\",\"target\":[\"https:\/\/www.pressenza.com\/de\/2014\/03\/friedensbewegung-startet-projekt-munchhausen-um-kriegslugen-bloszustellen\/\"]}]},{\"@type\":\"ImageObject\",\"inLanguage\":\"de\",\"@id\":\"https:\/\/www.pressenza.com\/de\/2014\/03\/friedensbewegung-startet-projekt-munchhausen-um-kriegslugen-bloszustellen\/#primaryimage\",\"url\":\"https:\/\/www.pressenza.com\/wp-content\/uploads\/2014\/03\/612px-M\u00fcnchhausen-AWille1.jpg\",\"contentUrl\":\"https:\/\/www.pressenza.com\/wp-content\/uploads\/2014\/03\/612px-M\u00fcnchhausen-AWille1.jpg\",\"width\":612,\"height\":533},{\"@type\":\"BreadcrumbList\",\"@id\":\"https:\/\/www.pressenza.com\/de\/2014\/03\/friedensbewegung-startet-projekt-munchhausen-um-kriegslugen-bloszustellen\/#breadcrumb\",\"itemListElement\":[{\"@type\":\"ListItem\",\"position\":1,\"name\":\"Accueil\",\"item\":\"https:\/\/www.pressenza.com\/de\/\"},{\"@type\":\"ListItem\",\"position\":2,\"name\":\"Friedensbewegung startet &#8222;Projekt M\u00fcnchhausen&#8220;, um Kriegsl\u00fcgen blo\u00dfzustellen\"}]},{\"@type\":\"WebSite\",\"@id\":\"https:\/\/www.pressenza.com\/de\/#website\",\"url\":\"https:\/\/www.pressenza.com\/de\/\",\"name\":\"Pressenza\",\"description\":\"International Press Agency\",\"publisher\":{\"@id\":\"https:\/\/www.pressenza.com\/de\/#organization\"},\"potentialAction\":[{\"@type\":\"SearchAction\",\"target\":{\"@type\":\"EntryPoint\",\"urlTemplate\":\"https:\/\/www.pressenza.com\/de\/?s={search_term_string}\"},\"query-input\":{\"@type\":\"PropertyValueSpecification\",\"valueRequired\":true,\"valueName\":\"search_term_string\"}}],\"inLanguage\":\"de\"},{\"@type\":\"Organization\",\"@id\":\"https:\/\/www.pressenza.com\/de\/#organization\",\"name\":\"Pressenza\",\"url\":\"https:\/\/www.pressenza.com\/de\/\",\"logo\":{\"@type\":\"ImageObject\",\"inLanguage\":\"de\",\"@id\":\"https:\/\/www.pressenza.com\/de\/#\/schema\/logo\/image\/\",\"url\":\"https:\/\/www.pressenza.com\/wp-content\/uploads\/2022\/10\/pressenza_logo_200x200.jpg\",\"contentUrl\":\"https:\/\/www.pressenza.com\/wp-content\/uploads\/2022\/10\/pressenza_logo_200x200.jpg\",\"width\":200,\"height\":200,\"caption\":\"Pressenza\"},\"image\":{\"@id\":\"https:\/\/www.pressenza.com\/de\/#\/schema\/logo\/image\/\"},\"sameAs\":[\"https:\/\/www.facebook.com\/PressenzaItalia\",\"https:\/\/x.com\/PressenzaIPA\"]},{\"@type\":\"Person\",\"@id\":\"https:\/\/www.pressenza.com\/de\/#\/schema\/person\/57bb5480943a496a7722b0248e4b658a\",\"name\":\"Pressenza Berlin\",\"description\":\"News from the Pressenza Bureau in Berlin, Germany\",\"sameAs\":[\"https:\/\/www.facebook.com\/Pressenza-Deutschland-sterreich-Schweiz-281675388658060\/timeline\/\",\"https:\/\/x.com\/pressenza_ger\"],\"url\":\"https:\/\/www.pressenza.com\/de\/author\/pressenza-berlin\/\"}]}<\/script>\n<!-- \/ Yoast SEO plugin. -->","yoast_head_json":{"title":"Friedensbewegung startet \"Projekt M\u00fcnchhausen\", um Kriegsl\u00fcgen blo\u00dfzustellen","description":"Auf Initiative des bekannten Friedensforschers, Prof. Dr. Andreas Buro, haben namhafte Wissenschaftler und Pers\u00f6nlichkeiten aus der deutschen","robots":{"index":"index","follow":"follow","max-snippet":"max-snippet:-1","max-image-preview":"max-image-preview:large","max-video-preview":"max-video-preview:-1"},"canonical":"https:\/\/www.pressenza.com\/de\/2014\/03\/friedensbewegung-startet-projekt-munchhausen-um-kriegslugen-bloszustellen\/","og_locale":"de_DE","og_type":"article","og_title":"Friedensbewegung startet \"Projekt M\u00fcnchhausen\", um Kriegsl\u00fcgen blo\u00dfzustellen","og_description":"Auf Initiative des bekannten Friedensforschers, Prof. Dr. Andreas Buro, haben namhafte Wissenschaftler und Pers\u00f6nlichkeiten aus der deutschen","og_url":"https:\/\/www.pressenza.com\/de\/2014\/03\/friedensbewegung-startet-projekt-munchhausen-um-kriegslugen-bloszustellen\/","og_site_name":"Pressenza","article_publisher":"https:\/\/www.facebook.com\/PressenzaItalia","article_author":"https:\/\/www.facebook.com\/Pressenza-Deutschland-sterreich-Schweiz-281675388658060\/timeline\/","article_published_time":"2014-03-03T19:36:31+00:00","og_image":[{"width":612,"height":533,"url":"https:\/\/www.pressenza.com\/wp-content\/uploads\/2014\/03\/612px-M\u00fcnchhausen-AWille1.jpg","type":"image\/jpeg"}],"author":"Pressenza Berlin","twitter_card":"summary_large_image","twitter_creator":"@pressenza_ger","twitter_site":"@PressenzaIPA","twitter_misc":{"Verfasst von":"Pressenza Berlin","Gesch\u00e4tzte Lesezeit":"1\u00a0Minute"},"schema":{"@context":"https:\/\/schema.org","@graph":[{"@type":"Article","@id":"https:\/\/www.pressenza.com\/de\/2014\/03\/friedensbewegung-startet-projekt-munchhausen-um-kriegslugen-bloszustellen\/#article","isPartOf":{"@id":"https:\/\/www.pressenza.com\/de\/2014\/03\/friedensbewegung-startet-projekt-munchhausen-um-kriegslugen-bloszustellen\/"},"author":{"name":"Pressenza Berlin","@id":"https:\/\/www.pressenza.com\/de\/#\/schema\/person\/57bb5480943a496a7722b0248e4b658a"},"headline":"Friedensbewegung startet &#8222;Projekt M\u00fcnchhausen&#8220;, um Kriegsl\u00fcgen blo\u00dfzustellen","datePublished":"2014-03-03T19:36:31+00:00","mainEntityOfPage":{"@id":"https:\/\/www.pressenza.com\/de\/2014\/03\/friedensbewegung-startet-projekt-munchhausen-um-kriegslugen-bloszustellen\/"},"wordCount":229,"publisher":{"@id":"https:\/\/www.pressenza.com\/de\/#organization"},"image":{"@id":"https:\/\/www.pressenza.com\/de\/2014\/03\/friedensbewegung-startet-projekt-munchhausen-um-kriegslugen-bloszustellen\/#primaryimage"},"thumbnailUrl":"https:\/\/www.pressenza.com\/wp-content\/uploads\/2014\/03\/612px-M\u00fcnchhausen-AWille1.jpg","keywords":["Frieden","Friedensbewegung","Kriegsgr\u00fcnde"],"articleSection":["Europa","Frieden und Abr\u00fcstung","Internationale Angelegenheiten","Pressemitteilungen"],"inLanguage":"de"},{"@type":"WebPage","@id":"https:\/\/www.pressenza.com\/de\/2014\/03\/friedensbewegung-startet-projekt-munchhausen-um-kriegslugen-bloszustellen\/","url":"https:\/\/www.pressenza.com\/de\/2014\/03\/friedensbewegung-startet-projekt-munchhausen-um-kriegslugen-bloszustellen\/","name":"Friedensbewegung startet \"Projekt M\u00fcnchhausen\", um Kriegsl\u00fcgen blo\u00dfzustellen","isPartOf":{"@id":"https:\/\/www.pressenza.com\/de\/#website"},"primaryImageOfPage":{"@id":"https:\/\/www.pressenza.com\/de\/2014\/03\/friedensbewegung-startet-projekt-munchhausen-um-kriegslugen-bloszustellen\/#primaryimage"},"image":{"@id":"https:\/\/www.pressenza.com\/de\/2014\/03\/friedensbewegung-startet-projekt-munchhausen-um-kriegslugen-bloszustellen\/#primaryimage"},"thumbnailUrl":"https:\/\/www.pressenza.com\/wp-content\/uploads\/2014\/03\/612px-M\u00fcnchhausen-AWille1.jpg","datePublished":"2014-03-03T19:36:31+00:00","description":"Auf Initiative des bekannten Friedensforschers, Prof. Dr. Andreas Buro, haben namhafte Wissenschaftler und Pers\u00f6nlichkeiten aus der deutschen","breadcrumb":{"@id":"https:\/\/www.pressenza.com\/de\/2014\/03\/friedensbewegung-startet-projekt-munchhausen-um-kriegslugen-bloszustellen\/#breadcrumb"},"inLanguage":"de","potentialAction":[{"@type":"ReadAction","target":["https:\/\/www.pressenza.com\/de\/2014\/03\/friedensbewegung-startet-projekt-munchhausen-um-kriegslugen-bloszustellen\/"]}]},{"@type":"ImageObject","inLanguage":"de","@id":"https:\/\/www.pressenza.com\/de\/2014\/03\/friedensbewegung-startet-projekt-munchhausen-um-kriegslugen-bloszustellen\/#primaryimage","url":"https:\/\/www.pressenza.com\/wp-content\/uploads\/2014\/03\/612px-M\u00fcnchhausen-AWille1.jpg","contentUrl":"https:\/\/www.pressenza.com\/wp-content\/uploads\/2014\/03\/612px-M\u00fcnchhausen-AWille1.jpg","width":612,"height":533},{"@type":"BreadcrumbList","@id":"https:\/\/www.pressenza.com\/de\/2014\/03\/friedensbewegung-startet-projekt-munchhausen-um-kriegslugen-bloszustellen\/#breadcrumb","itemListElement":[{"@type":"ListItem","position":1,"name":"Accueil","item":"https:\/\/www.pressenza.com\/de\/"},{"@type":"ListItem","position":2,"name":"Friedensbewegung startet &#8222;Projekt M\u00fcnchhausen&#8220;, um Kriegsl\u00fcgen blo\u00dfzustellen"}]},{"@type":"WebSite","@id":"https:\/\/www.pressenza.com\/de\/#website","url":"https:\/\/www.pressenza.com\/de\/","name":"Pressenza","description":"International Press Agency","publisher":{"@id":"https:\/\/www.pressenza.com\/de\/#organization"},"potentialAction":[{"@type":"SearchAction","target":{"@type":"EntryPoint","urlTemplate":"https:\/\/www.pressenza.com\/de\/?s={search_term_string}"},"query-input":{"@type":"PropertyValueSpecification","valueRequired":true,"valueName":"search_term_string"}}],"inLanguage":"de"},{"@type":"Organization","@id":"https:\/\/www.pressenza.com\/de\/#organization","name":"Pressenza","url":"https:\/\/www.pressenza.com\/de\/","logo":{"@type":"ImageObject","inLanguage":"de","@id":"https:\/\/www.pressenza.com\/de\/#\/schema\/logo\/image\/","url":"https:\/\/www.pressenza.com\/wp-content\/uploads\/2022\/10\/pressenza_logo_200x200.jpg","contentUrl":"https:\/\/www.pressenza.com\/wp-content\/uploads\/2022\/10\/pressenza_logo_200x200.jpg","width":200,"height":200,"caption":"Pressenza"},"image":{"@id":"https:\/\/www.pressenza.com\/de\/#\/schema\/logo\/image\/"},"sameAs":["https:\/\/www.facebook.com\/PressenzaItalia","https:\/\/x.com\/PressenzaIPA"]},{"@type":"Person","@id":"https:\/\/www.pressenza.com\/de\/#\/schema\/person\/57bb5480943a496a7722b0248e4b658a","name":"Pressenza Berlin","description":"News from the Pressenza Bureau in Berlin, Germany","sameAs":["https:\/\/www.facebook.com\/Pressenza-Deutschland-sterreich-Schweiz-281675388658060\/timeline\/","https:\/\/x.com\/pressenza_ger"],"url":"https:\/\/www.pressenza.com\/de\/author\/pressenza-berlin\/"}]}},"place":"","original_article_url":"","_links":{"self":[{"href":"https:\/\/www.pressenza.com\/de\/wp-json\/wp\/v2\/posts\/91213","targetHints":{"allow":["GET"]}}],"collection":[{"href":"https:\/\/www.pressenza.com\/de\/wp-json\/wp\/v2\/posts"}],"about":[{"href":"https:\/\/www.pressenza.com\/de\/wp-json\/wp\/v2\/types\/post"}],"author":[{"embeddable":true,"href":"https:\/\/www.pressenza.com\/de\/wp-json\/wp\/v2\/users\/1095"}],"replies":[{"embeddable":true,"href":"https:\/\/www.pressenza.com\/de\/wp-json\/wp\/v2\/comments?post=91213"}],"version-history":[{"count":0,"href":"https:\/\/www.pressenza.com\/de\/wp-json\/wp\/v2\/posts\/91213\/revisions"}],"wp:featuredmedia":[{"embeddable":true,"href":"https:\/\/www.pressenza.com\/de\/wp-json\/wp\/v2\/media\/91216"}],"wp:attachment":[{"href":"https:\/\/www.pressenza.com\/de\/wp-json\/wp\/v2\/media?parent=91213"}],"wp:term":[{"taxonomy":"category","embeddable":true,"href":"https:\/\/www.pressenza.com\/de\/wp-json\/wp\/v2\/categories?post=91213"},{"taxonomy":"post_tag","embeddable":true,"href":"https:\/\/www.pressenza.com\/de\/wp-json\/wp\/v2\/tags?post=91213"}],"curies":[{"name":"wp","href":"https:\/\/api.w.org\/{rel}","templated":true}]}}