{"id":904498,"date":"2019-08-17T09:14:57","date_gmt":"2019-08-17T08:14:57","guid":{"rendered":"https:\/\/www.pressenza.com\/?p=904498"},"modified":"2019-08-17T10:02:44","modified_gmt":"2019-08-17T09:02:44","slug":"essen-fuers-klima","status":"publish","type":"post","link":"https:\/\/www.pressenza.com\/de\/2019\/08\/essen-fuers-klima\/","title":{"rendered":"Essen f\u00fcrs Klima"},"content":{"rendered":"<p><b>Kann der Einzelne etwas gegen den Klimawandel tun? Und wenn ja, was? \u2013 Es sind h\u00e4ufig die kleinen Dinge, die scheinbar unscheinbaren Handlungen, mit denen jeder Einzelne kleine Ver\u00e4nderungen erreicht. Zum Beispiel auch, in dem man seine Ern\u00e4hrung hinterfragt.<\/b><\/p>\n<p>Ja, man kann auf das Fliegen verzichten oder vern\u00fcnftigerweise auch auf das Autofahren in den St\u00e4dten. Aber man kann auch beim n\u00e4chsten Supermarktbesuch nur so wenig einkaufen, wie man auch tats\u00e4chlich verwendet.<\/p>\n<p>Der Berliner Verein <i>Restlos gl\u00fccklich e. V.<\/i> hat es sich <a title=\"http:\/\/restlos-gluecklich.berlin\/ueber-uns\" href=\"http:\/\/restlos-gluecklich.berlin\/ueber-uns\" target=\"_blank\" rel=\"noopener\">zum Ziel gesetzt<\/a>, &#8222;Lebensmittel wieder mehr wertzusch\u00e4tzen. Mit unseren Projekten m\u00f6chten wir f\u00fcr das Thema sensibilisieren und Menschen dazu bewegen, bewusster zu konsumieren.&#8220; Mit Unterst\u00fctzung des Berliner Senats veranstaltet der Verein in diesem Jahr drei kostenlose Mitmachaktionen zum Thema klimafreundliche Ern\u00e4hrung.<\/p>\n<p>Die erste davon fand am vergangenen Freitag und Samstag auf dem Alexanderplatz statt. Nadine Dubois, die Pressesprecherin des Vereines, wies darauf hin, dass in Deutschland allein die Nahrungsproduktion f\u00fcr rund 15 bis 20 Prozent der Treibhausgas-Emissionen verantwortlich ist. Deshalb k\u00f6nnen selbst kleine Ver\u00e4nderungen unserer Essgewohnheiten eine Wirkung auf das Klima haben.<\/p>\n<p>In einer kleinen Brosch\u00fcre, die sie verteilt, steht: &#8222;Wer braucht schon Avocados, wenn er rote Bete essen kann? Schwarze Johannisbeere kann alles, was die Goji-Beere kann und Sonneblumenkerne sind eine leckere Alternative zu Pinienkernen \u2026&#8220; Regionale Produkte, so hei\u00dft es weiter, sparen viel CO2, da die Transportwege k\u00fcrzer sind.<\/p>\n<p>Doch nicht nur <i>regionale<\/i> Lebensmittel sollten hier im Vordergrund stehen, das gilt auch f\u00fcr <i>saisonale<\/i>. Ist es wirklich notwenig, im tiefsten Winter Erdbeeren zu essen? Allein der Wegfall von Transport, Lagerung und Behebung (von zum Beispiel Treibh\u00e4usern) vermindert den CO2-Verbrauch.<\/p>\n<p>Der beste Ansatz allerdings, um die CO2-Emmission zu verringern, sei der Verzicht auf tierische Produkte. &#8222;Aktuell entstehen knapp 68 Prozent aller Treibhausgas-Emissionen der Ern\u00e4hrung durch Fleisch, Eier und Milchprodukte.&#8220;<\/p>\n<p>Auf dem Alexanderplatz zeigte der Verein, dass eine umweltbewusste Ern\u00e4hrung nicht bedeutet, auf Geschmack verzichten zu m\u00fcssen. Immer wieder, so Nadine Dubois, sei zu h\u00f6ren, dass vegetarisches oder veganes Essen langweilig schmecke. Doch die Zeiten, da Veganer nur an Salatbl\u00e4ttern nagen w\u00fcrden, sind l\u00e4ngst vorbei \u2013 so es sie je gab.<\/p>\n<p>Dar\u00fcber hinaus k\u00f6nnen auch Verbraucher, die sich nicht vegan oder vegetarisch ern\u00e4hren wollen, beim Einkaufen und Kochen etwas f\u00fcr eine verbesserte CO2-Bilanz tun. Auf der <a title=\"http:\/\/restlos-gluecklich.berlin\/essen-fuers-klima\" href=\"http:\/\/restlos-gluecklich.berlin\/essen-fuers-klima\" target=\"_blank\" rel=\"noopener\">Webseite des Vereines<\/a> gibt es ein paar Tipps daf\u00fcr.<\/p>\n<p class=\"vspace-top\">In Deutschland landen j\u00e4hrlich 18 Millionen Tonnen Lebensmittel im M\u00fcll. Das w\u00e4re zu einem gro\u00dfen Teil vermeidbar.<\/p>\n<p class=\"vspace-top\">Um also die eingangs gestellte Frage zu beantworten: Jeder kann etwas zur Minderung des Klimawandels beitragen. Allein, wer unn\u00f6tige Lebensmittelabf\u00e4lle vermeidet, kann seinen CO2-Fu\u00dfabdruck durch seine Ern\u00e4hrung um 30 Prozent reduzieren und ein bewu\u00dfter \u2013 oder, wie es der Verein nennt \u2013 wertsch\u00e4tzender Umgang mit Lebensmitteln kann ihn noch deutlicher senken.<\/p>\n","protected":false},"excerpt":{"rendered":"<p>Kann der Einzelne etwas gegen den Klimawandel tun? Und wenn ja, was? \u2013 Es sind h\u00e4ufig die kleinen Dinge, die scheinbar unscheinbaren Handlungen, mit denen jeder Einzelne kleine Ver\u00e4nderungen erreicht. Zum Beispiel auch, in dem man seine Ern\u00e4hrung hinterfragt. Ja,&hellip;<\/p>\n","protected":false},"author":1163,"featured_media":904512,"comment_status":"closed","ping_status":"closed","sticky":false,"template":"","format":"standard","meta":{"footnotes":""},"categories":[9150,7835,9157,11387],"tags":[34592,30458,50944,62742,62743],"class_list":["post-904498","post","type-post","status-publish","format-standard","has-post-thumbnail","hentry","category-europa-de","category-international-de","category-oekologie-und-umwelt","category-originalinhalt","tag-ernaehrung","tag-klima","tag-lebensmittel","tag-umweltbewusste-ernaehrung","tag-verzicht"],"yoast_head":"<!-- This site is optimized with the Yoast SEO plugin v27.1.1 - https:\/\/yoast.com\/product\/yoast-seo-wordpress\/ -->\n<title>Essen f\u00fcrs Klima<\/title>\n<meta name=\"description\" content=\"Kann der Einzelne etwas gegen den Klimawandel tun? Und wenn ja, was? \u2013 Es sind h\u00e4ufig die kleinen Dinge, die scheinbar unscheinbaren Handlungen, mit denen\" \/>\n<meta name=\"robots\" content=\"index, follow, max-snippet:-1, max-image-preview:large, max-video-preview:-1\" \/>\n<link rel=\"canonical\" href=\"https:\/\/www.pressenza.com\/de\/2019\/08\/essen-fuers-klima\/\" \/>\n<meta property=\"og:locale\" content=\"de_DE\" \/>\n<meta property=\"og:type\" content=\"article\" \/>\n<meta property=\"og:title\" content=\"Essen f\u00fcrs Klima\" \/>\n<meta property=\"og:description\" content=\"In Deutschland landen j\u00e4hrlich 18 Millionen Tonnen Lebensmittel im M\u00fcll. Das w\u00e4re zu einem gro\u00dfen Teil vermeidbar. Um also die eingangs gestellte Frage zu beantworten: Jeder kann etwas zur Minderung des Klimawandels beitragen. Allein, wer unn\u00f6tige Lebensmittelabf\u00e4lle vermeidet, kann seinen CO2-Fu\u00dfabdruck durch seine Ern\u00e4hrung um 30 Prozent reduzieren\" \/>\n<meta property=\"og:url\" content=\"https:\/\/www.pressenza.com\/de\/2019\/08\/essen-fuers-klima\/\" \/>\n<meta property=\"og:site_name\" content=\"Pressenza\" \/>\n<meta property=\"article:publisher\" content=\"https:\/\/www.facebook.com\/PressenzaItalia\" \/>\n<meta property=\"article:author\" content=\"https:\/\/www.facebook.com\/hpd.de\" \/>\n<meta property=\"article:published_time\" content=\"2019-08-17T08:14:57+00:00\" \/>\n<meta property=\"article:modified_time\" content=\"2019-08-17T09:02:44+00:00\" \/>\n<meta property=\"og:image\" content=\"https:\/\/www.pressenza.com\/wp-content\/uploads\/2019\/08\/D093DA3C-8BA2-4D04-AC94-34BDAE066811.png\" \/>\n\t<meta property=\"og:image:width\" content=\"824\" \/>\n\t<meta property=\"og:image:height\" content=\"549\" \/>\n\t<meta property=\"og:image:type\" content=\"image\/png\" \/>\n<meta name=\"author\" content=\"Humanistischer Pressedienst\" \/>\n<meta name=\"twitter:card\" content=\"summary_large_image\" \/>\n<meta name=\"twitter:creator\" content=\"@hpdticker\" \/>\n<meta name=\"twitter:site\" content=\"@PressenzaIPA\" \/>\n<meta name=\"twitter:label1\" content=\"Verfasst von\" \/>\n\t<meta name=\"twitter:data1\" content=\"Humanistischer Pressedienst\" \/>\n\t<meta name=\"twitter:label2\" content=\"Gesch\u00e4tzte Lesezeit\" \/>\n\t<meta name=\"twitter:data2\" content=\"2\u00a0Minuten\" \/>\n<script type=\"application\/ld+json\" class=\"yoast-schema-graph\">{\"@context\":\"https:\/\/schema.org\",\"@graph\":[{\"@type\":\"Article\",\"@id\":\"https:\/\/www.pressenza.com\/de\/2019\/08\/essen-fuers-klima\/#article\",\"isPartOf\":{\"@id\":\"https:\/\/www.pressenza.com\/de\/2019\/08\/essen-fuers-klima\/\"},\"author\":{\"name\":\"Humanistischer Pressedienst\",\"@id\":\"https:\/\/www.pressenza.com\/de\/#\/schema\/person\/38b1bb4060cd67df380552dfe740ee1c\"},\"headline\":\"Essen f\u00fcrs Klima\",\"datePublished\":\"2019-08-17T08:14:57+00:00\",\"dateModified\":\"2019-08-17T09:02:44+00:00\",\"mainEntityOfPage\":{\"@id\":\"https:\/\/www.pressenza.com\/de\/2019\/08\/essen-fuers-klima\/\"},\"wordCount\":485,\"publisher\":{\"@id\":\"https:\/\/www.pressenza.com\/de\/#organization\"},\"image\":{\"@id\":\"https:\/\/www.pressenza.com\/de\/2019\/08\/essen-fuers-klima\/#primaryimage\"},\"thumbnailUrl\":\"https:\/\/www.pressenza.com\/wp-content\/uploads\/2019\/08\/D093DA3C-8BA2-4D04-AC94-34BDAE066811.png\",\"keywords\":[\"Ern\u00e4hrung\",\"Klima\",\"Lebensmittel\",\"Umweltbewusste Ern\u00e4hrung\",\"Verzicht\"],\"articleSection\":[\"Europa\",\"International\",\"\u00d6kologie und Umwelt\",\"Originalinhalt\"],\"inLanguage\":\"de\"},{\"@type\":\"WebPage\",\"@id\":\"https:\/\/www.pressenza.com\/de\/2019\/08\/essen-fuers-klima\/\",\"url\":\"https:\/\/www.pressenza.com\/de\/2019\/08\/essen-fuers-klima\/\",\"name\":\"Essen f\u00fcrs Klima\",\"isPartOf\":{\"@id\":\"https:\/\/www.pressenza.com\/de\/#website\"},\"primaryImageOfPage\":{\"@id\":\"https:\/\/www.pressenza.com\/de\/2019\/08\/essen-fuers-klima\/#primaryimage\"},\"image\":{\"@id\":\"https:\/\/www.pressenza.com\/de\/2019\/08\/essen-fuers-klima\/#primaryimage\"},\"thumbnailUrl\":\"https:\/\/www.pressenza.com\/wp-content\/uploads\/2019\/08\/D093DA3C-8BA2-4D04-AC94-34BDAE066811.png\",\"datePublished\":\"2019-08-17T08:14:57+00:00\",\"dateModified\":\"2019-08-17T09:02:44+00:00\",\"description\":\"Kann der Einzelne etwas gegen den Klimawandel tun? Und wenn ja, was? \u2013 Es sind h\u00e4ufig die kleinen Dinge, die scheinbar unscheinbaren Handlungen, mit denen\",\"breadcrumb\":{\"@id\":\"https:\/\/www.pressenza.com\/de\/2019\/08\/essen-fuers-klima\/#breadcrumb\"},\"inLanguage\":\"de\",\"potentialAction\":[{\"@type\":\"ReadAction\",\"target\":[\"https:\/\/www.pressenza.com\/de\/2019\/08\/essen-fuers-klima\/\"]}]},{\"@type\":\"ImageObject\",\"inLanguage\":\"de\",\"@id\":\"https:\/\/www.pressenza.com\/de\/2019\/08\/essen-fuers-klima\/#primaryimage\",\"url\":\"https:\/\/www.pressenza.com\/wp-content\/uploads\/2019\/08\/D093DA3C-8BA2-4D04-AC94-34BDAE066811.png\",\"contentUrl\":\"https:\/\/www.pressenza.com\/wp-content\/uploads\/2019\/08\/D093DA3C-8BA2-4D04-AC94-34BDAE066811.png\",\"width\":824,\"height\":549,\"caption\":\"Klimafreundliche Ern\u00e4hrung\"},{\"@type\":\"BreadcrumbList\",\"@id\":\"https:\/\/www.pressenza.com\/de\/2019\/08\/essen-fuers-klima\/#breadcrumb\",\"itemListElement\":[{\"@type\":\"ListItem\",\"position\":1,\"name\":\"Accueil\",\"item\":\"https:\/\/www.pressenza.com\/de\/\"},{\"@type\":\"ListItem\",\"position\":2,\"name\":\"Essen f\u00fcrs Klima\"}]},{\"@type\":\"WebSite\",\"@id\":\"https:\/\/www.pressenza.com\/de\/#website\",\"url\":\"https:\/\/www.pressenza.com\/de\/\",\"name\":\"Pressenza\",\"description\":\"International Press Agency\",\"publisher\":{\"@id\":\"https:\/\/www.pressenza.com\/de\/#organization\"},\"potentialAction\":[{\"@type\":\"SearchAction\",\"target\":{\"@type\":\"EntryPoint\",\"urlTemplate\":\"https:\/\/www.pressenza.com\/de\/?s={search_term_string}\"},\"query-input\":{\"@type\":\"PropertyValueSpecification\",\"valueRequired\":true,\"valueName\":\"search_term_string\"}}],\"inLanguage\":\"de\"},{\"@type\":\"Organization\",\"@id\":\"https:\/\/www.pressenza.com\/de\/#organization\",\"name\":\"Pressenza\",\"url\":\"https:\/\/www.pressenza.com\/de\/\",\"logo\":{\"@type\":\"ImageObject\",\"inLanguage\":\"de\",\"@id\":\"https:\/\/www.pressenza.com\/de\/#\/schema\/logo\/image\/\",\"url\":\"https:\/\/www.pressenza.com\/wp-content\/uploads\/2022\/10\/pressenza_logo_200x200.jpg\",\"contentUrl\":\"https:\/\/www.pressenza.com\/wp-content\/uploads\/2022\/10\/pressenza_logo_200x200.jpg\",\"width\":200,\"height\":200,\"caption\":\"Pressenza\"},\"image\":{\"@id\":\"https:\/\/www.pressenza.com\/de\/#\/schema\/logo\/image\/\"},\"sameAs\":[\"https:\/\/www.facebook.com\/PressenzaItalia\",\"https:\/\/x.com\/PressenzaIPA\"]},{\"@type\":\"Person\",\"@id\":\"https:\/\/www.pressenza.com\/de\/#\/schema\/person\/38b1bb4060cd67df380552dfe740ee1c\",\"name\":\"Humanistischer Pressedienst\",\"description\":\"Der Humanistische Pressedienst (hpd) pr\u00e4sentiert aufkl\u00e4rerische, humanistische und freigeistige Positionen zu aktuellen Ereignissen. Das Internetportal will konfessionsfreien Menschen \u2013 in Deutschland ein Drittel der Bev\u00f6lkerung \u2013 eine Stimme geben. Der hpd versteht sich als Plattform f\u00fcr das breite Spektrum s\u00e4kularer Bestrebungen, mit deren Akteuren er bestens vernetzt ist und zu deren Meinungsbildung er beitragen m\u00f6chte. Artikel des Humanistischen Pressdienst auf Pressenza fallen nicht unter die Creative-Commons-Lizenz und d\u00fcrfen nur mit ausdr\u00fccklicher Zustimmung der Redaktion von hpd.de \u00fcbernommen werden.\",\"sameAs\":[\"https:\/\/www.facebook.com\/hpd.de\",\"https:\/\/x.com\/hpdticker\"],\"url\":\"https:\/\/www.pressenza.com\/de\/author\/humanistischer-pressedienst\/\"}]}<\/script>\n<!-- \/ Yoast SEO plugin. -->","yoast_head_json":{"title":"Essen f\u00fcrs Klima","description":"Kann der Einzelne etwas gegen den Klimawandel tun? Und wenn ja, was? \u2013 Es sind h\u00e4ufig die kleinen Dinge, die scheinbar unscheinbaren Handlungen, mit denen","robots":{"index":"index","follow":"follow","max-snippet":"max-snippet:-1","max-image-preview":"max-image-preview:large","max-video-preview":"max-video-preview:-1"},"canonical":"https:\/\/www.pressenza.com\/de\/2019\/08\/essen-fuers-klima\/","og_locale":"de_DE","og_type":"article","og_title":"Essen f\u00fcrs Klima","og_description":"In Deutschland landen j\u00e4hrlich 18 Millionen Tonnen Lebensmittel im M\u00fcll. Das w\u00e4re zu einem gro\u00dfen Teil vermeidbar. Um also die eingangs gestellte Frage zu beantworten: Jeder kann etwas zur Minderung des Klimawandels beitragen. Allein, wer unn\u00f6tige Lebensmittelabf\u00e4lle vermeidet, kann seinen CO2-Fu\u00dfabdruck durch seine Ern\u00e4hrung um 30 Prozent reduzieren","og_url":"https:\/\/www.pressenza.com\/de\/2019\/08\/essen-fuers-klima\/","og_site_name":"Pressenza","article_publisher":"https:\/\/www.facebook.com\/PressenzaItalia","article_author":"https:\/\/www.facebook.com\/hpd.de","article_published_time":"2019-08-17T08:14:57+00:00","article_modified_time":"2019-08-17T09:02:44+00:00","og_image":[{"width":824,"height":549,"url":"https:\/\/www.pressenza.com\/wp-content\/uploads\/2019\/08\/D093DA3C-8BA2-4D04-AC94-34BDAE066811.png","type":"image\/png"}],"author":"Humanistischer Pressedienst","twitter_card":"summary_large_image","twitter_creator":"@hpdticker","twitter_site":"@PressenzaIPA","twitter_misc":{"Verfasst von":"Humanistischer Pressedienst","Gesch\u00e4tzte Lesezeit":"2\u00a0Minuten"},"schema":{"@context":"https:\/\/schema.org","@graph":[{"@type":"Article","@id":"https:\/\/www.pressenza.com\/de\/2019\/08\/essen-fuers-klima\/#article","isPartOf":{"@id":"https:\/\/www.pressenza.com\/de\/2019\/08\/essen-fuers-klima\/"},"author":{"name":"Humanistischer Pressedienst","@id":"https:\/\/www.pressenza.com\/de\/#\/schema\/person\/38b1bb4060cd67df380552dfe740ee1c"},"headline":"Essen f\u00fcrs Klima","datePublished":"2019-08-17T08:14:57+00:00","dateModified":"2019-08-17T09:02:44+00:00","mainEntityOfPage":{"@id":"https:\/\/www.pressenza.com\/de\/2019\/08\/essen-fuers-klima\/"},"wordCount":485,"publisher":{"@id":"https:\/\/www.pressenza.com\/de\/#organization"},"image":{"@id":"https:\/\/www.pressenza.com\/de\/2019\/08\/essen-fuers-klima\/#primaryimage"},"thumbnailUrl":"https:\/\/www.pressenza.com\/wp-content\/uploads\/2019\/08\/D093DA3C-8BA2-4D04-AC94-34BDAE066811.png","keywords":["Ern\u00e4hrung","Klima","Lebensmittel","Umweltbewusste Ern\u00e4hrung","Verzicht"],"articleSection":["Europa","International","\u00d6kologie und Umwelt","Originalinhalt"],"inLanguage":"de"},{"@type":"WebPage","@id":"https:\/\/www.pressenza.com\/de\/2019\/08\/essen-fuers-klima\/","url":"https:\/\/www.pressenza.com\/de\/2019\/08\/essen-fuers-klima\/","name":"Essen f\u00fcrs Klima","isPartOf":{"@id":"https:\/\/www.pressenza.com\/de\/#website"},"primaryImageOfPage":{"@id":"https:\/\/www.pressenza.com\/de\/2019\/08\/essen-fuers-klima\/#primaryimage"},"image":{"@id":"https:\/\/www.pressenza.com\/de\/2019\/08\/essen-fuers-klima\/#primaryimage"},"thumbnailUrl":"https:\/\/www.pressenza.com\/wp-content\/uploads\/2019\/08\/D093DA3C-8BA2-4D04-AC94-34BDAE066811.png","datePublished":"2019-08-17T08:14:57+00:00","dateModified":"2019-08-17T09:02:44+00:00","description":"Kann der Einzelne etwas gegen den Klimawandel tun? Und wenn ja, was? \u2013 Es sind h\u00e4ufig die kleinen Dinge, die scheinbar unscheinbaren Handlungen, mit denen","breadcrumb":{"@id":"https:\/\/www.pressenza.com\/de\/2019\/08\/essen-fuers-klima\/#breadcrumb"},"inLanguage":"de","potentialAction":[{"@type":"ReadAction","target":["https:\/\/www.pressenza.com\/de\/2019\/08\/essen-fuers-klima\/"]}]},{"@type":"ImageObject","inLanguage":"de","@id":"https:\/\/www.pressenza.com\/de\/2019\/08\/essen-fuers-klima\/#primaryimage","url":"https:\/\/www.pressenza.com\/wp-content\/uploads\/2019\/08\/D093DA3C-8BA2-4D04-AC94-34BDAE066811.png","contentUrl":"https:\/\/www.pressenza.com\/wp-content\/uploads\/2019\/08\/D093DA3C-8BA2-4D04-AC94-34BDAE066811.png","width":824,"height":549,"caption":"Klimafreundliche Ern\u00e4hrung"},{"@type":"BreadcrumbList","@id":"https:\/\/www.pressenza.com\/de\/2019\/08\/essen-fuers-klima\/#breadcrumb","itemListElement":[{"@type":"ListItem","position":1,"name":"Accueil","item":"https:\/\/www.pressenza.com\/de\/"},{"@type":"ListItem","position":2,"name":"Essen f\u00fcrs Klima"}]},{"@type":"WebSite","@id":"https:\/\/www.pressenza.com\/de\/#website","url":"https:\/\/www.pressenza.com\/de\/","name":"Pressenza","description":"International Press Agency","publisher":{"@id":"https:\/\/www.pressenza.com\/de\/#organization"},"potentialAction":[{"@type":"SearchAction","target":{"@type":"EntryPoint","urlTemplate":"https:\/\/www.pressenza.com\/de\/?s={search_term_string}"},"query-input":{"@type":"PropertyValueSpecification","valueRequired":true,"valueName":"search_term_string"}}],"inLanguage":"de"},{"@type":"Organization","@id":"https:\/\/www.pressenza.com\/de\/#organization","name":"Pressenza","url":"https:\/\/www.pressenza.com\/de\/","logo":{"@type":"ImageObject","inLanguage":"de","@id":"https:\/\/www.pressenza.com\/de\/#\/schema\/logo\/image\/","url":"https:\/\/www.pressenza.com\/wp-content\/uploads\/2022\/10\/pressenza_logo_200x200.jpg","contentUrl":"https:\/\/www.pressenza.com\/wp-content\/uploads\/2022\/10\/pressenza_logo_200x200.jpg","width":200,"height":200,"caption":"Pressenza"},"image":{"@id":"https:\/\/www.pressenza.com\/de\/#\/schema\/logo\/image\/"},"sameAs":["https:\/\/www.facebook.com\/PressenzaItalia","https:\/\/x.com\/PressenzaIPA"]},{"@type":"Person","@id":"https:\/\/www.pressenza.com\/de\/#\/schema\/person\/38b1bb4060cd67df380552dfe740ee1c","name":"Humanistischer Pressedienst","description":"Der Humanistische Pressedienst (hpd) pr\u00e4sentiert aufkl\u00e4rerische, humanistische und freigeistige Positionen zu aktuellen Ereignissen. Das Internetportal will konfessionsfreien Menschen \u2013 in Deutschland ein Drittel der Bev\u00f6lkerung \u2013 eine Stimme geben. Der hpd versteht sich als Plattform f\u00fcr das breite Spektrum s\u00e4kularer Bestrebungen, mit deren Akteuren er bestens vernetzt ist und zu deren Meinungsbildung er beitragen m\u00f6chte. Artikel des Humanistischen Pressdienst auf Pressenza fallen nicht unter die Creative-Commons-Lizenz und d\u00fcrfen nur mit ausdr\u00fccklicher Zustimmung der Redaktion von hpd.de \u00fcbernommen werden.","sameAs":["https:\/\/www.facebook.com\/hpd.de","https:\/\/x.com\/hpdticker"],"url":"https:\/\/www.pressenza.com\/de\/author\/humanistischer-pressedienst\/"}]}},"place":"","original_article_url":"https:\/\/hpd.de\/artikel\/essen-fuers-klima-17103","_links":{"self":[{"href":"https:\/\/www.pressenza.com\/de\/wp-json\/wp\/v2\/posts\/904498","targetHints":{"allow":["GET"]}}],"collection":[{"href":"https:\/\/www.pressenza.com\/de\/wp-json\/wp\/v2\/posts"}],"about":[{"href":"https:\/\/www.pressenza.com\/de\/wp-json\/wp\/v2\/types\/post"}],"author":[{"embeddable":true,"href":"https:\/\/www.pressenza.com\/de\/wp-json\/wp\/v2\/users\/1163"}],"replies":[{"embeddable":true,"href":"https:\/\/www.pressenza.com\/de\/wp-json\/wp\/v2\/comments?post=904498"}],"version-history":[{"count":0,"href":"https:\/\/www.pressenza.com\/de\/wp-json\/wp\/v2\/posts\/904498\/revisions"}],"wp:featuredmedia":[{"embeddable":true,"href":"https:\/\/www.pressenza.com\/de\/wp-json\/wp\/v2\/media\/904512"}],"wp:attachment":[{"href":"https:\/\/www.pressenza.com\/de\/wp-json\/wp\/v2\/media?parent=904498"}],"wp:term":[{"taxonomy":"category","embeddable":true,"href":"https:\/\/www.pressenza.com\/de\/wp-json\/wp\/v2\/categories?post=904498"},{"taxonomy":"post_tag","embeddable":true,"href":"https:\/\/www.pressenza.com\/de\/wp-json\/wp\/v2\/tags?post=904498"}],"curies":[{"name":"wp","href":"https:\/\/api.w.org\/{rel}","templated":true}]}}