{"id":902553,"date":"2019-08-13T10:58:42","date_gmt":"2019-08-13T09:58:42","guid":{"rendered":"https:\/\/www.pressenza.com\/?p=902553"},"modified":"2019-08-13T10:58:42","modified_gmt":"2019-08-13T09:58:42","slug":"kataloniens-diada-die-geschichte-hinter-dem-tag","status":"publish","type":"post","link":"https:\/\/www.pressenza.com\/de\/2019\/08\/kataloniens-diada-die-geschichte-hinter-dem-tag\/","title":{"rendered":"Kataloniens Diada \u2013 Die Geschichte hinter dem Tag"},"content":{"rendered":"<p><strong>Am 11. September feiert Katalonien die Diada, ein f\u00fcr viele Katalanen und Katalaninnen historisch wichtiger Tag. Man gedenkt der Niederlage Barcelonas am 11.9.1714 gegen\u00fcber den franz\u00f6sischen Truppen im Spanischen Erbfolgekrieg.<\/strong><\/p>\n<h4><strong>Die Belagerung<\/strong><\/h4>\n<p>Damals hielt die Stadt 14 Monate der Belagerung durch die spanischen und franz\u00f6sischen Heere unter Felipe V. stand. Schlie\u00dflich mussten sich die Bewohner aber unter hohen Verlusten ergeben. Nach der Niederlage folgte eine Welle der Unterdr\u00fcckung, denn der bourbonische Thronfolger vergab den Katalanen nicht, dass sie sich auf die Seite der Habsburger gestellt und mit Holl\u00e4ndern und Briten gegen die Franzosen und Kastilien gek\u00e4mpft hatten.<\/p>\n<p>Die Katalanen hatten tats\u00e4chlich ihre gesamte Hoffnung auf Karl von Habsburg, sp\u00e4ter Kaiser Karl VI. gesetzt und ihn mit Rat und Tat unterst\u00fctzt. Karl von Habsburg lie\u00df sich auch noch in Barcelona zu Karl III., K\u00f6nig von Spanien und Graf von Barcelona, kr\u00f6nen. Als man ihn aber nach dem \u00fcberraschenden Tod seines Bruders Josef I. an den Wiener Hof rief, um sein Kaiseramt anzutreten, \u00fcberlie\u00df er die Katalanen ihrem Schicksal.<\/p>\n<h4><strong>Nach dem Verrat<\/strong><\/h4>\n<p>Viele Katalanen mussten nach Ende des Krieges vor der Rache der Franzosen fl\u00fcchten und gingen nach Wien. Sp\u00e4ter, im Jahr 1735, gr\u00fcndeten einige von ihnen im heutigen Serbien eine Kolonie, das Nova Barcelona (Neue Barcelona), wo ca. die H\u00e4lfte der Bewohner nach kurzer Zeit der Pest zum Opfer fielen. Heute hei\u00dft dieser Ort Zrenjanin, aber seine Bewohner wissen kaum etwas \u00fcber diese Vorgeschichte.<\/p>\n<p>Die Frau von Kaiser Karl VI., Elisabeth Christine von Braunschweig-Wolfenb\u00fcttel, war bis zu ihrem Tod so von Barcelona angetan, wo sie sich mit Karl von Habsburg in der Kathedrale der Santa Maria del Mar verm\u00e4hlte, dass sie die Szene ihrer Ankunft im Hafen von Barcelona auf ihrem Sarg in der Kapuzinergruft verewigen lie\u00df.<\/p>\n<h4><strong>La Diada heute<\/strong><\/h4>\n<p>Charmanterweise feiern die Katalanen heute dieses Datum als arbeitsfreien Tag, an dem kulturelle Aktivit\u00e4ten und famili\u00e4re Zusammenk\u00fcnfte stattfinden.<\/p>\n<p>In den letzten Jahren ist La Diada (\u201eDer Feiertag\u201c) politisch zudem stark geladen. Viele Bewohner Kataloniens nehmen die historische Niederlage immer noch als den Verlust ihrer Freiheit wahr. Deshalb fanden und finden in Barcelona die festlichen Riesendemonstrationen von mehr als 1 Million Menschen statt, um ein Referendum \u00fcber die Unabh\u00e4ngigkeit von Spanien zu fordern.<\/p>\n<p><strong>Anl\u00e4sslich der angespannten politischen Situation in Spanien und in gesamt Europa organisiert auch dieses Jahr die Katalonische Nationalversammlung (ANC) erneut eine Demonstration im Zentrum Barcelonas, zu der Hunderttausende Menschen erwartet werden.<\/strong><\/p>\n<p>Sie demonstrieren auch mit Blick auf das noch ausstehende Urteil \u00fcber die 12 seit bald zwei Jahren <a href=\"https:\/\/neue-debatte.com\/2019\/07\/26\/kataloniens-unabhaengigkeit-der-wert-der-menschenrechte-und-die-rolle-der-eu\/\" target=\"_blank\" rel=\"noopener\">inhaftierten Aktivisten und Politiker<\/a>. Diese erwarten Strafen von bis zu 25 Jahren Freiheitsentzug f\u00fcr die von Madrid als illegal erkl\u00e4rte Volksabstimmung am 1. Oktober 2017.<\/p>\n<p>Neben den politischen Forderungen wird die Diada aber auch weiterhin in vielen Landesteilen als traditionelles Fest gefeiert werden.<\/p>\n<h4><strong>Eine Veranstaltung<\/strong><\/h4>\n<p>Auch in Wien l\u00e4dt die Delegation Kataloniens zu einem Get-together ein. Die Veranstaltung findet am 11. September, ab 18 Uhr, im <a href=\"https:\/\/viennaballhaus.com\" target=\"_blank\" rel=\"noopener noreferrer\">VIENNABallhaus<\/a> (Berggasse 5, 1090Wien) statt.<\/p>\n<p><strong>Neben Live-Jazz-Musik von Andrea Motis und Quartett werden gutes Essen und fantastische Weine gereicht.<\/strong><\/p>\n<p>Gerade der zunehmenden Spaltung der Menschen wegen sind Veranstaltungen wie diese von besonderer Bedeutung. V\u00f6lkerverst\u00e4ndigung muss nicht nur anstrengend sein, sondern kann auch Spa\u00df bringen und unterhalten.<\/p>\n","protected":false},"excerpt":{"rendered":"<p>Am 11. September feiert Katalonien die Diada, ein f\u00fcr viele Katalanen und Katalaninnen historisch wichtiger Tag. Man gedenkt der Niederlage Barcelonas am 11.9.1714 gegen\u00fcber den franz\u00f6sischen Truppen im Spanischen Erbfolgekrieg. Die Belagerung Damals hielt die Stadt 14 Monate der Belagerung&hellip;<\/p>\n","protected":false},"author":1342,"featured_media":902564,"comment_status":"closed","ping_status":"closed","sticky":false,"template":"","format":"standard","meta":{"footnotes":""},"categories":[9150,9156,9165],"tags":[62573,9440,20317,9663],"class_list":["post-902553","post","type-post","status-publish","format-standard","has-post-thumbnail","hentry","category-europa-de","category-kultur-und-medien","category-vielfalt","tag-diada-de","tag-geschichte","tag-katalonien","tag-spanien"],"yoast_head":"<!-- This site is optimized with the Yoast SEO plugin v27.1.1 - https:\/\/yoast.com\/product\/yoast-seo-wordpress\/ -->\n<title>Kataloniens Diada \u2013 Die Geschichte hinter dem Tag<\/title>\n<meta name=\"description\" content=\"Am 11. September feiert Katalonien die Diada, ein f\u00fcr viele Katalanen und Katalaninnen historisch wichtiger Tag. Man gedenkt der Niederlage Barcelonas am 11.9.1714 gegen\u00fcber den franz\u00f6sischen Truppen im Spanischen Erbfolgekrieg.\" \/>\n<meta name=\"robots\" content=\"index, follow, max-snippet:-1, max-image-preview:large, max-video-preview:-1\" \/>\n<link rel=\"canonical\" href=\"https:\/\/www.pressenza.com\/de\/2019\/08\/kataloniens-diada-die-geschichte-hinter-dem-tag\/\" \/>\n<meta property=\"og:locale\" content=\"de_DE\" \/>\n<meta property=\"og:type\" content=\"article\" \/>\n<meta property=\"og:title\" content=\"Kataloniens Diada \u2013 Die Geschichte hinter dem Tag\" \/>\n<meta property=\"og:description\" content=\"Am 11. September feiert Katalonien die Diada, ein f\u00fcr viele Katalanen und Katalaninnen historisch wichtiger Tag. Man gedenkt der Niederlage Barcelonas am 11.9.1714 gegen\u00fcber den franz\u00f6sischen Truppen im Spanischen Erbfolgekrieg.\" \/>\n<meta property=\"og:url\" content=\"https:\/\/www.pressenza.com\/de\/2019\/08\/kataloniens-diada-die-geschichte-hinter-dem-tag\/\" \/>\n<meta property=\"og:site_name\" content=\"Pressenza\" \/>\n<meta property=\"article:publisher\" content=\"https:\/\/www.facebook.com\/PressenzaItalia\" \/>\n<meta property=\"article:published_time\" content=\"2019-08-13T09:58:42+00:00\" \/>\n<meta property=\"og:image\" content=\"https:\/\/www.pressenza.com\/wp-content\/uploads\/2019\/08\/2916265634_7e45dda296_o.jpg\" \/>\n\t<meta property=\"og:image:width\" content=\"1024\" \/>\n\t<meta property=\"og:image:height\" content=\"681\" \/>\n\t<meta property=\"og:image:type\" content=\"image\/jpeg\" \/>\n<meta name=\"author\" content=\"Neue Debatte\" \/>\n<meta name=\"twitter:card\" content=\"summary_large_image\" \/>\n<meta name=\"twitter:creator\" content=\"@PressenzaIPA\" \/>\n<meta name=\"twitter:site\" content=\"@PressenzaIPA\" \/>\n<meta name=\"twitter:label1\" content=\"Verfasst von\" \/>\n\t<meta name=\"twitter:data1\" content=\"Neue Debatte\" \/>\n\t<meta name=\"twitter:label2\" content=\"Gesch\u00e4tzte Lesezeit\" \/>\n\t<meta name=\"twitter:data2\" content=\"3\u00a0Minuten\" \/>\n<script type=\"application\/ld+json\" class=\"yoast-schema-graph\">{\"@context\":\"https:\/\/schema.org\",\"@graph\":[{\"@type\":\"Article\",\"@id\":\"https:\/\/www.pressenza.com\/de\/2019\/08\/kataloniens-diada-die-geschichte-hinter-dem-tag\/#article\",\"isPartOf\":{\"@id\":\"https:\/\/www.pressenza.com\/de\/2019\/08\/kataloniens-diada-die-geschichte-hinter-dem-tag\/\"},\"author\":{\"name\":\"Neue Debatte\",\"@id\":\"https:\/\/www.pressenza.com\/de\/#\/schema\/person\/b816344ee166a2736c48a20c4b9ad2a9\"},\"headline\":\"Kataloniens Diada \u2013 Die Geschichte hinter dem Tag\",\"datePublished\":\"2019-08-13T09:58:42+00:00\",\"mainEntityOfPage\":{\"@id\":\"https:\/\/www.pressenza.com\/de\/2019\/08\/kataloniens-diada-die-geschichte-hinter-dem-tag\/\"},\"wordCount\":546,\"publisher\":{\"@id\":\"https:\/\/www.pressenza.com\/de\/#organization\"},\"image\":{\"@id\":\"https:\/\/www.pressenza.com\/de\/2019\/08\/kataloniens-diada-die-geschichte-hinter-dem-tag\/#primaryimage\"},\"thumbnailUrl\":\"https:\/\/www.pressenza.com\/wp-content\/uploads\/2019\/08\/2916265634_7e45dda296_o.jpg\",\"keywords\":[\"Diada\",\"Geschichte\",\"Katalonien\",\"Spanien\"],\"articleSection\":[\"Europa\",\"Kultur und Medien\",\"Vielfalt\"],\"inLanguage\":\"de\"},{\"@type\":\"WebPage\",\"@id\":\"https:\/\/www.pressenza.com\/de\/2019\/08\/kataloniens-diada-die-geschichte-hinter-dem-tag\/\",\"url\":\"https:\/\/www.pressenza.com\/de\/2019\/08\/kataloniens-diada-die-geschichte-hinter-dem-tag\/\",\"name\":\"Kataloniens Diada \u2013 Die Geschichte hinter dem Tag\",\"isPartOf\":{\"@id\":\"https:\/\/www.pressenza.com\/de\/#website\"},\"primaryImageOfPage\":{\"@id\":\"https:\/\/www.pressenza.com\/de\/2019\/08\/kataloniens-diada-die-geschichte-hinter-dem-tag\/#primaryimage\"},\"image\":{\"@id\":\"https:\/\/www.pressenza.com\/de\/2019\/08\/kataloniens-diada-die-geschichte-hinter-dem-tag\/#primaryimage\"},\"thumbnailUrl\":\"https:\/\/www.pressenza.com\/wp-content\/uploads\/2019\/08\/2916265634_7e45dda296_o.jpg\",\"datePublished\":\"2019-08-13T09:58:42+00:00\",\"description\":\"Am 11. September feiert Katalonien die Diada, ein f\u00fcr viele Katalanen und Katalaninnen historisch wichtiger Tag. Man gedenkt der Niederlage Barcelonas am 11.9.1714 gegen\u00fcber den franz\u00f6sischen Truppen im Spanischen Erbfolgekrieg.\",\"breadcrumb\":{\"@id\":\"https:\/\/www.pressenza.com\/de\/2019\/08\/kataloniens-diada-die-geschichte-hinter-dem-tag\/#breadcrumb\"},\"inLanguage\":\"de\",\"potentialAction\":[{\"@type\":\"ReadAction\",\"target\":[\"https:\/\/www.pressenza.com\/de\/2019\/08\/kataloniens-diada-die-geschichte-hinter-dem-tag\/\"]}]},{\"@type\":\"ImageObject\",\"inLanguage\":\"de\",\"@id\":\"https:\/\/www.pressenza.com\/de\/2019\/08\/kataloniens-diada-die-geschichte-hinter-dem-tag\/#primaryimage\",\"url\":\"https:\/\/www.pressenza.com\/wp-content\/uploads\/2019\/08\/2916265634_7e45dda296_o.jpg\",\"contentUrl\":\"https:\/\/www.pressenza.com\/wp-content\/uploads\/2019\/08\/2916265634_7e45dda296_o.jpg\",\"width\":1024,\"height\":681,\"caption\":\"SONY DSC\"},{\"@type\":\"BreadcrumbList\",\"@id\":\"https:\/\/www.pressenza.com\/de\/2019\/08\/kataloniens-diada-die-geschichte-hinter-dem-tag\/#breadcrumb\",\"itemListElement\":[{\"@type\":\"ListItem\",\"position\":1,\"name\":\"Accueil\",\"item\":\"https:\/\/www.pressenza.com\/de\/\"},{\"@type\":\"ListItem\",\"position\":2,\"name\":\"Kataloniens Diada \u2013 Die Geschichte hinter dem Tag\"}]},{\"@type\":\"WebSite\",\"@id\":\"https:\/\/www.pressenza.com\/de\/#website\",\"url\":\"https:\/\/www.pressenza.com\/de\/\",\"name\":\"Pressenza\",\"description\":\"International Press Agency\",\"publisher\":{\"@id\":\"https:\/\/www.pressenza.com\/de\/#organization\"},\"potentialAction\":[{\"@type\":\"SearchAction\",\"target\":{\"@type\":\"EntryPoint\",\"urlTemplate\":\"https:\/\/www.pressenza.com\/de\/?s={search_term_string}\"},\"query-input\":{\"@type\":\"PropertyValueSpecification\",\"valueRequired\":true,\"valueName\":\"search_term_string\"}}],\"inLanguage\":\"de\"},{\"@type\":\"Organization\",\"@id\":\"https:\/\/www.pressenza.com\/de\/#organization\",\"name\":\"Pressenza\",\"url\":\"https:\/\/www.pressenza.com\/de\/\",\"logo\":{\"@type\":\"ImageObject\",\"inLanguage\":\"de\",\"@id\":\"https:\/\/www.pressenza.com\/de\/#\/schema\/logo\/image\/\",\"url\":\"https:\/\/www.pressenza.com\/wp-content\/uploads\/2022\/10\/pressenza_logo_200x200.jpg\",\"contentUrl\":\"https:\/\/www.pressenza.com\/wp-content\/uploads\/2022\/10\/pressenza_logo_200x200.jpg\",\"width\":200,\"height\":200,\"caption\":\"Pressenza\"},\"image\":{\"@id\":\"https:\/\/www.pressenza.com\/de\/#\/schema\/logo\/image\/\"},\"sameAs\":[\"https:\/\/www.facebook.com\/PressenzaItalia\",\"https:\/\/x.com\/PressenzaIPA\"]},{\"@type\":\"Person\",\"@id\":\"https:\/\/www.pressenza.com\/de\/#\/schema\/person\/b816344ee166a2736c48a20c4b9ad2a9\",\"name\":\"Neue Debatte\",\"description\":\"Magazin f\u00fcr Menschen, Kultur und Gesellschaft www.neue-debatte.de\",\"url\":\"https:\/\/www.pressenza.com\/de\/author\/neue-debatte\/\"}]}<\/script>\n<!-- \/ Yoast SEO plugin. -->","yoast_head_json":{"title":"Kataloniens Diada \u2013 Die Geschichte hinter dem Tag","description":"Am 11. September feiert Katalonien die Diada, ein f\u00fcr viele Katalanen und Katalaninnen historisch wichtiger Tag. Man gedenkt der Niederlage Barcelonas am 11.9.1714 gegen\u00fcber den franz\u00f6sischen Truppen im Spanischen Erbfolgekrieg.","robots":{"index":"index","follow":"follow","max-snippet":"max-snippet:-1","max-image-preview":"max-image-preview:large","max-video-preview":"max-video-preview:-1"},"canonical":"https:\/\/www.pressenza.com\/de\/2019\/08\/kataloniens-diada-die-geschichte-hinter-dem-tag\/","og_locale":"de_DE","og_type":"article","og_title":"Kataloniens Diada \u2013 Die Geschichte hinter dem Tag","og_description":"Am 11. September feiert Katalonien die Diada, ein f\u00fcr viele Katalanen und Katalaninnen historisch wichtiger Tag. Man gedenkt der Niederlage Barcelonas am 11.9.1714 gegen\u00fcber den franz\u00f6sischen Truppen im Spanischen Erbfolgekrieg.","og_url":"https:\/\/www.pressenza.com\/de\/2019\/08\/kataloniens-diada-die-geschichte-hinter-dem-tag\/","og_site_name":"Pressenza","article_publisher":"https:\/\/www.facebook.com\/PressenzaItalia","article_published_time":"2019-08-13T09:58:42+00:00","og_image":[{"width":1024,"height":681,"url":"https:\/\/www.pressenza.com\/wp-content\/uploads\/2019\/08\/2916265634_7e45dda296_o.jpg","type":"image\/jpeg"}],"author":"Neue Debatte","twitter_card":"summary_large_image","twitter_creator":"@PressenzaIPA","twitter_site":"@PressenzaIPA","twitter_misc":{"Verfasst von":"Neue Debatte","Gesch\u00e4tzte Lesezeit":"3\u00a0Minuten"},"schema":{"@context":"https:\/\/schema.org","@graph":[{"@type":"Article","@id":"https:\/\/www.pressenza.com\/de\/2019\/08\/kataloniens-diada-die-geschichte-hinter-dem-tag\/#article","isPartOf":{"@id":"https:\/\/www.pressenza.com\/de\/2019\/08\/kataloniens-diada-die-geschichte-hinter-dem-tag\/"},"author":{"name":"Neue Debatte","@id":"https:\/\/www.pressenza.com\/de\/#\/schema\/person\/b816344ee166a2736c48a20c4b9ad2a9"},"headline":"Kataloniens Diada \u2013 Die Geschichte hinter dem Tag","datePublished":"2019-08-13T09:58:42+00:00","mainEntityOfPage":{"@id":"https:\/\/www.pressenza.com\/de\/2019\/08\/kataloniens-diada-die-geschichte-hinter-dem-tag\/"},"wordCount":546,"publisher":{"@id":"https:\/\/www.pressenza.com\/de\/#organization"},"image":{"@id":"https:\/\/www.pressenza.com\/de\/2019\/08\/kataloniens-diada-die-geschichte-hinter-dem-tag\/#primaryimage"},"thumbnailUrl":"https:\/\/www.pressenza.com\/wp-content\/uploads\/2019\/08\/2916265634_7e45dda296_o.jpg","keywords":["Diada","Geschichte","Katalonien","Spanien"],"articleSection":["Europa","Kultur und Medien","Vielfalt"],"inLanguage":"de"},{"@type":"WebPage","@id":"https:\/\/www.pressenza.com\/de\/2019\/08\/kataloniens-diada-die-geschichte-hinter-dem-tag\/","url":"https:\/\/www.pressenza.com\/de\/2019\/08\/kataloniens-diada-die-geschichte-hinter-dem-tag\/","name":"Kataloniens Diada \u2013 Die Geschichte hinter dem Tag","isPartOf":{"@id":"https:\/\/www.pressenza.com\/de\/#website"},"primaryImageOfPage":{"@id":"https:\/\/www.pressenza.com\/de\/2019\/08\/kataloniens-diada-die-geschichte-hinter-dem-tag\/#primaryimage"},"image":{"@id":"https:\/\/www.pressenza.com\/de\/2019\/08\/kataloniens-diada-die-geschichte-hinter-dem-tag\/#primaryimage"},"thumbnailUrl":"https:\/\/www.pressenza.com\/wp-content\/uploads\/2019\/08\/2916265634_7e45dda296_o.jpg","datePublished":"2019-08-13T09:58:42+00:00","description":"Am 11. September feiert Katalonien die Diada, ein f\u00fcr viele Katalanen und Katalaninnen historisch wichtiger Tag. Man gedenkt der Niederlage Barcelonas am 11.9.1714 gegen\u00fcber den franz\u00f6sischen Truppen im Spanischen Erbfolgekrieg.","breadcrumb":{"@id":"https:\/\/www.pressenza.com\/de\/2019\/08\/kataloniens-diada-die-geschichte-hinter-dem-tag\/#breadcrumb"},"inLanguage":"de","potentialAction":[{"@type":"ReadAction","target":["https:\/\/www.pressenza.com\/de\/2019\/08\/kataloniens-diada-die-geschichte-hinter-dem-tag\/"]}]},{"@type":"ImageObject","inLanguage":"de","@id":"https:\/\/www.pressenza.com\/de\/2019\/08\/kataloniens-diada-die-geschichte-hinter-dem-tag\/#primaryimage","url":"https:\/\/www.pressenza.com\/wp-content\/uploads\/2019\/08\/2916265634_7e45dda296_o.jpg","contentUrl":"https:\/\/www.pressenza.com\/wp-content\/uploads\/2019\/08\/2916265634_7e45dda296_o.jpg","width":1024,"height":681,"caption":"SONY DSC"},{"@type":"BreadcrumbList","@id":"https:\/\/www.pressenza.com\/de\/2019\/08\/kataloniens-diada-die-geschichte-hinter-dem-tag\/#breadcrumb","itemListElement":[{"@type":"ListItem","position":1,"name":"Accueil","item":"https:\/\/www.pressenza.com\/de\/"},{"@type":"ListItem","position":2,"name":"Kataloniens Diada \u2013 Die Geschichte hinter dem Tag"}]},{"@type":"WebSite","@id":"https:\/\/www.pressenza.com\/de\/#website","url":"https:\/\/www.pressenza.com\/de\/","name":"Pressenza","description":"International Press Agency","publisher":{"@id":"https:\/\/www.pressenza.com\/de\/#organization"},"potentialAction":[{"@type":"SearchAction","target":{"@type":"EntryPoint","urlTemplate":"https:\/\/www.pressenza.com\/de\/?s={search_term_string}"},"query-input":{"@type":"PropertyValueSpecification","valueRequired":true,"valueName":"search_term_string"}}],"inLanguage":"de"},{"@type":"Organization","@id":"https:\/\/www.pressenza.com\/de\/#organization","name":"Pressenza","url":"https:\/\/www.pressenza.com\/de\/","logo":{"@type":"ImageObject","inLanguage":"de","@id":"https:\/\/www.pressenza.com\/de\/#\/schema\/logo\/image\/","url":"https:\/\/www.pressenza.com\/wp-content\/uploads\/2022\/10\/pressenza_logo_200x200.jpg","contentUrl":"https:\/\/www.pressenza.com\/wp-content\/uploads\/2022\/10\/pressenza_logo_200x200.jpg","width":200,"height":200,"caption":"Pressenza"},"image":{"@id":"https:\/\/www.pressenza.com\/de\/#\/schema\/logo\/image\/"},"sameAs":["https:\/\/www.facebook.com\/PressenzaItalia","https:\/\/x.com\/PressenzaIPA"]},{"@type":"Person","@id":"https:\/\/www.pressenza.com\/de\/#\/schema\/person\/b816344ee166a2736c48a20c4b9ad2a9","name":"Neue Debatte","description":"Magazin f\u00fcr Menschen, Kultur und Gesellschaft www.neue-debatte.de","url":"https:\/\/www.pressenza.com\/de\/author\/neue-debatte\/"}]}},"place":"","original_article_url":"https:\/\/neue-debatte.com\/2019\/08\/12\/kataloniens-diada\/","_links":{"self":[{"href":"https:\/\/www.pressenza.com\/de\/wp-json\/wp\/v2\/posts\/902553","targetHints":{"allow":["GET"]}}],"collection":[{"href":"https:\/\/www.pressenza.com\/de\/wp-json\/wp\/v2\/posts"}],"about":[{"href":"https:\/\/www.pressenza.com\/de\/wp-json\/wp\/v2\/types\/post"}],"author":[{"embeddable":true,"href":"https:\/\/www.pressenza.com\/de\/wp-json\/wp\/v2\/users\/1342"}],"replies":[{"embeddable":true,"href":"https:\/\/www.pressenza.com\/de\/wp-json\/wp\/v2\/comments?post=902553"}],"version-history":[{"count":0,"href":"https:\/\/www.pressenza.com\/de\/wp-json\/wp\/v2\/posts\/902553\/revisions"}],"wp:featuredmedia":[{"embeddable":true,"href":"https:\/\/www.pressenza.com\/de\/wp-json\/wp\/v2\/media\/902564"}],"wp:attachment":[{"href":"https:\/\/www.pressenza.com\/de\/wp-json\/wp\/v2\/media?parent=902553"}],"wp:term":[{"taxonomy":"category","embeddable":true,"href":"https:\/\/www.pressenza.com\/de\/wp-json\/wp\/v2\/categories?post=902553"},{"taxonomy":"post_tag","embeddable":true,"href":"https:\/\/www.pressenza.com\/de\/wp-json\/wp\/v2\/tags?post=902553"}],"curies":[{"name":"wp","href":"https:\/\/api.w.org\/{rel}","templated":true}]}}