{"id":881094,"date":"2019-07-06T10:27:41","date_gmt":"2019-07-06T09:27:41","guid":{"rendered":"https:\/\/www.pressenza.com\/?p=881094"},"modified":"2019-08-14T13:30:48","modified_gmt":"2019-08-14T12:30:48","slug":"gute-nachrichten-teil-2-der-hoffnungsquickie","status":"publish","type":"post","link":"https:\/\/www.pressenza.com\/de\/2019\/07\/gute-nachrichten-teil-2-der-hoffnungsquickie\/","title":{"rendered":"Gute Nachrichten Teil 2 \u2013 Der Hoffnungsquickie"},"content":{"rendered":"<header class=\"header-normal\">\n<div class=\"header-content\">\n<div class=\"article-teaser\">\n<p><strong>Die Welt ist ein schlechter Ort. Diesen Eindruck gewinnt man zumindest, wenn man sie durch das mediale Brennglas betrachtet. Katastrophen, Kriege, L\u00fcgen, Heuchelei und Zerst\u00f6rung bestimmen die vermittelte Realit\u00e4t. Obwohl jedem bekannt sein d\u00fcrfte, dass diese nur ein stark vergr\u00f6\u00dferter Ausschnitt der Wirklichkeit ist, \u00fcbernehmen sie viele allzu h\u00e4ufig als einzig m\u00f6gliches Weltbild.<\/strong><\/p>\n<p>Daher hat sich die Mutmach-Redaktion entschlossen, in regelm\u00e4\u00dfigen Abst\u00e4nden gute Nachrichten in die Weltuntergangsszenarien einzustreuen. Denn: Es geschehen auch Wunder, Erfolge und erfreuliche Ereignisse, diese verkaufen sich nur nicht so gut, wie die unter einem rei\u00dferischen Titel vorgetragene Katastrophe. Gute Nachrichten erfordern keine tiefgehende Analyse, deshalb halten wir sie kurz und knackig. Sie dienen als kurze Verschnaufpause, um das einseitig verzerrte Weltbild wieder ein St\u00fcck ins Lot zu r\u00fccken.<\/p>\n<\/div>\n<\/div>\n<\/header>\n<div class=\"article\">\n<div class=\"article-content\">\n<h4><strong>Ein Mann, ein Wald<\/strong><\/h4>\n<p>Was jeder Einzelne bewirken kann, beweist der Inder <a href=\"https:\/\/nur-positive-nachrichten.de\/positive-nachrichten\/der-herr-der-baeume-einzelner-mann-pflanzt-seit-30-jahren-taeglich-baeume-und-erschuf-so-einen-urwald\" target=\"_blank\" rel=\"noopener\">Jadev Payeng<\/a>. Als er mit 16 Jahren auf einer Sandbank im Nordosten Indiens hunderte tote Reptilien entdeckte, war er schockiert. Die Tiere waren durch ein Absinken des Wasserpegels und das Fehlen von Schatten spendenden B\u00e4umen dem Hitzetod zum Opfer gefallen. Payeng erkannte dadurch die Gefahr, dass auch der Mensch eines Tages so sterben k\u00f6nnte.<\/p>\n<p>Obwohl ihn seine Mitmenschen und die Dorf\u00e4ltesten auslachten, begann der damals 16-J\u00e4hrige damit, jeden Tag B\u00e4ume und andere Pflanzen auf die Sandbank zu bringen und dort einzupflanzen. Niemand konnte sich damals vorstellen, dass auf diesem kargen Boden etwas wachsen k\u00f6nnte, doch nun, 40 Jahre sp\u00e4ter, steht dort ein 1.200 Hektar gro\u00dfer Sekund\u00e4rwald, das Werk eines einzelnen Mannes, der auch heute noch jeden Tag B\u00e4ume pflanzt. Der Wald bietet Lebensraum f\u00fcr Reptilien, Insekten, V\u00f6gel und S\u00e4ugetiere. Nun kann man sich die Geschichte dieses Waldes in einer <a href=\"https:\/\/www.youtube.com\/watch?v=HkZDSqyE1do\" target=\"_blank\" rel=\"noopener\">Kurzdokumentation<\/a> ansehen.<\/p>\n<h4><strong>XXL-Nationalpark bei Mallorca<\/strong><\/h4>\n<p>Im S\u00fcden von Mallorca liegt die kleine Insel Cabrera. Sie steht seit 1991 unter Naturschutz. Dadurch hatten sich die Fischbest\u00e4nde rund um Cabrera in Rekordzeit erholt. Am 1. Februar 2019 schrieb das spanische Parlament die Erfolgsgeschichte dieses Naturparks fort und erweiterte dessen Fl\u00e4che um das Neunfache (!), wie die Meereswissenschaftlerin der Naturschutzorganisation Oceana und Co-Workerin von Rubikon-Autorin Elisa Gratias, Marta Carreras, uns erkl\u00e4rte. Somit ist Cabrera nun der gr\u00f6\u00dfte Nationalpark des westlichen Mittelmeers (1).<\/p>\n<p>Dies ist ein internationaler Meilenstein, sowohl bez\u00fcglich der unglaublichen Biodiversit\u00e4t als auch der erreichten Tiefe von 2.000 Metern. Mit seiner Ausdehnung von 90.794 Hektar bietet das zum Park geh\u00f6rende Mittelmeer bedrohten Arten wie Korallen, Delfinen und Walen nun den h\u00f6chsten gesetzlichen Schutz. Die internationale Meeresschutzorganisation Oceana hatte sich seit 2007 mit zahlreichen Kampagnen und sechs Forschungsexpeditionen f\u00fcr diese Erweiterung eingesetzt (2).<\/p>\n<p>\u201eHeute ist ein gro\u00dfer Tag f\u00fcr das Mittelmeer, eines der am meisten in Mitleidenschaft gezogenen Meere des Planeten. Der Nationalpark von Cabrera (\u2026) ist ein Emblem des Unterwassernaturerbes, das wir den folgenden Generationen vermachen m\u00fcssen. Cabrera ist ein wahrhaftiges Miniaturmittelmeer\u201c, betonte Ricardo Aguilar, Forschungsleiter von Oceana Europa in einer Pressemitteilung. \u201eEs ist das erste Mal, dass Spanien den Gebieten von Walen und gro\u00dfen wandernden Fischarten den h\u00f6chsten gesetzlichen Schutz gibt, was unter anderem Delfinen, Pottwalen, Finnwalen und dem Roten Thunfisch zu Gute kommt. Au\u00dferdem werden tiefe Korallenb\u00e4nke mit bedrohten Arten (\u2026) in das Schutzgebiet aufgenommen\u201c, erkl\u00e4rte Marta Carreras.<\/p>\n<p>Nat\u00fcrlich ist der Meeresschutz ein langer und l\u00e4ngst nicht abgeschlossener Prozess. Oceana setzt ihre wichtige Arbeit durch diesen Erfolg gest\u00e4rkt fort, um einen grundlegenden Wandel f\u00fcr die Erhaltung der Biodiversit\u00e4t in den Meeren und an Land in die Wege zu leiten. Errungenschaften wie diese zeigen uns, dass sich der unerm\u00fcdliche Einsatz vieler einzelner Menschen lohnt und kleine Schritte irgendwann zu gro\u00dfen Schritten werden.<\/p>\n<p>Ricardo Aguilar begl\u00fcckw\u00fcnschte das spanische Ministerium f\u00fcr den \u00f6kologischen Wandel und die Balearische Regierung zu diesem enormen Fortschritt und hofft, dass dies den Weg f\u00fcr die Schaffung weiterer Meeresnationalparks ebnet (2), damit unsere Meere sich schnellstm\u00f6glich erholen k\u00f6nnen.<\/p>\n<h4><strong>Gesch\u00fctzter Regenwald<\/strong><\/h4>\n<p>Auch die peruanische Regierung hat den Wert des \u00d6kosystems erkannt, und nun einen 8.700 Quadratkilometer gro\u00dfen Regenwald unter Naturschutz gestellt (3). Dabei arbeitete sie eng mit den dort lebenden indigenen St\u00e4mmen zusammen, die auf diesen Wald angewiesen sind.<\/p>\n<p>Der neue Yaguas-Nationalpark ist nun der gr\u00f6\u00dfte Perus. Hier sind viele einzigartige Tier- und Pflanzenarten zuhause. Der Wald ist so gro\u00df, dass der dort aufsteigende Nebel sogar in den USA Regen ausl\u00f6sen kann. Er ist also ein wichtiger Faktor f\u00fcr das lokale und \u00fcberregionale Wetter und tr\u00e4gt dazu bei, das Klima zu stabilisieren.<\/p>\n<p>Der Yaguas-Regenwald ist einer der letzten unber\u00fchrten W\u00e4lder auf der Erde. Doch, wie alle Regenw\u00e4lder, war auch er von illegaler Abholzung bedroht. Dem hat die Regierung nun einen Riegel vorgeschoben und erh\u00e4lt auf diese Weise dieses einzigartige \u00d6kosystem. Damit f\u00fcgt sich der Regenwald in ein Netzwerk ein, das aus L\u00e4ndern wie Ecuador, Chile und Kolumbien besteht. Dank einer starken Zivilgesellschaft \u00e4ndern die Politiker dieser L\u00e4nder ihre Sicht auf den Klimawandel und stellen gro\u00dfe, miteinander zusammenh\u00e4ngende Gebiete unter Naturschutz (4).<\/p>\n<p><em>Dieser Beitrag von Felix Feistel und Elisa Gratias erschien erstmalig bei <a href=\"https:\/\/www.rubikon.news\/artikel\/der-hoffnungsquickie-2\" target=\"_blank\" rel=\"noopener\">Rubikon \u2013 Magazin f\u00fcr die kritische Masse<\/a> unter CC BY 4.0.<\/em><\/p>\n<p><a href=\"https:\/\/www.pressenza.com\/de\/2019\/07\/gute-nachrichten-teil-1-der-hoffnungsquickie\/\" target=\"_blank\" rel=\"noopener\"><strong>Gute Nachrichten Teil 1 \u2013 Der Hoffnungsquickie<\/strong><\/a><\/p>\n<p><em><strong>Quellen und Anmerkungen:<\/strong><\/em><em>(1) Der gr\u00f6\u00dfte Meeres-Nationalpark des Mittelmeers ist Alonnisos-N\u00f6rdliche Sporaden in Griechenland mit einer Fl\u00e4che von 160.000 Hektar. Das Naturschutzgebiet von Cabrera besitzt die zweitgr\u00f6\u00dfte Ausdehnung des gesamten Mittelmeers.<\/em><br \/>\n<em>(2) <a href=\"https:\/\/eu.oceana.org\/es\/prensa-e-informes\/comunicados-de-prensa\/espana-crea-en-cabrera-el-mayor-parque-nacional-marino-del#_edn1\" target=\"_blank\" rel=\"noopener\">https:\/\/eu.oceana.org\/es\/prensa-e-informes\/comunicados-de-prensa\/espana-crea-en-cabrera-el-mayor-parque-nacional-marino-del#_edn1<\/a>; <a href=\"https:\/\/oceana.org\/press-center\/press-releases\/spain-create-second-largest-marine-national-park-mediterranean-south\" target=\"_blank\" rel=\"noopener\">https:\/\/oceana.org\/press-center\/press-releases\/spain-create-second-largest-marine-national-park-mediterranean-south<\/a><\/em><br \/>\n<em>(3) <a href=\"https:\/\/nur-positive-nachrichten.de\/positive-nachrichten\/peru-schuetzt-einen-der-groessten-unberuehrten-regenwaelder-der-welt\" target=\"_blank\" rel=\"noopener\">https:\/\/nur-positive-nachrichten.de\/positive-nachrichten\/peru-schuetzt-einen-der-groessten-unberuehrten-regenwaelder-der-welt<\/a><\/em><br \/>\n<em>(4) <a href=\"https:\/\/inhabitat.com\/peru-protects-one-of-worlds-last-great-untouched-forests\/\" target=\"_blank\" rel=\"noopener\">https:\/\/inhabitat.com\/peru-protects-one-of-worlds-last-great-untouched-forests\/<\/a><\/em><\/p>\n<hr \/>\n<p><em><strong>Felix Feistel<\/strong>, Jahrgang 1992, schreibt in vielf\u00e4ltiger Weise \u00fcber die Idiotie dieser Welt und auch gegen diese an. In einer auf Zahlen und Daten reduzierten Welt, die ihm schon immer fremd war, sucht er nach Menschlichkeit und der Bedeutung des Lebens. Er versucht, seine Kr\u00e4fte und Talente f\u00fcr die Gestaltung einer lebenswerten Welt einzusetzen, indem er sich gegen Ungerechtigkeit und Zerst\u00f6rung wendet. Trotz des \u00fcberall grassierenden Wahnsinns ist er nicht bereit, den Glauben an das Gute im Menschen und sein Potenzial, den Planeten in ein Paradies zu verwandeln, aufzugeben. Er ist Mitglied der Rubikon-Jugendredaktion und schreibt f\u00fcr die Kolumne \u201e<a href=\"https:\/\/www.rubikon.news\/kolumnen\/junge-federn\" target=\"_blank\" rel=\"noopener\">Junge Federn<\/a>\u201c.<\/em><\/p>\n<p><strong>Elisa Gratias<\/strong>, Jahrgang 1983, wuchs in Sachsen-Anhalt auf. 2005 wanderte sie nach Frankreich aus, wo sie ihr Studium zur \u00dcbersetzerin abschloss. 2014 zog sie nach Mallorca und arbeitet dort seitdem als freiberufliche \u00dcbersetzerin. Ihre Auswandererfahrungen und ihr Hang zum Gr\u00fcbeln bescherten ihr viele Erkenntnisse zum Thema Gl\u00fcck, Erf\u00fcllung und Gesellschaft. Dar\u00fcber schreibt sie auf ihrem Blog <a href=\"http:\/\/www.flohbair.com\" target=\"_blank\" rel=\"noopener\">flohbair.com<\/a>.<\/p>\n<\/div>\n<\/div>\n","protected":false},"excerpt":{"rendered":"<p>Die Welt ist ein schlechter Ort. Diesen Eindruck gewinnt man zumindest, wenn man sie durch das mediale Brennglas betrachtet. Katastrophen, Kriege, L\u00fcgen, Heuchelei und Zerst\u00f6rung bestimmen die vermittelte Realit\u00e4t. Obwohl jedem bekannt sein d\u00fcrfte, dass diese nur ein stark vergr\u00f6\u00dferter&hellip;<\/p>\n","protected":false},"author":1095,"featured_media":881096,"comment_status":"closed","ping_status":"closed","sticky":false,"template":"","format":"standard","meta":{"footnotes":""},"categories":[9148,9150,9163,9157,9154],"tags":[11757,9935,60551,11429,60589,60591,60590,60588,12271],"class_list":["post-881094","post","type-post","status-publish","format-standard","has-post-thumbnail","hentry","category-asien","category-europa-de","category-indigene-voelker","category-oekologie-und-umwelt","category-suedamerika","tag-amazonas","tag-good-news","tag-gute-nachrichten","tag-indien","tag-mallorca","tag-mischwald","tag-nationalpark","tag-naturschutzgebiet","tag-peru-de"],"yoast_head":"<!-- This site is optimized with the Yoast SEO plugin v27.1.1 - https:\/\/yoast.com\/product\/yoast-seo-wordpress\/ -->\n<title>Gute Nachrichten Teil 2 \u2013 Der Hoffnungsquickie<\/title>\n<meta name=\"description\" content=\"Die Mutmach-Redaktion hat sich entschlossen, in regelm\u00e4\u00dfigen Abst\u00e4nden gute Nachrichten einzustreuen. Denn: Es geschehen auch Wunder, Erfolge und erfreuliche Ereignisse.\" \/>\n<meta name=\"robots\" content=\"index, follow, max-snippet:-1, max-image-preview:large, max-video-preview:-1\" \/>\n<link rel=\"canonical\" href=\"https:\/\/www.pressenza.com\/de\/2019\/07\/gute-nachrichten-teil-2-der-hoffnungsquickie\/\" \/>\n<meta property=\"og:locale\" content=\"de_DE\" \/>\n<meta property=\"og:type\" content=\"article\" \/>\n<meta property=\"og:title\" content=\"Gute Nachrichten Teil 2 \u2013 Der Hoffnungsquickie\" \/>\n<meta property=\"og:description\" content=\"Die Mutmach-Redaktion hat sich entschlossen, in regelm\u00e4\u00dfigen Abst\u00e4nden gute Nachrichten einzustreuen. Denn: Es geschehen auch Wunder, Erfolge und erfreuliche Ereignisse.\" \/>\n<meta property=\"og:url\" content=\"https:\/\/www.pressenza.com\/de\/2019\/07\/gute-nachrichten-teil-2-der-hoffnungsquickie\/\" \/>\n<meta property=\"og:site_name\" content=\"Pressenza\" \/>\n<meta property=\"article:publisher\" content=\"https:\/\/www.facebook.com\/PressenzaItalia\" \/>\n<meta property=\"article:author\" content=\"https:\/\/www.facebook.com\/Pressenza-Deutschland-sterreich-Schweiz-281675388658060\/timeline\/\" \/>\n<meta property=\"article:published_time\" content=\"2019-07-06T09:27:41+00:00\" \/>\n<meta property=\"article:modified_time\" content=\"2019-08-14T12:30:48+00:00\" \/>\n<meta property=\"og:image\" content=\"https:\/\/www.pressenza.com\/wp-content\/uploads\/2019\/07\/rainforest-78516_1280.jpg\" \/>\n\t<meta property=\"og:image:width\" content=\"1280\" \/>\n\t<meta property=\"og:image:height\" content=\"720\" \/>\n\t<meta property=\"og:image:type\" content=\"image\/jpeg\" \/>\n<meta name=\"author\" content=\"Pressenza Berlin\" \/>\n<meta name=\"twitter:card\" content=\"summary_large_image\" \/>\n<meta name=\"twitter:creator\" content=\"@pressenza_ger\" \/>\n<meta name=\"twitter:site\" content=\"@PressenzaIPA\" \/>\n<meta name=\"twitter:label1\" content=\"Verfasst von\" \/>\n\t<meta name=\"twitter:data1\" content=\"Pressenza Berlin\" \/>\n\t<meta name=\"twitter:label2\" content=\"Gesch\u00e4tzte Lesezeit\" \/>\n\t<meta name=\"twitter:data2\" content=\"5\u00a0Minuten\" \/>\n<script type=\"application\/ld+json\" class=\"yoast-schema-graph\">{\"@context\":\"https:\/\/schema.org\",\"@graph\":[{\"@type\":\"Article\",\"@id\":\"https:\/\/www.pressenza.com\/de\/2019\/07\/gute-nachrichten-teil-2-der-hoffnungsquickie\/#article\",\"isPartOf\":{\"@id\":\"https:\/\/www.pressenza.com\/de\/2019\/07\/gute-nachrichten-teil-2-der-hoffnungsquickie\/\"},\"author\":{\"name\":\"Pressenza Berlin\",\"@id\":\"https:\/\/www.pressenza.com\/de\/#\/schema\/person\/57bb5480943a496a7722b0248e4b658a\"},\"headline\":\"Gute Nachrichten Teil 2 \u2013 Der Hoffnungsquickie\",\"datePublished\":\"2019-07-06T09:27:41+00:00\",\"dateModified\":\"2019-08-14T12:30:48+00:00\",\"mainEntityOfPage\":{\"@id\":\"https:\/\/www.pressenza.com\/de\/2019\/07\/gute-nachrichten-teil-2-der-hoffnungsquickie\/\"},\"wordCount\":1090,\"publisher\":{\"@id\":\"https:\/\/www.pressenza.com\/de\/#organization\"},\"image\":{\"@id\":\"https:\/\/www.pressenza.com\/de\/2019\/07\/gute-nachrichten-teil-2-der-hoffnungsquickie\/#primaryimage\"},\"thumbnailUrl\":\"https:\/\/www.pressenza.com\/wp-content\/uploads\/2019\/07\/rainforest-78516_1280.jpg\",\"keywords\":[\"Amazonas\",\"Good News\",\"Gute Nachrichten\",\"Indien\",\"Mallorca\",\"Mischwald\",\"Nationalpark\",\"Naturschutzgebiet\",\"Peru\"],\"articleSection\":[\"Asien\",\"Europa\",\"Indigene V\u00f6lker\",\"\u00d6kologie und Umwelt\",\"S\u00fcdamerika\"],\"inLanguage\":\"de\"},{\"@type\":\"WebPage\",\"@id\":\"https:\/\/www.pressenza.com\/de\/2019\/07\/gute-nachrichten-teil-2-der-hoffnungsquickie\/\",\"url\":\"https:\/\/www.pressenza.com\/de\/2019\/07\/gute-nachrichten-teil-2-der-hoffnungsquickie\/\",\"name\":\"Gute Nachrichten Teil 2 \u2013 Der Hoffnungsquickie\",\"isPartOf\":{\"@id\":\"https:\/\/www.pressenza.com\/de\/#website\"},\"primaryImageOfPage\":{\"@id\":\"https:\/\/www.pressenza.com\/de\/2019\/07\/gute-nachrichten-teil-2-der-hoffnungsquickie\/#primaryimage\"},\"image\":{\"@id\":\"https:\/\/www.pressenza.com\/de\/2019\/07\/gute-nachrichten-teil-2-der-hoffnungsquickie\/#primaryimage\"},\"thumbnailUrl\":\"https:\/\/www.pressenza.com\/wp-content\/uploads\/2019\/07\/rainforest-78516_1280.jpg\",\"datePublished\":\"2019-07-06T09:27:41+00:00\",\"dateModified\":\"2019-08-14T12:30:48+00:00\",\"description\":\"Die Mutmach-Redaktion hat sich entschlossen, in regelm\u00e4\u00dfigen Abst\u00e4nden gute Nachrichten einzustreuen. Denn: Es geschehen auch Wunder, Erfolge und erfreuliche Ereignisse.\",\"breadcrumb\":{\"@id\":\"https:\/\/www.pressenza.com\/de\/2019\/07\/gute-nachrichten-teil-2-der-hoffnungsquickie\/#breadcrumb\"},\"inLanguage\":\"de\",\"potentialAction\":[{\"@type\":\"ReadAction\",\"target\":[\"https:\/\/www.pressenza.com\/de\/2019\/07\/gute-nachrichten-teil-2-der-hoffnungsquickie\/\"]}]},{\"@type\":\"ImageObject\",\"inLanguage\":\"de\",\"@id\":\"https:\/\/www.pressenza.com\/de\/2019\/07\/gute-nachrichten-teil-2-der-hoffnungsquickie\/#primaryimage\",\"url\":\"https:\/\/www.pressenza.com\/wp-content\/uploads\/2019\/07\/rainforest-78516_1280.jpg\",\"contentUrl\":\"https:\/\/www.pressenza.com\/wp-content\/uploads\/2019\/07\/rainforest-78516_1280.jpg\",\"width\":1280,\"height\":720,\"caption\":\"Gute Nachrichten Teil 2 \u2013 Der Hoffnungsquickie\"},{\"@type\":\"BreadcrumbList\",\"@id\":\"https:\/\/www.pressenza.com\/de\/2019\/07\/gute-nachrichten-teil-2-der-hoffnungsquickie\/#breadcrumb\",\"itemListElement\":[{\"@type\":\"ListItem\",\"position\":1,\"name\":\"Accueil\",\"item\":\"https:\/\/www.pressenza.com\/de\/\"},{\"@type\":\"ListItem\",\"position\":2,\"name\":\"Gute Nachrichten Teil 2 \u2013 Der Hoffnungsquickie\"}]},{\"@type\":\"WebSite\",\"@id\":\"https:\/\/www.pressenza.com\/de\/#website\",\"url\":\"https:\/\/www.pressenza.com\/de\/\",\"name\":\"Pressenza\",\"description\":\"International Press Agency\",\"publisher\":{\"@id\":\"https:\/\/www.pressenza.com\/de\/#organization\"},\"potentialAction\":[{\"@type\":\"SearchAction\",\"target\":{\"@type\":\"EntryPoint\",\"urlTemplate\":\"https:\/\/www.pressenza.com\/de\/?s={search_term_string}\"},\"query-input\":{\"@type\":\"PropertyValueSpecification\",\"valueRequired\":true,\"valueName\":\"search_term_string\"}}],\"inLanguage\":\"de\"},{\"@type\":\"Organization\",\"@id\":\"https:\/\/www.pressenza.com\/de\/#organization\",\"name\":\"Pressenza\",\"url\":\"https:\/\/www.pressenza.com\/de\/\",\"logo\":{\"@type\":\"ImageObject\",\"inLanguage\":\"de\",\"@id\":\"https:\/\/www.pressenza.com\/de\/#\/schema\/logo\/image\/\",\"url\":\"https:\/\/www.pressenza.com\/wp-content\/uploads\/2022\/10\/pressenza_logo_200x200.jpg\",\"contentUrl\":\"https:\/\/www.pressenza.com\/wp-content\/uploads\/2022\/10\/pressenza_logo_200x200.jpg\",\"width\":200,\"height\":200,\"caption\":\"Pressenza\"},\"image\":{\"@id\":\"https:\/\/www.pressenza.com\/de\/#\/schema\/logo\/image\/\"},\"sameAs\":[\"https:\/\/www.facebook.com\/PressenzaItalia\",\"https:\/\/x.com\/PressenzaIPA\"]},{\"@type\":\"Person\",\"@id\":\"https:\/\/www.pressenza.com\/de\/#\/schema\/person\/57bb5480943a496a7722b0248e4b658a\",\"name\":\"Pressenza Berlin\",\"description\":\"News from the Pressenza Bureau in Berlin, Germany\",\"sameAs\":[\"https:\/\/www.facebook.com\/Pressenza-Deutschland-sterreich-Schweiz-281675388658060\/timeline\/\",\"https:\/\/x.com\/pressenza_ger\"],\"url\":\"https:\/\/www.pressenza.com\/de\/author\/pressenza-berlin\/\"}]}<\/script>\n<!-- \/ Yoast SEO plugin. -->","yoast_head_json":{"title":"Gute Nachrichten Teil 2 \u2013 Der Hoffnungsquickie","description":"Die Mutmach-Redaktion hat sich entschlossen, in regelm\u00e4\u00dfigen Abst\u00e4nden gute Nachrichten einzustreuen. Denn: Es geschehen auch Wunder, Erfolge und erfreuliche Ereignisse.","robots":{"index":"index","follow":"follow","max-snippet":"max-snippet:-1","max-image-preview":"max-image-preview:large","max-video-preview":"max-video-preview:-1"},"canonical":"https:\/\/www.pressenza.com\/de\/2019\/07\/gute-nachrichten-teil-2-der-hoffnungsquickie\/","og_locale":"de_DE","og_type":"article","og_title":"Gute Nachrichten Teil 2 \u2013 Der Hoffnungsquickie","og_description":"Die Mutmach-Redaktion hat sich entschlossen, in regelm\u00e4\u00dfigen Abst\u00e4nden gute Nachrichten einzustreuen. Denn: Es geschehen auch Wunder, Erfolge und erfreuliche Ereignisse.","og_url":"https:\/\/www.pressenza.com\/de\/2019\/07\/gute-nachrichten-teil-2-der-hoffnungsquickie\/","og_site_name":"Pressenza","article_publisher":"https:\/\/www.facebook.com\/PressenzaItalia","article_author":"https:\/\/www.facebook.com\/Pressenza-Deutschland-sterreich-Schweiz-281675388658060\/timeline\/","article_published_time":"2019-07-06T09:27:41+00:00","article_modified_time":"2019-08-14T12:30:48+00:00","og_image":[{"width":1280,"height":720,"url":"https:\/\/www.pressenza.com\/wp-content\/uploads\/2019\/07\/rainforest-78516_1280.jpg","type":"image\/jpeg"}],"author":"Pressenza Berlin","twitter_card":"summary_large_image","twitter_creator":"@pressenza_ger","twitter_site":"@PressenzaIPA","twitter_misc":{"Verfasst von":"Pressenza Berlin","Gesch\u00e4tzte Lesezeit":"5\u00a0Minuten"},"schema":{"@context":"https:\/\/schema.org","@graph":[{"@type":"Article","@id":"https:\/\/www.pressenza.com\/de\/2019\/07\/gute-nachrichten-teil-2-der-hoffnungsquickie\/#article","isPartOf":{"@id":"https:\/\/www.pressenza.com\/de\/2019\/07\/gute-nachrichten-teil-2-der-hoffnungsquickie\/"},"author":{"name":"Pressenza Berlin","@id":"https:\/\/www.pressenza.com\/de\/#\/schema\/person\/57bb5480943a496a7722b0248e4b658a"},"headline":"Gute Nachrichten Teil 2 \u2013 Der Hoffnungsquickie","datePublished":"2019-07-06T09:27:41+00:00","dateModified":"2019-08-14T12:30:48+00:00","mainEntityOfPage":{"@id":"https:\/\/www.pressenza.com\/de\/2019\/07\/gute-nachrichten-teil-2-der-hoffnungsquickie\/"},"wordCount":1090,"publisher":{"@id":"https:\/\/www.pressenza.com\/de\/#organization"},"image":{"@id":"https:\/\/www.pressenza.com\/de\/2019\/07\/gute-nachrichten-teil-2-der-hoffnungsquickie\/#primaryimage"},"thumbnailUrl":"https:\/\/www.pressenza.com\/wp-content\/uploads\/2019\/07\/rainforest-78516_1280.jpg","keywords":["Amazonas","Good News","Gute Nachrichten","Indien","Mallorca","Mischwald","Nationalpark","Naturschutzgebiet","Peru"],"articleSection":["Asien","Europa","Indigene V\u00f6lker","\u00d6kologie und Umwelt","S\u00fcdamerika"],"inLanguage":"de"},{"@type":"WebPage","@id":"https:\/\/www.pressenza.com\/de\/2019\/07\/gute-nachrichten-teil-2-der-hoffnungsquickie\/","url":"https:\/\/www.pressenza.com\/de\/2019\/07\/gute-nachrichten-teil-2-der-hoffnungsquickie\/","name":"Gute Nachrichten Teil 2 \u2013 Der Hoffnungsquickie","isPartOf":{"@id":"https:\/\/www.pressenza.com\/de\/#website"},"primaryImageOfPage":{"@id":"https:\/\/www.pressenza.com\/de\/2019\/07\/gute-nachrichten-teil-2-der-hoffnungsquickie\/#primaryimage"},"image":{"@id":"https:\/\/www.pressenza.com\/de\/2019\/07\/gute-nachrichten-teil-2-der-hoffnungsquickie\/#primaryimage"},"thumbnailUrl":"https:\/\/www.pressenza.com\/wp-content\/uploads\/2019\/07\/rainforest-78516_1280.jpg","datePublished":"2019-07-06T09:27:41+00:00","dateModified":"2019-08-14T12:30:48+00:00","description":"Die Mutmach-Redaktion hat sich entschlossen, in regelm\u00e4\u00dfigen Abst\u00e4nden gute Nachrichten einzustreuen. Denn: Es geschehen auch Wunder, Erfolge und erfreuliche Ereignisse.","breadcrumb":{"@id":"https:\/\/www.pressenza.com\/de\/2019\/07\/gute-nachrichten-teil-2-der-hoffnungsquickie\/#breadcrumb"},"inLanguage":"de","potentialAction":[{"@type":"ReadAction","target":["https:\/\/www.pressenza.com\/de\/2019\/07\/gute-nachrichten-teil-2-der-hoffnungsquickie\/"]}]},{"@type":"ImageObject","inLanguage":"de","@id":"https:\/\/www.pressenza.com\/de\/2019\/07\/gute-nachrichten-teil-2-der-hoffnungsquickie\/#primaryimage","url":"https:\/\/www.pressenza.com\/wp-content\/uploads\/2019\/07\/rainforest-78516_1280.jpg","contentUrl":"https:\/\/www.pressenza.com\/wp-content\/uploads\/2019\/07\/rainforest-78516_1280.jpg","width":1280,"height":720,"caption":"Gute Nachrichten Teil 2 \u2013 Der Hoffnungsquickie"},{"@type":"BreadcrumbList","@id":"https:\/\/www.pressenza.com\/de\/2019\/07\/gute-nachrichten-teil-2-der-hoffnungsquickie\/#breadcrumb","itemListElement":[{"@type":"ListItem","position":1,"name":"Accueil","item":"https:\/\/www.pressenza.com\/de\/"},{"@type":"ListItem","position":2,"name":"Gute Nachrichten Teil 2 \u2013 Der Hoffnungsquickie"}]},{"@type":"WebSite","@id":"https:\/\/www.pressenza.com\/de\/#website","url":"https:\/\/www.pressenza.com\/de\/","name":"Pressenza","description":"International Press Agency","publisher":{"@id":"https:\/\/www.pressenza.com\/de\/#organization"},"potentialAction":[{"@type":"SearchAction","target":{"@type":"EntryPoint","urlTemplate":"https:\/\/www.pressenza.com\/de\/?s={search_term_string}"},"query-input":{"@type":"PropertyValueSpecification","valueRequired":true,"valueName":"search_term_string"}}],"inLanguage":"de"},{"@type":"Organization","@id":"https:\/\/www.pressenza.com\/de\/#organization","name":"Pressenza","url":"https:\/\/www.pressenza.com\/de\/","logo":{"@type":"ImageObject","inLanguage":"de","@id":"https:\/\/www.pressenza.com\/de\/#\/schema\/logo\/image\/","url":"https:\/\/www.pressenza.com\/wp-content\/uploads\/2022\/10\/pressenza_logo_200x200.jpg","contentUrl":"https:\/\/www.pressenza.com\/wp-content\/uploads\/2022\/10\/pressenza_logo_200x200.jpg","width":200,"height":200,"caption":"Pressenza"},"image":{"@id":"https:\/\/www.pressenza.com\/de\/#\/schema\/logo\/image\/"},"sameAs":["https:\/\/www.facebook.com\/PressenzaItalia","https:\/\/x.com\/PressenzaIPA"]},{"@type":"Person","@id":"https:\/\/www.pressenza.com\/de\/#\/schema\/person\/57bb5480943a496a7722b0248e4b658a","name":"Pressenza Berlin","description":"News from the Pressenza Bureau in Berlin, Germany","sameAs":["https:\/\/www.facebook.com\/Pressenza-Deutschland-sterreich-Schweiz-281675388658060\/timeline\/","https:\/\/x.com\/pressenza_ger"],"url":"https:\/\/www.pressenza.com\/de\/author\/pressenza-berlin\/"}]}},"place":"Felix Feistel und Elisa Gratias, Rubikon","original_article_url":"","_links":{"self":[{"href":"https:\/\/www.pressenza.com\/de\/wp-json\/wp\/v2\/posts\/881094","targetHints":{"allow":["GET"]}}],"collection":[{"href":"https:\/\/www.pressenza.com\/de\/wp-json\/wp\/v2\/posts"}],"about":[{"href":"https:\/\/www.pressenza.com\/de\/wp-json\/wp\/v2\/types\/post"}],"author":[{"embeddable":true,"href":"https:\/\/www.pressenza.com\/de\/wp-json\/wp\/v2\/users\/1095"}],"replies":[{"embeddable":true,"href":"https:\/\/www.pressenza.com\/de\/wp-json\/wp\/v2\/comments?post=881094"}],"version-history":[{"count":0,"href":"https:\/\/www.pressenza.com\/de\/wp-json\/wp\/v2\/posts\/881094\/revisions"}],"wp:featuredmedia":[{"embeddable":true,"href":"https:\/\/www.pressenza.com\/de\/wp-json\/wp\/v2\/media\/881096"}],"wp:attachment":[{"href":"https:\/\/www.pressenza.com\/de\/wp-json\/wp\/v2\/media?parent=881094"}],"wp:term":[{"taxonomy":"category","embeddable":true,"href":"https:\/\/www.pressenza.com\/de\/wp-json\/wp\/v2\/categories?post=881094"},{"taxonomy":"post_tag","embeddable":true,"href":"https:\/\/www.pressenza.com\/de\/wp-json\/wp\/v2\/tags?post=881094"}],"curies":[{"name":"wp","href":"https:\/\/api.w.org\/{rel}","templated":true}]}}