{"id":875502,"date":"2019-07-04T10:57:57","date_gmt":"2019-07-04T09:57:57","guid":{"rendered":"https:\/\/www.pressenza.com\/?p=875502"},"modified":"2019-07-04T10:57:57","modified_gmt":"2019-07-04T09:57:57","slug":"gute-nachrichten-teil-1-der-hoffnungsquickie","status":"publish","type":"post","link":"https:\/\/www.pressenza.com\/de\/2019\/07\/gute-nachrichten-teil-1-der-hoffnungsquickie\/","title":{"rendered":"Gute Nachrichten Teil 1 &#8211; Der Hoffnungsquickie"},"content":{"rendered":"<p><strong>Die Welt ist ein schlechter Ort. Diesen Eindruck gewinnt man zumindest, wenn man sie durch das mediale Brennglas betrachtet. Katastrophen, Kriege, L\u00fcgen, Heuchelei und Zerst\u00f6rung bestimmen die vermittelte Realit\u00e4t. Obwohl bekannt ist, dass diese nur ein stark vergr\u00f6\u00dferter Ausschnitt der Wirklichkeit ist, \u00fcbernehmen wir sie allzu h\u00e4ufig als einzig m\u00f6gliches Weltbild.<\/strong><\/p>\n<p>Daher hat sich die Mutmach-Redaktion entschlossen, in regelm\u00e4\u00dfigen Abst\u00e4nden ein paar gute Nachrichten in die Weltuntergangsszenarien einzustreuen. Denn: Es geschehen auch Wunder, Erfolge und erfreuliche Ereignisse. Diese verkaufen sich nur nicht so gut wie die unter einem rei\u00dferischen Titel vorgetragene Katastrophe. Gute Nachrichten erfordern keine tiefgehende Analyse, deshalb halten wir sie kurz und knackig. Sie dienen zur Kenntnisnahme als kurze Verschnaufpause, um das einseitig verzerrte Weltbild wieder ein St\u00fcck ins Lot zu r\u00fccken.<\/p>\n<h4><strong>Volksbegehren mit Erfolg \u2014 Bayern<\/strong><\/h4>\n<p>Am 8. Mai nahm das Landesparlament Bayerns das von einer breiten Zivilbev\u00f6lkerung initiierte Volksbegehren \u201eArtenvielfalt\u201c ohne \u00c4nderung an (1). Zus\u00e4tzlich wurde ein zweites Gesetz verabschiedet, das auch die Landwirte mit dem Schutz der Artenvielfalt vers\u00f6hnen soll. Das Gesetz geht auf ein Volksbegehren zur\u00fcck, welches das erfolgreichste in der Geschichte Bayerns war. Es sieht unter anderem vor, in der Landwirtschaft den Einsatz von Pestiziden drastisch zu reduzieren, in Schutzgebieten und auf staatlichen Fl\u00e4chen ganz auf diese zu verzichten sowie um Gew\u00e4sser einen f\u00fcnf Meter breiten Streifen zu schaffen, der nicht bewirtschaftet werden darf.<\/p>\n<p>Zus\u00e4tzlich soll bis 2025 der Anteil der \u00f6kologisch bewirtschafteten Fl\u00e4chen auf 20 Prozent, bis 2030 auf 30 Prozent erh\u00f6ht werden. Auch sollen 13 Prozent der Fl\u00e4che Bayerns zu einem Biotopverbund erkl\u00e4rt und zehn Prozent aller Wiesen in Bl\u00fchwiesen verwandelt werden (2). Damit ist das Gesetz zur Artenvielfalt Bayerns das weitreichendste in der Bundesrepublik. Dies als Anlass nehmend, will nun die Partei der Gr\u00fcnen den Artenschutz auch auf Bundesebene vorantreiben (3).<\/p>\n<h4><strong>Schluss mit Verschwendung \u2014 Italien<\/strong><\/h4>\n<p>Jedes Jahr wurden in Italien f\u00fcnf Millionen Tonnen nicht verwendeter Lebensmittel von Superm\u00e4rkten weggeworfen. Doch im Jahr 2016 verabschiedete das Land ein Gesetz, das dieser Verschwendung Einhalt gebieten soll (4).<\/p>\n<p>Das Gesetz bietet Anreize f\u00fcr die Supermarktbetreiber, Lebensmittel nicht wegzuwerfen. So ist es zum Beispiel erlaubt, Lebensmittel zu spenden, auch wenn sie das Mindesthaltbarkeitsdatum \u00fcberschritten haben. Auch in Restaurants soll weniger Essen weggeworfen werden, so wird zum Beispiel dazu aufgerufen, nicht verspeistes Essen mit nach Hause zu nehmen (5). Damit ist Italien nach Frankreich das zweite Land, das gesetzlich gegen die Verschwendung von Lebensmitteln vorgeht.<\/p>\n<h4><strong>Grundrecht auf Trinkwasser \u2014 Slowenien<\/strong><\/h4>\n<p>Ebenfalls schon im Jahr 2016 hat das Slowenische Parlament den Zugang zu Trinkwasser als Menschenrecht in die Verfassung aufgenommen (6). Damit soll der Privatisierung von Trinkwasser und der damit einhergehenden Verteuerung ein Riegel vorgeschoben werden.<\/p>\n<p>Laut dem Artikel der Verfassung stellt Wasser ein \u00f6ffentliches Gut dar, das vom Staat verwaltet wird, es wird jedoch nicht als Ware betrachtet. Auch wenn eine Privatisierung von Sloweniens Wasserressourcen bislang nicht stattgefunden hat, so soll das Gesetz dies auch f\u00fcr die Zukunft verhindern. Denn, so \u00e4u\u00dferte sich der Premierminister Miro Cerar, aufgrund der hohen Qualit\u00e4t des Wassers besteht die Gefahr, dass Konzerne in Zukunft ein Interesse an dem knapper werdenden Gut entwickeln. Damit ist Slowenien das erste Land der Europ\u00e4ischen Union, das ein Grundrecht auf Trinkwasser in seine Verfassung aufgenommen hat. Weltweit haben gerade einmal 16 L\u00e4nder ein solches Recht auf Trinkwasser festgeschrieben.<\/p>\n<p><em>Dieser Beitrag von<strong>Felix Feistel<\/strong> erschien erstmalig bei <a href=\"https:\/\/www.rubikon.news\/artikel\/der-hoffnungsquickie\" target=\"_blank\" rel=\"noopener\">Rubikon \u2013 Magazin f\u00fcr die kritische Masse<\/a> unter CC BY 4.0.<\/em><\/p>\n<p><strong>Quellen und Anmerkungen:<\/strong><\/p>\n<p>(1) <a href=\"https:\/\/www.sueddeutsche.de\/bayern\/bienen-volksbegehren-landtag-artenvielfalt-1.4436747\" target=\"_blank\" rel=\"noopener\">https:\/\/www.sueddeutsche.de\/bayern\/bienen-volksbegehren-landtag-artenvielfalt-1.4436747<\/a><br \/>\n(2) <a href=\"https:\/\/www.bund-naturschutz.de\/aktionen\/volksbegehren-artenvielfalt.html\" target=\"_blank\" rel=\"noopener\">https:\/\/www.bund-naturschutz.de\/aktionen\/volksbegehren-artenvielfalt.html<\/a><br \/>\n(3) <a href=\"https:\/\/www.br.de\/nachrichten\/bayern\/artenvielfalt-gruene-wollen-jetzt-auch-bundesregierung-treiben,RQ0lPV0\/\" target=\"_blank\" rel=\"noopener\">https:\/\/www.br.de\/nachrichten\/bayern\/artenvielfalt-gruene-wollen-jetzt-auch-bundesregierung-treiben,RQ0lPV0\/<\/a><br \/>\n(4) <a href=\"https:\/\/nur-positive-nachrichten.de\/positive-nachrichten\/italien-verschenkt-ueberschuessige-ware-an-beduerftige\" target=\"_blank\" rel=\"noopener\">https:\/\/nur-positive-nachrichten.de\/positive-nachrichten\/italien-verschenkt-ueberschuessige-ware-an-beduerftige<\/a><br \/>\n(5) <a href=\"https:\/\/utopia.de\/italien-gesetz-gegen-lebensmittelverschwendung-28014\/\" target=\"_blank\" rel=\"noopener\">https:\/\/utopia.de\/italien-gesetz-gegen-lebensmittelverschwendung-28014\/<\/a><br \/>\n(6) <a href=\"https:\/\/nur-positive-nachrichten.de\/positive-nachrichten\/in-slowenien-ist-trinkwasser-ein-menschenrecht-und-keine-ware\" target=\"_blank\" rel=\"noopener\">https:\/\/nur-positive-nachrichten.de\/positive-nachrichten\/in-slowenien-ist-trinkwasser-ein-menschenrecht-und-keine-ware<\/a><\/p>\n<hr \/>\n<p><em><strong>Felix Feistel<\/strong>, Jahrgang 1992, schreibt in vielf\u00e4ltiger Weise \u00fcber die Idiotie dieser Welt und auch gegen diese an. In einer auf Zahlen und Daten reduzierten Welt, die ihm schon immer fremd war, sucht er nach Menschlichkeit und der Bedeutung des Lebens. Er versucht, seine Kr\u00e4fte und Talente f\u00fcr die Gestaltung einer lebenswerten Welt einzusetzen, indem er sich gegen Ungerechtigkeit und Zerst\u00f6rung wendet. Trotz des \u00fcberall grassierenden Wahnsinns ist er nicht bereit, den Glauben an das Gute im Menschen und sein Potenzial, den Planeten in ein Paradies zu verwandeln, aufzugeben. Er ist Mitglied der Rubikon-Jugendredaktion und schreibt f\u00fcr die Kolumne \u201e<a href=\"https:\/\/www.rubikon.news\/kolumnen\/junge-federn\" target=\"_blank\" rel=\"noopener\">Junge Federn<\/a>\u201c.<\/em><\/p>\n","protected":false},"excerpt":{"rendered":"<p>Die Welt ist ein schlechter Ort. Diesen Eindruck gewinnt man zumindest, wenn man sie durch das mediale Brennglas betrachtet. Katastrophen, Kriege, L\u00fcgen, Heuchelei und Zerst\u00f6rung bestimmen die vermittelte Realit\u00e4t. Obwohl bekannt ist, dass diese nur ein stark vergr\u00f6\u00dferter Ausschnitt der&hellip;<\/p>\n","protected":false},"author":1095,"featured_media":880765,"comment_status":"closed","ping_status":"closed","sticky":false,"template":"","format":"standard","meta":{"footnotes":""},"categories":[9150,9161,9157],"tags":[30460,28731,60552,53395,9935,60553,60551,10197,60554,34785,12041],"class_list":["post-875502","post","type-post","status-publish","format-standard","has-post-thumbnail","hentry","category-europa-de","category-menschenrechte","category-oekologie-und-umwelt","tag-artenvielfalt","tag-bayern","tag-demkratie","tag-food-waste","tag-good-news","tag-grundrecht-trinkwasser","tag-gute-nachrichten","tag-italien","tag-slowenien","tag-trinkwasser","tag-volksbegehren"],"yoast_head":"<!-- This site is optimized with the Yoast SEO plugin v27.1.1 - https:\/\/yoast.com\/product\/yoast-seo-wordpress\/ -->\n<title>Gute Nachrichten Teil 1 - Der Hoffnungsquickie<\/title>\n<meta name=\"description\" content=\"Die Mutmach-Redaktion hat sich entschlossen, in regelm\u00e4\u00dfigen Abst\u00e4nden gute Nachrichten einzustreuen. Denn: Es geschehen auch Wunder, Erfolge und erfreuliche Ereignisse.\" \/>\n<meta name=\"robots\" content=\"index, follow, max-snippet:-1, max-image-preview:large, max-video-preview:-1\" \/>\n<link rel=\"canonical\" href=\"https:\/\/www.pressenza.com\/de\/2019\/07\/gute-nachrichten-teil-1-der-hoffnungsquickie\/\" \/>\n<meta property=\"og:locale\" content=\"de_DE\" \/>\n<meta property=\"og:type\" content=\"article\" \/>\n<meta property=\"og:title\" content=\"Gute Nachrichten Teil 1 - Der Hoffnungsquickie\" \/>\n<meta property=\"og:description\" content=\"Die Mutmach-Redaktion hat sich entschlossen, in regelm\u00e4\u00dfigen Abst\u00e4nden gute Nachrichten einzustreuen. Denn: Es geschehen auch Wunder, Erfolge und erfreuliche Ereignisse.\" \/>\n<meta property=\"og:url\" content=\"https:\/\/www.pressenza.com\/de\/2019\/07\/gute-nachrichten-teil-1-der-hoffnungsquickie\/\" \/>\n<meta property=\"og:site_name\" content=\"Pressenza\" \/>\n<meta property=\"article:publisher\" content=\"https:\/\/www.facebook.com\/PressenzaItalia\" \/>\n<meta property=\"article:author\" content=\"https:\/\/www.facebook.com\/Pressenza-Deutschland-sterreich-Schweiz-281675388658060\/timeline\/\" \/>\n<meta property=\"article:published_time\" content=\"2019-07-04T09:57:57+00:00\" \/>\n<meta property=\"og:image\" content=\"https:\/\/www.pressenza.com\/wp-content\/uploads\/2019\/07\/Der-Hoffnungsquickie.jpg\" \/>\n\t<meta property=\"og:image:width\" content=\"750\" \/>\n\t<meta property=\"og:image:height\" content=\"422\" \/>\n\t<meta property=\"og:image:type\" content=\"image\/jpeg\" \/>\n<meta name=\"author\" content=\"Pressenza Berlin\" \/>\n<meta name=\"twitter:card\" content=\"summary_large_image\" \/>\n<meta name=\"twitter:creator\" content=\"@pressenza_ger\" \/>\n<meta name=\"twitter:site\" content=\"@PressenzaIPA\" \/>\n<meta name=\"twitter:label1\" content=\"Verfasst von\" \/>\n\t<meta name=\"twitter:data1\" content=\"Pressenza Berlin\" \/>\n\t<meta name=\"twitter:label2\" content=\"Gesch\u00e4tzte Lesezeit\" \/>\n\t<meta name=\"twitter:data2\" content=\"4\u00a0Minuten\" \/>\n<script type=\"application\/ld+json\" class=\"yoast-schema-graph\">{\"@context\":\"https:\/\/schema.org\",\"@graph\":[{\"@type\":\"Article\",\"@id\":\"https:\/\/www.pressenza.com\/de\/2019\/07\/gute-nachrichten-teil-1-der-hoffnungsquickie\/#article\",\"isPartOf\":{\"@id\":\"https:\/\/www.pressenza.com\/de\/2019\/07\/gute-nachrichten-teil-1-der-hoffnungsquickie\/\"},\"author\":{\"name\":\"Pressenza Berlin\",\"@id\":\"https:\/\/www.pressenza.com\/de\/#\/schema\/person\/57bb5480943a496a7722b0248e4b658a\"},\"headline\":\"Gute Nachrichten Teil 1 &#8211; Der Hoffnungsquickie\",\"datePublished\":\"2019-07-04T09:57:57+00:00\",\"mainEntityOfPage\":{\"@id\":\"https:\/\/www.pressenza.com\/de\/2019\/07\/gute-nachrichten-teil-1-der-hoffnungsquickie\/\"},\"wordCount\":717,\"publisher\":{\"@id\":\"https:\/\/www.pressenza.com\/de\/#organization\"},\"image\":{\"@id\":\"https:\/\/www.pressenza.com\/de\/2019\/07\/gute-nachrichten-teil-1-der-hoffnungsquickie\/#primaryimage\"},\"thumbnailUrl\":\"https:\/\/www.pressenza.com\/wp-content\/uploads\/2019\/07\/Der-Hoffnungsquickie.jpg\",\"keywords\":[\"Artenvielfalt\",\"Bayern\",\"Demkratie\",\"Food Waste\",\"Good News\",\"Grundrecht Trinkwasser\",\"Gute Nachrichten\",\"italien\",\"Slowenien\",\"Trinkwasser\",\"Volksbegehren\"],\"articleSection\":[\"Europa\",\"Menschenrechte\",\"\u00d6kologie und Umwelt\"],\"inLanguage\":\"de\"},{\"@type\":\"WebPage\",\"@id\":\"https:\/\/www.pressenza.com\/de\/2019\/07\/gute-nachrichten-teil-1-der-hoffnungsquickie\/\",\"url\":\"https:\/\/www.pressenza.com\/de\/2019\/07\/gute-nachrichten-teil-1-der-hoffnungsquickie\/\",\"name\":\"Gute Nachrichten Teil 1 - Der Hoffnungsquickie\",\"isPartOf\":{\"@id\":\"https:\/\/www.pressenza.com\/de\/#website\"},\"primaryImageOfPage\":{\"@id\":\"https:\/\/www.pressenza.com\/de\/2019\/07\/gute-nachrichten-teil-1-der-hoffnungsquickie\/#primaryimage\"},\"image\":{\"@id\":\"https:\/\/www.pressenza.com\/de\/2019\/07\/gute-nachrichten-teil-1-der-hoffnungsquickie\/#primaryimage\"},\"thumbnailUrl\":\"https:\/\/www.pressenza.com\/wp-content\/uploads\/2019\/07\/Der-Hoffnungsquickie.jpg\",\"datePublished\":\"2019-07-04T09:57:57+00:00\",\"description\":\"Die Mutmach-Redaktion hat sich entschlossen, in regelm\u00e4\u00dfigen Abst\u00e4nden gute Nachrichten einzustreuen. Denn: Es geschehen auch Wunder, Erfolge und erfreuliche Ereignisse.\",\"breadcrumb\":{\"@id\":\"https:\/\/www.pressenza.com\/de\/2019\/07\/gute-nachrichten-teil-1-der-hoffnungsquickie\/#breadcrumb\"},\"inLanguage\":\"de\",\"potentialAction\":[{\"@type\":\"ReadAction\",\"target\":[\"https:\/\/www.pressenza.com\/de\/2019\/07\/gute-nachrichten-teil-1-der-hoffnungsquickie\/\"]}]},{\"@type\":\"ImageObject\",\"inLanguage\":\"de\",\"@id\":\"https:\/\/www.pressenza.com\/de\/2019\/07\/gute-nachrichten-teil-1-der-hoffnungsquickie\/#primaryimage\",\"url\":\"https:\/\/www.pressenza.com\/wp-content\/uploads\/2019\/07\/Der-Hoffnungsquickie.jpg\",\"contentUrl\":\"https:\/\/www.pressenza.com\/wp-content\/uploads\/2019\/07\/Der-Hoffnungsquickie.jpg\",\"width\":750,\"height\":422},{\"@type\":\"BreadcrumbList\",\"@id\":\"https:\/\/www.pressenza.com\/de\/2019\/07\/gute-nachrichten-teil-1-der-hoffnungsquickie\/#breadcrumb\",\"itemListElement\":[{\"@type\":\"ListItem\",\"position\":1,\"name\":\"Accueil\",\"item\":\"https:\/\/www.pressenza.com\/de\/\"},{\"@type\":\"ListItem\",\"position\":2,\"name\":\"Gute Nachrichten Teil 1 &#8211; Der Hoffnungsquickie\"}]},{\"@type\":\"WebSite\",\"@id\":\"https:\/\/www.pressenza.com\/de\/#website\",\"url\":\"https:\/\/www.pressenza.com\/de\/\",\"name\":\"Pressenza\",\"description\":\"International Press Agency\",\"publisher\":{\"@id\":\"https:\/\/www.pressenza.com\/de\/#organization\"},\"potentialAction\":[{\"@type\":\"SearchAction\",\"target\":{\"@type\":\"EntryPoint\",\"urlTemplate\":\"https:\/\/www.pressenza.com\/de\/?s={search_term_string}\"},\"query-input\":{\"@type\":\"PropertyValueSpecification\",\"valueRequired\":true,\"valueName\":\"search_term_string\"}}],\"inLanguage\":\"de\"},{\"@type\":\"Organization\",\"@id\":\"https:\/\/www.pressenza.com\/de\/#organization\",\"name\":\"Pressenza\",\"url\":\"https:\/\/www.pressenza.com\/de\/\",\"logo\":{\"@type\":\"ImageObject\",\"inLanguage\":\"de\",\"@id\":\"https:\/\/www.pressenza.com\/de\/#\/schema\/logo\/image\/\",\"url\":\"https:\/\/www.pressenza.com\/wp-content\/uploads\/2022\/10\/pressenza_logo_200x200.jpg\",\"contentUrl\":\"https:\/\/www.pressenza.com\/wp-content\/uploads\/2022\/10\/pressenza_logo_200x200.jpg\",\"width\":200,\"height\":200,\"caption\":\"Pressenza\"},\"image\":{\"@id\":\"https:\/\/www.pressenza.com\/de\/#\/schema\/logo\/image\/\"},\"sameAs\":[\"https:\/\/www.facebook.com\/PressenzaItalia\",\"https:\/\/x.com\/PressenzaIPA\"]},{\"@type\":\"Person\",\"@id\":\"https:\/\/www.pressenza.com\/de\/#\/schema\/person\/57bb5480943a496a7722b0248e4b658a\",\"name\":\"Pressenza Berlin\",\"description\":\"News from the Pressenza Bureau in Berlin, Germany\",\"sameAs\":[\"https:\/\/www.facebook.com\/Pressenza-Deutschland-sterreich-Schweiz-281675388658060\/timeline\/\",\"https:\/\/x.com\/pressenza_ger\"],\"url\":\"https:\/\/www.pressenza.com\/de\/author\/pressenza-berlin\/\"}]}<\/script>\n<!-- \/ Yoast SEO plugin. -->","yoast_head_json":{"title":"Gute Nachrichten Teil 1 - Der Hoffnungsquickie","description":"Die Mutmach-Redaktion hat sich entschlossen, in regelm\u00e4\u00dfigen Abst\u00e4nden gute Nachrichten einzustreuen. Denn: Es geschehen auch Wunder, Erfolge und erfreuliche Ereignisse.","robots":{"index":"index","follow":"follow","max-snippet":"max-snippet:-1","max-image-preview":"max-image-preview:large","max-video-preview":"max-video-preview:-1"},"canonical":"https:\/\/www.pressenza.com\/de\/2019\/07\/gute-nachrichten-teil-1-der-hoffnungsquickie\/","og_locale":"de_DE","og_type":"article","og_title":"Gute Nachrichten Teil 1 - Der Hoffnungsquickie","og_description":"Die Mutmach-Redaktion hat sich entschlossen, in regelm\u00e4\u00dfigen Abst\u00e4nden gute Nachrichten einzustreuen. Denn: Es geschehen auch Wunder, Erfolge und erfreuliche Ereignisse.","og_url":"https:\/\/www.pressenza.com\/de\/2019\/07\/gute-nachrichten-teil-1-der-hoffnungsquickie\/","og_site_name":"Pressenza","article_publisher":"https:\/\/www.facebook.com\/PressenzaItalia","article_author":"https:\/\/www.facebook.com\/Pressenza-Deutschland-sterreich-Schweiz-281675388658060\/timeline\/","article_published_time":"2019-07-04T09:57:57+00:00","og_image":[{"width":750,"height":422,"url":"https:\/\/www.pressenza.com\/wp-content\/uploads\/2019\/07\/Der-Hoffnungsquickie.jpg","type":"image\/jpeg"}],"author":"Pressenza Berlin","twitter_card":"summary_large_image","twitter_creator":"@pressenza_ger","twitter_site":"@PressenzaIPA","twitter_misc":{"Verfasst von":"Pressenza Berlin","Gesch\u00e4tzte Lesezeit":"4\u00a0Minuten"},"schema":{"@context":"https:\/\/schema.org","@graph":[{"@type":"Article","@id":"https:\/\/www.pressenza.com\/de\/2019\/07\/gute-nachrichten-teil-1-der-hoffnungsquickie\/#article","isPartOf":{"@id":"https:\/\/www.pressenza.com\/de\/2019\/07\/gute-nachrichten-teil-1-der-hoffnungsquickie\/"},"author":{"name":"Pressenza Berlin","@id":"https:\/\/www.pressenza.com\/de\/#\/schema\/person\/57bb5480943a496a7722b0248e4b658a"},"headline":"Gute Nachrichten Teil 1 &#8211; Der Hoffnungsquickie","datePublished":"2019-07-04T09:57:57+00:00","mainEntityOfPage":{"@id":"https:\/\/www.pressenza.com\/de\/2019\/07\/gute-nachrichten-teil-1-der-hoffnungsquickie\/"},"wordCount":717,"publisher":{"@id":"https:\/\/www.pressenza.com\/de\/#organization"},"image":{"@id":"https:\/\/www.pressenza.com\/de\/2019\/07\/gute-nachrichten-teil-1-der-hoffnungsquickie\/#primaryimage"},"thumbnailUrl":"https:\/\/www.pressenza.com\/wp-content\/uploads\/2019\/07\/Der-Hoffnungsquickie.jpg","keywords":["Artenvielfalt","Bayern","Demkratie","Food Waste","Good News","Grundrecht Trinkwasser","Gute Nachrichten","italien","Slowenien","Trinkwasser","Volksbegehren"],"articleSection":["Europa","Menschenrechte","\u00d6kologie und Umwelt"],"inLanguage":"de"},{"@type":"WebPage","@id":"https:\/\/www.pressenza.com\/de\/2019\/07\/gute-nachrichten-teil-1-der-hoffnungsquickie\/","url":"https:\/\/www.pressenza.com\/de\/2019\/07\/gute-nachrichten-teil-1-der-hoffnungsquickie\/","name":"Gute Nachrichten Teil 1 - Der Hoffnungsquickie","isPartOf":{"@id":"https:\/\/www.pressenza.com\/de\/#website"},"primaryImageOfPage":{"@id":"https:\/\/www.pressenza.com\/de\/2019\/07\/gute-nachrichten-teil-1-der-hoffnungsquickie\/#primaryimage"},"image":{"@id":"https:\/\/www.pressenza.com\/de\/2019\/07\/gute-nachrichten-teil-1-der-hoffnungsquickie\/#primaryimage"},"thumbnailUrl":"https:\/\/www.pressenza.com\/wp-content\/uploads\/2019\/07\/Der-Hoffnungsquickie.jpg","datePublished":"2019-07-04T09:57:57+00:00","description":"Die Mutmach-Redaktion hat sich entschlossen, in regelm\u00e4\u00dfigen Abst\u00e4nden gute Nachrichten einzustreuen. Denn: Es geschehen auch Wunder, Erfolge und erfreuliche Ereignisse.","breadcrumb":{"@id":"https:\/\/www.pressenza.com\/de\/2019\/07\/gute-nachrichten-teil-1-der-hoffnungsquickie\/#breadcrumb"},"inLanguage":"de","potentialAction":[{"@type":"ReadAction","target":["https:\/\/www.pressenza.com\/de\/2019\/07\/gute-nachrichten-teil-1-der-hoffnungsquickie\/"]}]},{"@type":"ImageObject","inLanguage":"de","@id":"https:\/\/www.pressenza.com\/de\/2019\/07\/gute-nachrichten-teil-1-der-hoffnungsquickie\/#primaryimage","url":"https:\/\/www.pressenza.com\/wp-content\/uploads\/2019\/07\/Der-Hoffnungsquickie.jpg","contentUrl":"https:\/\/www.pressenza.com\/wp-content\/uploads\/2019\/07\/Der-Hoffnungsquickie.jpg","width":750,"height":422},{"@type":"BreadcrumbList","@id":"https:\/\/www.pressenza.com\/de\/2019\/07\/gute-nachrichten-teil-1-der-hoffnungsquickie\/#breadcrumb","itemListElement":[{"@type":"ListItem","position":1,"name":"Accueil","item":"https:\/\/www.pressenza.com\/de\/"},{"@type":"ListItem","position":2,"name":"Gute Nachrichten Teil 1 &#8211; Der Hoffnungsquickie"}]},{"@type":"WebSite","@id":"https:\/\/www.pressenza.com\/de\/#website","url":"https:\/\/www.pressenza.com\/de\/","name":"Pressenza","description":"International Press Agency","publisher":{"@id":"https:\/\/www.pressenza.com\/de\/#organization"},"potentialAction":[{"@type":"SearchAction","target":{"@type":"EntryPoint","urlTemplate":"https:\/\/www.pressenza.com\/de\/?s={search_term_string}"},"query-input":{"@type":"PropertyValueSpecification","valueRequired":true,"valueName":"search_term_string"}}],"inLanguage":"de"},{"@type":"Organization","@id":"https:\/\/www.pressenza.com\/de\/#organization","name":"Pressenza","url":"https:\/\/www.pressenza.com\/de\/","logo":{"@type":"ImageObject","inLanguage":"de","@id":"https:\/\/www.pressenza.com\/de\/#\/schema\/logo\/image\/","url":"https:\/\/www.pressenza.com\/wp-content\/uploads\/2022\/10\/pressenza_logo_200x200.jpg","contentUrl":"https:\/\/www.pressenza.com\/wp-content\/uploads\/2022\/10\/pressenza_logo_200x200.jpg","width":200,"height":200,"caption":"Pressenza"},"image":{"@id":"https:\/\/www.pressenza.com\/de\/#\/schema\/logo\/image\/"},"sameAs":["https:\/\/www.facebook.com\/PressenzaItalia","https:\/\/x.com\/PressenzaIPA"]},{"@type":"Person","@id":"https:\/\/www.pressenza.com\/de\/#\/schema\/person\/57bb5480943a496a7722b0248e4b658a","name":"Pressenza Berlin","description":"News from the Pressenza Bureau in Berlin, Germany","sameAs":["https:\/\/www.facebook.com\/Pressenza-Deutschland-sterreich-Schweiz-281675388658060\/timeline\/","https:\/\/x.com\/pressenza_ger"],"url":"https:\/\/www.pressenza.com\/de\/author\/pressenza-berlin\/"}]}},"place":"Felix Feistel, Rubikon","original_article_url":"","_links":{"self":[{"href":"https:\/\/www.pressenza.com\/de\/wp-json\/wp\/v2\/posts\/875502","targetHints":{"allow":["GET"]}}],"collection":[{"href":"https:\/\/www.pressenza.com\/de\/wp-json\/wp\/v2\/posts"}],"about":[{"href":"https:\/\/www.pressenza.com\/de\/wp-json\/wp\/v2\/types\/post"}],"author":[{"embeddable":true,"href":"https:\/\/www.pressenza.com\/de\/wp-json\/wp\/v2\/users\/1095"}],"replies":[{"embeddable":true,"href":"https:\/\/www.pressenza.com\/de\/wp-json\/wp\/v2\/comments?post=875502"}],"version-history":[{"count":0,"href":"https:\/\/www.pressenza.com\/de\/wp-json\/wp\/v2\/posts\/875502\/revisions"}],"wp:featuredmedia":[{"embeddable":true,"href":"https:\/\/www.pressenza.com\/de\/wp-json\/wp\/v2\/media\/880765"}],"wp:attachment":[{"href":"https:\/\/www.pressenza.com\/de\/wp-json\/wp\/v2\/media?parent=875502"}],"wp:term":[{"taxonomy":"category","embeddable":true,"href":"https:\/\/www.pressenza.com\/de\/wp-json\/wp\/v2\/categories?post=875502"},{"taxonomy":"post_tag","embeddable":true,"href":"https:\/\/www.pressenza.com\/de\/wp-json\/wp\/v2\/tags?post=875502"}],"curies":[{"name":"wp","href":"https:\/\/api.w.org\/{rel}","templated":true}]}}