{"id":864780,"date":"2019-06-01T10:27:05","date_gmt":"2019-06-01T09:27:05","guid":{"rendered":"https:\/\/www.pressenza.com\/?p=864780"},"modified":"2019-06-01T10:27:05","modified_gmt":"2019-06-01T09:27:05","slug":"friedens-und-umweltaktivisten-gemeinsam-fuer-eine-bessere-welt","status":"publish","type":"post","link":"https:\/\/www.pressenza.com\/de\/2019\/06\/friedens-und-umweltaktivisten-gemeinsam-fuer-eine-bessere-welt\/","title":{"rendered":"Friedens- und Umweltaktivisten gemeinsam f\u00fcr eine bessere Welt"},"content":{"rendered":"<p><strong>Auf Ver\u00e4nderung ausgerichtete Bewegungen haben dann gr\u00f6\u00dfere Erfolgsaussichten, wenn ihre Forderungen die neuralgischen Punkte des Gegners und die vordringlichen Aufgaben der Zeit treffen.<\/strong><\/p>\n<p>Wenn die Lage gef\u00e4hrlich ist und die Ursachen nicht so leicht zu durchschauen sind, ist es besonders wichtig, welche Priorit\u00e4ten die Bewegungen setzen, die sich f\u00fcr ein \u00dcberleben in einer bedrohten Welt einsetzen. Ebenso entscheidend ist, mit welchen Forderungen und Parolen sie die Menschen gegen die M\u00e4chte des Alten und f\u00fcr ein repressionsfreies Leben gewinnen wollen.<\/p>\n<p>Aktuell entscheiden schwerpunktm\u00e4\u00dfig drei Gefahren zwischen Krieg und Frieden: Gefahren der Nuklear-R\u00fcstung, der Digitalisierung und der Hochr\u00fcstung, die immer deutlicher auf eine Kriegsvorbereitung hinausl\u00e4uft. Forderungen, die erkennbar darauf abzielen, die gr\u00f6\u00dften Gefahren abzuwenden, haben die gr\u00f6\u00dfte Chance auf Unterst\u00fctzung aus der Bev\u00f6lkerung und damit auf Verwirklichung.<\/p>\n<p>Heute leben wir in einer Phase der Geschichte, die infolge menschlicher Aktivit\u00e4ten gef\u00e4hrlicher f\u00fcr das Leben ist als alle Epochen zuvor. Diese Phase ist gekennzeichnet durch immer ausgefeiltere (Nuklear-)R\u00fcstung, immer hei\u00dfere internationale und auch wachsende innerstaatliche Spannungen sowie die um sich greifende Zerst\u00f6rung des Lebensraums Erde. Viel wird davon abh\u00e4ngen, ob Friedens- und Umweltbewegung gemeinsam das Herzst\u00fcck eines gro\u00dfen B\u00fcndnisses werden, die mit einem langen Atem die gemeinsame Vision einer Welt ohne Gewalt mit Leben f\u00fcllen.<\/p>\n<blockquote><p><strong>Die grundlegende Aufgabe, die Gesellschaft der Ausbeutung, also des Kapitalismus zu \u00fcberwinden, k\u00f6nnen beide Bewegungen nach Lage der Dinge kaum in der Zeitspanne umsetzen, die die Menschheit aus \u00f6kologischen Gr\u00fcnden vielleicht noch zur Verf\u00fcgung hat.<\/strong><\/p><\/blockquote>\n<p>Niemand kann ausschlie\u00dfen, dass diejenigen Recht haben, die davor warnen, weiterhin auf j\u00e4hrlich mehr Wachstum zu setzen, so als h\u00e4tte die Erde unbegrenzte Ressourcen f\u00fcr den \u201eKonsum\u201c genannten Verbrauch. In der Medizin nennt man ein unbegrenztes Wachstum in einem begrenzten K\u00f6rper \u201eKrebs\u201c. Der Kapitalismus baut auf Konkurrenz auf und auf einer \u00d6konomie des \u201eFriss oder werde gefressen\u201c. Kooperation ist ihm fremd, au\u00dfer sie nutzt dem einzelnen Wettbewerber f\u00fcr eine Weile. Diese auf Konkurrenz aufgebaute \u00d6konomie birgt bei immer weiter anwachsender Spannung zwischen Konkurrenten die Gefahr von Kriegen in sich.<\/p>\n<p>Zu den augenblicklichen Forderungen z\u00e4hlt dementsprechend, m\u00f6glichst zeitnah die \u00dcberwindung des Kapitalismus anzustreben, sonst mangelt es ihnen an Nachhaltigkeit. Die Friedensbewegung wird deshalb immer wichtiger, weil das Tempo der Entwicklung und die zerst\u00f6rerischen Kr\u00e4fte ein Potenzial entfalten k\u00f6nnen, das das Ende der Zivilisation innerhalb sehr kurzer Zeit und dann f\u00fcr alle Zeit \u201eheraufbeschw\u00f6rt\u201c.<\/p>\n<p>Die Konkurrenzgesetze des Kapitalismus gelten auch f\u00fcr die NATO-Politik, wenn es den Milit\u00e4rs um die Sicherung der Zug\u00e4nge zu Rohstoffen, um Handelswege und um Zugriff auf weltweite M\u00e4rkte geht.<\/p>\n<p>Schon das Wei\u00dfbuch der Bundeswehr von 2006 besagte:<\/p>\n<p><em>\u201eVerwerfungen im internationalen Beziehungsgef\u00fcge, St\u00f6rungen der Rohstoff- und Warenstr\u00f6me, beispielsweise durch zunehmende Piraterie, und Unterbrechungen der weltweiten Kommunikation bleiben in einer interdependenten Welt nicht ohne Auswirkungen auf nationale Wirtschaftsstrukturen, Wohlstand und sozialen Frieden im Lande und damit auf unsere Sicherheit\u201c<\/em> (1).<\/p>\n<p>Forderungen der Friedensbewegung haben ohne die antikapitalistische Perspektive demzufolge eine geringe Halbwertzeit.<\/p>\n<blockquote><p><strong>Schon alleine das Tempo der Entwicklung f\u00fchrt dazu, dass sich Herausforderungen \u00fcberst\u00fcrzen, die die Gefahr des gro\u00dfen Krieges, der alles gef\u00e4hrdet, heraufbeschw\u00f6ren. Es reicht, wenn verantwortliche F\u00fchrungskr\u00e4fte in einer solchen Situation den Kopf verlieren und den roten Knopf ausl\u00f6sen.<\/strong><\/p><\/blockquote>\n<p>Das Tempo der technischen Innovation in der R\u00fcstung findet eine Parallele im Tempo des Zerfalls der internationalen Ordnung aufgrund von Kriegen und Wirtschaftskriegen.<\/p>\n<ul>\n<li>Die Nuklearr\u00fcstung erh\u00f6ht die Gefahr eines Atomkrieges aus Versehen. Sie wird so ausgefeilt produziert, dass es Pr\u00e4sidenten leichter f\u00e4llt, sie einzusetzen: Er kann die Dosis der Sprengkraft beispielsweise passend absenken Zudem f\u00fchrt die Zielgenauigkeit dazu, dass ein Projektil nach Abschuss von einem NATO-St\u00fctzpunkt das Tor im Moskauer Stadion trifft.<\/li>\n<li>Drohnen verwischen die Grenze zwischen Krieg und Nichtkrieg, da sie ohne Kriegserkl\u00e4rung in fremdem Gebiet zum Einsatz kommen k\u00f6nnen, wie bei einer Expedition: Rein, Feuer, raus. Danach Business as usual.<\/li>\n<li>Die sprunghafte Zunahme katastrophaler Wetterph\u00e4nomene mit ungeheurer Zerst\u00f6rungskraft erh\u00f6ht immer wieder Spannungen in direkt betroffenen Staaten und Regionen. Wie das Beispiel Syrien zeigt, k\u00f6nnen sich diese allzu leicht zum Fl\u00e4chenbrand entwickeln und am Ende sogar zum Atomkrieg f\u00fchren (2). Der Cyberkrieg beschleunigt die milit\u00e4rischen M\u00f6glichkeiten, er verwischt die Grenzen zwischen Friedenszeiten und Krieg noch weiter und schneller (3).<\/li>\n<li>Die NATO, die derzeit mehr als 15-Mal so viel in R\u00fcstung und Krieg investiert als Russland (4), versucht, die Menschen noch weiter daf\u00fcr zu gewinnen, dass jeder NATO-Staat 2 Prozent seiner Wirtschaftsleistung in den Milit\u00e4retat steckt. Die einzige Erkl\u00e4rung f\u00fcr diesen Wahnsinn ist die Kriegsvorbereitung, sei es gegen Russland an dessen Westgrenze, am Golf oder direkt gegen China.<\/li>\n<\/ul>\n<p>In diesem Szenario nimmt Deutschland eine globalstrategische Stellung ein und Ramstein im Besonderen. Alleine die USA verantworten circa zwei Drittel der NATO-Milit\u00e4rausgaben. Sie benutzen Ramstein nicht nur als Drehkreuz f\u00fcr ihren Drohnenkrieg, sondern auch als notwendigen Zwischenstopp auf dem Weg in den Krieg und als Materiallager f\u00fcr milit\u00e4risches Ger\u00e4t. Zus\u00e4tzlich entsteht in Ramstein auch noch das weltgr\u00f6\u00dfte US-Milit\u00e4r-Hospital au\u00dferhalb der USA. Es soll bis 2022 entsprechend ausgebaut werden. Eine solche Investition l\u00e4sst sich am ehesten dann erkl\u00e4ren, wenn sich der Investor auf einen Krieg vorbereitet (5).<\/p>\n<p>Vor diesem Hintergrund lautet die Forderung, die US-Airbase Ramstein zu schlie\u00dfen und den Stationierungsvertrag des deutschen Staates mit den USA aufzuk\u00fcndigen:<\/p>\n<p><em>\u201eDie Air Base muss weg. &#8230; Dazu ist eine breite Bewegung der Bev\u00f6lkerung n\u00f6tig, um den notwendigen gesellschaftlichen Druck auf die Verantwortlichen auszu\u00fcben\u201c<\/em> (6).<\/p>\n<p>Diese Forderung eignet sich regional durchaus als Bindeglied vieler Aktivit\u00e4ten der Friedensbewegung vor Ort und im Umfeld von Ramstein. Die \u00fcberregionale Friedensbewegung sollte im Zusammenhang mit dem Aufruf \u201eAbr\u00fcsten statt aufr\u00fcsten!\u201c, mit der ICAN-Kampagne zum Nuklearverbotsvertrag der UNO und mit den Forderungen der Anti-Drohnen-Kampagne auf die aktuell gef\u00e4hrlichsten Elemente der NATO-Strategie eingehen:<\/p>\n<ul>\n<li>Der bundesweite Schwerpunkt gegen die Ausweitung des Milit\u00e4retats sollte zumindest bis zur Verabschiedung des Bundeshaushaltes 2020 unter dem Motto &#8218;Abr\u00fcsten statt aufr\u00fcsten!&#8216; weiter gef\u00fchrt werden. Bislang sind laut Website <a href=\"https:\/\/abruesten.jetzt\" target=\"_blank\" rel=\"noopener\">https:\/\/abruesten.jetzt<\/a> 140.000 Unterschriften zusammengekommen.<\/li>\n<li>Die Kampagne gegen die Atomr\u00fcstung gewinnt deshalb an Bedeutung, weil die NATO plant, ab 2022 mit der Stationierung v\u00f6llig neuartiger und noch ausgefeilterer Nuklear-Systeme unter anderem in B\u00fcchel zu beginnen. \u201eFriedensforscher wie Hans Kristensen und Otfried Nassauer, Direktor des Berliner Informationszentrums f\u00fcr Transatlantische Sicherheit, f\u00fcrchten die F\u00e4higkeiten der neuen Bombengeneration B.61-12. Denn statt \u201adumm\u2018 &#8211; also frei fallend &#8211; werde sie pr\u00e4ziser lenkbar sein als die alten B.61-3 und die B.61-4. So sind die Bomben nicht nur besser f\u00fcr die Zerst\u00f6rung einzelner Ziele geeignet. Sie richten auch weniger ungewollten Schaden an. &#8222;Damit k\u00f6nnte die Hemmschwelle sinken, sie zu verwenden&#8220;, f\u00fcrchtet Nassauer. Laut Kristensen sollen die ersten Exemplare 2020 fertig werden. Ab 2022 k\u00f6nnte der Austausch beginnen\u201c (7).<\/li>\n<li>Die Anti-Drohnen-Kampagne ist dringend auszubauen, auch da es in der Koalition in Berlin dazu unterschiedliche Positionen gibt: Der Koalitionsvertrag spricht von der Anschaffung \u201ebewaffnungsfertiger\u201c Drohnen, deren rechtliche Seite allerdings umstritten ist. Zitat:\u201eVor einer zuk\u00fcnftigen Beschaffung von bewaffnungsfertigen Drohnen sind die konzeptionellen Grundlagen f\u00fcr deren Einsatz zu schaffen. V\u00f6lkerrechtswidrige T\u00f6tungen lehnen wir kategorisch ab, auch durch Drohnen.\u201c Diese Schaffung \u201ekonzeptioneller Grundlagen\u201c sollte die Friedensbewegung zum Anlass heftiger Kritik und massiver Aufkl\u00e4rung nehmen. Denn Drohnen sind Ger\u00e4te zum Bruch des V\u00f6lkerrechts.<\/li>\n<\/ul>\n<p>Folgende zentrale Forderungen zu diesen neuralgischen Punkten der Auseinandersetzungen um die R\u00fcstung sind \u00fcberregional:<\/p>\n<ul>\n<li>Abr\u00fcsten statt aufr\u00fcsten<\/li>\n<li>Beitritt Deutschlands zum Atomwaffenverbotsvertrag und Verschrottung der letzten Sprengk\u00f6pfe von deutschem Boden!<\/li>\n<li>\u00c4chtung von Drohnen<\/li>\n<li>Verbot von T\u00f6tungsautomaten und Programmen, die \u00fcber Krieg und Frieden entscheiden, auch im Cyberspace.<\/li>\n<li>Verbot jeglichen Waffenexports<\/li>\n<\/ul>\n<p>Diese Forderungen mit der nach der Schlie\u00dfung von Ramstein zu verbinden, kann regional R\u00fcckenwind f\u00fcr einen bundesweiten Erfolg bedeuten. In diesem Kontext sehe ich die Forderungen nach einer K\u00fcndigung des Stationierungsvertrages als sinnvoll an.<\/p>\n<blockquote><p><strong>Der gemeinsame Erfolg h\u00e4ngt aus meiner Erfahrung zentral davon ab, wie die Friedensbewegung die Umweltbewegung unterst\u00fctzt und erg\u00e4nzt sowie wie umgekehrt die Umweltbewegung den Frieden st\u00e4rker in ihre Forderungen einbezieht.<\/strong><\/p><\/blockquote>\n<p>In Ramstein findet am 29. Juni 2019 eine gro\u00dfe Manifestation der Friedensbewegung gegen die Airbase statt:<\/p>\n<p><img loading=\"lazy\" decoding=\"async\" class=\"aligncenter wp-image-864792\" src=\"https:\/\/www.pressenza.com\/wp-content\/uploads\/2019\/05\/Demo-Stopp-Air-Base-Ramstein-2019-720x400.png\" alt=\"\" width=\"757\" height=\"421\" srcset=\"https:\/\/www.pressenza.com\/wp-content\/uploads\/2019\/05\/Demo-Stopp-Air-Base-Ramstein-2019-720x400.png 720w, https:\/\/www.pressenza.com\/wp-content\/uploads\/2019\/05\/Demo-Stopp-Air-Base-Ramstein-2019-300x167.png 300w, https:\/\/www.pressenza.com\/wp-content\/uploads\/2019\/05\/Demo-Stopp-Air-Base-Ramstein-2019-768x427.png 768w, https:\/\/www.pressenza.com\/wp-content\/uploads\/2019\/05\/Demo-Stopp-Air-Base-Ramstein-2019.png 810w\" sizes=\"auto, (max-width: 757px) 100vw, 757px\" \/><\/p>\n<p>In B\u00fcchel laufen derzeit die 20 Aktionswochen gegen die Atombomben vor Ort und f\u00fcr den Atomwaffenverbotsvertrag +, der <a href=\"http:\/\/www.atomwaffenfrei.de\/home\/artikel\/528edbdd66c0fec84383f0e403747c41\/mach-mit-aktionspraesenz-2019.html\" target=\"_blank\" rel=\"noopener\">Initiativkreis gegen Atomwaffen<\/a> in B\u00fcchel erh\u00e4lt den diesj\u00e4hrigen Aachener Friedenspreis!<\/p>\n<p><em>Dieser Beitrag erschien erstmalig unter dem Titel\u00a0<\/em><a href=\"https:\/\/www.rubikon.news\/artikel\/gemeinsam-fur-eine-bessere-welt-2\" target=\"_blank\" rel=\"noopener\">Gemeinsam f\u00fcr eine bessere Welt!<\/a> <em>bei <a href=\"https:\/\/www.rubikon.news\/\" target=\"_blank\" rel=\"noopener\">Rubikon \u2013 Magazin f\u00fcr die kritische Masse<\/a> unter CC BY 4.0.<\/em><\/p>\n<p><em><strong>Quellen und Anmerkungen:<\/strong><\/em><\/p>\n<p>Hier noch einmal die Website mit den Informationen zur Kampagne gegen die Hochr\u00fcstung: <a href=\"https:\/\/abruesten.jetzt\/\" target=\"_blank\" rel=\"noopener\">https:\/\/abruesten.jetzt\/<\/a><br \/>\nHier: Aktion Aufschrei f\u00fcr das Verbot von Waffenexport: <a href=\"https:\/\/www.aufschrei-waffenhandel.de\/\">https:\/\/www.aufschrei-waffenhandel.de\/<\/a><br \/>\n(1) <a href=\"http:\/\/www.ag-friedensforschung.de\/themen\/Bundeswehr\/weissbuch-henken.html\" target=\"_blank\" rel=\"noopener\">http:\/\/www.ag-friedensforschung.de\/themen\/Bundeswehr\/weissbuch-henken.html<\/a>, Seite 8<br \/>\n(2) Zum Klima als Kriegsursache: <a href=\"http:\/\/www.taz.de\/!161233\/\" target=\"_blank\" rel=\"noopener\">http:\/\/www.taz.de\/!161233\/<\/a><br \/>\n(3) Gef\u00e4hrlichkeit der digitalen Vernetzung f\u00fcr den Frieden (siehe Gerhard Baum): <a href=\"https:\/\/www.youtube.com\/watch?v=HLQcNDcARrg\" target=\"_blank\" rel=\"noopener\">https:\/\/www.youtube.com\/watch?v=HLQcNDcARrg<\/a><br \/>\n(4) <a href=\"http:\/\/www.bund-rvso.de\/auf-ruestung-deutschland-nato-russland-ausgaben.html\" target=\"_blank\" rel=\"noopener\">http:\/\/www.bund-rvso.de\/auf-ruestung-deutschland-nato-russland-ausgaben.html<\/a><br \/>\n(5) <a href=\"https:\/\/www.rheinpfalz.de\/lokal\/aus-dem-suedwesten\/artikel\/das-groesste-us-militaerhospital-ausserhalb-der-usa\/\" target=\"_blank\" rel=\"noopener\">https:\/\/www.rheinpfalz.de\/lokal\/aus-dem-suedwesten\/artikel\/das-groesste-us-militaerhospital-ausserhalb-der-usa\/<\/a><br \/>\n(6) Klaus Hartmann: K\u00fcndigung des Stationierungsvertrags!, in: Stopp Air Base Ramstein, Dezember 2018<br \/>\n(7) <a href=\"https:\/\/www.volksfreund.de\/region\/rheinland-pfalz\/fliegerhorst-buechel-lagern-die-atombomben-sicher_aid-6353116\" target=\"_blank\" rel=\"noopener\">https:\/\/www.volksfreund.de\/region\/rheinland-pfalz\/fliegerhorst-buechel-lagern-die-atombomben-sicher_aid-6353116<\/a><\/p>\n<hr \/>\n<p><em><strong>Bernhard Trautvetter<\/strong>, Jahrgang 1954, ehemaliger Berufsschullehrer, Friedensaktivist aus Essen, Organisator von Friedensaktivit\u00e4ten, darunter Demonstrationen gegen Nato-Konferenzen in der Messe Essen, Mitglied in der Vereinigung der Verfolgten des Naziregimes-Bund der Antifaschisten (VVN), Experte f\u00fcr Friedensp\u00e4dagogik und Friedenspolitik in der GEW NRW, Referent zu Friedensfragen, u.a. auf der didacta f\u00fcr die GEW, bei Veranstaltungen der VVN, den Linken und den Gr\u00fcnen, dem bundesweiten Friedensratschlag in Kassel, von attac- und weiteren Friedens-Gruppen in mehreren St\u00e4dten Deutschlands, Lyriker und Bildgestalter. Ver\u00f6ffentlichungen in Anthologien sowie u.a. in Neues Deutschland, Junge Welt, Marxistische Bl\u00e4tter, Weltb\u00fchne, KenFM, RUBIKON, Friedensforum; Tr\u00e4ger des D\u00fcsseldorfer Friedenspreises 2018, Ausstellungen im In- und Ausland mit Fotografie, Lyrik und Collagen \u2013 ein Thema u.a. \u201eKriege enden nicht im Frieden\u201c, <a href=\"http:\/\/www.fotolyrikart.eu\">www.fotolyrikart.eu<\/a>.<\/em><\/p>\n","protected":false},"excerpt":{"rendered":"<p>Auf Ver\u00e4nderung ausgerichtete Bewegungen haben dann gr\u00f6\u00dfere Erfolgsaussichten, wenn ihre Forderungen die neuralgischen Punkte des Gegners und die vordringlichen Aufgaben der Zeit treffen. Wenn die Lage gef\u00e4hrlich ist und die Ursachen nicht so leicht zu durchschauen sind, ist es besonders&hellip;<\/p>\n","protected":false},"author":1095,"featured_media":864781,"comment_status":"closed","ping_status":"closed","sticky":false,"template":"","format":"standard","meta":{"footnotes":""},"categories":[9167,7835,9157],"tags":[48111,46598,47176,18892,9358,48529,30246,59347],"class_list":["post-864780","post","type-post","status-publish","format-standard","has-post-thumbnail","hentry","category-frieden-und-abruestung","category-international-de","category-oekologie-und-umwelt","tag-stoppramstein","tag-air-base-ramstein","tag-atomare-aufruestung","tag-drohnenkrieg","tag-friedensbewegung","tag-klimaerwaermung","tag-klimaschutz","tag-umweltbewegung"],"yoast_head":"<!-- This site is optimized with the Yoast SEO plugin v27.1.1 - https:\/\/yoast.com\/product\/yoast-seo-wordpress\/ -->\n<title>Friedens- und Umweltaktivisten gemeinsam f\u00fcr eine bessere Welt<\/title>\n<meta name=\"description\" content=\"Friedens- und Umweltaktivisten sollten sich verb\u00fcnden, denn gemeinsam sind sie stark.\" \/>\n<meta name=\"robots\" content=\"index, follow, max-snippet:-1, max-image-preview:large, max-video-preview:-1\" \/>\n<link rel=\"canonical\" href=\"https:\/\/www.pressenza.com\/de\/2019\/06\/friedens-und-umweltaktivisten-gemeinsam-fuer-eine-bessere-welt\/\" \/>\n<meta property=\"og:locale\" content=\"de_DE\" \/>\n<meta property=\"og:type\" content=\"article\" \/>\n<meta property=\"og:title\" content=\"Friedens- und Umweltaktivisten gemeinsam f\u00fcr eine bessere Welt\" \/>\n<meta property=\"og:description\" content=\"Friedens- und Umweltaktivisten sollten sich verb\u00fcnden, denn gemeinsam sind sie stark.\" \/>\n<meta property=\"og:url\" content=\"https:\/\/www.pressenza.com\/de\/2019\/06\/friedens-und-umweltaktivisten-gemeinsam-fuer-eine-bessere-welt\/\" \/>\n<meta property=\"og:site_name\" content=\"Pressenza\" \/>\n<meta property=\"article:publisher\" content=\"https:\/\/www.facebook.com\/PressenzaItalia\" \/>\n<meta property=\"article:author\" content=\"https:\/\/www.facebook.com\/Pressenza-Deutschland-sterreich-Schweiz-281675388658060\/timeline\/\" \/>\n<meta property=\"article:published_time\" content=\"2019-06-01T09:27:05+00:00\" \/>\n<meta property=\"og:image\" content=\"https:\/\/www.pressenza.com\/wp-content\/uploads\/2019\/05\/Friedens-_und_Umweltaktivisten_gemeinsam_f\u00fcr_eine_bessere_Welt.jpg\" \/>\n\t<meta property=\"og:image:width\" content=\"1280\" \/>\n\t<meta property=\"og:image:height\" content=\"640\" \/>\n\t<meta property=\"og:image:type\" content=\"image\/jpeg\" \/>\n<meta name=\"author\" content=\"Pressenza Berlin\" \/>\n<meta name=\"twitter:card\" content=\"summary_large_image\" \/>\n<meta name=\"twitter:creator\" content=\"@pressenza_ger\" \/>\n<meta name=\"twitter:site\" content=\"@PressenzaIPA\" \/>\n<meta name=\"twitter:label1\" content=\"Verfasst von\" \/>\n\t<meta name=\"twitter:data1\" content=\"Pressenza Berlin\" \/>\n\t<meta name=\"twitter:label2\" content=\"Gesch\u00e4tzte Lesezeit\" \/>\n\t<meta name=\"twitter:data2\" content=\"8\u00a0Minuten\" \/>\n<script type=\"application\/ld+json\" class=\"yoast-schema-graph\">{\"@context\":\"https:\/\/schema.org\",\"@graph\":[{\"@type\":\"Article\",\"@id\":\"https:\/\/www.pressenza.com\/de\/2019\/06\/friedens-und-umweltaktivisten-gemeinsam-fuer-eine-bessere-welt\/#article\",\"isPartOf\":{\"@id\":\"https:\/\/www.pressenza.com\/de\/2019\/06\/friedens-und-umweltaktivisten-gemeinsam-fuer-eine-bessere-welt\/\"},\"author\":{\"name\":\"Pressenza Berlin\",\"@id\":\"https:\/\/www.pressenza.com\/de\/#\/schema\/person\/57bb5480943a496a7722b0248e4b658a\"},\"headline\":\"Friedens- und Umweltaktivisten gemeinsam f\u00fcr eine bessere Welt\",\"datePublished\":\"2019-06-01T09:27:05+00:00\",\"mainEntityOfPage\":{\"@id\":\"https:\/\/www.pressenza.com\/de\/2019\/06\/friedens-und-umweltaktivisten-gemeinsam-fuer-eine-bessere-welt\/\"},\"wordCount\":1690,\"publisher\":{\"@id\":\"https:\/\/www.pressenza.com\/de\/#organization\"},\"image\":{\"@id\":\"https:\/\/www.pressenza.com\/de\/2019\/06\/friedens-und-umweltaktivisten-gemeinsam-fuer-eine-bessere-welt\/#primaryimage\"},\"thumbnailUrl\":\"https:\/\/www.pressenza.com\/wp-content\/uploads\/2019\/05\/Friedens-_und_Umweltaktivisten_gemeinsam_f\u00fcr_eine_bessere_Welt.jpg\",\"keywords\":[\"#StoppRamstein\",\"Air Base Ramstein\",\"atomare Aufr\u00fcstung\",\"Drohnenkrieg\",\"Friedensbewegung\",\"Klimaerw\u00e4rmung\",\"Klimaschutz\",\"Umweltbewegung\"],\"articleSection\":[\"Frieden und Abr\u00fcstung\",\"International\",\"\u00d6kologie und Umwelt\"],\"inLanguage\":\"de\"},{\"@type\":\"WebPage\",\"@id\":\"https:\/\/www.pressenza.com\/de\/2019\/06\/friedens-und-umweltaktivisten-gemeinsam-fuer-eine-bessere-welt\/\",\"url\":\"https:\/\/www.pressenza.com\/de\/2019\/06\/friedens-und-umweltaktivisten-gemeinsam-fuer-eine-bessere-welt\/\",\"name\":\"Friedens- und Umweltaktivisten gemeinsam f\u00fcr eine bessere Welt\",\"isPartOf\":{\"@id\":\"https:\/\/www.pressenza.com\/de\/#website\"},\"primaryImageOfPage\":{\"@id\":\"https:\/\/www.pressenza.com\/de\/2019\/06\/friedens-und-umweltaktivisten-gemeinsam-fuer-eine-bessere-welt\/#primaryimage\"},\"image\":{\"@id\":\"https:\/\/www.pressenza.com\/de\/2019\/06\/friedens-und-umweltaktivisten-gemeinsam-fuer-eine-bessere-welt\/#primaryimage\"},\"thumbnailUrl\":\"https:\/\/www.pressenza.com\/wp-content\/uploads\/2019\/05\/Friedens-_und_Umweltaktivisten_gemeinsam_f\u00fcr_eine_bessere_Welt.jpg\",\"datePublished\":\"2019-06-01T09:27:05+00:00\",\"description\":\"Friedens- und Umweltaktivisten sollten sich verb\u00fcnden, denn gemeinsam sind sie stark.\",\"breadcrumb\":{\"@id\":\"https:\/\/www.pressenza.com\/de\/2019\/06\/friedens-und-umweltaktivisten-gemeinsam-fuer-eine-bessere-welt\/#breadcrumb\"},\"inLanguage\":\"de\",\"potentialAction\":[{\"@type\":\"ReadAction\",\"target\":[\"https:\/\/www.pressenza.com\/de\/2019\/06\/friedens-und-umweltaktivisten-gemeinsam-fuer-eine-bessere-welt\/\"]}]},{\"@type\":\"ImageObject\",\"inLanguage\":\"de\",\"@id\":\"https:\/\/www.pressenza.com\/de\/2019\/06\/friedens-und-umweltaktivisten-gemeinsam-fuer-eine-bessere-welt\/#primaryimage\",\"url\":\"https:\/\/www.pressenza.com\/wp-content\/uploads\/2019\/05\/Friedens-_und_Umweltaktivisten_gemeinsam_f\u00fcr_eine_bessere_Welt.jpg\",\"contentUrl\":\"https:\/\/www.pressenza.com\/wp-content\/uploads\/2019\/05\/Friedens-_und_Umweltaktivisten_gemeinsam_f\u00fcr_eine_bessere_Welt.jpg\",\"width\":1280,\"height\":640,\"caption\":\"Friedens- und Umweltaktivisten gemeinsam f\u00fcr eine bessere Welt\"},{\"@type\":\"BreadcrumbList\",\"@id\":\"https:\/\/www.pressenza.com\/de\/2019\/06\/friedens-und-umweltaktivisten-gemeinsam-fuer-eine-bessere-welt\/#breadcrumb\",\"itemListElement\":[{\"@type\":\"ListItem\",\"position\":1,\"name\":\"Accueil\",\"item\":\"https:\/\/www.pressenza.com\/de\/\"},{\"@type\":\"ListItem\",\"position\":2,\"name\":\"Friedens- und Umweltaktivisten gemeinsam f\u00fcr eine bessere Welt\"}]},{\"@type\":\"WebSite\",\"@id\":\"https:\/\/www.pressenza.com\/de\/#website\",\"url\":\"https:\/\/www.pressenza.com\/de\/\",\"name\":\"Pressenza\",\"description\":\"International Press Agency\",\"publisher\":{\"@id\":\"https:\/\/www.pressenza.com\/de\/#organization\"},\"potentialAction\":[{\"@type\":\"SearchAction\",\"target\":{\"@type\":\"EntryPoint\",\"urlTemplate\":\"https:\/\/www.pressenza.com\/de\/?s={search_term_string}\"},\"query-input\":{\"@type\":\"PropertyValueSpecification\",\"valueRequired\":true,\"valueName\":\"search_term_string\"}}],\"inLanguage\":\"de\"},{\"@type\":\"Organization\",\"@id\":\"https:\/\/www.pressenza.com\/de\/#organization\",\"name\":\"Pressenza\",\"url\":\"https:\/\/www.pressenza.com\/de\/\",\"logo\":{\"@type\":\"ImageObject\",\"inLanguage\":\"de\",\"@id\":\"https:\/\/www.pressenza.com\/de\/#\/schema\/logo\/image\/\",\"url\":\"https:\/\/www.pressenza.com\/wp-content\/uploads\/2022\/10\/pressenza_logo_200x200.jpg\",\"contentUrl\":\"https:\/\/www.pressenza.com\/wp-content\/uploads\/2022\/10\/pressenza_logo_200x200.jpg\",\"width\":200,\"height\":200,\"caption\":\"Pressenza\"},\"image\":{\"@id\":\"https:\/\/www.pressenza.com\/de\/#\/schema\/logo\/image\/\"},\"sameAs\":[\"https:\/\/www.facebook.com\/PressenzaItalia\",\"https:\/\/x.com\/PressenzaIPA\"]},{\"@type\":\"Person\",\"@id\":\"https:\/\/www.pressenza.com\/de\/#\/schema\/person\/57bb5480943a496a7722b0248e4b658a\",\"name\":\"Pressenza Berlin\",\"description\":\"News from the Pressenza Bureau in Berlin, Germany\",\"sameAs\":[\"https:\/\/www.facebook.com\/Pressenza-Deutschland-sterreich-Schweiz-281675388658060\/timeline\/\",\"https:\/\/x.com\/pressenza_ger\"],\"url\":\"https:\/\/www.pressenza.com\/de\/author\/pressenza-berlin\/\"}]}<\/script>\n<!-- \/ Yoast SEO plugin. -->","yoast_head_json":{"title":"Friedens- und Umweltaktivisten gemeinsam f\u00fcr eine bessere Welt","description":"Friedens- und Umweltaktivisten sollten sich verb\u00fcnden, denn gemeinsam sind sie stark.","robots":{"index":"index","follow":"follow","max-snippet":"max-snippet:-1","max-image-preview":"max-image-preview:large","max-video-preview":"max-video-preview:-1"},"canonical":"https:\/\/www.pressenza.com\/de\/2019\/06\/friedens-und-umweltaktivisten-gemeinsam-fuer-eine-bessere-welt\/","og_locale":"de_DE","og_type":"article","og_title":"Friedens- und Umweltaktivisten gemeinsam f\u00fcr eine bessere Welt","og_description":"Friedens- und Umweltaktivisten sollten sich verb\u00fcnden, denn gemeinsam sind sie stark.","og_url":"https:\/\/www.pressenza.com\/de\/2019\/06\/friedens-und-umweltaktivisten-gemeinsam-fuer-eine-bessere-welt\/","og_site_name":"Pressenza","article_publisher":"https:\/\/www.facebook.com\/PressenzaItalia","article_author":"https:\/\/www.facebook.com\/Pressenza-Deutschland-sterreich-Schweiz-281675388658060\/timeline\/","article_published_time":"2019-06-01T09:27:05+00:00","og_image":[{"width":1280,"height":640,"url":"https:\/\/www.pressenza.com\/wp-content\/uploads\/2019\/05\/Friedens-_und_Umweltaktivisten_gemeinsam_f\u00fcr_eine_bessere_Welt.jpg","type":"image\/jpeg"}],"author":"Pressenza Berlin","twitter_card":"summary_large_image","twitter_creator":"@pressenza_ger","twitter_site":"@PressenzaIPA","twitter_misc":{"Verfasst von":"Pressenza Berlin","Gesch\u00e4tzte Lesezeit":"8\u00a0Minuten"},"schema":{"@context":"https:\/\/schema.org","@graph":[{"@type":"Article","@id":"https:\/\/www.pressenza.com\/de\/2019\/06\/friedens-und-umweltaktivisten-gemeinsam-fuer-eine-bessere-welt\/#article","isPartOf":{"@id":"https:\/\/www.pressenza.com\/de\/2019\/06\/friedens-und-umweltaktivisten-gemeinsam-fuer-eine-bessere-welt\/"},"author":{"name":"Pressenza Berlin","@id":"https:\/\/www.pressenza.com\/de\/#\/schema\/person\/57bb5480943a496a7722b0248e4b658a"},"headline":"Friedens- und Umweltaktivisten gemeinsam f\u00fcr eine bessere Welt","datePublished":"2019-06-01T09:27:05+00:00","mainEntityOfPage":{"@id":"https:\/\/www.pressenza.com\/de\/2019\/06\/friedens-und-umweltaktivisten-gemeinsam-fuer-eine-bessere-welt\/"},"wordCount":1690,"publisher":{"@id":"https:\/\/www.pressenza.com\/de\/#organization"},"image":{"@id":"https:\/\/www.pressenza.com\/de\/2019\/06\/friedens-und-umweltaktivisten-gemeinsam-fuer-eine-bessere-welt\/#primaryimage"},"thumbnailUrl":"https:\/\/www.pressenza.com\/wp-content\/uploads\/2019\/05\/Friedens-_und_Umweltaktivisten_gemeinsam_f\u00fcr_eine_bessere_Welt.jpg","keywords":["#StoppRamstein","Air Base Ramstein","atomare Aufr\u00fcstung","Drohnenkrieg","Friedensbewegung","Klimaerw\u00e4rmung","Klimaschutz","Umweltbewegung"],"articleSection":["Frieden und Abr\u00fcstung","International","\u00d6kologie und Umwelt"],"inLanguage":"de"},{"@type":"WebPage","@id":"https:\/\/www.pressenza.com\/de\/2019\/06\/friedens-und-umweltaktivisten-gemeinsam-fuer-eine-bessere-welt\/","url":"https:\/\/www.pressenza.com\/de\/2019\/06\/friedens-und-umweltaktivisten-gemeinsam-fuer-eine-bessere-welt\/","name":"Friedens- und Umweltaktivisten gemeinsam f\u00fcr eine bessere Welt","isPartOf":{"@id":"https:\/\/www.pressenza.com\/de\/#website"},"primaryImageOfPage":{"@id":"https:\/\/www.pressenza.com\/de\/2019\/06\/friedens-und-umweltaktivisten-gemeinsam-fuer-eine-bessere-welt\/#primaryimage"},"image":{"@id":"https:\/\/www.pressenza.com\/de\/2019\/06\/friedens-und-umweltaktivisten-gemeinsam-fuer-eine-bessere-welt\/#primaryimage"},"thumbnailUrl":"https:\/\/www.pressenza.com\/wp-content\/uploads\/2019\/05\/Friedens-_und_Umweltaktivisten_gemeinsam_f\u00fcr_eine_bessere_Welt.jpg","datePublished":"2019-06-01T09:27:05+00:00","description":"Friedens- und Umweltaktivisten sollten sich verb\u00fcnden, denn gemeinsam sind sie stark.","breadcrumb":{"@id":"https:\/\/www.pressenza.com\/de\/2019\/06\/friedens-und-umweltaktivisten-gemeinsam-fuer-eine-bessere-welt\/#breadcrumb"},"inLanguage":"de","potentialAction":[{"@type":"ReadAction","target":["https:\/\/www.pressenza.com\/de\/2019\/06\/friedens-und-umweltaktivisten-gemeinsam-fuer-eine-bessere-welt\/"]}]},{"@type":"ImageObject","inLanguage":"de","@id":"https:\/\/www.pressenza.com\/de\/2019\/06\/friedens-und-umweltaktivisten-gemeinsam-fuer-eine-bessere-welt\/#primaryimage","url":"https:\/\/www.pressenza.com\/wp-content\/uploads\/2019\/05\/Friedens-_und_Umweltaktivisten_gemeinsam_f\u00fcr_eine_bessere_Welt.jpg","contentUrl":"https:\/\/www.pressenza.com\/wp-content\/uploads\/2019\/05\/Friedens-_und_Umweltaktivisten_gemeinsam_f\u00fcr_eine_bessere_Welt.jpg","width":1280,"height":640,"caption":"Friedens- und Umweltaktivisten gemeinsam f\u00fcr eine bessere Welt"},{"@type":"BreadcrumbList","@id":"https:\/\/www.pressenza.com\/de\/2019\/06\/friedens-und-umweltaktivisten-gemeinsam-fuer-eine-bessere-welt\/#breadcrumb","itemListElement":[{"@type":"ListItem","position":1,"name":"Accueil","item":"https:\/\/www.pressenza.com\/de\/"},{"@type":"ListItem","position":2,"name":"Friedens- und Umweltaktivisten gemeinsam f\u00fcr eine bessere Welt"}]},{"@type":"WebSite","@id":"https:\/\/www.pressenza.com\/de\/#website","url":"https:\/\/www.pressenza.com\/de\/","name":"Pressenza","description":"International Press Agency","publisher":{"@id":"https:\/\/www.pressenza.com\/de\/#organization"},"potentialAction":[{"@type":"SearchAction","target":{"@type":"EntryPoint","urlTemplate":"https:\/\/www.pressenza.com\/de\/?s={search_term_string}"},"query-input":{"@type":"PropertyValueSpecification","valueRequired":true,"valueName":"search_term_string"}}],"inLanguage":"de"},{"@type":"Organization","@id":"https:\/\/www.pressenza.com\/de\/#organization","name":"Pressenza","url":"https:\/\/www.pressenza.com\/de\/","logo":{"@type":"ImageObject","inLanguage":"de","@id":"https:\/\/www.pressenza.com\/de\/#\/schema\/logo\/image\/","url":"https:\/\/www.pressenza.com\/wp-content\/uploads\/2022\/10\/pressenza_logo_200x200.jpg","contentUrl":"https:\/\/www.pressenza.com\/wp-content\/uploads\/2022\/10\/pressenza_logo_200x200.jpg","width":200,"height":200,"caption":"Pressenza"},"image":{"@id":"https:\/\/www.pressenza.com\/de\/#\/schema\/logo\/image\/"},"sameAs":["https:\/\/www.facebook.com\/PressenzaItalia","https:\/\/x.com\/PressenzaIPA"]},{"@type":"Person","@id":"https:\/\/www.pressenza.com\/de\/#\/schema\/person\/57bb5480943a496a7722b0248e4b658a","name":"Pressenza Berlin","description":"News from the Pressenza Bureau in Berlin, Germany","sameAs":["https:\/\/www.facebook.com\/Pressenza-Deutschland-sterreich-Schweiz-281675388658060\/timeline\/","https:\/\/x.com\/pressenza_ger"],"url":"https:\/\/www.pressenza.com\/de\/author\/pressenza-berlin\/"}]}},"place":"Bernhard Trautvetter, Rubikon","original_article_url":"","_links":{"self":[{"href":"https:\/\/www.pressenza.com\/de\/wp-json\/wp\/v2\/posts\/864780","targetHints":{"allow":["GET"]}}],"collection":[{"href":"https:\/\/www.pressenza.com\/de\/wp-json\/wp\/v2\/posts"}],"about":[{"href":"https:\/\/www.pressenza.com\/de\/wp-json\/wp\/v2\/types\/post"}],"author":[{"embeddable":true,"href":"https:\/\/www.pressenza.com\/de\/wp-json\/wp\/v2\/users\/1095"}],"replies":[{"embeddable":true,"href":"https:\/\/www.pressenza.com\/de\/wp-json\/wp\/v2\/comments?post=864780"}],"version-history":[{"count":0,"href":"https:\/\/www.pressenza.com\/de\/wp-json\/wp\/v2\/posts\/864780\/revisions"}],"wp:featuredmedia":[{"embeddable":true,"href":"https:\/\/www.pressenza.com\/de\/wp-json\/wp\/v2\/media\/864781"}],"wp:attachment":[{"href":"https:\/\/www.pressenza.com\/de\/wp-json\/wp\/v2\/media?parent=864780"}],"wp:term":[{"taxonomy":"category","embeddable":true,"href":"https:\/\/www.pressenza.com\/de\/wp-json\/wp\/v2\/categories?post=864780"},{"taxonomy":"post_tag","embeddable":true,"href":"https:\/\/www.pressenza.com\/de\/wp-json\/wp\/v2\/tags?post=864780"}],"curies":[{"name":"wp","href":"https:\/\/api.w.org\/{rel}","templated":true}]}}