{"id":861529,"date":"2019-05-26T13:28:34","date_gmt":"2019-05-26T12:28:34","guid":{"rendered":"https:\/\/www.pressenza.com\/?p=861529"},"modified":"2019-05-26T13:28:34","modified_gmt":"2019-05-26T12:28:34","slug":"reform-des-transsexuellengesetzes-geplant","status":"publish","type":"post","link":"https:\/\/www.pressenza.com\/de\/2019\/05\/reform-des-transsexuellengesetzes-geplant\/","title":{"rendered":"Reform des Transsexuellengesetzes geplant"},"content":{"rendered":"<div class=\"content\">\n<div class=\"field field-name-body field-type-text-with-summary field-label-hidden\">\n<div class=\"field-items\">\n<div class=\"field-item even\">\n<p><b>Das Transsexuellengesetz von 1981 steht seit Jahren f\u00fcr seine menschenverachtenden Regelungen in der Kritik. Ganze Teile sind vom Bundesverfassungsgericht bereits f\u00fcr verfassungswidrig erkl\u00e4rt worden. Die gro\u00dfe Koalition legte nun einen Reform-Entwurf vor, der im Eilverfahren durchgewunken werden sollte. Bisher nicht einmal angeh\u00f6rte Verb\u00e4nde und AktivistInnen haben das Eilverfahren nun gestoppt und ihre Kritikpunkte eingebracht.<\/b><\/p>\n<p>Das urspr\u00fcngliche <a title=\"https:\/\/www.gesetze-im-internet.de\/tsg\/BJNR016540980.html#BJNR016540980BJNG000100311\" href=\"https:\/\/www.gesetze-im-internet.de\/tsg\/BJNR016540980.html#BJNR016540980BJNG000100311\" target=\"_blank\" rel=\"noopener\">Transsexuellengesetz (TSG)<\/a> liest sich weniger wie ein Gesetz\u00a0als wie ein Strafkatalog. Gutachten sollten die Transsexualit\u00e4t bewerten, der K\u00f6rper mittels Operationen einem bestimmten Bild angepasst werden, das \u00fcber Personen eines Geschlechts herrsche, Kinder durften nicht gezeugt oder geboren werden, um den neuen Geschlechtsstatus nicht unwirksam werden zu lassen.<\/p>\n<p>Bereits im Jahre 2011 hatte das Bundesverfassungsgericht diese Zwangsoperationen und den Zwang zur Unfruchtbarmachung <a title=\"https:\/\/www.bundesverfassungsgericht.de\/SharedDocs\/Pressemitteilungen\/DE\/2011\/bvg11-007.html\" href=\"https:\/\/www.bundesverfassungsgericht.de\/SharedDocs\/Pressemitteilungen\/DE\/2011\/bvg11-007.html\" target=\"_blank\" rel=\"noopener\">als verfassungswidrig eingestuft<\/a>. Ein neues Gesetz wurde trotzdem nicht eilends auf den Weg gebracht.<\/p>\n<p>Das geschah erst, als Transsexuelle und <a title=\"https:\/\/queer-lexikon.net\/tag\/nicht-binaer\/\" href=\"https:\/\/queer-lexikon.net\/tag\/nicht-binaer\/\" target=\"_blank\" rel=\"noopener\">nicht bin\u00e4re<\/a> Menschen begannen, das mit Beginn des Jahres in Kraft getretene Gesetz zur <a title=\"https:\/\/www.bundestag.de\/dokumente\/textarchiv\/2018\/kw50-de-geburtenregister-581364\" href=\"https:\/\/www.bundestag.de\/dokumente\/textarchiv\/2018\/kw50-de-geburtenregister-581364\" target=\"_blank\" rel=\"noopener\">&#8222;\u00c4nderung der in das Geburtenregister einzutragenden Angaben&#8220;<\/a> zu nutzen. Danach konnten sie mit einem \u00e4rztlichen Attest, welches <a title=\"https:\/\/www.bmi.bund.de\/SharedDocs\/downloads\/DE\/gesetztestexte\/gesetztesentwuerfe\/entwurf-aenderung-personenstandsgesetz.pdf?__blob=publicationFile&amp;v=1\" href=\"https:\/\/www.bmi.bund.de\/SharedDocs\/downloads\/DE\/gesetztestexte\/gesetztesentwuerfe\/entwurf-aenderung-personenstandsgesetz.pdf?__blob=publicationFile&amp;v=1\" target=\"_blank\" rel=\"noopener\">bescheinigte<\/a>, &#8222;\u2026 dass die betroffene Person eine Variante der Geschlechtsentwicklung&#8220; aufweise, relativ kosteng\u00fcnstig und unkompliziert beim zust\u00e4ndigen Standesamt ihre Geschlechtszuschreibung \u00e4ndern lassen.<\/p>\n<p>Nach<a title=\"https:\/\/www.bento.de\/queer\/transsexuellen-gesetz-betroffene-halten-den-neuen-entwurf-fuer-gefaehrlich-a-05bef439-f12c-4580-b8c2-7ba863ab2038\" href=\"https:\/\/www.bento.de\/queer\/transsexuellen-gesetz-betroffene-halten-den-neuen-entwurf-fuer-gefaehrlich-a-05bef439-f12c-4580-b8c2-7ba863ab2038\" target=\"_blank\" rel=\"noopener\"> Einsch\u00e4tzungen von Betroffenen und AktivistInnen<\/a> schienen die herabgesetzten H\u00fcrden dem Bundesinnen- und Justizministerium als zu gering, so dass rasch ein Gesetzesentwurf vorlegt und zun\u00e4chst nur zwei Tage, in denen Stellungnahmen eingereicht werden konnten, angesetzt wurden. Der <i>Tagesspiegel<\/i> hatte <a title=\"https:\/\/www.tagesspiegel.de\/downloads\/24322986\/1\/tsgreform.pdf\" href=\"https:\/\/www.tagesspiegel.de\/downloads\/24322986\/1\/tsgreform.pdf\" target=\"_blank\" rel=\"noopener\">den Entwurf ver\u00f6ffentlicht<\/a>.<\/p>\n<p>Das Eilverfahren konnte gestoppt werden. In einer Pressemitteilung der <a title=\"https:\/\/www.bv-trans.de\/eilverfahren-bei-der-reform-des-transsexuellengsetzes-zunaechst-gestoppt\/\" href=\"https:\/\/www.bv-trans.de\/eilverfahren-bei-der-reform-des-transsexuellengsetzes-zunaechst-gestoppt\/\" target=\"_blank\" rel=\"noopener\">Bundesvereinigung Trans<\/a> wird begr\u00fc\u00dft, dass nun Zeit f\u00fcr Stellungnahmen gegeben ist. Zudem werden Kritikpunkte am Entwurf genannt und ein Reform-Entwurf zum Transsexuellengesetz vorgelegt, welcher von Verb\u00e4nden betroffener Menschen mitgetragen wird.<\/p>\n<p>Einige Kritikpunkte am aktuellen Entwurf umfassen die Zwangsberatung, die im Ergebnis doch wieder eine Begutachtung ist, die Anh\u00f6rung von Ehegatten vor Gericht, was zu Druck oder Erpressung f\u00fchren k\u00f6nnte, Regelungen zur Elternschaft, die bedeuten w\u00fcrden, dass zum Beispiel Transm\u00fctter als V\u00e4ter eingetragen werden, die Regelung f\u00fcr Minderj\u00e4hrige, die die Einwilligung der Eltern ben\u00f6tigen, um Vornamen und Geschlecht \u00e4ndern zu k\u00f6nnen, die erneute Stellung eines abgelegten Antrages nach einer Sperrfrist von willk\u00fcrlichen drei Jahren und die Ausnahme privater Stellen aus dem Offenbarungsverbot.<\/p>\n<\/div>\n<\/div>\n<\/div>\n<\/div>\n","protected":false},"excerpt":{"rendered":"<p>Das Transsexuellengesetz von 1981 steht seit Jahren f\u00fcr seine menschenverachtenden Regelungen in der Kritik. Ganze Teile sind vom Bundesverfassungsgericht bereits f\u00fcr verfassungswidrig erkl\u00e4rt worden. Die gro\u00dfe Koalition legte nun einen Reform-Entwurf vor, der im Eilverfahren durchgewunken werden sollte. Bisher nicht&hellip;<\/p>\n","protected":false},"author":1163,"featured_media":861531,"comment_status":"closed","ping_status":"closed","sticky":false,"template":"","format":"standard","meta":{"footnotes":""},"categories":[54510,9161,9165],"tags":[12090,55787,10572,59136],"class_list":["post-861529","post","type-post","status-publish","format-standard","has-post-thumbnail","hentry","category-gender-und-feminismen","category-menschenrechte","category-vielfalt","tag-lgbt-de","tag-nicht-binaere-menschen","tag-transsexualitat","tag-transsexuellengesetz"],"yoast_head":"<!-- This site is optimized with the Yoast SEO plugin v27.1.1 - https:\/\/yoast.com\/product\/yoast-seo-wordpress\/ -->\n<title>Reform des Transsexuellengesetzes geplant<\/title>\n<meta name=\"description\" content=\"Das Transsexuellengesetz von 1981 steht seit Jahren f\u00fcr seine menschenverachtenden Regelungen in der Kritik. Ganze Teile sind vom Bundesverfassungsgericht bereits f\u00fcr verfassungswidrig erkl\u00e4rt worden. Die gro\u00dfe Koalition legte nun einen Reform-Entwurf vor, der im Eilverfahren durchgewunken werden sollte. Bisher nicht einmal angeh\u00f6rte Verb\u00e4nde und AktivistInnen haben das Eilverfahren nun gestoppt und ihre Kritikpunkte eingebracht.\" \/>\n<meta name=\"robots\" content=\"index, follow, max-snippet:-1, max-image-preview:large, max-video-preview:-1\" \/>\n<link rel=\"canonical\" href=\"https:\/\/www.pressenza.com\/de\/2019\/05\/reform-des-transsexuellengesetzes-geplant\/\" \/>\n<meta property=\"og:locale\" content=\"de_DE\" \/>\n<meta property=\"og:type\" content=\"article\" \/>\n<meta property=\"og:title\" content=\"Reform des Transsexuellengesetzes geplant\" \/>\n<meta property=\"og:description\" content=\"Das Transsexuellengesetz von 1981 steht seit Jahren f\u00fcr seine menschenverachtenden Regelungen in der Kritik. Ganze Teile sind vom Bundesverfassungsgericht bereits f\u00fcr verfassungswidrig erkl\u00e4rt worden. Die gro\u00dfe Koalition legte nun einen Reform-Entwurf vor, der im Eilverfahren durchgewunken werden sollte. Bisher nicht einmal angeh\u00f6rte Verb\u00e4nde und AktivistInnen haben das Eilverfahren nun gestoppt und ihre Kritikpunkte eingebracht.\" \/>\n<meta property=\"og:url\" content=\"https:\/\/www.pressenza.com\/de\/2019\/05\/reform-des-transsexuellengesetzes-geplant\/\" \/>\n<meta property=\"og:site_name\" content=\"Pressenza\" \/>\n<meta property=\"article:publisher\" content=\"https:\/\/www.facebook.com\/PressenzaItalia\" \/>\n<meta property=\"article:author\" content=\"https:\/\/www.facebook.com\/hpd.de\" \/>\n<meta property=\"article:published_time\" content=\"2019-05-26T12:28:34+00:00\" \/>\n<meta property=\"og:image\" content=\"https:\/\/www.pressenza.com\/wp-content\/uploads\/2019\/05\/Reform_des_Transsexuellengesetzes_geplant.jpg\" \/>\n\t<meta property=\"og:image:width\" content=\"750\" \/>\n\t<meta property=\"og:image:height\" content=\"415\" \/>\n\t<meta property=\"og:image:type\" content=\"image\/jpeg\" \/>\n<meta name=\"author\" content=\"Humanistischer Pressedienst\" \/>\n<meta name=\"twitter:card\" content=\"summary_large_image\" \/>\n<meta name=\"twitter:creator\" content=\"@hpdticker\" \/>\n<meta name=\"twitter:site\" content=\"@PressenzaIPA\" \/>\n<meta name=\"twitter:label1\" content=\"Verfasst von\" \/>\n\t<meta name=\"twitter:data1\" content=\"Humanistischer Pressedienst\" \/>\n\t<meta name=\"twitter:label2\" content=\"Gesch\u00e4tzte Lesezeit\" \/>\n\t<meta name=\"twitter:data2\" content=\"2\u00a0Minuten\" \/>\n<script type=\"application\/ld+json\" class=\"yoast-schema-graph\">{\"@context\":\"https:\/\/schema.org\",\"@graph\":[{\"@type\":\"Article\",\"@id\":\"https:\/\/www.pressenza.com\/de\/2019\/05\/reform-des-transsexuellengesetzes-geplant\/#article\",\"isPartOf\":{\"@id\":\"https:\/\/www.pressenza.com\/de\/2019\/05\/reform-des-transsexuellengesetzes-geplant\/\"},\"author\":{\"name\":\"Humanistischer Pressedienst\",\"@id\":\"https:\/\/www.pressenza.com\/de\/#\/schema\/person\/38b1bb4060cd67df380552dfe740ee1c\"},\"headline\":\"Reform des Transsexuellengesetzes geplant\",\"datePublished\":\"2019-05-26T12:28:34+00:00\",\"mainEntityOfPage\":{\"@id\":\"https:\/\/www.pressenza.com\/de\/2019\/05\/reform-des-transsexuellengesetzes-geplant\/\"},\"wordCount\":384,\"publisher\":{\"@id\":\"https:\/\/www.pressenza.com\/de\/#organization\"},\"image\":{\"@id\":\"https:\/\/www.pressenza.com\/de\/2019\/05\/reform-des-transsexuellengesetzes-geplant\/#primaryimage\"},\"thumbnailUrl\":\"https:\/\/www.pressenza.com\/wp-content\/uploads\/2019\/05\/Reform_des_Transsexuellengesetzes_geplant.jpg\",\"keywords\":[\"LGBT\",\"nicht-bin\u00e4re Menschen\",\"transsexualit\u00e4t\",\"Transsexuellengesetz\"],\"articleSection\":[\"Gender und Feminismen\",\"Menschenrechte\",\"Vielfalt\"],\"inLanguage\":\"de\"},{\"@type\":\"WebPage\",\"@id\":\"https:\/\/www.pressenza.com\/de\/2019\/05\/reform-des-transsexuellengesetzes-geplant\/\",\"url\":\"https:\/\/www.pressenza.com\/de\/2019\/05\/reform-des-transsexuellengesetzes-geplant\/\",\"name\":\"Reform des Transsexuellengesetzes geplant\",\"isPartOf\":{\"@id\":\"https:\/\/www.pressenza.com\/de\/#website\"},\"primaryImageOfPage\":{\"@id\":\"https:\/\/www.pressenza.com\/de\/2019\/05\/reform-des-transsexuellengesetzes-geplant\/#primaryimage\"},\"image\":{\"@id\":\"https:\/\/www.pressenza.com\/de\/2019\/05\/reform-des-transsexuellengesetzes-geplant\/#primaryimage\"},\"thumbnailUrl\":\"https:\/\/www.pressenza.com\/wp-content\/uploads\/2019\/05\/Reform_des_Transsexuellengesetzes_geplant.jpg\",\"datePublished\":\"2019-05-26T12:28:34+00:00\",\"description\":\"Das Transsexuellengesetz von 1981 steht seit Jahren f\u00fcr seine menschenverachtenden Regelungen in der Kritik. Ganze Teile sind vom Bundesverfassungsgericht bereits f\u00fcr verfassungswidrig erkl\u00e4rt worden. Die gro\u00dfe Koalition legte nun einen Reform-Entwurf vor, der im Eilverfahren durchgewunken werden sollte. Bisher nicht einmal angeh\u00f6rte Verb\u00e4nde und AktivistInnen haben das Eilverfahren nun gestoppt und ihre Kritikpunkte eingebracht.\",\"breadcrumb\":{\"@id\":\"https:\/\/www.pressenza.com\/de\/2019\/05\/reform-des-transsexuellengesetzes-geplant\/#breadcrumb\"},\"inLanguage\":\"de\",\"potentialAction\":[{\"@type\":\"ReadAction\",\"target\":[\"https:\/\/www.pressenza.com\/de\/2019\/05\/reform-des-transsexuellengesetzes-geplant\/\"]}]},{\"@type\":\"ImageObject\",\"inLanguage\":\"de\",\"@id\":\"https:\/\/www.pressenza.com\/de\/2019\/05\/reform-des-transsexuellengesetzes-geplant\/#primaryimage\",\"url\":\"https:\/\/www.pressenza.com\/wp-content\/uploads\/2019\/05\/Reform_des_Transsexuellengesetzes_geplant.jpg\",\"contentUrl\":\"https:\/\/www.pressenza.com\/wp-content\/uploads\/2019\/05\/Reform_des_Transsexuellengesetzes_geplant.jpg\",\"width\":750,\"height\":415,\"caption\":\"Reform des Transsexuellengesetzes geplant\"},{\"@type\":\"BreadcrumbList\",\"@id\":\"https:\/\/www.pressenza.com\/de\/2019\/05\/reform-des-transsexuellengesetzes-geplant\/#breadcrumb\",\"itemListElement\":[{\"@type\":\"ListItem\",\"position\":1,\"name\":\"Accueil\",\"item\":\"https:\/\/www.pressenza.com\/de\/\"},{\"@type\":\"ListItem\",\"position\":2,\"name\":\"Reform des Transsexuellengesetzes geplant\"}]},{\"@type\":\"WebSite\",\"@id\":\"https:\/\/www.pressenza.com\/de\/#website\",\"url\":\"https:\/\/www.pressenza.com\/de\/\",\"name\":\"Pressenza\",\"description\":\"International Press Agency\",\"publisher\":{\"@id\":\"https:\/\/www.pressenza.com\/de\/#organization\"},\"potentialAction\":[{\"@type\":\"SearchAction\",\"target\":{\"@type\":\"EntryPoint\",\"urlTemplate\":\"https:\/\/www.pressenza.com\/de\/?s={search_term_string}\"},\"query-input\":{\"@type\":\"PropertyValueSpecification\",\"valueRequired\":true,\"valueName\":\"search_term_string\"}}],\"inLanguage\":\"de\"},{\"@type\":\"Organization\",\"@id\":\"https:\/\/www.pressenza.com\/de\/#organization\",\"name\":\"Pressenza\",\"url\":\"https:\/\/www.pressenza.com\/de\/\",\"logo\":{\"@type\":\"ImageObject\",\"inLanguage\":\"de\",\"@id\":\"https:\/\/www.pressenza.com\/de\/#\/schema\/logo\/image\/\",\"url\":\"https:\/\/www.pressenza.com\/wp-content\/uploads\/2022\/10\/pressenza_logo_200x200.jpg\",\"contentUrl\":\"https:\/\/www.pressenza.com\/wp-content\/uploads\/2022\/10\/pressenza_logo_200x200.jpg\",\"width\":200,\"height\":200,\"caption\":\"Pressenza\"},\"image\":{\"@id\":\"https:\/\/www.pressenza.com\/de\/#\/schema\/logo\/image\/\"},\"sameAs\":[\"https:\/\/www.facebook.com\/PressenzaItalia\",\"https:\/\/x.com\/PressenzaIPA\"]},{\"@type\":\"Person\",\"@id\":\"https:\/\/www.pressenza.com\/de\/#\/schema\/person\/38b1bb4060cd67df380552dfe740ee1c\",\"name\":\"Humanistischer Pressedienst\",\"description\":\"Der Humanistische Pressedienst (hpd) pr\u00e4sentiert aufkl\u00e4rerische, humanistische und freigeistige Positionen zu aktuellen Ereignissen. Das Internetportal will konfessionsfreien Menschen \u2013 in Deutschland ein Drittel der Bev\u00f6lkerung \u2013 eine Stimme geben. Der hpd versteht sich als Plattform f\u00fcr das breite Spektrum s\u00e4kularer Bestrebungen, mit deren Akteuren er bestens vernetzt ist und zu deren Meinungsbildung er beitragen m\u00f6chte. Artikel des Humanistischen Pressdienst auf Pressenza fallen nicht unter die Creative-Commons-Lizenz und d\u00fcrfen nur mit ausdr\u00fccklicher Zustimmung der Redaktion von hpd.de \u00fcbernommen werden.\",\"sameAs\":[\"https:\/\/www.facebook.com\/hpd.de\",\"https:\/\/x.com\/hpdticker\"],\"url\":\"https:\/\/www.pressenza.com\/de\/author\/humanistischer-pressedienst\/\"}]}<\/script>\n<!-- \/ Yoast SEO plugin. -->","yoast_head_json":{"title":"Reform des Transsexuellengesetzes geplant","description":"Das Transsexuellengesetz von 1981 steht seit Jahren f\u00fcr seine menschenverachtenden Regelungen in der Kritik. Ganze Teile sind vom Bundesverfassungsgericht bereits f\u00fcr verfassungswidrig erkl\u00e4rt worden. Die gro\u00dfe Koalition legte nun einen Reform-Entwurf vor, der im Eilverfahren durchgewunken werden sollte. Bisher nicht einmal angeh\u00f6rte Verb\u00e4nde und AktivistInnen haben das Eilverfahren nun gestoppt und ihre Kritikpunkte eingebracht.","robots":{"index":"index","follow":"follow","max-snippet":"max-snippet:-1","max-image-preview":"max-image-preview:large","max-video-preview":"max-video-preview:-1"},"canonical":"https:\/\/www.pressenza.com\/de\/2019\/05\/reform-des-transsexuellengesetzes-geplant\/","og_locale":"de_DE","og_type":"article","og_title":"Reform des Transsexuellengesetzes geplant","og_description":"Das Transsexuellengesetz von 1981 steht seit Jahren f\u00fcr seine menschenverachtenden Regelungen in der Kritik. Ganze Teile sind vom Bundesverfassungsgericht bereits f\u00fcr verfassungswidrig erkl\u00e4rt worden. Die gro\u00dfe Koalition legte nun einen Reform-Entwurf vor, der im Eilverfahren durchgewunken werden sollte. Bisher nicht einmal angeh\u00f6rte Verb\u00e4nde und AktivistInnen haben das Eilverfahren nun gestoppt und ihre Kritikpunkte eingebracht.","og_url":"https:\/\/www.pressenza.com\/de\/2019\/05\/reform-des-transsexuellengesetzes-geplant\/","og_site_name":"Pressenza","article_publisher":"https:\/\/www.facebook.com\/PressenzaItalia","article_author":"https:\/\/www.facebook.com\/hpd.de","article_published_time":"2019-05-26T12:28:34+00:00","og_image":[{"width":750,"height":415,"url":"https:\/\/www.pressenza.com\/wp-content\/uploads\/2019\/05\/Reform_des_Transsexuellengesetzes_geplant.jpg","type":"image\/jpeg"}],"author":"Humanistischer Pressedienst","twitter_card":"summary_large_image","twitter_creator":"@hpdticker","twitter_site":"@PressenzaIPA","twitter_misc":{"Verfasst von":"Humanistischer Pressedienst","Gesch\u00e4tzte Lesezeit":"2\u00a0Minuten"},"schema":{"@context":"https:\/\/schema.org","@graph":[{"@type":"Article","@id":"https:\/\/www.pressenza.com\/de\/2019\/05\/reform-des-transsexuellengesetzes-geplant\/#article","isPartOf":{"@id":"https:\/\/www.pressenza.com\/de\/2019\/05\/reform-des-transsexuellengesetzes-geplant\/"},"author":{"name":"Humanistischer Pressedienst","@id":"https:\/\/www.pressenza.com\/de\/#\/schema\/person\/38b1bb4060cd67df380552dfe740ee1c"},"headline":"Reform des Transsexuellengesetzes geplant","datePublished":"2019-05-26T12:28:34+00:00","mainEntityOfPage":{"@id":"https:\/\/www.pressenza.com\/de\/2019\/05\/reform-des-transsexuellengesetzes-geplant\/"},"wordCount":384,"publisher":{"@id":"https:\/\/www.pressenza.com\/de\/#organization"},"image":{"@id":"https:\/\/www.pressenza.com\/de\/2019\/05\/reform-des-transsexuellengesetzes-geplant\/#primaryimage"},"thumbnailUrl":"https:\/\/www.pressenza.com\/wp-content\/uploads\/2019\/05\/Reform_des_Transsexuellengesetzes_geplant.jpg","keywords":["LGBT","nicht-bin\u00e4re Menschen","transsexualit\u00e4t","Transsexuellengesetz"],"articleSection":["Gender und Feminismen","Menschenrechte","Vielfalt"],"inLanguage":"de"},{"@type":"WebPage","@id":"https:\/\/www.pressenza.com\/de\/2019\/05\/reform-des-transsexuellengesetzes-geplant\/","url":"https:\/\/www.pressenza.com\/de\/2019\/05\/reform-des-transsexuellengesetzes-geplant\/","name":"Reform des Transsexuellengesetzes geplant","isPartOf":{"@id":"https:\/\/www.pressenza.com\/de\/#website"},"primaryImageOfPage":{"@id":"https:\/\/www.pressenza.com\/de\/2019\/05\/reform-des-transsexuellengesetzes-geplant\/#primaryimage"},"image":{"@id":"https:\/\/www.pressenza.com\/de\/2019\/05\/reform-des-transsexuellengesetzes-geplant\/#primaryimage"},"thumbnailUrl":"https:\/\/www.pressenza.com\/wp-content\/uploads\/2019\/05\/Reform_des_Transsexuellengesetzes_geplant.jpg","datePublished":"2019-05-26T12:28:34+00:00","description":"Das Transsexuellengesetz von 1981 steht seit Jahren f\u00fcr seine menschenverachtenden Regelungen in der Kritik. Ganze Teile sind vom Bundesverfassungsgericht bereits f\u00fcr verfassungswidrig erkl\u00e4rt worden. Die gro\u00dfe Koalition legte nun einen Reform-Entwurf vor, der im Eilverfahren durchgewunken werden sollte. Bisher nicht einmal angeh\u00f6rte Verb\u00e4nde und AktivistInnen haben das Eilverfahren nun gestoppt und ihre Kritikpunkte eingebracht.","breadcrumb":{"@id":"https:\/\/www.pressenza.com\/de\/2019\/05\/reform-des-transsexuellengesetzes-geplant\/#breadcrumb"},"inLanguage":"de","potentialAction":[{"@type":"ReadAction","target":["https:\/\/www.pressenza.com\/de\/2019\/05\/reform-des-transsexuellengesetzes-geplant\/"]}]},{"@type":"ImageObject","inLanguage":"de","@id":"https:\/\/www.pressenza.com\/de\/2019\/05\/reform-des-transsexuellengesetzes-geplant\/#primaryimage","url":"https:\/\/www.pressenza.com\/wp-content\/uploads\/2019\/05\/Reform_des_Transsexuellengesetzes_geplant.jpg","contentUrl":"https:\/\/www.pressenza.com\/wp-content\/uploads\/2019\/05\/Reform_des_Transsexuellengesetzes_geplant.jpg","width":750,"height":415,"caption":"Reform des Transsexuellengesetzes geplant"},{"@type":"BreadcrumbList","@id":"https:\/\/www.pressenza.com\/de\/2019\/05\/reform-des-transsexuellengesetzes-geplant\/#breadcrumb","itemListElement":[{"@type":"ListItem","position":1,"name":"Accueil","item":"https:\/\/www.pressenza.com\/de\/"},{"@type":"ListItem","position":2,"name":"Reform des Transsexuellengesetzes geplant"}]},{"@type":"WebSite","@id":"https:\/\/www.pressenza.com\/de\/#website","url":"https:\/\/www.pressenza.com\/de\/","name":"Pressenza","description":"International Press Agency","publisher":{"@id":"https:\/\/www.pressenza.com\/de\/#organization"},"potentialAction":[{"@type":"SearchAction","target":{"@type":"EntryPoint","urlTemplate":"https:\/\/www.pressenza.com\/de\/?s={search_term_string}"},"query-input":{"@type":"PropertyValueSpecification","valueRequired":true,"valueName":"search_term_string"}}],"inLanguage":"de"},{"@type":"Organization","@id":"https:\/\/www.pressenza.com\/de\/#organization","name":"Pressenza","url":"https:\/\/www.pressenza.com\/de\/","logo":{"@type":"ImageObject","inLanguage":"de","@id":"https:\/\/www.pressenza.com\/de\/#\/schema\/logo\/image\/","url":"https:\/\/www.pressenza.com\/wp-content\/uploads\/2022\/10\/pressenza_logo_200x200.jpg","contentUrl":"https:\/\/www.pressenza.com\/wp-content\/uploads\/2022\/10\/pressenza_logo_200x200.jpg","width":200,"height":200,"caption":"Pressenza"},"image":{"@id":"https:\/\/www.pressenza.com\/de\/#\/schema\/logo\/image\/"},"sameAs":["https:\/\/www.facebook.com\/PressenzaItalia","https:\/\/x.com\/PressenzaIPA"]},{"@type":"Person","@id":"https:\/\/www.pressenza.com\/de\/#\/schema\/person\/38b1bb4060cd67df380552dfe740ee1c","name":"Humanistischer Pressedienst","description":"Der Humanistische Pressedienst (hpd) pr\u00e4sentiert aufkl\u00e4rerische, humanistische und freigeistige Positionen zu aktuellen Ereignissen. Das Internetportal will konfessionsfreien Menschen \u2013 in Deutschland ein Drittel der Bev\u00f6lkerung \u2013 eine Stimme geben. Der hpd versteht sich als Plattform f\u00fcr das breite Spektrum s\u00e4kularer Bestrebungen, mit deren Akteuren er bestens vernetzt ist und zu deren Meinungsbildung er beitragen m\u00f6chte. Artikel des Humanistischen Pressdienst auf Pressenza fallen nicht unter die Creative-Commons-Lizenz und d\u00fcrfen nur mit ausdr\u00fccklicher Zustimmung der Redaktion von hpd.de \u00fcbernommen werden.","sameAs":["https:\/\/www.facebook.com\/hpd.de","https:\/\/x.com\/hpdticker"],"url":"https:\/\/www.pressenza.com\/de\/author\/humanistischer-pressedienst\/"}]}},"place":"","original_article_url":"https:\/\/hpd.de\/artikel\/reform-des-transsexuellengesetzes-geplant-16830","_links":{"self":[{"href":"https:\/\/www.pressenza.com\/de\/wp-json\/wp\/v2\/posts\/861529","targetHints":{"allow":["GET"]}}],"collection":[{"href":"https:\/\/www.pressenza.com\/de\/wp-json\/wp\/v2\/posts"}],"about":[{"href":"https:\/\/www.pressenza.com\/de\/wp-json\/wp\/v2\/types\/post"}],"author":[{"embeddable":true,"href":"https:\/\/www.pressenza.com\/de\/wp-json\/wp\/v2\/users\/1163"}],"replies":[{"embeddable":true,"href":"https:\/\/www.pressenza.com\/de\/wp-json\/wp\/v2\/comments?post=861529"}],"version-history":[{"count":0,"href":"https:\/\/www.pressenza.com\/de\/wp-json\/wp\/v2\/posts\/861529\/revisions"}],"wp:featuredmedia":[{"embeddable":true,"href":"https:\/\/www.pressenza.com\/de\/wp-json\/wp\/v2\/media\/861531"}],"wp:attachment":[{"href":"https:\/\/www.pressenza.com\/de\/wp-json\/wp\/v2\/media?parent=861529"}],"wp:term":[{"taxonomy":"category","embeddable":true,"href":"https:\/\/www.pressenza.com\/de\/wp-json\/wp\/v2\/categories?post=861529"},{"taxonomy":"post_tag","embeddable":true,"href":"https:\/\/www.pressenza.com\/de\/wp-json\/wp\/v2\/tags?post=861529"}],"curies":[{"name":"wp","href":"https:\/\/api.w.org\/{rel}","templated":true}]}}