{"id":848415,"date":"2019-05-03T10:00:53","date_gmt":"2019-05-03T09:00:53","guid":{"rendered":"https:\/\/www.pressenza.com\/?p=848415"},"modified":"2019-05-03T10:00:53","modified_gmt":"2019-05-03T09:00:53","slug":"die-leidenschaft-zu-leben","status":"publish","type":"post","link":"https:\/\/www.pressenza.com\/de\/2019\/05\/die-leidenschaft-zu-leben\/","title":{"rendered":"Die Leidenschaft zu Leben"},"content":{"rendered":"<p style=\"text-align: right;\"><strong><em>Es gibt keinen Anfang und kein Ende, nur die unendliche Leidenschaft zu leben \u2013 und zu lieben. <\/em><\/strong><br \/>\n<strong><em><span class=\"su-quote-cite\">Federico Fellini (Filmemacher, 1920-1993), erg\u00e4nzt durch Gunther Moll<\/span><\/em><\/strong><\/p>\n<h4><strong>Biologie<\/strong><\/h4>\n<p>Wir Menschen fallen nicht fertig vom Himmel. Wir haben eine Millionen Jahre lange Vorgeschichte, die wir respektieren m\u00fcssen. Wir sind <a href=\"https:\/\/neue-debatte.com\/2018\/03\/25\/herausforderung-den-massenexodus-in-der-tier-und-pflanzenwelt-verhindern\/\" target=\"_blank\" rel=\"noopener\">abh\u00e4ngig von der Natur<\/a>, die wir nicht zerst\u00f6ren d\u00fcrfen. Unsere Gehirne m\u00fcssen alles erlernen. Laufen, Spielen, Sprechen, Lesen, Schreiben und Rechnen, das Zusammenleben und die Liebe.<\/p>\n<p>Wir sind nur gesund, wenn wir gesund leben. Wir k\u00f6nnen nur lieben, wenn wir in W\u00e4rme und Geborgenheit aufwachsen. Wir lernen nur das, was wir erfahren, erleben und tun. Wir sind nur mitmenschlich, wenn wir uns sicher f\u00fchlen und soziale Werte verinnerlicht haben.<\/p>\n<p>Wir achten nur die Natur, wenn sie unser vertrauter und gesch\u00e4tzter Lebensraum ist. Wir k\u00f6nnen nur zufrieden und gl\u00fccklich sein, wenn wir eigenst\u00e4ndig handeln, <a href=\"https:\/\/neue-debatte.com\/2017\/03\/28\/individuelle-souveraenitaet-und-ein-gesundes-gemeinwesen-foerdern\/\" target=\"_blank\" rel=\"noopener\">frei entscheiden<\/a> und bei allem, was unser Leben betrifft, mitbestimmen k\u00f6nnen. Wir sind f\u00fcr das Selber machen, f\u00fcr Mitbestimmen und f\u00fcr die Freiheit geboren. Dies ist unsere Biologie. Zu jeder Zeit.<\/p>\n<h4><strong>Rechte<\/strong><\/h4>\n<p>Wir Menschen k\u00f6nnen nicht einfach das tun, was wir uns ausdenken. Wir d\u00fcrfen nicht \u00fcber andere bestimmen, auch nicht \u00fcber Kinder. Wir haben rechtliche Vorgaben, die einzuhalten sind. Wir haben das Grundgesetz, <a href=\"https:\/\/www.amnesty.de\/alle-30-artikel-der-allgemeinen-erklaerung-der-menschenrechte\" target=\"_blank\" rel=\"noopener noreferrer\">die Allgemeinen Menschenrechte<\/a> und die Vorgaben der UN-Kinderrechtskonvention, die vom Staat und seinen Politiker*innen gew\u00e4hrleistet werden m\u00fcssen.<\/p>\n<p>Dazu geh\u00f6ren eine Kindheit mit Zeit, Gl\u00fcck, Liebe und Verst\u00e4ndnis, eine gesunde und reichhaltige Natur, eine Wirtschaft, die dem Gemeinwohl und der Erh\u00f6hung der Lebenshaltung aller verpflichtet ist sowie ein Lebensabend in W\u00fcrde und gr\u00f6\u00dftm\u00f6glicher Selbstbestimmung. Das sind unsere Rechte. Von klein auf, vom Anfang bis zum Ende.<\/p>\n<h4><strong>Politik<\/strong><\/h4>\n<p>Wenn wir unsere Biologie und unsere Rechte missachten, werden wir ungl\u00fccklich und krank, unsere Gesellschaft unmenschlich und kalt sowie unsere Umwelt leblos und triste.<\/p>\n<p>Es gibt eine Politik, die uns Menschen und der Natur gem\u00e4\u00df ist. Eine Politik f\u00fcr alle B\u00fcrger*innen f\u00fcr ein Leben in Gesundheit, Freiheit, Verantwortung und Selbstbestimmung. Eine <a href=\"https:\/\/neue-debatte.com\/2019\/02\/07\/die-gemeinwohl-oekonomie\/\" target=\"_blank\" rel=\"noopener\">Politik f\u00fcr das Gemeinwohl<\/a> und die Menschlichkeit, f\u00fcr die Natur und den Frieden. Diese Politik handelt nach drei Maximen:<\/p>\n<p><strong>Sie dient in allem dem Menschen, sie dient in allem der Natur und sie dient in allem dem Frieden.<\/strong><\/p>\n<p>Hierzu k\u00f6nnen wir durch unsere Art zu leben beitragen. Durch das, was das Leben ausmacht, Leidenschaft und Liebe.<\/p>\n<hr \/>\n<p><em><strong>Professor Dr. Gunther Moll<\/strong> ist Leiter der Kinder- und Jugendabteilung f\u00fcr Psychische Gesundheit am Universit\u00e4tsklinikum Erlangen. Er setzt sich f\u00fcr die Rechte der Kinder ein. Gemeinsam mit seinem Sohn Benjamin ver\u00f6ffentlichte er 2012 im Papeto Verlag das Buch &#8222;DieKinderwagenRevolution&#8220; und 2016 &#8222;Der Umbruch: Wie Kinder, Eltern und Gro\u00dfeltern unser Land ver\u00e4nderten&#8220;. 2018 publizierte er zusammen mit Sarah Benecke und G\u00fcnter Grzega &#8222;Die Vorstufe zum Paradies f\u00fcr uns alle&#8220;. Gunther Moll ist politisch aktiv. F\u00fcr die Freie W\u00e4hlergemeinschaft Erlangen ist er im Stadtrat.<\/em><\/p>\n","protected":false},"excerpt":{"rendered":"<p>Es gibt keinen Anfang und kein Ende, nur die unendliche Leidenschaft zu leben \u2013 und zu lieben. Federico Fellini (Filmemacher, 1920-1993), erg\u00e4nzt durch Gunther Moll Biologie Wir Menschen fallen nicht fertig vom Himmel. Wir haben eine Millionen Jahre lange Vorgeschichte,&hellip;<\/p>\n","protected":false},"author":1342,"featured_media":848419,"comment_status":"closed","ping_status":"closed","sticky":false,"template":"","format":"standard","meta":{"footnotes":""},"categories":[9162,9143,9157],"tags":[10609,9262,48196,34238,55323],"class_list":["post-848415","post","type-post","status-publish","format-standard","has-post-thumbnail","hentry","category-humanismus-und-spiritualitaet","category-meinungen","category-oekologie-und-umwelt","tag-bildung","tag-frieden","tag-gemeinwohl","tag-gesundheit","tag-gunther-moll"],"yoast_head":"<!-- This site is optimized with the Yoast SEO plugin v27.1.1 - https:\/\/yoast.com\/product\/yoast-seo-wordpress\/ -->\n<title>Die Leidenschaft zu Leben<\/title>\n<meta name=\"description\" content=\"Es gibt eine Politik, die uns Menschen und der Natur gem\u00e4\u00df ist. Eine Politik f\u00fcr alle B\u00fcrger*innen f\u00fcr ein Leben in Gesundheit, Freiheit, Verantwortung und Selbstbestimmung. Eine Politik f\u00fcr das Gemeinwohl und die Menschlichkeit, f\u00fcr die Natur und den Frieden.\" \/>\n<meta name=\"robots\" content=\"index, follow, max-snippet:-1, max-image-preview:large, max-video-preview:-1\" \/>\n<link rel=\"canonical\" href=\"https:\/\/www.pressenza.com\/de\/2019\/05\/die-leidenschaft-zu-leben\/\" \/>\n<meta property=\"og:locale\" content=\"de_DE\" \/>\n<meta property=\"og:type\" content=\"article\" \/>\n<meta property=\"og:title\" content=\"Die Leidenschaft zu Leben\" \/>\n<meta property=\"og:description\" content=\"Es gibt eine Politik, die uns Menschen und der Natur gem\u00e4\u00df ist. Eine Politik f\u00fcr alle B\u00fcrger*innen f\u00fcr ein Leben in Gesundheit, Freiheit, Verantwortung und Selbstbestimmung. Eine Politik f\u00fcr das Gemeinwohl und die Menschlichkeit, f\u00fcr die Natur und den Frieden.\" \/>\n<meta property=\"og:url\" content=\"https:\/\/www.pressenza.com\/de\/2019\/05\/die-leidenschaft-zu-leben\/\" \/>\n<meta property=\"og:site_name\" content=\"Pressenza\" \/>\n<meta property=\"article:publisher\" content=\"https:\/\/www.facebook.com\/PressenzaItalia\" \/>\n<meta property=\"article:published_time\" content=\"2019-05-03T09:00:53+00:00\" \/>\n<meta property=\"og:image\" content=\"https:\/\/www.pressenza.com\/wp-content\/uploads\/2019\/04\/Die_Leidenschaft_zu_leben.jpg\" \/>\n\t<meta property=\"og:image:width\" content=\"750\" \/>\n\t<meta property=\"og:image:height\" content=\"500\" \/>\n\t<meta property=\"og:image:type\" content=\"image\/jpeg\" \/>\n<meta name=\"author\" content=\"Neue Debatte\" \/>\n<meta name=\"twitter:card\" content=\"summary_large_image\" \/>\n<meta name=\"twitter:creator\" content=\"@PressenzaIPA\" \/>\n<meta name=\"twitter:site\" content=\"@PressenzaIPA\" \/>\n<meta name=\"twitter:label1\" content=\"Verfasst von\" \/>\n\t<meta name=\"twitter:data1\" content=\"Neue Debatte\" \/>\n\t<meta name=\"twitter:label2\" content=\"Gesch\u00e4tzte Lesezeit\" \/>\n\t<meta name=\"twitter:data2\" content=\"3\u00a0Minuten\" \/>\n<script type=\"application\/ld+json\" class=\"yoast-schema-graph\">{\"@context\":\"https:\/\/schema.org\",\"@graph\":[{\"@type\":\"Article\",\"@id\":\"https:\/\/www.pressenza.com\/de\/2019\/05\/die-leidenschaft-zu-leben\/#article\",\"isPartOf\":{\"@id\":\"https:\/\/www.pressenza.com\/de\/2019\/05\/die-leidenschaft-zu-leben\/\"},\"author\":{\"name\":\"Neue Debatte\",\"@id\":\"https:\/\/www.pressenza.com\/de\/#\/schema\/person\/b816344ee166a2736c48a20c4b9ad2a9\"},\"headline\":\"Die Leidenschaft zu Leben\",\"datePublished\":\"2019-05-03T09:00:53+00:00\",\"mainEntityOfPage\":{\"@id\":\"https:\/\/www.pressenza.com\/de\/2019\/05\/die-leidenschaft-zu-leben\/\"},\"wordCount\":505,\"publisher\":{\"@id\":\"https:\/\/www.pressenza.com\/de\/#organization\"},\"image\":{\"@id\":\"https:\/\/www.pressenza.com\/de\/2019\/05\/die-leidenschaft-zu-leben\/#primaryimage\"},\"thumbnailUrl\":\"https:\/\/www.pressenza.com\/wp-content\/uploads\/2019\/04\/Die_Leidenschaft_zu_leben.jpg\",\"keywords\":[\"Bildung\",\"Frieden\",\"Gemeinwohl\",\"Gesundheit\",\"Gunther Moll\"],\"articleSection\":[\"Humanismus und Spiritualit\u00e4t\",\"Meinungen\",\"\u00d6kologie und Umwelt\"],\"inLanguage\":\"de\"},{\"@type\":\"WebPage\",\"@id\":\"https:\/\/www.pressenza.com\/de\/2019\/05\/die-leidenschaft-zu-leben\/\",\"url\":\"https:\/\/www.pressenza.com\/de\/2019\/05\/die-leidenschaft-zu-leben\/\",\"name\":\"Die Leidenschaft zu Leben\",\"isPartOf\":{\"@id\":\"https:\/\/www.pressenza.com\/de\/#website\"},\"primaryImageOfPage\":{\"@id\":\"https:\/\/www.pressenza.com\/de\/2019\/05\/die-leidenschaft-zu-leben\/#primaryimage\"},\"image\":{\"@id\":\"https:\/\/www.pressenza.com\/de\/2019\/05\/die-leidenschaft-zu-leben\/#primaryimage\"},\"thumbnailUrl\":\"https:\/\/www.pressenza.com\/wp-content\/uploads\/2019\/04\/Die_Leidenschaft_zu_leben.jpg\",\"datePublished\":\"2019-05-03T09:00:53+00:00\",\"description\":\"Es gibt eine Politik, die uns Menschen und der Natur gem\u00e4\u00df ist. Eine Politik f\u00fcr alle B\u00fcrger*innen f\u00fcr ein Leben in Gesundheit, Freiheit, Verantwortung und Selbstbestimmung. Eine Politik f\u00fcr das Gemeinwohl und die Menschlichkeit, f\u00fcr die Natur und den Frieden.\",\"breadcrumb\":{\"@id\":\"https:\/\/www.pressenza.com\/de\/2019\/05\/die-leidenschaft-zu-leben\/#breadcrumb\"},\"inLanguage\":\"de\",\"potentialAction\":[{\"@type\":\"ReadAction\",\"target\":[\"https:\/\/www.pressenza.com\/de\/2019\/05\/die-leidenschaft-zu-leben\/\"]}]},{\"@type\":\"ImageObject\",\"inLanguage\":\"de\",\"@id\":\"https:\/\/www.pressenza.com\/de\/2019\/05\/die-leidenschaft-zu-leben\/#primaryimage\",\"url\":\"https:\/\/www.pressenza.com\/wp-content\/uploads\/2019\/04\/Die_Leidenschaft_zu_leben.jpg\",\"contentUrl\":\"https:\/\/www.pressenza.com\/wp-content\/uploads\/2019\/04\/Die_Leidenschaft_zu_leben.jpg\",\"width\":750,\"height\":500},{\"@type\":\"BreadcrumbList\",\"@id\":\"https:\/\/www.pressenza.com\/de\/2019\/05\/die-leidenschaft-zu-leben\/#breadcrumb\",\"itemListElement\":[{\"@type\":\"ListItem\",\"position\":1,\"name\":\"Accueil\",\"item\":\"https:\/\/www.pressenza.com\/de\/\"},{\"@type\":\"ListItem\",\"position\":2,\"name\":\"Die Leidenschaft zu Leben\"}]},{\"@type\":\"WebSite\",\"@id\":\"https:\/\/www.pressenza.com\/de\/#website\",\"url\":\"https:\/\/www.pressenza.com\/de\/\",\"name\":\"Pressenza\",\"description\":\"International Press Agency\",\"publisher\":{\"@id\":\"https:\/\/www.pressenza.com\/de\/#organization\"},\"potentialAction\":[{\"@type\":\"SearchAction\",\"target\":{\"@type\":\"EntryPoint\",\"urlTemplate\":\"https:\/\/www.pressenza.com\/de\/?s={search_term_string}\"},\"query-input\":{\"@type\":\"PropertyValueSpecification\",\"valueRequired\":true,\"valueName\":\"search_term_string\"}}],\"inLanguage\":\"de\"},{\"@type\":\"Organization\",\"@id\":\"https:\/\/www.pressenza.com\/de\/#organization\",\"name\":\"Pressenza\",\"url\":\"https:\/\/www.pressenza.com\/de\/\",\"logo\":{\"@type\":\"ImageObject\",\"inLanguage\":\"de\",\"@id\":\"https:\/\/www.pressenza.com\/de\/#\/schema\/logo\/image\/\",\"url\":\"https:\/\/www.pressenza.com\/wp-content\/uploads\/2022\/10\/pressenza_logo_200x200.jpg\",\"contentUrl\":\"https:\/\/www.pressenza.com\/wp-content\/uploads\/2022\/10\/pressenza_logo_200x200.jpg\",\"width\":200,\"height\":200,\"caption\":\"Pressenza\"},\"image\":{\"@id\":\"https:\/\/www.pressenza.com\/de\/#\/schema\/logo\/image\/\"},\"sameAs\":[\"https:\/\/www.facebook.com\/PressenzaItalia\",\"https:\/\/x.com\/PressenzaIPA\"]},{\"@type\":\"Person\",\"@id\":\"https:\/\/www.pressenza.com\/de\/#\/schema\/person\/b816344ee166a2736c48a20c4b9ad2a9\",\"name\":\"Neue Debatte\",\"description\":\"Magazin f\u00fcr Menschen, Kultur und Gesellschaft www.neue-debatte.de\",\"url\":\"https:\/\/www.pressenza.com\/de\/author\/neue-debatte\/\"}]}<\/script>\n<!-- \/ Yoast SEO plugin. -->","yoast_head_json":{"title":"Die Leidenschaft zu Leben","description":"Es gibt eine Politik, die uns Menschen und der Natur gem\u00e4\u00df ist. Eine Politik f\u00fcr alle B\u00fcrger*innen f\u00fcr ein Leben in Gesundheit, Freiheit, Verantwortung und Selbstbestimmung. Eine Politik f\u00fcr das Gemeinwohl und die Menschlichkeit, f\u00fcr die Natur und den Frieden.","robots":{"index":"index","follow":"follow","max-snippet":"max-snippet:-1","max-image-preview":"max-image-preview:large","max-video-preview":"max-video-preview:-1"},"canonical":"https:\/\/www.pressenza.com\/de\/2019\/05\/die-leidenschaft-zu-leben\/","og_locale":"de_DE","og_type":"article","og_title":"Die Leidenschaft zu Leben","og_description":"Es gibt eine Politik, die uns Menschen und der Natur gem\u00e4\u00df ist. Eine Politik f\u00fcr alle B\u00fcrger*innen f\u00fcr ein Leben in Gesundheit, Freiheit, Verantwortung und Selbstbestimmung. Eine Politik f\u00fcr das Gemeinwohl und die Menschlichkeit, f\u00fcr die Natur und den Frieden.","og_url":"https:\/\/www.pressenza.com\/de\/2019\/05\/die-leidenschaft-zu-leben\/","og_site_name":"Pressenza","article_publisher":"https:\/\/www.facebook.com\/PressenzaItalia","article_published_time":"2019-05-03T09:00:53+00:00","og_image":[{"width":750,"height":500,"url":"https:\/\/www.pressenza.com\/wp-content\/uploads\/2019\/04\/Die_Leidenschaft_zu_leben.jpg","type":"image\/jpeg"}],"author":"Neue Debatte","twitter_card":"summary_large_image","twitter_creator":"@PressenzaIPA","twitter_site":"@PressenzaIPA","twitter_misc":{"Verfasst von":"Neue Debatte","Gesch\u00e4tzte Lesezeit":"3\u00a0Minuten"},"schema":{"@context":"https:\/\/schema.org","@graph":[{"@type":"Article","@id":"https:\/\/www.pressenza.com\/de\/2019\/05\/die-leidenschaft-zu-leben\/#article","isPartOf":{"@id":"https:\/\/www.pressenza.com\/de\/2019\/05\/die-leidenschaft-zu-leben\/"},"author":{"name":"Neue Debatte","@id":"https:\/\/www.pressenza.com\/de\/#\/schema\/person\/b816344ee166a2736c48a20c4b9ad2a9"},"headline":"Die Leidenschaft zu Leben","datePublished":"2019-05-03T09:00:53+00:00","mainEntityOfPage":{"@id":"https:\/\/www.pressenza.com\/de\/2019\/05\/die-leidenschaft-zu-leben\/"},"wordCount":505,"publisher":{"@id":"https:\/\/www.pressenza.com\/de\/#organization"},"image":{"@id":"https:\/\/www.pressenza.com\/de\/2019\/05\/die-leidenschaft-zu-leben\/#primaryimage"},"thumbnailUrl":"https:\/\/www.pressenza.com\/wp-content\/uploads\/2019\/04\/Die_Leidenschaft_zu_leben.jpg","keywords":["Bildung","Frieden","Gemeinwohl","Gesundheit","Gunther Moll"],"articleSection":["Humanismus und Spiritualit\u00e4t","Meinungen","\u00d6kologie und Umwelt"],"inLanguage":"de"},{"@type":"WebPage","@id":"https:\/\/www.pressenza.com\/de\/2019\/05\/die-leidenschaft-zu-leben\/","url":"https:\/\/www.pressenza.com\/de\/2019\/05\/die-leidenschaft-zu-leben\/","name":"Die Leidenschaft zu Leben","isPartOf":{"@id":"https:\/\/www.pressenza.com\/de\/#website"},"primaryImageOfPage":{"@id":"https:\/\/www.pressenza.com\/de\/2019\/05\/die-leidenschaft-zu-leben\/#primaryimage"},"image":{"@id":"https:\/\/www.pressenza.com\/de\/2019\/05\/die-leidenschaft-zu-leben\/#primaryimage"},"thumbnailUrl":"https:\/\/www.pressenza.com\/wp-content\/uploads\/2019\/04\/Die_Leidenschaft_zu_leben.jpg","datePublished":"2019-05-03T09:00:53+00:00","description":"Es gibt eine Politik, die uns Menschen und der Natur gem\u00e4\u00df ist. Eine Politik f\u00fcr alle B\u00fcrger*innen f\u00fcr ein Leben in Gesundheit, Freiheit, Verantwortung und Selbstbestimmung. Eine Politik f\u00fcr das Gemeinwohl und die Menschlichkeit, f\u00fcr die Natur und den Frieden.","breadcrumb":{"@id":"https:\/\/www.pressenza.com\/de\/2019\/05\/die-leidenschaft-zu-leben\/#breadcrumb"},"inLanguage":"de","potentialAction":[{"@type":"ReadAction","target":["https:\/\/www.pressenza.com\/de\/2019\/05\/die-leidenschaft-zu-leben\/"]}]},{"@type":"ImageObject","inLanguage":"de","@id":"https:\/\/www.pressenza.com\/de\/2019\/05\/die-leidenschaft-zu-leben\/#primaryimage","url":"https:\/\/www.pressenza.com\/wp-content\/uploads\/2019\/04\/Die_Leidenschaft_zu_leben.jpg","contentUrl":"https:\/\/www.pressenza.com\/wp-content\/uploads\/2019\/04\/Die_Leidenschaft_zu_leben.jpg","width":750,"height":500},{"@type":"BreadcrumbList","@id":"https:\/\/www.pressenza.com\/de\/2019\/05\/die-leidenschaft-zu-leben\/#breadcrumb","itemListElement":[{"@type":"ListItem","position":1,"name":"Accueil","item":"https:\/\/www.pressenza.com\/de\/"},{"@type":"ListItem","position":2,"name":"Die Leidenschaft zu Leben"}]},{"@type":"WebSite","@id":"https:\/\/www.pressenza.com\/de\/#website","url":"https:\/\/www.pressenza.com\/de\/","name":"Pressenza","description":"International Press Agency","publisher":{"@id":"https:\/\/www.pressenza.com\/de\/#organization"},"potentialAction":[{"@type":"SearchAction","target":{"@type":"EntryPoint","urlTemplate":"https:\/\/www.pressenza.com\/de\/?s={search_term_string}"},"query-input":{"@type":"PropertyValueSpecification","valueRequired":true,"valueName":"search_term_string"}}],"inLanguage":"de"},{"@type":"Organization","@id":"https:\/\/www.pressenza.com\/de\/#organization","name":"Pressenza","url":"https:\/\/www.pressenza.com\/de\/","logo":{"@type":"ImageObject","inLanguage":"de","@id":"https:\/\/www.pressenza.com\/de\/#\/schema\/logo\/image\/","url":"https:\/\/www.pressenza.com\/wp-content\/uploads\/2022\/10\/pressenza_logo_200x200.jpg","contentUrl":"https:\/\/www.pressenza.com\/wp-content\/uploads\/2022\/10\/pressenza_logo_200x200.jpg","width":200,"height":200,"caption":"Pressenza"},"image":{"@id":"https:\/\/www.pressenza.com\/de\/#\/schema\/logo\/image\/"},"sameAs":["https:\/\/www.facebook.com\/PressenzaItalia","https:\/\/x.com\/PressenzaIPA"]},{"@type":"Person","@id":"https:\/\/www.pressenza.com\/de\/#\/schema\/person\/b816344ee166a2736c48a20c4b9ad2a9","name":"Neue Debatte","description":"Magazin f\u00fcr Menschen, Kultur und Gesellschaft www.neue-debatte.de","url":"https:\/\/www.pressenza.com\/de\/author\/neue-debatte\/"}]}},"place":"Gunther Moll","original_article_url":"https:\/\/neue-debatte.com\/2019\/04\/27\/die-leidenschaft-zu-leben\/","_links":{"self":[{"href":"https:\/\/www.pressenza.com\/de\/wp-json\/wp\/v2\/posts\/848415","targetHints":{"allow":["GET"]}}],"collection":[{"href":"https:\/\/www.pressenza.com\/de\/wp-json\/wp\/v2\/posts"}],"about":[{"href":"https:\/\/www.pressenza.com\/de\/wp-json\/wp\/v2\/types\/post"}],"author":[{"embeddable":true,"href":"https:\/\/www.pressenza.com\/de\/wp-json\/wp\/v2\/users\/1342"}],"replies":[{"embeddable":true,"href":"https:\/\/www.pressenza.com\/de\/wp-json\/wp\/v2\/comments?post=848415"}],"version-history":[{"count":0,"href":"https:\/\/www.pressenza.com\/de\/wp-json\/wp\/v2\/posts\/848415\/revisions"}],"wp:featuredmedia":[{"embeddable":true,"href":"https:\/\/www.pressenza.com\/de\/wp-json\/wp\/v2\/media\/848419"}],"wp:attachment":[{"href":"https:\/\/www.pressenza.com\/de\/wp-json\/wp\/v2\/media?parent=848415"}],"wp:term":[{"taxonomy":"category","embeddable":true,"href":"https:\/\/www.pressenza.com\/de\/wp-json\/wp\/v2\/categories?post=848415"},{"taxonomy":"post_tag","embeddable":true,"href":"https:\/\/www.pressenza.com\/de\/wp-json\/wp\/v2\/tags?post=848415"}],"curies":[{"name":"wp","href":"https:\/\/api.w.org\/{rel}","templated":true}]}}