{"id":847063,"date":"2019-04-27T17:53:02","date_gmt":"2019-04-27T16:53:02","guid":{"rendered":"https:\/\/www.pressenza.com\/?p=847063"},"modified":"2019-04-27T17:54:04","modified_gmt":"2019-04-27T16:54:04","slug":"gelbwesten-akt-24-macrons-zugestaendnisse-loesen-die-krise-nicht","status":"publish","type":"post","link":"https:\/\/www.pressenza.com\/de\/2019\/04\/gelbwesten-akt-24-macrons-zugestaendnisse-loesen-die-krise-nicht\/","title":{"rendered":"Gelbwesten Akt 24: Macrons Zugest\u00e4ndnisse l\u00f6sen die Krise nicht"},"content":{"rendered":"<p><strong>Heute Akt 24. 80% der Franzosen sch\u00e4tzen laut Umfrage, dass Macron mit seiner Rede den sozialen Konflikt und die Gelbwestenbewegung nicht gestoppt, ja nicht einmal beruhigt hat.<\/strong><\/p>\n<p>Seine bisherigen Zugest\u00e4ndnisse an die Gelbwestenbewegung m\u00f6gen verglichen mit den Erfolgen deutscher Protestbewegungen imposant erscheinen und deutlich machen, dass konsequentes k\u00e4mpfen sich lohnt. Aber es ist f\u00fcr die Menschen unter dem Strich ein Tropfen auf den hei\u00dfen Stein. Macron h\u00e4lt an seinem marktradikalen neoliberalen und antidemokratischen Kurs fest. Weder die Verm\u00f6genssteuer wird wieder eingef\u00fchrt noch den Forderungen nach einer erneuerten demokratischen Republik mit wirklichem Einfluss der &#8222;Citoyen&#8220; wird substantiell entgegengekommen. Stattdessen gibt es dieses Wochenende neben dem Zuckerbrot die Peitsche noch mal eine Spur heftiger!<\/p>\n<p><img loading=\"lazy\" decoding=\"async\" class=\"aligncenter wp-image-847074\" src=\"https:\/\/www.pressenza.com\/wp-content\/uploads\/2019\/04\/D5FNVHOWsAAZGEj-720x496.jpg\" alt=\"Gelbwesten Akt 24: Macrons Zugest\u00e4ndnisse l\u00f6sen die Krise nicht\" width=\"758\" height=\"522\" srcset=\"https:\/\/www.pressenza.com\/wp-content\/uploads\/2019\/04\/D5FNVHOWsAAZGEj-720x496.jpg 720w, https:\/\/www.pressenza.com\/wp-content\/uploads\/2019\/04\/D5FNVHOWsAAZGEj-300x207.jpg 300w, https:\/\/www.pressenza.com\/wp-content\/uploads\/2019\/04\/D5FNVHOWsAAZGEj-768x529.jpg 768w, https:\/\/www.pressenza.com\/wp-content\/uploads\/2019\/04\/D5FNVHOWsAAZGEj.jpg 960w\" sizes=\"auto, (max-width: 758px) 100vw, 758px\" \/><\/p>\n<p>F\u00fcr heute k\u00fcndigen seine Chargen den massiven Einsatz von Polizeihunden an und stellen den Teilnehmern der Demonstrationen das Risiko in Aussicht, von diesen abgerichteten aggressiven Kampfmaschinen bei lebendigem Leib zerfetzt zu werden. Inhumaner kann eigentlich nur noch die Androhung \u00f6ffentlicher Folter (oder Steinigung wie unter Macrons pers\u00f6nlichem Freund in Saudi-Arabien) mit m\u00f6glicher Todesfolge sein.<\/p>\n<p>Das richtet sich auch gegen alle Gewerkschafter, die angek\u00fcndigt haben, sich heute aus Solidarit\u00e4t f\u00fcr den Ersten Mai &#8222;warmlaufen&#8220; zu wollen. Und damit jeder sieht, dass es keine leere Drohung ist, kamen die Hunde auch schon diese Nacht zum Einsatz (siehe Bild). Mutig, wer sich unter solchen Umst\u00e4nden noch auf die Stra\u00dfe traut. Mein Respekt f\u00fcr jeden der dies tut. Je mehr es sind, umso weniger k\u00f6nnen diese Einsch\u00fcchterungen, wie schon in den vergangenen Wochen, greifen. Aber Macron ist inzwischen JEDES Mittel recht, die Demonstrationen und den Protest gegen seine Politik niederzuschlagen. Wer meint, durch die Wahl Macrons oder einer seiner neoliberalen Freunde einen Rechtsruck verhindern zu k\u00f6nnen, wird durch die Ereignisse in Frankreich eines besseres belehrt.<\/p>\n<p>Zwei wichtige Ereignisse, neben dem Aufruf etlicher Gewerkschaftseinheiten zur Teilnahme, sind bei Akt 24:<\/p>\n<ul>\n<li>Der bisher auf Paris begrenzte Streik in den Notstandskliniken breitet sich landesweit aus.<\/li>\n<li>In Stra\u00dfburg findet eine internationale Gelbwesten Europa Aktion statt.<\/li>\n<\/ul>\n<p><img loading=\"lazy\" decoding=\"async\" class=\"aligncenter wp-image-847087\" src=\"https:\/\/www.pressenza.com\/wp-content\/uploads\/2019\/04\/58378519_2187474011320771_620240809945464832_n.jpg\" alt=\"Gelbwesten Akt 24: Macrons Zugest\u00e4ndnisse l\u00f6sen die Krise nicht\" width=\"749\" height=\"400\" srcset=\"https:\/\/www.pressenza.com\/wp-content\/uploads\/2019\/04\/58378519_2187474011320771_620240809945464832_n.jpg 320w, https:\/\/www.pressenza.com\/wp-content\/uploads\/2019\/04\/58378519_2187474011320771_620240809945464832_n-300x160.jpg 300w\" sizes=\"auto, (max-width: 749px) 100vw, 749px\" \/><\/p>\n","protected":false},"excerpt":{"rendered":"<p>Heute Akt 24. 80% der Franzosen sch\u00e4tzen laut Umfrage, dass Macron mit seiner Rede den sozialen Konflikt und die Gelbwestenbewegung nicht gestoppt, ja nicht einmal beruhigt hat. Seine bisherigen Zugest\u00e4ndnisse an die Gelbwestenbewegung m\u00f6gen verglichen mit den Erfolgen deutscher Protestbewegungen&hellip;<\/p>\n","protected":false},"author":1095,"featured_media":847064,"comment_status":"closed","ping_status":"closed","sticky":false,"template":"","format":"standard","meta":{"footnotes":""},"categories":[9150,9143,11387,9168],"tags":[52609,15291,52608,53081,9676],"class_list":["post-847063","post","type-post","status-publish","format-standard","has-post-thumbnail","hentry","category-europa-de","category-meinungen","category-originalinhalt","category-politik","tag-emanuelle-macron","tag-frankreich","tag-gelbwesten","tag-protestbewegung","tag-soziale-proteste"],"yoast_head":"<!-- This site is optimized with the Yoast SEO plugin v27.1.1 - https:\/\/yoast.com\/product\/yoast-seo-wordpress\/ -->\n<title>Gelbwesten Akt 24: Macrons Zugest\u00e4ndnisse l\u00f6sen die Krise nicht<\/title>\n<meta name=\"description\" content=\"Heute Akt 24. 80% der Franzosen sch\u00e4tzen laut Umfrage, dass Macron mit seiner Rede den sozialen Konflikt und die Gelbwestenbewegung nicht gestoppt, ja nicht einmal beruhigt hat.\" \/>\n<meta name=\"robots\" content=\"index, follow, max-snippet:-1, max-image-preview:large, max-video-preview:-1\" \/>\n<link rel=\"canonical\" href=\"https:\/\/www.pressenza.com\/de\/2019\/04\/gelbwesten-akt-24-macrons-zugestaendnisse-loesen-die-krise-nicht\/\" \/>\n<meta property=\"og:locale\" content=\"de_DE\" \/>\n<meta property=\"og:type\" content=\"article\" \/>\n<meta property=\"og:title\" content=\"Gelbwesten Akt 24: Macrons Zugest\u00e4ndnisse l\u00f6sen die Krise nicht\" \/>\n<meta property=\"og:description\" content=\"Heute Akt 24. 80% der Franzosen sch\u00e4tzen laut Umfrage, dass Macron mit seiner Rede den sozialen Konflikt und die Gelbwestenbewegung nicht gestoppt, ja nicht einmal beruhigt hat.\" \/>\n<meta property=\"og:url\" content=\"https:\/\/www.pressenza.com\/de\/2019\/04\/gelbwesten-akt-24-macrons-zugestaendnisse-loesen-die-krise-nicht\/\" \/>\n<meta property=\"og:site_name\" content=\"Pressenza\" \/>\n<meta property=\"article:publisher\" content=\"https:\/\/www.facebook.com\/PressenzaItalia\" \/>\n<meta property=\"article:author\" content=\"https:\/\/www.facebook.com\/Pressenza-Deutschland-sterreich-Schweiz-281675388658060\/timeline\/\" \/>\n<meta property=\"article:published_time\" content=\"2019-04-27T16:53:02+00:00\" \/>\n<meta property=\"article:modified_time\" content=\"2019-04-27T16:54:04+00:00\" \/>\n<meta property=\"og:image\" content=\"https:\/\/www.pressenza.com\/wp-content\/uploads\/2019\/04\/xGJ-Acte-XIII_MA-15-720x480.jpg.pagespeed.ic_.di_tKYnMFb.jpg\" \/>\n\t<meta property=\"og:image:width\" content=\"720\" \/>\n\t<meta property=\"og:image:height\" content=\"480\" \/>\n\t<meta property=\"og:image:type\" content=\"image\/jpeg\" \/>\n<meta name=\"author\" content=\"Pressenza Berlin\" \/>\n<meta name=\"twitter:card\" content=\"summary_large_image\" \/>\n<meta name=\"twitter:creator\" content=\"@pressenza_ger\" \/>\n<meta name=\"twitter:site\" content=\"@PressenzaIPA\" \/>\n<meta name=\"twitter:label1\" content=\"Verfasst von\" \/>\n\t<meta name=\"twitter:data1\" content=\"Pressenza Berlin\" \/>\n\t<meta name=\"twitter:label2\" content=\"Gesch\u00e4tzte Lesezeit\" \/>\n\t<meta name=\"twitter:data2\" content=\"2\u00a0Minuten\" \/>\n<script type=\"application\/ld+json\" class=\"yoast-schema-graph\">{\"@context\":\"https:\/\/schema.org\",\"@graph\":[{\"@type\":\"Article\",\"@id\":\"https:\/\/www.pressenza.com\/de\/2019\/04\/gelbwesten-akt-24-macrons-zugestaendnisse-loesen-die-krise-nicht\/#article\",\"isPartOf\":{\"@id\":\"https:\/\/www.pressenza.com\/de\/2019\/04\/gelbwesten-akt-24-macrons-zugestaendnisse-loesen-die-krise-nicht\/\"},\"author\":{\"name\":\"Pressenza Berlin\",\"@id\":\"https:\/\/www.pressenza.com\/de\/#\/schema\/person\/57bb5480943a496a7722b0248e4b658a\"},\"headline\":\"Gelbwesten Akt 24: Macrons Zugest\u00e4ndnisse l\u00f6sen die Krise nicht\",\"datePublished\":\"2019-04-27T16:53:02+00:00\",\"dateModified\":\"2019-04-27T16:54:04+00:00\",\"mainEntityOfPage\":{\"@id\":\"https:\/\/www.pressenza.com\/de\/2019\/04\/gelbwesten-akt-24-macrons-zugestaendnisse-loesen-die-krise-nicht\/\"},\"wordCount\":349,\"publisher\":{\"@id\":\"https:\/\/www.pressenza.com\/de\/#organization\"},\"image\":{\"@id\":\"https:\/\/www.pressenza.com\/de\/2019\/04\/gelbwesten-akt-24-macrons-zugestaendnisse-loesen-die-krise-nicht\/#primaryimage\"},\"thumbnailUrl\":\"https:\/\/www.pressenza.com\/wp-content\/uploads\/2019\/04\/xGJ-Acte-XIII_MA-15-720x480.jpg.pagespeed.ic_.di_tKYnMFb.jpg\",\"keywords\":[\"Emanuelle Macron\",\"Frankreich\",\"Gelbwesten\",\"Protestbewegung\",\"soziale Proteste\"],\"articleSection\":[\"Europa\",\"Meinungen\",\"Originalinhalt\",\"Politik\"],\"inLanguage\":\"de\"},{\"@type\":\"WebPage\",\"@id\":\"https:\/\/www.pressenza.com\/de\/2019\/04\/gelbwesten-akt-24-macrons-zugestaendnisse-loesen-die-krise-nicht\/\",\"url\":\"https:\/\/www.pressenza.com\/de\/2019\/04\/gelbwesten-akt-24-macrons-zugestaendnisse-loesen-die-krise-nicht\/\",\"name\":\"Gelbwesten Akt 24: Macrons Zugest\u00e4ndnisse l\u00f6sen die Krise nicht\",\"isPartOf\":{\"@id\":\"https:\/\/www.pressenza.com\/de\/#website\"},\"primaryImageOfPage\":{\"@id\":\"https:\/\/www.pressenza.com\/de\/2019\/04\/gelbwesten-akt-24-macrons-zugestaendnisse-loesen-die-krise-nicht\/#primaryimage\"},\"image\":{\"@id\":\"https:\/\/www.pressenza.com\/de\/2019\/04\/gelbwesten-akt-24-macrons-zugestaendnisse-loesen-die-krise-nicht\/#primaryimage\"},\"thumbnailUrl\":\"https:\/\/www.pressenza.com\/wp-content\/uploads\/2019\/04\/xGJ-Acte-XIII_MA-15-720x480.jpg.pagespeed.ic_.di_tKYnMFb.jpg\",\"datePublished\":\"2019-04-27T16:53:02+00:00\",\"dateModified\":\"2019-04-27T16:54:04+00:00\",\"description\":\"Heute Akt 24. 80% der Franzosen sch\u00e4tzen laut Umfrage, dass Macron mit seiner Rede den sozialen Konflikt und die Gelbwestenbewegung nicht gestoppt, ja nicht einmal beruhigt hat.\",\"breadcrumb\":{\"@id\":\"https:\/\/www.pressenza.com\/de\/2019\/04\/gelbwesten-akt-24-macrons-zugestaendnisse-loesen-die-krise-nicht\/#breadcrumb\"},\"inLanguage\":\"de\",\"potentialAction\":[{\"@type\":\"ReadAction\",\"target\":[\"https:\/\/www.pressenza.com\/de\/2019\/04\/gelbwesten-akt-24-macrons-zugestaendnisse-loesen-die-krise-nicht\/\"]}]},{\"@type\":\"ImageObject\",\"inLanguage\":\"de\",\"@id\":\"https:\/\/www.pressenza.com\/de\/2019\/04\/gelbwesten-akt-24-macrons-zugestaendnisse-loesen-die-krise-nicht\/#primaryimage\",\"url\":\"https:\/\/www.pressenza.com\/wp-content\/uploads\/2019\/04\/xGJ-Acte-XIII_MA-15-720x480.jpg.pagespeed.ic_.di_tKYnMFb.jpg\",\"contentUrl\":\"https:\/\/www.pressenza.com\/wp-content\/uploads\/2019\/04\/xGJ-Acte-XIII_MA-15-720x480.jpg.pagespeed.ic_.di_tKYnMFb.jpg\",\"width\":720,\"height\":480,\"caption\":\"Gelbwesten Akt 24: Macrons Zugest\u00e4ndnisse l\u00f6sen die Krise nicht\"},{\"@type\":\"BreadcrumbList\",\"@id\":\"https:\/\/www.pressenza.com\/de\/2019\/04\/gelbwesten-akt-24-macrons-zugestaendnisse-loesen-die-krise-nicht\/#breadcrumb\",\"itemListElement\":[{\"@type\":\"ListItem\",\"position\":1,\"name\":\"Accueil\",\"item\":\"https:\/\/www.pressenza.com\/de\/\"},{\"@type\":\"ListItem\",\"position\":2,\"name\":\"Gelbwesten Akt 24: Macrons Zugest\u00e4ndnisse l\u00f6sen die Krise nicht\"}]},{\"@type\":\"WebSite\",\"@id\":\"https:\/\/www.pressenza.com\/de\/#website\",\"url\":\"https:\/\/www.pressenza.com\/de\/\",\"name\":\"Pressenza\",\"description\":\"International Press Agency\",\"publisher\":{\"@id\":\"https:\/\/www.pressenza.com\/de\/#organization\"},\"potentialAction\":[{\"@type\":\"SearchAction\",\"target\":{\"@type\":\"EntryPoint\",\"urlTemplate\":\"https:\/\/www.pressenza.com\/de\/?s={search_term_string}\"},\"query-input\":{\"@type\":\"PropertyValueSpecification\",\"valueRequired\":true,\"valueName\":\"search_term_string\"}}],\"inLanguage\":\"de\"},{\"@type\":\"Organization\",\"@id\":\"https:\/\/www.pressenza.com\/de\/#organization\",\"name\":\"Pressenza\",\"url\":\"https:\/\/www.pressenza.com\/de\/\",\"logo\":{\"@type\":\"ImageObject\",\"inLanguage\":\"de\",\"@id\":\"https:\/\/www.pressenza.com\/de\/#\/schema\/logo\/image\/\",\"url\":\"https:\/\/www.pressenza.com\/wp-content\/uploads\/2022\/10\/pressenza_logo_200x200.jpg\",\"contentUrl\":\"https:\/\/www.pressenza.com\/wp-content\/uploads\/2022\/10\/pressenza_logo_200x200.jpg\",\"width\":200,\"height\":200,\"caption\":\"Pressenza\"},\"image\":{\"@id\":\"https:\/\/www.pressenza.com\/de\/#\/schema\/logo\/image\/\"},\"sameAs\":[\"https:\/\/www.facebook.com\/PressenzaItalia\",\"https:\/\/x.com\/PressenzaIPA\"]},{\"@type\":\"Person\",\"@id\":\"https:\/\/www.pressenza.com\/de\/#\/schema\/person\/57bb5480943a496a7722b0248e4b658a\",\"name\":\"Pressenza Berlin\",\"description\":\"News from the Pressenza Bureau in Berlin, Germany\",\"sameAs\":[\"https:\/\/www.facebook.com\/Pressenza-Deutschland-sterreich-Schweiz-281675388658060\/timeline\/\",\"https:\/\/x.com\/pressenza_ger\"],\"url\":\"https:\/\/www.pressenza.com\/de\/author\/pressenza-berlin\/\"}]}<\/script>\n<!-- \/ Yoast SEO plugin. -->","yoast_head_json":{"title":"Gelbwesten Akt 24: Macrons Zugest\u00e4ndnisse l\u00f6sen die Krise nicht","description":"Heute Akt 24. 80% der Franzosen sch\u00e4tzen laut Umfrage, dass Macron mit seiner Rede den sozialen Konflikt und die Gelbwestenbewegung nicht gestoppt, ja nicht einmal beruhigt hat.","robots":{"index":"index","follow":"follow","max-snippet":"max-snippet:-1","max-image-preview":"max-image-preview:large","max-video-preview":"max-video-preview:-1"},"canonical":"https:\/\/www.pressenza.com\/de\/2019\/04\/gelbwesten-akt-24-macrons-zugestaendnisse-loesen-die-krise-nicht\/","og_locale":"de_DE","og_type":"article","og_title":"Gelbwesten Akt 24: Macrons Zugest\u00e4ndnisse l\u00f6sen die Krise nicht","og_description":"Heute Akt 24. 80% der Franzosen sch\u00e4tzen laut Umfrage, dass Macron mit seiner Rede den sozialen Konflikt und die Gelbwestenbewegung nicht gestoppt, ja nicht einmal beruhigt hat.","og_url":"https:\/\/www.pressenza.com\/de\/2019\/04\/gelbwesten-akt-24-macrons-zugestaendnisse-loesen-die-krise-nicht\/","og_site_name":"Pressenza","article_publisher":"https:\/\/www.facebook.com\/PressenzaItalia","article_author":"https:\/\/www.facebook.com\/Pressenza-Deutschland-sterreich-Schweiz-281675388658060\/timeline\/","article_published_time":"2019-04-27T16:53:02+00:00","article_modified_time":"2019-04-27T16:54:04+00:00","og_image":[{"width":720,"height":480,"url":"https:\/\/www.pressenza.com\/wp-content\/uploads\/2019\/04\/xGJ-Acte-XIII_MA-15-720x480.jpg.pagespeed.ic_.di_tKYnMFb.jpg","type":"image\/jpeg"}],"author":"Pressenza Berlin","twitter_card":"summary_large_image","twitter_creator":"@pressenza_ger","twitter_site":"@PressenzaIPA","twitter_misc":{"Verfasst von":"Pressenza Berlin","Gesch\u00e4tzte Lesezeit":"2\u00a0Minuten"},"schema":{"@context":"https:\/\/schema.org","@graph":[{"@type":"Article","@id":"https:\/\/www.pressenza.com\/de\/2019\/04\/gelbwesten-akt-24-macrons-zugestaendnisse-loesen-die-krise-nicht\/#article","isPartOf":{"@id":"https:\/\/www.pressenza.com\/de\/2019\/04\/gelbwesten-akt-24-macrons-zugestaendnisse-loesen-die-krise-nicht\/"},"author":{"name":"Pressenza Berlin","@id":"https:\/\/www.pressenza.com\/de\/#\/schema\/person\/57bb5480943a496a7722b0248e4b658a"},"headline":"Gelbwesten Akt 24: Macrons Zugest\u00e4ndnisse l\u00f6sen die Krise nicht","datePublished":"2019-04-27T16:53:02+00:00","dateModified":"2019-04-27T16:54:04+00:00","mainEntityOfPage":{"@id":"https:\/\/www.pressenza.com\/de\/2019\/04\/gelbwesten-akt-24-macrons-zugestaendnisse-loesen-die-krise-nicht\/"},"wordCount":349,"publisher":{"@id":"https:\/\/www.pressenza.com\/de\/#organization"},"image":{"@id":"https:\/\/www.pressenza.com\/de\/2019\/04\/gelbwesten-akt-24-macrons-zugestaendnisse-loesen-die-krise-nicht\/#primaryimage"},"thumbnailUrl":"https:\/\/www.pressenza.com\/wp-content\/uploads\/2019\/04\/xGJ-Acte-XIII_MA-15-720x480.jpg.pagespeed.ic_.di_tKYnMFb.jpg","keywords":["Emanuelle Macron","Frankreich","Gelbwesten","Protestbewegung","soziale Proteste"],"articleSection":["Europa","Meinungen","Originalinhalt","Politik"],"inLanguage":"de"},{"@type":"WebPage","@id":"https:\/\/www.pressenza.com\/de\/2019\/04\/gelbwesten-akt-24-macrons-zugestaendnisse-loesen-die-krise-nicht\/","url":"https:\/\/www.pressenza.com\/de\/2019\/04\/gelbwesten-akt-24-macrons-zugestaendnisse-loesen-die-krise-nicht\/","name":"Gelbwesten Akt 24: Macrons Zugest\u00e4ndnisse l\u00f6sen die Krise nicht","isPartOf":{"@id":"https:\/\/www.pressenza.com\/de\/#website"},"primaryImageOfPage":{"@id":"https:\/\/www.pressenza.com\/de\/2019\/04\/gelbwesten-akt-24-macrons-zugestaendnisse-loesen-die-krise-nicht\/#primaryimage"},"image":{"@id":"https:\/\/www.pressenza.com\/de\/2019\/04\/gelbwesten-akt-24-macrons-zugestaendnisse-loesen-die-krise-nicht\/#primaryimage"},"thumbnailUrl":"https:\/\/www.pressenza.com\/wp-content\/uploads\/2019\/04\/xGJ-Acte-XIII_MA-15-720x480.jpg.pagespeed.ic_.di_tKYnMFb.jpg","datePublished":"2019-04-27T16:53:02+00:00","dateModified":"2019-04-27T16:54:04+00:00","description":"Heute Akt 24. 80% der Franzosen sch\u00e4tzen laut Umfrage, dass Macron mit seiner Rede den sozialen Konflikt und die Gelbwestenbewegung nicht gestoppt, ja nicht einmal beruhigt hat.","breadcrumb":{"@id":"https:\/\/www.pressenza.com\/de\/2019\/04\/gelbwesten-akt-24-macrons-zugestaendnisse-loesen-die-krise-nicht\/#breadcrumb"},"inLanguage":"de","potentialAction":[{"@type":"ReadAction","target":["https:\/\/www.pressenza.com\/de\/2019\/04\/gelbwesten-akt-24-macrons-zugestaendnisse-loesen-die-krise-nicht\/"]}]},{"@type":"ImageObject","inLanguage":"de","@id":"https:\/\/www.pressenza.com\/de\/2019\/04\/gelbwesten-akt-24-macrons-zugestaendnisse-loesen-die-krise-nicht\/#primaryimage","url":"https:\/\/www.pressenza.com\/wp-content\/uploads\/2019\/04\/xGJ-Acte-XIII_MA-15-720x480.jpg.pagespeed.ic_.di_tKYnMFb.jpg","contentUrl":"https:\/\/www.pressenza.com\/wp-content\/uploads\/2019\/04\/xGJ-Acte-XIII_MA-15-720x480.jpg.pagespeed.ic_.di_tKYnMFb.jpg","width":720,"height":480,"caption":"Gelbwesten Akt 24: Macrons Zugest\u00e4ndnisse l\u00f6sen die Krise nicht"},{"@type":"BreadcrumbList","@id":"https:\/\/www.pressenza.com\/de\/2019\/04\/gelbwesten-akt-24-macrons-zugestaendnisse-loesen-die-krise-nicht\/#breadcrumb","itemListElement":[{"@type":"ListItem","position":1,"name":"Accueil","item":"https:\/\/www.pressenza.com\/de\/"},{"@type":"ListItem","position":2,"name":"Gelbwesten Akt 24: Macrons Zugest\u00e4ndnisse l\u00f6sen die Krise nicht"}]},{"@type":"WebSite","@id":"https:\/\/www.pressenza.com\/de\/#website","url":"https:\/\/www.pressenza.com\/de\/","name":"Pressenza","description":"International Press Agency","publisher":{"@id":"https:\/\/www.pressenza.com\/de\/#organization"},"potentialAction":[{"@type":"SearchAction","target":{"@type":"EntryPoint","urlTemplate":"https:\/\/www.pressenza.com\/de\/?s={search_term_string}"},"query-input":{"@type":"PropertyValueSpecification","valueRequired":true,"valueName":"search_term_string"}}],"inLanguage":"de"},{"@type":"Organization","@id":"https:\/\/www.pressenza.com\/de\/#organization","name":"Pressenza","url":"https:\/\/www.pressenza.com\/de\/","logo":{"@type":"ImageObject","inLanguage":"de","@id":"https:\/\/www.pressenza.com\/de\/#\/schema\/logo\/image\/","url":"https:\/\/www.pressenza.com\/wp-content\/uploads\/2022\/10\/pressenza_logo_200x200.jpg","contentUrl":"https:\/\/www.pressenza.com\/wp-content\/uploads\/2022\/10\/pressenza_logo_200x200.jpg","width":200,"height":200,"caption":"Pressenza"},"image":{"@id":"https:\/\/www.pressenza.com\/de\/#\/schema\/logo\/image\/"},"sameAs":["https:\/\/www.facebook.com\/PressenzaItalia","https:\/\/x.com\/PressenzaIPA"]},{"@type":"Person","@id":"https:\/\/www.pressenza.com\/de\/#\/schema\/person\/57bb5480943a496a7722b0248e4b658a","name":"Pressenza Berlin","description":"News from the Pressenza Bureau in Berlin, Germany","sameAs":["https:\/\/www.facebook.com\/Pressenza-Deutschland-sterreich-Schweiz-281675388658060\/timeline\/","https:\/\/x.com\/pressenza_ger"],"url":"https:\/\/www.pressenza.com\/de\/author\/pressenza-berlin\/"}]}},"place":"Peter Vlatten","original_article_url":"","_links":{"self":[{"href":"https:\/\/www.pressenza.com\/de\/wp-json\/wp\/v2\/posts\/847063","targetHints":{"allow":["GET"]}}],"collection":[{"href":"https:\/\/www.pressenza.com\/de\/wp-json\/wp\/v2\/posts"}],"about":[{"href":"https:\/\/www.pressenza.com\/de\/wp-json\/wp\/v2\/types\/post"}],"author":[{"embeddable":true,"href":"https:\/\/www.pressenza.com\/de\/wp-json\/wp\/v2\/users\/1095"}],"replies":[{"embeddable":true,"href":"https:\/\/www.pressenza.com\/de\/wp-json\/wp\/v2\/comments?post=847063"}],"version-history":[{"count":0,"href":"https:\/\/www.pressenza.com\/de\/wp-json\/wp\/v2\/posts\/847063\/revisions"}],"wp:featuredmedia":[{"embeddable":true,"href":"https:\/\/www.pressenza.com\/de\/wp-json\/wp\/v2\/media\/847064"}],"wp:attachment":[{"href":"https:\/\/www.pressenza.com\/de\/wp-json\/wp\/v2\/media?parent=847063"}],"wp:term":[{"taxonomy":"category","embeddable":true,"href":"https:\/\/www.pressenza.com\/de\/wp-json\/wp\/v2\/categories?post=847063"},{"taxonomy":"post_tag","embeddable":true,"href":"https:\/\/www.pressenza.com\/de\/wp-json\/wp\/v2\/tags?post=847063"}],"curies":[{"name":"wp","href":"https:\/\/api.w.org\/{rel}","templated":true}]}}