{"id":838852,"date":"2019-04-12T13:06:07","date_gmt":"2019-04-12T12:06:07","guid":{"rendered":"https:\/\/www.pressenza.com\/?p=838852"},"modified":"2019-04-12T13:12:33","modified_gmt":"2019-04-12T12:12:33","slug":"homo-luzonensis-neue-menschenart-entdeckt","status":"publish","type":"post","link":"https:\/\/www.pressenza.com\/de\/2019\/04\/homo-luzonensis-neue-menschenart-entdeckt\/","title":{"rendered":"Homo luzonensis: Neue Menschenart entdeckt"},"content":{"rendered":"<p><b>Warum die Entdeckung der neuen Menschenart Homo luzonensis f\u00fcr die Humanevolution eine neue Herausforderung ist.<\/b><\/p>\n<p>In einer H\u00f6hle auf der Philippineninsel Luzon <a href=\"https:\/\/www.nature.com\/articles\/s41586-019-1067-9\" target=\"_blank\" rel=\"noopener\">hat das Forschungsteam um Florent D\u00e9troit einen Sensationsfund entdeckt<\/a>, der die bisher nur l\u00fcckenhaft bekannte Humanevolution um neue Erkenntnisse bereichert und altbekanntes Wissen infrage stellt. Es k\u00f6nnte sogar bedeuten, dass sich die Wissenschaft einer Theorie wieder annehmen muss, die wegen ihrer rassistischen Begr\u00fcndung l\u00e4ngst verworfen wurde.<\/p>\n<h4><strong>Ein kletternder Winzling<\/strong><\/h4>\n<p>Nur wenige fossilierte Knochen des <i>Homo luzonensis<\/i> konnten die Forscher der Gattung Homo zuordnen, welche Aufschluss \u00fcber die Lebensweise und vermutlich auch seine Abstammungsgeschichte geben.<\/p>\n<p>Der Fund erinnert an die Entdeckung des <i>Homo floresiensis<\/i> aus dem Jahre 2004, da es sich ebenfalls um einen asiatischen Inselfund handelt, welche vermutlich durch die sogenannte Inselverzwergung eine kleinere Wuchsform ausgebildet hat. Dabei werden kleinere Individuen durch die sehr begrenzten Ressourcen, die auf einer Insel zur Verf\u00fcgung stehen, positivselektiert. Selbst die ausgewachsenen Individuen kamen wohl nur auf eine Gr\u00f6\u00dfe von 1,20 Meter und lebten vor 67.000 Jahren. Die Kr\u00fcmmung seiner Fu\u00dfknochen deutet auf eine kletternde Lebensweise hin und er\u00f6ffnet dem Forscherteam neue Fragen.<\/p>\n<h4><strong>Muss die Verbreitungsgeschichte des Menschen neu geschrieben werden?<\/strong><\/h4>\n<p>Bisher ist man davon ausgegangen, dass <i>Homo erectus<\/i> als einzige Hominini-Gattung Afrika verlassen habe. Der <i>Homo luzonensis<\/i> hat allerdings gekr\u00fcmmte Fu\u00dfknochen wie <i>Australopithecinen<\/i>, die Vorfahren des <i>Homo erectus<\/i>, <a href=\"https:\/\/de.wikipedia.org\/wiki\/Australopithecus_afarensis\" target=\"_blank\" rel=\"noopener\">zu denen auch Lucy geh\u00f6rt<\/a>.<\/p>\n<p>Sollten die <i>Australopithecinen<\/i> Afrika Richtung Asien verlassen haben, sind zeitgleiche Entstehungen unterschiedlicher Hominidenarten m\u00f6glich. In diesem Falle m\u00fcsste sich die Forschung von der Metapher Afrika als Wiege der Menschheit verabschieden und Asien als weiteren Entstehungsort nennen.<\/p>\n<p>Dies galt seit vielen Jahrzehnten als \u00fcberholt, da die durch rassistische Theorien sehr belastete Forschungsgeschichte der Humanevolution einst nur Europa oder Asien das Label der Wiege der Menschheit zudachte und nicht Afrika. Schwarzen Menschen wurde durch rassistische Forscher ein geringerer evolution\u00e4rer Entwicklungsstand im Gegensatz zu Wei\u00dfen zugesprochen. Es wurde damals f\u00e4lschlicherweise argumentiert, wenn\u00a0(Subsahara-)Afrika keine Hochkultur hervorgebracht habe, die dortige Entstehung des Menschen ebenfalls ausgeschlossen sein m\u00fcsse.<\/p>\n<p>Die neuen Funde sind lediglich Indizien und keine Beweise. So spricht gegen eine direkte Australopithecinenabstammung des <i>Homo luzonensis<\/i>, dass es keine Funde von <i>Australopithecus<\/i> au\u00dferhalb Afrikas gab, die Z\u00e4hne auf eine Abstammung von <i>Homo\u00a0erectus<\/i> deuten und die Datenlage f\u00fcr eine so grundlegende Neuausrichtung der Menschheitsgeschichte sehr d\u00fcnn ist. Die gekr\u00fcmmten Zehenknochen k\u00f6nnten ebenso durch eine R\u00fcckevolution entstanden sein. Individuen des (fr\u00fchen) <i>Homo luzonensis<\/i> mit Merkmalsauspr\u00e4gungen seiner Vorvorfahren (<i>Australopithecus<\/i>) hatten wom\u00f6glich einen Selektionsvorteil gegen\u00fcber den Individuen ihrer Art mit Merkmalsauspr\u00e4gungen ihrer direkten Vorfahren (<i>Homo erectus<\/i>).<\/p>\n<h4><strong>Die Bedeutung des Fundes als Perspektive f\u00fcr die Humanevolution<\/strong><\/h4>\n<p>Das tropische Klima schlie\u00dft den Fund von DNA-Spuren h\u00f6chstwahrscheinlich aus, allerdings hoffen die Forscher, dass sie Proteine aus dem Knochenmark oder Zahnschmelz extrahieren k\u00f6nnen, die weitere Aussagen \u00fcber die luzonensis-Evolution zulassen. Bis dahin bleibt die Out-of-Africa-Theorie weiterhin zurecht herrschende Lehre.<\/p>\n<p>Die Funde der Denisova-Menschen, <i>Homo floresiensis<\/i> und <i>Homo luzonensis<\/i> deuten darauf hin, dass wir uns die Hominidenevolution sehr viel komplexer vorstellen m\u00fcssen, als bisher angenommen und dass durch neue Erkenntnisse unser Wissen \u00fcber die Menschwerdung stetig \u00fcberarbeitet werden muss.<\/p>\n<p>von <i><a class=\"author-name\" href=\"https:\/\/hpd.de\/autor\/helge-brunswig-15568\" target=\"_blank\" rel=\"noopener\">Helge Brunswig<\/a><\/i><\/p>\n","protected":false},"excerpt":{"rendered":"<p>Warum die Entdeckung der neuen Menschenart Homo luzonensis f\u00fcr die Humanevolution eine neue Herausforderung ist. In einer H\u00f6hle auf der Philippineninsel Luzon hat das Forschungsteam um Florent D\u00e9troit einen Sensationsfund entdeckt, der die bisher nur l\u00fcckenhaft bekannte Humanevolution um neue&hellip;<\/p>\n","protected":false},"author":1163,"featured_media":838853,"comment_status":"closed","ping_status":"closed","sticky":false,"template":"","format":"standard","meta":{"footnotes":""},"categories":[9162,9169],"tags":[57543,57541,57544,57542],"class_list":["post-838852","post","type-post","status-publish","format-standard","has-post-thumbnail","hentry","category-humanismus-und-spiritualitaet","category-wissenschaft-und-technologie","tag-homo-floresiensis","tag-homo-luzonensis","tag-humanevolution","tag-philipinen"],"yoast_head":"<!-- This site is optimized with the Yoast SEO plugin v27.1.1 - https:\/\/yoast.com\/product\/yoast-seo-wordpress\/ -->\n<title>Homo luzonensis: Neue Menschenart entdeckt<\/title>\n<meta name=\"description\" content=\"Warum die Entdeckung der neuen Menschenart Homo luzonensis f\u00fcr die Humanevolution eine neue Herausforderung ist.\" \/>\n<meta name=\"robots\" content=\"index, follow, max-snippet:-1, max-image-preview:large, max-video-preview:-1\" \/>\n<link rel=\"canonical\" href=\"https:\/\/www.pressenza.com\/de\/2019\/04\/homo-luzonensis-neue-menschenart-entdeckt\/\" \/>\n<meta property=\"og:locale\" content=\"de_DE\" \/>\n<meta property=\"og:type\" content=\"article\" \/>\n<meta property=\"og:title\" content=\"Homo luzonensis: Neue Menschenart entdeckt\" \/>\n<meta property=\"og:description\" content=\"Warum die Entdeckung der neuen Menschenart Homo luzonensis f\u00fcr die Humanevolution eine neue Herausforderung ist.\" \/>\n<meta property=\"og:url\" content=\"https:\/\/www.pressenza.com\/de\/2019\/04\/homo-luzonensis-neue-menschenart-entdeckt\/\" \/>\n<meta property=\"og:site_name\" content=\"Pressenza\" \/>\n<meta property=\"article:publisher\" content=\"https:\/\/www.facebook.com\/PressenzaItalia\" \/>\n<meta property=\"article:author\" content=\"https:\/\/www.facebook.com\/hpd.de\" \/>\n<meta property=\"article:published_time\" content=\"2019-04-12T12:06:07+00:00\" \/>\n<meta property=\"article:modified_time\" content=\"2019-04-12T12:12:33+00:00\" \/>\n<meta property=\"og:image\" content=\"https:\/\/www.pressenza.com\/wp-content\/uploads\/2019\/04\/Homo_luzonensid_neue-Menschenart_entdeckt.png\" \/>\n\t<meta property=\"og:image:width\" content=\"824\" \/>\n\t<meta property=\"og:image:height\" content=\"549\" \/>\n\t<meta property=\"og:image:type\" content=\"image\/png\" \/>\n<meta name=\"author\" content=\"Humanistischer Pressedienst\" \/>\n<meta name=\"twitter:card\" content=\"summary_large_image\" \/>\n<meta name=\"twitter:creator\" content=\"@hpdticker\" \/>\n<meta name=\"twitter:site\" content=\"@PressenzaIPA\" \/>\n<meta name=\"twitter:label1\" content=\"Verfasst von\" \/>\n\t<meta name=\"twitter:data1\" content=\"Humanistischer Pressedienst\" \/>\n\t<meta name=\"twitter:label2\" content=\"Gesch\u00e4tzte Lesezeit\" \/>\n\t<meta name=\"twitter:data2\" content=\"3\u00a0Minuten\" \/>\n<script type=\"application\/ld+json\" class=\"yoast-schema-graph\">{\"@context\":\"https:\/\/schema.org\",\"@graph\":[{\"@type\":\"Article\",\"@id\":\"https:\/\/www.pressenza.com\/de\/2019\/04\/homo-luzonensis-neue-menschenart-entdeckt\/#article\",\"isPartOf\":{\"@id\":\"https:\/\/www.pressenza.com\/de\/2019\/04\/homo-luzonensis-neue-menschenart-entdeckt\/\"},\"author\":{\"name\":\"Humanistischer Pressedienst\",\"@id\":\"https:\/\/www.pressenza.com\/de\/#\/schema\/person\/38b1bb4060cd67df380552dfe740ee1c\"},\"headline\":\"Homo luzonensis: Neue Menschenart entdeckt\",\"datePublished\":\"2019-04-12T12:06:07+00:00\",\"dateModified\":\"2019-04-12T12:12:33+00:00\",\"mainEntityOfPage\":{\"@id\":\"https:\/\/www.pressenza.com\/de\/2019\/04\/homo-luzonensis-neue-menschenart-entdeckt\/\"},\"wordCount\":541,\"publisher\":{\"@id\":\"https:\/\/www.pressenza.com\/de\/#organization\"},\"image\":{\"@id\":\"https:\/\/www.pressenza.com\/de\/2019\/04\/homo-luzonensis-neue-menschenart-entdeckt\/#primaryimage\"},\"thumbnailUrl\":\"https:\/\/www.pressenza.com\/wp-content\/uploads\/2019\/04\/Homo_luzonensid_neue-Menschenart_entdeckt.png\",\"keywords\":[\"Homo floresiensis\",\"Homo luzonensis\",\"Humanevolution\",\"Philipinen\"],\"articleSection\":[\"Humanismus und Spiritualit\u00e4t\",\"Wissenschaft und Technologie\"],\"inLanguage\":\"de\"},{\"@type\":\"WebPage\",\"@id\":\"https:\/\/www.pressenza.com\/de\/2019\/04\/homo-luzonensis-neue-menschenart-entdeckt\/\",\"url\":\"https:\/\/www.pressenza.com\/de\/2019\/04\/homo-luzonensis-neue-menschenart-entdeckt\/\",\"name\":\"Homo luzonensis: Neue Menschenart entdeckt\",\"isPartOf\":{\"@id\":\"https:\/\/www.pressenza.com\/de\/#website\"},\"primaryImageOfPage\":{\"@id\":\"https:\/\/www.pressenza.com\/de\/2019\/04\/homo-luzonensis-neue-menschenart-entdeckt\/#primaryimage\"},\"image\":{\"@id\":\"https:\/\/www.pressenza.com\/de\/2019\/04\/homo-luzonensis-neue-menschenart-entdeckt\/#primaryimage\"},\"thumbnailUrl\":\"https:\/\/www.pressenza.com\/wp-content\/uploads\/2019\/04\/Homo_luzonensid_neue-Menschenart_entdeckt.png\",\"datePublished\":\"2019-04-12T12:06:07+00:00\",\"dateModified\":\"2019-04-12T12:12:33+00:00\",\"description\":\"Warum die Entdeckung der neuen Menschenart Homo luzonensis f\u00fcr die Humanevolution eine neue Herausforderung ist.\",\"breadcrumb\":{\"@id\":\"https:\/\/www.pressenza.com\/de\/2019\/04\/homo-luzonensis-neue-menschenart-entdeckt\/#breadcrumb\"},\"inLanguage\":\"de\",\"potentialAction\":[{\"@type\":\"ReadAction\",\"target\":[\"https:\/\/www.pressenza.com\/de\/2019\/04\/homo-luzonensis-neue-menschenart-entdeckt\/\"]}]},{\"@type\":\"ImageObject\",\"inLanguage\":\"de\",\"@id\":\"https:\/\/www.pressenza.com\/de\/2019\/04\/homo-luzonensis-neue-menschenart-entdeckt\/#primaryimage\",\"url\":\"https:\/\/www.pressenza.com\/wp-content\/uploads\/2019\/04\/Homo_luzonensid_neue-Menschenart_entdeckt.png\",\"contentUrl\":\"https:\/\/www.pressenza.com\/wp-content\/uploads\/2019\/04\/Homo_luzonensid_neue-Menschenart_entdeckt.png\",\"width\":824,\"height\":549,\"caption\":\"Homo luzonensis: Neue Menschenart entdeckt\"},{\"@type\":\"BreadcrumbList\",\"@id\":\"https:\/\/www.pressenza.com\/de\/2019\/04\/homo-luzonensis-neue-menschenart-entdeckt\/#breadcrumb\",\"itemListElement\":[{\"@type\":\"ListItem\",\"position\":1,\"name\":\"Accueil\",\"item\":\"https:\/\/www.pressenza.com\/de\/\"},{\"@type\":\"ListItem\",\"position\":2,\"name\":\"Homo luzonensis: Neue Menschenart entdeckt\"}]},{\"@type\":\"WebSite\",\"@id\":\"https:\/\/www.pressenza.com\/de\/#website\",\"url\":\"https:\/\/www.pressenza.com\/de\/\",\"name\":\"Pressenza\",\"description\":\"International Press Agency\",\"publisher\":{\"@id\":\"https:\/\/www.pressenza.com\/de\/#organization\"},\"potentialAction\":[{\"@type\":\"SearchAction\",\"target\":{\"@type\":\"EntryPoint\",\"urlTemplate\":\"https:\/\/www.pressenza.com\/de\/?s={search_term_string}\"},\"query-input\":{\"@type\":\"PropertyValueSpecification\",\"valueRequired\":true,\"valueName\":\"search_term_string\"}}],\"inLanguage\":\"de\"},{\"@type\":\"Organization\",\"@id\":\"https:\/\/www.pressenza.com\/de\/#organization\",\"name\":\"Pressenza\",\"url\":\"https:\/\/www.pressenza.com\/de\/\",\"logo\":{\"@type\":\"ImageObject\",\"inLanguage\":\"de\",\"@id\":\"https:\/\/www.pressenza.com\/de\/#\/schema\/logo\/image\/\",\"url\":\"https:\/\/www.pressenza.com\/wp-content\/uploads\/2022\/10\/pressenza_logo_200x200.jpg\",\"contentUrl\":\"https:\/\/www.pressenza.com\/wp-content\/uploads\/2022\/10\/pressenza_logo_200x200.jpg\",\"width\":200,\"height\":200,\"caption\":\"Pressenza\"},\"image\":{\"@id\":\"https:\/\/www.pressenza.com\/de\/#\/schema\/logo\/image\/\"},\"sameAs\":[\"https:\/\/www.facebook.com\/PressenzaItalia\",\"https:\/\/x.com\/PressenzaIPA\"]},{\"@type\":\"Person\",\"@id\":\"https:\/\/www.pressenza.com\/de\/#\/schema\/person\/38b1bb4060cd67df380552dfe740ee1c\",\"name\":\"Humanistischer Pressedienst\",\"description\":\"Der Humanistische Pressedienst (hpd) pr\u00e4sentiert aufkl\u00e4rerische, humanistische und freigeistige Positionen zu aktuellen Ereignissen. Das Internetportal will konfessionsfreien Menschen \u2013 in Deutschland ein Drittel der Bev\u00f6lkerung \u2013 eine Stimme geben. Der hpd versteht sich als Plattform f\u00fcr das breite Spektrum s\u00e4kularer Bestrebungen, mit deren Akteuren er bestens vernetzt ist und zu deren Meinungsbildung er beitragen m\u00f6chte. Artikel des Humanistischen Pressdienst auf Pressenza fallen nicht unter die Creative-Commons-Lizenz und d\u00fcrfen nur mit ausdr\u00fccklicher Zustimmung der Redaktion von hpd.de \u00fcbernommen werden.\",\"sameAs\":[\"https:\/\/www.facebook.com\/hpd.de\",\"https:\/\/x.com\/hpdticker\"],\"url\":\"https:\/\/www.pressenza.com\/de\/author\/humanistischer-pressedienst\/\"}]}<\/script>\n<!-- \/ Yoast SEO plugin. -->","yoast_head_json":{"title":"Homo luzonensis: Neue Menschenart entdeckt","description":"Warum die Entdeckung der neuen Menschenart Homo luzonensis f\u00fcr die Humanevolution eine neue Herausforderung ist.","robots":{"index":"index","follow":"follow","max-snippet":"max-snippet:-1","max-image-preview":"max-image-preview:large","max-video-preview":"max-video-preview:-1"},"canonical":"https:\/\/www.pressenza.com\/de\/2019\/04\/homo-luzonensis-neue-menschenart-entdeckt\/","og_locale":"de_DE","og_type":"article","og_title":"Homo luzonensis: Neue Menschenart entdeckt","og_description":"Warum die Entdeckung der neuen Menschenart Homo luzonensis f\u00fcr die Humanevolution eine neue Herausforderung ist.","og_url":"https:\/\/www.pressenza.com\/de\/2019\/04\/homo-luzonensis-neue-menschenart-entdeckt\/","og_site_name":"Pressenza","article_publisher":"https:\/\/www.facebook.com\/PressenzaItalia","article_author":"https:\/\/www.facebook.com\/hpd.de","article_published_time":"2019-04-12T12:06:07+00:00","article_modified_time":"2019-04-12T12:12:33+00:00","og_image":[{"width":824,"height":549,"url":"https:\/\/www.pressenza.com\/wp-content\/uploads\/2019\/04\/Homo_luzonensid_neue-Menschenart_entdeckt.png","type":"image\/png"}],"author":"Humanistischer Pressedienst","twitter_card":"summary_large_image","twitter_creator":"@hpdticker","twitter_site":"@PressenzaIPA","twitter_misc":{"Verfasst von":"Humanistischer Pressedienst","Gesch\u00e4tzte Lesezeit":"3\u00a0Minuten"},"schema":{"@context":"https:\/\/schema.org","@graph":[{"@type":"Article","@id":"https:\/\/www.pressenza.com\/de\/2019\/04\/homo-luzonensis-neue-menschenart-entdeckt\/#article","isPartOf":{"@id":"https:\/\/www.pressenza.com\/de\/2019\/04\/homo-luzonensis-neue-menschenart-entdeckt\/"},"author":{"name":"Humanistischer Pressedienst","@id":"https:\/\/www.pressenza.com\/de\/#\/schema\/person\/38b1bb4060cd67df380552dfe740ee1c"},"headline":"Homo luzonensis: Neue Menschenart entdeckt","datePublished":"2019-04-12T12:06:07+00:00","dateModified":"2019-04-12T12:12:33+00:00","mainEntityOfPage":{"@id":"https:\/\/www.pressenza.com\/de\/2019\/04\/homo-luzonensis-neue-menschenart-entdeckt\/"},"wordCount":541,"publisher":{"@id":"https:\/\/www.pressenza.com\/de\/#organization"},"image":{"@id":"https:\/\/www.pressenza.com\/de\/2019\/04\/homo-luzonensis-neue-menschenart-entdeckt\/#primaryimage"},"thumbnailUrl":"https:\/\/www.pressenza.com\/wp-content\/uploads\/2019\/04\/Homo_luzonensid_neue-Menschenart_entdeckt.png","keywords":["Homo floresiensis","Homo luzonensis","Humanevolution","Philipinen"],"articleSection":["Humanismus und Spiritualit\u00e4t","Wissenschaft und Technologie"],"inLanguage":"de"},{"@type":"WebPage","@id":"https:\/\/www.pressenza.com\/de\/2019\/04\/homo-luzonensis-neue-menschenart-entdeckt\/","url":"https:\/\/www.pressenza.com\/de\/2019\/04\/homo-luzonensis-neue-menschenart-entdeckt\/","name":"Homo luzonensis: Neue Menschenart entdeckt","isPartOf":{"@id":"https:\/\/www.pressenza.com\/de\/#website"},"primaryImageOfPage":{"@id":"https:\/\/www.pressenza.com\/de\/2019\/04\/homo-luzonensis-neue-menschenart-entdeckt\/#primaryimage"},"image":{"@id":"https:\/\/www.pressenza.com\/de\/2019\/04\/homo-luzonensis-neue-menschenart-entdeckt\/#primaryimage"},"thumbnailUrl":"https:\/\/www.pressenza.com\/wp-content\/uploads\/2019\/04\/Homo_luzonensid_neue-Menschenart_entdeckt.png","datePublished":"2019-04-12T12:06:07+00:00","dateModified":"2019-04-12T12:12:33+00:00","description":"Warum die Entdeckung der neuen Menschenart Homo luzonensis f\u00fcr die Humanevolution eine neue Herausforderung ist.","breadcrumb":{"@id":"https:\/\/www.pressenza.com\/de\/2019\/04\/homo-luzonensis-neue-menschenart-entdeckt\/#breadcrumb"},"inLanguage":"de","potentialAction":[{"@type":"ReadAction","target":["https:\/\/www.pressenza.com\/de\/2019\/04\/homo-luzonensis-neue-menschenart-entdeckt\/"]}]},{"@type":"ImageObject","inLanguage":"de","@id":"https:\/\/www.pressenza.com\/de\/2019\/04\/homo-luzonensis-neue-menschenart-entdeckt\/#primaryimage","url":"https:\/\/www.pressenza.com\/wp-content\/uploads\/2019\/04\/Homo_luzonensid_neue-Menschenart_entdeckt.png","contentUrl":"https:\/\/www.pressenza.com\/wp-content\/uploads\/2019\/04\/Homo_luzonensid_neue-Menschenart_entdeckt.png","width":824,"height":549,"caption":"Homo luzonensis: Neue Menschenart entdeckt"},{"@type":"BreadcrumbList","@id":"https:\/\/www.pressenza.com\/de\/2019\/04\/homo-luzonensis-neue-menschenart-entdeckt\/#breadcrumb","itemListElement":[{"@type":"ListItem","position":1,"name":"Accueil","item":"https:\/\/www.pressenza.com\/de\/"},{"@type":"ListItem","position":2,"name":"Homo luzonensis: Neue Menschenart entdeckt"}]},{"@type":"WebSite","@id":"https:\/\/www.pressenza.com\/de\/#website","url":"https:\/\/www.pressenza.com\/de\/","name":"Pressenza","description":"International Press Agency","publisher":{"@id":"https:\/\/www.pressenza.com\/de\/#organization"},"potentialAction":[{"@type":"SearchAction","target":{"@type":"EntryPoint","urlTemplate":"https:\/\/www.pressenza.com\/de\/?s={search_term_string}"},"query-input":{"@type":"PropertyValueSpecification","valueRequired":true,"valueName":"search_term_string"}}],"inLanguage":"de"},{"@type":"Organization","@id":"https:\/\/www.pressenza.com\/de\/#organization","name":"Pressenza","url":"https:\/\/www.pressenza.com\/de\/","logo":{"@type":"ImageObject","inLanguage":"de","@id":"https:\/\/www.pressenza.com\/de\/#\/schema\/logo\/image\/","url":"https:\/\/www.pressenza.com\/wp-content\/uploads\/2022\/10\/pressenza_logo_200x200.jpg","contentUrl":"https:\/\/www.pressenza.com\/wp-content\/uploads\/2022\/10\/pressenza_logo_200x200.jpg","width":200,"height":200,"caption":"Pressenza"},"image":{"@id":"https:\/\/www.pressenza.com\/de\/#\/schema\/logo\/image\/"},"sameAs":["https:\/\/www.facebook.com\/PressenzaItalia","https:\/\/x.com\/PressenzaIPA"]},{"@type":"Person","@id":"https:\/\/www.pressenza.com\/de\/#\/schema\/person\/38b1bb4060cd67df380552dfe740ee1c","name":"Humanistischer Pressedienst","description":"Der Humanistische Pressedienst (hpd) pr\u00e4sentiert aufkl\u00e4rerische, humanistische und freigeistige Positionen zu aktuellen Ereignissen. Das Internetportal will konfessionsfreien Menschen \u2013 in Deutschland ein Drittel der Bev\u00f6lkerung \u2013 eine Stimme geben. Der hpd versteht sich als Plattform f\u00fcr das breite Spektrum s\u00e4kularer Bestrebungen, mit deren Akteuren er bestens vernetzt ist und zu deren Meinungsbildung er beitragen m\u00f6chte. Artikel des Humanistischen Pressdienst auf Pressenza fallen nicht unter die Creative-Commons-Lizenz und d\u00fcrfen nur mit ausdr\u00fccklicher Zustimmung der Redaktion von hpd.de \u00fcbernommen werden.","sameAs":["https:\/\/www.facebook.com\/hpd.de","https:\/\/x.com\/hpdticker"],"url":"https:\/\/www.pressenza.com\/de\/author\/humanistischer-pressedienst\/"}]}},"place":"Helge Brunswig","original_article_url":"https:\/\/hpd.de\/artikel\/homo-luzonensis-neue-menschenart-entdeckt-16716","_links":{"self":[{"href":"https:\/\/www.pressenza.com\/de\/wp-json\/wp\/v2\/posts\/838852","targetHints":{"allow":["GET"]}}],"collection":[{"href":"https:\/\/www.pressenza.com\/de\/wp-json\/wp\/v2\/posts"}],"about":[{"href":"https:\/\/www.pressenza.com\/de\/wp-json\/wp\/v2\/types\/post"}],"author":[{"embeddable":true,"href":"https:\/\/www.pressenza.com\/de\/wp-json\/wp\/v2\/users\/1163"}],"replies":[{"embeddable":true,"href":"https:\/\/www.pressenza.com\/de\/wp-json\/wp\/v2\/comments?post=838852"}],"version-history":[{"count":0,"href":"https:\/\/www.pressenza.com\/de\/wp-json\/wp\/v2\/posts\/838852\/revisions"}],"wp:featuredmedia":[{"embeddable":true,"href":"https:\/\/www.pressenza.com\/de\/wp-json\/wp\/v2\/media\/838853"}],"wp:attachment":[{"href":"https:\/\/www.pressenza.com\/de\/wp-json\/wp\/v2\/media?parent=838852"}],"wp:term":[{"taxonomy":"category","embeddable":true,"href":"https:\/\/www.pressenza.com\/de\/wp-json\/wp\/v2\/categories?post=838852"},{"taxonomy":"post_tag","embeddable":true,"href":"https:\/\/www.pressenza.com\/de\/wp-json\/wp\/v2\/tags?post=838852"}],"curies":[{"name":"wp","href":"https:\/\/api.w.org\/{rel}","templated":true}]}}