{"id":830428,"date":"2019-03-26T12:01:11","date_gmt":"2019-03-26T12:01:11","guid":{"rendered":"https:\/\/www.pressenza.com\/?p=830428"},"modified":"2019-03-26T12:01:41","modified_gmt":"2019-03-26T12:01:41","slug":"parents-for-future-kritisieren-raeumungen-im-hambacher-wald","status":"publish","type":"post","link":"https:\/\/www.pressenza.com\/de\/2019\/03\/parents-for-future-kritisieren-raeumungen-im-hambacher-wald\/","title":{"rendered":"Parents for Future kritisieren R\u00e4umungen im Hambacher Wald"},"content":{"rendered":"<p><strong>Parents For Future solidarisieren sich mit der Besetzung im Hambacher Wald und erkl\u00e4ren zu den laufenden R\u00e4umungen durch die Polizei NRW: Wir protestieren sch\u00e4rfstens gegen die weitere Zerst\u00f6rung des Hambacher Waldes und fordern einen sofortigen Stopp der R\u00e4umungen.<\/strong><\/p>\n<p>Der heutige Polizeieinsatz ist eine einzige Machtdemonstration, um vollendete Tatsachen zu schaffen und ohne jegliche Rechtsgrundlage.<\/p>\n<p>Wir fordern den sofortigen Stopp der Zerst\u00f6rung der Bodenstrukturen, Barrikaden, Plattformen und Baumh\u00e4user, die dem Schutz und Erhalt des Waldes dienen.<\/p>\n<p>Nur zwei Tage nach dem Sternmarsch der Initiative &#8222;Alle D\u00f6rfer bleiben&#8220; \u00a0mit Tausenden Teilnehmenden zum Erhalt aller vom Braunkohletagebau bedrohten D\u00f6rfer mit ihrer intakten Infrastruktur, ihren landwirtschaftlichen B\u00f6den und altem Baumbestand, die nach wie vor von der Abbaggerung durch RWE betroffen sind, ist das Vorgehen der NRW Landesregierung im Hambacher Wald jetzt eine weitere Eskalation seitens des Ministerpr\u00e4sidenten Armin Laschet und gegen die gerichtliche Verf\u00fcgung des vorl\u00e4ufigen Rodungsstopps.<\/p>\n<p>Bevor die Beschl\u00fcsse der Kohlekommission auch nur ansatzweise umgesetzt sind, schaffen RWE und Landesregierung endg\u00fcltige Tatsachen mit der Rodung weiterer B\u00e4ume und der Abbaggerung weiterer D\u00f6rfer. Natur- und Kulturlandschaft werden so weiter unwiederbringlich vernichtet. Bergbau und Klimawandel zerst\u00f6ren weltweit unsere gemeinsame Lebensgrundlage.<\/p>\n<p>Wir protestieren auch gegen die immense Verschwendung von Steuergeldern durch sinnlose Polizeieins\u00e4tze wie den heutigen und gegen die Kriminalisierung und Diffamierung der Waldsch\u00fctzer*innen im Hambacher Wald.<\/p>\n<p>Wie wir heute Morgen erfahren haben, wurde die Mahnwache vor dem Hambacher Wald heute durchsucht, es wurden und werden im Wald zurzeit Bodenstrukturen durch die Polizei ger\u00e4umt, unbesetzte und im Bau befindliche Plattformen zerst\u00f6rt, Totholz abtransportiert, Barrikaden ger\u00e4umt und nun auch das Baumhausdorf \u201eKr\u00e4hennest\u201c ger\u00e4umt und dabei werden (innerhalb der Vogelschutzzeit) erneut weitere B\u00e4ume gef\u00e4llt, um den Einsatz einer Hebeb\u00fchne zu erm\u00f6glichen. .<\/p>\n<p>Der vorl\u00e4ufige Rodungsstopp des Hambacher Waldes wurde durch eine breite Klimaschutzbewegung in Deutschland durchgesetzt. Eine Bewegung, die sich zum Ziel gesetzt hat, f\u00fcr weltweite Klimagerechtigkeit, die Einhaltung des Pariser Klimaschutzabkommens gegen die Erderw\u00e4rmung und die Einhaltung deutscher Klimaschutzziele mit sofortigem Ausstieg aus der Braunkohlef\u00f6rderung einzutreten und zu k\u00e4mpfen.<\/p>\n<p>Einen wesentlichen Teil zum vorl\u00e4ufigen Rodungsstopp beigetragen hat die jahrelange Besetzung des Hambacher Waldes durch Waldsch\u00fctzer*innen, die ihn so vor der vollst\u00e4ndigen Rodung bewahren konnten.<\/p>\n<p>Global formiert sich eine generations\u00fcbergreifende Allianz zum Erhalt unserer Lebensgrundlagen und\u00a0 gegen die Propagierung eines ungebremsten Wirtschaftswachstums durch Politik und Wirtschaft.<\/p>\n<p>1,5 Mio Sch\u00fcler*innen gingen so am 15.3.19 weltweit f\u00fcr einen ambitionierten Klimaschutz und weltweite Klimagerechtigkeit in einem Schulstreik auf die Stra\u00dfen, \u00fcber 23.000 Wissenschaftler*innen alleine aus Deutschland, \u00d6sterreich und der Schweiz unterst\u00fctzen die Forderung der protestierenden Sch\u00fcler*innen von Fridays For Future dabei in allen Punkten.<\/p>\n<p>Wir fordern den sofortigen Stopp der R\u00e4umungen, Rodungen und Zerst\u00f6rungen im Hambacher Wald und ein Ende der Kriminalisierung der Besetzer*innen.\u201c<\/p>\n<p style=\"text-align: center;\"><strong>Hambi bleibt! Alle D\u00f6rfer bleiben! Alle Inseln bleiben!<\/strong><\/p>\n","protected":false},"excerpt":{"rendered":"<p>Parents For Future solidarisieren sich mit der Besetzung im Hambacher Wald und erkl\u00e4ren zu den laufenden R\u00e4umungen durch die Polizei NRW: Wir protestieren sch\u00e4rfstens gegen die weitere Zerst\u00f6rung des Hambacher Waldes und fordern einen sofortigen Stopp der R\u00e4umungen. Der heutige&hellip;<\/p>\n","protected":false},"author":1095,"featured_media":830430,"comment_status":"closed","ping_status":"closed","sticky":false,"template":"","format":"standard","meta":{"footnotes":""},"categories":[9157,9145],"tags":[56315,56829,30248,37874,25035],"class_list":["post-830428","post","type-post","status-publish","format-standard","has-post-thumbnail","hentry","category-oekologie-und-umwelt","category-pressemitteilungen","tag-parentsforfuture","tag-alle-doerfer-bleiben","tag-braunkohle","tag-hambacher-forst","tag-rwe"],"yoast_head":"<!-- This site is optimized with the Yoast SEO plugin v27.1.1 - https:\/\/yoast.com\/product\/yoast-seo-wordpress\/ -->\n<title>Parents for Future kritisieren R\u00e4umungen im Hambacher Wald<\/title>\n<meta name=\"description\" content=\"Parents For Future solidarisieren sich mit der Besetzung im Hambacher Wald und erkl\u00e4ren zu den laufenden R\u00e4umungen durch die Polizei NRW: Wir protestieren\" \/>\n<meta name=\"robots\" content=\"index, follow, max-snippet:-1, max-image-preview:large, max-video-preview:-1\" \/>\n<link rel=\"canonical\" href=\"https:\/\/www.pressenza.com\/de\/2019\/03\/parents-for-future-kritisieren-raeumungen-im-hambacher-wald\/\" \/>\n<meta property=\"og:locale\" content=\"de_DE\" \/>\n<meta property=\"og:type\" content=\"article\" \/>\n<meta property=\"og:title\" content=\"Parents for Future kritisieren R\u00e4umungen im Hambacher Wald\" \/>\n<meta property=\"og:description\" content=\"Parents For Future solidarisieren sich mit der Besetzung im Hambacher Wald und erkl\u00e4ren zu den laufenden R\u00e4umungen durch die Polizei NRW: Wir protestieren\" \/>\n<meta property=\"og:url\" content=\"https:\/\/www.pressenza.com\/de\/2019\/03\/parents-for-future-kritisieren-raeumungen-im-hambacher-wald\/\" \/>\n<meta property=\"og:site_name\" content=\"Pressenza\" \/>\n<meta property=\"article:publisher\" content=\"https:\/\/www.facebook.com\/PressenzaItalia\" \/>\n<meta property=\"article:author\" content=\"https:\/\/www.facebook.com\/Pressenza-Deutschland-sterreich-Schweiz-281675388658060\/timeline\/\" \/>\n<meta property=\"article:published_time\" content=\"2019-03-26T12:01:11+00:00\" \/>\n<meta property=\"article:modified_time\" content=\"2019-03-26T12:01:41+00:00\" \/>\n<meta property=\"og:image\" content=\"https:\/\/www.pressenza.com\/wp-content\/uploads\/2019\/03\/Parents4Future_Hambacher_Forst.jpg\" \/>\n\t<meta property=\"og:image:width\" content=\"750\" \/>\n\t<meta property=\"og:image:height\" content=\"568\" \/>\n\t<meta property=\"og:image:type\" content=\"image\/jpeg\" \/>\n<meta name=\"author\" content=\"Pressenza Berlin\" \/>\n<meta name=\"twitter:card\" content=\"summary_large_image\" \/>\n<meta name=\"twitter:creator\" content=\"@pressenza_ger\" \/>\n<meta name=\"twitter:site\" content=\"@PressenzaIPA\" \/>\n<meta name=\"twitter:label1\" content=\"Verfasst von\" \/>\n\t<meta name=\"twitter:data1\" content=\"Pressenza Berlin\" \/>\n\t<meta name=\"twitter:label2\" content=\"Gesch\u00e4tzte Lesezeit\" \/>\n\t<meta name=\"twitter:data2\" content=\"2\u00a0Minuten\" \/>\n<script type=\"application\/ld+json\" class=\"yoast-schema-graph\">{\"@context\":\"https:\/\/schema.org\",\"@graph\":[{\"@type\":\"Article\",\"@id\":\"https:\/\/www.pressenza.com\/de\/2019\/03\/parents-for-future-kritisieren-raeumungen-im-hambacher-wald\/#article\",\"isPartOf\":{\"@id\":\"https:\/\/www.pressenza.com\/de\/2019\/03\/parents-for-future-kritisieren-raeumungen-im-hambacher-wald\/\"},\"author\":{\"name\":\"Pressenza Berlin\",\"@id\":\"https:\/\/www.pressenza.com\/de\/#\/schema\/person\/57bb5480943a496a7722b0248e4b658a\"},\"headline\":\"Parents for Future kritisieren R\u00e4umungen im Hambacher Wald\",\"datePublished\":\"2019-03-26T12:01:11+00:00\",\"dateModified\":\"2019-03-26T12:01:41+00:00\",\"mainEntityOfPage\":{\"@id\":\"https:\/\/www.pressenza.com\/de\/2019\/03\/parents-for-future-kritisieren-raeumungen-im-hambacher-wald\/\"},\"wordCount\":498,\"publisher\":{\"@id\":\"https:\/\/www.pressenza.com\/de\/#organization\"},\"image\":{\"@id\":\"https:\/\/www.pressenza.com\/de\/2019\/03\/parents-for-future-kritisieren-raeumungen-im-hambacher-wald\/#primaryimage\"},\"thumbnailUrl\":\"https:\/\/www.pressenza.com\/wp-content\/uploads\/2019\/03\/Parents4Future_Hambacher_Forst.jpg\",\"keywords\":[\"#ParentsForFuture\",\"Alle D\u00f6rfer bleiben\",\"Braunkohle\",\"Hambacher Forst\",\"RWE\"],\"articleSection\":[\"\u00d6kologie und Umwelt\",\"Pressemitteilungen\"],\"inLanguage\":\"de\"},{\"@type\":\"WebPage\",\"@id\":\"https:\/\/www.pressenza.com\/de\/2019\/03\/parents-for-future-kritisieren-raeumungen-im-hambacher-wald\/\",\"url\":\"https:\/\/www.pressenza.com\/de\/2019\/03\/parents-for-future-kritisieren-raeumungen-im-hambacher-wald\/\",\"name\":\"Parents for Future kritisieren R\u00e4umungen im Hambacher Wald\",\"isPartOf\":{\"@id\":\"https:\/\/www.pressenza.com\/de\/#website\"},\"primaryImageOfPage\":{\"@id\":\"https:\/\/www.pressenza.com\/de\/2019\/03\/parents-for-future-kritisieren-raeumungen-im-hambacher-wald\/#primaryimage\"},\"image\":{\"@id\":\"https:\/\/www.pressenza.com\/de\/2019\/03\/parents-for-future-kritisieren-raeumungen-im-hambacher-wald\/#primaryimage\"},\"thumbnailUrl\":\"https:\/\/www.pressenza.com\/wp-content\/uploads\/2019\/03\/Parents4Future_Hambacher_Forst.jpg\",\"datePublished\":\"2019-03-26T12:01:11+00:00\",\"dateModified\":\"2019-03-26T12:01:41+00:00\",\"description\":\"Parents For Future solidarisieren sich mit der Besetzung im Hambacher Wald und erkl\u00e4ren zu den laufenden R\u00e4umungen durch die Polizei NRW: Wir protestieren\",\"breadcrumb\":{\"@id\":\"https:\/\/www.pressenza.com\/de\/2019\/03\/parents-for-future-kritisieren-raeumungen-im-hambacher-wald\/#breadcrumb\"},\"inLanguage\":\"de\",\"potentialAction\":[{\"@type\":\"ReadAction\",\"target\":[\"https:\/\/www.pressenza.com\/de\/2019\/03\/parents-for-future-kritisieren-raeumungen-im-hambacher-wald\/\"]}]},{\"@type\":\"ImageObject\",\"inLanguage\":\"de\",\"@id\":\"https:\/\/www.pressenza.com\/de\/2019\/03\/parents-for-future-kritisieren-raeumungen-im-hambacher-wald\/#primaryimage\",\"url\":\"https:\/\/www.pressenza.com\/wp-content\/uploads\/2019\/03\/Parents4Future_Hambacher_Forst.jpg\",\"contentUrl\":\"https:\/\/www.pressenza.com\/wp-content\/uploads\/2019\/03\/Parents4Future_Hambacher_Forst.jpg\",\"width\":750,\"height\":568,\"caption\":\"Parents4Future Hambacher Forst Alle D\u00f6rfer bleiben\"},{\"@type\":\"BreadcrumbList\",\"@id\":\"https:\/\/www.pressenza.com\/de\/2019\/03\/parents-for-future-kritisieren-raeumungen-im-hambacher-wald\/#breadcrumb\",\"itemListElement\":[{\"@type\":\"ListItem\",\"position\":1,\"name\":\"Accueil\",\"item\":\"https:\/\/www.pressenza.com\/de\/\"},{\"@type\":\"ListItem\",\"position\":2,\"name\":\"Parents for Future kritisieren R\u00e4umungen im Hambacher Wald\"}]},{\"@type\":\"WebSite\",\"@id\":\"https:\/\/www.pressenza.com\/de\/#website\",\"url\":\"https:\/\/www.pressenza.com\/de\/\",\"name\":\"Pressenza\",\"description\":\"International Press Agency\",\"publisher\":{\"@id\":\"https:\/\/www.pressenza.com\/de\/#organization\"},\"potentialAction\":[{\"@type\":\"SearchAction\",\"target\":{\"@type\":\"EntryPoint\",\"urlTemplate\":\"https:\/\/www.pressenza.com\/de\/?s={search_term_string}\"},\"query-input\":{\"@type\":\"PropertyValueSpecification\",\"valueRequired\":true,\"valueName\":\"search_term_string\"}}],\"inLanguage\":\"de\"},{\"@type\":\"Organization\",\"@id\":\"https:\/\/www.pressenza.com\/de\/#organization\",\"name\":\"Pressenza\",\"url\":\"https:\/\/www.pressenza.com\/de\/\",\"logo\":{\"@type\":\"ImageObject\",\"inLanguage\":\"de\",\"@id\":\"https:\/\/www.pressenza.com\/de\/#\/schema\/logo\/image\/\",\"url\":\"https:\/\/www.pressenza.com\/wp-content\/uploads\/2022\/10\/pressenza_logo_200x200.jpg\",\"contentUrl\":\"https:\/\/www.pressenza.com\/wp-content\/uploads\/2022\/10\/pressenza_logo_200x200.jpg\",\"width\":200,\"height\":200,\"caption\":\"Pressenza\"},\"image\":{\"@id\":\"https:\/\/www.pressenza.com\/de\/#\/schema\/logo\/image\/\"},\"sameAs\":[\"https:\/\/www.facebook.com\/PressenzaItalia\",\"https:\/\/x.com\/PressenzaIPA\"]},{\"@type\":\"Person\",\"@id\":\"https:\/\/www.pressenza.com\/de\/#\/schema\/person\/57bb5480943a496a7722b0248e4b658a\",\"name\":\"Pressenza Berlin\",\"description\":\"News from the Pressenza Bureau in Berlin, Germany\",\"sameAs\":[\"https:\/\/www.facebook.com\/Pressenza-Deutschland-sterreich-Schweiz-281675388658060\/timeline\/\",\"https:\/\/x.com\/pressenza_ger\"],\"url\":\"https:\/\/www.pressenza.com\/de\/author\/pressenza-berlin\/\"}]}<\/script>\n<!-- \/ Yoast SEO plugin. -->","yoast_head_json":{"title":"Parents for Future kritisieren R\u00e4umungen im Hambacher Wald","description":"Parents For Future solidarisieren sich mit der Besetzung im Hambacher Wald und erkl\u00e4ren zu den laufenden R\u00e4umungen durch die Polizei NRW: Wir protestieren","robots":{"index":"index","follow":"follow","max-snippet":"max-snippet:-1","max-image-preview":"max-image-preview:large","max-video-preview":"max-video-preview:-1"},"canonical":"https:\/\/www.pressenza.com\/de\/2019\/03\/parents-for-future-kritisieren-raeumungen-im-hambacher-wald\/","og_locale":"de_DE","og_type":"article","og_title":"Parents for Future kritisieren R\u00e4umungen im Hambacher Wald","og_description":"Parents For Future solidarisieren sich mit der Besetzung im Hambacher Wald und erkl\u00e4ren zu den laufenden R\u00e4umungen durch die Polizei NRW: Wir protestieren","og_url":"https:\/\/www.pressenza.com\/de\/2019\/03\/parents-for-future-kritisieren-raeumungen-im-hambacher-wald\/","og_site_name":"Pressenza","article_publisher":"https:\/\/www.facebook.com\/PressenzaItalia","article_author":"https:\/\/www.facebook.com\/Pressenza-Deutschland-sterreich-Schweiz-281675388658060\/timeline\/","article_published_time":"2019-03-26T12:01:11+00:00","article_modified_time":"2019-03-26T12:01:41+00:00","og_image":[{"width":750,"height":568,"url":"https:\/\/www.pressenza.com\/wp-content\/uploads\/2019\/03\/Parents4Future_Hambacher_Forst.jpg","type":"image\/jpeg"}],"author":"Pressenza Berlin","twitter_card":"summary_large_image","twitter_creator":"@pressenza_ger","twitter_site":"@PressenzaIPA","twitter_misc":{"Verfasst von":"Pressenza Berlin","Gesch\u00e4tzte Lesezeit":"2\u00a0Minuten"},"schema":{"@context":"https:\/\/schema.org","@graph":[{"@type":"Article","@id":"https:\/\/www.pressenza.com\/de\/2019\/03\/parents-for-future-kritisieren-raeumungen-im-hambacher-wald\/#article","isPartOf":{"@id":"https:\/\/www.pressenza.com\/de\/2019\/03\/parents-for-future-kritisieren-raeumungen-im-hambacher-wald\/"},"author":{"name":"Pressenza Berlin","@id":"https:\/\/www.pressenza.com\/de\/#\/schema\/person\/57bb5480943a496a7722b0248e4b658a"},"headline":"Parents for Future kritisieren R\u00e4umungen im Hambacher Wald","datePublished":"2019-03-26T12:01:11+00:00","dateModified":"2019-03-26T12:01:41+00:00","mainEntityOfPage":{"@id":"https:\/\/www.pressenza.com\/de\/2019\/03\/parents-for-future-kritisieren-raeumungen-im-hambacher-wald\/"},"wordCount":498,"publisher":{"@id":"https:\/\/www.pressenza.com\/de\/#organization"},"image":{"@id":"https:\/\/www.pressenza.com\/de\/2019\/03\/parents-for-future-kritisieren-raeumungen-im-hambacher-wald\/#primaryimage"},"thumbnailUrl":"https:\/\/www.pressenza.com\/wp-content\/uploads\/2019\/03\/Parents4Future_Hambacher_Forst.jpg","keywords":["#ParentsForFuture","Alle D\u00f6rfer bleiben","Braunkohle","Hambacher Forst","RWE"],"articleSection":["\u00d6kologie und Umwelt","Pressemitteilungen"],"inLanguage":"de"},{"@type":"WebPage","@id":"https:\/\/www.pressenza.com\/de\/2019\/03\/parents-for-future-kritisieren-raeumungen-im-hambacher-wald\/","url":"https:\/\/www.pressenza.com\/de\/2019\/03\/parents-for-future-kritisieren-raeumungen-im-hambacher-wald\/","name":"Parents for Future kritisieren R\u00e4umungen im Hambacher Wald","isPartOf":{"@id":"https:\/\/www.pressenza.com\/de\/#website"},"primaryImageOfPage":{"@id":"https:\/\/www.pressenza.com\/de\/2019\/03\/parents-for-future-kritisieren-raeumungen-im-hambacher-wald\/#primaryimage"},"image":{"@id":"https:\/\/www.pressenza.com\/de\/2019\/03\/parents-for-future-kritisieren-raeumungen-im-hambacher-wald\/#primaryimage"},"thumbnailUrl":"https:\/\/www.pressenza.com\/wp-content\/uploads\/2019\/03\/Parents4Future_Hambacher_Forst.jpg","datePublished":"2019-03-26T12:01:11+00:00","dateModified":"2019-03-26T12:01:41+00:00","description":"Parents For Future solidarisieren sich mit der Besetzung im Hambacher Wald und erkl\u00e4ren zu den laufenden R\u00e4umungen durch die Polizei NRW: Wir protestieren","breadcrumb":{"@id":"https:\/\/www.pressenza.com\/de\/2019\/03\/parents-for-future-kritisieren-raeumungen-im-hambacher-wald\/#breadcrumb"},"inLanguage":"de","potentialAction":[{"@type":"ReadAction","target":["https:\/\/www.pressenza.com\/de\/2019\/03\/parents-for-future-kritisieren-raeumungen-im-hambacher-wald\/"]}]},{"@type":"ImageObject","inLanguage":"de","@id":"https:\/\/www.pressenza.com\/de\/2019\/03\/parents-for-future-kritisieren-raeumungen-im-hambacher-wald\/#primaryimage","url":"https:\/\/www.pressenza.com\/wp-content\/uploads\/2019\/03\/Parents4Future_Hambacher_Forst.jpg","contentUrl":"https:\/\/www.pressenza.com\/wp-content\/uploads\/2019\/03\/Parents4Future_Hambacher_Forst.jpg","width":750,"height":568,"caption":"Parents4Future Hambacher Forst Alle D\u00f6rfer bleiben"},{"@type":"BreadcrumbList","@id":"https:\/\/www.pressenza.com\/de\/2019\/03\/parents-for-future-kritisieren-raeumungen-im-hambacher-wald\/#breadcrumb","itemListElement":[{"@type":"ListItem","position":1,"name":"Accueil","item":"https:\/\/www.pressenza.com\/de\/"},{"@type":"ListItem","position":2,"name":"Parents for Future kritisieren R\u00e4umungen im Hambacher Wald"}]},{"@type":"WebSite","@id":"https:\/\/www.pressenza.com\/de\/#website","url":"https:\/\/www.pressenza.com\/de\/","name":"Pressenza","description":"International Press Agency","publisher":{"@id":"https:\/\/www.pressenza.com\/de\/#organization"},"potentialAction":[{"@type":"SearchAction","target":{"@type":"EntryPoint","urlTemplate":"https:\/\/www.pressenza.com\/de\/?s={search_term_string}"},"query-input":{"@type":"PropertyValueSpecification","valueRequired":true,"valueName":"search_term_string"}}],"inLanguage":"de"},{"@type":"Organization","@id":"https:\/\/www.pressenza.com\/de\/#organization","name":"Pressenza","url":"https:\/\/www.pressenza.com\/de\/","logo":{"@type":"ImageObject","inLanguage":"de","@id":"https:\/\/www.pressenza.com\/de\/#\/schema\/logo\/image\/","url":"https:\/\/www.pressenza.com\/wp-content\/uploads\/2022\/10\/pressenza_logo_200x200.jpg","contentUrl":"https:\/\/www.pressenza.com\/wp-content\/uploads\/2022\/10\/pressenza_logo_200x200.jpg","width":200,"height":200,"caption":"Pressenza"},"image":{"@id":"https:\/\/www.pressenza.com\/de\/#\/schema\/logo\/image\/"},"sameAs":["https:\/\/www.facebook.com\/PressenzaItalia","https:\/\/x.com\/PressenzaIPA"]},{"@type":"Person","@id":"https:\/\/www.pressenza.com\/de\/#\/schema\/person\/57bb5480943a496a7722b0248e4b658a","name":"Pressenza Berlin","description":"News from the Pressenza Bureau in Berlin, Germany","sameAs":["https:\/\/www.facebook.com\/Pressenza-Deutschland-sterreich-Schweiz-281675388658060\/timeline\/","https:\/\/x.com\/pressenza_ger"],"url":"https:\/\/www.pressenza.com\/de\/author\/pressenza-berlin\/"}]}},"place":"","original_article_url":"","_links":{"self":[{"href":"https:\/\/www.pressenza.com\/de\/wp-json\/wp\/v2\/posts\/830428","targetHints":{"allow":["GET"]}}],"collection":[{"href":"https:\/\/www.pressenza.com\/de\/wp-json\/wp\/v2\/posts"}],"about":[{"href":"https:\/\/www.pressenza.com\/de\/wp-json\/wp\/v2\/types\/post"}],"author":[{"embeddable":true,"href":"https:\/\/www.pressenza.com\/de\/wp-json\/wp\/v2\/users\/1095"}],"replies":[{"embeddable":true,"href":"https:\/\/www.pressenza.com\/de\/wp-json\/wp\/v2\/comments?post=830428"}],"version-history":[{"count":0,"href":"https:\/\/www.pressenza.com\/de\/wp-json\/wp\/v2\/posts\/830428\/revisions"}],"wp:featuredmedia":[{"embeddable":true,"href":"https:\/\/www.pressenza.com\/de\/wp-json\/wp\/v2\/media\/830430"}],"wp:attachment":[{"href":"https:\/\/www.pressenza.com\/de\/wp-json\/wp\/v2\/media?parent=830428"}],"wp:term":[{"taxonomy":"category","embeddable":true,"href":"https:\/\/www.pressenza.com\/de\/wp-json\/wp\/v2\/categories?post=830428"},{"taxonomy":"post_tag","embeddable":true,"href":"https:\/\/www.pressenza.com\/de\/wp-json\/wp\/v2\/tags?post=830428"}],"curies":[{"name":"wp","href":"https:\/\/api.w.org\/{rel}","templated":true}]}}