{"id":823907,"date":"2019-03-15T12:24:12","date_gmt":"2019-03-15T12:24:12","guid":{"rendered":"https:\/\/www.pressenza.com\/?p=823907"},"modified":"2019-03-15T12:26:19","modified_gmt":"2019-03-15T12:26:19","slug":"massenweise-deutsche-mordwaffen-in-kolumbien","status":"publish","type":"post","link":"https:\/\/www.pressenza.com\/de\/2019\/03\/massenweise-deutsche-mordwaffen-in-kolumbien\/","title":{"rendered":"Massenweise deutsche Mordwaffen in Kolumbien"},"content":{"rendered":"<div class=\"field field-name-field-story-kurzbeschreibung field-type-text-long field-label-hidden\">\n<div class=\"field-items\">\n<div class=\"field-item even\">\n<p><strong>Kathrin Vogler, Abgeordnete der Partei DIE LINKE kommentiert die Absprache zwischen dem Oberstaatsanwalt und den SIG-Sauer-Managern, die sich diese Woche wegen illegaler Waffenexporte in das B\u00fcrgerkriegsland Kolumbien vor dem Landgericht Kiel verantworten mussten.<\/strong><\/p>\n<\/div>\n<\/div>\n<\/div>\n<div class=\"field field-name-body field-type-text-with-summary field-label-hidden\">\n<div class=\"field-items\">\n<div class=\"field-item even\">\n<p>&#8222;Es ist nicht zu fassen, dass sich die Staatsanwaltschaft in diesem Verfahren auf einen Handel mit den Angeklagten eingelassen hat. Die von ihnen vors\u00e4tzlich und skrupellos organisierte Ausfuhr von 38.000 Handfeuerwaffen aus Deutschland \u00fcber die USA in das damalige B\u00fcrgerkriegsland Kolumbien ist kein Kavaliersdelikt, sondern Beihilfe zum Massenmord: Die SIG-Sauer-Pistolen sind inzwischen \u00fcber ganz Kolumbien verteilt. Nicht nur Polizeiangeh\u00f6rige und Soldaten, sondern auch Drogenbanden und Stra\u00dfengangs benutzen sie. Die Zahl der Opfer dieser Waffen ist immens hoch. Die Bew\u00e4hrungsstrafen f\u00fcr die Mitverantwortlichen an den Morden in Kolumbien sind ein brutaler Schlag ins Gesicht f\u00fcr alle Angeh\u00f6rigen dieser Opfer.&#8220;<\/p>\n<p>Dass nur einer der angeklagten Topmanager vom Landgericht Kiel neben der Bew\u00e4hrungsstrafe mit einer Geldbu\u00dfe in H\u00f6he von maximal 900.000 Euro belegt werden soll, kritisiert Kathrin Vogler scharf als &#8222;symbolischen Akt&#8220;, der in keinem Verh\u00e4ltnis zum angerichteten Schaden und der umgesetzten Pistolenmenge steht: &#8222;Wir haben es hier mit dem gr\u00f6\u00dften illegalen Export von Kleinwaffen in ein B\u00fcrgerkriegsland in der Geschichte der Bundesrepublik Deutschland zu tun. Der Wert der illegal nach Kolumbien geschmuggelten Pistolen betr\u00e4gt bis zu 16 Millionen US-Dollar. Aber anstatt auf Abschreckung zu setzen und den unrechtm\u00e4\u00dfig erworbenen Umsatz abzusch\u00f6pfen, l\u00e4sst das Gericht unverh\u00e4ltnism\u00e4\u00dfige Milde walten. Das Urteil signalisiert: gesetzwidriger Waffenexport lohnt sich und wird h\u00f6chstens sachte bestraft. Es l\u00e4dt geradezu dazu ein, es den SIG-Sauer-Managern gleich zu tun.&#8220;<\/p>\n<p>Kathrin Vogler weiter: &#8222;Die einzig sichere Strategie, mit der ausgeschlossen werden kann, dass R\u00fcstungsunternehmen aus Krieg, Gewalt und Mord Profit schlagen, ist ein umfassendes R\u00fcstungsexportverbot. Als ersten Schritt dahin muss der Export von Kleinwaffen, den Massenvernichtungswaffen des 21. Jahrhunderts, gestoppt werden.&#8220;<\/p>\n<p>Der Beitrag wurde von unserem Medienpartner <a href=\"https:\/\/weltnetz.tv\/story\/1814-massenweise-deutsche-mordwaffen-kolumbien\" target=\"_blank\" rel=\"noopener\">Weltnetz.tv<\/a> \u00fcbernommen und der Originalartikel kann hier gelesen werden: <a class=\"ext\" href=\"https:\/\/www.kathrin-vogler.de\/start\/aktuell\/details\/news\/schlag-ins-gesicht-der-opfer-des-waffenschmuggels\/\" target=\"_blank\" rel=\"noopener noreferrer\">https:\/\/www.kathrin-vogler.de<\/a><\/p>\n<\/div>\n<\/div>\n<\/div>\n","protected":false},"excerpt":{"rendered":"<p>Kathrin Vogler, Abgeordnete der Partei DIE LINKE kommentiert die Absprache zwischen dem Oberstaatsanwalt und den SIG-Sauer-Managern, die sich diese Woche wegen illegaler Waffenexporte in das B\u00fcrgerkriegsland Kolumbien vor dem Landgericht Kiel verantworten mussten. &#8222;Es ist nicht zu fassen, dass sich&hellip;<\/p>\n","protected":false},"author":1544,"featured_media":824008,"comment_status":"closed","ping_status":"closed","sticky":false,"template":"","format":"standard","meta":{"footnotes":""},"categories":[9167,7835,9145],"tags":[49426,56349,56348,56351,12517,56350,10329,44075],"class_list":["post-823907","post","type-post","status-publish","format-standard","has-post-thumbnail","hentry","category-frieden-und-abruestung","category-international-de","category-pressemitteilungen","tag-buergerkriegslaender","tag-illegaler-waffenexporte","tag-kathrin-vogler","tag-kleinwaffen","tag-kolumbien","tag-sig-sauer","tag-waffenexporte","tag-waffenexporte-in-kriegsgebiete"],"yoast_head":"<!-- This site is optimized with the Yoast SEO plugin v27.1.1 - https:\/\/yoast.com\/product\/yoast-seo-wordpress\/ -->\n<title>Massenweise deutsche Mordwaffen in Kolumbien<\/title>\n<meta name=\"description\" content=\"Kathrin Vogler, Abgeordnete der Partei DIE LINKE kommentiert die Absprache zwischen dem Oberstaatsanwalt und den SIG-Sauer-Managern, die sich diese Woche\" \/>\n<meta name=\"robots\" content=\"index, follow, max-snippet:-1, max-image-preview:large, max-video-preview:-1\" \/>\n<link rel=\"canonical\" href=\"https:\/\/www.pressenza.com\/de\/2019\/03\/massenweise-deutsche-mordwaffen-in-kolumbien\/\" \/>\n<meta property=\"og:locale\" content=\"de_DE\" \/>\n<meta property=\"og:type\" content=\"article\" \/>\n<meta property=\"og:title\" content=\"Massenweise deutsche Mordwaffen in Kolumbien\" \/>\n<meta property=\"og:description\" content=\"Kathrin Vogler, Abgeordnete der Partei DIE LINKE kommentiert die Absprache zwischen dem Oberstaatsanwalt und den SIG-Sauer-Managern, die sich diese Woche\" \/>\n<meta property=\"og:url\" content=\"https:\/\/www.pressenza.com\/de\/2019\/03\/massenweise-deutsche-mordwaffen-in-kolumbien\/\" \/>\n<meta property=\"og:site_name\" content=\"Pressenza\" \/>\n<meta property=\"article:publisher\" content=\"https:\/\/www.facebook.com\/PressenzaItalia\" \/>\n<meta property=\"article:published_time\" content=\"2019-03-15T12:24:12+00:00\" \/>\n<meta property=\"article:modified_time\" content=\"2019-03-15T12:26:19+00:00\" \/>\n<meta property=\"og:image\" content=\"https:\/\/www.pressenza.com\/wp-content\/uploads\/2019\/03\/csm_603A7601-F63E-4919-8C6E-76B758565BF5_649af6f4b3.jpeg\" \/>\n\t<meta property=\"og:image:width\" content=\"750\" \/>\n\t<meta property=\"og:image:height\" content=\"563\" \/>\n\t<meta property=\"og:image:type\" content=\"image\/jpeg\" \/>\n<meta name=\"author\" content=\"Weltnetz.tv\" \/>\n<meta name=\"twitter:card\" content=\"summary_large_image\" \/>\n<meta name=\"twitter:creator\" content=\"@PressenzaIPA\" \/>\n<meta name=\"twitter:site\" content=\"@PressenzaIPA\" \/>\n<meta name=\"twitter:label1\" content=\"Verfasst von\" \/>\n\t<meta name=\"twitter:data1\" content=\"Weltnetz.tv\" \/>\n\t<meta name=\"twitter:label2\" content=\"Gesch\u00e4tzte Lesezeit\" \/>\n\t<meta name=\"twitter:data2\" content=\"2\u00a0Minuten\" \/>\n<script type=\"application\/ld+json\" class=\"yoast-schema-graph\">{\"@context\":\"https:\/\/schema.org\",\"@graph\":[{\"@type\":\"Article\",\"@id\":\"https:\/\/www.pressenza.com\/de\/2019\/03\/massenweise-deutsche-mordwaffen-in-kolumbien\/#article\",\"isPartOf\":{\"@id\":\"https:\/\/www.pressenza.com\/de\/2019\/03\/massenweise-deutsche-mordwaffen-in-kolumbien\/\"},\"author\":{\"name\":\"Weltnetz.tv\",\"@id\":\"https:\/\/www.pressenza.com\/de\/#\/schema\/person\/858fcbf7506f1c43b6e675599c203b51\"},\"headline\":\"Massenweise deutsche Mordwaffen in Kolumbien\",\"datePublished\":\"2019-03-15T12:24:12+00:00\",\"dateModified\":\"2019-03-15T12:26:19+00:00\",\"mainEntityOfPage\":{\"@id\":\"https:\/\/www.pressenza.com\/de\/2019\/03\/massenweise-deutsche-mordwaffen-in-kolumbien\/\"},\"wordCount\":338,\"publisher\":{\"@id\":\"https:\/\/www.pressenza.com\/de\/#organization\"},\"image\":{\"@id\":\"https:\/\/www.pressenza.com\/de\/2019\/03\/massenweise-deutsche-mordwaffen-in-kolumbien\/#primaryimage\"},\"thumbnailUrl\":\"https:\/\/www.pressenza.com\/wp-content\/uploads\/2019\/03\/csm_603A7601-F63E-4919-8C6E-76B758565BF5_649af6f4b3.jpeg\",\"keywords\":[\"B\u00fcrgerkriegsl\u00e4nder\",\"illegaler Waffenexporte\",\"Kathrin Vogler\",\"Kleinwaffen\",\"Kolumbien\",\"SIG-Sauer\",\"Waffenexporte\",\"Waffenexporte in Kriegsgebiete\"],\"articleSection\":[\"Frieden und Abr\u00fcstung\",\"International\",\"Pressemitteilungen\"],\"inLanguage\":\"de\"},{\"@type\":\"WebPage\",\"@id\":\"https:\/\/www.pressenza.com\/de\/2019\/03\/massenweise-deutsche-mordwaffen-in-kolumbien\/\",\"url\":\"https:\/\/www.pressenza.com\/de\/2019\/03\/massenweise-deutsche-mordwaffen-in-kolumbien\/\",\"name\":\"Massenweise deutsche Mordwaffen in Kolumbien\",\"isPartOf\":{\"@id\":\"https:\/\/www.pressenza.com\/de\/#website\"},\"primaryImageOfPage\":{\"@id\":\"https:\/\/www.pressenza.com\/de\/2019\/03\/massenweise-deutsche-mordwaffen-in-kolumbien\/#primaryimage\"},\"image\":{\"@id\":\"https:\/\/www.pressenza.com\/de\/2019\/03\/massenweise-deutsche-mordwaffen-in-kolumbien\/#primaryimage\"},\"thumbnailUrl\":\"https:\/\/www.pressenza.com\/wp-content\/uploads\/2019\/03\/csm_603A7601-F63E-4919-8C6E-76B758565BF5_649af6f4b3.jpeg\",\"datePublished\":\"2019-03-15T12:24:12+00:00\",\"dateModified\":\"2019-03-15T12:26:19+00:00\",\"description\":\"Kathrin Vogler, Abgeordnete der Partei DIE LINKE kommentiert die Absprache zwischen dem Oberstaatsanwalt und den SIG-Sauer-Managern, die sich diese Woche\",\"breadcrumb\":{\"@id\":\"https:\/\/www.pressenza.com\/de\/2019\/03\/massenweise-deutsche-mordwaffen-in-kolumbien\/#breadcrumb\"},\"inLanguage\":\"de\",\"potentialAction\":[{\"@type\":\"ReadAction\",\"target\":[\"https:\/\/www.pressenza.com\/de\/2019\/03\/massenweise-deutsche-mordwaffen-in-kolumbien\/\"]}]},{\"@type\":\"ImageObject\",\"inLanguage\":\"de\",\"@id\":\"https:\/\/www.pressenza.com\/de\/2019\/03\/massenweise-deutsche-mordwaffen-in-kolumbien\/#primaryimage\",\"url\":\"https:\/\/www.pressenza.com\/wp-content\/uploads\/2019\/03\/csm_603A7601-F63E-4919-8C6E-76B758565BF5_649af6f4b3.jpeg\",\"contentUrl\":\"https:\/\/www.pressenza.com\/wp-content\/uploads\/2019\/03\/csm_603A7601-F63E-4919-8C6E-76B758565BF5_649af6f4b3.jpeg\",\"width\":750,\"height\":563},{\"@type\":\"BreadcrumbList\",\"@id\":\"https:\/\/www.pressenza.com\/de\/2019\/03\/massenweise-deutsche-mordwaffen-in-kolumbien\/#breadcrumb\",\"itemListElement\":[{\"@type\":\"ListItem\",\"position\":1,\"name\":\"Accueil\",\"item\":\"https:\/\/www.pressenza.com\/de\/\"},{\"@type\":\"ListItem\",\"position\":2,\"name\":\"Massenweise deutsche Mordwaffen in Kolumbien\"}]},{\"@type\":\"WebSite\",\"@id\":\"https:\/\/www.pressenza.com\/de\/#website\",\"url\":\"https:\/\/www.pressenza.com\/de\/\",\"name\":\"Pressenza\",\"description\":\"International Press Agency\",\"publisher\":{\"@id\":\"https:\/\/www.pressenza.com\/de\/#organization\"},\"potentialAction\":[{\"@type\":\"SearchAction\",\"target\":{\"@type\":\"EntryPoint\",\"urlTemplate\":\"https:\/\/www.pressenza.com\/de\/?s={search_term_string}\"},\"query-input\":{\"@type\":\"PropertyValueSpecification\",\"valueRequired\":true,\"valueName\":\"search_term_string\"}}],\"inLanguage\":\"de\"},{\"@type\":\"Organization\",\"@id\":\"https:\/\/www.pressenza.com\/de\/#organization\",\"name\":\"Pressenza\",\"url\":\"https:\/\/www.pressenza.com\/de\/\",\"logo\":{\"@type\":\"ImageObject\",\"inLanguage\":\"de\",\"@id\":\"https:\/\/www.pressenza.com\/de\/#\/schema\/logo\/image\/\",\"url\":\"https:\/\/www.pressenza.com\/wp-content\/uploads\/2022\/10\/pressenza_logo_200x200.jpg\",\"contentUrl\":\"https:\/\/www.pressenza.com\/wp-content\/uploads\/2022\/10\/pressenza_logo_200x200.jpg\",\"width\":200,\"height\":200,\"caption\":\"Pressenza\"},\"image\":{\"@id\":\"https:\/\/www.pressenza.com\/de\/#\/schema\/logo\/image\/\"},\"sameAs\":[\"https:\/\/www.facebook.com\/PressenzaItalia\",\"https:\/\/x.com\/PressenzaIPA\"]},{\"@type\":\"Person\",\"@id\":\"https:\/\/www.pressenza.com\/de\/#\/schema\/person\/858fcbf7506f1c43b6e675599c203b51\",\"name\":\"Weltnetz.tv\",\"description\":\"Plattform f\u00fcr alternativen Videojournalismus Weltnetz.tv schlie\u00dft eine L\u00fccke in der alternativen deutschen Medienlandschaft. Seit dem Start Mitte Juni 2010 baut dieses Portal eine Plattform f\u00fcr linken und unabh\u00e4ngigen Videojournalismus auf. Weltnetz.tv dient als Knotenpunkt verschiedener Internet-Projekte, um im Sinne unabh\u00e4ngiger Berichterstattung eine Gegen\u00f6ffentlichkeit zu st\u00e4rken und zu verbreiten. Das Portal versteht sich keinesfalls als Konkurrenz zu diesen Angeboten, sondern will ihre Verbreitung unterst\u00fctzen und durch eigene Beitr\u00e4ge erg\u00e4nzen.\",\"sameAs\":[\"https:\/\/weltnetz.tv\"],\"url\":\"https:\/\/www.pressenza.com\/de\/author\/weltnetz-tv\/\"}]}<\/script>\n<!-- \/ Yoast SEO plugin. -->","yoast_head_json":{"title":"Massenweise deutsche Mordwaffen in Kolumbien","description":"Kathrin Vogler, Abgeordnete der Partei DIE LINKE kommentiert die Absprache zwischen dem Oberstaatsanwalt und den SIG-Sauer-Managern, die sich diese Woche","robots":{"index":"index","follow":"follow","max-snippet":"max-snippet:-1","max-image-preview":"max-image-preview:large","max-video-preview":"max-video-preview:-1"},"canonical":"https:\/\/www.pressenza.com\/de\/2019\/03\/massenweise-deutsche-mordwaffen-in-kolumbien\/","og_locale":"de_DE","og_type":"article","og_title":"Massenweise deutsche Mordwaffen in Kolumbien","og_description":"Kathrin Vogler, Abgeordnete der Partei DIE LINKE kommentiert die Absprache zwischen dem Oberstaatsanwalt und den SIG-Sauer-Managern, die sich diese Woche","og_url":"https:\/\/www.pressenza.com\/de\/2019\/03\/massenweise-deutsche-mordwaffen-in-kolumbien\/","og_site_name":"Pressenza","article_publisher":"https:\/\/www.facebook.com\/PressenzaItalia","article_published_time":"2019-03-15T12:24:12+00:00","article_modified_time":"2019-03-15T12:26:19+00:00","og_image":[{"width":750,"height":563,"url":"https:\/\/www.pressenza.com\/wp-content\/uploads\/2019\/03\/csm_603A7601-F63E-4919-8C6E-76B758565BF5_649af6f4b3.jpeg","type":"image\/jpeg"}],"author":"Weltnetz.tv","twitter_card":"summary_large_image","twitter_creator":"@PressenzaIPA","twitter_site":"@PressenzaIPA","twitter_misc":{"Verfasst von":"Weltnetz.tv","Gesch\u00e4tzte Lesezeit":"2\u00a0Minuten"},"schema":{"@context":"https:\/\/schema.org","@graph":[{"@type":"Article","@id":"https:\/\/www.pressenza.com\/de\/2019\/03\/massenweise-deutsche-mordwaffen-in-kolumbien\/#article","isPartOf":{"@id":"https:\/\/www.pressenza.com\/de\/2019\/03\/massenweise-deutsche-mordwaffen-in-kolumbien\/"},"author":{"name":"Weltnetz.tv","@id":"https:\/\/www.pressenza.com\/de\/#\/schema\/person\/858fcbf7506f1c43b6e675599c203b51"},"headline":"Massenweise deutsche Mordwaffen in Kolumbien","datePublished":"2019-03-15T12:24:12+00:00","dateModified":"2019-03-15T12:26:19+00:00","mainEntityOfPage":{"@id":"https:\/\/www.pressenza.com\/de\/2019\/03\/massenweise-deutsche-mordwaffen-in-kolumbien\/"},"wordCount":338,"publisher":{"@id":"https:\/\/www.pressenza.com\/de\/#organization"},"image":{"@id":"https:\/\/www.pressenza.com\/de\/2019\/03\/massenweise-deutsche-mordwaffen-in-kolumbien\/#primaryimage"},"thumbnailUrl":"https:\/\/www.pressenza.com\/wp-content\/uploads\/2019\/03\/csm_603A7601-F63E-4919-8C6E-76B758565BF5_649af6f4b3.jpeg","keywords":["B\u00fcrgerkriegsl\u00e4nder","illegaler Waffenexporte","Kathrin Vogler","Kleinwaffen","Kolumbien","SIG-Sauer","Waffenexporte","Waffenexporte in Kriegsgebiete"],"articleSection":["Frieden und Abr\u00fcstung","International","Pressemitteilungen"],"inLanguage":"de"},{"@type":"WebPage","@id":"https:\/\/www.pressenza.com\/de\/2019\/03\/massenweise-deutsche-mordwaffen-in-kolumbien\/","url":"https:\/\/www.pressenza.com\/de\/2019\/03\/massenweise-deutsche-mordwaffen-in-kolumbien\/","name":"Massenweise deutsche Mordwaffen in Kolumbien","isPartOf":{"@id":"https:\/\/www.pressenza.com\/de\/#website"},"primaryImageOfPage":{"@id":"https:\/\/www.pressenza.com\/de\/2019\/03\/massenweise-deutsche-mordwaffen-in-kolumbien\/#primaryimage"},"image":{"@id":"https:\/\/www.pressenza.com\/de\/2019\/03\/massenweise-deutsche-mordwaffen-in-kolumbien\/#primaryimage"},"thumbnailUrl":"https:\/\/www.pressenza.com\/wp-content\/uploads\/2019\/03\/csm_603A7601-F63E-4919-8C6E-76B758565BF5_649af6f4b3.jpeg","datePublished":"2019-03-15T12:24:12+00:00","dateModified":"2019-03-15T12:26:19+00:00","description":"Kathrin Vogler, Abgeordnete der Partei DIE LINKE kommentiert die Absprache zwischen dem Oberstaatsanwalt und den SIG-Sauer-Managern, die sich diese Woche","breadcrumb":{"@id":"https:\/\/www.pressenza.com\/de\/2019\/03\/massenweise-deutsche-mordwaffen-in-kolumbien\/#breadcrumb"},"inLanguage":"de","potentialAction":[{"@type":"ReadAction","target":["https:\/\/www.pressenza.com\/de\/2019\/03\/massenweise-deutsche-mordwaffen-in-kolumbien\/"]}]},{"@type":"ImageObject","inLanguage":"de","@id":"https:\/\/www.pressenza.com\/de\/2019\/03\/massenweise-deutsche-mordwaffen-in-kolumbien\/#primaryimage","url":"https:\/\/www.pressenza.com\/wp-content\/uploads\/2019\/03\/csm_603A7601-F63E-4919-8C6E-76B758565BF5_649af6f4b3.jpeg","contentUrl":"https:\/\/www.pressenza.com\/wp-content\/uploads\/2019\/03\/csm_603A7601-F63E-4919-8C6E-76B758565BF5_649af6f4b3.jpeg","width":750,"height":563},{"@type":"BreadcrumbList","@id":"https:\/\/www.pressenza.com\/de\/2019\/03\/massenweise-deutsche-mordwaffen-in-kolumbien\/#breadcrumb","itemListElement":[{"@type":"ListItem","position":1,"name":"Accueil","item":"https:\/\/www.pressenza.com\/de\/"},{"@type":"ListItem","position":2,"name":"Massenweise deutsche Mordwaffen in Kolumbien"}]},{"@type":"WebSite","@id":"https:\/\/www.pressenza.com\/de\/#website","url":"https:\/\/www.pressenza.com\/de\/","name":"Pressenza","description":"International Press Agency","publisher":{"@id":"https:\/\/www.pressenza.com\/de\/#organization"},"potentialAction":[{"@type":"SearchAction","target":{"@type":"EntryPoint","urlTemplate":"https:\/\/www.pressenza.com\/de\/?s={search_term_string}"},"query-input":{"@type":"PropertyValueSpecification","valueRequired":true,"valueName":"search_term_string"}}],"inLanguage":"de"},{"@type":"Organization","@id":"https:\/\/www.pressenza.com\/de\/#organization","name":"Pressenza","url":"https:\/\/www.pressenza.com\/de\/","logo":{"@type":"ImageObject","inLanguage":"de","@id":"https:\/\/www.pressenza.com\/de\/#\/schema\/logo\/image\/","url":"https:\/\/www.pressenza.com\/wp-content\/uploads\/2022\/10\/pressenza_logo_200x200.jpg","contentUrl":"https:\/\/www.pressenza.com\/wp-content\/uploads\/2022\/10\/pressenza_logo_200x200.jpg","width":200,"height":200,"caption":"Pressenza"},"image":{"@id":"https:\/\/www.pressenza.com\/de\/#\/schema\/logo\/image\/"},"sameAs":["https:\/\/www.facebook.com\/PressenzaItalia","https:\/\/x.com\/PressenzaIPA"]},{"@type":"Person","@id":"https:\/\/www.pressenza.com\/de\/#\/schema\/person\/858fcbf7506f1c43b6e675599c203b51","name":"Weltnetz.tv","description":"Plattform f\u00fcr alternativen Videojournalismus Weltnetz.tv schlie\u00dft eine L\u00fccke in der alternativen deutschen Medienlandschaft. Seit dem Start Mitte Juni 2010 baut dieses Portal eine Plattform f\u00fcr linken und unabh\u00e4ngigen Videojournalismus auf. Weltnetz.tv dient als Knotenpunkt verschiedener Internet-Projekte, um im Sinne unabh\u00e4ngiger Berichterstattung eine Gegen\u00f6ffentlichkeit zu st\u00e4rken und zu verbreiten. Das Portal versteht sich keinesfalls als Konkurrenz zu diesen Angeboten, sondern will ihre Verbreitung unterst\u00fctzen und durch eigene Beitr\u00e4ge erg\u00e4nzen.","sameAs":["https:\/\/weltnetz.tv"],"url":"https:\/\/www.pressenza.com\/de\/author\/weltnetz-tv\/"}]}},"place":"","original_article_url":"https:\/\/weltnetz.tv\/story\/1814-massenweise-deutsche-mordwaffen-kolumbien","_links":{"self":[{"href":"https:\/\/www.pressenza.com\/de\/wp-json\/wp\/v2\/posts\/823907","targetHints":{"allow":["GET"]}}],"collection":[{"href":"https:\/\/www.pressenza.com\/de\/wp-json\/wp\/v2\/posts"}],"about":[{"href":"https:\/\/www.pressenza.com\/de\/wp-json\/wp\/v2\/types\/post"}],"author":[{"embeddable":true,"href":"https:\/\/www.pressenza.com\/de\/wp-json\/wp\/v2\/users\/1544"}],"replies":[{"embeddable":true,"href":"https:\/\/www.pressenza.com\/de\/wp-json\/wp\/v2\/comments?post=823907"}],"version-history":[{"count":0,"href":"https:\/\/www.pressenza.com\/de\/wp-json\/wp\/v2\/posts\/823907\/revisions"}],"wp:featuredmedia":[{"embeddable":true,"href":"https:\/\/www.pressenza.com\/de\/wp-json\/wp\/v2\/media\/824008"}],"wp:attachment":[{"href":"https:\/\/www.pressenza.com\/de\/wp-json\/wp\/v2\/media?parent=823907"}],"wp:term":[{"taxonomy":"category","embeddable":true,"href":"https:\/\/www.pressenza.com\/de\/wp-json\/wp\/v2\/categories?post=823907"},{"taxonomy":"post_tag","embeddable":true,"href":"https:\/\/www.pressenza.com\/de\/wp-json\/wp\/v2\/tags?post=823907"}],"curies":[{"name":"wp","href":"https:\/\/api.w.org\/{rel}","templated":true}]}}