{"id":823589,"date":"2019-03-14T20:15:39","date_gmt":"2019-03-14T20:15:39","guid":{"rendered":"https:\/\/www.pressenza.com\/?p=823589"},"modified":"2019-03-14T20:15:39","modified_gmt":"2019-03-14T20:15:39","slug":"parentsforfuture-aufruf-zum-weltweiten-klimastreik-am-15-maerz-und-offener-brief-an-die-schulen","status":"publish","type":"post","link":"https:\/\/www.pressenza.com\/de\/2019\/03\/parentsforfuture-aufruf-zum-weltweiten-klimastreik-am-15-maerz-und-offener-brief-an-die-schulen\/","title":{"rendered":"#ParentsForFuture: Aufruf zum weltweiten Klimastreik am 15. M\u00e4rz und offener Brief an die Schulen"},"content":{"rendered":"<h3>Gemeinsam f\u00fcr den Klimaschutz und unsere Zukunft: Parents For Future ruft zum weltweiten Klimastreik am 15.03.2019 auf!<\/h3>\n<p>Seit Wochen gehen jeden Freitag Sch\u00fcler*innen in Deutschland und weltweit auf die Stra\u00dfe. Unter dem Motto \u201cFridays For Future\u201d protestieren sie f\u00fcr ein entschlossenes Handeln gegen die sich ank\u00fcndigende Klimakatastrophe. Inspiriert durch Greta Thunberg w\u00e4hlen sie bewusst den Schulstreik als Aktionsform, weil sie so der Dringlichkeit ihres Anliegens &#8211; dem Erhalt unserer Zukunft als Menschheit &#8211; gr\u00f6\u00dftm\u00f6gliche Aufmerksamkeit verschaffen k\u00f6nnen.<\/p>\n<p>Mit ihrer Hauptforderung, der sofortigen und konsequenten Umsetzung des Pariser Klimaabkommens durch Politik und Gesellschaft, haben Sie die internationale Wissenschaft geschlossen hinter sich. 12.000 Wissenschaftler fordern im Zusammenschluss #Scientists4Future am 12.3. in der Bundespressekonferenz eine Beschleunigung der Klimaaktivit\u00e4ten um den Faktor 5.<\/p>\n<p>Das beherzte Engagement der jungen Menschen hat schnell auch Eltern und andere aktive Menschen inspiriert. Unter dem Namen Parents For Future haben sich in wenigen Wochen in ganz Deutschland aktive Erwachsene in einer parteiunabh\u00e4ngigen Initiative zusammengefunden, um Fridays For Future zu unterst\u00fctzen.<\/p>\n<p><strong>Aktuell wendet sich Parents For Future in einem <a href=\"https:\/\/parentsforfuture.de\/wp-content\/uploads\/2019\/03\/P4F-Brief-an-alle-Schulen-in-Deutschland.pdf\" target=\"_blank\" rel=\"noopener\">Brief<\/a> an alle Schulen in Deutschland:<\/strong><\/p>\n<p><strong>\u201eUnterst\u00fctzen Sie die Sch\u00fcler*innen und nutzen Sie ihr positives Engagement. Schaffen Sie Raum f\u00fcr Klima-Aktions-Tage an Ihren Schulen und erkennen Sie an, dass die Jugendlichen bei Fridays For Future sehr viel lernen und dass sie eigenverantwortlich in der Lage sind, vers\u00e4umte Unterrichtsinhalte aufzuarbeiten. Und kommen Sie als Schulexkursion gemeinsam am 15.3. zum weltweiten Klimastreik!\u201c<\/strong><\/p>\n<p><strong>Der Brief kann <a href=\"https:\/\/parentsforfuture.de\/unterschreiben-schulbrief\/\" target=\"_blank\" rel=\"noopener\">hier<\/a> mitgezeichnet werden.<\/strong><\/p>\n<p>Zum Streiktag am kommenden Freitag, der in fast 100 L\u00e4ndern und \u00fcber 1300 St\u00e4dten stattfindet, ruft Parents For Future Deutschland alle Menschen auf, sich den Protesten der Sch\u00fcler*innen anzuschlie\u00dfen: \u201eNur mit vielen Menschen gemeinsam k\u00f6nnen wir ein neues, weltweites Bewusstsein f\u00fcr die Klimakrise schaffen!\u201c<\/p>\n<p><strong>Parents For Future Deutschland<\/strong><\/p>\n<p>Webseite: <a href=\"https:\/\/parentsforfuture.de\" target=\"_blank\" rel=\"noopener\">https:\/\/parentsforfuture.de<\/a><\/p>\n<p>Information in English:\u00a0<a href=\"https:\/\/parentsforfuture.de\/dear-parents\/\" target=\"_blank\" rel=\"noopener\">https:\/\/parentsforfuture.de\/dear-parents\/<\/a><\/p>\n<p>Streikorte und Termine in Deutschland unter: <a href=\"https:\/\/fridaysforfuture.de\/march15th\/\" target=\"_blank\" rel=\"noopener\">https:\/\/fridaysforfuture.de\/march15th\/<\/a><\/p>\n<p>Streikorte weltweit: <a href=\"https:\/\/fridaysforfuture.org\/events\/map\" target=\"_blank\" rel=\"noopener\">https:\/\/fridaysforfuture.org\/events\/map<\/a><\/p>\n","protected":false},"excerpt":{"rendered":"<p>Gemeinsam f\u00fcr den Klimaschutz und unsere Zukunft: Parents For Future ruft zum weltweiten Klimastreik am 15.03.2019 auf! Seit Wochen gehen jeden Freitag Sch\u00fcler*innen in Deutschland und weltweit auf die Stra\u00dfe. Unter dem Motto \u201cFridays For Future\u201d protestieren sie f\u00fcr ein&hellip;<\/p>\n","protected":false},"author":1097,"featured_media":823596,"comment_status":"closed","ping_status":"closed","sticky":false,"template":"","format":"standard","meta":{"footnotes":""},"categories":[9159,9150,46978,9157,9145],"tags":[56317,56318,56316,56315,55985,54116,52827,56319,30246,52826,37473,54112,32519],"class_list":["post-823589","post","type-post","status-publish","format-standard","has-post-thumbnail","hentry","category-bildung","category-europa-de","category-jugend","category-oekologie-und-umwelt","category-pressemitteilungen","tag-fridays","tag-fridays4future","tag-parents4future","tag-parentsforfuture","tag-schoolsstrike4climate","tag-youth4climate","tag-youthforclimate","tag-15-maerz","tag-klimaschutz","tag-klimastreik","tag-schulen","tag-schuelerproteste","tag-zukunft"],"yoast_head":"<!-- This site is optimized with the Yoast SEO plugin v27.1.1 - https:\/\/yoast.com\/product\/yoast-seo-wordpress\/ -->\n<title>#ParentsForFuture: Aufruf zum weltweiten Klimastreik am 15. M\u00e4rz und offener Brief an die Schulen<\/title>\n<meta name=\"description\" content=\"Gemeinsam f\u00fcr den Klimaschutz und unsere Zukunft: Parents For Future ruft zum weltweiten Klimastreik am 15.03.2019 auf! Seit Wochen gehen jeden Freitag\" \/>\n<meta name=\"robots\" content=\"index, follow, max-snippet:-1, max-image-preview:large, max-video-preview:-1\" \/>\n<link rel=\"canonical\" href=\"https:\/\/www.pressenza.com\/de\/2019\/03\/parentsforfuture-aufruf-zum-weltweiten-klimastreik-am-15-maerz-und-offener-brief-an-die-schulen\/\" \/>\n<meta property=\"og:locale\" content=\"de_DE\" \/>\n<meta property=\"og:type\" content=\"article\" \/>\n<meta property=\"og:title\" content=\"#ParentsForFuture: Aufruf zum weltweiten Klimastreik am 15. M\u00e4rz und offener Brief an die Schulen\" \/>\n<meta property=\"og:description\" content=\"Gemeinsam f\u00fcr den Klimaschutz und unsere Zukunft: Parents For Future ruft zum weltweiten Klimastreik am 15.03.2019 auf! Seit Wochen gehen jeden Freitag\" \/>\n<meta property=\"og:url\" content=\"https:\/\/www.pressenza.com\/de\/2019\/03\/parentsforfuture-aufruf-zum-weltweiten-klimastreik-am-15-maerz-und-offener-brief-an-die-schulen\/\" \/>\n<meta property=\"og:site_name\" content=\"Pressenza\" \/>\n<meta property=\"article:publisher\" content=\"https:\/\/www.facebook.com\/PressenzaItalia\" \/>\n<meta property=\"article:author\" content=\"https:\/\/www.facebook.com\/Pressenza-Deutschland-sterreich-Schweiz-281675388658060\/timeline\/\" \/>\n<meta property=\"article:published_time\" content=\"2019-03-14T20:15:39+00:00\" \/>\n<meta property=\"og:image\" content=\"https:\/\/www.pressenza.com\/wp-content\/uploads\/2019\/03\/Foto_Jona_Ickes_PM_parentsforfuture.de_.jpg\" \/>\n\t<meta property=\"og:image:width\" content=\"2048\" \/>\n\t<meta property=\"og:image:height\" content=\"1259\" \/>\n\t<meta property=\"og:image:type\" content=\"image\/jpeg\" \/>\n<meta name=\"author\" content=\"Pressenza Muenchen\" \/>\n<meta name=\"twitter:card\" content=\"summary_large_image\" \/>\n<meta name=\"twitter:creator\" content=\"@pressenza_ger\" \/>\n<meta name=\"twitter:site\" content=\"@PressenzaIPA\" \/>\n<meta name=\"twitter:label1\" content=\"Verfasst von\" \/>\n\t<meta name=\"twitter:data1\" content=\"Pressenza Muenchen\" \/>\n\t<meta name=\"twitter:label2\" content=\"Gesch\u00e4tzte Lesezeit\" \/>\n\t<meta name=\"twitter:data2\" content=\"2\u00a0Minuten\" \/>\n<script type=\"application\/ld+json\" class=\"yoast-schema-graph\">{\"@context\":\"https:\/\/schema.org\",\"@graph\":[{\"@type\":\"Article\",\"@id\":\"https:\/\/www.pressenza.com\/de\/2019\/03\/parentsforfuture-aufruf-zum-weltweiten-klimastreik-am-15-maerz-und-offener-brief-an-die-schulen\/#article\",\"isPartOf\":{\"@id\":\"https:\/\/www.pressenza.com\/de\/2019\/03\/parentsforfuture-aufruf-zum-weltweiten-klimastreik-am-15-maerz-und-offener-brief-an-die-schulen\/\"},\"author\":{\"name\":\"Pressenza Muenchen\",\"@id\":\"https:\/\/www.pressenza.com\/de\/#\/schema\/person\/0069724cfb2cb9785368a167d0d900b7\"},\"headline\":\"#ParentsForFuture: Aufruf zum weltweiten Klimastreik am 15. M\u00e4rz und offener Brief an die Schulen\",\"datePublished\":\"2019-03-14T20:15:39+00:00\",\"mainEntityOfPage\":{\"@id\":\"https:\/\/www.pressenza.com\/de\/2019\/03\/parentsforfuture-aufruf-zum-weltweiten-klimastreik-am-15-maerz-und-offener-brief-an-die-schulen\/\"},\"wordCount\":345,\"publisher\":{\"@id\":\"https:\/\/www.pressenza.com\/de\/#organization\"},\"image\":{\"@id\":\"https:\/\/www.pressenza.com\/de\/2019\/03\/parentsforfuture-aufruf-zum-weltweiten-klimastreik-am-15-maerz-und-offener-brief-an-die-schulen\/#primaryimage\"},\"thumbnailUrl\":\"https:\/\/www.pressenza.com\/wp-content\/uploads\/2019\/03\/Foto_Jona_Ickes_PM_parentsforfuture.de_.jpg\",\"keywords\":[\"#Fridays\",\"#Fridays4Future\",\"#Parents4Future\",\"#ParentsForFuture\",\"#SchoolsStrike4Climate\",\"#Youth4Climate\",\"#YouthForClimate\",\"15. M\u00e4rz\",\"Klimaschutz\",\"Klimastreik\",\"Schulen\",\"Sch\u00fclerproteste\",\"Zukunft\"],\"articleSection\":[\"Bildung\",\"Europa\",\"Jugend\",\"\u00d6kologie und Umwelt\",\"Pressemitteilungen\"],\"inLanguage\":\"de\"},{\"@type\":\"WebPage\",\"@id\":\"https:\/\/www.pressenza.com\/de\/2019\/03\/parentsforfuture-aufruf-zum-weltweiten-klimastreik-am-15-maerz-und-offener-brief-an-die-schulen\/\",\"url\":\"https:\/\/www.pressenza.com\/de\/2019\/03\/parentsforfuture-aufruf-zum-weltweiten-klimastreik-am-15-maerz-und-offener-brief-an-die-schulen\/\",\"name\":\"#ParentsForFuture: Aufruf zum weltweiten Klimastreik am 15. M\u00e4rz und offener Brief an die Schulen\",\"isPartOf\":{\"@id\":\"https:\/\/www.pressenza.com\/de\/#website\"},\"primaryImageOfPage\":{\"@id\":\"https:\/\/www.pressenza.com\/de\/2019\/03\/parentsforfuture-aufruf-zum-weltweiten-klimastreik-am-15-maerz-und-offener-brief-an-die-schulen\/#primaryimage\"},\"image\":{\"@id\":\"https:\/\/www.pressenza.com\/de\/2019\/03\/parentsforfuture-aufruf-zum-weltweiten-klimastreik-am-15-maerz-und-offener-brief-an-die-schulen\/#primaryimage\"},\"thumbnailUrl\":\"https:\/\/www.pressenza.com\/wp-content\/uploads\/2019\/03\/Foto_Jona_Ickes_PM_parentsforfuture.de_.jpg\",\"datePublished\":\"2019-03-14T20:15:39+00:00\",\"description\":\"Gemeinsam f\u00fcr den Klimaschutz und unsere Zukunft: Parents For Future ruft zum weltweiten Klimastreik am 15.03.2019 auf! Seit Wochen gehen jeden Freitag\",\"breadcrumb\":{\"@id\":\"https:\/\/www.pressenza.com\/de\/2019\/03\/parentsforfuture-aufruf-zum-weltweiten-klimastreik-am-15-maerz-und-offener-brief-an-die-schulen\/#breadcrumb\"},\"inLanguage\":\"de\",\"potentialAction\":[{\"@type\":\"ReadAction\",\"target\":[\"https:\/\/www.pressenza.com\/de\/2019\/03\/parentsforfuture-aufruf-zum-weltweiten-klimastreik-am-15-maerz-und-offener-brief-an-die-schulen\/\"]}]},{\"@type\":\"ImageObject\",\"inLanguage\":\"de\",\"@id\":\"https:\/\/www.pressenza.com\/de\/2019\/03\/parentsforfuture-aufruf-zum-weltweiten-klimastreik-am-15-maerz-und-offener-brief-an-die-schulen\/#primaryimage\",\"url\":\"https:\/\/www.pressenza.com\/wp-content\/uploads\/2019\/03\/Foto_Jona_Ickes_PM_parentsforfuture.de_.jpg\",\"contentUrl\":\"https:\/\/www.pressenza.com\/wp-content\/uploads\/2019\/03\/Foto_Jona_Ickes_PM_parentsforfuture.de_.jpg\",\"width\":2048,\"height\":1259},{\"@type\":\"BreadcrumbList\",\"@id\":\"https:\/\/www.pressenza.com\/de\/2019\/03\/parentsforfuture-aufruf-zum-weltweiten-klimastreik-am-15-maerz-und-offener-brief-an-die-schulen\/#breadcrumb\",\"itemListElement\":[{\"@type\":\"ListItem\",\"position\":1,\"name\":\"Accueil\",\"item\":\"https:\/\/www.pressenza.com\/de\/\"},{\"@type\":\"ListItem\",\"position\":2,\"name\":\"#ParentsForFuture: Aufruf zum weltweiten Klimastreik am 15. M\u00e4rz und offener Brief an die Schulen\"}]},{\"@type\":\"WebSite\",\"@id\":\"https:\/\/www.pressenza.com\/de\/#website\",\"url\":\"https:\/\/www.pressenza.com\/de\/\",\"name\":\"Pressenza\",\"description\":\"International Press Agency\",\"publisher\":{\"@id\":\"https:\/\/www.pressenza.com\/de\/#organization\"},\"potentialAction\":[{\"@type\":\"SearchAction\",\"target\":{\"@type\":\"EntryPoint\",\"urlTemplate\":\"https:\/\/www.pressenza.com\/de\/?s={search_term_string}\"},\"query-input\":{\"@type\":\"PropertyValueSpecification\",\"valueRequired\":true,\"valueName\":\"search_term_string\"}}],\"inLanguage\":\"de\"},{\"@type\":\"Organization\",\"@id\":\"https:\/\/www.pressenza.com\/de\/#organization\",\"name\":\"Pressenza\",\"url\":\"https:\/\/www.pressenza.com\/de\/\",\"logo\":{\"@type\":\"ImageObject\",\"inLanguage\":\"de\",\"@id\":\"https:\/\/www.pressenza.com\/de\/#\/schema\/logo\/image\/\",\"url\":\"https:\/\/www.pressenza.com\/wp-content\/uploads\/2022\/10\/pressenza_logo_200x200.jpg\",\"contentUrl\":\"https:\/\/www.pressenza.com\/wp-content\/uploads\/2022\/10\/pressenza_logo_200x200.jpg\",\"width\":200,\"height\":200,\"caption\":\"Pressenza\"},\"image\":{\"@id\":\"https:\/\/www.pressenza.com\/de\/#\/schema\/logo\/image\/\"},\"sameAs\":[\"https:\/\/www.facebook.com\/PressenzaItalia\",\"https:\/\/x.com\/PressenzaIPA\"]},{\"@type\":\"Person\",\"@id\":\"https:\/\/www.pressenza.com\/de\/#\/schema\/person\/0069724cfb2cb9785368a167d0d900b7\",\"name\":\"Pressenza Muenchen\",\"description\":\"News from the Pressenza bureau in Munich, Germany\",\"sameAs\":[\"https:\/\/www.facebook.com\/Pressenza-Deutschland-sterreich-Schweiz-281675388658060\/timeline\/\",\"https:\/\/x.com\/pressenza_ger\"],\"url\":\"https:\/\/www.pressenza.com\/de\/author\/pressenza-muenchen\/\"}]}<\/script>\n<!-- \/ Yoast SEO plugin. -->","yoast_head_json":{"title":"#ParentsForFuture: Aufruf zum weltweiten Klimastreik am 15. M\u00e4rz und offener Brief an die Schulen","description":"Gemeinsam f\u00fcr den Klimaschutz und unsere Zukunft: Parents For Future ruft zum weltweiten Klimastreik am 15.03.2019 auf! Seit Wochen gehen jeden Freitag","robots":{"index":"index","follow":"follow","max-snippet":"max-snippet:-1","max-image-preview":"max-image-preview:large","max-video-preview":"max-video-preview:-1"},"canonical":"https:\/\/www.pressenza.com\/de\/2019\/03\/parentsforfuture-aufruf-zum-weltweiten-klimastreik-am-15-maerz-und-offener-brief-an-die-schulen\/","og_locale":"de_DE","og_type":"article","og_title":"#ParentsForFuture: Aufruf zum weltweiten Klimastreik am 15. M\u00e4rz und offener Brief an die Schulen","og_description":"Gemeinsam f\u00fcr den Klimaschutz und unsere Zukunft: Parents For Future ruft zum weltweiten Klimastreik am 15.03.2019 auf! Seit Wochen gehen jeden Freitag","og_url":"https:\/\/www.pressenza.com\/de\/2019\/03\/parentsforfuture-aufruf-zum-weltweiten-klimastreik-am-15-maerz-und-offener-brief-an-die-schulen\/","og_site_name":"Pressenza","article_publisher":"https:\/\/www.facebook.com\/PressenzaItalia","article_author":"https:\/\/www.facebook.com\/Pressenza-Deutschland-sterreich-Schweiz-281675388658060\/timeline\/","article_published_time":"2019-03-14T20:15:39+00:00","og_image":[{"width":2048,"height":1259,"url":"https:\/\/www.pressenza.com\/wp-content\/uploads\/2019\/03\/Foto_Jona_Ickes_PM_parentsforfuture.de_.jpg","type":"image\/jpeg"}],"author":"Pressenza Muenchen","twitter_card":"summary_large_image","twitter_creator":"@pressenza_ger","twitter_site":"@PressenzaIPA","twitter_misc":{"Verfasst von":"Pressenza Muenchen","Gesch\u00e4tzte Lesezeit":"2\u00a0Minuten"},"schema":{"@context":"https:\/\/schema.org","@graph":[{"@type":"Article","@id":"https:\/\/www.pressenza.com\/de\/2019\/03\/parentsforfuture-aufruf-zum-weltweiten-klimastreik-am-15-maerz-und-offener-brief-an-die-schulen\/#article","isPartOf":{"@id":"https:\/\/www.pressenza.com\/de\/2019\/03\/parentsforfuture-aufruf-zum-weltweiten-klimastreik-am-15-maerz-und-offener-brief-an-die-schulen\/"},"author":{"name":"Pressenza Muenchen","@id":"https:\/\/www.pressenza.com\/de\/#\/schema\/person\/0069724cfb2cb9785368a167d0d900b7"},"headline":"#ParentsForFuture: Aufruf zum weltweiten Klimastreik am 15. M\u00e4rz und offener Brief an die Schulen","datePublished":"2019-03-14T20:15:39+00:00","mainEntityOfPage":{"@id":"https:\/\/www.pressenza.com\/de\/2019\/03\/parentsforfuture-aufruf-zum-weltweiten-klimastreik-am-15-maerz-und-offener-brief-an-die-schulen\/"},"wordCount":345,"publisher":{"@id":"https:\/\/www.pressenza.com\/de\/#organization"},"image":{"@id":"https:\/\/www.pressenza.com\/de\/2019\/03\/parentsforfuture-aufruf-zum-weltweiten-klimastreik-am-15-maerz-und-offener-brief-an-die-schulen\/#primaryimage"},"thumbnailUrl":"https:\/\/www.pressenza.com\/wp-content\/uploads\/2019\/03\/Foto_Jona_Ickes_PM_parentsforfuture.de_.jpg","keywords":["#Fridays","#Fridays4Future","#Parents4Future","#ParentsForFuture","#SchoolsStrike4Climate","#Youth4Climate","#YouthForClimate","15. M\u00e4rz","Klimaschutz","Klimastreik","Schulen","Sch\u00fclerproteste","Zukunft"],"articleSection":["Bildung","Europa","Jugend","\u00d6kologie und Umwelt","Pressemitteilungen"],"inLanguage":"de"},{"@type":"WebPage","@id":"https:\/\/www.pressenza.com\/de\/2019\/03\/parentsforfuture-aufruf-zum-weltweiten-klimastreik-am-15-maerz-und-offener-brief-an-die-schulen\/","url":"https:\/\/www.pressenza.com\/de\/2019\/03\/parentsforfuture-aufruf-zum-weltweiten-klimastreik-am-15-maerz-und-offener-brief-an-die-schulen\/","name":"#ParentsForFuture: Aufruf zum weltweiten Klimastreik am 15. M\u00e4rz und offener Brief an die Schulen","isPartOf":{"@id":"https:\/\/www.pressenza.com\/de\/#website"},"primaryImageOfPage":{"@id":"https:\/\/www.pressenza.com\/de\/2019\/03\/parentsforfuture-aufruf-zum-weltweiten-klimastreik-am-15-maerz-und-offener-brief-an-die-schulen\/#primaryimage"},"image":{"@id":"https:\/\/www.pressenza.com\/de\/2019\/03\/parentsforfuture-aufruf-zum-weltweiten-klimastreik-am-15-maerz-und-offener-brief-an-die-schulen\/#primaryimage"},"thumbnailUrl":"https:\/\/www.pressenza.com\/wp-content\/uploads\/2019\/03\/Foto_Jona_Ickes_PM_parentsforfuture.de_.jpg","datePublished":"2019-03-14T20:15:39+00:00","description":"Gemeinsam f\u00fcr den Klimaschutz und unsere Zukunft: Parents For Future ruft zum weltweiten Klimastreik am 15.03.2019 auf! Seit Wochen gehen jeden Freitag","breadcrumb":{"@id":"https:\/\/www.pressenza.com\/de\/2019\/03\/parentsforfuture-aufruf-zum-weltweiten-klimastreik-am-15-maerz-und-offener-brief-an-die-schulen\/#breadcrumb"},"inLanguage":"de","potentialAction":[{"@type":"ReadAction","target":["https:\/\/www.pressenza.com\/de\/2019\/03\/parentsforfuture-aufruf-zum-weltweiten-klimastreik-am-15-maerz-und-offener-brief-an-die-schulen\/"]}]},{"@type":"ImageObject","inLanguage":"de","@id":"https:\/\/www.pressenza.com\/de\/2019\/03\/parentsforfuture-aufruf-zum-weltweiten-klimastreik-am-15-maerz-und-offener-brief-an-die-schulen\/#primaryimage","url":"https:\/\/www.pressenza.com\/wp-content\/uploads\/2019\/03\/Foto_Jona_Ickes_PM_parentsforfuture.de_.jpg","contentUrl":"https:\/\/www.pressenza.com\/wp-content\/uploads\/2019\/03\/Foto_Jona_Ickes_PM_parentsforfuture.de_.jpg","width":2048,"height":1259},{"@type":"BreadcrumbList","@id":"https:\/\/www.pressenza.com\/de\/2019\/03\/parentsforfuture-aufruf-zum-weltweiten-klimastreik-am-15-maerz-und-offener-brief-an-die-schulen\/#breadcrumb","itemListElement":[{"@type":"ListItem","position":1,"name":"Accueil","item":"https:\/\/www.pressenza.com\/de\/"},{"@type":"ListItem","position":2,"name":"#ParentsForFuture: Aufruf zum weltweiten Klimastreik am 15. M\u00e4rz und offener Brief an die Schulen"}]},{"@type":"WebSite","@id":"https:\/\/www.pressenza.com\/de\/#website","url":"https:\/\/www.pressenza.com\/de\/","name":"Pressenza","description":"International Press Agency","publisher":{"@id":"https:\/\/www.pressenza.com\/de\/#organization"},"potentialAction":[{"@type":"SearchAction","target":{"@type":"EntryPoint","urlTemplate":"https:\/\/www.pressenza.com\/de\/?s={search_term_string}"},"query-input":{"@type":"PropertyValueSpecification","valueRequired":true,"valueName":"search_term_string"}}],"inLanguage":"de"},{"@type":"Organization","@id":"https:\/\/www.pressenza.com\/de\/#organization","name":"Pressenza","url":"https:\/\/www.pressenza.com\/de\/","logo":{"@type":"ImageObject","inLanguage":"de","@id":"https:\/\/www.pressenza.com\/de\/#\/schema\/logo\/image\/","url":"https:\/\/www.pressenza.com\/wp-content\/uploads\/2022\/10\/pressenza_logo_200x200.jpg","contentUrl":"https:\/\/www.pressenza.com\/wp-content\/uploads\/2022\/10\/pressenza_logo_200x200.jpg","width":200,"height":200,"caption":"Pressenza"},"image":{"@id":"https:\/\/www.pressenza.com\/de\/#\/schema\/logo\/image\/"},"sameAs":["https:\/\/www.facebook.com\/PressenzaItalia","https:\/\/x.com\/PressenzaIPA"]},{"@type":"Person","@id":"https:\/\/www.pressenza.com\/de\/#\/schema\/person\/0069724cfb2cb9785368a167d0d900b7","name":"Pressenza Muenchen","description":"News from the Pressenza bureau in Munich, Germany","sameAs":["https:\/\/www.facebook.com\/Pressenza-Deutschland-sterreich-Schweiz-281675388658060\/timeline\/","https:\/\/x.com\/pressenza_ger"],"url":"https:\/\/www.pressenza.com\/de\/author\/pressenza-muenchen\/"}]}},"place":"Parents For Future","original_article_url":"","_links":{"self":[{"href":"https:\/\/www.pressenza.com\/de\/wp-json\/wp\/v2\/posts\/823589","targetHints":{"allow":["GET"]}}],"collection":[{"href":"https:\/\/www.pressenza.com\/de\/wp-json\/wp\/v2\/posts"}],"about":[{"href":"https:\/\/www.pressenza.com\/de\/wp-json\/wp\/v2\/types\/post"}],"author":[{"embeddable":true,"href":"https:\/\/www.pressenza.com\/de\/wp-json\/wp\/v2\/users\/1097"}],"replies":[{"embeddable":true,"href":"https:\/\/www.pressenza.com\/de\/wp-json\/wp\/v2\/comments?post=823589"}],"version-history":[{"count":0,"href":"https:\/\/www.pressenza.com\/de\/wp-json\/wp\/v2\/posts\/823589\/revisions"}],"wp:featuredmedia":[{"embeddable":true,"href":"https:\/\/www.pressenza.com\/de\/wp-json\/wp\/v2\/media\/823596"}],"wp:attachment":[{"href":"https:\/\/www.pressenza.com\/de\/wp-json\/wp\/v2\/media?parent=823589"}],"wp:term":[{"taxonomy":"category","embeddable":true,"href":"https:\/\/www.pressenza.com\/de\/wp-json\/wp\/v2\/categories?post=823589"},{"taxonomy":"post_tag","embeddable":true,"href":"https:\/\/www.pressenza.com\/de\/wp-json\/wp\/v2\/tags?post=823589"}],"curies":[{"name":"wp","href":"https:\/\/api.w.org\/{rel}","templated":true}]}}