{"id":820557,"date":"2019-03-11T11:07:58","date_gmt":"2019-03-11T11:07:58","guid":{"rendered":"https:\/\/www.pressenza.com\/?p=820557"},"modified":"2019-03-11T11:33:03","modified_gmt":"2019-03-11T11:33:03","slug":"sexueller-missbrauch-durch-geistliche","status":"publish","type":"post","link":"https:\/\/www.pressenza.com\/de\/2019\/03\/sexueller-missbrauch-durch-geistliche\/","title":{"rendered":"Sexueller Missbrauch durch Geistliche"},"content":{"rendered":"<p>Wenn ich mir die Freiheit nehme, Ihnen heute zu schreiben, so geschieht dies mit der \u00dcberzeugung, dass die Enth\u00fcllungen \u00fcber das Ausma\u00df besonders schmutziger F\u00e4lle sexuellen Missbrauchs, die von einer betr\u00e4chtlichen Anzahl von Geistlichen in der ganzen Welt begangen werden, Sie genauso schockieren werden wie mich.<\/p>\n<p>Denn wenn es eine Sache gibt, die mich in dieser Welt emp\u00f6rt, dann ist es P\u00e4dophilie. Und wenn die T\u00e4ter Kirchenm\u00e4nner sind, so k\u00f6nnte meine Emp\u00f6rung gr\u00f6\u00dfer nicht sein.<\/p>\n<p>Die Glaubw\u00fcrdigkeit der katholischen Kirche, bereits in der Vergangenheit durch zahlreiche F\u00e4lle von verstecktem Missbrauch untergraben, wurde 2018 durch neue Skandale von gro\u00dfem Ausma\u00df in Chile, in den Vereinigten Staaten und in Deutschland weiter besch\u00e4digt. Vor kurzem berichtete die Presse, dass die Staatsanwaltschaft in Paris am 24. Januar gegen den p\u00e4pstliche Nuntius (p\u00e4pstlicher Botschafter) in Frankreich, Luigi Ventura, wegen sexueller \u00dcbergriffe gegen Minderj\u00e4hrige ermittelt hat.<\/p>\n<p>Meiner Ansicht nach waren die j\u00fcngsten \u00c4u\u00dferungen von Papst Franziskus auf dem viert\u00e4gigen Vatikangipfel zu diesem Thema nicht sehr vertrauenerweckend. Anstatt den Stier bei den H\u00f6rnern zu packen, hat der Leiter der katholischen Kirche nichts Konkretes angek\u00fcndigt, sondern sich lediglich auf die strengere Durchsetzung der bestehenden Anweisungen beschr\u00e4nkt, die die weltweiten Bischofskonferenzen implementieren sollen. Weit entfernt von den erwarteten konkreten Ma\u00dfnahmen hielt der Papst an blo\u00dfen Willenserkl\u00e4rungen fest, die noch nicht einmal Eingang in das Abschlussdokument fanden.<\/p>\n<p>Als Oberhaupt der r\u00f6misch-katholischen Kirche hat der Papst die Pflicht, sicherzustellen, dass diejenigen, die ihm hierarchisch untergeordnet sind, nicht nur den Geist der Evangelien, die sie predigen, sondern auch das geltende Recht und die Moral der Gesellschaft respektieren. Daher ist es an ihm, die radikalen Ma\u00dfnahmen zu ergreifen, die erforderlich sind, um die skandal\u00f6se Situation zu verbessern, in die sich der Vatikan verstrickt hat.<\/p>\n<p>Eine der Ma\u00dfnahmen, die Papst Franziskus meiner Ansicht nach unverz\u00fcglich ergreifen sollte, n\u00e4mlich die Exkommunikation und den endg\u00fcltigen Ausschluss der Beteiligten aus der Kirche, sind Gegenstand einer an ihn gerichteten Petition, die ich gerade in den sozialen Netzwerken ver\u00f6ffentlicht habe. Ich erlaube mir, Ihnen diese Petition zu unterbreiten, in der Hoffnung, dass Sie sich dazu aufgerufen f\u00fchlen, sie zu unterst\u00fctzen und auch an Freunde und Verwandten weiterleiten (wir k\u00f6nnen alle zur Verbreitung der Petition beitragen, indem wir sie beispielsweise auf Facebook und Twitter teilen).<\/p>\n<p>Um auf den gesamten Text der Petition abzurufen, klicken Sie bitte <a href=\"https:\/\/www.change.org\/p\/papst-franziskus-keine-gnade-f\u00fcr-kirchenm\u00e4nner-die-sich-des-sexuellen-missbrauchsschuldig-gemacht-haben\" target=\"_blank\" rel=\"noopener\">hier<\/a>.<\/p>\n<p>Mario Jelmini, Jurist<\/p>\n<p>CH-1345 Le Lieu VD<\/p>\n","protected":false},"excerpt":{"rendered":"<p>Wenn ich mir die Freiheit nehme, Ihnen heute zu schreiben, so geschieht dies mit der \u00dcberzeugung, dass die Enth\u00fcllungen \u00fcber das Ausma\u00df besonders schmutziger F\u00e4lle sexuellen Missbrauchs, die von einer betr\u00e4chtlichen Anzahl von Geistlichen in der ganzen Welt begangen werden,&hellip;<\/p>\n","protected":false},"author":43,"featured_media":820531,"comment_status":"closed","ping_status":"closed","sticky":false,"template":"","format":"standard","meta":{"footnotes":""},"categories":[7835,9143,9161,11387],"tags":[41776,9717,22680,55642,18537],"class_list":["post-820557","post","type-post","status-publish","format-standard","has-post-thumbnail","hentry","category-international-de","category-meinungen","category-menschenrechte","category-originalinhalt","tag-katholische-kirche","tag-padophilie","tag-papst-franziskus","tag-petition-de","tag-sexueller-missbrauch"],"yoast_head":"<!-- This site is optimized with the Yoast SEO plugin v27.1.1 - https:\/\/yoast.com\/product\/yoast-seo-wordpress\/ -->\n<title>Sexueller Missbrauch durch Geistliche<\/title>\n<meta name=\"description\" content=\"Wenn ich mir die Freiheit nehme, Ihnen heute zu schreiben, so geschieht dies mit der \u00dcberzeugung, dass die Enth\u00fcllungen \u00fcber das Ausma\u00df besonders\" \/>\n<meta name=\"robots\" content=\"index, follow, max-snippet:-1, max-image-preview:large, max-video-preview:-1\" \/>\n<link rel=\"canonical\" href=\"https:\/\/www.pressenza.com\/de\/2019\/03\/sexueller-missbrauch-durch-geistliche\/\" \/>\n<meta property=\"og:locale\" content=\"de_DE\" \/>\n<meta property=\"og:type\" content=\"article\" \/>\n<meta property=\"og:title\" content=\"Sexueller Missbrauch durch Geistliche\" \/>\n<meta property=\"og:description\" content=\"Wenn ich mir die Freiheit nehme, Ihnen heute zu schreiben, so geschieht dies mit der \u00dcberzeugung, dass die Enth\u00fcllungen \u00fcber das Ausma\u00df besonders\" \/>\n<meta property=\"og:url\" content=\"https:\/\/www.pressenza.com\/de\/2019\/03\/sexueller-missbrauch-durch-geistliche\/\" \/>\n<meta property=\"og:site_name\" content=\"Pressenza\" \/>\n<meta property=\"article:publisher\" content=\"https:\/\/www.facebook.com\/PressenzaItalia\" \/>\n<meta property=\"article:author\" content=\"https:\/\/www.facebook.com\/pressenza\" \/>\n<meta property=\"article:published_time\" content=\"2019-03-11T11:07:58+00:00\" \/>\n<meta property=\"article:modified_time\" content=\"2019-03-11T11:33:03+00:00\" \/>\n<meta property=\"og:image\" content=\"https:\/\/www.pressenza.com\/wp-content\/uploads\/2019\/03\/h7-vatican-summit-720x405.jpg\" \/>\n\t<meta property=\"og:image:width\" content=\"720\" \/>\n\t<meta property=\"og:image:height\" content=\"405\" \/>\n\t<meta property=\"og:image:type\" content=\"image\/jpeg\" \/>\n<meta name=\"author\" content=\"Redacci\u00f3n Chile\" \/>\n<meta name=\"twitter:card\" content=\"summary_large_image\" \/>\n<meta name=\"twitter:creator\" content=\"@pressenza\" \/>\n<meta name=\"twitter:site\" content=\"@PressenzaIPA\" \/>\n<meta name=\"twitter:label1\" content=\"Verfasst von\" \/>\n\t<meta name=\"twitter:data1\" content=\"Redacci\u00f3n Chile\" \/>\n\t<meta name=\"twitter:label2\" content=\"Gesch\u00e4tzte Lesezeit\" \/>\n\t<meta name=\"twitter:data2\" content=\"2\u00a0Minuten\" \/>\n<script type=\"application\/ld+json\" class=\"yoast-schema-graph\">{\"@context\":\"https:\/\/schema.org\",\"@graph\":[{\"@type\":\"Article\",\"@id\":\"https:\/\/www.pressenza.com\/de\/2019\/03\/sexueller-missbrauch-durch-geistliche\/#article\",\"isPartOf\":{\"@id\":\"https:\/\/www.pressenza.com\/de\/2019\/03\/sexueller-missbrauch-durch-geistliche\/\"},\"author\":{\"name\":\"Redacci\u00f3n Chile\",\"@id\":\"https:\/\/www.pressenza.com\/de\/#\/schema\/person\/d7db40df35d6698ba69ba9ee260944ed\"},\"headline\":\"Sexueller Missbrauch durch Geistliche\",\"datePublished\":\"2019-03-11T11:07:58+00:00\",\"dateModified\":\"2019-03-11T11:33:03+00:00\",\"mainEntityOfPage\":{\"@id\":\"https:\/\/www.pressenza.com\/de\/2019\/03\/sexueller-missbrauch-durch-geistliche\/\"},\"wordCount\":423,\"publisher\":{\"@id\":\"https:\/\/www.pressenza.com\/de\/#organization\"},\"image\":{\"@id\":\"https:\/\/www.pressenza.com\/de\/2019\/03\/sexueller-missbrauch-durch-geistliche\/#primaryimage\"},\"thumbnailUrl\":\"https:\/\/www.pressenza.com\/wp-content\/uploads\/2019\/03\/h7-vatican-summit-720x405.jpg\",\"keywords\":[\"Katholische Kirche\",\"P\u00e4dophilie\",\"Papst Franziskus\",\"petition\",\"sexueller Missbrauch\"],\"articleSection\":[\"International\",\"Meinungen\",\"Menschenrechte\",\"Originalinhalt\"],\"inLanguage\":\"de\"},{\"@type\":\"WebPage\",\"@id\":\"https:\/\/www.pressenza.com\/de\/2019\/03\/sexueller-missbrauch-durch-geistliche\/\",\"url\":\"https:\/\/www.pressenza.com\/de\/2019\/03\/sexueller-missbrauch-durch-geistliche\/\",\"name\":\"Sexueller Missbrauch durch Geistliche\",\"isPartOf\":{\"@id\":\"https:\/\/www.pressenza.com\/de\/#website\"},\"primaryImageOfPage\":{\"@id\":\"https:\/\/www.pressenza.com\/de\/2019\/03\/sexueller-missbrauch-durch-geistliche\/#primaryimage\"},\"image\":{\"@id\":\"https:\/\/www.pressenza.com\/de\/2019\/03\/sexueller-missbrauch-durch-geistliche\/#primaryimage\"},\"thumbnailUrl\":\"https:\/\/www.pressenza.com\/wp-content\/uploads\/2019\/03\/h7-vatican-summit-720x405.jpg\",\"datePublished\":\"2019-03-11T11:07:58+00:00\",\"dateModified\":\"2019-03-11T11:33:03+00:00\",\"description\":\"Wenn ich mir die Freiheit nehme, Ihnen heute zu schreiben, so geschieht dies mit der \u00dcberzeugung, dass die Enth\u00fcllungen \u00fcber das Ausma\u00df besonders\",\"breadcrumb\":{\"@id\":\"https:\/\/www.pressenza.com\/de\/2019\/03\/sexueller-missbrauch-durch-geistliche\/#breadcrumb\"},\"inLanguage\":\"de\",\"potentialAction\":[{\"@type\":\"ReadAction\",\"target\":[\"https:\/\/www.pressenza.com\/de\/2019\/03\/sexueller-missbrauch-durch-geistliche\/\"]}]},{\"@type\":\"ImageObject\",\"inLanguage\":\"de\",\"@id\":\"https:\/\/www.pressenza.com\/de\/2019\/03\/sexueller-missbrauch-durch-geistliche\/#primaryimage\",\"url\":\"https:\/\/www.pressenza.com\/wp-content\/uploads\/2019\/03\/h7-vatican-summit-720x405.jpg\",\"contentUrl\":\"https:\/\/www.pressenza.com\/wp-content\/uploads\/2019\/03\/h7-vatican-summit-720x405.jpg\",\"width\":720,\"height\":405},{\"@type\":\"BreadcrumbList\",\"@id\":\"https:\/\/www.pressenza.com\/de\/2019\/03\/sexueller-missbrauch-durch-geistliche\/#breadcrumb\",\"itemListElement\":[{\"@type\":\"ListItem\",\"position\":1,\"name\":\"Accueil\",\"item\":\"https:\/\/www.pressenza.com\/de\/\"},{\"@type\":\"ListItem\",\"position\":2,\"name\":\"Sexueller Missbrauch durch Geistliche\"}]},{\"@type\":\"WebSite\",\"@id\":\"https:\/\/www.pressenza.com\/de\/#website\",\"url\":\"https:\/\/www.pressenza.com\/de\/\",\"name\":\"Pressenza\",\"description\":\"International Press Agency\",\"publisher\":{\"@id\":\"https:\/\/www.pressenza.com\/de\/#organization\"},\"potentialAction\":[{\"@type\":\"SearchAction\",\"target\":{\"@type\":\"EntryPoint\",\"urlTemplate\":\"https:\/\/www.pressenza.com\/de\/?s={search_term_string}\"},\"query-input\":{\"@type\":\"PropertyValueSpecification\",\"valueRequired\":true,\"valueName\":\"search_term_string\"}}],\"inLanguage\":\"de\"},{\"@type\":\"Organization\",\"@id\":\"https:\/\/www.pressenza.com\/de\/#organization\",\"name\":\"Pressenza\",\"url\":\"https:\/\/www.pressenza.com\/de\/\",\"logo\":{\"@type\":\"ImageObject\",\"inLanguage\":\"de\",\"@id\":\"https:\/\/www.pressenza.com\/de\/#\/schema\/logo\/image\/\",\"url\":\"https:\/\/www.pressenza.com\/wp-content\/uploads\/2022\/10\/pressenza_logo_200x200.jpg\",\"contentUrl\":\"https:\/\/www.pressenza.com\/wp-content\/uploads\/2022\/10\/pressenza_logo_200x200.jpg\",\"width\":200,\"height\":200,\"caption\":\"Pressenza\"},\"image\":{\"@id\":\"https:\/\/www.pressenza.com\/de\/#\/schema\/logo\/image\/\"},\"sameAs\":[\"https:\/\/www.facebook.com\/PressenzaItalia\",\"https:\/\/x.com\/PressenzaIPA\"]},{\"@type\":\"Person\",\"@id\":\"https:\/\/www.pressenza.com\/de\/#\/schema\/person\/d7db40df35d6698ba69ba9ee260944ed\",\"name\":\"Redacci\u00f3n Chile\",\"description\":\"News from the Pressenza Bureau in Chile\",\"sameAs\":[\"https:\/\/www.facebook.com\/pressenza\",\"https:\/\/x.com\/pressenza\"],\"url\":\"https:\/\/www.pressenza.com\/de\/author\/redaccion-chile\/\"}]}<\/script>\n<!-- \/ Yoast SEO plugin. -->","yoast_head_json":{"title":"Sexueller Missbrauch durch Geistliche","description":"Wenn ich mir die Freiheit nehme, Ihnen heute zu schreiben, so geschieht dies mit der \u00dcberzeugung, dass die Enth\u00fcllungen \u00fcber das Ausma\u00df besonders","robots":{"index":"index","follow":"follow","max-snippet":"max-snippet:-1","max-image-preview":"max-image-preview:large","max-video-preview":"max-video-preview:-1"},"canonical":"https:\/\/www.pressenza.com\/de\/2019\/03\/sexueller-missbrauch-durch-geistliche\/","og_locale":"de_DE","og_type":"article","og_title":"Sexueller Missbrauch durch Geistliche","og_description":"Wenn ich mir die Freiheit nehme, Ihnen heute zu schreiben, so geschieht dies mit der \u00dcberzeugung, dass die Enth\u00fcllungen \u00fcber das Ausma\u00df besonders","og_url":"https:\/\/www.pressenza.com\/de\/2019\/03\/sexueller-missbrauch-durch-geistliche\/","og_site_name":"Pressenza","article_publisher":"https:\/\/www.facebook.com\/PressenzaItalia","article_author":"https:\/\/www.facebook.com\/pressenza","article_published_time":"2019-03-11T11:07:58+00:00","article_modified_time":"2019-03-11T11:33:03+00:00","og_image":[{"width":720,"height":405,"url":"https:\/\/www.pressenza.com\/wp-content\/uploads\/2019\/03\/h7-vatican-summit-720x405.jpg","type":"image\/jpeg"}],"author":"Redacci\u00f3n Chile","twitter_card":"summary_large_image","twitter_creator":"@pressenza","twitter_site":"@PressenzaIPA","twitter_misc":{"Verfasst von":"Redacci\u00f3n Chile","Gesch\u00e4tzte Lesezeit":"2\u00a0Minuten"},"schema":{"@context":"https:\/\/schema.org","@graph":[{"@type":"Article","@id":"https:\/\/www.pressenza.com\/de\/2019\/03\/sexueller-missbrauch-durch-geistliche\/#article","isPartOf":{"@id":"https:\/\/www.pressenza.com\/de\/2019\/03\/sexueller-missbrauch-durch-geistliche\/"},"author":{"name":"Redacci\u00f3n Chile","@id":"https:\/\/www.pressenza.com\/de\/#\/schema\/person\/d7db40df35d6698ba69ba9ee260944ed"},"headline":"Sexueller Missbrauch durch Geistliche","datePublished":"2019-03-11T11:07:58+00:00","dateModified":"2019-03-11T11:33:03+00:00","mainEntityOfPage":{"@id":"https:\/\/www.pressenza.com\/de\/2019\/03\/sexueller-missbrauch-durch-geistliche\/"},"wordCount":423,"publisher":{"@id":"https:\/\/www.pressenza.com\/de\/#organization"},"image":{"@id":"https:\/\/www.pressenza.com\/de\/2019\/03\/sexueller-missbrauch-durch-geistliche\/#primaryimage"},"thumbnailUrl":"https:\/\/www.pressenza.com\/wp-content\/uploads\/2019\/03\/h7-vatican-summit-720x405.jpg","keywords":["Katholische Kirche","P\u00e4dophilie","Papst Franziskus","petition","sexueller Missbrauch"],"articleSection":["International","Meinungen","Menschenrechte","Originalinhalt"],"inLanguage":"de"},{"@type":"WebPage","@id":"https:\/\/www.pressenza.com\/de\/2019\/03\/sexueller-missbrauch-durch-geistliche\/","url":"https:\/\/www.pressenza.com\/de\/2019\/03\/sexueller-missbrauch-durch-geistliche\/","name":"Sexueller Missbrauch durch Geistliche","isPartOf":{"@id":"https:\/\/www.pressenza.com\/de\/#website"},"primaryImageOfPage":{"@id":"https:\/\/www.pressenza.com\/de\/2019\/03\/sexueller-missbrauch-durch-geistliche\/#primaryimage"},"image":{"@id":"https:\/\/www.pressenza.com\/de\/2019\/03\/sexueller-missbrauch-durch-geistliche\/#primaryimage"},"thumbnailUrl":"https:\/\/www.pressenza.com\/wp-content\/uploads\/2019\/03\/h7-vatican-summit-720x405.jpg","datePublished":"2019-03-11T11:07:58+00:00","dateModified":"2019-03-11T11:33:03+00:00","description":"Wenn ich mir die Freiheit nehme, Ihnen heute zu schreiben, so geschieht dies mit der \u00dcberzeugung, dass die Enth\u00fcllungen \u00fcber das Ausma\u00df besonders","breadcrumb":{"@id":"https:\/\/www.pressenza.com\/de\/2019\/03\/sexueller-missbrauch-durch-geistliche\/#breadcrumb"},"inLanguage":"de","potentialAction":[{"@type":"ReadAction","target":["https:\/\/www.pressenza.com\/de\/2019\/03\/sexueller-missbrauch-durch-geistliche\/"]}]},{"@type":"ImageObject","inLanguage":"de","@id":"https:\/\/www.pressenza.com\/de\/2019\/03\/sexueller-missbrauch-durch-geistliche\/#primaryimage","url":"https:\/\/www.pressenza.com\/wp-content\/uploads\/2019\/03\/h7-vatican-summit-720x405.jpg","contentUrl":"https:\/\/www.pressenza.com\/wp-content\/uploads\/2019\/03\/h7-vatican-summit-720x405.jpg","width":720,"height":405},{"@type":"BreadcrumbList","@id":"https:\/\/www.pressenza.com\/de\/2019\/03\/sexueller-missbrauch-durch-geistliche\/#breadcrumb","itemListElement":[{"@type":"ListItem","position":1,"name":"Accueil","item":"https:\/\/www.pressenza.com\/de\/"},{"@type":"ListItem","position":2,"name":"Sexueller Missbrauch durch Geistliche"}]},{"@type":"WebSite","@id":"https:\/\/www.pressenza.com\/de\/#website","url":"https:\/\/www.pressenza.com\/de\/","name":"Pressenza","description":"International Press Agency","publisher":{"@id":"https:\/\/www.pressenza.com\/de\/#organization"},"potentialAction":[{"@type":"SearchAction","target":{"@type":"EntryPoint","urlTemplate":"https:\/\/www.pressenza.com\/de\/?s={search_term_string}"},"query-input":{"@type":"PropertyValueSpecification","valueRequired":true,"valueName":"search_term_string"}}],"inLanguage":"de"},{"@type":"Organization","@id":"https:\/\/www.pressenza.com\/de\/#organization","name":"Pressenza","url":"https:\/\/www.pressenza.com\/de\/","logo":{"@type":"ImageObject","inLanguage":"de","@id":"https:\/\/www.pressenza.com\/de\/#\/schema\/logo\/image\/","url":"https:\/\/www.pressenza.com\/wp-content\/uploads\/2022\/10\/pressenza_logo_200x200.jpg","contentUrl":"https:\/\/www.pressenza.com\/wp-content\/uploads\/2022\/10\/pressenza_logo_200x200.jpg","width":200,"height":200,"caption":"Pressenza"},"image":{"@id":"https:\/\/www.pressenza.com\/de\/#\/schema\/logo\/image\/"},"sameAs":["https:\/\/www.facebook.com\/PressenzaItalia","https:\/\/x.com\/PressenzaIPA"]},{"@type":"Person","@id":"https:\/\/www.pressenza.com\/de\/#\/schema\/person\/d7db40df35d6698ba69ba9ee260944ed","name":"Redacci\u00f3n Chile","description":"News from the Pressenza Bureau in Chile","sameAs":["https:\/\/www.facebook.com\/pressenza","https:\/\/x.com\/pressenza"],"url":"https:\/\/www.pressenza.com\/de\/author\/redaccion-chile\/"}]}},"place":"Schweiz","original_article_url":"","_links":{"self":[{"href":"https:\/\/www.pressenza.com\/de\/wp-json\/wp\/v2\/posts\/820557","targetHints":{"allow":["GET"]}}],"collection":[{"href":"https:\/\/www.pressenza.com\/de\/wp-json\/wp\/v2\/posts"}],"about":[{"href":"https:\/\/www.pressenza.com\/de\/wp-json\/wp\/v2\/types\/post"}],"author":[{"embeddable":true,"href":"https:\/\/www.pressenza.com\/de\/wp-json\/wp\/v2\/users\/43"}],"replies":[{"embeddable":true,"href":"https:\/\/www.pressenza.com\/de\/wp-json\/wp\/v2\/comments?post=820557"}],"version-history":[{"count":0,"href":"https:\/\/www.pressenza.com\/de\/wp-json\/wp\/v2\/posts\/820557\/revisions"}],"wp:featuredmedia":[{"embeddable":true,"href":"https:\/\/www.pressenza.com\/de\/wp-json\/wp\/v2\/media\/820531"}],"wp:attachment":[{"href":"https:\/\/www.pressenza.com\/de\/wp-json\/wp\/v2\/media?parent=820557"}],"wp:term":[{"taxonomy":"category","embeddable":true,"href":"https:\/\/www.pressenza.com\/de\/wp-json\/wp\/v2\/categories?post=820557"},{"taxonomy":"post_tag","embeddable":true,"href":"https:\/\/www.pressenza.com\/de\/wp-json\/wp\/v2\/tags?post=820557"}],"curies":[{"name":"wp","href":"https:\/\/api.w.org\/{rel}","templated":true}]}}