{"id":818140,"date":"2019-03-08T13:32:29","date_gmt":"2019-03-08T13:32:29","guid":{"rendered":"https:\/\/www.pressenza.com\/?p=818140"},"modified":"2019-03-09T11:01:53","modified_gmt":"2019-03-09T11:01:53","slug":"fuer-das-leben-und-die-wuerde-von-frauen-kaempfen-wir-gemeinsam-gegen-ausbeutung-und-unterdrueckung-durch-das-kapitalistische-und-patriarchale-system","status":"publish","type":"post","link":"https:\/\/www.pressenza.com\/de\/2019\/03\/fuer-das-leben-und-die-wuerde-von-frauen-kaempfen-wir-gemeinsam-gegen-ausbeutung-und-unterdrueckung-durch-das-kapitalistische-und-patriarchale-system\/","title":{"rendered":"F\u00fcr das Leben und die W\u00fcrde von Frauen k\u00e4mpfen wir gemeinsam gegen Ausbeutung und Unterdr\u00fcckung durch das kapitalistische und patriarchale System!"},"content":{"rendered":"<p>Harare, 8. M\u00e4rz 2019 &#8211; Die Ziele, die zum <strong>Internationalen Frauentag<\/strong> f\u00fchrten, inspirieren uns auch weiterhin. Sie sind zum Sammelruf der Frauen und M\u00e4nner in allen Teilen der Welt geworden, die sich im organisierten Widerstand gegen Kapitalismus und Patriarchat engagieren.<\/p>\n<p>Aus diesem Grund nehmen wir, Frauen aus Afrika, Nord- und S\u00fcdamerika, Asien und Europa, die wir f\u00fcr unsere Rechte und unser Leben k\u00e4mpfen, heute im Geiste der <strong>Einheit und Solidarit\u00e4t<\/strong> an allen Aktivit\u00e4ten und Demonstrationen teil, die von Arbeiterinnen im l\u00e4ndlichen und st\u00e4dtischen Raum organisiert werden.<\/p>\n<p><strong>Am 8. M\u00e4rz diesen Jahres streiken auch wir!<\/strong><\/p>\n<p>An diesem Tag der weltweiten Mobilisierung werden wir auf den Stra\u00dfen und im \u00f6ffentlichen Raum, in l\u00e4ndlichen Gemeinden und Gebieten sein und unsere Botschaft des Kampfes bekr\u00e4ftigen, befl\u00fcgelt von unserer St\u00e4rke und unserer F\u00e4higkeit zum organisierten Widerstand. Im gegenw\u00e4rtigen globalen Kontext des W\u00fcrgegriffs durch den Kapitalismus in seiner wildesten und skrupellosesten Form haben sich sozialen Ungleichheiten, Konflikte, das Auftreten von Fremdenfeindlichkeit und Homophobie sowie die Kriminalisierung von uns, die wir f\u00fcr Menschenrechte und Leben k\u00e4mpfen, versch\u00e4rft. In einem Klima der Kriegstreiberei und vor dem Hintergrund der Migrationskrise sind Millionen von Menschen, darunter Millionen von Frauen, extremer Armut und Gewalt ausgesetzt.<\/p>\n<p>Aus diesem Grund mobilisieren wir Frauen von La Via Campesina uns heute, am 8. M\u00e4rz 2019, wie auch bereits in den vergangenen Jahren. Wir organisieren uns, wir k\u00e4mpfen und wir fordern <strong>ein Ende des Neoliberalismus und ein Ende des Patriarchats!<\/strong> Wir unterbreiten unseren Vorschlag f\u00fcr den Aufbau einer besseren Welt und feiern unsere <a href=\"https:\/\/viacampesina.org\/en\/wp-content\/uploads\/sites\/2\/2019\/03\/UN_Declaration_on_the_rights_of_peasants_and_other_people_working-in-rural_areas.pdf\" target=\"_blank\" rel=\"noopener\">Erkl\u00e4rung \u00fcber die Rechte der Bauern und anderer Menschen, die in l\u00e4ndlichen Gebieten arbeiten<\/a>, einem politischen Instrument, das von den Vereinten Nationen als Ergebnis unseres gemeinsamen Engagements angenommen wurde. Diese Erkl\u00e4rung garantiert das Recht auf ein Leben in W\u00fcrde f\u00fcr diejenigen von uns, die die V\u00f6lker der Welt ern\u00e4hren und die die H\u00fcter von Land, Wasser und W\u00e4ldern sind.<\/p>\n<p>F\u00fcr uns, die Frauen von La Via Campesina, k\u00f6nnen Lebensmittel nicht als rein kommerzielle G\u00fcter in einem globalisierten Markt, der ausschlie\u00dflich vom Profit bestimmt ist und der gleichzeitig Millionen von Menschen hungrig macht, angesehen werden. Wir meinen, die Produktion von Nahrungsmittelns sollte auf Ern\u00e4hrungssouver\u00e4nit\u00e4t beruhen, die wiederum auf \u00f6kologischer Landwirtschaft basiert. In diesem Zusammenhang sind wir die Hauptakteure zur F\u00f6rderung der kleinb\u00e4uerlichen Landwirtschaft auf Grundlage der Achtung der Rechte von Kleinbauern und Kleinb\u00e4uerinnen. Dies w\u00fcrde eine \u00c4nderung der Regionalpolitik f\u00fcr den l\u00e4ndlichen Raum erfordern, begleitet von einer feministischen Perspektive &#8211; einem popul\u00e4ren kleinb\u00e4uerlichen Feminismus, der die Rechte der Frauen garantiert und ihre Beteiligung an politischen Entscheidungen gew\u00e4hrleistet.<\/p>\n<p>Wir glauben, dass es zur Beendigung geschlechtsspezifischer Gewalt unerl\u00e4sslich ist, Frauen zu st\u00e4rken und ihre Rechte zu garantieren und ihre Emanzipation zu f\u00f6rdern. Deshalb sagen die Frauen und M\u00e4nner von La Via Campesina heute in einem einzigen Ausdruck von Kampf und Befreiung: <strong>F\u00fcr das Leben und die W\u00fcrde von Frauen k\u00e4mpfen wir gemeinsam gegen Ausbeutung und Unterdr\u00fcckung!<\/strong><\/p>\n<p>Wir bleiben bei unserer Mission, den Samen der Hoffnung und Befreiung f\u00fcr Frauen in l\u00e4ndlichen und st\u00e4dtischen Gebieten auf der ganzen Welt zu pflanzen. Deshalb bekunden wir unsere schwesterliche Solidarit\u00e4t mit allen Frauen des <strong>Internationalen Frauenstreiks<\/strong>, dessen Ziel es ist, zu zeigen, dass die Arbeit von Frauen ein entscheidendes Element f\u00fcr die Erhaltung und Reproduktion des Lebens und der Weltwirtschaft ist. Nur durch soziale Organisation, Bildung und politische Arbeit, in Zusammenarbeit mit anderen feministischen Organisationen von Frauen und Arbeiterinnen, werden wir in der Lage sein, auf dem Weg zu einem w\u00fcrdigen Leben f\u00fcr alle Frauen und M\u00e4nner voranzukommen.<\/p>\n<p><strong>F\u00fcr das Leben und die W\u00fcrde von Frauen k\u00e4mpfen wir gemeinsam gegen Ausbeutung und Unterdr\u00fcckung!<\/strong><\/p>\n<p><a href=\"https:\/\/viacampesina.org\/en\/\" target=\"_blank\" rel=\"noopener\"><strong>La Via Campesina International Peasant&#8217;s Movement<\/strong><\/a><\/p>\n<p><em>\u00dcbersetzung aus dem Englischen von Pressenza M\u00fcnchen<\/em><\/p>\n<p><a href=\"https:\/\/viacampesina.org\/en\/for-the-life-and-dignity-of-women-we-fight-together-against-the-exploitation-and-oppression-of-the-capitalist-and-patriarchal-system\/\" target=\"_blank\" rel=\"noopener\"><em>Englische Version<\/em><\/a><\/p>\n<p><a href=\"https:\/\/viacampesina.org\/es\/por-la-dignidad-de-las-mujeres-luchamos-unidxs-contra-la-explotacion-y-la-opresion-del-sistema-capitalista-y-patriarcal\/\" target=\"_blank\" rel=\"noopener\"><em>Spanische Version<\/em><\/a><\/p>\n<p><a href=\"https:\/\/viacampesina.org\/fr\/pour-la-dignite-des-femmes-luttons-uni-e-s-contre-lexploitation-et-loppression-du-capitalisme-et-du-patriarcat\/\" target=\"_blank\" rel=\"noopener\"><em>Franz\u00f6sische Version<\/em><\/a><\/p>\n","protected":false},"excerpt":{"rendered":"<p>Harare, 8. M\u00e4rz 2019 &#8211; Die Ziele, die zum Internationalen Frauentag f\u00fchrten, inspirieren uns auch weiterhin. Sie sind zum Sammelruf der Frauen und M\u00e4nner in allen Teilen der Welt geworden, die sich im organisierten Widerstand gegen Kapitalismus und Patriarchat engagieren.&hellip;<\/p>\n","protected":false},"author":1097,"featured_media":818235,"comment_status":"closed","ping_status":"closed","sticky":false,"template":"","format":"standard","meta":{"footnotes":""},"categories":[54510,7835,9161,11387,9145],"tags":[55027,35613,31593,9934,35597,26462,56006,56060,22228,56059,29053],"class_list":["post-818140","post","type-post","status-publish","format-standard","has-post-thumbnail","hentry","category-gender-und-feminismen","category-international-de","category-menschenrechte","category-originalinhalt","category-pressemitteilungen","tag-8m2019","tag-8-maerz","tag-ernaehrungssouveraenitaet","tag-frauenrechte","tag-internationaler-frauentag","tag-kapitalismus","tag-kleinbaeuerinnen","tag-la-via-campesina-de","tag-menschenrechte","tag-oekologiche","tag-patriarchat"],"yoast_head":"<!-- This site is optimized with the Yoast SEO plugin v27.1.1 - https:\/\/yoast.com\/product\/yoast-seo-wordpress\/ -->\n<title>F\u00fcr das Leben und die W\u00fcrde von Frauen k\u00e4mpfen wir gemeinsam gegen Ausbeutung und Unterdr\u00fcckung durch das kapitalistische und patriarchale System!<\/title>\n<meta name=\"description\" content=\"Harare, 8. M\u00e4rz 2019 - Die Ziele, die zum Internationalen Frauentag f\u00fchrten, inspirieren uns auch weiterhin. Sie sind zum Sammelruf der Frauen und M\u00e4nner\" \/>\n<meta name=\"robots\" content=\"index, follow, max-snippet:-1, max-image-preview:large, max-video-preview:-1\" \/>\n<link rel=\"canonical\" href=\"https:\/\/www.pressenza.com\/de\/2019\/03\/fuer-das-leben-und-die-wuerde-von-frauen-kaempfen-wir-gemeinsam-gegen-ausbeutung-und-unterdrueckung-durch-das-kapitalistische-und-patriarchale-system\/\" \/>\n<meta property=\"og:locale\" content=\"de_DE\" \/>\n<meta property=\"og:type\" content=\"article\" \/>\n<meta property=\"og:title\" content=\"F\u00fcr das Leben und die W\u00fcrde von Frauen k\u00e4mpfen wir gemeinsam gegen Ausbeutung und Unterdr\u00fcckung durch das kapitalistische und patriarchale System!\" \/>\n<meta property=\"og:description\" content=\"Harare, 8. M\u00e4rz 2019 - Die Ziele, die zum Internationalen Frauentag f\u00fchrten, inspirieren uns auch weiterhin. Sie sind zum Sammelruf der Frauen und M\u00e4nner\" \/>\n<meta property=\"og:url\" content=\"https:\/\/www.pressenza.com\/de\/2019\/03\/fuer-das-leben-und-die-wuerde-von-frauen-kaempfen-wir-gemeinsam-gegen-ausbeutung-und-unterdrueckung-durch-das-kapitalistische-und-patriarchale-system\/\" \/>\n<meta property=\"og:site_name\" content=\"Pressenza\" \/>\n<meta property=\"article:publisher\" content=\"https:\/\/www.facebook.com\/PressenzaItalia\" \/>\n<meta property=\"article:author\" content=\"https:\/\/www.facebook.com\/Pressenza-Deutschland-sterreich-Schweiz-281675388658060\/timeline\/\" \/>\n<meta property=\"article:published_time\" content=\"2019-03-08T13:32:29+00:00\" \/>\n<meta property=\"article:modified_time\" content=\"2019-03-09T11:01:53+00:00\" \/>\n<meta property=\"og:image\" content=\"https:\/\/www.pressenza.com\/wp-content\/uploads\/2019\/03\/La-Via-Campesina-8-March_Facebook-Screenshot.png\" \/>\n\t<meta property=\"og:image:width\" content=\"1061\" \/>\n\t<meta property=\"og:image:height\" content=\"420\" \/>\n\t<meta property=\"og:image:type\" content=\"image\/png\" \/>\n<meta name=\"author\" content=\"Pressenza Muenchen\" \/>\n<meta name=\"twitter:card\" content=\"summary_large_image\" \/>\n<meta name=\"twitter:creator\" content=\"@pressenza_ger\" \/>\n<meta name=\"twitter:site\" content=\"@PressenzaIPA\" \/>\n<meta name=\"twitter:label1\" content=\"Verfasst von\" \/>\n\t<meta name=\"twitter:data1\" content=\"Pressenza Muenchen\" \/>\n\t<meta name=\"twitter:label2\" content=\"Gesch\u00e4tzte Lesezeit\" \/>\n\t<meta name=\"twitter:data2\" content=\"3\u00a0Minuten\" \/>\n<script type=\"application\/ld+json\" class=\"yoast-schema-graph\">{\"@context\":\"https:\/\/schema.org\",\"@graph\":[{\"@type\":\"Article\",\"@id\":\"https:\/\/www.pressenza.com\/de\/2019\/03\/fuer-das-leben-und-die-wuerde-von-frauen-kaempfen-wir-gemeinsam-gegen-ausbeutung-und-unterdrueckung-durch-das-kapitalistische-und-patriarchale-system\/#article\",\"isPartOf\":{\"@id\":\"https:\/\/www.pressenza.com\/de\/2019\/03\/fuer-das-leben-und-die-wuerde-von-frauen-kaempfen-wir-gemeinsam-gegen-ausbeutung-und-unterdrueckung-durch-das-kapitalistische-und-patriarchale-system\/\"},\"author\":{\"name\":\"Pressenza Muenchen\",\"@id\":\"https:\/\/www.pressenza.com\/de\/#\/schema\/person\/0069724cfb2cb9785368a167d0d900b7\"},\"headline\":\"F\u00fcr das Leben und die W\u00fcrde von Frauen k\u00e4mpfen wir gemeinsam gegen Ausbeutung und Unterdr\u00fcckung durch das kapitalistische und patriarchale System!\",\"datePublished\":\"2019-03-08T13:32:29+00:00\",\"dateModified\":\"2019-03-09T11:01:53+00:00\",\"mainEntityOfPage\":{\"@id\":\"https:\/\/www.pressenza.com\/de\/2019\/03\/fuer-das-leben-und-die-wuerde-von-frauen-kaempfen-wir-gemeinsam-gegen-ausbeutung-und-unterdrueckung-durch-das-kapitalistische-und-patriarchale-system\/\"},\"wordCount\":695,\"publisher\":{\"@id\":\"https:\/\/www.pressenza.com\/de\/#organization\"},\"image\":{\"@id\":\"https:\/\/www.pressenza.com\/de\/2019\/03\/fuer-das-leben-und-die-wuerde-von-frauen-kaempfen-wir-gemeinsam-gegen-ausbeutung-und-unterdrueckung-durch-das-kapitalistische-und-patriarchale-system\/#primaryimage\"},\"thumbnailUrl\":\"https:\/\/www.pressenza.com\/wp-content\/uploads\/2019\/03\/La-Via-Campesina-8-March_Facebook-Screenshot.png\",\"keywords\":[\"#8M2019\",\"8. M\u00e4rz\",\"Ern\u00e4hrungssouver\u00e4nit\u00e4t\",\"Frauenrechte\",\"Internationaler Frauentag\",\"Kapitalismus\",\"Kleinb\u00e4uer*innen\",\"La Via Campesina\",\"Menschenrechte\",\"\u00f6kologiche\",\"Patriarchat\"],\"articleSection\":[\"Gender und Feminismen\",\"International\",\"Menschenrechte\",\"Originalinhalt\",\"Pressemitteilungen\"],\"inLanguage\":\"de\"},{\"@type\":\"WebPage\",\"@id\":\"https:\/\/www.pressenza.com\/de\/2019\/03\/fuer-das-leben-und-die-wuerde-von-frauen-kaempfen-wir-gemeinsam-gegen-ausbeutung-und-unterdrueckung-durch-das-kapitalistische-und-patriarchale-system\/\",\"url\":\"https:\/\/www.pressenza.com\/de\/2019\/03\/fuer-das-leben-und-die-wuerde-von-frauen-kaempfen-wir-gemeinsam-gegen-ausbeutung-und-unterdrueckung-durch-das-kapitalistische-und-patriarchale-system\/\",\"name\":\"F\u00fcr das Leben und die W\u00fcrde von Frauen k\u00e4mpfen wir gemeinsam gegen Ausbeutung und Unterdr\u00fcckung durch das kapitalistische und patriarchale System!\",\"isPartOf\":{\"@id\":\"https:\/\/www.pressenza.com\/de\/#website\"},\"primaryImageOfPage\":{\"@id\":\"https:\/\/www.pressenza.com\/de\/2019\/03\/fuer-das-leben-und-die-wuerde-von-frauen-kaempfen-wir-gemeinsam-gegen-ausbeutung-und-unterdrueckung-durch-das-kapitalistische-und-patriarchale-system\/#primaryimage\"},\"image\":{\"@id\":\"https:\/\/www.pressenza.com\/de\/2019\/03\/fuer-das-leben-und-die-wuerde-von-frauen-kaempfen-wir-gemeinsam-gegen-ausbeutung-und-unterdrueckung-durch-das-kapitalistische-und-patriarchale-system\/#primaryimage\"},\"thumbnailUrl\":\"https:\/\/www.pressenza.com\/wp-content\/uploads\/2019\/03\/La-Via-Campesina-8-March_Facebook-Screenshot.png\",\"datePublished\":\"2019-03-08T13:32:29+00:00\",\"dateModified\":\"2019-03-09T11:01:53+00:00\",\"description\":\"Harare, 8. M\u00e4rz 2019 - Die Ziele, die zum Internationalen Frauentag f\u00fchrten, inspirieren uns auch weiterhin. Sie sind zum Sammelruf der Frauen und M\u00e4nner\",\"breadcrumb\":{\"@id\":\"https:\/\/www.pressenza.com\/de\/2019\/03\/fuer-das-leben-und-die-wuerde-von-frauen-kaempfen-wir-gemeinsam-gegen-ausbeutung-und-unterdrueckung-durch-das-kapitalistische-und-patriarchale-system\/#breadcrumb\"},\"inLanguage\":\"de\",\"potentialAction\":[{\"@type\":\"ReadAction\",\"target\":[\"https:\/\/www.pressenza.com\/de\/2019\/03\/fuer-das-leben-und-die-wuerde-von-frauen-kaempfen-wir-gemeinsam-gegen-ausbeutung-und-unterdrueckung-durch-das-kapitalistische-und-patriarchale-system\/\"]}]},{\"@type\":\"ImageObject\",\"inLanguage\":\"de\",\"@id\":\"https:\/\/www.pressenza.com\/de\/2019\/03\/fuer-das-leben-und-die-wuerde-von-frauen-kaempfen-wir-gemeinsam-gegen-ausbeutung-und-unterdrueckung-durch-das-kapitalistische-und-patriarchale-system\/#primaryimage\",\"url\":\"https:\/\/www.pressenza.com\/wp-content\/uploads\/2019\/03\/La-Via-Campesina-8-March_Facebook-Screenshot.png\",\"contentUrl\":\"https:\/\/www.pressenza.com\/wp-content\/uploads\/2019\/03\/La-Via-Campesina-8-March_Facebook-Screenshot.png\",\"width\":1061,\"height\":420},{\"@type\":\"BreadcrumbList\",\"@id\":\"https:\/\/www.pressenza.com\/de\/2019\/03\/fuer-das-leben-und-die-wuerde-von-frauen-kaempfen-wir-gemeinsam-gegen-ausbeutung-und-unterdrueckung-durch-das-kapitalistische-und-patriarchale-system\/#breadcrumb\",\"itemListElement\":[{\"@type\":\"ListItem\",\"position\":1,\"name\":\"Accueil\",\"item\":\"https:\/\/www.pressenza.com\/de\/\"},{\"@type\":\"ListItem\",\"position\":2,\"name\":\"F\u00fcr das Leben und die W\u00fcrde von Frauen k\u00e4mpfen wir gemeinsam gegen Ausbeutung und Unterdr\u00fcckung durch das kapitalistische und patriarchale System!\"}]},{\"@type\":\"WebSite\",\"@id\":\"https:\/\/www.pressenza.com\/de\/#website\",\"url\":\"https:\/\/www.pressenza.com\/de\/\",\"name\":\"Pressenza\",\"description\":\"International Press Agency\",\"publisher\":{\"@id\":\"https:\/\/www.pressenza.com\/de\/#organization\"},\"potentialAction\":[{\"@type\":\"SearchAction\",\"target\":{\"@type\":\"EntryPoint\",\"urlTemplate\":\"https:\/\/www.pressenza.com\/de\/?s={search_term_string}\"},\"query-input\":{\"@type\":\"PropertyValueSpecification\",\"valueRequired\":true,\"valueName\":\"search_term_string\"}}],\"inLanguage\":\"de\"},{\"@type\":\"Organization\",\"@id\":\"https:\/\/www.pressenza.com\/de\/#organization\",\"name\":\"Pressenza\",\"url\":\"https:\/\/www.pressenza.com\/de\/\",\"logo\":{\"@type\":\"ImageObject\",\"inLanguage\":\"de\",\"@id\":\"https:\/\/www.pressenza.com\/de\/#\/schema\/logo\/image\/\",\"url\":\"https:\/\/www.pressenza.com\/wp-content\/uploads\/2022\/10\/pressenza_logo_200x200.jpg\",\"contentUrl\":\"https:\/\/www.pressenza.com\/wp-content\/uploads\/2022\/10\/pressenza_logo_200x200.jpg\",\"width\":200,\"height\":200,\"caption\":\"Pressenza\"},\"image\":{\"@id\":\"https:\/\/www.pressenza.com\/de\/#\/schema\/logo\/image\/\"},\"sameAs\":[\"https:\/\/www.facebook.com\/PressenzaItalia\",\"https:\/\/x.com\/PressenzaIPA\"]},{\"@type\":\"Person\",\"@id\":\"https:\/\/www.pressenza.com\/de\/#\/schema\/person\/0069724cfb2cb9785368a167d0d900b7\",\"name\":\"Pressenza Muenchen\",\"description\":\"News from the Pressenza bureau in Munich, Germany\",\"sameAs\":[\"https:\/\/www.facebook.com\/Pressenza-Deutschland-sterreich-Schweiz-281675388658060\/timeline\/\",\"https:\/\/x.com\/pressenza_ger\"],\"url\":\"https:\/\/www.pressenza.com\/de\/author\/pressenza-muenchen\/\"}]}<\/script>\n<!-- \/ Yoast SEO plugin. -->","yoast_head_json":{"title":"F\u00fcr das Leben und die W\u00fcrde von Frauen k\u00e4mpfen wir gemeinsam gegen Ausbeutung und Unterdr\u00fcckung durch das kapitalistische und patriarchale System!","description":"Harare, 8. M\u00e4rz 2019 - Die Ziele, die zum Internationalen Frauentag f\u00fchrten, inspirieren uns auch weiterhin. Sie sind zum Sammelruf der Frauen und M\u00e4nner","robots":{"index":"index","follow":"follow","max-snippet":"max-snippet:-1","max-image-preview":"max-image-preview:large","max-video-preview":"max-video-preview:-1"},"canonical":"https:\/\/www.pressenza.com\/de\/2019\/03\/fuer-das-leben-und-die-wuerde-von-frauen-kaempfen-wir-gemeinsam-gegen-ausbeutung-und-unterdrueckung-durch-das-kapitalistische-und-patriarchale-system\/","og_locale":"de_DE","og_type":"article","og_title":"F\u00fcr das Leben und die W\u00fcrde von Frauen k\u00e4mpfen wir gemeinsam gegen Ausbeutung und Unterdr\u00fcckung durch das kapitalistische und patriarchale System!","og_description":"Harare, 8. M\u00e4rz 2019 - Die Ziele, die zum Internationalen Frauentag f\u00fchrten, inspirieren uns auch weiterhin. Sie sind zum Sammelruf der Frauen und M\u00e4nner","og_url":"https:\/\/www.pressenza.com\/de\/2019\/03\/fuer-das-leben-und-die-wuerde-von-frauen-kaempfen-wir-gemeinsam-gegen-ausbeutung-und-unterdrueckung-durch-das-kapitalistische-und-patriarchale-system\/","og_site_name":"Pressenza","article_publisher":"https:\/\/www.facebook.com\/PressenzaItalia","article_author":"https:\/\/www.facebook.com\/Pressenza-Deutschland-sterreich-Schweiz-281675388658060\/timeline\/","article_published_time":"2019-03-08T13:32:29+00:00","article_modified_time":"2019-03-09T11:01:53+00:00","og_image":[{"width":1061,"height":420,"url":"https:\/\/www.pressenza.com\/wp-content\/uploads\/2019\/03\/La-Via-Campesina-8-March_Facebook-Screenshot.png","type":"image\/png"}],"author":"Pressenza Muenchen","twitter_card":"summary_large_image","twitter_creator":"@pressenza_ger","twitter_site":"@PressenzaIPA","twitter_misc":{"Verfasst von":"Pressenza Muenchen","Gesch\u00e4tzte Lesezeit":"3\u00a0Minuten"},"schema":{"@context":"https:\/\/schema.org","@graph":[{"@type":"Article","@id":"https:\/\/www.pressenza.com\/de\/2019\/03\/fuer-das-leben-und-die-wuerde-von-frauen-kaempfen-wir-gemeinsam-gegen-ausbeutung-und-unterdrueckung-durch-das-kapitalistische-und-patriarchale-system\/#article","isPartOf":{"@id":"https:\/\/www.pressenza.com\/de\/2019\/03\/fuer-das-leben-und-die-wuerde-von-frauen-kaempfen-wir-gemeinsam-gegen-ausbeutung-und-unterdrueckung-durch-das-kapitalistische-und-patriarchale-system\/"},"author":{"name":"Pressenza Muenchen","@id":"https:\/\/www.pressenza.com\/de\/#\/schema\/person\/0069724cfb2cb9785368a167d0d900b7"},"headline":"F\u00fcr das Leben und die W\u00fcrde von Frauen k\u00e4mpfen wir gemeinsam gegen Ausbeutung und Unterdr\u00fcckung durch das kapitalistische und patriarchale System!","datePublished":"2019-03-08T13:32:29+00:00","dateModified":"2019-03-09T11:01:53+00:00","mainEntityOfPage":{"@id":"https:\/\/www.pressenza.com\/de\/2019\/03\/fuer-das-leben-und-die-wuerde-von-frauen-kaempfen-wir-gemeinsam-gegen-ausbeutung-und-unterdrueckung-durch-das-kapitalistische-und-patriarchale-system\/"},"wordCount":695,"publisher":{"@id":"https:\/\/www.pressenza.com\/de\/#organization"},"image":{"@id":"https:\/\/www.pressenza.com\/de\/2019\/03\/fuer-das-leben-und-die-wuerde-von-frauen-kaempfen-wir-gemeinsam-gegen-ausbeutung-und-unterdrueckung-durch-das-kapitalistische-und-patriarchale-system\/#primaryimage"},"thumbnailUrl":"https:\/\/www.pressenza.com\/wp-content\/uploads\/2019\/03\/La-Via-Campesina-8-March_Facebook-Screenshot.png","keywords":["#8M2019","8. M\u00e4rz","Ern\u00e4hrungssouver\u00e4nit\u00e4t","Frauenrechte","Internationaler Frauentag","Kapitalismus","Kleinb\u00e4uer*innen","La Via Campesina","Menschenrechte","\u00f6kologiche","Patriarchat"],"articleSection":["Gender und Feminismen","International","Menschenrechte","Originalinhalt","Pressemitteilungen"],"inLanguage":"de"},{"@type":"WebPage","@id":"https:\/\/www.pressenza.com\/de\/2019\/03\/fuer-das-leben-und-die-wuerde-von-frauen-kaempfen-wir-gemeinsam-gegen-ausbeutung-und-unterdrueckung-durch-das-kapitalistische-und-patriarchale-system\/","url":"https:\/\/www.pressenza.com\/de\/2019\/03\/fuer-das-leben-und-die-wuerde-von-frauen-kaempfen-wir-gemeinsam-gegen-ausbeutung-und-unterdrueckung-durch-das-kapitalistische-und-patriarchale-system\/","name":"F\u00fcr das Leben und die W\u00fcrde von Frauen k\u00e4mpfen wir gemeinsam gegen Ausbeutung und Unterdr\u00fcckung durch das kapitalistische und patriarchale System!","isPartOf":{"@id":"https:\/\/www.pressenza.com\/de\/#website"},"primaryImageOfPage":{"@id":"https:\/\/www.pressenza.com\/de\/2019\/03\/fuer-das-leben-und-die-wuerde-von-frauen-kaempfen-wir-gemeinsam-gegen-ausbeutung-und-unterdrueckung-durch-das-kapitalistische-und-patriarchale-system\/#primaryimage"},"image":{"@id":"https:\/\/www.pressenza.com\/de\/2019\/03\/fuer-das-leben-und-die-wuerde-von-frauen-kaempfen-wir-gemeinsam-gegen-ausbeutung-und-unterdrueckung-durch-das-kapitalistische-und-patriarchale-system\/#primaryimage"},"thumbnailUrl":"https:\/\/www.pressenza.com\/wp-content\/uploads\/2019\/03\/La-Via-Campesina-8-March_Facebook-Screenshot.png","datePublished":"2019-03-08T13:32:29+00:00","dateModified":"2019-03-09T11:01:53+00:00","description":"Harare, 8. M\u00e4rz 2019 - Die Ziele, die zum Internationalen Frauentag f\u00fchrten, inspirieren uns auch weiterhin. Sie sind zum Sammelruf der Frauen und M\u00e4nner","breadcrumb":{"@id":"https:\/\/www.pressenza.com\/de\/2019\/03\/fuer-das-leben-und-die-wuerde-von-frauen-kaempfen-wir-gemeinsam-gegen-ausbeutung-und-unterdrueckung-durch-das-kapitalistische-und-patriarchale-system\/#breadcrumb"},"inLanguage":"de","potentialAction":[{"@type":"ReadAction","target":["https:\/\/www.pressenza.com\/de\/2019\/03\/fuer-das-leben-und-die-wuerde-von-frauen-kaempfen-wir-gemeinsam-gegen-ausbeutung-und-unterdrueckung-durch-das-kapitalistische-und-patriarchale-system\/"]}]},{"@type":"ImageObject","inLanguage":"de","@id":"https:\/\/www.pressenza.com\/de\/2019\/03\/fuer-das-leben-und-die-wuerde-von-frauen-kaempfen-wir-gemeinsam-gegen-ausbeutung-und-unterdrueckung-durch-das-kapitalistische-und-patriarchale-system\/#primaryimage","url":"https:\/\/www.pressenza.com\/wp-content\/uploads\/2019\/03\/La-Via-Campesina-8-March_Facebook-Screenshot.png","contentUrl":"https:\/\/www.pressenza.com\/wp-content\/uploads\/2019\/03\/La-Via-Campesina-8-March_Facebook-Screenshot.png","width":1061,"height":420},{"@type":"BreadcrumbList","@id":"https:\/\/www.pressenza.com\/de\/2019\/03\/fuer-das-leben-und-die-wuerde-von-frauen-kaempfen-wir-gemeinsam-gegen-ausbeutung-und-unterdrueckung-durch-das-kapitalistische-und-patriarchale-system\/#breadcrumb","itemListElement":[{"@type":"ListItem","position":1,"name":"Accueil","item":"https:\/\/www.pressenza.com\/de\/"},{"@type":"ListItem","position":2,"name":"F\u00fcr das Leben und die W\u00fcrde von Frauen k\u00e4mpfen wir gemeinsam gegen Ausbeutung und Unterdr\u00fcckung durch das kapitalistische und patriarchale System!"}]},{"@type":"WebSite","@id":"https:\/\/www.pressenza.com\/de\/#website","url":"https:\/\/www.pressenza.com\/de\/","name":"Pressenza","description":"International Press Agency","publisher":{"@id":"https:\/\/www.pressenza.com\/de\/#organization"},"potentialAction":[{"@type":"SearchAction","target":{"@type":"EntryPoint","urlTemplate":"https:\/\/www.pressenza.com\/de\/?s={search_term_string}"},"query-input":{"@type":"PropertyValueSpecification","valueRequired":true,"valueName":"search_term_string"}}],"inLanguage":"de"},{"@type":"Organization","@id":"https:\/\/www.pressenza.com\/de\/#organization","name":"Pressenza","url":"https:\/\/www.pressenza.com\/de\/","logo":{"@type":"ImageObject","inLanguage":"de","@id":"https:\/\/www.pressenza.com\/de\/#\/schema\/logo\/image\/","url":"https:\/\/www.pressenza.com\/wp-content\/uploads\/2022\/10\/pressenza_logo_200x200.jpg","contentUrl":"https:\/\/www.pressenza.com\/wp-content\/uploads\/2022\/10\/pressenza_logo_200x200.jpg","width":200,"height":200,"caption":"Pressenza"},"image":{"@id":"https:\/\/www.pressenza.com\/de\/#\/schema\/logo\/image\/"},"sameAs":["https:\/\/www.facebook.com\/PressenzaItalia","https:\/\/x.com\/PressenzaIPA"]},{"@type":"Person","@id":"https:\/\/www.pressenza.com\/de\/#\/schema\/person\/0069724cfb2cb9785368a167d0d900b7","name":"Pressenza Muenchen","description":"News from the Pressenza bureau in Munich, Germany","sameAs":["https:\/\/www.facebook.com\/Pressenza-Deutschland-sterreich-Schweiz-281675388658060\/timeline\/","https:\/\/x.com\/pressenza_ger"],"url":"https:\/\/www.pressenza.com\/de\/author\/pressenza-muenchen\/"}]}},"place":"La Via Campesina","original_article_url":"","_links":{"self":[{"href":"https:\/\/www.pressenza.com\/de\/wp-json\/wp\/v2\/posts\/818140","targetHints":{"allow":["GET"]}}],"collection":[{"href":"https:\/\/www.pressenza.com\/de\/wp-json\/wp\/v2\/posts"}],"about":[{"href":"https:\/\/www.pressenza.com\/de\/wp-json\/wp\/v2\/types\/post"}],"author":[{"embeddable":true,"href":"https:\/\/www.pressenza.com\/de\/wp-json\/wp\/v2\/users\/1097"}],"replies":[{"embeddable":true,"href":"https:\/\/www.pressenza.com\/de\/wp-json\/wp\/v2\/comments?post=818140"}],"version-history":[{"count":0,"href":"https:\/\/www.pressenza.com\/de\/wp-json\/wp\/v2\/posts\/818140\/revisions"}],"wp:featuredmedia":[{"embeddable":true,"href":"https:\/\/www.pressenza.com\/de\/wp-json\/wp\/v2\/media\/818235"}],"wp:attachment":[{"href":"https:\/\/www.pressenza.com\/de\/wp-json\/wp\/v2\/media?parent=818140"}],"wp:term":[{"taxonomy":"category","embeddable":true,"href":"https:\/\/www.pressenza.com\/de\/wp-json\/wp\/v2\/categories?post=818140"},{"taxonomy":"post_tag","embeddable":true,"href":"https:\/\/www.pressenza.com\/de\/wp-json\/wp\/v2\/tags?post=818140"}],"curies":[{"name":"wp","href":"https:\/\/api.w.org\/{rel}","templated":true}]}}