{"id":813914,"date":"2019-02-27T19:00:26","date_gmt":"2019-02-27T19:00:26","guid":{"rendered":"https:\/\/www.pressenza.com\/?p=813914"},"modified":"2019-02-27T19:00:26","modified_gmt":"2019-02-27T19:00:26","slug":"alles-muss-raus-grosser-ausverkauf-in-oesterreichs-asyl-und-menschenrecht","status":"publish","type":"post","link":"https:\/\/www.pressenza.com\/de\/2019\/02\/alles-muss-raus-grosser-ausverkauf-in-oesterreichs-asyl-und-menschenrecht\/","title":{"rendered":"Alles muss raus \u2013 gro\u00dfer Ausverkauf  (in \u00d6sterreichs Asyl- und Menschenrecht)"},"content":{"rendered":"<h5><em>Von Robert Manoutschehri<\/em><\/h5>\n<p>Weg mit Erstaufnahmezentren, stattdessen Ausreise-Zentren. \u201eKonzentrierte\u00a0<span class=\"text_exposed_show\">Lagerung\u201c (jetzt als zentrale Unterbringung betitelt), sowie Sicherungshaft, Gef\u00e4hrdungsprognosen und eine 20-t\u00e4gige R\u00fcckkehrberatung statt unabh\u00e4ngiger Rechtsvertretung sollen eine ordentliche Asylrechts-Pr\u00fcfung ersetzen. Eine Bundesbetreuungsagentur werde au\u00dferdem daf\u00fcr sorgen, dass es weniger Beschwerdef\u00e4lle in erster Instanz g\u00e4be. Auch eine Aberkennung des Asylstatus bei Straftaten soll bis auf EU-Ebene durchgesetzt werden.<br \/>\n<\/span><\/p>\n<p>Dies und \u00c4hnliches bislang Undenkbares pr\u00e4sentierte \u00d6sterreichs Innenminister Herbert Kickl heute mit dem neuen Asyl-Paket von Schwarz-Blau. Gegossen in einen 5-Punkte-Plan, der sich wie eine Liste jener v\u00f6lker- und menschenrechtswidrigen Ma\u00dfnahmen liest, die EU-weit schon in Ungarn und anderen L\u00e4ndern zu schwerer Kritik bis hin zu Klagen vor dem Europ\u00e4ischen Gerichtshof gef\u00fchrt haben.<\/p>\n<div class=\"text_exposed_show\">\n<p>Nichtsdestotrotz soll diese Versch\u00e4rfung der Versch\u00e4rfung der Versch\u00e4rfung der Asylpolitik \u2013 auf welch schleierhaft-antidemokratischen Wegen auch immer, denn einiges w\u00fcrde einer Verfassungs\u00e4nderung bed\u00fcrfen \u2013 zu geltendem Recht erkl\u00e4rt werden, das bereits ab M\u00e4rz in Kraft treten soll. Sollte dies gelingen und tats\u00e4chlich so eingef\u00fchrt werden, entfernt sich \u00d6sterreich auch im Bereich der Migrations- und Asyl-Politik endg\u00fcltig von den gemeinsamen Zielen der EU-Staatengemeinschaft.<\/p>\n<h2>Reaktionen: \u201eDie Regierung tanzt am Abgrund der Demokratie\u201c<\/h2>\n<p>\u201e\u00d6sterreich befindet sich am Weg zum autorit\u00e4ren Staat \u2013 eine Sicherungshaft ohne gerichtliche Anordnung, ein Milit\u00e4rbefugnisgesetz, das den Datenschutz aushebelt, die Zerschlagung des Verfassungsschutzes, eine NS-Meldestelle, die keine Kapazit\u00e4ten hat, allen Hinweisen nachzugehen und die n\u00e4chste Versch\u00e4rfung des Asylrechts \u2013 all diese Entwicklungen und Ank\u00fcndigungen zeigen, dass die t\u00fcrkis-blaue Regierung in rasantem Tempo daran arbeitet, demokratische Grundrechte in \u00d6sterreich abzuschaffen\u201c, so die Gr\u00fcne Demokratiesprecherin Ewa Dziedzic in einer Aussendung.<\/p>\n<p>Aber nicht nur f\u00fcr die Gr\u00fcnen sind die geplanten Gesetzes\u00e4nderungen ein Schritt in Richtung eines autorit\u00e4ren Staates. Zur Ank\u00fcndigung, Traiskirchen als Ausreisezentrum zu etablieren, meinte Andreas Babler, B\u00fcrgermeister von Traiskirchen: \u201eVielleicht sollte der Innenminister endlich eine seiner Kernaufgaben, n\u00e4mlich ein geregeltes und rechtsstaatliches Erstaufnahmesystem, das in \u00d6sterreich nach wie vor fehlt, in Umsetzung bringen. Hier ist Kickl bis jetzt, genauso wie seine Amtsvorg\u00e4ngerinnen und Amtsvorg\u00e4nger, kl\u00e4glich gescheitert.\u201c<\/p>\n<p>Und weiters: \u201eWas Kickl hier ank\u00fcndigt, bedeutet einen radikalen Angriff auf unsere rechtstaatlichen Prinzipien, egal ob es Internierung, Sicherungshaft oder sonst wie genannt wird. Dieses Vorgehen ist grunds\u00e4tzlich abzulehnen. Menschen, egal ob \u00d6sterreicher oder Fl\u00fcchtende, auf Verdacht einzusperren, ohne dass sie ein Verbrechen begangen haben, ist in einer entwickelten Demokratie wie unserer, nicht nur ein Tabubruch, sondern f\u00fcr mich ein derber Anschlag auf unser geregeltes \u00f6sterreichisches Rechtssystem.\u201c<\/p>\n<p>Scharfe Kritik auch Alma Zadic, sicherheitspolitische Sprecherin von der Liste Jetzt: \u201eDer Innenminister entwickelt sich immer mehr zu einem Gef\u00e4hrder unseres \u00f6sterreichischen Rechtsstaats und unserer Verfassung. Am liebsten w\u00fcrde er an den Richtern vorbei selbst entscheiden, wen er einsperrt. Die Kickl\u2019sche Pr\u00e4ventivhaft \u00f6ffnet somit T\u00fcr und Tor f\u00fcr Missbrauch und Willk\u00fcr. Die Entwicklungen zu einem autorit\u00e4ren Unrechtsstaat werden wir mit Sicherheit nicht mittragen\u201c, so Zadic in einer Aussendung.<\/p>\n<\/div>\n","protected":false},"excerpt":{"rendered":"<p>Von Robert Manoutschehri Weg mit Erstaufnahmezentren, stattdessen Ausreise-Zentren. \u201eKonzentrierte\u00a0Lagerung\u201c (jetzt als zentrale Unterbringung betitelt), sowie Sicherungshaft, Gef\u00e4hrdungsprognosen und eine 20-t\u00e4gige R\u00fcckkehrberatung statt unabh\u00e4ngiger Rechtsvertretung sollen eine ordentliche Asylrechts-Pr\u00fcfung ersetzen. Eine Bundesbetreuungsagentur werde au\u00dferdem daf\u00fcr sorgen, dass es weniger Beschwerdef\u00e4lle in&hellip;<\/p>\n","protected":false},"author":1408,"featured_media":813916,"comment_status":"closed","ping_status":"closed","sticky":false,"template":"","format":"standard","meta":{"footnotes":""},"categories":[9150,7835,9156,9161,11387,9168],"tags":[55721,9184,55720],"class_list":["post-813914","post","type-post","status-publish","format-standard","has-post-thumbnail","hentry","category-europa-de","category-international-de","category-kultur-und-medien","category-menschenrechte","category-originalinhalt","category-politik","tag-grundrechte","tag-osterreich","tag-sicherungshaft"],"yoast_head":"<!-- This site is optimized with the Yoast SEO plugin v27.1.1 - https:\/\/yoast.com\/product\/yoast-seo-wordpress\/ -->\n<title>Alles muss raus \u2013 gro\u00dfer Ausverkauf (in \u00d6sterreichs Asyl- und Menschenrecht)<\/title>\n<meta name=\"description\" content=\"Von Robert Manoutschehri Weg mit Erstaufnahmezentren, stattdessen Ausreise-Zentren. \u201eKonzentrierte\u00a0Lagerung\u201c (jetzt als zentrale Unterbringung betitelt),\" \/>\n<meta name=\"robots\" content=\"index, follow, max-snippet:-1, max-image-preview:large, max-video-preview:-1\" \/>\n<link rel=\"canonical\" href=\"https:\/\/www.pressenza.com\/de\/2019\/02\/alles-muss-raus-grosser-ausverkauf-in-oesterreichs-asyl-und-menschenrecht\/\" \/>\n<meta property=\"og:locale\" content=\"de_DE\" \/>\n<meta property=\"og:type\" content=\"article\" \/>\n<meta property=\"og:title\" content=\"Alles muss raus \u2013 gro\u00dfer Ausverkauf (in \u00d6sterreichs Asyl- und Menschenrecht)\" \/>\n<meta property=\"og:description\" content=\"Von Robert Manoutschehri Weg mit Erstaufnahmezentren, stattdessen Ausreise-Zentren. \u201eKonzentrierte\u00a0Lagerung\u201c (jetzt als zentrale Unterbringung betitelt),\" \/>\n<meta property=\"og:url\" content=\"https:\/\/www.pressenza.com\/de\/2019\/02\/alles-muss-raus-grosser-ausverkauf-in-oesterreichs-asyl-und-menschenrecht\/\" \/>\n<meta property=\"og:site_name\" content=\"Pressenza\" \/>\n<meta property=\"article:publisher\" content=\"https:\/\/www.facebook.com\/PressenzaItalia\" \/>\n<meta property=\"article:published_time\" content=\"2019-02-27T19:00:26+00:00\" \/>\n<meta property=\"og:image\" content=\"https:\/\/www.pressenza.com\/wp-content\/uploads\/2019\/02\/29BC5272-C10C-4D01-B4C1-492E16074591.jpeg\" \/>\n\t<meta property=\"og:image:width\" content=\"531\" \/>\n\t<meta property=\"og:image:height\" content=\"236\" \/>\n\t<meta property=\"og:image:type\" content=\"image\/jpeg\" \/>\n<meta name=\"author\" content=\"Unsere Zeitung\" \/>\n<meta name=\"twitter:card\" content=\"summary_large_image\" \/>\n<meta name=\"twitter:creator\" content=\"@PressenzaIPA\" \/>\n<meta name=\"twitter:site\" content=\"@PressenzaIPA\" \/>\n<meta name=\"twitter:label1\" content=\"Verfasst von\" \/>\n\t<meta name=\"twitter:data1\" content=\"Unsere Zeitung\" \/>\n\t<meta name=\"twitter:label2\" content=\"Gesch\u00e4tzte Lesezeit\" \/>\n\t<meta name=\"twitter:data2\" content=\"3\u00a0Minuten\" \/>\n<script type=\"application\/ld+json\" class=\"yoast-schema-graph\">{\"@context\":\"https:\/\/schema.org\",\"@graph\":[{\"@type\":\"Article\",\"@id\":\"https:\/\/www.pressenza.com\/de\/2019\/02\/alles-muss-raus-grosser-ausverkauf-in-oesterreichs-asyl-und-menschenrecht\/#article\",\"isPartOf\":{\"@id\":\"https:\/\/www.pressenza.com\/de\/2019\/02\/alles-muss-raus-grosser-ausverkauf-in-oesterreichs-asyl-und-menschenrecht\/\"},\"author\":{\"name\":\"Unsere Zeitung\",\"@id\":\"https:\/\/www.pressenza.com\/de\/#\/schema\/person\/204e67ffc5ecb05d81ec7dbb33ded555\"},\"headline\":\"Alles muss raus \u2013 gro\u00dfer Ausverkauf (in \u00d6sterreichs Asyl- und Menschenrecht)\",\"datePublished\":\"2019-02-27T19:00:26+00:00\",\"mainEntityOfPage\":{\"@id\":\"https:\/\/www.pressenza.com\/de\/2019\/02\/alles-muss-raus-grosser-ausverkauf-in-oesterreichs-asyl-und-menschenrecht\/\"},\"wordCount\":514,\"publisher\":{\"@id\":\"https:\/\/www.pressenza.com\/de\/#organization\"},\"image\":{\"@id\":\"https:\/\/www.pressenza.com\/de\/2019\/02\/alles-muss-raus-grosser-ausverkauf-in-oesterreichs-asyl-und-menschenrecht\/#primaryimage\"},\"thumbnailUrl\":\"https:\/\/www.pressenza.com\/wp-content\/uploads\/2019\/02\/29BC5272-C10C-4D01-B4C1-492E16074591.jpeg\",\"keywords\":[\"Grundrechte\",\"\u00d6sterreich\",\"Sicherungshaft\"],\"articleSection\":[\"Europa\",\"International\",\"Kultur und Medien\",\"Menschenrechte\",\"Originalinhalt\",\"Politik\"],\"inLanguage\":\"de\"},{\"@type\":\"WebPage\",\"@id\":\"https:\/\/www.pressenza.com\/de\/2019\/02\/alles-muss-raus-grosser-ausverkauf-in-oesterreichs-asyl-und-menschenrecht\/\",\"url\":\"https:\/\/www.pressenza.com\/de\/2019\/02\/alles-muss-raus-grosser-ausverkauf-in-oesterreichs-asyl-und-menschenrecht\/\",\"name\":\"Alles muss raus \u2013 gro\u00dfer Ausverkauf (in \u00d6sterreichs Asyl- und Menschenrecht)\",\"isPartOf\":{\"@id\":\"https:\/\/www.pressenza.com\/de\/#website\"},\"primaryImageOfPage\":{\"@id\":\"https:\/\/www.pressenza.com\/de\/2019\/02\/alles-muss-raus-grosser-ausverkauf-in-oesterreichs-asyl-und-menschenrecht\/#primaryimage\"},\"image\":{\"@id\":\"https:\/\/www.pressenza.com\/de\/2019\/02\/alles-muss-raus-grosser-ausverkauf-in-oesterreichs-asyl-und-menschenrecht\/#primaryimage\"},\"thumbnailUrl\":\"https:\/\/www.pressenza.com\/wp-content\/uploads\/2019\/02\/29BC5272-C10C-4D01-B4C1-492E16074591.jpeg\",\"datePublished\":\"2019-02-27T19:00:26+00:00\",\"description\":\"Von Robert Manoutschehri Weg mit Erstaufnahmezentren, stattdessen Ausreise-Zentren. \u201eKonzentrierte\u00a0Lagerung\u201c (jetzt als zentrale Unterbringung betitelt),\",\"breadcrumb\":{\"@id\":\"https:\/\/www.pressenza.com\/de\/2019\/02\/alles-muss-raus-grosser-ausverkauf-in-oesterreichs-asyl-und-menschenrecht\/#breadcrumb\"},\"inLanguage\":\"de\",\"potentialAction\":[{\"@type\":\"ReadAction\",\"target\":[\"https:\/\/www.pressenza.com\/de\/2019\/02\/alles-muss-raus-grosser-ausverkauf-in-oesterreichs-asyl-und-menschenrecht\/\"]}]},{\"@type\":\"ImageObject\",\"inLanguage\":\"de\",\"@id\":\"https:\/\/www.pressenza.com\/de\/2019\/02\/alles-muss-raus-grosser-ausverkauf-in-oesterreichs-asyl-und-menschenrecht\/#primaryimage\",\"url\":\"https:\/\/www.pressenza.com\/wp-content\/uploads\/2019\/02\/29BC5272-C10C-4D01-B4C1-492E16074591.jpeg\",\"contentUrl\":\"https:\/\/www.pressenza.com\/wp-content\/uploads\/2019\/02\/29BC5272-C10C-4D01-B4C1-492E16074591.jpeg\",\"width\":531,\"height\":236},{\"@type\":\"BreadcrumbList\",\"@id\":\"https:\/\/www.pressenza.com\/de\/2019\/02\/alles-muss-raus-grosser-ausverkauf-in-oesterreichs-asyl-und-menschenrecht\/#breadcrumb\",\"itemListElement\":[{\"@type\":\"ListItem\",\"position\":1,\"name\":\"Accueil\",\"item\":\"https:\/\/www.pressenza.com\/de\/\"},{\"@type\":\"ListItem\",\"position\":2,\"name\":\"Alles muss raus \u2013 gro\u00dfer Ausverkauf (in \u00d6sterreichs Asyl- und Menschenrecht)\"}]},{\"@type\":\"WebSite\",\"@id\":\"https:\/\/www.pressenza.com\/de\/#website\",\"url\":\"https:\/\/www.pressenza.com\/de\/\",\"name\":\"Pressenza\",\"description\":\"International Press Agency\",\"publisher\":{\"@id\":\"https:\/\/www.pressenza.com\/de\/#organization\"},\"potentialAction\":[{\"@type\":\"SearchAction\",\"target\":{\"@type\":\"EntryPoint\",\"urlTemplate\":\"https:\/\/www.pressenza.com\/de\/?s={search_term_string}\"},\"query-input\":{\"@type\":\"PropertyValueSpecification\",\"valueRequired\":true,\"valueName\":\"search_term_string\"}}],\"inLanguage\":\"de\"},{\"@type\":\"Organization\",\"@id\":\"https:\/\/www.pressenza.com\/de\/#organization\",\"name\":\"Pressenza\",\"url\":\"https:\/\/www.pressenza.com\/de\/\",\"logo\":{\"@type\":\"ImageObject\",\"inLanguage\":\"de\",\"@id\":\"https:\/\/www.pressenza.com\/de\/#\/schema\/logo\/image\/\",\"url\":\"https:\/\/www.pressenza.com\/wp-content\/uploads\/2022\/10\/pressenza_logo_200x200.jpg\",\"contentUrl\":\"https:\/\/www.pressenza.com\/wp-content\/uploads\/2022\/10\/pressenza_logo_200x200.jpg\",\"width\":200,\"height\":200,\"caption\":\"Pressenza\"},\"image\":{\"@id\":\"https:\/\/www.pressenza.com\/de\/#\/schema\/logo\/image\/\"},\"sameAs\":[\"https:\/\/www.facebook.com\/PressenzaItalia\",\"https:\/\/x.com\/PressenzaIPA\"]},{\"@type\":\"Person\",\"@id\":\"https:\/\/www.pressenza.com\/de\/#\/schema\/person\/204e67ffc5ecb05d81ec7dbb33ded555\",\"name\":\"Unsere Zeitung\",\"url\":\"https:\/\/www.pressenza.com\/de\/author\/unsere-zeitung\/\"}]}<\/script>\n<!-- \/ Yoast SEO plugin. -->","yoast_head_json":{"title":"Alles muss raus \u2013 gro\u00dfer Ausverkauf (in \u00d6sterreichs Asyl- und Menschenrecht)","description":"Von Robert Manoutschehri Weg mit Erstaufnahmezentren, stattdessen Ausreise-Zentren. \u201eKonzentrierte\u00a0Lagerung\u201c (jetzt als zentrale Unterbringung betitelt),","robots":{"index":"index","follow":"follow","max-snippet":"max-snippet:-1","max-image-preview":"max-image-preview:large","max-video-preview":"max-video-preview:-1"},"canonical":"https:\/\/www.pressenza.com\/de\/2019\/02\/alles-muss-raus-grosser-ausverkauf-in-oesterreichs-asyl-und-menschenrecht\/","og_locale":"de_DE","og_type":"article","og_title":"Alles muss raus \u2013 gro\u00dfer Ausverkauf (in \u00d6sterreichs Asyl- und Menschenrecht)","og_description":"Von Robert Manoutschehri Weg mit Erstaufnahmezentren, stattdessen Ausreise-Zentren. \u201eKonzentrierte\u00a0Lagerung\u201c (jetzt als zentrale Unterbringung betitelt),","og_url":"https:\/\/www.pressenza.com\/de\/2019\/02\/alles-muss-raus-grosser-ausverkauf-in-oesterreichs-asyl-und-menschenrecht\/","og_site_name":"Pressenza","article_publisher":"https:\/\/www.facebook.com\/PressenzaItalia","article_published_time":"2019-02-27T19:00:26+00:00","og_image":[{"width":531,"height":236,"url":"https:\/\/www.pressenza.com\/wp-content\/uploads\/2019\/02\/29BC5272-C10C-4D01-B4C1-492E16074591.jpeg","type":"image\/jpeg"}],"author":"Unsere Zeitung","twitter_card":"summary_large_image","twitter_creator":"@PressenzaIPA","twitter_site":"@PressenzaIPA","twitter_misc":{"Verfasst von":"Unsere Zeitung","Gesch\u00e4tzte Lesezeit":"3\u00a0Minuten"},"schema":{"@context":"https:\/\/schema.org","@graph":[{"@type":"Article","@id":"https:\/\/www.pressenza.com\/de\/2019\/02\/alles-muss-raus-grosser-ausverkauf-in-oesterreichs-asyl-und-menschenrecht\/#article","isPartOf":{"@id":"https:\/\/www.pressenza.com\/de\/2019\/02\/alles-muss-raus-grosser-ausverkauf-in-oesterreichs-asyl-und-menschenrecht\/"},"author":{"name":"Unsere Zeitung","@id":"https:\/\/www.pressenza.com\/de\/#\/schema\/person\/204e67ffc5ecb05d81ec7dbb33ded555"},"headline":"Alles muss raus \u2013 gro\u00dfer Ausverkauf (in \u00d6sterreichs Asyl- und Menschenrecht)","datePublished":"2019-02-27T19:00:26+00:00","mainEntityOfPage":{"@id":"https:\/\/www.pressenza.com\/de\/2019\/02\/alles-muss-raus-grosser-ausverkauf-in-oesterreichs-asyl-und-menschenrecht\/"},"wordCount":514,"publisher":{"@id":"https:\/\/www.pressenza.com\/de\/#organization"},"image":{"@id":"https:\/\/www.pressenza.com\/de\/2019\/02\/alles-muss-raus-grosser-ausverkauf-in-oesterreichs-asyl-und-menschenrecht\/#primaryimage"},"thumbnailUrl":"https:\/\/www.pressenza.com\/wp-content\/uploads\/2019\/02\/29BC5272-C10C-4D01-B4C1-492E16074591.jpeg","keywords":["Grundrechte","\u00d6sterreich","Sicherungshaft"],"articleSection":["Europa","International","Kultur und Medien","Menschenrechte","Originalinhalt","Politik"],"inLanguage":"de"},{"@type":"WebPage","@id":"https:\/\/www.pressenza.com\/de\/2019\/02\/alles-muss-raus-grosser-ausverkauf-in-oesterreichs-asyl-und-menschenrecht\/","url":"https:\/\/www.pressenza.com\/de\/2019\/02\/alles-muss-raus-grosser-ausverkauf-in-oesterreichs-asyl-und-menschenrecht\/","name":"Alles muss raus \u2013 gro\u00dfer Ausverkauf (in \u00d6sterreichs Asyl- und Menschenrecht)","isPartOf":{"@id":"https:\/\/www.pressenza.com\/de\/#website"},"primaryImageOfPage":{"@id":"https:\/\/www.pressenza.com\/de\/2019\/02\/alles-muss-raus-grosser-ausverkauf-in-oesterreichs-asyl-und-menschenrecht\/#primaryimage"},"image":{"@id":"https:\/\/www.pressenza.com\/de\/2019\/02\/alles-muss-raus-grosser-ausverkauf-in-oesterreichs-asyl-und-menschenrecht\/#primaryimage"},"thumbnailUrl":"https:\/\/www.pressenza.com\/wp-content\/uploads\/2019\/02\/29BC5272-C10C-4D01-B4C1-492E16074591.jpeg","datePublished":"2019-02-27T19:00:26+00:00","description":"Von Robert Manoutschehri Weg mit Erstaufnahmezentren, stattdessen Ausreise-Zentren. \u201eKonzentrierte\u00a0Lagerung\u201c (jetzt als zentrale Unterbringung betitelt),","breadcrumb":{"@id":"https:\/\/www.pressenza.com\/de\/2019\/02\/alles-muss-raus-grosser-ausverkauf-in-oesterreichs-asyl-und-menschenrecht\/#breadcrumb"},"inLanguage":"de","potentialAction":[{"@type":"ReadAction","target":["https:\/\/www.pressenza.com\/de\/2019\/02\/alles-muss-raus-grosser-ausverkauf-in-oesterreichs-asyl-und-menschenrecht\/"]}]},{"@type":"ImageObject","inLanguage":"de","@id":"https:\/\/www.pressenza.com\/de\/2019\/02\/alles-muss-raus-grosser-ausverkauf-in-oesterreichs-asyl-und-menschenrecht\/#primaryimage","url":"https:\/\/www.pressenza.com\/wp-content\/uploads\/2019\/02\/29BC5272-C10C-4D01-B4C1-492E16074591.jpeg","contentUrl":"https:\/\/www.pressenza.com\/wp-content\/uploads\/2019\/02\/29BC5272-C10C-4D01-B4C1-492E16074591.jpeg","width":531,"height":236},{"@type":"BreadcrumbList","@id":"https:\/\/www.pressenza.com\/de\/2019\/02\/alles-muss-raus-grosser-ausverkauf-in-oesterreichs-asyl-und-menschenrecht\/#breadcrumb","itemListElement":[{"@type":"ListItem","position":1,"name":"Accueil","item":"https:\/\/www.pressenza.com\/de\/"},{"@type":"ListItem","position":2,"name":"Alles muss raus \u2013 gro\u00dfer Ausverkauf (in \u00d6sterreichs Asyl- und Menschenrecht)"}]},{"@type":"WebSite","@id":"https:\/\/www.pressenza.com\/de\/#website","url":"https:\/\/www.pressenza.com\/de\/","name":"Pressenza","description":"International Press Agency","publisher":{"@id":"https:\/\/www.pressenza.com\/de\/#organization"},"potentialAction":[{"@type":"SearchAction","target":{"@type":"EntryPoint","urlTemplate":"https:\/\/www.pressenza.com\/de\/?s={search_term_string}"},"query-input":{"@type":"PropertyValueSpecification","valueRequired":true,"valueName":"search_term_string"}}],"inLanguage":"de"},{"@type":"Organization","@id":"https:\/\/www.pressenza.com\/de\/#organization","name":"Pressenza","url":"https:\/\/www.pressenza.com\/de\/","logo":{"@type":"ImageObject","inLanguage":"de","@id":"https:\/\/www.pressenza.com\/de\/#\/schema\/logo\/image\/","url":"https:\/\/www.pressenza.com\/wp-content\/uploads\/2022\/10\/pressenza_logo_200x200.jpg","contentUrl":"https:\/\/www.pressenza.com\/wp-content\/uploads\/2022\/10\/pressenza_logo_200x200.jpg","width":200,"height":200,"caption":"Pressenza"},"image":{"@id":"https:\/\/www.pressenza.com\/de\/#\/schema\/logo\/image\/"},"sameAs":["https:\/\/www.facebook.com\/PressenzaItalia","https:\/\/x.com\/PressenzaIPA"]},{"@type":"Person","@id":"https:\/\/www.pressenza.com\/de\/#\/schema\/person\/204e67ffc5ecb05d81ec7dbb33ded555","name":"Unsere Zeitung","url":"https:\/\/www.pressenza.com\/de\/author\/unsere-zeitung\/"}]}},"place":"","original_article_url":"https:\/\/www.unsere-zeitung.at\/2019\/02\/25\/alles-muss-raus-grosser-ausverkauf-in-oesterreichs-asyl-und-menschenrecht\/","_links":{"self":[{"href":"https:\/\/www.pressenza.com\/de\/wp-json\/wp\/v2\/posts\/813914","targetHints":{"allow":["GET"]}}],"collection":[{"href":"https:\/\/www.pressenza.com\/de\/wp-json\/wp\/v2\/posts"}],"about":[{"href":"https:\/\/www.pressenza.com\/de\/wp-json\/wp\/v2\/types\/post"}],"author":[{"embeddable":true,"href":"https:\/\/www.pressenza.com\/de\/wp-json\/wp\/v2\/users\/1408"}],"replies":[{"embeddable":true,"href":"https:\/\/www.pressenza.com\/de\/wp-json\/wp\/v2\/comments?post=813914"}],"version-history":[{"count":0,"href":"https:\/\/www.pressenza.com\/de\/wp-json\/wp\/v2\/posts\/813914\/revisions"}],"wp:featuredmedia":[{"embeddable":true,"href":"https:\/\/www.pressenza.com\/de\/wp-json\/wp\/v2\/media\/813916"}],"wp:attachment":[{"href":"https:\/\/www.pressenza.com\/de\/wp-json\/wp\/v2\/media?parent=813914"}],"wp:term":[{"taxonomy":"category","embeddable":true,"href":"https:\/\/www.pressenza.com\/de\/wp-json\/wp\/v2\/categories?post=813914"},{"taxonomy":"post_tag","embeddable":true,"href":"https:\/\/www.pressenza.com\/de\/wp-json\/wp\/v2\/tags?post=813914"}],"curies":[{"name":"wp","href":"https:\/\/api.w.org\/{rel}","templated":true}]}}