{"id":803481,"date":"2019-02-07T18:31:54","date_gmt":"2019-02-07T18:31:54","guid":{"rendered":"https:\/\/www.pressenza.com\/?p=803481"},"modified":"2019-02-07T18:33:51","modified_gmt":"2019-02-07T18:33:51","slug":"msf-protestieren-gegen-falsche-anschuldigungen-der-saudi-allianz","status":"publish","type":"post","link":"https:\/\/www.pressenza.com\/de\/2019\/02\/msf-protestieren-gegen-falsche-anschuldigungen-der-saudi-allianz\/","title":{"rendered":"MSF protestieren gegen \u00bbfalsche Anschuldigungen\u00ab der Saudi-Allianz"},"content":{"rendered":"<p><strong>Von saudischer Milit\u00e4rallianz eingesetztes Untersuchungsteam gibt \u00bb\u00c4rzte ohne Grenzen\u00ab (MSF) eine Mitschuld an der Bombardierung eines Cholera-Behandlungszentrums im Jemen. <\/strong><\/p>\n<p>Wie die internationale Hilfsorganisation MSF in einer Pressemitteilung vom 06. Februar 2019 erkl\u00e4rt, werden Anschuldigungen der von Saudi-Arabien und der Vereinigten Arabischen Emirate eingesetzten Untersuchungskommission JIAT (\u00bbThe Joint Incident Assessment Team\u00ab) zur Aufkl\u00e4rung der Zerst\u00f6rung eines Cholera-Behandlungszentrums in der jemenitischen Stadt Abs vom 11. Juni 2018 deutlich zur\u00fcckgewiesen [1]. MSF fordert, dass der Vorfall erneut gepr\u00fcft werden soll und fehlerhafte Behauptungen zur\u00fcckzunehmen sind.<\/p>\n<p><strong>Mitschuld an Zerst\u00f6rung der eigenen Einrichtung unterstellt <\/strong><\/p>\n<p>Die Ermittlungskommission gab MSF auf einer Pressekonferenz vom 16. Januar eine Mitschuld an der Zerst\u00f6rung der Anlage durch eine Bombardierung der Milit\u00e4rallianz, da man die Geb\u00e4ude nicht als medizinische Einrichtungen gekennzeichnet h\u00e4tte. Es w\u00e4re auch keine Anfrage der Hilfsorganisation zum Schutz des Standorts durch Aufnahme in eine Liste nicht anzugreifender Einrichtungen bei der Milit\u00e4rallianz eingegangen [2], so das JIAT. Dabei bezieht sich die Untersuchungskommission unter anderem auf Satellitenbilder vom 01. Dezember 2017 und vom 03. April 2018.<\/p>\n<p>Dieser Darstellung widerspricht die Hilfsorganisation. Nach Angaben von MSF w\u00e4re der Standort \u00bbmit drei markanten Logos\u00ab gekennzeichnet worden und man h\u00e4tte die zust\u00e4ndigen Beh\u00f6rden der Angreifer zw\u00f6lfmal schriftlich dar\u00fcber informiert. Die Hilfsorganisation hatte am 12. Juni 2018, kurz nach der Zerst\u00f6rung der Einrichtung, Fotos mit Datum vom 28. Mai 2018 ver\u00f6ffentlicht, die das Cholera-Behandlungszentrum mit MSF-Markierungen auf den D\u00e4chern zeigen soll [3].<\/p>\n<p><strong>Verantwortung liegt bei den Konfliktparteien<\/strong><\/p>\n<p>Wie Teresa Sancristoval von \u00bb\u00c4rzte ohne Grenzen\u00ab mitteilt, w\u00e4ren medizinische Einrichtungen nach dem humanit\u00e4ren V\u00f6lkerrecht gesch\u00fctzt und d\u00fcrften nicht angegriffen werden. \u00bbDas gilt selbst dann, wenn sie nicht gekennzeichnet sein sollten oder die Standorte nicht den Kriegsparteien mitgeteilt wurden\u00ab, so MSF in der Pressemitteilung weiter. Es w\u00fcrde einzig in der Verantwortung der Konfliktparteien liegen, \u00bbproaktiv alle notwendigen Ma\u00dfnahmen zu ergreifen, um sicherzustellen, dass gesch\u00fctzte Einrichtungen nicht angegriffen werden.\u00ab MSF weist die Verantwortung von Zivilisten oder medizinischem Personal f\u00fcr den Schutz der Anlage zur\u00fcck.<\/p>\n<p>Mitarbeiter und Patienten wurden bei der Zerst\u00f6rung der Anlage im Juni 2018 nicht get\u00f6tet. Das neu errichtete Cholera-Behandlungszentrum h\u00e4tte die Versorgung von Menschen in einem Gebiet mit \u00fcber einer Million Einwohnern \u00fcbernehmen sollen.<\/p>\n<p>Seit M\u00e4rz 2015 wurden MSF-Einrichtungen nach eigenen Angaben f\u00fcnfmal zum Ziel von Luftschl\u00e4gen der von Saudi-Arabien gef\u00fchrten Milit\u00e4rkoalition. Im Jemen sind wegen des Krieges nach UN-Angaben mehr als 11 Millionen Menschen in akuter Not. Die absolute Golfmonarchie f\u00fchrt ohne UN-Mandat, aber mit R\u00fcckendeckung des Westens, seit dem Jahr 2015 einen Krieg gegen die vom Iran unterst\u00fctzten Huuthi-Rebellen im Nachbarland Jemen.<\/p>\n<p><strong><em>Quellen:<\/em><\/strong><br \/>\nPresseerkl\u00e4rung MSF vom 06. Februar 2019<br \/>\n[1] <a href=\"https:\/\/media.msf.org\/CS.aspx?VP3=SearchResult&amp;VBID=24BDQ5Z53QE\" target=\"_blank\" rel=\"noopener\">https:\/\/media.msf.org\/CS.aspx?VP3=SearchResult&amp;VBID=24BDQ5Z53QE<\/a><br \/>\n[2] <a href=\"https:\/\/www.spa.gov.sa\/viewstory.php?lang=en&amp;newsid=1875235\" target=\"_blank\" rel=\"noopener\">https:\/\/www.spa.gov.sa\/viewstory.php?lang=en&amp;newsid=1875235<\/a><br \/>\n[3] <a href=\"https:\/\/www.doctorswithoutborders.org\/what-we-do\/news-stories\/story\/yemen-airstrike-hits-msf-cholera-treatment-center-abs\" target=\"_blank\" rel=\"noopener\">https:\/\/www.doctorswithoutborders.org\/what-we-do\/news-stories\/story\/yemen-airstrike-hits-msf-cholera-treatment-center-abs<\/a><\/p>\n","protected":false},"excerpt":{"rendered":"<p>Von saudischer Milit\u00e4rallianz eingesetztes Untersuchungsteam gibt \u00bb\u00c4rzte ohne Grenzen\u00ab (MSF) eine Mitschuld an der Bombardierung eines Cholera-Behandlungszentrums im Jemen. Wie die internationale Hilfsorganisation MSF in einer Pressemitteilung vom 06. Februar 2019 erkl\u00e4rt, werden Anschuldigungen der von Saudi-Arabien und der Vereinigten&hellip;<\/p>\n","protected":false},"author":1403,"featured_media":803485,"comment_status":"closed","ping_status":"closed","sticky":false,"template":"","format":"standard","meta":{"footnotes":""},"categories":[9167,9151,11387],"tags":[18496,16958,54815,16462,54814],"class_list":["post-803481","post","type-post","status-publish","format-standard","has-post-thumbnail","hentry","category-frieden-und-abruestung","category-mittlerer-osten","category-originalinhalt","tag-aerzte-ohne-grenzen","tag-jemen","tag-msf-de","tag-saudi-arabien","tag-vereinigten-arabischen-emirate"],"yoast_head":"<!-- This site is optimized with the Yoast SEO plugin v27.1.1 - https:\/\/yoast.com\/product\/yoast-seo-wordpress\/ -->\n<title>MSF protestieren gegen \u00bbfalsche Anschuldigungen\u00ab der Saudi-Allianz<\/title>\n<meta name=\"description\" content=\"Von saudischer Milit\u00e4rallianz eingesetztes Untersuchungsteam gibt \u00bb\u00c4rzte ohne Grenzen\u00ab (MSF) eine Mitschuld an der Bombardierung eines\" \/>\n<meta name=\"robots\" content=\"index, follow, max-snippet:-1, max-image-preview:large, max-video-preview:-1\" \/>\n<link rel=\"canonical\" href=\"https:\/\/www.pressenza.com\/de\/2019\/02\/msf-protestieren-gegen-falsche-anschuldigungen-der-saudi-allianz\/\" \/>\n<meta property=\"og:locale\" content=\"de_DE\" \/>\n<meta property=\"og:type\" content=\"article\" \/>\n<meta property=\"og:title\" content=\"MSF protestieren gegen \u00bbfalsche Anschuldigungen\u00ab der Saudi-Allianz\" \/>\n<meta property=\"og:description\" content=\"Von saudischer Milit\u00e4rallianz eingesetztes Untersuchungsteam gibt \u00bb\u00c4rzte ohne Grenzen\u00ab (MSF) eine Mitschuld an der Bombardierung eines\" \/>\n<meta property=\"og:url\" content=\"https:\/\/www.pressenza.com\/de\/2019\/02\/msf-protestieren-gegen-falsche-anschuldigungen-der-saudi-allianz\/\" \/>\n<meta property=\"og:site_name\" content=\"Pressenza\" \/>\n<meta property=\"article:publisher\" content=\"https:\/\/www.facebook.com\/PressenzaItalia\" \/>\n<meta property=\"article:published_time\" content=\"2019-02-07T18:31:54+00:00\" \/>\n<meta property=\"article:modified_time\" content=\"2019-02-07T18:33:51+00:00\" \/>\n<meta property=\"og:image\" content=\"https:\/\/www.pressenza.com\/wp-content\/uploads\/2019\/02\/DfZ12vTUwAA4lNi.jpg-large.jpg\" \/>\n\t<meta property=\"og:image:width\" content=\"1080\" \/>\n\t<meta property=\"og:image:height\" content=\"810\" \/>\n\t<meta property=\"og:image:type\" content=\"image\/jpeg\" \/>\n<meta name=\"author\" content=\"Flo Osrainik\" \/>\n<meta name=\"twitter:card\" content=\"summary_large_image\" \/>\n<meta name=\"twitter:creator\" content=\"@PressenzaIPA\" \/>\n<meta name=\"twitter:site\" content=\"@PressenzaIPA\" \/>\n<meta name=\"twitter:label1\" content=\"Verfasst von\" \/>\n\t<meta name=\"twitter:data1\" content=\"Flo Osrainik\" \/>\n\t<meta name=\"twitter:label2\" content=\"Gesch\u00e4tzte Lesezeit\" \/>\n\t<meta name=\"twitter:data2\" content=\"2\u00a0Minuten\" \/>\n<script type=\"application\/ld+json\" class=\"yoast-schema-graph\">{\"@context\":\"https:\/\/schema.org\",\"@graph\":[{\"@type\":\"Article\",\"@id\":\"https:\/\/www.pressenza.com\/de\/2019\/02\/msf-protestieren-gegen-falsche-anschuldigungen-der-saudi-allianz\/#article\",\"isPartOf\":{\"@id\":\"https:\/\/www.pressenza.com\/de\/2019\/02\/msf-protestieren-gegen-falsche-anschuldigungen-der-saudi-allianz\/\"},\"author\":{\"name\":\"Flo Osrainik\",\"@id\":\"https:\/\/www.pressenza.com\/de\/#\/schema\/person\/6b6b3fc4e3c1cec86c0413f7d1472dc8\"},\"headline\":\"MSF protestieren gegen \u00bbfalsche Anschuldigungen\u00ab der Saudi-Allianz\",\"datePublished\":\"2019-02-07T18:31:54+00:00\",\"dateModified\":\"2019-02-07T18:33:51+00:00\",\"mainEntityOfPage\":{\"@id\":\"https:\/\/www.pressenza.com\/de\/2019\/02\/msf-protestieren-gegen-falsche-anschuldigungen-der-saudi-allianz\/\"},\"wordCount\":478,\"publisher\":{\"@id\":\"https:\/\/www.pressenza.com\/de\/#organization\"},\"image\":{\"@id\":\"https:\/\/www.pressenza.com\/de\/2019\/02\/msf-protestieren-gegen-falsche-anschuldigungen-der-saudi-allianz\/#primaryimage\"},\"thumbnailUrl\":\"https:\/\/www.pressenza.com\/wp-content\/uploads\/2019\/02\/DfZ12vTUwAA4lNi.jpg-large.jpg\",\"keywords\":[\"\u00c4rzte ohne Grenzen\",\"Jemen\",\"MSF\",\"Saudi-Arabien\",\"Vereinigten Arabischen Emirate\"],\"articleSection\":[\"Frieden und Abr\u00fcstung\",\"Mittlerer Osten\",\"Originalinhalt\"],\"inLanguage\":\"de\"},{\"@type\":\"WebPage\",\"@id\":\"https:\/\/www.pressenza.com\/de\/2019\/02\/msf-protestieren-gegen-falsche-anschuldigungen-der-saudi-allianz\/\",\"url\":\"https:\/\/www.pressenza.com\/de\/2019\/02\/msf-protestieren-gegen-falsche-anschuldigungen-der-saudi-allianz\/\",\"name\":\"MSF protestieren gegen \u00bbfalsche Anschuldigungen\u00ab der Saudi-Allianz\",\"isPartOf\":{\"@id\":\"https:\/\/www.pressenza.com\/de\/#website\"},\"primaryImageOfPage\":{\"@id\":\"https:\/\/www.pressenza.com\/de\/2019\/02\/msf-protestieren-gegen-falsche-anschuldigungen-der-saudi-allianz\/#primaryimage\"},\"image\":{\"@id\":\"https:\/\/www.pressenza.com\/de\/2019\/02\/msf-protestieren-gegen-falsche-anschuldigungen-der-saudi-allianz\/#primaryimage\"},\"thumbnailUrl\":\"https:\/\/www.pressenza.com\/wp-content\/uploads\/2019\/02\/DfZ12vTUwAA4lNi.jpg-large.jpg\",\"datePublished\":\"2019-02-07T18:31:54+00:00\",\"dateModified\":\"2019-02-07T18:33:51+00:00\",\"description\":\"Von saudischer Milit\u00e4rallianz eingesetztes Untersuchungsteam gibt \u00bb\u00c4rzte ohne Grenzen\u00ab (MSF) eine Mitschuld an der Bombardierung eines\",\"breadcrumb\":{\"@id\":\"https:\/\/www.pressenza.com\/de\/2019\/02\/msf-protestieren-gegen-falsche-anschuldigungen-der-saudi-allianz\/#breadcrumb\"},\"inLanguage\":\"de\",\"potentialAction\":[{\"@type\":\"ReadAction\",\"target\":[\"https:\/\/www.pressenza.com\/de\/2019\/02\/msf-protestieren-gegen-falsche-anschuldigungen-der-saudi-allianz\/\"]}]},{\"@type\":\"ImageObject\",\"inLanguage\":\"de\",\"@id\":\"https:\/\/www.pressenza.com\/de\/2019\/02\/msf-protestieren-gegen-falsche-anschuldigungen-der-saudi-allianz\/#primaryimage\",\"url\":\"https:\/\/www.pressenza.com\/wp-content\/uploads\/2019\/02\/DfZ12vTUwAA4lNi.jpg-large.jpg\",\"contentUrl\":\"https:\/\/www.pressenza.com\/wp-content\/uploads\/2019\/02\/DfZ12vTUwAA4lNi.jpg-large.jpg\",\"width\":1080,\"height\":810},{\"@type\":\"BreadcrumbList\",\"@id\":\"https:\/\/www.pressenza.com\/de\/2019\/02\/msf-protestieren-gegen-falsche-anschuldigungen-der-saudi-allianz\/#breadcrumb\",\"itemListElement\":[{\"@type\":\"ListItem\",\"position\":1,\"name\":\"Accueil\",\"item\":\"https:\/\/www.pressenza.com\/de\/\"},{\"@type\":\"ListItem\",\"position\":2,\"name\":\"MSF protestieren gegen \u00bbfalsche Anschuldigungen\u00ab der Saudi-Allianz\"}]},{\"@type\":\"WebSite\",\"@id\":\"https:\/\/www.pressenza.com\/de\/#website\",\"url\":\"https:\/\/www.pressenza.com\/de\/\",\"name\":\"Pressenza\",\"description\":\"International Press Agency\",\"publisher\":{\"@id\":\"https:\/\/www.pressenza.com\/de\/#organization\"},\"potentialAction\":[{\"@type\":\"SearchAction\",\"target\":{\"@type\":\"EntryPoint\",\"urlTemplate\":\"https:\/\/www.pressenza.com\/de\/?s={search_term_string}\"},\"query-input\":{\"@type\":\"PropertyValueSpecification\",\"valueRequired\":true,\"valueName\":\"search_term_string\"}}],\"inLanguage\":\"de\"},{\"@type\":\"Organization\",\"@id\":\"https:\/\/www.pressenza.com\/de\/#organization\",\"name\":\"Pressenza\",\"url\":\"https:\/\/www.pressenza.com\/de\/\",\"logo\":{\"@type\":\"ImageObject\",\"inLanguage\":\"de\",\"@id\":\"https:\/\/www.pressenza.com\/de\/#\/schema\/logo\/image\/\",\"url\":\"https:\/\/www.pressenza.com\/wp-content\/uploads\/2022\/10\/pressenza_logo_200x200.jpg\",\"contentUrl\":\"https:\/\/www.pressenza.com\/wp-content\/uploads\/2022\/10\/pressenza_logo_200x200.jpg\",\"width\":200,\"height\":200,\"caption\":\"Pressenza\"},\"image\":{\"@id\":\"https:\/\/www.pressenza.com\/de\/#\/schema\/logo\/image\/\"},\"sameAs\":[\"https:\/\/www.facebook.com\/PressenzaItalia\",\"https:\/\/x.com\/PressenzaIPA\"]},{\"@type\":\"Person\",\"@id\":\"https:\/\/www.pressenza.com\/de\/#\/schema\/person\/6b6b3fc4e3c1cec86c0413f7d1472dc8\",\"name\":\"Flo Osrainik\",\"description\":\"Der in M\u00fcnchen geborene und aufgewachsene Deutsch-\u00d6sterreicher ist Redakteur und freier Journalist. Er wohnt, lebt und arbeitet in M\u00fcnchen und Istanbul. Seine Themen sind Gesellschaft &amp; Globales. Er hat unter anderem Beitr\u00e4ge f\u00fcr RT Deutsch, junge Welt, Telepolis, amerika21 und das Weblog NEOPresse verfasst. Au\u00dferdem ist er ehrenamtlicher Redakteur bei acTVism Munich und Mitglied bei Freischreiber.\",\"url\":\"https:\/\/www.pressenza.com\/de\/author\/flo-osrainik\/\"}]}<\/script>\n<!-- \/ Yoast SEO plugin. -->","yoast_head_json":{"title":"MSF protestieren gegen \u00bbfalsche Anschuldigungen\u00ab der Saudi-Allianz","description":"Von saudischer Milit\u00e4rallianz eingesetztes Untersuchungsteam gibt \u00bb\u00c4rzte ohne Grenzen\u00ab (MSF) eine Mitschuld an der Bombardierung eines","robots":{"index":"index","follow":"follow","max-snippet":"max-snippet:-1","max-image-preview":"max-image-preview:large","max-video-preview":"max-video-preview:-1"},"canonical":"https:\/\/www.pressenza.com\/de\/2019\/02\/msf-protestieren-gegen-falsche-anschuldigungen-der-saudi-allianz\/","og_locale":"de_DE","og_type":"article","og_title":"MSF protestieren gegen \u00bbfalsche Anschuldigungen\u00ab der Saudi-Allianz","og_description":"Von saudischer Milit\u00e4rallianz eingesetztes Untersuchungsteam gibt \u00bb\u00c4rzte ohne Grenzen\u00ab (MSF) eine Mitschuld an der Bombardierung eines","og_url":"https:\/\/www.pressenza.com\/de\/2019\/02\/msf-protestieren-gegen-falsche-anschuldigungen-der-saudi-allianz\/","og_site_name":"Pressenza","article_publisher":"https:\/\/www.facebook.com\/PressenzaItalia","article_published_time":"2019-02-07T18:31:54+00:00","article_modified_time":"2019-02-07T18:33:51+00:00","og_image":[{"width":1080,"height":810,"url":"https:\/\/www.pressenza.com\/wp-content\/uploads\/2019\/02\/DfZ12vTUwAA4lNi.jpg-large.jpg","type":"image\/jpeg"}],"author":"Flo Osrainik","twitter_card":"summary_large_image","twitter_creator":"@PressenzaIPA","twitter_site":"@PressenzaIPA","twitter_misc":{"Verfasst von":"Flo Osrainik","Gesch\u00e4tzte Lesezeit":"2\u00a0Minuten"},"schema":{"@context":"https:\/\/schema.org","@graph":[{"@type":"Article","@id":"https:\/\/www.pressenza.com\/de\/2019\/02\/msf-protestieren-gegen-falsche-anschuldigungen-der-saudi-allianz\/#article","isPartOf":{"@id":"https:\/\/www.pressenza.com\/de\/2019\/02\/msf-protestieren-gegen-falsche-anschuldigungen-der-saudi-allianz\/"},"author":{"name":"Flo Osrainik","@id":"https:\/\/www.pressenza.com\/de\/#\/schema\/person\/6b6b3fc4e3c1cec86c0413f7d1472dc8"},"headline":"MSF protestieren gegen \u00bbfalsche Anschuldigungen\u00ab der Saudi-Allianz","datePublished":"2019-02-07T18:31:54+00:00","dateModified":"2019-02-07T18:33:51+00:00","mainEntityOfPage":{"@id":"https:\/\/www.pressenza.com\/de\/2019\/02\/msf-protestieren-gegen-falsche-anschuldigungen-der-saudi-allianz\/"},"wordCount":478,"publisher":{"@id":"https:\/\/www.pressenza.com\/de\/#organization"},"image":{"@id":"https:\/\/www.pressenza.com\/de\/2019\/02\/msf-protestieren-gegen-falsche-anschuldigungen-der-saudi-allianz\/#primaryimage"},"thumbnailUrl":"https:\/\/www.pressenza.com\/wp-content\/uploads\/2019\/02\/DfZ12vTUwAA4lNi.jpg-large.jpg","keywords":["\u00c4rzte ohne Grenzen","Jemen","MSF","Saudi-Arabien","Vereinigten Arabischen Emirate"],"articleSection":["Frieden und Abr\u00fcstung","Mittlerer Osten","Originalinhalt"],"inLanguage":"de"},{"@type":"WebPage","@id":"https:\/\/www.pressenza.com\/de\/2019\/02\/msf-protestieren-gegen-falsche-anschuldigungen-der-saudi-allianz\/","url":"https:\/\/www.pressenza.com\/de\/2019\/02\/msf-protestieren-gegen-falsche-anschuldigungen-der-saudi-allianz\/","name":"MSF protestieren gegen \u00bbfalsche Anschuldigungen\u00ab der Saudi-Allianz","isPartOf":{"@id":"https:\/\/www.pressenza.com\/de\/#website"},"primaryImageOfPage":{"@id":"https:\/\/www.pressenza.com\/de\/2019\/02\/msf-protestieren-gegen-falsche-anschuldigungen-der-saudi-allianz\/#primaryimage"},"image":{"@id":"https:\/\/www.pressenza.com\/de\/2019\/02\/msf-protestieren-gegen-falsche-anschuldigungen-der-saudi-allianz\/#primaryimage"},"thumbnailUrl":"https:\/\/www.pressenza.com\/wp-content\/uploads\/2019\/02\/DfZ12vTUwAA4lNi.jpg-large.jpg","datePublished":"2019-02-07T18:31:54+00:00","dateModified":"2019-02-07T18:33:51+00:00","description":"Von saudischer Milit\u00e4rallianz eingesetztes Untersuchungsteam gibt \u00bb\u00c4rzte ohne Grenzen\u00ab (MSF) eine Mitschuld an der Bombardierung eines","breadcrumb":{"@id":"https:\/\/www.pressenza.com\/de\/2019\/02\/msf-protestieren-gegen-falsche-anschuldigungen-der-saudi-allianz\/#breadcrumb"},"inLanguage":"de","potentialAction":[{"@type":"ReadAction","target":["https:\/\/www.pressenza.com\/de\/2019\/02\/msf-protestieren-gegen-falsche-anschuldigungen-der-saudi-allianz\/"]}]},{"@type":"ImageObject","inLanguage":"de","@id":"https:\/\/www.pressenza.com\/de\/2019\/02\/msf-protestieren-gegen-falsche-anschuldigungen-der-saudi-allianz\/#primaryimage","url":"https:\/\/www.pressenza.com\/wp-content\/uploads\/2019\/02\/DfZ12vTUwAA4lNi.jpg-large.jpg","contentUrl":"https:\/\/www.pressenza.com\/wp-content\/uploads\/2019\/02\/DfZ12vTUwAA4lNi.jpg-large.jpg","width":1080,"height":810},{"@type":"BreadcrumbList","@id":"https:\/\/www.pressenza.com\/de\/2019\/02\/msf-protestieren-gegen-falsche-anschuldigungen-der-saudi-allianz\/#breadcrumb","itemListElement":[{"@type":"ListItem","position":1,"name":"Accueil","item":"https:\/\/www.pressenza.com\/de\/"},{"@type":"ListItem","position":2,"name":"MSF protestieren gegen \u00bbfalsche Anschuldigungen\u00ab der Saudi-Allianz"}]},{"@type":"WebSite","@id":"https:\/\/www.pressenza.com\/de\/#website","url":"https:\/\/www.pressenza.com\/de\/","name":"Pressenza","description":"International Press Agency","publisher":{"@id":"https:\/\/www.pressenza.com\/de\/#organization"},"potentialAction":[{"@type":"SearchAction","target":{"@type":"EntryPoint","urlTemplate":"https:\/\/www.pressenza.com\/de\/?s={search_term_string}"},"query-input":{"@type":"PropertyValueSpecification","valueRequired":true,"valueName":"search_term_string"}}],"inLanguage":"de"},{"@type":"Organization","@id":"https:\/\/www.pressenza.com\/de\/#organization","name":"Pressenza","url":"https:\/\/www.pressenza.com\/de\/","logo":{"@type":"ImageObject","inLanguage":"de","@id":"https:\/\/www.pressenza.com\/de\/#\/schema\/logo\/image\/","url":"https:\/\/www.pressenza.com\/wp-content\/uploads\/2022\/10\/pressenza_logo_200x200.jpg","contentUrl":"https:\/\/www.pressenza.com\/wp-content\/uploads\/2022\/10\/pressenza_logo_200x200.jpg","width":200,"height":200,"caption":"Pressenza"},"image":{"@id":"https:\/\/www.pressenza.com\/de\/#\/schema\/logo\/image\/"},"sameAs":["https:\/\/www.facebook.com\/PressenzaItalia","https:\/\/x.com\/PressenzaIPA"]},{"@type":"Person","@id":"https:\/\/www.pressenza.com\/de\/#\/schema\/person\/6b6b3fc4e3c1cec86c0413f7d1472dc8","name":"Flo Osrainik","description":"Der in M\u00fcnchen geborene und aufgewachsene Deutsch-\u00d6sterreicher ist Redakteur und freier Journalist. Er wohnt, lebt und arbeitet in M\u00fcnchen und Istanbul. Seine Themen sind Gesellschaft &amp; Globales. Er hat unter anderem Beitr\u00e4ge f\u00fcr RT Deutsch, junge Welt, Telepolis, amerika21 und das Weblog NEOPresse verfasst. Au\u00dferdem ist er ehrenamtlicher Redakteur bei acTVism Munich und Mitglied bei Freischreiber.","url":"https:\/\/www.pressenza.com\/de\/author\/flo-osrainik\/"}]}},"place":"","original_article_url":"","_links":{"self":[{"href":"https:\/\/www.pressenza.com\/de\/wp-json\/wp\/v2\/posts\/803481","targetHints":{"allow":["GET"]}}],"collection":[{"href":"https:\/\/www.pressenza.com\/de\/wp-json\/wp\/v2\/posts"}],"about":[{"href":"https:\/\/www.pressenza.com\/de\/wp-json\/wp\/v2\/types\/post"}],"author":[{"embeddable":true,"href":"https:\/\/www.pressenza.com\/de\/wp-json\/wp\/v2\/users\/1403"}],"replies":[{"embeddable":true,"href":"https:\/\/www.pressenza.com\/de\/wp-json\/wp\/v2\/comments?post=803481"}],"version-history":[{"count":0,"href":"https:\/\/www.pressenza.com\/de\/wp-json\/wp\/v2\/posts\/803481\/revisions"}],"wp:featuredmedia":[{"embeddable":true,"href":"https:\/\/www.pressenza.com\/de\/wp-json\/wp\/v2\/media\/803485"}],"wp:attachment":[{"href":"https:\/\/www.pressenza.com\/de\/wp-json\/wp\/v2\/media?parent=803481"}],"wp:term":[{"taxonomy":"category","embeddable":true,"href":"https:\/\/www.pressenza.com\/de\/wp-json\/wp\/v2\/categories?post=803481"},{"taxonomy":"post_tag","embeddable":true,"href":"https:\/\/www.pressenza.com\/de\/wp-json\/wp\/v2\/tags?post=803481"}],"curies":[{"name":"wp","href":"https:\/\/api.w.org\/{rel}","templated":true}]}}