{"id":801118,"date":"2019-02-03T17:00:17","date_gmt":"2019-02-03T17:00:17","guid":{"rendered":"https:\/\/www.pressenza.com\/?p=801118"},"modified":"2019-02-17T18:35:14","modified_gmt":"2019-02-17T18:35:14","slug":"sarah-marder-klimastreiks-fuer-eine-bessere-zukunft","status":"publish","type":"post","link":"https:\/\/www.pressenza.com\/de\/2019\/02\/sarah-marder-klimastreiks-fuer-eine-bessere-zukunft\/","title":{"rendered":"Sarah Marder: Klimastreiks f\u00fcr eine bessere Zukunft"},"content":{"rendered":"<p><em>Nach dem Beispiel von Greta Thunberg, der 16-j\u00e4hrigen Schwedin, die jeden Freitag vor dem Parlament protestiert, um die Regierung zu Ma\u00dfnahmen gegen den den Planeten bedrohenden Klimawandel zu bewegen, breiten sich Klimastreiks auf der ganzen Welt aus. Wir sprechen dar\u00fcber mit Sarah Marder, einer der Aktivsten in der Bewegung #FridaysForFuture in Italien.<\/em><\/p>\n<p><strong>Was hat Dich dazu bewogen, Dich alleine mit einem Schild mit der Aufschrift &#8222;Climate Emergency&#8220; vor das Rathaus von Mailand zu stellen?<\/strong><\/p>\n<p>Die Worte von Greta vom 12. Dezember 2018 &#8222;Wer immer Du bist, wo immer Du bist, wir brauchen Dich, um Deinem Parlament oder Deiner Gemeinde mitzuteilen, dass wir Ma\u00dfnahmen zum Klimaschutz fordern&#8220; haben mich inspiriert und man kann sagen, dass sie mein Leben ver\u00e4ndert haben. Ich bin in den Vereinigten Staaten auf einem Bauernhof auf dem Land aufgewachsen, mit guter Luft und niemals krank, und sp\u00e4ter dann, als Mutter in Mailand, mit oft kranken Kindern erkannte ich eine nicht kontrollierbare Verschmutzung und keine M\u00f6glichkeit, etwas dagegen zu tun. Seit Jahren bin ich sehr besorgt und f\u00fchlte mich machtlos gegen\u00fcber fehlendem entschlossenem Handeln in Bezug auf die Bedrohung, die dieses System f\u00fcr den Planeten und die Menschheit darstellt. Als ich den Appell von Greta an die COP24 h\u00f6rte, war es, als w\u00fcrde sie direkt zu mir sprechen und mich auffordern, ihrem Beispiel zu folgen. Es war wie eine Berufung, der ich mich nicht entziehen konnte. Deshalb habe ich den Appell aufgegriffen und mir jeden Freitag bis Ende M\u00e4rz 2019 vorgemerkt und mich so verpflichtet, ein wenig meiner Zeit darauf zu verwenden, den Klimawandel zu einem zentralen Thema zu machen.<\/p>\n<p><img loading=\"lazy\" decoding=\"async\" class=\"aligncenter wp-image-799538 size-large\" src=\"https:\/\/www.pressenza.com\/wp-content\/uploads\/2019\/02\/Sarah-Marder-Climate-Emergency-720x960.jpg\" alt=\"\" width=\"720\" height=\"960\" srcset=\"https:\/\/www.pressenza.com\/wp-content\/uploads\/2019\/02\/Sarah-Marder-Climate-Emergency.jpg 720w, https:\/\/www.pressenza.com\/wp-content\/uploads\/2019\/02\/Sarah-Marder-Climate-Emergency-225x300.jpg 225w\" sizes=\"auto, (max-width: 720px) 100vw, 720px\" \/><\/p>\n<p><strong>Nach diesem ersten Freitag, dem 14. Dezember, begannen sich die Dinge zu \u00e4ndern&#8230;<\/strong><\/p>\n<p>Ja. In der folgenden Woche waren wir schon zu sechst, dann zw\u00f6lf, dann drei\u00dfig und schlie\u00dflich f\u00fcnfzig. Die Menschen schlossen sich uns \u00fcber die sozialen Medien (Facebook, Twitter, Instagram, Whatsapp) an und kamen mit einem von Hand geschriebenen Schild auf die Piazza Scala, oft ohne sich zu kennen, aber vereint durch den Wunsch, dem Beispiel von Greta zu folgen. Es ist eine virtuelle Gemeinschaft entstanden, eine Bewegung von unten, die spontan, kreativ und horizontal weiter w\u00e4chst, mit viel Energie, die sich ausbreitet, und mit vielen vernetzten Kontakten, die es uns erm\u00f6glichen, Informationen auszutauschen und von den Erfahrungen anderer zu lernen. Und das Gleiche geschieht nicht nur in ganz Italien (mit Klimastreiks in Pisa, Turin, Rom, Brescia, Bologna, Genua, Bari und Taranto), sondern auch in vielen anderen L\u00e4ndern, wo vor allem <a href=\"https:\/\/www.pressenza.com\/de\/2019\/01\/klimastreik-der-jugend-waechst-die-bilder-aus-deutschland-und-belgien\/\" target=\"_blank\" rel=\"noopener\">junge Menschen<\/a> aktiv werden. 70% der Emissionen werden in St\u00e4dten verursacht, deshalb muss man von dort aus beginnen, sie zu reduzieren, auch weil die nationalen Regierungen das Problem oft ignorieren oder sich weigern, etwas dagegen zu tun. Deshalb ist es wichtig, dass sich #FridaysForFuture auf so viele St\u00e4dte wie m\u00f6glich ausbreitet und einen Dominoeffekt erzeugt, der schlie\u00dflich zum Handeln zwingt.<\/p>\n<p><strong>Was erwartest Du von dieser Mobilisierung?<\/strong><\/p>\n<p>Die Klimastreiks sind wie eine Lawine, die immer weiter w\u00e4chst. Ein fester w\u00f6chentlicher Termin ist eine gro\u00dfe Hilfe f\u00fcr die Teilnahme. Man kann viele Wege finden, viele verschiedene Formeln, um die gleiche Botschaft auszudr\u00fccken, und tats\u00e4chlich entstehen gerade Gruppen wie &#8222;Wissenschaftler f\u00fcr die Zukunft&#8220;, &#8222;Eltern f\u00fcr die Zukunft&#8220;, &#8222;Lehrer f\u00fcr die Zukunft&#8220; und so weiter. Es ist ein Schwarm von Initiativen, die im globalen Klimastreik am 15. M\u00e4rz gipfeln werden, einem Event, an dem flei\u00dfig gearbeitet wird und an dem Menschen aus mehr als 40 L\u00e4nder teilnehmen werden.<\/p>\n<p><strong>Was motiviert Dich, dieses Engagement fortzusetzen?<\/strong><\/p>\n<p>Wie ich eingangs schon sagte, hat mir es diese T\u00e4tigkeit endlich erm\u00f6glicht, meiner Ohnmacht und Frustration in Bezug auf das Umweltproblem etwas entgegenzusetzen. Und so mache ich die Worte von Noam Chomsky zur den meinen: &#8222;Wir k\u00f6nnen pessimistisch sein, aufgeben und so dazu beitragen, dass das Schlimmste passiert, oder wir k\u00f6nnen optimistisch sein, die sicherlich vorhandenen Chancen nutzen und so mithelfen, die Welt zu einem besseren Ort zu machen\u201c. Und auch Greta Thunbergs Worte: &#8222;Es ist wahr, wir brauchen Hoffnung, aber vor allem brauchen wir Taten. Sobald wir anfangen, uns zu bewegen, wird die Hoffnung \u00fcberall sein.&#8220;<\/p>\n<p>F\u00fcr Informationen \u00fcber #FridaysforFuture in Italien: <a href=\"https:\/\/www.facebook.com\/fridaysforfutureitaly\/\" target=\"_blank\" rel=\"noopener\">https:\/\/www.facebook.com\/fridaysforfutureitaly\/<\/a><\/p>\n<p>F\u00fcr Informationen \u00fcber #FridaysforFuture weltweit: <a href=\"https:\/\/www.facebook.com\/groups\/929294497203110\/\" target=\"_blank\" rel=\"noopener\">https:\/\/www.facebook.com\/groups\/929294497203110\/<\/a><\/p>\n<p><img loading=\"lazy\" decoding=\"async\" class=\"aligncenter wp-image-799303 size-large\" src=\"https:\/\/www.pressenza.com\/wp-content\/uploads\/2019\/01\/climate-strike-milano-cartelli-720x480.jpg\" alt=\"\" width=\"720\" height=\"480\" srcset=\"https:\/\/www.pressenza.com\/wp-content\/uploads\/2019\/01\/climate-strike-milano-cartelli-720x480.jpg 720w, https:\/\/www.pressenza.com\/wp-content\/uploads\/2019\/01\/climate-strike-milano-cartelli-300x200.jpg 300w, https:\/\/www.pressenza.com\/wp-content\/uploads\/2019\/01\/climate-strike-milano-cartelli-768x512.jpg 768w, https:\/\/www.pressenza.com\/wp-content\/uploads\/2019\/01\/climate-strike-milano-cartelli.jpg 960w\" sizes=\"auto, (max-width: 720px) 100vw, 720px\" \/><\/p>\n<p><img loading=\"lazy\" decoding=\"async\" class=\"aligncenter wp-image-799313 size-large\" src=\"https:\/\/www.pressenza.com\/wp-content\/uploads\/2019\/01\/climate-strike-milano-megafono-720x480.jpg\" alt=\"\" width=\"720\" height=\"480\" srcset=\"https:\/\/www.pressenza.com\/wp-content\/uploads\/2019\/01\/climate-strike-milano-megafono-720x480.jpg 720w, https:\/\/www.pressenza.com\/wp-content\/uploads\/2019\/01\/climate-strike-milano-megafono-300x200.jpg 300w, https:\/\/www.pressenza.com\/wp-content\/uploads\/2019\/01\/climate-strike-milano-megafono-768x512.jpg 768w, https:\/\/www.pressenza.com\/wp-content\/uploads\/2019\/01\/climate-strike-milano-megafono.jpg 960w\" sizes=\"auto, (max-width: 720px) 100vw, 720px\" \/><\/p>\n<p><img loading=\"lazy\" decoding=\"async\" class=\"aligncenter wp-image-799322 size-large\" src=\"https:\/\/www.pressenza.com\/wp-content\/uploads\/2019\/01\/Climate-strike-Milano-gruppo-720x480.jpg\" alt=\"\" width=\"720\" height=\"480\" srcset=\"https:\/\/www.pressenza.com\/wp-content\/uploads\/2019\/01\/Climate-strike-Milano-gruppo-720x480.jpg 720w, https:\/\/www.pressenza.com\/wp-content\/uploads\/2019\/01\/Climate-strike-Milano-gruppo-300x200.jpg 300w, https:\/\/www.pressenza.com\/wp-content\/uploads\/2019\/01\/Climate-strike-Milano-gruppo-768x512.jpg 768w, https:\/\/www.pressenza.com\/wp-content\/uploads\/2019\/01\/Climate-strike-Milano-gruppo.jpg 960w\" sizes=\"auto, (max-width: 720px) 100vw, 720px\" \/><\/p>\n<p>&nbsp;<\/p>\n<p><em>\u00dcbersetzung aus dem Italienischen von Evelyn Rottengatter<\/em><\/p>\n","protected":false},"excerpt":{"rendered":"<p>Nach dem Beispiel von Greta Thunberg, der 16-j\u00e4hrigen Schwedin, die jeden Freitag vor dem Parlament protestiert, um die Regierung zu Ma\u00dfnahmen gegen den den Planeten bedrohenden Klimawandel zu bewegen, breiten sich Klimastreiks auf der ganzen Welt aus. Wir sprechen dar\u00fcber&hellip;<\/p>\n","protected":false},"author":500,"featured_media":799294,"comment_status":"closed","ping_status":"closed","sticky":false,"template":"","format":"standard","meta":{"footnotes":""},"categories":[9142,9157,11387],"tags":[52828,21798,54117,10197,52826,12395,12499,54442,52825,54112],"class_list":["post-801118","post","type-post","status-publish","format-standard","has-post-thumbnail","hentry","category-interviews-de","category-oekologie-und-umwelt","category-originalinhalt","tag-fridaysforfuture","tag-schulstreik","tag-greta-thunberg-de","tag-italien","tag-klimastreik","tag-klimawandel","tag-mailand","tag-sarah-marder","tag-schuelerinnen","tag-schuelerproteste"],"yoast_head":"<!-- This site is optimized with the Yoast SEO plugin v27.1.1 - https:\/\/yoast.com\/product\/yoast-seo-wordpress\/ -->\n<title>Sarah Marder: Klimastreiks f\u00fcr eine bessere Zukunft<\/title>\n<meta name=\"description\" content=\"Nach dem Beispiel von Greta Thunberg, der 16-j\u00e4hrigen Schwedin, die jeden Freitag vor dem Parlament protestiert, um die Regierung zu Ma\u00dfnahmen gegen den\" \/>\n<meta name=\"robots\" content=\"index, follow, max-snippet:-1, max-image-preview:large, max-video-preview:-1\" \/>\n<link rel=\"canonical\" href=\"https:\/\/www.pressenza.com\/de\/2019\/02\/sarah-marder-klimastreiks-fuer-eine-bessere-zukunft\/\" \/>\n<meta property=\"og:locale\" content=\"de_DE\" \/>\n<meta property=\"og:type\" content=\"article\" \/>\n<meta property=\"og:title\" content=\"Sarah Marder: Klimastreiks f\u00fcr eine bessere Zukunft\" \/>\n<meta property=\"og:description\" content=\"Nach dem Beispiel von Greta Thunberg, der 16-j\u00e4hrigen Schwedin, die jeden Freitag vor dem Parlament protestiert, um die Regierung zu Ma\u00dfnahmen gegen den\" \/>\n<meta property=\"og:url\" content=\"https:\/\/www.pressenza.com\/de\/2019\/02\/sarah-marder-klimastreiks-fuer-eine-bessere-zukunft\/\" \/>\n<meta property=\"og:site_name\" content=\"Pressenza\" \/>\n<meta property=\"article:publisher\" content=\"https:\/\/www.facebook.com\/PressenzaItalia\" \/>\n<meta property=\"article:published_time\" content=\"2019-02-03T17:00:17+00:00\" \/>\n<meta property=\"article:modified_time\" content=\"2019-02-17T18:35:14+00:00\" \/>\n<meta property=\"og:image\" content=\"https:\/\/www.pressenza.com\/wp-content\/uploads\/2019\/01\/Climates-strike-Milano.jpg\" \/>\n\t<meta property=\"og:image:width\" content=\"960\" \/>\n\t<meta property=\"og:image:height\" content=\"640\" \/>\n\t<meta property=\"og:image:type\" content=\"image\/jpeg\" \/>\n<meta name=\"author\" content=\"Anna Polo\" \/>\n<meta name=\"twitter:card\" content=\"summary_large_image\" \/>\n<meta name=\"twitter:creator\" content=\"@PressenzaIPA\" \/>\n<meta name=\"twitter:site\" content=\"@PressenzaIPA\" \/>\n<meta name=\"twitter:label1\" content=\"Verfasst von\" \/>\n\t<meta name=\"twitter:data1\" content=\"Anna Polo\" \/>\n\t<meta name=\"twitter:label2\" content=\"Gesch\u00e4tzte Lesezeit\" \/>\n\t<meta name=\"twitter:data2\" content=\"4\u00a0Minuten\" \/>\n<script type=\"application\/ld+json\" class=\"yoast-schema-graph\">{\"@context\":\"https:\/\/schema.org\",\"@graph\":[{\"@type\":\"Article\",\"@id\":\"https:\/\/www.pressenza.com\/de\/2019\/02\/sarah-marder-klimastreiks-fuer-eine-bessere-zukunft\/#article\",\"isPartOf\":{\"@id\":\"https:\/\/www.pressenza.com\/de\/2019\/02\/sarah-marder-klimastreiks-fuer-eine-bessere-zukunft\/\"},\"author\":{\"name\":\"Anna Polo\",\"@id\":\"https:\/\/www.pressenza.com\/de\/#\/schema\/person\/f361ce2dfe3d4331d5ae6840551ffe67\"},\"headline\":\"Sarah Marder: Klimastreiks f\u00fcr eine bessere Zukunft\",\"datePublished\":\"2019-02-03T17:00:17+00:00\",\"dateModified\":\"2019-02-17T18:35:14+00:00\",\"mainEntityOfPage\":{\"@id\":\"https:\/\/www.pressenza.com\/de\/2019\/02\/sarah-marder-klimastreiks-fuer-eine-bessere-zukunft\/\"},\"wordCount\":734,\"publisher\":{\"@id\":\"https:\/\/www.pressenza.com\/de\/#organization\"},\"image\":{\"@id\":\"https:\/\/www.pressenza.com\/de\/2019\/02\/sarah-marder-klimastreiks-fuer-eine-bessere-zukunft\/#primaryimage\"},\"thumbnailUrl\":\"https:\/\/www.pressenza.com\/wp-content\/uploads\/2019\/01\/Climates-strike-Milano.jpg\",\"keywords\":[\"#FridaysForFuture\",\"#Schulstreik\",\"Greta Thunberg\",\"italien\",\"Klimastreik\",\"Klimawandel\",\"Mailand\",\"Sarah Marder\",\"Sch\u00fclerInnen\",\"Sch\u00fclerproteste\"],\"articleSection\":[\"Interviews\",\"\u00d6kologie und Umwelt\",\"Originalinhalt\"],\"inLanguage\":\"de\"},{\"@type\":\"WebPage\",\"@id\":\"https:\/\/www.pressenza.com\/de\/2019\/02\/sarah-marder-klimastreiks-fuer-eine-bessere-zukunft\/\",\"url\":\"https:\/\/www.pressenza.com\/de\/2019\/02\/sarah-marder-klimastreiks-fuer-eine-bessere-zukunft\/\",\"name\":\"Sarah Marder: Klimastreiks f\u00fcr eine bessere Zukunft\",\"isPartOf\":{\"@id\":\"https:\/\/www.pressenza.com\/de\/#website\"},\"primaryImageOfPage\":{\"@id\":\"https:\/\/www.pressenza.com\/de\/2019\/02\/sarah-marder-klimastreiks-fuer-eine-bessere-zukunft\/#primaryimage\"},\"image\":{\"@id\":\"https:\/\/www.pressenza.com\/de\/2019\/02\/sarah-marder-klimastreiks-fuer-eine-bessere-zukunft\/#primaryimage\"},\"thumbnailUrl\":\"https:\/\/www.pressenza.com\/wp-content\/uploads\/2019\/01\/Climates-strike-Milano.jpg\",\"datePublished\":\"2019-02-03T17:00:17+00:00\",\"dateModified\":\"2019-02-17T18:35:14+00:00\",\"description\":\"Nach dem Beispiel von Greta Thunberg, der 16-j\u00e4hrigen Schwedin, die jeden Freitag vor dem Parlament protestiert, um die Regierung zu Ma\u00dfnahmen gegen den\",\"breadcrumb\":{\"@id\":\"https:\/\/www.pressenza.com\/de\/2019\/02\/sarah-marder-klimastreiks-fuer-eine-bessere-zukunft\/#breadcrumb\"},\"inLanguage\":\"de\",\"potentialAction\":[{\"@type\":\"ReadAction\",\"target\":[\"https:\/\/www.pressenza.com\/de\/2019\/02\/sarah-marder-klimastreiks-fuer-eine-bessere-zukunft\/\"]}]},{\"@type\":\"ImageObject\",\"inLanguage\":\"de\",\"@id\":\"https:\/\/www.pressenza.com\/de\/2019\/02\/sarah-marder-klimastreiks-fuer-eine-bessere-zukunft\/#primaryimage\",\"url\":\"https:\/\/www.pressenza.com\/wp-content\/uploads\/2019\/01\/Climates-strike-Milano.jpg\",\"contentUrl\":\"https:\/\/www.pressenza.com\/wp-content\/uploads\/2019\/01\/Climates-strike-Milano.jpg\",\"width\":960,\"height\":640,\"caption\":\"Marder, scioperi del clima per aprire il futuro\"},{\"@type\":\"BreadcrumbList\",\"@id\":\"https:\/\/www.pressenza.com\/de\/2019\/02\/sarah-marder-klimastreiks-fuer-eine-bessere-zukunft\/#breadcrumb\",\"itemListElement\":[{\"@type\":\"ListItem\",\"position\":1,\"name\":\"Accueil\",\"item\":\"https:\/\/www.pressenza.com\/de\/\"},{\"@type\":\"ListItem\",\"position\":2,\"name\":\"Sarah Marder: Klimastreiks f\u00fcr eine bessere Zukunft\"}]},{\"@type\":\"WebSite\",\"@id\":\"https:\/\/www.pressenza.com\/de\/#website\",\"url\":\"https:\/\/www.pressenza.com\/de\/\",\"name\":\"Pressenza\",\"description\":\"International Press Agency\",\"publisher\":{\"@id\":\"https:\/\/www.pressenza.com\/de\/#organization\"},\"potentialAction\":[{\"@type\":\"SearchAction\",\"target\":{\"@type\":\"EntryPoint\",\"urlTemplate\":\"https:\/\/www.pressenza.com\/de\/?s={search_term_string}\"},\"query-input\":{\"@type\":\"PropertyValueSpecification\",\"valueRequired\":true,\"valueName\":\"search_term_string\"}}],\"inLanguage\":\"de\"},{\"@type\":\"Organization\",\"@id\":\"https:\/\/www.pressenza.com\/de\/#organization\",\"name\":\"Pressenza\",\"url\":\"https:\/\/www.pressenza.com\/de\/\",\"logo\":{\"@type\":\"ImageObject\",\"inLanguage\":\"de\",\"@id\":\"https:\/\/www.pressenza.com\/de\/#\/schema\/logo\/image\/\",\"url\":\"https:\/\/www.pressenza.com\/wp-content\/uploads\/2022\/10\/pressenza_logo_200x200.jpg\",\"contentUrl\":\"https:\/\/www.pressenza.com\/wp-content\/uploads\/2022\/10\/pressenza_logo_200x200.jpg\",\"width\":200,\"height\":200,\"caption\":\"Pressenza\"},\"image\":{\"@id\":\"https:\/\/www.pressenza.com\/de\/#\/schema\/logo\/image\/\"},\"sameAs\":[\"https:\/\/www.facebook.com\/PressenzaItalia\",\"https:\/\/x.com\/PressenzaIPA\"]},{\"@type\":\"Person\",\"@id\":\"https:\/\/www.pressenza.com\/de\/#\/schema\/person\/f361ce2dfe3d4331d5ae6840551ffe67\",\"name\":\"Anna Polo\",\"description\":\"Impegnata per anni nel campo della pace e della nonviolenza, ha fatto parte dell'equipe relazioni della Marcia Mondiale per la Pace e la Nonviolenza e in seguito di Mondo senza guerre e senza violenza. Attualmente partecipa alla redazione italiana di Pressenza e si occupa principalmente del tema migrazioni, pubblicando articoli e interviste e organizzando eventi.\",\"url\":\"https:\/\/www.pressenza.com\/de\/author\/anna-polo\/\"}]}<\/script>\n<!-- \/ Yoast SEO plugin. -->","yoast_head_json":{"title":"Sarah Marder: Klimastreiks f\u00fcr eine bessere Zukunft","description":"Nach dem Beispiel von Greta Thunberg, der 16-j\u00e4hrigen Schwedin, die jeden Freitag vor dem Parlament protestiert, um die Regierung zu Ma\u00dfnahmen gegen den","robots":{"index":"index","follow":"follow","max-snippet":"max-snippet:-1","max-image-preview":"max-image-preview:large","max-video-preview":"max-video-preview:-1"},"canonical":"https:\/\/www.pressenza.com\/de\/2019\/02\/sarah-marder-klimastreiks-fuer-eine-bessere-zukunft\/","og_locale":"de_DE","og_type":"article","og_title":"Sarah Marder: Klimastreiks f\u00fcr eine bessere Zukunft","og_description":"Nach dem Beispiel von Greta Thunberg, der 16-j\u00e4hrigen Schwedin, die jeden Freitag vor dem Parlament protestiert, um die Regierung zu Ma\u00dfnahmen gegen den","og_url":"https:\/\/www.pressenza.com\/de\/2019\/02\/sarah-marder-klimastreiks-fuer-eine-bessere-zukunft\/","og_site_name":"Pressenza","article_publisher":"https:\/\/www.facebook.com\/PressenzaItalia","article_published_time":"2019-02-03T17:00:17+00:00","article_modified_time":"2019-02-17T18:35:14+00:00","og_image":[{"width":960,"height":640,"url":"https:\/\/www.pressenza.com\/wp-content\/uploads\/2019\/01\/Climates-strike-Milano.jpg","type":"image\/jpeg"}],"author":"Anna Polo","twitter_card":"summary_large_image","twitter_creator":"@PressenzaIPA","twitter_site":"@PressenzaIPA","twitter_misc":{"Verfasst von":"Anna Polo","Gesch\u00e4tzte Lesezeit":"4\u00a0Minuten"},"schema":{"@context":"https:\/\/schema.org","@graph":[{"@type":"Article","@id":"https:\/\/www.pressenza.com\/de\/2019\/02\/sarah-marder-klimastreiks-fuer-eine-bessere-zukunft\/#article","isPartOf":{"@id":"https:\/\/www.pressenza.com\/de\/2019\/02\/sarah-marder-klimastreiks-fuer-eine-bessere-zukunft\/"},"author":{"name":"Anna Polo","@id":"https:\/\/www.pressenza.com\/de\/#\/schema\/person\/f361ce2dfe3d4331d5ae6840551ffe67"},"headline":"Sarah Marder: Klimastreiks f\u00fcr eine bessere Zukunft","datePublished":"2019-02-03T17:00:17+00:00","dateModified":"2019-02-17T18:35:14+00:00","mainEntityOfPage":{"@id":"https:\/\/www.pressenza.com\/de\/2019\/02\/sarah-marder-klimastreiks-fuer-eine-bessere-zukunft\/"},"wordCount":734,"publisher":{"@id":"https:\/\/www.pressenza.com\/de\/#organization"},"image":{"@id":"https:\/\/www.pressenza.com\/de\/2019\/02\/sarah-marder-klimastreiks-fuer-eine-bessere-zukunft\/#primaryimage"},"thumbnailUrl":"https:\/\/www.pressenza.com\/wp-content\/uploads\/2019\/01\/Climates-strike-Milano.jpg","keywords":["#FridaysForFuture","#Schulstreik","Greta Thunberg","italien","Klimastreik","Klimawandel","Mailand","Sarah Marder","Sch\u00fclerInnen","Sch\u00fclerproteste"],"articleSection":["Interviews","\u00d6kologie und Umwelt","Originalinhalt"],"inLanguage":"de"},{"@type":"WebPage","@id":"https:\/\/www.pressenza.com\/de\/2019\/02\/sarah-marder-klimastreiks-fuer-eine-bessere-zukunft\/","url":"https:\/\/www.pressenza.com\/de\/2019\/02\/sarah-marder-klimastreiks-fuer-eine-bessere-zukunft\/","name":"Sarah Marder: Klimastreiks f\u00fcr eine bessere Zukunft","isPartOf":{"@id":"https:\/\/www.pressenza.com\/de\/#website"},"primaryImageOfPage":{"@id":"https:\/\/www.pressenza.com\/de\/2019\/02\/sarah-marder-klimastreiks-fuer-eine-bessere-zukunft\/#primaryimage"},"image":{"@id":"https:\/\/www.pressenza.com\/de\/2019\/02\/sarah-marder-klimastreiks-fuer-eine-bessere-zukunft\/#primaryimage"},"thumbnailUrl":"https:\/\/www.pressenza.com\/wp-content\/uploads\/2019\/01\/Climates-strike-Milano.jpg","datePublished":"2019-02-03T17:00:17+00:00","dateModified":"2019-02-17T18:35:14+00:00","description":"Nach dem Beispiel von Greta Thunberg, der 16-j\u00e4hrigen Schwedin, die jeden Freitag vor dem Parlament protestiert, um die Regierung zu Ma\u00dfnahmen gegen den","breadcrumb":{"@id":"https:\/\/www.pressenza.com\/de\/2019\/02\/sarah-marder-klimastreiks-fuer-eine-bessere-zukunft\/#breadcrumb"},"inLanguage":"de","potentialAction":[{"@type":"ReadAction","target":["https:\/\/www.pressenza.com\/de\/2019\/02\/sarah-marder-klimastreiks-fuer-eine-bessere-zukunft\/"]}]},{"@type":"ImageObject","inLanguage":"de","@id":"https:\/\/www.pressenza.com\/de\/2019\/02\/sarah-marder-klimastreiks-fuer-eine-bessere-zukunft\/#primaryimage","url":"https:\/\/www.pressenza.com\/wp-content\/uploads\/2019\/01\/Climates-strike-Milano.jpg","contentUrl":"https:\/\/www.pressenza.com\/wp-content\/uploads\/2019\/01\/Climates-strike-Milano.jpg","width":960,"height":640,"caption":"Marder, scioperi del clima per aprire il futuro"},{"@type":"BreadcrumbList","@id":"https:\/\/www.pressenza.com\/de\/2019\/02\/sarah-marder-klimastreiks-fuer-eine-bessere-zukunft\/#breadcrumb","itemListElement":[{"@type":"ListItem","position":1,"name":"Accueil","item":"https:\/\/www.pressenza.com\/de\/"},{"@type":"ListItem","position":2,"name":"Sarah Marder: Klimastreiks f\u00fcr eine bessere Zukunft"}]},{"@type":"WebSite","@id":"https:\/\/www.pressenza.com\/de\/#website","url":"https:\/\/www.pressenza.com\/de\/","name":"Pressenza","description":"International Press Agency","publisher":{"@id":"https:\/\/www.pressenza.com\/de\/#organization"},"potentialAction":[{"@type":"SearchAction","target":{"@type":"EntryPoint","urlTemplate":"https:\/\/www.pressenza.com\/de\/?s={search_term_string}"},"query-input":{"@type":"PropertyValueSpecification","valueRequired":true,"valueName":"search_term_string"}}],"inLanguage":"de"},{"@type":"Organization","@id":"https:\/\/www.pressenza.com\/de\/#organization","name":"Pressenza","url":"https:\/\/www.pressenza.com\/de\/","logo":{"@type":"ImageObject","inLanguage":"de","@id":"https:\/\/www.pressenza.com\/de\/#\/schema\/logo\/image\/","url":"https:\/\/www.pressenza.com\/wp-content\/uploads\/2022\/10\/pressenza_logo_200x200.jpg","contentUrl":"https:\/\/www.pressenza.com\/wp-content\/uploads\/2022\/10\/pressenza_logo_200x200.jpg","width":200,"height":200,"caption":"Pressenza"},"image":{"@id":"https:\/\/www.pressenza.com\/de\/#\/schema\/logo\/image\/"},"sameAs":["https:\/\/www.facebook.com\/PressenzaItalia","https:\/\/x.com\/PressenzaIPA"]},{"@type":"Person","@id":"https:\/\/www.pressenza.com\/de\/#\/schema\/person\/f361ce2dfe3d4331d5ae6840551ffe67","name":"Anna Polo","description":"Impegnata per anni nel campo della pace e della nonviolenza, ha fatto parte dell'equipe relazioni della Marcia Mondiale per la Pace e la Nonviolenza e in seguito di Mondo senza guerre e senza violenza. Attualmente partecipa alla redazione italiana di Pressenza e si occupa principalmente del tema migrazioni, pubblicando articoli e interviste e organizzando eventi.","url":"https:\/\/www.pressenza.com\/de\/author\/anna-polo\/"}]}},"place":"","original_article_url":"","_links":{"self":[{"href":"https:\/\/www.pressenza.com\/de\/wp-json\/wp\/v2\/posts\/801118","targetHints":{"allow":["GET"]}}],"collection":[{"href":"https:\/\/www.pressenza.com\/de\/wp-json\/wp\/v2\/posts"}],"about":[{"href":"https:\/\/www.pressenza.com\/de\/wp-json\/wp\/v2\/types\/post"}],"author":[{"embeddable":true,"href":"https:\/\/www.pressenza.com\/de\/wp-json\/wp\/v2\/users\/500"}],"replies":[{"embeddable":true,"href":"https:\/\/www.pressenza.com\/de\/wp-json\/wp\/v2\/comments?post=801118"}],"version-history":[{"count":0,"href":"https:\/\/www.pressenza.com\/de\/wp-json\/wp\/v2\/posts\/801118\/revisions"}],"wp:featuredmedia":[{"embeddable":true,"href":"https:\/\/www.pressenza.com\/de\/wp-json\/wp\/v2\/media\/799294"}],"wp:attachment":[{"href":"https:\/\/www.pressenza.com\/de\/wp-json\/wp\/v2\/media?parent=801118"}],"wp:term":[{"taxonomy":"category","embeddable":true,"href":"https:\/\/www.pressenza.com\/de\/wp-json\/wp\/v2\/categories?post=801118"},{"taxonomy":"post_tag","embeddable":true,"href":"https:\/\/www.pressenza.com\/de\/wp-json\/wp\/v2\/tags?post=801118"}],"curies":[{"name":"wp","href":"https:\/\/api.w.org\/{rel}","templated":true}]}}