{"id":800873,"date":"2019-02-03T12:08:33","date_gmt":"2019-02-03T12:08:33","guid":{"rendered":"https:\/\/www.pressenza.com\/?p=800873"},"modified":"2019-02-03T12:55:14","modified_gmt":"2019-02-03T12:55:14","slug":"ein-jahr-der-feierlichkeiten-beginnt-in-punta-de-vacas-argentinien-anlaesslich-des-50-jahrestages-des-spirituellen-fuehrers-silo","status":"publish","type":"post","link":"https:\/\/www.pressenza.com\/de\/2019\/02\/ein-jahr-der-feierlichkeiten-beginnt-in-punta-de-vacas-argentinien-anlaesslich-des-50-jahrestages-des-spirituellen-fuehrers-silo\/","title":{"rendered":"Ein Jahr der Feierlichkeiten beginnt in Punta de Vacas, Argentinien, anl\u00e4sslich des 50. Jahrestages des spirituellen F\u00fchrers Silo"},"content":{"rendered":"<p>In der ersten Januarwoche 2019 trafen sich Siloisten aus aller Welt an einem Ort in <a href=\"https:\/\/de.wikipedia.org\/wiki\/Punta_de_Vacas\" target=\"_blank\" rel=\"noopener\">Punta de Vacas<\/a>, heute bekann als <a href=\"http:\/\/www.parquepuntadevacas.net\/\" target=\"_blank\" rel=\"noopener\">Studien- und Reflexionspark<\/a>, um ein Jahr der Feierlichkeiten anl\u00e4sslich des Jahres 1969 einzuleiten. Dorthin hatte sich der Argentinier <a href=\"https:\/\/de.wikipedia.org\/wiki\/Mario_Rodr%C3%ADguez_Cobos\" target=\"_blank\" rel=\"noopener\">Mario Rodriguez Cobos<\/a>, besser bekannt als Silo, spiritueller F\u00fchrer und Gr\u00fcnder der Humanistischen Bewegung, erstmals zu seiner handgefertigten Bergh\u00fctte zur\u00fcckgezogen, um an einigen der grundlegenden Texte seiner Lehre zu arbeiten: Der innere Blick und die Heilung des Leidens.<\/p>\n<p><img loading=\"lazy\" decoding=\"async\" class=\"alignnone wp-image-799421\" src=\"https:\/\/www.pressenza.com\/wp-content\/uploads\/2019\/02\/1969-00-00-Silo-en-la-Ermita-01-300x258.jpg\" alt=\"\" width=\"402\" height=\"346\" srcset=\"https:\/\/www.pressenza.com\/wp-content\/uploads\/2019\/02\/1969-00-00-Silo-en-la-Ermita-01-300x258.jpg 300w, https:\/\/www.pressenza.com\/wp-content\/uploads\/2019\/02\/1969-00-00-Silo-en-la-Ermita-01.jpg 452w\" sizes=\"auto, (max-width: 402px) 100vw, 402px\" \/><\/p>\n<p>In den nahegelegenen Hotels in St\u00e4dten von Uspallata bis Puente del Inca kamen rund 700 Freunde aus Chile, Argentinien, Peru, Ecuador, Bolivien, Brasilien, Mexiko, den USA, Spanien, Frankreich, Italien, Deutschland, Ungarn und der Tschechischen Republik, unter anderem aus Anlass des historischen Ereignisses.<\/p>\n<p>&#8222;Der Innere Blick&#8220; war das erste Buch, das unter dem Namen &#8222;Silo&#8220; ver\u00f6ffentlicht wurde, und in den fr\u00fchen 70er Jahren in den H\u00e4nden junger Menschen, die von seiner Botschaft inspiriert waren, die Welt zirkulierten und in Dutzende von Sprachen \u00fcbersetzt wurden. Sp\u00e4ter, mit dem Hinzuf\u00fcgen von zwei weiteren Abschnitten: Die Innere Landschaft und Die Menschliche Landschaft, begann das gesamte Werk unter dem Namen &#8222;<a href=\"http:\/\/silo.net\/system\/documents\/111\/original\/Humanizar_de.pdf\" target=\"_blank\" rel=\"noopener\">Die Erde Menschlich Machen<\/a>&#8220; zu zirkulieren.<\/p>\n<blockquote><p><em>Hier wird erz\u00e4hlt, wie man die Sinn-Leere des Lebens in Sinn und F\u00fclle verwandelt. Hier gibt es Freude, Liebe zum K\u00f6rper, zur Natur, zur Menschheit und zum Geist. Hier sagt man sich von den Opfern, den Schuldgef\u00fchlen und den Drohungen des Jenseits los. Hier wird das Irdische nicht dem Ewigen entgegengestellt. Hier wird von der inneren Offenbarung gesprochen, zu der jeder gelangt, der in dem\u00fctiger<\/em><br \/>\n<em>Suche sorgf\u00e4ltig nachsinnt.<\/em><\/p><\/blockquote>\n<p>Am 4. Mai 1969 kam Silo schlie\u00dflich von seinem R\u00fcckzug zur\u00fcck, um seine Rede \u00fcber <a href=\"http:\/\/silo.net\/system\/documents\/9\/original\/Die_Heilung_vom_Leiden_vers_2018.pdf\" target=\"_blank\" rel=\"noopener\">die Heilung des Leidens<\/a> zu halten, die eine globale Bewegung engagierter Anh\u00e4nger ausl\u00f6sen w\u00fcrde, die eine Doktrin der gleichzeitigen pers\u00f6nlichen und sozialen Transformation durch eine Methodik der aktiven Gewaltlosigkeit f\u00f6rdern w\u00fcrde, die die erste ihrer Art war.<\/p>\n<blockquote><p><em>Du leidest, weil du das zu verlieren f\u00fcrchtest, was du besitzt, oder weil du bereits etwas verloren hast oder weil du etwas verzweifelt zu erreichen suchst. Du leidest, weil du etwas nicht haben kannst oder weil du ganz allgemein Angst hast &#8230; Das sind die gro\u00dfen Feinde des Menschen: die Angst vor der Krankheit, die Angst vor der Armut, die Angst vor dem Tod, die Angst vor der Einsamkeit.<\/em><\/p><\/blockquote>\n<p>W\u00e4hrend dieser Tage trafen sich die Leute, um an Zeremonien teilzunehmen, die in der Botschaft des Silos dargelegt sind, um sich \u00fcber ihre Erfahrungen in ihren Gemeinschaften von Botschaftern auf der ganzen Welt auszutauschen, und von denjenigen zu h\u00f6ren, die am 4. Mai 1969 dort waren, in den ersten Tagen, als seine Doktrin entwickelt wurde.<\/p>\n<p>Teil seines Projekts, das in der letzten Phase seiner Arbeit erschien, war die Errichtung eines Netzwerks von Studien- und Reflexionsparks, von denen es etwa 50 von Indien bis Kalifornien gibt, und die Verbreitung. Der Punta de Vacas Park, der Ort von dem aus die ganze Bewegung entstanden ist, war schon immer die spirituelle Heimat und wird das ganze Jahr \u00fcber mehrere Gedenkveranstaltungen abhalten.<\/p>\n<p><a href=\"https:\/\/www.pressenza.com\/de\/tag\/silo-de\/\" target=\"_blank\" rel=\"noopener\">Silo<\/a> starb 2010, aber seine Lehre lebt weiter.<\/p>\n<div class=\"post-gallery\">\n\t\t\t<figure class=\"post-gallery-item\">\n\t\t\t\t<img decoding=\"async\" src=\"https:\/\/www.pressenza.com\/wp-content\/uploads\/2019\/02\/2019-01-Punta-de-Vacas-10-720x508.jpg\" loading=\"lazy\">\n\t\t\t\t<figcaption>\n\t\t\t\t\t\n\t\t\t\t<\/figcaption>\n\t\t\t<\/figure>\n\t\t\t<figure class=\"post-gallery-item\">\n\t\t\t\t<img decoding=\"async\" src=\"https:\/\/www.pressenza.com\/wp-content\/uploads\/2019\/02\/2019-01-Punta-de-Vacas-09-720x432.jpg\" loading=\"lazy\">\n\t\t\t\t<figcaption>\n\t\t\t\t\t\n\t\t\t\t<\/figcaption>\n\t\t\t<\/figure>\n\t\t\t<figure class=\"post-gallery-item\">\n\t\t\t\t<img decoding=\"async\" src=\"https:\/\/www.pressenza.com\/wp-content\/uploads\/2019\/02\/2019-01-Punta-de-Vacas-08-720x521.jpg\" loading=\"lazy\">\n\t\t\t\t<figcaption>\n\t\t\t\t\t\n\t\t\t\t<\/figcaption>\n\t\t\t<\/figure>\n\t\t\t<figure class=\"post-gallery-item\">\n\t\t\t\t<img decoding=\"async\" src=\"https:\/\/www.pressenza.com\/wp-content\/uploads\/2019\/02\/2019-01-Punta-de-Vacas-07-720x441.jpg\" loading=\"lazy\">\n\t\t\t\t<figcaption>\n\t\t\t\t\t\n\t\t\t\t<\/figcaption>\n\t\t\t<\/figure>\n\t\t\t<figure class=\"post-gallery-item\">\n\t\t\t\t<img decoding=\"async\" src=\"https:\/\/www.pressenza.com\/wp-content\/uploads\/2019\/02\/2019-01-Punta-de-Vacas-02-720x461.jpg\" loading=\"lazy\">\n\t\t\t\t<figcaption>\n\t\t\t\t\t\n\t\t\t\t<\/figcaption>\n\t\t\t<\/figure>\n\t\t\t<figure class=\"post-gallery-item\">\n\t\t\t\t<img decoding=\"async\" src=\"https:\/\/www.pressenza.com\/wp-content\/uploads\/2019\/02\/2019-01-Punta-de-Vacas-03-720x503.jpg\" loading=\"lazy\">\n\t\t\t\t<figcaption>\n\t\t\t\t\t\n\t\t\t\t<\/figcaption>\n\t\t\t<\/figure>\n\t\t\t<figure class=\"post-gallery-item\">\n\t\t\t\t<img decoding=\"async\" src=\"https:\/\/www.pressenza.com\/wp-content\/uploads\/2019\/02\/2019-01-Punta-de-Vacas-04-720x325.jpg\" loading=\"lazy\">\n\t\t\t\t<figcaption>\n\t\t\t\t\t\n\t\t\t\t<\/figcaption>\n\t\t\t<\/figure>\n\t\t\t<figure class=\"post-gallery-item\">\n\t\t\t\t<img decoding=\"async\" src=\"https:\/\/www.pressenza.com\/wp-content\/uploads\/2019\/02\/2019-01-Punta-de-Vacas-05-720x524.jpg\" loading=\"lazy\">\n\t\t\t\t<figcaption>\n\t\t\t\t\t\n\t\t\t\t<\/figcaption>\n\t\t\t<\/figure>\n\t\t\t<figure class=\"post-gallery-item\">\n\t\t\t\t<img decoding=\"async\" src=\"https:\/\/www.pressenza.com\/wp-content\/uploads\/2019\/02\/2019-01-Punta-de-Vacas-01-720x475.jpg\" loading=\"lazy\">\n\t\t\t\t<figcaption>\n\t\t\t\t\t\n\t\t\t\t<\/figcaption>\n\t\t\t<\/figure><\/div>\n<p><em>Weitere Beitr\u00e4ge \u00fcber <a href=\"https:\/\/www.pressenza.com\/de\/tag\/silo-de\/\" target=\"_blank\" rel=\"noopener\">Mario Rodr\u00edguez Cobos<\/a><\/em><\/p>\n<p><em>Text: Tito de Casas und Tony Robinson, Fotos: Rafael Edwards, \u00dcbersetzung: Lorenzo Molinari<br \/>\n<\/em><\/p>\n","protected":false},"excerpt":{"rendered":"<p>In der ersten Januarwoche 2019 trafen sich Siloisten aus aller Welt an einem Ort in Punta de Vacas, heute bekann als Studien- und Reflexionspark, um ein Jahr der Feierlichkeiten anl\u00e4sslich des Jahres 1969 einzuleiten. Dorthin hatte sich der Argentinier Mario&hellip;<\/p>\n","protected":false},"author":1013,"featured_media":799457,"comment_status":"closed","ping_status":"closed","sticky":false,"template":"","format":"standard","meta":{"footnotes":""},"categories":[9162,7835,11387],"tags":[10446,9425,9962,11443,9959,9958,9961],"class_list":["post-800873","post","type-post","status-publish","format-standard","has-post-thumbnail","hentry","category-humanismus-und-spiritualitaet","category-international-de","category-originalinhalt","tag-argentinien","tag-humanismus","tag-humanistische-bewegung","tag-neuer-humanismus","tag-punta-de-vacas-de","tag-silo-de","tag-silos-botschaft"],"yoast_head":"<!-- This site is optimized with the Yoast SEO plugin v27.1.1 - https:\/\/yoast.com\/product\/yoast-seo-wordpress\/ -->\n<title>Ein Jahr der Feierlichkeiten beginnt in Punta de Vacas, Argentinien, anl\u00e4sslich des 50. Jahrestages des spirituellen F\u00fchrers Silo<\/title>\n<meta name=\"description\" content=\"In der ersten Januarwoche 2019 trafen sich Siloisten aus aller Welt an einem Ort in Punta de Vacas, heute bekann als Studien- und Reflexionspark, um ein\" \/>\n<meta name=\"robots\" content=\"index, follow, max-snippet:-1, max-image-preview:large, max-video-preview:-1\" \/>\n<link rel=\"canonical\" href=\"https:\/\/www.pressenza.com\/de\/2019\/02\/ein-jahr-der-feierlichkeiten-beginnt-in-punta-de-vacas-argentinien-anlaesslich-des-50-jahrestages-des-spirituellen-fuehrers-silo\/\" \/>\n<meta property=\"og:locale\" content=\"de_DE\" \/>\n<meta property=\"og:type\" content=\"article\" \/>\n<meta property=\"og:title\" content=\"Ein Jahr der Feierlichkeiten beginnt in Punta de Vacas, Argentinien, anl\u00e4sslich des 50. Jahrestages des spirituellen F\u00fchrers Silo\" \/>\n<meta property=\"og:description\" content=\"In der ersten Januarwoche 2019 trafen sich Siloisten aus aller Welt an einem Ort in Punta de Vacas, heute bekann als Studien- und Reflexionspark, um ein\" \/>\n<meta property=\"og:url\" content=\"https:\/\/www.pressenza.com\/de\/2019\/02\/ein-jahr-der-feierlichkeiten-beginnt-in-punta-de-vacas-argentinien-anlaesslich-des-50-jahrestages-des-spirituellen-fuehrers-silo\/\" \/>\n<meta property=\"og:site_name\" content=\"Pressenza\" \/>\n<meta property=\"article:publisher\" content=\"https:\/\/www.facebook.com\/PressenzaItalia\" \/>\n<meta property=\"article:author\" content=\"https:\/\/www.facebook.com\/PressenzaEnglish\/\" \/>\n<meta property=\"article:published_time\" content=\"2019-02-03T12:08:33+00:00\" \/>\n<meta property=\"article:modified_time\" content=\"2019-02-03T12:55:14+00:00\" \/>\n<meta property=\"og:image\" content=\"https:\/\/www.pressenza.com\/wp-content\/uploads\/2019\/02\/2019-01-Punta-de-Vacas-07.jpg\" \/>\n\t<meta property=\"og:image:width\" content=\"1600\" \/>\n\t<meta property=\"og:image:height\" content=\"980\" \/>\n\t<meta property=\"og:image:type\" content=\"image\/jpeg\" \/>\n<meta name=\"author\" content=\"Pressenza London\" \/>\n<meta name=\"twitter:card\" content=\"summary_large_image\" \/>\n<meta name=\"twitter:creator\" content=\"@PressenzaIPA\" \/>\n<meta name=\"twitter:site\" content=\"@PressenzaIPA\" \/>\n<meta name=\"twitter:label1\" content=\"Verfasst von\" \/>\n\t<meta name=\"twitter:data1\" content=\"Pressenza London\" \/>\n\t<meta name=\"twitter:label2\" content=\"Gesch\u00e4tzte Lesezeit\" \/>\n\t<meta name=\"twitter:data2\" content=\"3\u00a0Minuten\" \/>\n<script type=\"application\/ld+json\" class=\"yoast-schema-graph\">{\"@context\":\"https:\/\/schema.org\",\"@graph\":[{\"@type\":\"Article\",\"@id\":\"https:\/\/www.pressenza.com\/de\/2019\/02\/ein-jahr-der-feierlichkeiten-beginnt-in-punta-de-vacas-argentinien-anlaesslich-des-50-jahrestages-des-spirituellen-fuehrers-silo\/#article\",\"isPartOf\":{\"@id\":\"https:\/\/www.pressenza.com\/de\/2019\/02\/ein-jahr-der-feierlichkeiten-beginnt-in-punta-de-vacas-argentinien-anlaesslich-des-50-jahrestages-des-spirituellen-fuehrers-silo\/\"},\"author\":{\"name\":\"Pressenza London\",\"@id\":\"https:\/\/www.pressenza.com\/de\/#\/schema\/person\/17c976cc856ec7e8e3f8cdd1a45eb1b0\"},\"headline\":\"Ein Jahr der Feierlichkeiten beginnt in Punta de Vacas, Argentinien, anl\u00e4sslich des 50. Jahrestages des spirituellen F\u00fchrers Silo\",\"datePublished\":\"2019-02-03T12:08:33+00:00\",\"dateModified\":\"2019-02-03T12:55:14+00:00\",\"mainEntityOfPage\":{\"@id\":\"https:\/\/www.pressenza.com\/de\/2019\/02\/ein-jahr-der-feierlichkeiten-beginnt-in-punta-de-vacas-argentinien-anlaesslich-des-50-jahrestages-des-spirituellen-fuehrers-silo\/\"},\"wordCount\":565,\"publisher\":{\"@id\":\"https:\/\/www.pressenza.com\/de\/#organization\"},\"image\":{\"@id\":\"https:\/\/www.pressenza.com\/de\/2019\/02\/ein-jahr-der-feierlichkeiten-beginnt-in-punta-de-vacas-argentinien-anlaesslich-des-50-jahrestages-des-spirituellen-fuehrers-silo\/#primaryimage\"},\"thumbnailUrl\":\"https:\/\/www.pressenza.com\/wp-content\/uploads\/2019\/02\/2019-01-Punta-de-Vacas-07.jpg\",\"keywords\":[\"Argentinien\",\"Humanismus\",\"Humanistische Bewegung\",\"neuer humanismus\",\"Punta de Vacas\",\"Silo\",\"Silos Botschaft\"],\"articleSection\":[\"Humanismus und Spiritualit\u00e4t\",\"International\",\"Originalinhalt\"],\"inLanguage\":\"de\"},{\"@type\":\"WebPage\",\"@id\":\"https:\/\/www.pressenza.com\/de\/2019\/02\/ein-jahr-der-feierlichkeiten-beginnt-in-punta-de-vacas-argentinien-anlaesslich-des-50-jahrestages-des-spirituellen-fuehrers-silo\/\",\"url\":\"https:\/\/www.pressenza.com\/de\/2019\/02\/ein-jahr-der-feierlichkeiten-beginnt-in-punta-de-vacas-argentinien-anlaesslich-des-50-jahrestages-des-spirituellen-fuehrers-silo\/\",\"name\":\"Ein Jahr der Feierlichkeiten beginnt in Punta de Vacas, Argentinien, anl\u00e4sslich des 50. Jahrestages des spirituellen F\u00fchrers Silo\",\"isPartOf\":{\"@id\":\"https:\/\/www.pressenza.com\/de\/#website\"},\"primaryImageOfPage\":{\"@id\":\"https:\/\/www.pressenza.com\/de\/2019\/02\/ein-jahr-der-feierlichkeiten-beginnt-in-punta-de-vacas-argentinien-anlaesslich-des-50-jahrestages-des-spirituellen-fuehrers-silo\/#primaryimage\"},\"image\":{\"@id\":\"https:\/\/www.pressenza.com\/de\/2019\/02\/ein-jahr-der-feierlichkeiten-beginnt-in-punta-de-vacas-argentinien-anlaesslich-des-50-jahrestages-des-spirituellen-fuehrers-silo\/#primaryimage\"},\"thumbnailUrl\":\"https:\/\/www.pressenza.com\/wp-content\/uploads\/2019\/02\/2019-01-Punta-de-Vacas-07.jpg\",\"datePublished\":\"2019-02-03T12:08:33+00:00\",\"dateModified\":\"2019-02-03T12:55:14+00:00\",\"description\":\"In der ersten Januarwoche 2019 trafen sich Siloisten aus aller Welt an einem Ort in Punta de Vacas, heute bekann als Studien- und Reflexionspark, um ein\",\"breadcrumb\":{\"@id\":\"https:\/\/www.pressenza.com\/de\/2019\/02\/ein-jahr-der-feierlichkeiten-beginnt-in-punta-de-vacas-argentinien-anlaesslich-des-50-jahrestages-des-spirituellen-fuehrers-silo\/#breadcrumb\"},\"inLanguage\":\"de\",\"potentialAction\":[{\"@type\":\"ReadAction\",\"target\":[\"https:\/\/www.pressenza.com\/de\/2019\/02\/ein-jahr-der-feierlichkeiten-beginnt-in-punta-de-vacas-argentinien-anlaesslich-des-50-jahrestages-des-spirituellen-fuehrers-silo\/\"]}]},{\"@type\":\"ImageObject\",\"inLanguage\":\"de\",\"@id\":\"https:\/\/www.pressenza.com\/de\/2019\/02\/ein-jahr-der-feierlichkeiten-beginnt-in-punta-de-vacas-argentinien-anlaesslich-des-50-jahrestages-des-spirituellen-fuehrers-silo\/#primaryimage\",\"url\":\"https:\/\/www.pressenza.com\/wp-content\/uploads\/2019\/02\/2019-01-Punta-de-Vacas-07.jpg\",\"contentUrl\":\"https:\/\/www.pressenza.com\/wp-content\/uploads\/2019\/02\/2019-01-Punta-de-Vacas-07.jpg\",\"width\":1600,\"height\":980},{\"@type\":\"BreadcrumbList\",\"@id\":\"https:\/\/www.pressenza.com\/de\/2019\/02\/ein-jahr-der-feierlichkeiten-beginnt-in-punta-de-vacas-argentinien-anlaesslich-des-50-jahrestages-des-spirituellen-fuehrers-silo\/#breadcrumb\",\"itemListElement\":[{\"@type\":\"ListItem\",\"position\":1,\"name\":\"Accueil\",\"item\":\"https:\/\/www.pressenza.com\/de\/\"},{\"@type\":\"ListItem\",\"position\":2,\"name\":\"Ein Jahr der Feierlichkeiten beginnt in Punta de Vacas, Argentinien, anl\u00e4sslich des 50. Jahrestages des spirituellen F\u00fchrers Silo\"}]},{\"@type\":\"WebSite\",\"@id\":\"https:\/\/www.pressenza.com\/de\/#website\",\"url\":\"https:\/\/www.pressenza.com\/de\/\",\"name\":\"Pressenza\",\"description\":\"International Press Agency\",\"publisher\":{\"@id\":\"https:\/\/www.pressenza.com\/de\/#organization\"},\"potentialAction\":[{\"@type\":\"SearchAction\",\"target\":{\"@type\":\"EntryPoint\",\"urlTemplate\":\"https:\/\/www.pressenza.com\/de\/?s={search_term_string}\"},\"query-input\":{\"@type\":\"PropertyValueSpecification\",\"valueRequired\":true,\"valueName\":\"search_term_string\"}}],\"inLanguage\":\"de\"},{\"@type\":\"Organization\",\"@id\":\"https:\/\/www.pressenza.com\/de\/#organization\",\"name\":\"Pressenza\",\"url\":\"https:\/\/www.pressenza.com\/de\/\",\"logo\":{\"@type\":\"ImageObject\",\"inLanguage\":\"de\",\"@id\":\"https:\/\/www.pressenza.com\/de\/#\/schema\/logo\/image\/\",\"url\":\"https:\/\/www.pressenza.com\/wp-content\/uploads\/2022\/10\/pressenza_logo_200x200.jpg\",\"contentUrl\":\"https:\/\/www.pressenza.com\/wp-content\/uploads\/2022\/10\/pressenza_logo_200x200.jpg\",\"width\":200,\"height\":200,\"caption\":\"Pressenza\"},\"image\":{\"@id\":\"https:\/\/www.pressenza.com\/de\/#\/schema\/logo\/image\/\"},\"sameAs\":[\"https:\/\/www.facebook.com\/PressenzaItalia\",\"https:\/\/x.com\/PressenzaIPA\"]},{\"@type\":\"Person\",\"@id\":\"https:\/\/www.pressenza.com\/de\/#\/schema\/person\/17c976cc856ec7e8e3f8cdd1a45eb1b0\",\"name\":\"Pressenza London\",\"description\":\"News published by the Pressenza Bureau in London, United Kingdom\",\"sameAs\":[\"https:\/\/www.facebook.com\/PressenzaEnglish\/\",\"https:\/\/x.com\/PressenzaIPA\"],\"url\":\"https:\/\/www.pressenza.com\/de\/author\/pressenza-london\/\"}]}<\/script>\n<!-- \/ Yoast SEO plugin. -->","yoast_head_json":{"title":"Ein Jahr der Feierlichkeiten beginnt in Punta de Vacas, Argentinien, anl\u00e4sslich des 50. Jahrestages des spirituellen F\u00fchrers Silo","description":"In der ersten Januarwoche 2019 trafen sich Siloisten aus aller Welt an einem Ort in Punta de Vacas, heute bekann als Studien- und Reflexionspark, um ein","robots":{"index":"index","follow":"follow","max-snippet":"max-snippet:-1","max-image-preview":"max-image-preview:large","max-video-preview":"max-video-preview:-1"},"canonical":"https:\/\/www.pressenza.com\/de\/2019\/02\/ein-jahr-der-feierlichkeiten-beginnt-in-punta-de-vacas-argentinien-anlaesslich-des-50-jahrestages-des-spirituellen-fuehrers-silo\/","og_locale":"de_DE","og_type":"article","og_title":"Ein Jahr der Feierlichkeiten beginnt in Punta de Vacas, Argentinien, anl\u00e4sslich des 50. Jahrestages des spirituellen F\u00fchrers Silo","og_description":"In der ersten Januarwoche 2019 trafen sich Siloisten aus aller Welt an einem Ort in Punta de Vacas, heute bekann als Studien- und Reflexionspark, um ein","og_url":"https:\/\/www.pressenza.com\/de\/2019\/02\/ein-jahr-der-feierlichkeiten-beginnt-in-punta-de-vacas-argentinien-anlaesslich-des-50-jahrestages-des-spirituellen-fuehrers-silo\/","og_site_name":"Pressenza","article_publisher":"https:\/\/www.facebook.com\/PressenzaItalia","article_author":"https:\/\/www.facebook.com\/PressenzaEnglish\/","article_published_time":"2019-02-03T12:08:33+00:00","article_modified_time":"2019-02-03T12:55:14+00:00","og_image":[{"width":1600,"height":980,"url":"https:\/\/www.pressenza.com\/wp-content\/uploads\/2019\/02\/2019-01-Punta-de-Vacas-07.jpg","type":"image\/jpeg"}],"author":"Pressenza London","twitter_card":"summary_large_image","twitter_creator":"@PressenzaIPA","twitter_site":"@PressenzaIPA","twitter_misc":{"Verfasst von":"Pressenza London","Gesch\u00e4tzte Lesezeit":"3\u00a0Minuten"},"schema":{"@context":"https:\/\/schema.org","@graph":[{"@type":"Article","@id":"https:\/\/www.pressenza.com\/de\/2019\/02\/ein-jahr-der-feierlichkeiten-beginnt-in-punta-de-vacas-argentinien-anlaesslich-des-50-jahrestages-des-spirituellen-fuehrers-silo\/#article","isPartOf":{"@id":"https:\/\/www.pressenza.com\/de\/2019\/02\/ein-jahr-der-feierlichkeiten-beginnt-in-punta-de-vacas-argentinien-anlaesslich-des-50-jahrestages-des-spirituellen-fuehrers-silo\/"},"author":{"name":"Pressenza London","@id":"https:\/\/www.pressenza.com\/de\/#\/schema\/person\/17c976cc856ec7e8e3f8cdd1a45eb1b0"},"headline":"Ein Jahr der Feierlichkeiten beginnt in Punta de Vacas, Argentinien, anl\u00e4sslich des 50. Jahrestages des spirituellen F\u00fchrers Silo","datePublished":"2019-02-03T12:08:33+00:00","dateModified":"2019-02-03T12:55:14+00:00","mainEntityOfPage":{"@id":"https:\/\/www.pressenza.com\/de\/2019\/02\/ein-jahr-der-feierlichkeiten-beginnt-in-punta-de-vacas-argentinien-anlaesslich-des-50-jahrestages-des-spirituellen-fuehrers-silo\/"},"wordCount":565,"publisher":{"@id":"https:\/\/www.pressenza.com\/de\/#organization"},"image":{"@id":"https:\/\/www.pressenza.com\/de\/2019\/02\/ein-jahr-der-feierlichkeiten-beginnt-in-punta-de-vacas-argentinien-anlaesslich-des-50-jahrestages-des-spirituellen-fuehrers-silo\/#primaryimage"},"thumbnailUrl":"https:\/\/www.pressenza.com\/wp-content\/uploads\/2019\/02\/2019-01-Punta-de-Vacas-07.jpg","keywords":["Argentinien","Humanismus","Humanistische Bewegung","neuer humanismus","Punta de Vacas","Silo","Silos Botschaft"],"articleSection":["Humanismus und Spiritualit\u00e4t","International","Originalinhalt"],"inLanguage":"de"},{"@type":"WebPage","@id":"https:\/\/www.pressenza.com\/de\/2019\/02\/ein-jahr-der-feierlichkeiten-beginnt-in-punta-de-vacas-argentinien-anlaesslich-des-50-jahrestages-des-spirituellen-fuehrers-silo\/","url":"https:\/\/www.pressenza.com\/de\/2019\/02\/ein-jahr-der-feierlichkeiten-beginnt-in-punta-de-vacas-argentinien-anlaesslich-des-50-jahrestages-des-spirituellen-fuehrers-silo\/","name":"Ein Jahr der Feierlichkeiten beginnt in Punta de Vacas, Argentinien, anl\u00e4sslich des 50. Jahrestages des spirituellen F\u00fchrers Silo","isPartOf":{"@id":"https:\/\/www.pressenza.com\/de\/#website"},"primaryImageOfPage":{"@id":"https:\/\/www.pressenza.com\/de\/2019\/02\/ein-jahr-der-feierlichkeiten-beginnt-in-punta-de-vacas-argentinien-anlaesslich-des-50-jahrestages-des-spirituellen-fuehrers-silo\/#primaryimage"},"image":{"@id":"https:\/\/www.pressenza.com\/de\/2019\/02\/ein-jahr-der-feierlichkeiten-beginnt-in-punta-de-vacas-argentinien-anlaesslich-des-50-jahrestages-des-spirituellen-fuehrers-silo\/#primaryimage"},"thumbnailUrl":"https:\/\/www.pressenza.com\/wp-content\/uploads\/2019\/02\/2019-01-Punta-de-Vacas-07.jpg","datePublished":"2019-02-03T12:08:33+00:00","dateModified":"2019-02-03T12:55:14+00:00","description":"In der ersten Januarwoche 2019 trafen sich Siloisten aus aller Welt an einem Ort in Punta de Vacas, heute bekann als Studien- und Reflexionspark, um ein","breadcrumb":{"@id":"https:\/\/www.pressenza.com\/de\/2019\/02\/ein-jahr-der-feierlichkeiten-beginnt-in-punta-de-vacas-argentinien-anlaesslich-des-50-jahrestages-des-spirituellen-fuehrers-silo\/#breadcrumb"},"inLanguage":"de","potentialAction":[{"@type":"ReadAction","target":["https:\/\/www.pressenza.com\/de\/2019\/02\/ein-jahr-der-feierlichkeiten-beginnt-in-punta-de-vacas-argentinien-anlaesslich-des-50-jahrestages-des-spirituellen-fuehrers-silo\/"]}]},{"@type":"ImageObject","inLanguage":"de","@id":"https:\/\/www.pressenza.com\/de\/2019\/02\/ein-jahr-der-feierlichkeiten-beginnt-in-punta-de-vacas-argentinien-anlaesslich-des-50-jahrestages-des-spirituellen-fuehrers-silo\/#primaryimage","url":"https:\/\/www.pressenza.com\/wp-content\/uploads\/2019\/02\/2019-01-Punta-de-Vacas-07.jpg","contentUrl":"https:\/\/www.pressenza.com\/wp-content\/uploads\/2019\/02\/2019-01-Punta-de-Vacas-07.jpg","width":1600,"height":980},{"@type":"BreadcrumbList","@id":"https:\/\/www.pressenza.com\/de\/2019\/02\/ein-jahr-der-feierlichkeiten-beginnt-in-punta-de-vacas-argentinien-anlaesslich-des-50-jahrestages-des-spirituellen-fuehrers-silo\/#breadcrumb","itemListElement":[{"@type":"ListItem","position":1,"name":"Accueil","item":"https:\/\/www.pressenza.com\/de\/"},{"@type":"ListItem","position":2,"name":"Ein Jahr der Feierlichkeiten beginnt in Punta de Vacas, Argentinien, anl\u00e4sslich des 50. Jahrestages des spirituellen F\u00fchrers Silo"}]},{"@type":"WebSite","@id":"https:\/\/www.pressenza.com\/de\/#website","url":"https:\/\/www.pressenza.com\/de\/","name":"Pressenza","description":"International Press Agency","publisher":{"@id":"https:\/\/www.pressenza.com\/de\/#organization"},"potentialAction":[{"@type":"SearchAction","target":{"@type":"EntryPoint","urlTemplate":"https:\/\/www.pressenza.com\/de\/?s={search_term_string}"},"query-input":{"@type":"PropertyValueSpecification","valueRequired":true,"valueName":"search_term_string"}}],"inLanguage":"de"},{"@type":"Organization","@id":"https:\/\/www.pressenza.com\/de\/#organization","name":"Pressenza","url":"https:\/\/www.pressenza.com\/de\/","logo":{"@type":"ImageObject","inLanguage":"de","@id":"https:\/\/www.pressenza.com\/de\/#\/schema\/logo\/image\/","url":"https:\/\/www.pressenza.com\/wp-content\/uploads\/2022\/10\/pressenza_logo_200x200.jpg","contentUrl":"https:\/\/www.pressenza.com\/wp-content\/uploads\/2022\/10\/pressenza_logo_200x200.jpg","width":200,"height":200,"caption":"Pressenza"},"image":{"@id":"https:\/\/www.pressenza.com\/de\/#\/schema\/logo\/image\/"},"sameAs":["https:\/\/www.facebook.com\/PressenzaItalia","https:\/\/x.com\/PressenzaIPA"]},{"@type":"Person","@id":"https:\/\/www.pressenza.com\/de\/#\/schema\/person\/17c976cc856ec7e8e3f8cdd1a45eb1b0","name":"Pressenza London","description":"News published by the Pressenza Bureau in London, United Kingdom","sameAs":["https:\/\/www.facebook.com\/PressenzaEnglish\/","https:\/\/x.com\/PressenzaIPA"],"url":"https:\/\/www.pressenza.com\/de\/author\/pressenza-london\/"}]}},"place":"Punta de Vacas, Argentinien","original_article_url":"","_links":{"self":[{"href":"https:\/\/www.pressenza.com\/de\/wp-json\/wp\/v2\/posts\/800873","targetHints":{"allow":["GET"]}}],"collection":[{"href":"https:\/\/www.pressenza.com\/de\/wp-json\/wp\/v2\/posts"}],"about":[{"href":"https:\/\/www.pressenza.com\/de\/wp-json\/wp\/v2\/types\/post"}],"author":[{"embeddable":true,"href":"https:\/\/www.pressenza.com\/de\/wp-json\/wp\/v2\/users\/1013"}],"replies":[{"embeddable":true,"href":"https:\/\/www.pressenza.com\/de\/wp-json\/wp\/v2\/comments?post=800873"}],"version-history":[{"count":0,"href":"https:\/\/www.pressenza.com\/de\/wp-json\/wp\/v2\/posts\/800873\/revisions"}],"wp:featuredmedia":[{"embeddable":true,"href":"https:\/\/www.pressenza.com\/de\/wp-json\/wp\/v2\/media\/799457"}],"wp:attachment":[{"href":"https:\/\/www.pressenza.com\/de\/wp-json\/wp\/v2\/media?parent=800873"}],"wp:term":[{"taxonomy":"category","embeddable":true,"href":"https:\/\/www.pressenza.com\/de\/wp-json\/wp\/v2\/categories?post=800873"},{"taxonomy":"post_tag","embeddable":true,"href":"https:\/\/www.pressenza.com\/de\/wp-json\/wp\/v2\/tags?post=800873"}],"curies":[{"name":"wp","href":"https:\/\/api.w.org\/{rel}","templated":true}]}}