{"id":785022,"date":"2019-01-06T18:42:55","date_gmt":"2019-01-06T18:42:55","guid":{"rendered":"https:\/\/www.pressenza.com\/?p=785022"},"modified":"2019-01-06T18:48:00","modified_gmt":"2019-01-06T18:48:00","slug":"was-ist-die-humanistische-bewegung-heute","status":"publish","type":"post","link":"https:\/\/www.pressenza.com\/de\/2019\/01\/was-ist-die-humanistische-bewegung-heute\/","title":{"rendered":"Was ist die Humanistische Bewegung heute?"},"content":{"rendered":"<p><strong>Am 4. Januar 1998, vor 21 Jahren, schloss Silo<a href=\"#_edn1\" name=\"_ednref1\">[i]<\/a> in der Sporthalle von \u201eObras Sanitarias\u201c in Buenos Aires, Argentinien, seinen Abschlussbericht w\u00e4hrend der ersten \u00f6ffentlichen Versammlung der Struktur der Humanistischen Bewegung mit diesen Worten:<\/strong><\/p>\n<p><em>&#8222;Was ist heute die Humanistische Bewegung? M\u00f6glicherweise ein Zufluchtsort vor der allgemeinen Krise des Systems, in dem wir leben? Ist sie vielleicht eine best\u00e4ndige Kritik an einer Welt, die Tag f\u00fcr Tag unmenschlicher wird? Ist sie eine neue Sprache, ein neues Paradigma, eine neue Interpretation der Welt und eine neue Landschaft? Stellt sie eine ideologische oder politische Str\u00f6mung dar, eine neue \u00c4sthetik, eine neue Werteskala? Ist sie eine neue Spiritualit\u00e4t, eine Aktion, die zum Ziel hat, das Subjektive und Andersartige durch konkrete Handlungen zu retten? Ist die Bewegung der Ausdruck eines Kampfes zugunsten der Enteigneten, der Vergessenen und Verfolgten? Dr\u00fcckt sie das Gef\u00fchl derjenigen aus, die die Monstrosit\u00e4t dessen f\u00fchlen, dass die Menschen nicht die gleichen Rechte und die gleichen M\u00f6glichkeiten haben?<\/em><\/p>\n<p><em>Die Bewegung ist all das und noch viel mehr. Sie ist der praktische Ausdruck des Ideals, die Erde menschlich zu machen und sie ist das Bestreben, den Weg hin zu einer universellen menschlichen Nation zu gehen. Sie ist der Samen einer neuen weltumfassenden Kultur in einer Zivilisation, die ihre Richtung ver\u00e4ndern muss, indem sie die Vielfalt anerkennt und ihr Bedeutung beimisst und indem sie jedem Menschen die gleichen Rechte und M\u00f6glichkeiten einr\u00e4umt, aufgrund der W\u00fcrde, die ihm durch die blo\u00dfe Tatsache geboren worden zu sein, zusteht.<\/em><\/p>\n<p><em>Die Humanistische Bewegung ist der \u00e4u\u00dfere Ausdruck der tiefen Ver\u00e4nderungen, die sich im Inneren des Menschen vollziehen und welche die Geschichte selbst sind: tragisch, \u00fcberraschend, aber immer im Wachstum begriffen. Sie ist eine leise vorauseilende Stimme, die die Zeiten ank\u00fcndigt, die jenseits des Menschen liegen, den wir gekannt haben. Sie ist ein Gedicht und ein Regenbogen unterschiedlicher Farben, sie ist ein David gegen\u00fcber einem \u00fcberheblichen Goliath. Sie ist die Sanftheit des Wassers gegen\u00fcber der H\u00e4rte des Felsens. Sie ist die Kraft des Schwachen: Ein Paradoxon und eine Bestimmung.<\/em><\/p>\n<p><em>Meine Freunde, auch wenn wir nicht unmittelbar jene Resultate erreichen, die wir erwarten, existiert dieser Samen schon und wartet auf die Ankunft kommender Zeiten.<\/em><\/p>\n<p><em>F\u00fcr alle, von Herz zu Herz, den inbr\u00fcnstigen Wunsch auf die sich anbahnende gesellschaftliche Ver\u00e4nderung und die Hoffnung auf eine stille Ver\u00e4nderung, die jenseits jedes Zwanges, jenseits jeglicher Ungeduld, jenseits jeder gewaltvollen Bestrebung, jenseits jeder Schuld und jeden Gef\u00fchls der Niederlage schon im tiefsten Inneren vieler Humanisten wohnt\u201c.<\/em><\/p>\n<p>Diese Rede (das Video und weiterf\u00fchrende Erkl\u00e4rungen dazu finden sich auf der <a href=\"http:\/\/www.humanistmovement.net\/index.php?lang=deu\" target=\"_blank\" rel=\"noopener\">offiziellen Seite der Humanistischen Bewegung<\/a>) erschien kurioserweise weder im kompletten Werk noch auf der Seite, auf der der Autor selbst seine gesamte schriftliche oder auf audiovisuell aufgezeichnete Arbeit hinterlassen hat.<\/p>\n<p>Ich f\u00fcr meinen Teil war dort, in der Kabine, in der ich die gesamte Versammlung simultan gedolmetscht habe, eine ehrenamtliche Arbeit, die mir zugefallen ist, und diese Worte am Ende eines langen Arbeitstages zu \u00fcbersetzen, war eine Erfahrung, die mir noch immer intensiv in Erinnerung ist.<\/p>\n<p>Vielleicht ist es wegen dieser Begebenheit, dass ich mich noch so gut an diese kurze Rede erinnern kann, in der Silo es schaffte, nicht nur einige wichtige Dinge f\u00fcr die Humanisten zusammenzufassen, sondern auch, dies mit einer au\u00dferordentlichen Poesie zu tun: \u201e<em>die Sanftheit des Wassers gegen\u00fcber der H\u00e4rte des Felsens<\/em>, <em>die Kraft des Schwachen.&#8220;<\/em><\/p>\n<p>Aber das Thema, was die Humanistische Bewegung ist, bleibt heute ein offenes. Einst sagten wir: die Bewegung ist ein Instrument, um eine bessere Welt zu realisieren und sie wird aufh\u00f6ren zu existieren, wenn diese Welt erschaffen sein wird. Wenn dem so ist, und wenn man die Welt von heute betrachtet, wird klar, dass die Humanistische Bewegung etwas absolut Notwendiges ist, in dieser Welt, in der immer mehr unerwartete Aspekte der Entmenschlichung auftauchen.<\/p>\n<p>Zu lange wurde die Bewegung von einigen mit den verschiedenen Organisationsformen, die sie angenommen hat, verwechselt, auch wollte man die Humanistische Bewegung mit der Humanistischen Bewegung gleichsetzen, die Silo selber pr\u00e4ziser als Universellen Humanismus bezeichnet hat, und die die wohl ausgepr\u00e4gteste Variante darstellt, aber nicht die einzige ist, die existiert.<\/p>\n<p>So findet sich beispielsweise der Name Neuer Humanismus derzeit in sehr unterschiedlichen ideologischen, spirituellen und akademischen Bereichen und manchmal sogar mit gegens\u00e4tzlichen Standpunkten: all das bekr\u00e4ftigt einfach nur die Tatsache, dass die Sorge um das menschliche Wesen von weiten Teilen der Gesellschaft geteilt wird \u2013 und ist somit etwas, das allen Humanisten unweigerlich Freude bereitet.<\/p>\n<p>Die zusammenfassende und poetische Definition, die Silo in dieser Rede gibt, ist meiner Meinung nach in diesem Moment \u00e4u\u00dferst aktuell, in dem die schlimmsten Syllogismen dazu dienen, die gr\u00f6\u00dften Barbareien intellektuell zu rechtfertigen, mit betr\u00fcgerischer Semantik, wie uns Noam Chomsky erinnert. Wir m\u00fcssen, heute mehr denn je, unser Herz jenseits des Hindernisses werfen und den Kampf von \u201eDavid gegen Goliath\u201c bejahen, den Kampf der Werte gegen den Pragmatismus, des Menschen gegen das Gesetz der Zahlen und Statistiken, der Kraft der Utopie gegen den regierenden Realismus, der M\u00f6glichkeiten anstatt der Resignation.<\/p>\n<p>Vor allem aber m\u00fcssen wir, um all das zu tun, uns an das <a href=\"http:\/\/www.humanistmovement.net\/downloads\/Dokument%20der%20Humanistischen%20Bewegung.pdf\" target=\"_blank\" rel=\"noopener\">Dokument der Humanistischen Bewegung<\/a> erinnern und es auch anwenden, in dem es hei\u00dft:<\/p>\n<p><strong><em>\u201eZwischen den Bestrebungen der Humanisten und der Realit\u00e4t der heutigen Welt ist eine Mauer entstanden. Nun ist der Moment gekommen, diese Mauer einzurei\u00dfen. Um dies zu tun, ist es n\u00f6tig, alle Humanisten auf der Welt zu vereinen\u201c.<\/em><\/strong><\/p>\n<p><em>\u00dcbersetzung aus dem Italienischen von Pressenza M\u00fcnchen<\/em><\/p>\n<hr \/>\n<p><a href=\"#_ednref1\" name=\"_edn1\">[i]<\/a> Pseudonym von Mario Rodr\u00edguez Cobos<\/p>\n","protected":false},"excerpt":{"rendered":"<p>Am 4. Januar 1998, vor 21 Jahren, schloss Silo[i] in der Sporthalle von \u201eObras Sanitarias\u201c in Buenos Aires, Argentinien, seinen Abschlussbericht w\u00e4hrend der ersten \u00f6ffentlichen Versammlung der Struktur der Humanistischen Bewegung mit diesen Worten: &#8222;Was ist heute die Humanistische Bewegung?&hellip;<\/p>\n","protected":false},"author":10,"featured_media":783883,"comment_status":"closed","ping_status":"closed","sticky":false,"template":"","format":"standard","meta":{"footnotes":""},"categories":[9162,7835,9143,11387],"tags":[9962,9604,9958,11670],"class_list":["post-785022","post","type-post","status-publish","format-standard","has-post-thumbnail","hentry","category-humanismus-und-spiritualitaet","category-international-de","category-meinungen","category-originalinhalt","tag-humanistische-bewegung","tag-mario-rodriguez-cobos","tag-silo-de","tag-universeller-humanismus"],"yoast_head":"<!-- This site is optimized with the Yoast SEO plugin v27.1.1 - https:\/\/yoast.com\/product\/yoast-seo-wordpress\/ -->\n<title>Was ist die Humanistische Bewegung heute?<\/title>\n<meta name=\"description\" content=\"Am 4. Januar 1998, vor 21 Jahren, schloss Silo in der Sporthalle von \u201eObras Sanitarias\u201c in Buenos Aires, Argentinien, seinen Abschlussbericht w\u00e4hrend der\" \/>\n<meta name=\"robots\" content=\"index, follow, max-snippet:-1, max-image-preview:large, max-video-preview:-1\" \/>\n<link rel=\"canonical\" href=\"https:\/\/www.pressenza.com\/de\/2019\/01\/was-ist-die-humanistische-bewegung-heute\/\" \/>\n<meta property=\"og:locale\" content=\"de_DE\" \/>\n<meta property=\"og:type\" content=\"article\" \/>\n<meta property=\"og:title\" content=\"Was ist die Humanistische Bewegung heute?\" \/>\n<meta property=\"og:description\" content=\"Am 4. Januar 1998, vor 21 Jahren, schloss Silo in der Sporthalle von \u201eObras Sanitarias\u201c in Buenos Aires, Argentinien, seinen Abschlussbericht w\u00e4hrend der\" \/>\n<meta property=\"og:url\" content=\"https:\/\/www.pressenza.com\/de\/2019\/01\/was-ist-die-humanistische-bewegung-heute\/\" \/>\n<meta property=\"og:site_name\" content=\"Pressenza\" \/>\n<meta property=\"article:publisher\" content=\"https:\/\/www.facebook.com\/PressenzaItalia\" \/>\n<meta property=\"article:published_time\" content=\"2019-01-06T18:42:55+00:00\" \/>\n<meta property=\"article:modified_time\" content=\"2019-01-06T18:48:00+00:00\" \/>\n<meta property=\"og:image\" content=\"https:\/\/www.pressenza.com\/wp-content\/uploads\/2019\/01\/Silo-Obras.jpg\" \/>\n\t<meta property=\"og:image:width\" content=\"750\" \/>\n\t<meta property=\"og:image:height\" content=\"516\" \/>\n\t<meta property=\"og:image:type\" content=\"image\/jpeg\" \/>\n<meta name=\"author\" content=\"Olivier Turquet\" \/>\n<meta name=\"twitter:card\" content=\"summary_large_image\" \/>\n<meta name=\"twitter:creator\" content=\"@PressenzaIPA\" \/>\n<meta name=\"twitter:site\" content=\"@PressenzaIPA\" \/>\n<meta name=\"twitter:label1\" content=\"Verfasst von\" \/>\n\t<meta name=\"twitter:data1\" content=\"Olivier Turquet\" \/>\n\t<meta name=\"twitter:label2\" content=\"Gesch\u00e4tzte Lesezeit\" \/>\n\t<meta name=\"twitter:data2\" content=\"5\u00a0Minuten\" \/>\n<script type=\"application\/ld+json\" class=\"yoast-schema-graph\">{\"@context\":\"https:\/\/schema.org\",\"@graph\":[{\"@type\":\"Article\",\"@id\":\"https:\/\/www.pressenza.com\/de\/2019\/01\/was-ist-die-humanistische-bewegung-heute\/#article\",\"isPartOf\":{\"@id\":\"https:\/\/www.pressenza.com\/de\/2019\/01\/was-ist-die-humanistische-bewegung-heute\/\"},\"author\":{\"name\":\"Olivier Turquet\",\"@id\":\"https:\/\/www.pressenza.com\/de\/#\/schema\/person\/636f8feb51f63f34e7378d5fcdd1de53\"},\"headline\":\"Was ist die Humanistische Bewegung heute?\",\"datePublished\":\"2019-01-06T18:42:55+00:00\",\"dateModified\":\"2019-01-06T18:48:00+00:00\",\"mainEntityOfPage\":{\"@id\":\"https:\/\/www.pressenza.com\/de\/2019\/01\/was-ist-die-humanistische-bewegung-heute\/\"},\"wordCount\":941,\"publisher\":{\"@id\":\"https:\/\/www.pressenza.com\/de\/#organization\"},\"image\":{\"@id\":\"https:\/\/www.pressenza.com\/de\/2019\/01\/was-ist-die-humanistische-bewegung-heute\/#primaryimage\"},\"thumbnailUrl\":\"https:\/\/www.pressenza.com\/wp-content\/uploads\/2019\/01\/Silo-Obras.jpg\",\"keywords\":[\"Humanistische Bewegung\",\"Mario Rodr\u00edguez Cobos\",\"Silo\",\"Universeller Humanismus\"],\"articleSection\":[\"Humanismus und Spiritualit\u00e4t\",\"International\",\"Meinungen\",\"Originalinhalt\"],\"inLanguage\":\"de\"},{\"@type\":\"WebPage\",\"@id\":\"https:\/\/www.pressenza.com\/de\/2019\/01\/was-ist-die-humanistische-bewegung-heute\/\",\"url\":\"https:\/\/www.pressenza.com\/de\/2019\/01\/was-ist-die-humanistische-bewegung-heute\/\",\"name\":\"Was ist die Humanistische Bewegung heute?\",\"isPartOf\":{\"@id\":\"https:\/\/www.pressenza.com\/de\/#website\"},\"primaryImageOfPage\":{\"@id\":\"https:\/\/www.pressenza.com\/de\/2019\/01\/was-ist-die-humanistische-bewegung-heute\/#primaryimage\"},\"image\":{\"@id\":\"https:\/\/www.pressenza.com\/de\/2019\/01\/was-ist-die-humanistische-bewegung-heute\/#primaryimage\"},\"thumbnailUrl\":\"https:\/\/www.pressenza.com\/wp-content\/uploads\/2019\/01\/Silo-Obras.jpg\",\"datePublished\":\"2019-01-06T18:42:55+00:00\",\"dateModified\":\"2019-01-06T18:48:00+00:00\",\"description\":\"Am 4. Januar 1998, vor 21 Jahren, schloss Silo in der Sporthalle von \u201eObras Sanitarias\u201c in Buenos Aires, Argentinien, seinen Abschlussbericht w\u00e4hrend der\",\"breadcrumb\":{\"@id\":\"https:\/\/www.pressenza.com\/de\/2019\/01\/was-ist-die-humanistische-bewegung-heute\/#breadcrumb\"},\"inLanguage\":\"de\",\"potentialAction\":[{\"@type\":\"ReadAction\",\"target\":[\"https:\/\/www.pressenza.com\/de\/2019\/01\/was-ist-die-humanistische-bewegung-heute\/\"]}]},{\"@type\":\"ImageObject\",\"inLanguage\":\"de\",\"@id\":\"https:\/\/www.pressenza.com\/de\/2019\/01\/was-ist-die-humanistische-bewegung-heute\/#primaryimage\",\"url\":\"https:\/\/www.pressenza.com\/wp-content\/uploads\/2019\/01\/Silo-Obras.jpg\",\"contentUrl\":\"https:\/\/www.pressenza.com\/wp-content\/uploads\/2019\/01\/Silo-Obras.jpg\",\"width\":750,\"height\":516},{\"@type\":\"BreadcrumbList\",\"@id\":\"https:\/\/www.pressenza.com\/de\/2019\/01\/was-ist-die-humanistische-bewegung-heute\/#breadcrumb\",\"itemListElement\":[{\"@type\":\"ListItem\",\"position\":1,\"name\":\"Accueil\",\"item\":\"https:\/\/www.pressenza.com\/de\/\"},{\"@type\":\"ListItem\",\"position\":2,\"name\":\"Was ist die Humanistische Bewegung heute?\"}]},{\"@type\":\"WebSite\",\"@id\":\"https:\/\/www.pressenza.com\/de\/#website\",\"url\":\"https:\/\/www.pressenza.com\/de\/\",\"name\":\"Pressenza\",\"description\":\"International Press Agency\",\"publisher\":{\"@id\":\"https:\/\/www.pressenza.com\/de\/#organization\"},\"potentialAction\":[{\"@type\":\"SearchAction\",\"target\":{\"@type\":\"EntryPoint\",\"urlTemplate\":\"https:\/\/www.pressenza.com\/de\/?s={search_term_string}\"},\"query-input\":{\"@type\":\"PropertyValueSpecification\",\"valueRequired\":true,\"valueName\":\"search_term_string\"}}],\"inLanguage\":\"de\"},{\"@type\":\"Organization\",\"@id\":\"https:\/\/www.pressenza.com\/de\/#organization\",\"name\":\"Pressenza\",\"url\":\"https:\/\/www.pressenza.com\/de\/\",\"logo\":{\"@type\":\"ImageObject\",\"inLanguage\":\"de\",\"@id\":\"https:\/\/www.pressenza.com\/de\/#\/schema\/logo\/image\/\",\"url\":\"https:\/\/www.pressenza.com\/wp-content\/uploads\/2022\/10\/pressenza_logo_200x200.jpg\",\"contentUrl\":\"https:\/\/www.pressenza.com\/wp-content\/uploads\/2022\/10\/pressenza_logo_200x200.jpg\",\"width\":200,\"height\":200,\"caption\":\"Pressenza\"},\"image\":{\"@id\":\"https:\/\/www.pressenza.com\/de\/#\/schema\/logo\/image\/\"},\"sameAs\":[\"https:\/\/www.facebook.com\/PressenzaItalia\",\"https:\/\/x.com\/PressenzaIPA\"]},{\"@type\":\"Person\",\"@id\":\"https:\/\/www.pressenza.com\/de\/#\/schema\/person\/636f8feb51f63f34e7378d5fcdd1de53\",\"name\":\"Olivier Turquet\",\"description\":\"Takes care of writing to tell the reality for about 40 years. He has worked with paper publications, radio and electronic He founded the electronic news agency humanist Good News. He was press secretary to various events such as: the International Humanist, Florence Play, the World March for Peace and Nonviolence. Currently coordinates the Italian team of Pressenza. olivierturquet.wordpress.com\",\"sameAs\":[\"http:\/\/olivierturquet.wordpress.com\"],\"url\":\"https:\/\/www.pressenza.com\/de\/author\/olivier-turquet\/\"}]}<\/script>\n<!-- \/ Yoast SEO plugin. -->","yoast_head_json":{"title":"Was ist die Humanistische Bewegung heute?","description":"Am 4. Januar 1998, vor 21 Jahren, schloss Silo in der Sporthalle von \u201eObras Sanitarias\u201c in Buenos Aires, Argentinien, seinen Abschlussbericht w\u00e4hrend der","robots":{"index":"index","follow":"follow","max-snippet":"max-snippet:-1","max-image-preview":"max-image-preview:large","max-video-preview":"max-video-preview:-1"},"canonical":"https:\/\/www.pressenza.com\/de\/2019\/01\/was-ist-die-humanistische-bewegung-heute\/","og_locale":"de_DE","og_type":"article","og_title":"Was ist die Humanistische Bewegung heute?","og_description":"Am 4. Januar 1998, vor 21 Jahren, schloss Silo in der Sporthalle von \u201eObras Sanitarias\u201c in Buenos Aires, Argentinien, seinen Abschlussbericht w\u00e4hrend der","og_url":"https:\/\/www.pressenza.com\/de\/2019\/01\/was-ist-die-humanistische-bewegung-heute\/","og_site_name":"Pressenza","article_publisher":"https:\/\/www.facebook.com\/PressenzaItalia","article_published_time":"2019-01-06T18:42:55+00:00","article_modified_time":"2019-01-06T18:48:00+00:00","og_image":[{"width":750,"height":516,"url":"https:\/\/www.pressenza.com\/wp-content\/uploads\/2019\/01\/Silo-Obras.jpg","type":"image\/jpeg"}],"author":"Olivier Turquet","twitter_card":"summary_large_image","twitter_creator":"@PressenzaIPA","twitter_site":"@PressenzaIPA","twitter_misc":{"Verfasst von":"Olivier Turquet","Gesch\u00e4tzte Lesezeit":"5\u00a0Minuten"},"schema":{"@context":"https:\/\/schema.org","@graph":[{"@type":"Article","@id":"https:\/\/www.pressenza.com\/de\/2019\/01\/was-ist-die-humanistische-bewegung-heute\/#article","isPartOf":{"@id":"https:\/\/www.pressenza.com\/de\/2019\/01\/was-ist-die-humanistische-bewegung-heute\/"},"author":{"name":"Olivier Turquet","@id":"https:\/\/www.pressenza.com\/de\/#\/schema\/person\/636f8feb51f63f34e7378d5fcdd1de53"},"headline":"Was ist die Humanistische Bewegung heute?","datePublished":"2019-01-06T18:42:55+00:00","dateModified":"2019-01-06T18:48:00+00:00","mainEntityOfPage":{"@id":"https:\/\/www.pressenza.com\/de\/2019\/01\/was-ist-die-humanistische-bewegung-heute\/"},"wordCount":941,"publisher":{"@id":"https:\/\/www.pressenza.com\/de\/#organization"},"image":{"@id":"https:\/\/www.pressenza.com\/de\/2019\/01\/was-ist-die-humanistische-bewegung-heute\/#primaryimage"},"thumbnailUrl":"https:\/\/www.pressenza.com\/wp-content\/uploads\/2019\/01\/Silo-Obras.jpg","keywords":["Humanistische Bewegung","Mario Rodr\u00edguez Cobos","Silo","Universeller Humanismus"],"articleSection":["Humanismus und Spiritualit\u00e4t","International","Meinungen","Originalinhalt"],"inLanguage":"de"},{"@type":"WebPage","@id":"https:\/\/www.pressenza.com\/de\/2019\/01\/was-ist-die-humanistische-bewegung-heute\/","url":"https:\/\/www.pressenza.com\/de\/2019\/01\/was-ist-die-humanistische-bewegung-heute\/","name":"Was ist die Humanistische Bewegung heute?","isPartOf":{"@id":"https:\/\/www.pressenza.com\/de\/#website"},"primaryImageOfPage":{"@id":"https:\/\/www.pressenza.com\/de\/2019\/01\/was-ist-die-humanistische-bewegung-heute\/#primaryimage"},"image":{"@id":"https:\/\/www.pressenza.com\/de\/2019\/01\/was-ist-die-humanistische-bewegung-heute\/#primaryimage"},"thumbnailUrl":"https:\/\/www.pressenza.com\/wp-content\/uploads\/2019\/01\/Silo-Obras.jpg","datePublished":"2019-01-06T18:42:55+00:00","dateModified":"2019-01-06T18:48:00+00:00","description":"Am 4. Januar 1998, vor 21 Jahren, schloss Silo in der Sporthalle von \u201eObras Sanitarias\u201c in Buenos Aires, Argentinien, seinen Abschlussbericht w\u00e4hrend der","breadcrumb":{"@id":"https:\/\/www.pressenza.com\/de\/2019\/01\/was-ist-die-humanistische-bewegung-heute\/#breadcrumb"},"inLanguage":"de","potentialAction":[{"@type":"ReadAction","target":["https:\/\/www.pressenza.com\/de\/2019\/01\/was-ist-die-humanistische-bewegung-heute\/"]}]},{"@type":"ImageObject","inLanguage":"de","@id":"https:\/\/www.pressenza.com\/de\/2019\/01\/was-ist-die-humanistische-bewegung-heute\/#primaryimage","url":"https:\/\/www.pressenza.com\/wp-content\/uploads\/2019\/01\/Silo-Obras.jpg","contentUrl":"https:\/\/www.pressenza.com\/wp-content\/uploads\/2019\/01\/Silo-Obras.jpg","width":750,"height":516},{"@type":"BreadcrumbList","@id":"https:\/\/www.pressenza.com\/de\/2019\/01\/was-ist-die-humanistische-bewegung-heute\/#breadcrumb","itemListElement":[{"@type":"ListItem","position":1,"name":"Accueil","item":"https:\/\/www.pressenza.com\/de\/"},{"@type":"ListItem","position":2,"name":"Was ist die Humanistische Bewegung heute?"}]},{"@type":"WebSite","@id":"https:\/\/www.pressenza.com\/de\/#website","url":"https:\/\/www.pressenza.com\/de\/","name":"Pressenza","description":"International Press Agency","publisher":{"@id":"https:\/\/www.pressenza.com\/de\/#organization"},"potentialAction":[{"@type":"SearchAction","target":{"@type":"EntryPoint","urlTemplate":"https:\/\/www.pressenza.com\/de\/?s={search_term_string}"},"query-input":{"@type":"PropertyValueSpecification","valueRequired":true,"valueName":"search_term_string"}}],"inLanguage":"de"},{"@type":"Organization","@id":"https:\/\/www.pressenza.com\/de\/#organization","name":"Pressenza","url":"https:\/\/www.pressenza.com\/de\/","logo":{"@type":"ImageObject","inLanguage":"de","@id":"https:\/\/www.pressenza.com\/de\/#\/schema\/logo\/image\/","url":"https:\/\/www.pressenza.com\/wp-content\/uploads\/2022\/10\/pressenza_logo_200x200.jpg","contentUrl":"https:\/\/www.pressenza.com\/wp-content\/uploads\/2022\/10\/pressenza_logo_200x200.jpg","width":200,"height":200,"caption":"Pressenza"},"image":{"@id":"https:\/\/www.pressenza.com\/de\/#\/schema\/logo\/image\/"},"sameAs":["https:\/\/www.facebook.com\/PressenzaItalia","https:\/\/x.com\/PressenzaIPA"]},{"@type":"Person","@id":"https:\/\/www.pressenza.com\/de\/#\/schema\/person\/636f8feb51f63f34e7378d5fcdd1de53","name":"Olivier Turquet","description":"Takes care of writing to tell the reality for about 40 years. He has worked with paper publications, radio and electronic He founded the electronic news agency humanist Good News. He was press secretary to various events such as: the International Humanist, Florence Play, the World March for Peace and Nonviolence. Currently coordinates the Italian team of Pressenza. olivierturquet.wordpress.com","sameAs":["http:\/\/olivierturquet.wordpress.com"],"url":"https:\/\/www.pressenza.com\/de\/author\/olivier-turquet\/"}]}},"place":"","original_article_url":"","_links":{"self":[{"href":"https:\/\/www.pressenza.com\/de\/wp-json\/wp\/v2\/posts\/785022","targetHints":{"allow":["GET"]}}],"collection":[{"href":"https:\/\/www.pressenza.com\/de\/wp-json\/wp\/v2\/posts"}],"about":[{"href":"https:\/\/www.pressenza.com\/de\/wp-json\/wp\/v2\/types\/post"}],"author":[{"embeddable":true,"href":"https:\/\/www.pressenza.com\/de\/wp-json\/wp\/v2\/users\/10"}],"replies":[{"embeddable":true,"href":"https:\/\/www.pressenza.com\/de\/wp-json\/wp\/v2\/comments?post=785022"}],"version-history":[{"count":0,"href":"https:\/\/www.pressenza.com\/de\/wp-json\/wp\/v2\/posts\/785022\/revisions"}],"wp:featuredmedia":[{"embeddable":true,"href":"https:\/\/www.pressenza.com\/de\/wp-json\/wp\/v2\/media\/783883"}],"wp:attachment":[{"href":"https:\/\/www.pressenza.com\/de\/wp-json\/wp\/v2\/media?parent=785022"}],"wp:term":[{"taxonomy":"category","embeddable":true,"href":"https:\/\/www.pressenza.com\/de\/wp-json\/wp\/v2\/categories?post=785022"},{"taxonomy":"post_tag","embeddable":true,"href":"https:\/\/www.pressenza.com\/de\/wp-json\/wp\/v2\/tags?post=785022"}],"curies":[{"name":"wp","href":"https:\/\/api.w.org\/{rel}","templated":true}]}}