{"id":780454,"date":"2018-12-25T16:19:09","date_gmt":"2018-12-25T16:19:09","guid":{"rendered":"https:\/\/www.pressenza.com\/?p=780454"},"modified":"2018-12-25T16:19:09","modified_gmt":"2018-12-25T16:19:09","slug":"kampagne-zur-verleihung-des-friedensnobelpreises-2019-an-die-gemeinde-von-riace","status":"publish","type":"post","link":"https:\/\/www.pressenza.com\/de\/2018\/12\/kampagne-zur-verleihung-des-friedensnobelpreises-2019-an-die-gemeinde-von-riace\/","title":{"rendered":"Kampagne zur Verleihung des Friedensnobelpreises 2019 an die Gemeinde von Riace"},"content":{"rendered":"<p><strong>In Italien hat ein Netzwerk von zivilgesellschaftlichen Organisationen, NGOs und Gemeinden eine Kampagne gestartet, um den Friedensnobelpreis an die Gemeinde von Riace zu verleihen.<\/strong><\/p>\n<p>Das Netzwerk umfasst Rete dei Comuni Solidali (Netzwerk der solidarischen Gemeinden); Municipio VIII Roma (Gemeinde VIII Rom); Comunit\u00e0 di base San Paolo (Basisgemeinde San Paolo); rivista Left (Zeitschrift Left); ARCI Roma (gr\u00f6\u00dfte italienische soziale Vereinigung), Comuni Virtuosi (virtuose Gemeinden); CISDA (Italienische Koordination zur Unterst\u00fctzung von afghanischen Frauen), Noi siamo Chiesa (Wir sind Kirche), ISDE (International Society of Doctors for Environment) und das Festival \u201cRoma incontra il mondo\u201d 2019 (Festival \u201cRom trifft die Welt\u201d 2019).<\/p>\n<p>Riace ist ein kleines Dorf im S\u00fcden des Landes. Jahrelang war es aufgrund von Landflucht und Mangel an Arbeitspl\u00e4tzen verlassen und finanziell abgeh\u00e4ngt. Doch dank eines innovativen Modells , das durch die Aufnahme und Integration von Fl\u00fcchtlingen wieder Leben ins Dorf brachte und so Arbeitspl\u00e4tze auch f\u00fcr die Einwohner schuf, ist es zu neuem Leben erweckt worden und wird daf\u00fcr auch in ganz Europa anerkannt und gesch\u00e4tzt.<\/p>\n<p>Doch es ist ein gef\u00e4hrliches Modell f\u00fcr die j\u00fcngsten Regierungen in Italien, die ihre Wahlerfolge auf Angst, Hass, Desinformation und Hetzkampagnen gegen die \u201eInvasion\u201c der Migranten aufgebaut und durch die D\u00e4monisierung von hilfesuchenden Fl\u00fcchtlingen eine Art Konsensus erzielten hatten.<\/p>\n<p>Aus diesem Grund wurden Riace und sein B\u00fcrgermeistern Domenico Lucano in den letzten Jahren immer \u00f6fter und auf verschiedene Weise attackiert, erst durch Streichung von finanziellen Mitteln, und dann durch die Verhaftung und Suspendierung von Lucano, gefolgt von einem Wohnverbot in seiner eigenen Gemeinde und dem absurden Vorwurf der Beihilfe zu illegaler Einwanderung und Komplizenschaft in kriminelle Machenschaften gegen ihn.<\/p>\n<p><strong>Die Schaffung einer breiten internationalen Unterst\u00fctzung f\u00fcr die Kandidatur der Gemeinde von Riace f\u00fcr den Friedensnobelpreis bedeutet, sich den vielen italienischen Gemeinden anzuschlie\u00dfen, die Lucano die Ehrenb\u00fcrgerschaft verliehen haben, und vor allem auch, ein wichtiges Zeichen der Solidarit\u00e4t mit denen zu setzen, die sich mit konkreten Aktionen und unter Inkaufnahme von pers\u00f6nlichen Risiken gegen das aktuelle Abdriften in Rassismus und Entmenschlichung stellen.<\/strong><\/p>\n<p>&nbsp;<\/p>\n<p><a href=\"https:\/\/drive.google.com\/open?id=1XAMQJQAbP0mEgkqvBmIbXQWqfcAQClwSsXMNGuyfP-0\" target=\"_blank\" rel=\"noopener\">Link zum Online-Formular, um als Organisation beizutreten<\/a><\/p>\n<p><a href=\"https:\/\/drive.google.com\/open?id=1mBGI0d5DsfOgMG3g2FR_sfAha1At1G68maqySAWsXW0\" target=\"_blank\" rel=\"noopener\">Link zum Online-Formular, um als Privatperson teilzunehmen<\/a><\/p>\n","protected":false},"excerpt":{"rendered":"<p>In Italien hat ein Netzwerk von zivilgesellschaftlichen Organisationen, NGOs und Gemeinden eine Kampagne gestartet, um den Friedensnobelpreis an die Gemeinde von Riace zu verleihen. Das Netzwerk umfasst Rete dei Comuni Solidali (Netzwerk der solidarischen Gemeinden); Municipio VIII Roma (Gemeinde VIII&hellip;<\/p>\n","protected":false},"author":594,"featured_media":780394,"comment_status":"closed","ping_status":"closed","sticky":false,"template":"","format":"standard","meta":{"footnotes":""},"categories":[9150,7835,11387,9165],"tags":[39580,9219,12701,9895,10197,10656,29215,18395],"class_list":["post-780454","post","type-post","status-publish","format-standard","has-post-thumbnail","hentry","category-europa-de","category-international-de","category-originalinhalt","category-vielfalt","tag-domenico-lucano","tag-fluchtlinge","tag-friedensnobelpreis","tag-integration-de","tag-italien","tag-migranten","tag-riace","tag-solidaritat"],"yoast_head":"<!-- This site is optimized with the Yoast SEO plugin v27.1.1 - https:\/\/yoast.com\/product\/yoast-seo-wordpress\/ -->\n<title>Kampagne zur Verleihung des Friedensnobelpreises 2019 an die Gemeinde von Riace<\/title>\n<meta name=\"description\" content=\"In Italien hat ein Netzwerk von zivilgesellschaftlichen Organisationen, NGOs und Gemeinden eine Kampagne gestartet, um den Friedensnobelpreis an die\" \/>\n<meta name=\"robots\" content=\"index, follow, max-snippet:-1, max-image-preview:large, max-video-preview:-1\" \/>\n<link rel=\"canonical\" href=\"https:\/\/www.pressenza.com\/de\/2018\/12\/kampagne-zur-verleihung-des-friedensnobelpreises-2019-an-die-gemeinde-von-riace\/\" \/>\n<meta property=\"og:locale\" content=\"de_DE\" \/>\n<meta property=\"og:type\" content=\"article\" \/>\n<meta property=\"og:title\" content=\"Kampagne zur Verleihung des Friedensnobelpreises 2019 an die Gemeinde von Riace\" \/>\n<meta property=\"og:description\" content=\"In Italien hat ein Netzwerk von zivilgesellschaftlichen Organisationen, NGOs und Gemeinden eine Kampagne gestartet, um den Friedensnobelpreis an die\" \/>\n<meta property=\"og:url\" content=\"https:\/\/www.pressenza.com\/de\/2018\/12\/kampagne-zur-verleihung-des-friedensnobelpreises-2019-an-die-gemeinde-von-riace\/\" \/>\n<meta property=\"og:site_name\" content=\"Pressenza\" \/>\n<meta property=\"article:publisher\" content=\"https:\/\/www.facebook.com\/PressenzaItalia\" \/>\n<meta property=\"article:author\" content=\"https:\/\/www.facebook.com\/PressenzaItalia\" \/>\n<meta property=\"article:published_time\" content=\"2018-12-25T16:19:09+00:00\" \/>\n<meta property=\"og:image\" content=\"https:\/\/www.pressenza.com\/wp-content\/uploads\/2018\/12\/Campagne-pour-lattribution-du-Prix-Nobel-de-la-Paix-2019----la-Municipalit---de-Riace.jpg\" \/>\n\t<meta property=\"og:image:width\" content=\"750\" \/>\n\t<meta property=\"og:image:height\" content=\"500\" \/>\n\t<meta property=\"og:image:type\" content=\"image\/jpeg\" \/>\n<meta name=\"author\" content=\"Redazione Italia\" \/>\n<meta name=\"twitter:card\" content=\"summary_large_image\" \/>\n<meta name=\"twitter:creator\" content=\"@pressenza_it\" \/>\n<meta name=\"twitter:site\" content=\"@PressenzaIPA\" \/>\n<meta name=\"twitter:label1\" content=\"Verfasst von\" \/>\n\t<meta name=\"twitter:data1\" content=\"Redazione Italia\" \/>\n\t<meta name=\"twitter:label2\" content=\"Gesch\u00e4tzte Lesezeit\" \/>\n\t<meta name=\"twitter:data2\" content=\"2\u00a0Minuten\" \/>\n<script type=\"application\/ld+json\" class=\"yoast-schema-graph\">{\"@context\":\"https:\/\/schema.org\",\"@graph\":[{\"@type\":\"Article\",\"@id\":\"https:\/\/www.pressenza.com\/de\/2018\/12\/kampagne-zur-verleihung-des-friedensnobelpreises-2019-an-die-gemeinde-von-riace\/#article\",\"isPartOf\":{\"@id\":\"https:\/\/www.pressenza.com\/de\/2018\/12\/kampagne-zur-verleihung-des-friedensnobelpreises-2019-an-die-gemeinde-von-riace\/\"},\"author\":{\"name\":\"Redazione Italia\",\"@id\":\"https:\/\/www.pressenza.com\/de\/#\/schema\/person\/d983e81827ae24f2c7b1a2123d197f8d\"},\"headline\":\"Kampagne zur Verleihung des Friedensnobelpreises 2019 an die Gemeinde von Riace\",\"datePublished\":\"2018-12-25T16:19:09+00:00\",\"mainEntityOfPage\":{\"@id\":\"https:\/\/www.pressenza.com\/de\/2018\/12\/kampagne-zur-verleihung-des-friedensnobelpreises-2019-an-die-gemeinde-von-riace\/\"},\"wordCount\":371,\"publisher\":{\"@id\":\"https:\/\/www.pressenza.com\/de\/#organization\"},\"image\":{\"@id\":\"https:\/\/www.pressenza.com\/de\/2018\/12\/kampagne-zur-verleihung-des-friedensnobelpreises-2019-an-die-gemeinde-von-riace\/#primaryimage\"},\"thumbnailUrl\":\"https:\/\/www.pressenza.com\/wp-content\/uploads\/2018\/12\/Campagne-pour-lattribution-du-Prix-Nobel-de-la-Paix-2019----la-Municipalit---de-Riace.jpg\",\"keywords\":[\"Domenico Lucano\",\"Fl\u00fcchtlinge\",\"Friedensnobelpreis\",\"integration\",\"italien\",\"Migranten\",\"Riace\",\"Solidarit\u00e4t\"],\"articleSection\":[\"Europa\",\"International\",\"Originalinhalt\",\"Vielfalt\"],\"inLanguage\":\"de\"},{\"@type\":\"WebPage\",\"@id\":\"https:\/\/www.pressenza.com\/de\/2018\/12\/kampagne-zur-verleihung-des-friedensnobelpreises-2019-an-die-gemeinde-von-riace\/\",\"url\":\"https:\/\/www.pressenza.com\/de\/2018\/12\/kampagne-zur-verleihung-des-friedensnobelpreises-2019-an-die-gemeinde-von-riace\/\",\"name\":\"Kampagne zur Verleihung des Friedensnobelpreises 2019 an die Gemeinde von Riace\",\"isPartOf\":{\"@id\":\"https:\/\/www.pressenza.com\/de\/#website\"},\"primaryImageOfPage\":{\"@id\":\"https:\/\/www.pressenza.com\/de\/2018\/12\/kampagne-zur-verleihung-des-friedensnobelpreises-2019-an-die-gemeinde-von-riace\/#primaryimage\"},\"image\":{\"@id\":\"https:\/\/www.pressenza.com\/de\/2018\/12\/kampagne-zur-verleihung-des-friedensnobelpreises-2019-an-die-gemeinde-von-riace\/#primaryimage\"},\"thumbnailUrl\":\"https:\/\/www.pressenza.com\/wp-content\/uploads\/2018\/12\/Campagne-pour-lattribution-du-Prix-Nobel-de-la-Paix-2019----la-Municipalit---de-Riace.jpg\",\"datePublished\":\"2018-12-25T16:19:09+00:00\",\"description\":\"In Italien hat ein Netzwerk von zivilgesellschaftlichen Organisationen, NGOs und Gemeinden eine Kampagne gestartet, um den Friedensnobelpreis an die\",\"breadcrumb\":{\"@id\":\"https:\/\/www.pressenza.com\/de\/2018\/12\/kampagne-zur-verleihung-des-friedensnobelpreises-2019-an-die-gemeinde-von-riace\/#breadcrumb\"},\"inLanguage\":\"de\",\"potentialAction\":[{\"@type\":\"ReadAction\",\"target\":[\"https:\/\/www.pressenza.com\/de\/2018\/12\/kampagne-zur-verleihung-des-friedensnobelpreises-2019-an-die-gemeinde-von-riace\/\"]}]},{\"@type\":\"ImageObject\",\"inLanguage\":\"de\",\"@id\":\"https:\/\/www.pressenza.com\/de\/2018\/12\/kampagne-zur-verleihung-des-friedensnobelpreises-2019-an-die-gemeinde-von-riace\/#primaryimage\",\"url\":\"https:\/\/www.pressenza.com\/wp-content\/uploads\/2018\/12\/Campagne-pour-lattribution-du-Prix-Nobel-de-la-Paix-2019----la-Municipalit---de-Riace.jpg\",\"contentUrl\":\"https:\/\/www.pressenza.com\/wp-content\/uploads\/2018\/12\/Campagne-pour-lattribution-du-Prix-Nobel-de-la-Paix-2019----la-Municipalit---de-Riace.jpg\",\"width\":750,\"height\":500},{\"@type\":\"BreadcrumbList\",\"@id\":\"https:\/\/www.pressenza.com\/de\/2018\/12\/kampagne-zur-verleihung-des-friedensnobelpreises-2019-an-die-gemeinde-von-riace\/#breadcrumb\",\"itemListElement\":[{\"@type\":\"ListItem\",\"position\":1,\"name\":\"Accueil\",\"item\":\"https:\/\/www.pressenza.com\/de\/\"},{\"@type\":\"ListItem\",\"position\":2,\"name\":\"Kampagne zur Verleihung des Friedensnobelpreises 2019 an die Gemeinde von Riace\"}]},{\"@type\":\"WebSite\",\"@id\":\"https:\/\/www.pressenza.com\/de\/#website\",\"url\":\"https:\/\/www.pressenza.com\/de\/\",\"name\":\"Pressenza\",\"description\":\"International Press Agency\",\"publisher\":{\"@id\":\"https:\/\/www.pressenza.com\/de\/#organization\"},\"potentialAction\":[{\"@type\":\"SearchAction\",\"target\":{\"@type\":\"EntryPoint\",\"urlTemplate\":\"https:\/\/www.pressenza.com\/de\/?s={search_term_string}\"},\"query-input\":{\"@type\":\"PropertyValueSpecification\",\"valueRequired\":true,\"valueName\":\"search_term_string\"}}],\"inLanguage\":\"de\"},{\"@type\":\"Organization\",\"@id\":\"https:\/\/www.pressenza.com\/de\/#organization\",\"name\":\"Pressenza\",\"url\":\"https:\/\/www.pressenza.com\/de\/\",\"logo\":{\"@type\":\"ImageObject\",\"inLanguage\":\"de\",\"@id\":\"https:\/\/www.pressenza.com\/de\/#\/schema\/logo\/image\/\",\"url\":\"https:\/\/www.pressenza.com\/wp-content\/uploads\/2022\/10\/pressenza_logo_200x200.jpg\",\"contentUrl\":\"https:\/\/www.pressenza.com\/wp-content\/uploads\/2022\/10\/pressenza_logo_200x200.jpg\",\"width\":200,\"height\":200,\"caption\":\"Pressenza\"},\"image\":{\"@id\":\"https:\/\/www.pressenza.com\/de\/#\/schema\/logo\/image\/\"},\"sameAs\":[\"https:\/\/www.facebook.com\/PressenzaItalia\",\"https:\/\/x.com\/PressenzaIPA\"]},{\"@type\":\"Person\",\"@id\":\"https:\/\/www.pressenza.com\/de\/#\/schema\/person\/d983e81827ae24f2c7b1a2123d197f8d\",\"name\":\"Redazione Italia\",\"description\":\"News from the Pressenza Bureau in Italy\",\"sameAs\":[\"https:\/\/www.pressenza.com\/it\/author\/redazione-italia\/\",\"https:\/\/www.facebook.com\/PressenzaItalia\",\"https:\/\/www.instagram.com\/pressenza_italia\/\",\"https:\/\/x.com\/pressenza_it\",\"https:\/\/www.youtube.com\/channel\/UCSalEIWjE1RSxkwjfftFuqg\"],\"url\":\"https:\/\/www.pressenza.com\/de\/author\/redazione-italia\/\"}]}<\/script>\n<!-- \/ Yoast SEO plugin. -->","yoast_head_json":{"title":"Kampagne zur Verleihung des Friedensnobelpreises 2019 an die Gemeinde von Riace","description":"In Italien hat ein Netzwerk von zivilgesellschaftlichen Organisationen, NGOs und Gemeinden eine Kampagne gestartet, um den Friedensnobelpreis an die","robots":{"index":"index","follow":"follow","max-snippet":"max-snippet:-1","max-image-preview":"max-image-preview:large","max-video-preview":"max-video-preview:-1"},"canonical":"https:\/\/www.pressenza.com\/de\/2018\/12\/kampagne-zur-verleihung-des-friedensnobelpreises-2019-an-die-gemeinde-von-riace\/","og_locale":"de_DE","og_type":"article","og_title":"Kampagne zur Verleihung des Friedensnobelpreises 2019 an die Gemeinde von Riace","og_description":"In Italien hat ein Netzwerk von zivilgesellschaftlichen Organisationen, NGOs und Gemeinden eine Kampagne gestartet, um den Friedensnobelpreis an die","og_url":"https:\/\/www.pressenza.com\/de\/2018\/12\/kampagne-zur-verleihung-des-friedensnobelpreises-2019-an-die-gemeinde-von-riace\/","og_site_name":"Pressenza","article_publisher":"https:\/\/www.facebook.com\/PressenzaItalia","article_author":"https:\/\/www.facebook.com\/PressenzaItalia","article_published_time":"2018-12-25T16:19:09+00:00","og_image":[{"width":750,"height":500,"url":"https:\/\/www.pressenza.com\/wp-content\/uploads\/2018\/12\/Campagne-pour-lattribution-du-Prix-Nobel-de-la-Paix-2019----la-Municipalit---de-Riace.jpg","type":"image\/jpeg"}],"author":"Redazione Italia","twitter_card":"summary_large_image","twitter_creator":"@pressenza_it","twitter_site":"@PressenzaIPA","twitter_misc":{"Verfasst von":"Redazione Italia","Gesch\u00e4tzte Lesezeit":"2\u00a0Minuten"},"schema":{"@context":"https:\/\/schema.org","@graph":[{"@type":"Article","@id":"https:\/\/www.pressenza.com\/de\/2018\/12\/kampagne-zur-verleihung-des-friedensnobelpreises-2019-an-die-gemeinde-von-riace\/#article","isPartOf":{"@id":"https:\/\/www.pressenza.com\/de\/2018\/12\/kampagne-zur-verleihung-des-friedensnobelpreises-2019-an-die-gemeinde-von-riace\/"},"author":{"name":"Redazione Italia","@id":"https:\/\/www.pressenza.com\/de\/#\/schema\/person\/d983e81827ae24f2c7b1a2123d197f8d"},"headline":"Kampagne zur Verleihung des Friedensnobelpreises 2019 an die Gemeinde von Riace","datePublished":"2018-12-25T16:19:09+00:00","mainEntityOfPage":{"@id":"https:\/\/www.pressenza.com\/de\/2018\/12\/kampagne-zur-verleihung-des-friedensnobelpreises-2019-an-die-gemeinde-von-riace\/"},"wordCount":371,"publisher":{"@id":"https:\/\/www.pressenza.com\/de\/#organization"},"image":{"@id":"https:\/\/www.pressenza.com\/de\/2018\/12\/kampagne-zur-verleihung-des-friedensnobelpreises-2019-an-die-gemeinde-von-riace\/#primaryimage"},"thumbnailUrl":"https:\/\/www.pressenza.com\/wp-content\/uploads\/2018\/12\/Campagne-pour-lattribution-du-Prix-Nobel-de-la-Paix-2019----la-Municipalit---de-Riace.jpg","keywords":["Domenico Lucano","Fl\u00fcchtlinge","Friedensnobelpreis","integration","italien","Migranten","Riace","Solidarit\u00e4t"],"articleSection":["Europa","International","Originalinhalt","Vielfalt"],"inLanguage":"de"},{"@type":"WebPage","@id":"https:\/\/www.pressenza.com\/de\/2018\/12\/kampagne-zur-verleihung-des-friedensnobelpreises-2019-an-die-gemeinde-von-riace\/","url":"https:\/\/www.pressenza.com\/de\/2018\/12\/kampagne-zur-verleihung-des-friedensnobelpreises-2019-an-die-gemeinde-von-riace\/","name":"Kampagne zur Verleihung des Friedensnobelpreises 2019 an die Gemeinde von Riace","isPartOf":{"@id":"https:\/\/www.pressenza.com\/de\/#website"},"primaryImageOfPage":{"@id":"https:\/\/www.pressenza.com\/de\/2018\/12\/kampagne-zur-verleihung-des-friedensnobelpreises-2019-an-die-gemeinde-von-riace\/#primaryimage"},"image":{"@id":"https:\/\/www.pressenza.com\/de\/2018\/12\/kampagne-zur-verleihung-des-friedensnobelpreises-2019-an-die-gemeinde-von-riace\/#primaryimage"},"thumbnailUrl":"https:\/\/www.pressenza.com\/wp-content\/uploads\/2018\/12\/Campagne-pour-lattribution-du-Prix-Nobel-de-la-Paix-2019----la-Municipalit---de-Riace.jpg","datePublished":"2018-12-25T16:19:09+00:00","description":"In Italien hat ein Netzwerk von zivilgesellschaftlichen Organisationen, NGOs und Gemeinden eine Kampagne gestartet, um den Friedensnobelpreis an die","breadcrumb":{"@id":"https:\/\/www.pressenza.com\/de\/2018\/12\/kampagne-zur-verleihung-des-friedensnobelpreises-2019-an-die-gemeinde-von-riace\/#breadcrumb"},"inLanguage":"de","potentialAction":[{"@type":"ReadAction","target":["https:\/\/www.pressenza.com\/de\/2018\/12\/kampagne-zur-verleihung-des-friedensnobelpreises-2019-an-die-gemeinde-von-riace\/"]}]},{"@type":"ImageObject","inLanguage":"de","@id":"https:\/\/www.pressenza.com\/de\/2018\/12\/kampagne-zur-verleihung-des-friedensnobelpreises-2019-an-die-gemeinde-von-riace\/#primaryimage","url":"https:\/\/www.pressenza.com\/wp-content\/uploads\/2018\/12\/Campagne-pour-lattribution-du-Prix-Nobel-de-la-Paix-2019----la-Municipalit---de-Riace.jpg","contentUrl":"https:\/\/www.pressenza.com\/wp-content\/uploads\/2018\/12\/Campagne-pour-lattribution-du-Prix-Nobel-de-la-Paix-2019----la-Municipalit---de-Riace.jpg","width":750,"height":500},{"@type":"BreadcrumbList","@id":"https:\/\/www.pressenza.com\/de\/2018\/12\/kampagne-zur-verleihung-des-friedensnobelpreises-2019-an-die-gemeinde-von-riace\/#breadcrumb","itemListElement":[{"@type":"ListItem","position":1,"name":"Accueil","item":"https:\/\/www.pressenza.com\/de\/"},{"@type":"ListItem","position":2,"name":"Kampagne zur Verleihung des Friedensnobelpreises 2019 an die Gemeinde von Riace"}]},{"@type":"WebSite","@id":"https:\/\/www.pressenza.com\/de\/#website","url":"https:\/\/www.pressenza.com\/de\/","name":"Pressenza","description":"International Press Agency","publisher":{"@id":"https:\/\/www.pressenza.com\/de\/#organization"},"potentialAction":[{"@type":"SearchAction","target":{"@type":"EntryPoint","urlTemplate":"https:\/\/www.pressenza.com\/de\/?s={search_term_string}"},"query-input":{"@type":"PropertyValueSpecification","valueRequired":true,"valueName":"search_term_string"}}],"inLanguage":"de"},{"@type":"Organization","@id":"https:\/\/www.pressenza.com\/de\/#organization","name":"Pressenza","url":"https:\/\/www.pressenza.com\/de\/","logo":{"@type":"ImageObject","inLanguage":"de","@id":"https:\/\/www.pressenza.com\/de\/#\/schema\/logo\/image\/","url":"https:\/\/www.pressenza.com\/wp-content\/uploads\/2022\/10\/pressenza_logo_200x200.jpg","contentUrl":"https:\/\/www.pressenza.com\/wp-content\/uploads\/2022\/10\/pressenza_logo_200x200.jpg","width":200,"height":200,"caption":"Pressenza"},"image":{"@id":"https:\/\/www.pressenza.com\/de\/#\/schema\/logo\/image\/"},"sameAs":["https:\/\/www.facebook.com\/PressenzaItalia","https:\/\/x.com\/PressenzaIPA"]},{"@type":"Person","@id":"https:\/\/www.pressenza.com\/de\/#\/schema\/person\/d983e81827ae24f2c7b1a2123d197f8d","name":"Redazione Italia","description":"News from the Pressenza Bureau in Italy","sameAs":["https:\/\/www.pressenza.com\/it\/author\/redazione-italia\/","https:\/\/www.facebook.com\/PressenzaItalia","https:\/\/www.instagram.com\/pressenza_italia\/","https:\/\/x.com\/pressenza_it","https:\/\/www.youtube.com\/channel\/UCSalEIWjE1RSxkwjfftFuqg"],"url":"https:\/\/www.pressenza.com\/de\/author\/redazione-italia\/"}]}},"place":"Italien","original_article_url":"","_links":{"self":[{"href":"https:\/\/www.pressenza.com\/de\/wp-json\/wp\/v2\/posts\/780454","targetHints":{"allow":["GET"]}}],"collection":[{"href":"https:\/\/www.pressenza.com\/de\/wp-json\/wp\/v2\/posts"}],"about":[{"href":"https:\/\/www.pressenza.com\/de\/wp-json\/wp\/v2\/types\/post"}],"author":[{"embeddable":true,"href":"https:\/\/www.pressenza.com\/de\/wp-json\/wp\/v2\/users\/594"}],"replies":[{"embeddable":true,"href":"https:\/\/www.pressenza.com\/de\/wp-json\/wp\/v2\/comments?post=780454"}],"version-history":[{"count":0,"href":"https:\/\/www.pressenza.com\/de\/wp-json\/wp\/v2\/posts\/780454\/revisions"}],"wp:featuredmedia":[{"embeddable":true,"href":"https:\/\/www.pressenza.com\/de\/wp-json\/wp\/v2\/media\/780394"}],"wp:attachment":[{"href":"https:\/\/www.pressenza.com\/de\/wp-json\/wp\/v2\/media?parent=780454"}],"wp:term":[{"taxonomy":"category","embeddable":true,"href":"https:\/\/www.pressenza.com\/de\/wp-json\/wp\/v2\/categories?post=780454"},{"taxonomy":"post_tag","embeddable":true,"href":"https:\/\/www.pressenza.com\/de\/wp-json\/wp\/v2\/tags?post=780454"}],"curies":[{"name":"wp","href":"https:\/\/api.w.org\/{rel}","templated":true}]}}