{"id":780277,"date":"2018-12-25T18:36:26","date_gmt":"2018-12-25T18:36:26","guid":{"rendered":"https:\/\/www.pressenza.com\/?p=780277"},"modified":"2018-12-25T18:36:26","modified_gmt":"2018-12-25T18:36:26","slug":"chinas-40-jahre-der-oeffnung","status":"publish","type":"post","link":"https:\/\/www.pressenza.com\/de\/2018\/12\/chinas-40-jahre-der-oeffnung\/","title":{"rendered":"Chinas 40 Jahre der \u00d6ffnung"},"content":{"rendered":"<p><strong>Vor kurzem bin ich von meiner ersten Reise nach China zur\u00fcckgekehrt und was ich dort erlebt habe, geht mir immer noch im Kopf herum. Zweifellos musste ich wieder einmal erkennen, wie verzerrt die Presse, manipuliert von westlichen Interessen, uns t\u00e4glich informiert. Wir bauen unser Weltbild auf Grundlage der Informationen auf, die uns die Nachrichtenportale vermitteln, und wir glauben blind an die Interpretation der Fakten, die sie uns aufgrund ihres Standpunktes vorsetzen. Diese Narrativen stehen im Dienst der wirtschaftlichen und geopolitischen Positionierung der gro\u00dfen europ\u00e4ischen und nordamerikanischen M\u00e4chte, die davon ausgehen, dass die Welt so ist, wie sie von dort aus aufgebaut wird.<\/strong><\/p>\n<p>Wurde uns zum Beispiel berichtet, wie 740 Millionen Menschen nach offiziellen Angaben in weniger als 40 Jahren aus extremer Armut herausgekommen sind? Das sind viele Menschen! Ich denke an Lulas Kreuzzug in Brasilien im Jahr 2003, mit dem Ziel, Hunger und Armut zu beseitigen, der auch als &#8222;Null-Hunger&#8220; bezeichnet wurde, und der als Erfolg galt, weil er die Lebensbedingungen von 23 Millionen Brasilianern verbesserte. Wir sprechen hier von 32-mal mehr Menschen, deren Schicksal sich v\u00f6llig ver\u00e4ndert hat.<\/p>\n<p>Man erkl\u00e4rte mir, dass der Staat nach dem Tod von Mao im Jahr 1976 nur mit M\u00fche und Not die t\u00e4glichen Nahrungsrationen, die zum \u00dcberleben notwendig waren, an chinesische Familie liefern konnte, und dass sie genau zwei Stoffe zu tragen hatten: grau und olivgr\u00fcn. Es war das Ergebnis einer Revolution, die ein von Armut dezimiertes Land \u00fcbernommen hat.<\/p>\n<p>In der Stadt Chongqing traf ich niemanden ohne eine App auf dem Handy, die es erm\u00f6glicht, sich gegenseitig durch \u00dcbersetzung in die Landessprache zu verst\u00e4ndigen, im \u00dcbrigen alles iPhones der neuesten Generation. Ganz zu schweigen von den vielen Verlockungen der Lebensmittel- und Bekleidungsgesch\u00e4fte, die den Neid einer jeden s\u00fcdamerikanischen Metropole wecken w\u00fcrden, und wo man mit virtuellem Geld bezahlt und QR-Codes mit Smartphones scannt.<\/p>\n<p>Warum wird China komplett ausgeblendet, obwohl es in nur vier Jahrzehnten einen beispiellosen Wandel durchgemacht hat? Es ist wahrscheinlich eines der au\u00dfergew\u00f6hnlichsten Ph\u00e4nomene, die sich in der Welt ereignet haben, dass dieses asiatische Land an die zweite Stelle der Weltwirtschaft vorger\u00fcckt ist.<\/p>\n<p>Der Prozess begann zwei Jahre nach Maos Tod auf der Grundlage eines Reform- und \u00d6ffnungsprogramms, das vom damaligen F\u00fchrer der Kommunistischen Partei Chinas, Deng Xiaoping, gef\u00f6rdert wurde. Zwischen dem 18. und 22. Dezember 1978 fand die dritte Plenarsitzung des Zentralkomitees der Partei statt, in der beschlossen wurde, dass Bauern zum ersten Mal Eigent\u00fcmer ihrer Ernten sein sollten. Diesem ersten Schritt folgte die Gr\u00fcndung von Shenzhen, damals ein Fischerdorf und heute ein florierendes Technologie- und Produktionszentrum mit 12,5 Millionen Einwohnern, als &#8222;Sonderwirtschaftszone&#8220;, um mit einem flexibleren Marktsystem zu experimentieren. Shenzhen wird derzeit als das &#8222;Chinese Silicon Valley&#8220; bezeichnet.<\/p>\n<p>Mit der Unterst\u00fctzung der Idee eines &#8222;Sozialismus mit chinesischen Merkmalen&#8220; brach Deng mit den etablierten Wegen und f\u00f6rderte mehrere Wirtschaftsreformen, die auf die Landwirtschaft, die Liberalisierung des Privatsektors, die Modernisierung der Industrie und die \u00d6ffnung Chinas f\u00fcr den Au\u00dfenhandel abzielten. In den folgenden Jahren wurden Ver\u00e4nderungen umgesetzt, die zu dem Zeitpunkt als sehr ambitioniert galten und trotz Widerstand<strong>,<\/strong> auch aus dem konservativsten Fl\u00fcgel der Partei<strong>, <\/strong>vorankamen.<\/p>\n<p>Im Agrarsektor gab man Maos System der l\u00e4ndlichen Planwirtschaft auf, steigerte Produktivit\u00e4t und f\u00f6rderte Technologie, und wurde so zur heutigen riesigen Exportindustrie. Es ist bemerkenswert, dass trotz der F\u00f6rderung der Arbeitsmigration in die St\u00e4dte 46 Prozent der chinesischen Bev\u00f6lkerung auch heute noch l\u00e4ndlich sind.<\/p>\n<p>Auch die &#8222;Ketten&#8220; des Privatsektors wurden gelockert, und zum ersten Mal seit der Gr\u00fcndung der Volksrepublik 1949 \u00f6ffnete sich das Land f\u00fcr ausl\u00e4ndische Investitionen.<\/p>\n<p>Diese \u00d6ffnung nach au\u00dfen trug zur Steigerung der Produktionskapazit\u00e4t und zu neuen Managementmethoden bei. Die Ver\u00e4nderungen f\u00fchrten dazu, dass China nach einem langen Prozess 2001 der Welthandelsorganisation beitrat, und so endg\u00fcltig die T\u00fcren zur Globalisierung \u00f6ffnete, die so viel zu seinem Wirtschaftsboom beigetragen hat.<\/p>\n<p>In all diesen Jahren wurde viel \u00fcber die Auswirkungen der Globalisierung in Osteuropa geschrieben und berichtet und man r\u00fchmte sich damit, der ehemaligen Sowjetunion viel Kapital beschert zu haben. Wie sich jedoch die Dinge beim asiatischen Riesen entwickelten, wurde von der lateinamerikanischen Presse viel weniger verfolgt.<\/p>\n<p>Erst 2008, als die globale Finanzkrise ausbrach und der Westen mit der Suche nach neuen M\u00e4rkten begann, kam China ins Bewusstsein und wurde zur &#8222;Fabrik der Welt&#8220;.<\/p>\n<p>Seitdem kleiden wir uns hier in meiner Stadt mit dort hergestellten Kleidungsst\u00fccken, wir kochen mit chinesischen K\u00fcchenutensilien, unsere Werkzeuge und M\u00f6bel werden von den Chinesen hergestellt, Autos, Computer und viele andere Dinge werden in China produziert.<\/p>\n<p>In China gehen derzeit Frauen mit 55 Jahren und M\u00e4nner mit 60 Jahren in den Ruhestand. Ich bemerkte jedoch bei allen eine gro\u00dfe Bereitschaft zur Arbeit, besch\u00e4ftigt zu sein und etwas zur Gesellschaft beizutragen. Es ist, als w\u00fcrden sie die Zukunft aufbauen, mit den Augen fest am Horizont. Eine gemeinsame Zukunft, &#8222;Schicksalsgemeinschaft f\u00fcr die gemeinsame Zukunft der Menschheit&#8220;, wie Xi Jinping in seiner Rede auf der diesj\u00e4hrigen Er\u00f6ffnungssitzung der Vereinten Nationen sagte.<\/p>\n<p>Einer meiner Freunde in Chongqing sagte mir, dass die Rede, sobald sie gehalten wurde, sofort in alle in China gesprochenen Dialekte \u00fcbersetzt, als Buch gedruckt, verpackt und in weniger als einem Monat per Post an alle Haushalte in diesem riesigen Land verteilt wurde. Ich war sehr \u00fcberrascht \u00fcber das Ausma\u00df dieser Regierungsaktion und ich fragte ihn, ob er auch mir eine Kopie schicken k\u00f6nne.<\/p>\n<p>Nun halte ich es in meinen H\u00e4nden. Ich erhielt es per Post. Ein Exemplar von 197 Seiten, gedruckt in englischer Sprache, beste Qualit\u00e4t.<\/p>\n<p>In dieser Woche betonte Xi die Bedeutung der &#8222;F\u00fchrung&#8220; der Kommunistischen Partei in einer Rede anl\u00e4sslich des 40. Jahrestages der wirtschaftlichen \u00d6ffnung des Landes. Der Pr\u00e4sident betonte, dass China den Weg der Offenheit und Entwicklung fortsetzen, aber dabei seinem eigenen Tempo folgen wird. &#8222;Wir werden das, was reformierbar ist, entschieden \u00e4ndern, und wir werden das, was nicht reformierbar ist, nicht entscheidend \u00e4ndern\u201c. Besonderes Augenmerk legte er auf die Bek\u00e4mpfung der Umweltverschmutzung.<\/p>\n<p>&#8222;In einem Land wie China, mit einer 5.000 Jahre alten Geschichte und einer Bev\u00f6lkerung von mehr als 1,4 Milliarden Menschen, kann kein Handbuch als goldene Regel angesehen werden und es gibt keinen Lehrer, der den Menschen befehlen kann&#8220;, sagte er.<\/p>\n<p>Meinerseits werde ich aufmerksam gegen\u00fcber dem Prozess dieser bewundernswerten Menschen bleiben, die trotz der misstrauischen Art und Weise, wie der Westen mit allen sie betreffenden Informationen umgeht, mein Interesse geweckt haben. Ein Volk, das nicht unter der aktuellen Krise zu leiden scheint, das nicht mit seiner Zukunft hadert, sondern im Gegenteil eifrig daran arbeitet und die Zukunft aktiv mitgestalten will.<\/p>\n<p><em>\u00dcbersetzung aus dem Spanischen von Reto Thumiger<\/em><\/p>\n","protected":false},"excerpt":{"rendered":"<p>Vor kurzem bin ich von meiner ersten Reise nach China zur\u00fcckgekehrt und was ich dort erlebt habe, geht mir immer noch im Kopf herum. Zweifellos musste ich wieder einmal erkennen, wie verzerrt die Presse, manipuliert von westlichen Interessen, uns t\u00e4glich&hellip;<\/p>\n","protected":false},"author":22,"featured_media":778552,"comment_status":"closed","ping_status":"closed","sticky":false,"template":"","format":"standard","meta":{"footnotes":""},"categories":[9148,9143,11387,9158],"tags":[9255,52997,52996,1496],"class_list":["post-780277","post","type-post","status-publish","format-standard","has-post-thumbnail","hentry","category-asien","category-meinungen","category-originalinhalt","category-wirtschaft","tag-china-de","tag-deng-xiaoping","tag-mao-tse-tung","tag-xi-jinping"],"yoast_head":"<!-- This site is optimized with the Yoast SEO plugin v27.1.1 - https:\/\/yoast.com\/product\/yoast-seo-wordpress\/ -->\n<title>Chinas 40 Jahre der \u00d6ffnung<\/title>\n<meta name=\"description\" content=\"Vor kurzem bin ich von meiner ersten Reise nach China zur\u00fcckgekehrt und was ich dort erlebt habe, geht mir immer noch im Kopf herum. Zweifellos musste ich\" \/>\n<meta name=\"robots\" content=\"index, follow, max-snippet:-1, max-image-preview:large, max-video-preview:-1\" \/>\n<link rel=\"canonical\" href=\"https:\/\/www.pressenza.com\/de\/2018\/12\/chinas-40-jahre-der-oeffnung\/\" \/>\n<meta property=\"og:locale\" content=\"de_DE\" \/>\n<meta property=\"og:type\" content=\"article\" \/>\n<meta property=\"og:title\" content=\"Chinas 40 Jahre der \u00d6ffnung\" \/>\n<meta property=\"og:description\" content=\"Vor kurzem bin ich von meiner ersten Reise nach China zur\u00fcckgekehrt und was ich dort erlebt habe, geht mir immer noch im Kopf herum. Zweifellos musste ich\" \/>\n<meta property=\"og:url\" content=\"https:\/\/www.pressenza.com\/de\/2018\/12\/chinas-40-jahre-der-oeffnung\/\" \/>\n<meta property=\"og:site_name\" content=\"Pressenza\" \/>\n<meta property=\"article:publisher\" content=\"https:\/\/www.facebook.com\/PressenzaItalia\" \/>\n<meta property=\"article:author\" content=\"https:\/\/www.facebook.com\/pia.figueroa?ref=tn_tnmn\" \/>\n<meta property=\"article:published_time\" content=\"2018-12-25T18:36:26+00:00\" \/>\n<meta property=\"og:image\" content=\"https:\/\/www.pressenza.com\/wp-content\/uploads\/2018\/12\/IMG_20181016_084357.jpg\" \/>\n\t<meta property=\"og:image:width\" content=\"2048\" \/>\n\t<meta property=\"og:image:height\" content=\"1536\" \/>\n\t<meta property=\"og:image:type\" content=\"image\/jpeg\" \/>\n<meta name=\"author\" content=\"P\u00eda Figueroa\" \/>\n<meta name=\"twitter:card\" content=\"summary_large_image\" \/>\n<meta name=\"twitter:creator\" content=\"@piafigueroa\" \/>\n<meta name=\"twitter:site\" content=\"@PressenzaIPA\" \/>\n<meta name=\"twitter:label1\" content=\"Verfasst von\" \/>\n\t<meta name=\"twitter:data1\" content=\"P\u00eda Figueroa\" \/>\n\t<meta name=\"twitter:label2\" content=\"Gesch\u00e4tzte Lesezeit\" \/>\n\t<meta name=\"twitter:data2\" content=\"6\u00a0Minuten\" \/>\n<script type=\"application\/ld+json\" class=\"yoast-schema-graph\">{\"@context\":\"https:\/\/schema.org\",\"@graph\":[{\"@type\":\"Article\",\"@id\":\"https:\/\/www.pressenza.com\/de\/2018\/12\/chinas-40-jahre-der-oeffnung\/#article\",\"isPartOf\":{\"@id\":\"https:\/\/www.pressenza.com\/de\/2018\/12\/chinas-40-jahre-der-oeffnung\/\"},\"author\":{\"name\":\"P\u00eda Figueroa\",\"@id\":\"https:\/\/www.pressenza.com\/de\/#\/schema\/person\/8bb53ec73ef39ceec36ca0128a0ccd41\"},\"headline\":\"Chinas 40 Jahre der \u00d6ffnung\",\"datePublished\":\"2018-12-25T18:36:26+00:00\",\"mainEntityOfPage\":{\"@id\":\"https:\/\/www.pressenza.com\/de\/2018\/12\/chinas-40-jahre-der-oeffnung\/\"},\"wordCount\":1116,\"publisher\":{\"@id\":\"https:\/\/www.pressenza.com\/de\/#organization\"},\"image\":{\"@id\":\"https:\/\/www.pressenza.com\/de\/2018\/12\/chinas-40-jahre-der-oeffnung\/#primaryimage\"},\"thumbnailUrl\":\"https:\/\/www.pressenza.com\/wp-content\/uploads\/2018\/12\/IMG_20181016_084357.jpg\",\"keywords\":[\"China\",\"Deng Xiaoping\",\"Mao Tse Tung\",\"Xi Jinping\"],\"articleSection\":[\"Asien\",\"Meinungen\",\"Originalinhalt\",\"Wirtschaft\"],\"inLanguage\":\"de\"},{\"@type\":\"WebPage\",\"@id\":\"https:\/\/www.pressenza.com\/de\/2018\/12\/chinas-40-jahre-der-oeffnung\/\",\"url\":\"https:\/\/www.pressenza.com\/de\/2018\/12\/chinas-40-jahre-der-oeffnung\/\",\"name\":\"Chinas 40 Jahre der \u00d6ffnung\",\"isPartOf\":{\"@id\":\"https:\/\/www.pressenza.com\/de\/#website\"},\"primaryImageOfPage\":{\"@id\":\"https:\/\/www.pressenza.com\/de\/2018\/12\/chinas-40-jahre-der-oeffnung\/#primaryimage\"},\"image\":{\"@id\":\"https:\/\/www.pressenza.com\/de\/2018\/12\/chinas-40-jahre-der-oeffnung\/#primaryimage\"},\"thumbnailUrl\":\"https:\/\/www.pressenza.com\/wp-content\/uploads\/2018\/12\/IMG_20181016_084357.jpg\",\"datePublished\":\"2018-12-25T18:36:26+00:00\",\"description\":\"Vor kurzem bin ich von meiner ersten Reise nach China zur\u00fcckgekehrt und was ich dort erlebt habe, geht mir immer noch im Kopf herum. Zweifellos musste ich\",\"breadcrumb\":{\"@id\":\"https:\/\/www.pressenza.com\/de\/2018\/12\/chinas-40-jahre-der-oeffnung\/#breadcrumb\"},\"inLanguage\":\"de\",\"potentialAction\":[{\"@type\":\"ReadAction\",\"target\":[\"https:\/\/www.pressenza.com\/de\/2018\/12\/chinas-40-jahre-der-oeffnung\/\"]}]},{\"@type\":\"ImageObject\",\"inLanguage\":\"de\",\"@id\":\"https:\/\/www.pressenza.com\/de\/2018\/12\/chinas-40-jahre-der-oeffnung\/#primaryimage\",\"url\":\"https:\/\/www.pressenza.com\/wp-content\/uploads\/2018\/12\/IMG_20181016_084357.jpg\",\"contentUrl\":\"https:\/\/www.pressenza.com\/wp-content\/uploads\/2018\/12\/IMG_20181016_084357.jpg\",\"width\":2048,\"height\":1536},{\"@type\":\"BreadcrumbList\",\"@id\":\"https:\/\/www.pressenza.com\/de\/2018\/12\/chinas-40-jahre-der-oeffnung\/#breadcrumb\",\"itemListElement\":[{\"@type\":\"ListItem\",\"position\":1,\"name\":\"Accueil\",\"item\":\"https:\/\/www.pressenza.com\/de\/\"},{\"@type\":\"ListItem\",\"position\":2,\"name\":\"Chinas 40 Jahre der \u00d6ffnung\"}]},{\"@type\":\"WebSite\",\"@id\":\"https:\/\/www.pressenza.com\/de\/#website\",\"url\":\"https:\/\/www.pressenza.com\/de\/\",\"name\":\"Pressenza\",\"description\":\"International Press Agency\",\"publisher\":{\"@id\":\"https:\/\/www.pressenza.com\/de\/#organization\"},\"potentialAction\":[{\"@type\":\"SearchAction\",\"target\":{\"@type\":\"EntryPoint\",\"urlTemplate\":\"https:\/\/www.pressenza.com\/de\/?s={search_term_string}\"},\"query-input\":{\"@type\":\"PropertyValueSpecification\",\"valueRequired\":true,\"valueName\":\"search_term_string\"}}],\"inLanguage\":\"de\"},{\"@type\":\"Organization\",\"@id\":\"https:\/\/www.pressenza.com\/de\/#organization\",\"name\":\"Pressenza\",\"url\":\"https:\/\/www.pressenza.com\/de\/\",\"logo\":{\"@type\":\"ImageObject\",\"inLanguage\":\"de\",\"@id\":\"https:\/\/www.pressenza.com\/de\/#\/schema\/logo\/image\/\",\"url\":\"https:\/\/www.pressenza.com\/wp-content\/uploads\/2022\/10\/pressenza_logo_200x200.jpg\",\"contentUrl\":\"https:\/\/www.pressenza.com\/wp-content\/uploads\/2022\/10\/pressenza_logo_200x200.jpg\",\"width\":200,\"height\":200,\"caption\":\"Pressenza\"},\"image\":{\"@id\":\"https:\/\/www.pressenza.com\/de\/#\/schema\/logo\/image\/\"},\"sameAs\":[\"https:\/\/www.facebook.com\/PressenzaItalia\",\"https:\/\/x.com\/PressenzaIPA\"]},{\"@type\":\"Person\",\"@id\":\"https:\/\/www.pressenza.com\/de\/#\/schema\/person\/8bb53ec73ef39ceec36ca0128a0ccd41\",\"name\":\"P\u00eda Figueroa\",\"description\":\"Founder of Pressenza, life-long humanist, author of several monographs and books.\",\"sameAs\":[\"https:\/\/www.facebook.com\/pia.figueroa?ref=tn_tnmn\",\"https:\/\/x.com\/piafigueroa\"],\"url\":\"https:\/\/www.pressenza.com\/de\/author\/pia-figueroa\/\"}]}<\/script>\n<!-- \/ Yoast SEO plugin. -->","yoast_head_json":{"title":"Chinas 40 Jahre der \u00d6ffnung","description":"Vor kurzem bin ich von meiner ersten Reise nach China zur\u00fcckgekehrt und was ich dort erlebt habe, geht mir immer noch im Kopf herum. Zweifellos musste ich","robots":{"index":"index","follow":"follow","max-snippet":"max-snippet:-1","max-image-preview":"max-image-preview:large","max-video-preview":"max-video-preview:-1"},"canonical":"https:\/\/www.pressenza.com\/de\/2018\/12\/chinas-40-jahre-der-oeffnung\/","og_locale":"de_DE","og_type":"article","og_title":"Chinas 40 Jahre der \u00d6ffnung","og_description":"Vor kurzem bin ich von meiner ersten Reise nach China zur\u00fcckgekehrt und was ich dort erlebt habe, geht mir immer noch im Kopf herum. Zweifellos musste ich","og_url":"https:\/\/www.pressenza.com\/de\/2018\/12\/chinas-40-jahre-der-oeffnung\/","og_site_name":"Pressenza","article_publisher":"https:\/\/www.facebook.com\/PressenzaItalia","article_author":"https:\/\/www.facebook.com\/pia.figueroa?ref=tn_tnmn","article_published_time":"2018-12-25T18:36:26+00:00","og_image":[{"width":2048,"height":1536,"url":"https:\/\/www.pressenza.com\/wp-content\/uploads\/2018\/12\/IMG_20181016_084357.jpg","type":"image\/jpeg"}],"author":"P\u00eda Figueroa","twitter_card":"summary_large_image","twitter_creator":"@piafigueroa","twitter_site":"@PressenzaIPA","twitter_misc":{"Verfasst von":"P\u00eda Figueroa","Gesch\u00e4tzte Lesezeit":"6\u00a0Minuten"},"schema":{"@context":"https:\/\/schema.org","@graph":[{"@type":"Article","@id":"https:\/\/www.pressenza.com\/de\/2018\/12\/chinas-40-jahre-der-oeffnung\/#article","isPartOf":{"@id":"https:\/\/www.pressenza.com\/de\/2018\/12\/chinas-40-jahre-der-oeffnung\/"},"author":{"name":"P\u00eda Figueroa","@id":"https:\/\/www.pressenza.com\/de\/#\/schema\/person\/8bb53ec73ef39ceec36ca0128a0ccd41"},"headline":"Chinas 40 Jahre der \u00d6ffnung","datePublished":"2018-12-25T18:36:26+00:00","mainEntityOfPage":{"@id":"https:\/\/www.pressenza.com\/de\/2018\/12\/chinas-40-jahre-der-oeffnung\/"},"wordCount":1116,"publisher":{"@id":"https:\/\/www.pressenza.com\/de\/#organization"},"image":{"@id":"https:\/\/www.pressenza.com\/de\/2018\/12\/chinas-40-jahre-der-oeffnung\/#primaryimage"},"thumbnailUrl":"https:\/\/www.pressenza.com\/wp-content\/uploads\/2018\/12\/IMG_20181016_084357.jpg","keywords":["China","Deng Xiaoping","Mao Tse Tung","Xi Jinping"],"articleSection":["Asien","Meinungen","Originalinhalt","Wirtschaft"],"inLanguage":"de"},{"@type":"WebPage","@id":"https:\/\/www.pressenza.com\/de\/2018\/12\/chinas-40-jahre-der-oeffnung\/","url":"https:\/\/www.pressenza.com\/de\/2018\/12\/chinas-40-jahre-der-oeffnung\/","name":"Chinas 40 Jahre der \u00d6ffnung","isPartOf":{"@id":"https:\/\/www.pressenza.com\/de\/#website"},"primaryImageOfPage":{"@id":"https:\/\/www.pressenza.com\/de\/2018\/12\/chinas-40-jahre-der-oeffnung\/#primaryimage"},"image":{"@id":"https:\/\/www.pressenza.com\/de\/2018\/12\/chinas-40-jahre-der-oeffnung\/#primaryimage"},"thumbnailUrl":"https:\/\/www.pressenza.com\/wp-content\/uploads\/2018\/12\/IMG_20181016_084357.jpg","datePublished":"2018-12-25T18:36:26+00:00","description":"Vor kurzem bin ich von meiner ersten Reise nach China zur\u00fcckgekehrt und was ich dort erlebt habe, geht mir immer noch im Kopf herum. Zweifellos musste ich","breadcrumb":{"@id":"https:\/\/www.pressenza.com\/de\/2018\/12\/chinas-40-jahre-der-oeffnung\/#breadcrumb"},"inLanguage":"de","potentialAction":[{"@type":"ReadAction","target":["https:\/\/www.pressenza.com\/de\/2018\/12\/chinas-40-jahre-der-oeffnung\/"]}]},{"@type":"ImageObject","inLanguage":"de","@id":"https:\/\/www.pressenza.com\/de\/2018\/12\/chinas-40-jahre-der-oeffnung\/#primaryimage","url":"https:\/\/www.pressenza.com\/wp-content\/uploads\/2018\/12\/IMG_20181016_084357.jpg","contentUrl":"https:\/\/www.pressenza.com\/wp-content\/uploads\/2018\/12\/IMG_20181016_084357.jpg","width":2048,"height":1536},{"@type":"BreadcrumbList","@id":"https:\/\/www.pressenza.com\/de\/2018\/12\/chinas-40-jahre-der-oeffnung\/#breadcrumb","itemListElement":[{"@type":"ListItem","position":1,"name":"Accueil","item":"https:\/\/www.pressenza.com\/de\/"},{"@type":"ListItem","position":2,"name":"Chinas 40 Jahre der \u00d6ffnung"}]},{"@type":"WebSite","@id":"https:\/\/www.pressenza.com\/de\/#website","url":"https:\/\/www.pressenza.com\/de\/","name":"Pressenza","description":"International Press Agency","publisher":{"@id":"https:\/\/www.pressenza.com\/de\/#organization"},"potentialAction":[{"@type":"SearchAction","target":{"@type":"EntryPoint","urlTemplate":"https:\/\/www.pressenza.com\/de\/?s={search_term_string}"},"query-input":{"@type":"PropertyValueSpecification","valueRequired":true,"valueName":"search_term_string"}}],"inLanguage":"de"},{"@type":"Organization","@id":"https:\/\/www.pressenza.com\/de\/#organization","name":"Pressenza","url":"https:\/\/www.pressenza.com\/de\/","logo":{"@type":"ImageObject","inLanguage":"de","@id":"https:\/\/www.pressenza.com\/de\/#\/schema\/logo\/image\/","url":"https:\/\/www.pressenza.com\/wp-content\/uploads\/2022\/10\/pressenza_logo_200x200.jpg","contentUrl":"https:\/\/www.pressenza.com\/wp-content\/uploads\/2022\/10\/pressenza_logo_200x200.jpg","width":200,"height":200,"caption":"Pressenza"},"image":{"@id":"https:\/\/www.pressenza.com\/de\/#\/schema\/logo\/image\/"},"sameAs":["https:\/\/www.facebook.com\/PressenzaItalia","https:\/\/x.com\/PressenzaIPA"]},{"@type":"Person","@id":"https:\/\/www.pressenza.com\/de\/#\/schema\/person\/8bb53ec73ef39ceec36ca0128a0ccd41","name":"P\u00eda Figueroa","description":"Founder of Pressenza, life-long humanist, author of several monographs and books.","sameAs":["https:\/\/www.facebook.com\/pia.figueroa?ref=tn_tnmn","https:\/\/x.com\/piafigueroa"],"url":"https:\/\/www.pressenza.com\/de\/author\/pia-figueroa\/"}]}},"place":"","original_article_url":"","_links":{"self":[{"href":"https:\/\/www.pressenza.com\/de\/wp-json\/wp\/v2\/posts\/780277","targetHints":{"allow":["GET"]}}],"collection":[{"href":"https:\/\/www.pressenza.com\/de\/wp-json\/wp\/v2\/posts"}],"about":[{"href":"https:\/\/www.pressenza.com\/de\/wp-json\/wp\/v2\/types\/post"}],"author":[{"embeddable":true,"href":"https:\/\/www.pressenza.com\/de\/wp-json\/wp\/v2\/users\/22"}],"replies":[{"embeddable":true,"href":"https:\/\/www.pressenza.com\/de\/wp-json\/wp\/v2\/comments?post=780277"}],"version-history":[{"count":0,"href":"https:\/\/www.pressenza.com\/de\/wp-json\/wp\/v2\/posts\/780277\/revisions"}],"wp:featuredmedia":[{"embeddable":true,"href":"https:\/\/www.pressenza.com\/de\/wp-json\/wp\/v2\/media\/778552"}],"wp:attachment":[{"href":"https:\/\/www.pressenza.com\/de\/wp-json\/wp\/v2\/media?parent=780277"}],"wp:term":[{"taxonomy":"category","embeddable":true,"href":"https:\/\/www.pressenza.com\/de\/wp-json\/wp\/v2\/categories?post=780277"},{"taxonomy":"post_tag","embeddable":true,"href":"https:\/\/www.pressenza.com\/de\/wp-json\/wp\/v2\/tags?post=780277"}],"curies":[{"name":"wp","href":"https:\/\/api.w.org\/{rel}","templated":true}]}}