{"id":779466,"date":"2018-12-26T13:38:28","date_gmt":"2018-12-26T13:38:28","guid":{"rendered":"https:\/\/www.pressenza.com\/?p=779466"},"modified":"2018-12-26T13:40:18","modified_gmt":"2018-12-26T13:40:18","slug":"ein-neuer-blick-auf-iran","status":"publish","type":"post","link":"https:\/\/www.pressenza.com\/de\/2018\/12\/ein-neuer-blick-auf-iran\/","title":{"rendered":"Ein neuer Blick auf Iran"},"content":{"rendered":"<blockquote><p><em>Wir haben das iranische Kollektiv &#8222;<a href=\"https:\/\/seeyouiniran.org\/about-see-you-in-iran\/\" target=\"_blank\" rel=\"noopener\">See you in Iran<\/a>&#8220; interviewt, dessen Ziel es ist, die soziokulturelle Realit\u00e4t des Iran international besser bekannt zu machen und dazu beizutragen, die hasserf\u00fcllte Narrative zu widerlegen, die und westliche Mainstream-Medien \u00fcber den Iran anbieten. Neben den seit Jahrzehnten gegen den Iran verh\u00e4ngten wirtschaftlichen und politischen Sanktionen wurde auch die iranische Kulturszene komplett ignoriert. Die Gruppe zielt darauf ab, das Bewusstsein f\u00fcr das im Land produzierte soziokulturelle Material zu sch\u00e4rfen und marginalisierten Bev\u00f6lkerungsgruppen und ignorierten Realit\u00e4ten durch verschiedene Mittel eine Stimme zu geben, wie durch ein Kulturhaus, das Veranstaltungen, Workshops, Vortr\u00e4ge und Ausstellungen organisiert, eine Reiseplattform, eine Online-Community, ein Hostel und ein Mediennetzwerk. \u201eSee you in Iran\u201c zielt darauf ab, das Bild eines in Chaos und Unterdr\u00fcckung versunkenen Landes zu ver\u00e4ndern, das in der Vorstellung eines gro\u00dfen Teils der westlichen Bev\u00f6lkerung, verankert ist und ein neues Bild zu schaffen, das der wahren Realit\u00e4t des Landes n\u00e4her kommt.<\/em><\/p><\/blockquote>\n<p><strong>Pressenza<\/strong>: Die westlichen Medien bieten ein Bild vom Iran als einem Land, das den Weltfrieden bedroht und destabilisiert. Wie ist das Leben der einfachen Menschen im Iran?<\/p>\n<p><strong>See You in Iran Team<\/strong>: Das Bild vom Iran, das in den Mainstream-Medien dargestellt wurde und das auf die Agenda der Staaten ausgerichtet ist, die von der Isolation des Landes profitieren, ist weit von der Realit\u00e4t entfernt. Tats\u00e4chlich ist die Lebenssituation im Iran, wie in jedem anderen Land, mit seiner Geschichte und Geopolitik verkn\u00fcpft, Faktoren, ohne die es unm\u00f6glich ist, den aktuellen Zustand zu analysieren.<\/p>\n<p><strong>Pressenza<\/strong>: Im letzten Jahr wurde der Rial (iranische W\u00e4hrung) dreifach abgewertet, die Preise f\u00fcr importierte Rohstoffe sind in die H\u00f6he geschnellt und die Inflation ist um mehr als 50% gestiegen. Wie ist die aktuelle wirtschaftliche Situation im Iran?<\/p>\n<p><strong>See You in Iran Team<\/strong>: Kurz gesagt, f\u00fcr die Mehrheit der Bev\u00f6lkerung nicht gut. Obwohl ein Teil davon sicherlich auf internes Missmanagement zur\u00fcckzuf\u00fchren ist, spielt die Propaganda-Maschine beim j\u00fcngsten Einbruch der nationalen W\u00e4hrung und dem Anstieg der Inflation definitiv eine gro\u00dfe Rolle.<\/p>\n<p><strong>Pressenza<\/strong>: Nachdem die USA 2015 das Abkommen \u00fcber das Atomprogramm widerrufen hatten, initiierten sie eine Reihe von Sanktionen gegen den Iran. Wie wirkt sich die US-Blockade auf die iranische Bev\u00f6lkerung aus?<\/p>\n<p><strong>See You in Iran Team<\/strong>: Die Wiedereinf\u00fchrung von Sanktionen ist Teil der vielen Informationskriege, die von der Trump-Administration gestartet wurden. Ihre Verbreitung von falschen Informationen bestand darin, dass die US-Regierung die Integrit\u00e4t von Inspekteuren der IAEA (International Atomic Energy Agency) grundlos in Frage stellte sowie in der Verwendung eines Game of Thrones Meme, um sich \u00fcber die wirtschaftliche Destabilisierung des Iran h\u00e4misch zu freuen (Trump zeigte sein Foto auf seinem Twitter-Account mit dem Slogan &#8222;<a href=\"https:\/\/twitter.com\/realDonaldTrump\/status\/1058388700617498625\/photo\/1?ref_src=twsrc%5Etfw%7Ctwcamp%5Etweetembed%7Ctwterm%5E1058388700617498625&amp;ref_url=https%3A%2F%2Fas.com%2Fepik%2F2018%2F11%2F05%2Fportada%2F1541435383_282890.html\" target=\"_blank\" rel=\"noopener\">Sanktionen kommen<\/a>&#8222;, inspiriert vom ber\u00fchmten Game of Thrones &#8222;Winter is coming&#8220;). Dar\u00fcber hinaus w\u00e4rmten sie uralte Mythen \u00fcber das iranische Volk als machtlose Opfer auf, die den ultimativen wei\u00dfen Retter brauchen. All das erinnert fast gespenstisch an die US-Rhetorik im Bezug auf Afghanistan in 2001 und den Irak in 2003.<\/p>\n<p><strong>Pressenza<\/strong>: Was haltet Ihr von dem Vorwurf der USA, der den Iran als &#8222;Hauptsponsor des internationalen Terrorismus&#8220; definiert?<\/p>\n<p><strong>See You in Iran Team<\/strong>: Der Iran wurde immer als strategischer Punkt in der Region betrachtet, daher haben die Westm\u00e4chte in den letzten zweihundert Jahren nie aufgeh\u00f6rt, sich in seine inneren Angelegenheiten einzumischen. Die invasiven Strategien reichten vom Interventionismus und der Einmischung in das politische System des Iran bis hin zu Wirtschaftssanktionen und der Stigmatisierung des Landes, vor allem durch die Mainstream-Medien, die in den letzten Jahrzehnten enorm an Dynamik gewonnen haben. Daher ist die Bezeichnung des Iran als gr\u00f6\u00dfter Sponsor des globalen Terrorismus durch Trump und seine Bande kaum eine \u00dcberraschung, besonders zu einer Zeit, in der die nicht zu leugnende zerst\u00f6rerische Pr\u00e4senz der USA im Nahen Osten das Chaos und das Blutbad in der Region, wie Libyen und in Syrien, unmittelbar verst\u00e4rkt hat.<\/p>\n<p><strong>Pressenza<\/strong>: Was denkt Ihr \u00fcber das Urteil des Internationalen Gerichtshofs der Vereinten Nationen zur teilweise Aufhebung der gegen den Iran verh\u00e4ngten Sanktionen?<\/p>\n<p><strong>See You in Iran Team<\/strong>: Die derzeitige kriegsl\u00fcsterne US-Regierung hat alle Institutionen, die eine Rolle in Bezug auf Menschenrechte und Zivilgesellschaft zu spielen hatten, abgewertet. Das Urteil weist einmal mehr darauf hin, dass ein Land, das sich aus einem international anerkannten Abkommen zur\u00fcckzieht, den UN-Gerichtshof nicht ernst nimmt.<\/p>\n<p><strong>Pressenza<\/strong>: &#8222;See you in Iran&#8220; ist ein breites Kollektiv, das viele Aktivit\u00e4ten durchf\u00fchrt. Was ist das Ziel von &#8222;See you in Iran&#8220;?<\/p>\n<p><strong>See You in Iran Team<\/strong>: Sicherheit, Ordnung und Demokratie im &#8222;Globalen Norden&#8220; sowie Chaos, Unterdr\u00fcckung und Krieg im &#8222;Globalen S\u00fcden&#8220; sind zwei Seiten derselben Medaille. Diese Dichotomie geht auf einen unterdr\u00fcckende, kriegstreiberische und selbsts\u00fcchtige Sicht der Dinge zur\u00fcck, die die eigenen Existenz \u00fcber alles stellt, und die ihr \u00dcberleben davon abh\u00e4ngig macht, jede andere Denkweise abzuschaffen.<\/p>\n<p>Diese Ideologie wird immer gr\u00f6\u00dferen Bev\u00f6lkerungsgruppen immer mehr schaden, als wie sie es bereits bisher getan hat, wobei Terroranschl\u00e4ge dann nicht mehr an Grenzen gebunden sind und sowohl im &#8222;globalen S\u00fcden&#8220; als auch im &#8222;globalen Norden&#8220; stattfinden werden. Trotzdem bleibt der gr\u00f6\u00dfere Zusammenhang bestehen, der der Realit\u00e4t n\u00e4her kommt: die Darstellung von Krieg, Chaos und Unterdr\u00fcckung im Bezug auf den Iran ist ebenso unrealistisch wie die Darstellung des sicheren, geordneten und demokratischen &#8222;globalen Nordens&#8220;, aber genau das ist es, was die Mainstream-Medien glauben machen wollen. Die Verinnerlichung dieser Perspektive f\u00fchrt dazu, dass die B\u00fcrger des &#8222;globalen Nordens&#8220; gehorsam sind und sich mit der Illusion von Freiheit und Sicherheit begn\u00fcgen, w\u00e4hrend die Bev\u00f6lkerung des &#8222;globalen S\u00fcdens&#8220; passiv verharrt, da ja der Untergang an jeder Ecke lauert. Die Wahrnehmung von L\u00e4ndern wie dem Iran durch den &#8222;globalen Norden&#8220; ist also extrem voreingenommen.<\/p>\n<p>Tatsache ist, dass jeder seinen Lebensstil nach den Umst\u00e4nden w\u00e4hlt, in denen er lebt, aber die Kluft im Lebensstandard zwischen dem &#8222;globalen S\u00fcden&#8220; und dem &#8222;globalen Norden&#8220; ist gar nicht so gro\u00df, wie es die Begriffe &#8222;Krieg&#8220; und &#8222;Chaos&#8220; suggerieren. Zudem ist die neoliberale Plage, die den Planeten heimgesucht hat, nicht viel weniger sch\u00e4dlich als das, womit die L\u00e4nder des &#8222;globalen S\u00fcdens&#8220; zu k\u00e4mpfen haben, sie zeigt sich nur in einem anderen Gewand. Deshalb leben wir als Bewohner der Erde in Zeiten, in denen die Ursache f\u00fcr das Leid die gleiche ist, und es braucht eine gemeinsame Anstrengung und eine geeinte Front, um das zu \u00e4ndern, egal, ob jemand in Paris lebt oder in Teheran.<\/p>\n<p>Die gegenw\u00e4rtige Situation muss also durch gemeinsames Zusammenstehen und Verbundenheit ver\u00e4ndert werden, und diese Verbundenheit muss um das gemeinsame Ziel herum gebildet werden, das in \u201egut\u201c und b\u00f6se\u201c gespaltene Menschenbild zu ver\u00e4ndern. Die Organisation \u201eSee You in Iran\u201c versucht, den in den Medien vorherrschenden Raum umzugestalten, der sich von dieser polarisierenden Ideologie n\u00e4hrt. Gleichzeitig versuchen wir, der &#8222;Iranophobie&#8220; zu begegnen, indem wir eine Plattform sind, die Menschen aus verschiedensten Teilen der Welt einen gemeinsamen Raum bietet, um sich besser miteinander zu verbinden und auszutauschen, und so das Bild vom Iran durch ungefilterte Eindr\u00fccke und Berichte von Reisenden selbst zu ver\u00e4ndern. Wir versuchen zudem, unsere Organisation demokratisch und durch ein alternatives Gesch\u00e4ftsmodell zu f\u00fchren. Wir w\u00fcnschen uns, dass uns m\u00f6glichst viele Menschen aus verschiedenen L\u00e4ndern auf diesem Weg begleiten und &#8211; indem sie sich aus ihrer Komfortzone heraus begeben &#8211; eine direktere Verbindung zu anderen Menschen in L\u00e4ndern wie dem Iran aufnehmen, um so gemeinsam zur Ver\u00e4nderung beizutragen.<\/p>\n<p><em>\u00dcbersetzung aus dem Englischen von Evelyn Rottengatter<\/em><\/p>\n","protected":false},"excerpt":{"rendered":"<p>Wir haben das iranische Kollektiv &#8222;See you in Iran&#8220; interviewt, dessen Ziel es ist, die soziokulturelle Realit\u00e4t des Iran international besser bekannt zu machen und dazu beizutragen, die hasserf\u00fcllte Narrative zu widerlegen, die und westliche Mainstream-Medien \u00fcber den Iran anbieten.&hellip;<\/p>\n","protected":false},"author":1102,"featured_media":777331,"comment_status":"closed","ping_status":"closed","sticky":false,"template":"","format":"standard","meta":{"footnotes":""},"categories":[9164,9142,9151,11387],"tags":[10951,10228,28822,52977],"class_list":["post-779466","post","type-post","status-publish","format-standard","has-post-thumbnail","hentry","category-internationale-angelegenheiten","category-interviews-de","category-mittlerer-osten","category-originalinhalt","tag-interview","tag-iran-de","tag-sanktionen","tag-see-you-in-iran"],"yoast_head":"<!-- This site is optimized with the Yoast SEO plugin v27.1.1 - https:\/\/yoast.com\/product\/yoast-seo-wordpress\/ -->\n<title>Ein neuer Blick auf Iran<\/title>\n<meta name=\"description\" content=\"Wir haben das iranische Kollektiv &quot;See you in Iran&quot; interviewt, dessen Ziel es ist, die soziokulturelle Realit\u00e4t des Iran international besser bekannt zu\" \/>\n<meta name=\"robots\" content=\"index, follow, max-snippet:-1, max-image-preview:large, max-video-preview:-1\" \/>\n<link rel=\"canonical\" href=\"https:\/\/www.pressenza.com\/de\/2018\/12\/ein-neuer-blick-auf-iran\/\" \/>\n<meta property=\"og:locale\" content=\"de_DE\" \/>\n<meta property=\"og:type\" content=\"article\" \/>\n<meta property=\"og:title\" content=\"Ein neuer Blick auf Iran\" \/>\n<meta property=\"og:description\" content=\"Wir haben das iranische Kollektiv &quot;See you in Iran&quot; interviewt, dessen Ziel es ist, die soziokulturelle Realit\u00e4t des Iran international besser bekannt zu\" \/>\n<meta property=\"og:url\" content=\"https:\/\/www.pressenza.com\/de\/2018\/12\/ein-neuer-blick-auf-iran\/\" \/>\n<meta property=\"og:site_name\" content=\"Pressenza\" \/>\n<meta property=\"article:publisher\" content=\"https:\/\/www.facebook.com\/PressenzaItalia\" \/>\n<meta property=\"article:published_time\" content=\"2018-12-26T13:38:28+00:00\" \/>\n<meta property=\"article:modified_time\" content=\"2018-12-26T13:40:18+00:00\" \/>\n<meta property=\"og:image\" content=\"https:\/\/www.pressenza.com\/wp-content\/uploads\/2018\/12\/Tehran_Skyline.jpg\" \/>\n\t<meta property=\"og:image:width\" content=\"800\" \/>\n\t<meta property=\"og:image:height\" content=\"600\" \/>\n\t<meta property=\"og:image:type\" content=\"image\/jpeg\" \/>\n<meta name=\"author\" content=\"Pilar Paricio\" \/>\n<meta name=\"twitter:card\" content=\"summary_large_image\" \/>\n<meta name=\"twitter:creator\" content=\"@PressenzaIPA\" \/>\n<meta name=\"twitter:site\" content=\"@PressenzaIPA\" \/>\n<meta name=\"twitter:label1\" content=\"Verfasst von\" \/>\n\t<meta name=\"twitter:data1\" content=\"Pilar Paricio\" \/>\n\t<meta name=\"twitter:label2\" content=\"Gesch\u00e4tzte Lesezeit\" \/>\n\t<meta name=\"twitter:data2\" content=\"6\u00a0Minuten\" \/>\n<script type=\"application\/ld+json\" class=\"yoast-schema-graph\">{\"@context\":\"https:\/\/schema.org\",\"@graph\":[{\"@type\":\"Article\",\"@id\":\"https:\/\/www.pressenza.com\/de\/2018\/12\/ein-neuer-blick-auf-iran\/#article\",\"isPartOf\":{\"@id\":\"https:\/\/www.pressenza.com\/de\/2018\/12\/ein-neuer-blick-auf-iran\/\"},\"author\":{\"name\":\"Pilar Paricio\",\"@id\":\"https:\/\/www.pressenza.com\/de\/#\/schema\/person\/b38ea2890059fade68f5d3d1713cadfd\"},\"headline\":\"Ein neuer Blick auf Iran\",\"datePublished\":\"2018-12-26T13:38:28+00:00\",\"dateModified\":\"2018-12-26T13:40:18+00:00\",\"mainEntityOfPage\":{\"@id\":\"https:\/\/www.pressenza.com\/de\/2018\/12\/ein-neuer-blick-auf-iran\/\"},\"wordCount\":1280,\"publisher\":{\"@id\":\"https:\/\/www.pressenza.com\/de\/#organization\"},\"image\":{\"@id\":\"https:\/\/www.pressenza.com\/de\/2018\/12\/ein-neuer-blick-auf-iran\/#primaryimage\"},\"thumbnailUrl\":\"https:\/\/www.pressenza.com\/wp-content\/uploads\/2018\/12\/Tehran_Skyline.jpg\",\"keywords\":[\"interview\",\"Iran\",\"Sanktionen\",\"See you in Iran\"],\"articleSection\":[\"Internationale Angelegenheiten\",\"Interviews\",\"Mittlerer Osten\",\"Originalinhalt\"],\"inLanguage\":\"de\"},{\"@type\":\"WebPage\",\"@id\":\"https:\/\/www.pressenza.com\/de\/2018\/12\/ein-neuer-blick-auf-iran\/\",\"url\":\"https:\/\/www.pressenza.com\/de\/2018\/12\/ein-neuer-blick-auf-iran\/\",\"name\":\"Ein neuer Blick auf Iran\",\"isPartOf\":{\"@id\":\"https:\/\/www.pressenza.com\/de\/#website\"},\"primaryImageOfPage\":{\"@id\":\"https:\/\/www.pressenza.com\/de\/2018\/12\/ein-neuer-blick-auf-iran\/#primaryimage\"},\"image\":{\"@id\":\"https:\/\/www.pressenza.com\/de\/2018\/12\/ein-neuer-blick-auf-iran\/#primaryimage\"},\"thumbnailUrl\":\"https:\/\/www.pressenza.com\/wp-content\/uploads\/2018\/12\/Tehran_Skyline.jpg\",\"datePublished\":\"2018-12-26T13:38:28+00:00\",\"dateModified\":\"2018-12-26T13:40:18+00:00\",\"description\":\"Wir haben das iranische Kollektiv \\\"See you in Iran\\\" interviewt, dessen Ziel es ist, die soziokulturelle Realit\u00e4t des Iran international besser bekannt zu\",\"breadcrumb\":{\"@id\":\"https:\/\/www.pressenza.com\/de\/2018\/12\/ein-neuer-blick-auf-iran\/#breadcrumb\"},\"inLanguage\":\"de\",\"potentialAction\":[{\"@type\":\"ReadAction\",\"target\":[\"https:\/\/www.pressenza.com\/de\/2018\/12\/ein-neuer-blick-auf-iran\/\"]}]},{\"@type\":\"ImageObject\",\"inLanguage\":\"de\",\"@id\":\"https:\/\/www.pressenza.com\/de\/2018\/12\/ein-neuer-blick-auf-iran\/#primaryimage\",\"url\":\"https:\/\/www.pressenza.com\/wp-content\/uploads\/2018\/12\/Tehran_Skyline.jpg\",\"contentUrl\":\"https:\/\/www.pressenza.com\/wp-content\/uploads\/2018\/12\/Tehran_Skyline.jpg\",\"width\":800,\"height\":600,\"caption\":\"Tehran Skyline\"},{\"@type\":\"BreadcrumbList\",\"@id\":\"https:\/\/www.pressenza.com\/de\/2018\/12\/ein-neuer-blick-auf-iran\/#breadcrumb\",\"itemListElement\":[{\"@type\":\"ListItem\",\"position\":1,\"name\":\"Accueil\",\"item\":\"https:\/\/www.pressenza.com\/de\/\"},{\"@type\":\"ListItem\",\"position\":2,\"name\":\"Ein neuer Blick auf Iran\"}]},{\"@type\":\"WebSite\",\"@id\":\"https:\/\/www.pressenza.com\/de\/#website\",\"url\":\"https:\/\/www.pressenza.com\/de\/\",\"name\":\"Pressenza\",\"description\":\"International Press Agency\",\"publisher\":{\"@id\":\"https:\/\/www.pressenza.com\/de\/#organization\"},\"potentialAction\":[{\"@type\":\"SearchAction\",\"target\":{\"@type\":\"EntryPoint\",\"urlTemplate\":\"https:\/\/www.pressenza.com\/de\/?s={search_term_string}\"},\"query-input\":{\"@type\":\"PropertyValueSpecification\",\"valueRequired\":true,\"valueName\":\"search_term_string\"}}],\"inLanguage\":\"de\"},{\"@type\":\"Organization\",\"@id\":\"https:\/\/www.pressenza.com\/de\/#organization\",\"name\":\"Pressenza\",\"url\":\"https:\/\/www.pressenza.com\/de\/\",\"logo\":{\"@type\":\"ImageObject\",\"inLanguage\":\"de\",\"@id\":\"https:\/\/www.pressenza.com\/de\/#\/schema\/logo\/image\/\",\"url\":\"https:\/\/www.pressenza.com\/wp-content\/uploads\/2022\/10\/pressenza_logo_200x200.jpg\",\"contentUrl\":\"https:\/\/www.pressenza.com\/wp-content\/uploads\/2022\/10\/pressenza_logo_200x200.jpg\",\"width\":200,\"height\":200,\"caption\":\"Pressenza\"},\"image\":{\"@id\":\"https:\/\/www.pressenza.com\/de\/#\/schema\/logo\/image\/\"},\"sameAs\":[\"https:\/\/www.facebook.com\/PressenzaItalia\",\"https:\/\/x.com\/PressenzaIPA\"]},{\"@type\":\"Person\",\"@id\":\"https:\/\/www.pressenza.com\/de\/#\/schema\/person\/b38ea2890059fade68f5d3d1713cadfd\",\"name\":\"Pilar Paricio\",\"description\":\"Barcelona. Arquitecta, especializada en planificaci\u00f3n urbana. Trabaja por el avance de la poblaci\u00f3n en derechos b\u00e1sicos como el derecho a la vivienda y el derecho a la ciudad. Involucrada con el cambio social y personal, participa en el Nuevo Humanismo.\",\"url\":\"https:\/\/www.pressenza.com\/de\/author\/pilar-paricio\/\"}]}<\/script>\n<!-- \/ Yoast SEO plugin. -->","yoast_head_json":{"title":"Ein neuer Blick auf Iran","description":"Wir haben das iranische Kollektiv \"See you in Iran\" interviewt, dessen Ziel es ist, die soziokulturelle Realit\u00e4t des Iran international besser bekannt zu","robots":{"index":"index","follow":"follow","max-snippet":"max-snippet:-1","max-image-preview":"max-image-preview:large","max-video-preview":"max-video-preview:-1"},"canonical":"https:\/\/www.pressenza.com\/de\/2018\/12\/ein-neuer-blick-auf-iran\/","og_locale":"de_DE","og_type":"article","og_title":"Ein neuer Blick auf Iran","og_description":"Wir haben das iranische Kollektiv \"See you in Iran\" interviewt, dessen Ziel es ist, die soziokulturelle Realit\u00e4t des Iran international besser bekannt zu","og_url":"https:\/\/www.pressenza.com\/de\/2018\/12\/ein-neuer-blick-auf-iran\/","og_site_name":"Pressenza","article_publisher":"https:\/\/www.facebook.com\/PressenzaItalia","article_published_time":"2018-12-26T13:38:28+00:00","article_modified_time":"2018-12-26T13:40:18+00:00","og_image":[{"width":800,"height":600,"url":"https:\/\/www.pressenza.com\/wp-content\/uploads\/2018\/12\/Tehran_Skyline.jpg","type":"image\/jpeg"}],"author":"Pilar Paricio","twitter_card":"summary_large_image","twitter_creator":"@PressenzaIPA","twitter_site":"@PressenzaIPA","twitter_misc":{"Verfasst von":"Pilar Paricio","Gesch\u00e4tzte Lesezeit":"6\u00a0Minuten"},"schema":{"@context":"https:\/\/schema.org","@graph":[{"@type":"Article","@id":"https:\/\/www.pressenza.com\/de\/2018\/12\/ein-neuer-blick-auf-iran\/#article","isPartOf":{"@id":"https:\/\/www.pressenza.com\/de\/2018\/12\/ein-neuer-blick-auf-iran\/"},"author":{"name":"Pilar Paricio","@id":"https:\/\/www.pressenza.com\/de\/#\/schema\/person\/b38ea2890059fade68f5d3d1713cadfd"},"headline":"Ein neuer Blick auf Iran","datePublished":"2018-12-26T13:38:28+00:00","dateModified":"2018-12-26T13:40:18+00:00","mainEntityOfPage":{"@id":"https:\/\/www.pressenza.com\/de\/2018\/12\/ein-neuer-blick-auf-iran\/"},"wordCount":1280,"publisher":{"@id":"https:\/\/www.pressenza.com\/de\/#organization"},"image":{"@id":"https:\/\/www.pressenza.com\/de\/2018\/12\/ein-neuer-blick-auf-iran\/#primaryimage"},"thumbnailUrl":"https:\/\/www.pressenza.com\/wp-content\/uploads\/2018\/12\/Tehran_Skyline.jpg","keywords":["interview","Iran","Sanktionen","See you in Iran"],"articleSection":["Internationale Angelegenheiten","Interviews","Mittlerer Osten","Originalinhalt"],"inLanguage":"de"},{"@type":"WebPage","@id":"https:\/\/www.pressenza.com\/de\/2018\/12\/ein-neuer-blick-auf-iran\/","url":"https:\/\/www.pressenza.com\/de\/2018\/12\/ein-neuer-blick-auf-iran\/","name":"Ein neuer Blick auf Iran","isPartOf":{"@id":"https:\/\/www.pressenza.com\/de\/#website"},"primaryImageOfPage":{"@id":"https:\/\/www.pressenza.com\/de\/2018\/12\/ein-neuer-blick-auf-iran\/#primaryimage"},"image":{"@id":"https:\/\/www.pressenza.com\/de\/2018\/12\/ein-neuer-blick-auf-iran\/#primaryimage"},"thumbnailUrl":"https:\/\/www.pressenza.com\/wp-content\/uploads\/2018\/12\/Tehran_Skyline.jpg","datePublished":"2018-12-26T13:38:28+00:00","dateModified":"2018-12-26T13:40:18+00:00","description":"Wir haben das iranische Kollektiv \"See you in Iran\" interviewt, dessen Ziel es ist, die soziokulturelle Realit\u00e4t des Iran international besser bekannt zu","breadcrumb":{"@id":"https:\/\/www.pressenza.com\/de\/2018\/12\/ein-neuer-blick-auf-iran\/#breadcrumb"},"inLanguage":"de","potentialAction":[{"@type":"ReadAction","target":["https:\/\/www.pressenza.com\/de\/2018\/12\/ein-neuer-blick-auf-iran\/"]}]},{"@type":"ImageObject","inLanguage":"de","@id":"https:\/\/www.pressenza.com\/de\/2018\/12\/ein-neuer-blick-auf-iran\/#primaryimage","url":"https:\/\/www.pressenza.com\/wp-content\/uploads\/2018\/12\/Tehran_Skyline.jpg","contentUrl":"https:\/\/www.pressenza.com\/wp-content\/uploads\/2018\/12\/Tehran_Skyline.jpg","width":800,"height":600,"caption":"Tehran Skyline"},{"@type":"BreadcrumbList","@id":"https:\/\/www.pressenza.com\/de\/2018\/12\/ein-neuer-blick-auf-iran\/#breadcrumb","itemListElement":[{"@type":"ListItem","position":1,"name":"Accueil","item":"https:\/\/www.pressenza.com\/de\/"},{"@type":"ListItem","position":2,"name":"Ein neuer Blick auf Iran"}]},{"@type":"WebSite","@id":"https:\/\/www.pressenza.com\/de\/#website","url":"https:\/\/www.pressenza.com\/de\/","name":"Pressenza","description":"International Press Agency","publisher":{"@id":"https:\/\/www.pressenza.com\/de\/#organization"},"potentialAction":[{"@type":"SearchAction","target":{"@type":"EntryPoint","urlTemplate":"https:\/\/www.pressenza.com\/de\/?s={search_term_string}"},"query-input":{"@type":"PropertyValueSpecification","valueRequired":true,"valueName":"search_term_string"}}],"inLanguage":"de"},{"@type":"Organization","@id":"https:\/\/www.pressenza.com\/de\/#organization","name":"Pressenza","url":"https:\/\/www.pressenza.com\/de\/","logo":{"@type":"ImageObject","inLanguage":"de","@id":"https:\/\/www.pressenza.com\/de\/#\/schema\/logo\/image\/","url":"https:\/\/www.pressenza.com\/wp-content\/uploads\/2022\/10\/pressenza_logo_200x200.jpg","contentUrl":"https:\/\/www.pressenza.com\/wp-content\/uploads\/2022\/10\/pressenza_logo_200x200.jpg","width":200,"height":200,"caption":"Pressenza"},"image":{"@id":"https:\/\/www.pressenza.com\/de\/#\/schema\/logo\/image\/"},"sameAs":["https:\/\/www.facebook.com\/PressenzaItalia","https:\/\/x.com\/PressenzaIPA"]},{"@type":"Person","@id":"https:\/\/www.pressenza.com\/de\/#\/schema\/person\/b38ea2890059fade68f5d3d1713cadfd","name":"Pilar Paricio","description":"Barcelona. Arquitecta, especializada en planificaci\u00f3n urbana. Trabaja por el avance de la poblaci\u00f3n en derechos b\u00e1sicos como el derecho a la vivienda y el derecho a la ciudad. Involucrada con el cambio social y personal, participa en el Nuevo Humanismo.","url":"https:\/\/www.pressenza.com\/de\/author\/pilar-paricio\/"}]}},"place":"","original_article_url":"","_links":{"self":[{"href":"https:\/\/www.pressenza.com\/de\/wp-json\/wp\/v2\/posts\/779466","targetHints":{"allow":["GET"]}}],"collection":[{"href":"https:\/\/www.pressenza.com\/de\/wp-json\/wp\/v2\/posts"}],"about":[{"href":"https:\/\/www.pressenza.com\/de\/wp-json\/wp\/v2\/types\/post"}],"author":[{"embeddable":true,"href":"https:\/\/www.pressenza.com\/de\/wp-json\/wp\/v2\/users\/1102"}],"replies":[{"embeddable":true,"href":"https:\/\/www.pressenza.com\/de\/wp-json\/wp\/v2\/comments?post=779466"}],"version-history":[{"count":0,"href":"https:\/\/www.pressenza.com\/de\/wp-json\/wp\/v2\/posts\/779466\/revisions"}],"wp:featuredmedia":[{"embeddable":true,"href":"https:\/\/www.pressenza.com\/de\/wp-json\/wp\/v2\/media\/777331"}],"wp:attachment":[{"href":"https:\/\/www.pressenza.com\/de\/wp-json\/wp\/v2\/media?parent=779466"}],"wp:term":[{"taxonomy":"category","embeddable":true,"href":"https:\/\/www.pressenza.com\/de\/wp-json\/wp\/v2\/categories?post=779466"},{"taxonomy":"post_tag","embeddable":true,"href":"https:\/\/www.pressenza.com\/de\/wp-json\/wp\/v2\/tags?post=779466"}],"curies":[{"name":"wp","href":"https:\/\/api.w.org\/{rel}","templated":true}]}}