{"id":773102,"date":"2018-12-09T15:23:44","date_gmt":"2018-12-09T15:23:44","guid":{"rendered":"https:\/\/www.pressenza.com\/?p=773102"},"modified":"2018-12-09T15:23:44","modified_gmt":"2018-12-09T15:23:44","slug":"wie-man-mit-der-sich-rasend-schnell-veraendernden-welt-umgeht","status":"publish","type":"post","link":"https:\/\/www.pressenza.com\/de\/2018\/12\/wie-man-mit-der-sich-rasend-schnell-veraendernden-welt-umgeht\/","title":{"rendered":"Wie man mit der sich rasend schnell ver\u00e4ndernden Welt umgeht"},"content":{"rendered":"<p>Es gibt eine breite Palette von M\u00f6glichkeiten, wie man sich in zwischenmenschlichen Beziehungen organisieren kann und somit auch viele Arten, wie man mit anderen umgeht. Zudem existieren konditionierte Bereiche des Lebens, die den Umgang miteinander erleichtern oder auch nicht: in der Familie, bei der Arbeit, in der Schule, im Bezug auf Freundschaften, das soziale Leben und so weiter und so fort.<\/p>\n<p>Die alte Welt, in der wir aufgewachsen sind und die so nicht mehr existiert, hatte mit Sicherheit eine ganze Reihe von sinnvollen Umgangsregeln: gute Erziehung, H\u00f6flichkeit, Respekt gegen\u00fcber den \u00c4lteren, Gesetze, Gewohnheiten, Br\u00e4uche. Und es war eine relativ stabile Welt (zumindest als ich aufwuchs, vor f\u00fcnfzig Jahren), in der die Dinge sich zwar auch ver\u00e4nderten, aber mit einer \u201evern\u00fcnftigen\u201c Langsamkeit und in der neue Ideen mit der n\u00f6tigen Ruhe umgesetzt wurden. In dieser Welt wuchsen zum Beispiel auch die Reformisten auf, das hei\u00dft diejenigen, die glaubten, dass man die Dinge mit besonnenen Reformen Schritt f\u00fcr Schritt ver\u00e4ndern kann.<\/p>\n<p>Doch diese Welt existiert nicht mehr und die Regeln und Konventionen, die in ihr galten, wurden ersetzt, wobei uns nicht immer klar ist, womit.<\/p>\n<p>Ich w\u00fcrde aber auch noch einen weiteren wichtigen Punkt hinzuf\u00fcgen: die Regeln und Konventionen der alten Welt entsprangen Moralvorstellungen au\u00dferhalb des Menschen, aus Steintafeln mit Gesetzen, die Gott den Menschen gegeben hat, wie es in der Bibel erz\u00e4hlt wird, so wie auch in anderen alten Schriften, ob religi\u00f6s oder atheistisch, je nach jeweiliger Ausrichtung.<\/p>\n<p>Und so tappen wir Menschen angesichts dieses Verlustes an Referenzpunkten im allt\u00e4glichen Leben im Dunklen herum und beobachten eine sich rasend schnell ver\u00e4ndernde Welt, die uns immer unverst\u00e4ndlicher erscheint, die uns erstaunt und oft genug auch Angst macht: \u201ewie kann es sein, dass so etwas m\u00f6glich ist&#8230;\u201c.<\/p>\n<p>In dieser Dunkelheit suchen wir nach Licht, nach einem Freund, dem man vertrauen kann, nach dem Paar, das sich nicht betr\u00fcgt, nach einem Arbeitsplatz, der uns nicht deprimiert, nach einem ehrlichen L\u00e4cheln. Und wenn wir uns noch ein wenig mehr Gedanken machen, dann suchen wir nach dem Sinn in unserem Leben, das uns oft so chaotisch und voller Leid erscheint.<\/p>\n<p>Die \u00e4u\u00dferliche Moral reicht hier nicht mehr und hilft auch nicht weiter. \u201eEs ist verboten zu verbieten\u201c lautete ein provokanter Spruch aus den 68ern. Man war sich damals nicht bewusst, das das Verbotene zu verbieten auch ein Verbot ist, und dass M\u00f6glichkeiten zu er\u00f6ffnen nicht durch verbieten erreicht werden kann.<\/p>\n<p>Aber als gute und normale Menschen brauchen wir immer noch Referenzpunkt, Ratschl\u00e4ge, Regeln, die man befolgen kann und davon gibt es momentan nicht viele, die sich dazu auch eignen. Es scheint, zumindest im Moment, dass wenn wir Menschen unsere \u201eH\u00e4uptlinge\u201c w\u00e4hlen, wir keine so gute Wahl treffen, auch wenn es immerhin freie Wahlen sind.<\/p>\n<p>Ich glaube daher, dass wir an einem Punkt angelangt sind, an dem sich die n\u00f6tigen Referenzpunkte nicht mehr im Au\u00dfen finden lassen, sondern an dem eine neue Sensibilit\u00e4t erwacht, die den Menschen bei seiner Suche nach Antworten in sein Inneres f\u00fchrt.<\/p>\n<p>Wenn ich mich selber beobachte, wenn ich in mein Inneres schauen, wenn ich mich mit meiner internen Welt verbinde, entdecke ich existentielle Antworten, etwas, das mir wirklich weiterhilft. Ich kann meine Lebenstaktik in dieser Welt entdecken, die ganz anders ist als der zur Zeit in Mode geratenen Opportunismus. Ich kann entdecken, dass das, was mir augenscheinlich n\u00fctzt, weil es mir vielleicht einen schnellen Vorteil verschafft, in Wirklichkeit ein gro\u00dfer Fehler ist, wenn ich es mit der Dynamik meiner eigenen Existenz vergleiche.<\/p>\n<p>Es kann sogar sein, dass ich bei meiner Suche, wie man mit dem ganzen Chaos umgehen soll, etwas sehr einfaches und universelles finde, eine existentielle L\u00f6sung, im wahrsten Sinne des Wortes, also basierend auf der eigenen Existenz. Man k\u00f6nnte es auch so ausdr\u00fccken, wie Silo es in seinem Werk \u201eDer Innere Blick\u201c tut: \u201eWenn du andere so behandelst, wie du selber behandelt werden m\u00f6chtest, befreist du dich\u201c.<\/p>\n<p>Das ist etwas, das schon die Weisen aller Kulturen seit Jahrtausenden sagen, werden jetzt die neunmalklugen Kritiker einwenden. Ja sicher, es ist etwa, dass in jedem von uns schlummert, und das im Moment der Krise erwacht, um die notwendige Transformation an diesem historischen Wendepunkt einzuleiten. Aber es ist zur gleichen Zeit auch ein internes Prinzip der menschlichen Existenz, das wir als Spezies noch nicht verinnerlicht haben, wie die uns\u00e4gliche Gewalt gegen Menschen, die Natur und das soziale Gef\u00fcge zeigt, die immer noch auf diesem Planeten herrscht.<\/p>\n<p>K\u00f6nnte dies die Wende zum Guten sein? K\u00f6nnte es sich hier um den Entwicklungssprung handeln, den die Menschheit so n\u00f6tig braucht? K\u00f6nnte es der Grundstein f\u00fcr einen neuen Mythos sein, der die V\u00f6lker zu einer neuen Stufe der Evolution f\u00fchrt?<\/p>\n<p>Es ist schwierig, das zu beurteilen, aber es ist durchaus m\u00f6glich, es zu hoffen.Und in jedem Fall ist es m\u00f6glich, das es zumindest jeder von uns bedenkt, es im Blick beh\u00e4lt und versucht, es im t\u00e4glichen Leben anzuwenden.<\/p>\n<p><em>\u00dcbersetzung aus dem Italienischen von Evelyn Rottengatter<\/em><\/p>\n","protected":false},"excerpt":{"rendered":"<p>Es gibt eine breite Palette von M\u00f6glichkeiten, wie man sich in zwischenmenschlichen Beziehungen organisieren kann und somit auch viele Arten, wie man mit anderen umgeht. Zudem existieren konditionierte Bereiche des Lebens, die den Umgang miteinander erleichtern oder auch nicht: in&hellip;<\/p>\n","protected":false},"author":10,"featured_media":771546,"comment_status":"closed","ping_status":"closed","sticky":false,"template":"","format":"standard","meta":{"footnotes":""},"categories":[9162,7835,9143,11387],"tags":[52624,21559,9425,27079,9958,52625],"class_list":["post-773102","post","type-post","status-publish","format-standard","has-post-thumbnail","hentry","category-humanismus-und-spiritualitaet","category-international-de","category-meinungen","category-originalinhalt","tag-der-innere-blick","tag-evolution","tag-humanismus","tag-mensch","tag-silo-de","tag-veraenderung"],"yoast_head":"<!-- This site is optimized with the Yoast SEO plugin v27.1.1 - https:\/\/yoast.com\/product\/yoast-seo-wordpress\/ -->\n<title>Wie man mit der sich rasend schnell ver\u00e4ndernden Welt umgeht<\/title>\n<meta name=\"description\" content=\"Es gibt eine breite Palette von M\u00f6glichkeiten, wie man sich in zwischenmenschlichen Beziehungen organisieren kann und somit auch viele Arten, wie man mit\" \/>\n<meta name=\"robots\" content=\"index, follow, max-snippet:-1, max-image-preview:large, max-video-preview:-1\" \/>\n<link rel=\"canonical\" href=\"https:\/\/www.pressenza.com\/de\/2018\/12\/wie-man-mit-der-sich-rasend-schnell-veraendernden-welt-umgeht\/\" \/>\n<meta property=\"og:locale\" content=\"de_DE\" \/>\n<meta property=\"og:type\" content=\"article\" \/>\n<meta property=\"og:title\" content=\"Wie man mit der sich rasend schnell ver\u00e4ndernden Welt umgeht\" \/>\n<meta property=\"og:description\" content=\"Es gibt eine breite Palette von M\u00f6glichkeiten, wie man sich in zwischenmenschlichen Beziehungen organisieren kann und somit auch viele Arten, wie man mit\" \/>\n<meta property=\"og:url\" content=\"https:\/\/www.pressenza.com\/de\/2018\/12\/wie-man-mit-der-sich-rasend-schnell-veraendernden-welt-umgeht\/\" \/>\n<meta property=\"og:site_name\" content=\"Pressenza\" \/>\n<meta property=\"article:publisher\" content=\"https:\/\/www.facebook.com\/PressenzaItalia\" \/>\n<meta property=\"article:published_time\" content=\"2018-12-09T15:23:44+00:00\" \/>\n<meta property=\"og:image\" content=\"https:\/\/www.pressenza.com\/wp-content\/uploads\/2018\/12\/sollidaridad-02-Copia-1.jpg\" \/>\n\t<meta property=\"og:image:width\" content=\"759\" \/>\n\t<meta property=\"og:image:height\" content=\"415\" \/>\n\t<meta property=\"og:image:type\" content=\"image\/jpeg\" \/>\n<meta name=\"author\" content=\"Olivier Turquet\" \/>\n<meta name=\"twitter:card\" content=\"summary_large_image\" \/>\n<meta name=\"twitter:creator\" content=\"@PressenzaIPA\" \/>\n<meta name=\"twitter:site\" content=\"@PressenzaIPA\" \/>\n<meta name=\"twitter:label1\" content=\"Verfasst von\" \/>\n\t<meta name=\"twitter:data1\" content=\"Olivier Turquet\" \/>\n\t<meta name=\"twitter:label2\" content=\"Gesch\u00e4tzte Lesezeit\" \/>\n\t<meta name=\"twitter:data2\" content=\"4\u00a0Minuten\" \/>\n<script type=\"application\/ld+json\" class=\"yoast-schema-graph\">{\"@context\":\"https:\/\/schema.org\",\"@graph\":[{\"@type\":\"Article\",\"@id\":\"https:\/\/www.pressenza.com\/de\/2018\/12\/wie-man-mit-der-sich-rasend-schnell-veraendernden-welt-umgeht\/#article\",\"isPartOf\":{\"@id\":\"https:\/\/www.pressenza.com\/de\/2018\/12\/wie-man-mit-der-sich-rasend-schnell-veraendernden-welt-umgeht\/\"},\"author\":{\"name\":\"Olivier Turquet\",\"@id\":\"https:\/\/www.pressenza.com\/de\/#\/schema\/person\/636f8feb51f63f34e7378d5fcdd1de53\"},\"headline\":\"Wie man mit der sich rasend schnell ver\u00e4ndernden Welt umgeht\",\"datePublished\":\"2018-12-09T15:23:44+00:00\",\"mainEntityOfPage\":{\"@id\":\"https:\/\/www.pressenza.com\/de\/2018\/12\/wie-man-mit-der-sich-rasend-schnell-veraendernden-welt-umgeht\/\"},\"wordCount\":871,\"publisher\":{\"@id\":\"https:\/\/www.pressenza.com\/de\/#organization\"},\"image\":{\"@id\":\"https:\/\/www.pressenza.com\/de\/2018\/12\/wie-man-mit-der-sich-rasend-schnell-veraendernden-welt-umgeht\/#primaryimage\"},\"thumbnailUrl\":\"https:\/\/www.pressenza.com\/wp-content\/uploads\/2018\/12\/sollidaridad-02-Copia-1.jpg\",\"keywords\":[\"Der Innere Blick\",\"\u00e9volution\",\"Humanismus\",\"mensch\",\"Silo\",\"Ver\u00e4nderung\"],\"articleSection\":[\"Humanismus und Spiritualit\u00e4t\",\"International\",\"Meinungen\",\"Originalinhalt\"],\"inLanguage\":\"de\"},{\"@type\":\"WebPage\",\"@id\":\"https:\/\/www.pressenza.com\/de\/2018\/12\/wie-man-mit-der-sich-rasend-schnell-veraendernden-welt-umgeht\/\",\"url\":\"https:\/\/www.pressenza.com\/de\/2018\/12\/wie-man-mit-der-sich-rasend-schnell-veraendernden-welt-umgeht\/\",\"name\":\"Wie man mit der sich rasend schnell ver\u00e4ndernden Welt umgeht\",\"isPartOf\":{\"@id\":\"https:\/\/www.pressenza.com\/de\/#website\"},\"primaryImageOfPage\":{\"@id\":\"https:\/\/www.pressenza.com\/de\/2018\/12\/wie-man-mit-der-sich-rasend-schnell-veraendernden-welt-umgeht\/#primaryimage\"},\"image\":{\"@id\":\"https:\/\/www.pressenza.com\/de\/2018\/12\/wie-man-mit-der-sich-rasend-schnell-veraendernden-welt-umgeht\/#primaryimage\"},\"thumbnailUrl\":\"https:\/\/www.pressenza.com\/wp-content\/uploads\/2018\/12\/sollidaridad-02-Copia-1.jpg\",\"datePublished\":\"2018-12-09T15:23:44+00:00\",\"description\":\"Es gibt eine breite Palette von M\u00f6glichkeiten, wie man sich in zwischenmenschlichen Beziehungen organisieren kann und somit auch viele Arten, wie man mit\",\"breadcrumb\":{\"@id\":\"https:\/\/www.pressenza.com\/de\/2018\/12\/wie-man-mit-der-sich-rasend-schnell-veraendernden-welt-umgeht\/#breadcrumb\"},\"inLanguage\":\"de\",\"potentialAction\":[{\"@type\":\"ReadAction\",\"target\":[\"https:\/\/www.pressenza.com\/de\/2018\/12\/wie-man-mit-der-sich-rasend-schnell-veraendernden-welt-umgeht\/\"]}]},{\"@type\":\"ImageObject\",\"inLanguage\":\"de\",\"@id\":\"https:\/\/www.pressenza.com\/de\/2018\/12\/wie-man-mit-der-sich-rasend-schnell-veraendernden-welt-umgeht\/#primaryimage\",\"url\":\"https:\/\/www.pressenza.com\/wp-content\/uploads\/2018\/12\/sollidaridad-02-Copia-1.jpg\",\"contentUrl\":\"https:\/\/www.pressenza.com\/wp-content\/uploads\/2018\/12\/sollidaridad-02-Copia-1.jpg\",\"width\":759,\"height\":415},{\"@type\":\"BreadcrumbList\",\"@id\":\"https:\/\/www.pressenza.com\/de\/2018\/12\/wie-man-mit-der-sich-rasend-schnell-veraendernden-welt-umgeht\/#breadcrumb\",\"itemListElement\":[{\"@type\":\"ListItem\",\"position\":1,\"name\":\"Accueil\",\"item\":\"https:\/\/www.pressenza.com\/de\/\"},{\"@type\":\"ListItem\",\"position\":2,\"name\":\"Wie man mit der sich rasend schnell ver\u00e4ndernden Welt umgeht\"}]},{\"@type\":\"WebSite\",\"@id\":\"https:\/\/www.pressenza.com\/de\/#website\",\"url\":\"https:\/\/www.pressenza.com\/de\/\",\"name\":\"Pressenza\",\"description\":\"International Press Agency\",\"publisher\":{\"@id\":\"https:\/\/www.pressenza.com\/de\/#organization\"},\"potentialAction\":[{\"@type\":\"SearchAction\",\"target\":{\"@type\":\"EntryPoint\",\"urlTemplate\":\"https:\/\/www.pressenza.com\/de\/?s={search_term_string}\"},\"query-input\":{\"@type\":\"PropertyValueSpecification\",\"valueRequired\":true,\"valueName\":\"search_term_string\"}}],\"inLanguage\":\"de\"},{\"@type\":\"Organization\",\"@id\":\"https:\/\/www.pressenza.com\/de\/#organization\",\"name\":\"Pressenza\",\"url\":\"https:\/\/www.pressenza.com\/de\/\",\"logo\":{\"@type\":\"ImageObject\",\"inLanguage\":\"de\",\"@id\":\"https:\/\/www.pressenza.com\/de\/#\/schema\/logo\/image\/\",\"url\":\"https:\/\/www.pressenza.com\/wp-content\/uploads\/2022\/10\/pressenza_logo_200x200.jpg\",\"contentUrl\":\"https:\/\/www.pressenza.com\/wp-content\/uploads\/2022\/10\/pressenza_logo_200x200.jpg\",\"width\":200,\"height\":200,\"caption\":\"Pressenza\"},\"image\":{\"@id\":\"https:\/\/www.pressenza.com\/de\/#\/schema\/logo\/image\/\"},\"sameAs\":[\"https:\/\/www.facebook.com\/PressenzaItalia\",\"https:\/\/x.com\/PressenzaIPA\"]},{\"@type\":\"Person\",\"@id\":\"https:\/\/www.pressenza.com\/de\/#\/schema\/person\/636f8feb51f63f34e7378d5fcdd1de53\",\"name\":\"Olivier Turquet\",\"description\":\"Takes care of writing to tell the reality for about 40 years. He has worked with paper publications, radio and electronic He founded the electronic news agency humanist Good News. He was press secretary to various events such as: the International Humanist, Florence Play, the World March for Peace and Nonviolence. Currently coordinates the Italian team of Pressenza. olivierturquet.wordpress.com\",\"sameAs\":[\"http:\/\/olivierturquet.wordpress.com\"],\"url\":\"https:\/\/www.pressenza.com\/de\/author\/olivier-turquet\/\"}]}<\/script>\n<!-- \/ Yoast SEO plugin. -->","yoast_head_json":{"title":"Wie man mit der sich rasend schnell ver\u00e4ndernden Welt umgeht","description":"Es gibt eine breite Palette von M\u00f6glichkeiten, wie man sich in zwischenmenschlichen Beziehungen organisieren kann und somit auch viele Arten, wie man mit","robots":{"index":"index","follow":"follow","max-snippet":"max-snippet:-1","max-image-preview":"max-image-preview:large","max-video-preview":"max-video-preview:-1"},"canonical":"https:\/\/www.pressenza.com\/de\/2018\/12\/wie-man-mit-der-sich-rasend-schnell-veraendernden-welt-umgeht\/","og_locale":"de_DE","og_type":"article","og_title":"Wie man mit der sich rasend schnell ver\u00e4ndernden Welt umgeht","og_description":"Es gibt eine breite Palette von M\u00f6glichkeiten, wie man sich in zwischenmenschlichen Beziehungen organisieren kann und somit auch viele Arten, wie man mit","og_url":"https:\/\/www.pressenza.com\/de\/2018\/12\/wie-man-mit-der-sich-rasend-schnell-veraendernden-welt-umgeht\/","og_site_name":"Pressenza","article_publisher":"https:\/\/www.facebook.com\/PressenzaItalia","article_published_time":"2018-12-09T15:23:44+00:00","og_image":[{"width":759,"height":415,"url":"https:\/\/www.pressenza.com\/wp-content\/uploads\/2018\/12\/sollidaridad-02-Copia-1.jpg","type":"image\/jpeg"}],"author":"Olivier Turquet","twitter_card":"summary_large_image","twitter_creator":"@PressenzaIPA","twitter_site":"@PressenzaIPA","twitter_misc":{"Verfasst von":"Olivier Turquet","Gesch\u00e4tzte Lesezeit":"4\u00a0Minuten"},"schema":{"@context":"https:\/\/schema.org","@graph":[{"@type":"Article","@id":"https:\/\/www.pressenza.com\/de\/2018\/12\/wie-man-mit-der-sich-rasend-schnell-veraendernden-welt-umgeht\/#article","isPartOf":{"@id":"https:\/\/www.pressenza.com\/de\/2018\/12\/wie-man-mit-der-sich-rasend-schnell-veraendernden-welt-umgeht\/"},"author":{"name":"Olivier Turquet","@id":"https:\/\/www.pressenza.com\/de\/#\/schema\/person\/636f8feb51f63f34e7378d5fcdd1de53"},"headline":"Wie man mit der sich rasend schnell ver\u00e4ndernden Welt umgeht","datePublished":"2018-12-09T15:23:44+00:00","mainEntityOfPage":{"@id":"https:\/\/www.pressenza.com\/de\/2018\/12\/wie-man-mit-der-sich-rasend-schnell-veraendernden-welt-umgeht\/"},"wordCount":871,"publisher":{"@id":"https:\/\/www.pressenza.com\/de\/#organization"},"image":{"@id":"https:\/\/www.pressenza.com\/de\/2018\/12\/wie-man-mit-der-sich-rasend-schnell-veraendernden-welt-umgeht\/#primaryimage"},"thumbnailUrl":"https:\/\/www.pressenza.com\/wp-content\/uploads\/2018\/12\/sollidaridad-02-Copia-1.jpg","keywords":["Der Innere Blick","\u00e9volution","Humanismus","mensch","Silo","Ver\u00e4nderung"],"articleSection":["Humanismus und Spiritualit\u00e4t","International","Meinungen","Originalinhalt"],"inLanguage":"de"},{"@type":"WebPage","@id":"https:\/\/www.pressenza.com\/de\/2018\/12\/wie-man-mit-der-sich-rasend-schnell-veraendernden-welt-umgeht\/","url":"https:\/\/www.pressenza.com\/de\/2018\/12\/wie-man-mit-der-sich-rasend-schnell-veraendernden-welt-umgeht\/","name":"Wie man mit der sich rasend schnell ver\u00e4ndernden Welt umgeht","isPartOf":{"@id":"https:\/\/www.pressenza.com\/de\/#website"},"primaryImageOfPage":{"@id":"https:\/\/www.pressenza.com\/de\/2018\/12\/wie-man-mit-der-sich-rasend-schnell-veraendernden-welt-umgeht\/#primaryimage"},"image":{"@id":"https:\/\/www.pressenza.com\/de\/2018\/12\/wie-man-mit-der-sich-rasend-schnell-veraendernden-welt-umgeht\/#primaryimage"},"thumbnailUrl":"https:\/\/www.pressenza.com\/wp-content\/uploads\/2018\/12\/sollidaridad-02-Copia-1.jpg","datePublished":"2018-12-09T15:23:44+00:00","description":"Es gibt eine breite Palette von M\u00f6glichkeiten, wie man sich in zwischenmenschlichen Beziehungen organisieren kann und somit auch viele Arten, wie man mit","breadcrumb":{"@id":"https:\/\/www.pressenza.com\/de\/2018\/12\/wie-man-mit-der-sich-rasend-schnell-veraendernden-welt-umgeht\/#breadcrumb"},"inLanguage":"de","potentialAction":[{"@type":"ReadAction","target":["https:\/\/www.pressenza.com\/de\/2018\/12\/wie-man-mit-der-sich-rasend-schnell-veraendernden-welt-umgeht\/"]}]},{"@type":"ImageObject","inLanguage":"de","@id":"https:\/\/www.pressenza.com\/de\/2018\/12\/wie-man-mit-der-sich-rasend-schnell-veraendernden-welt-umgeht\/#primaryimage","url":"https:\/\/www.pressenza.com\/wp-content\/uploads\/2018\/12\/sollidaridad-02-Copia-1.jpg","contentUrl":"https:\/\/www.pressenza.com\/wp-content\/uploads\/2018\/12\/sollidaridad-02-Copia-1.jpg","width":759,"height":415},{"@type":"BreadcrumbList","@id":"https:\/\/www.pressenza.com\/de\/2018\/12\/wie-man-mit-der-sich-rasend-schnell-veraendernden-welt-umgeht\/#breadcrumb","itemListElement":[{"@type":"ListItem","position":1,"name":"Accueil","item":"https:\/\/www.pressenza.com\/de\/"},{"@type":"ListItem","position":2,"name":"Wie man mit der sich rasend schnell ver\u00e4ndernden Welt umgeht"}]},{"@type":"WebSite","@id":"https:\/\/www.pressenza.com\/de\/#website","url":"https:\/\/www.pressenza.com\/de\/","name":"Pressenza","description":"International Press Agency","publisher":{"@id":"https:\/\/www.pressenza.com\/de\/#organization"},"potentialAction":[{"@type":"SearchAction","target":{"@type":"EntryPoint","urlTemplate":"https:\/\/www.pressenza.com\/de\/?s={search_term_string}"},"query-input":{"@type":"PropertyValueSpecification","valueRequired":true,"valueName":"search_term_string"}}],"inLanguage":"de"},{"@type":"Organization","@id":"https:\/\/www.pressenza.com\/de\/#organization","name":"Pressenza","url":"https:\/\/www.pressenza.com\/de\/","logo":{"@type":"ImageObject","inLanguage":"de","@id":"https:\/\/www.pressenza.com\/de\/#\/schema\/logo\/image\/","url":"https:\/\/www.pressenza.com\/wp-content\/uploads\/2022\/10\/pressenza_logo_200x200.jpg","contentUrl":"https:\/\/www.pressenza.com\/wp-content\/uploads\/2022\/10\/pressenza_logo_200x200.jpg","width":200,"height":200,"caption":"Pressenza"},"image":{"@id":"https:\/\/www.pressenza.com\/de\/#\/schema\/logo\/image\/"},"sameAs":["https:\/\/www.facebook.com\/PressenzaItalia","https:\/\/x.com\/PressenzaIPA"]},{"@type":"Person","@id":"https:\/\/www.pressenza.com\/de\/#\/schema\/person\/636f8feb51f63f34e7378d5fcdd1de53","name":"Olivier Turquet","description":"Takes care of writing to tell the reality for about 40 years. He has worked with paper publications, radio and electronic He founded the electronic news agency humanist Good News. He was press secretary to various events such as: the International Humanist, Florence Play, the World March for Peace and Nonviolence. Currently coordinates the Italian team of Pressenza. olivierturquet.wordpress.com","sameAs":["http:\/\/olivierturquet.wordpress.com"],"url":"https:\/\/www.pressenza.com\/de\/author\/olivier-turquet\/"}]}},"place":"","original_article_url":"","_links":{"self":[{"href":"https:\/\/www.pressenza.com\/de\/wp-json\/wp\/v2\/posts\/773102","targetHints":{"allow":["GET"]}}],"collection":[{"href":"https:\/\/www.pressenza.com\/de\/wp-json\/wp\/v2\/posts"}],"about":[{"href":"https:\/\/www.pressenza.com\/de\/wp-json\/wp\/v2\/types\/post"}],"author":[{"embeddable":true,"href":"https:\/\/www.pressenza.com\/de\/wp-json\/wp\/v2\/users\/10"}],"replies":[{"embeddable":true,"href":"https:\/\/www.pressenza.com\/de\/wp-json\/wp\/v2\/comments?post=773102"}],"version-history":[{"count":0,"href":"https:\/\/www.pressenza.com\/de\/wp-json\/wp\/v2\/posts\/773102\/revisions"}],"wp:featuredmedia":[{"embeddable":true,"href":"https:\/\/www.pressenza.com\/de\/wp-json\/wp\/v2\/media\/771546"}],"wp:attachment":[{"href":"https:\/\/www.pressenza.com\/de\/wp-json\/wp\/v2\/media?parent=773102"}],"wp:term":[{"taxonomy":"category","embeddable":true,"href":"https:\/\/www.pressenza.com\/de\/wp-json\/wp\/v2\/categories?post=773102"},{"taxonomy":"post_tag","embeddable":true,"href":"https:\/\/www.pressenza.com\/de\/wp-json\/wp\/v2\/tags?post=773102"}],"curies":[{"name":"wp","href":"https:\/\/api.w.org\/{rel}","templated":true}]}}