{"id":767651,"date":"2018-11-29T20:37:44","date_gmt":"2018-11-29T20:37:44","guid":{"rendered":"https:\/\/www.pressenza.com\/?p=767651"},"modified":"2018-11-29T20:37:44","modified_gmt":"2018-11-29T20:37:44","slug":"sieben-richtigstellungen-zur-regierungspropaganda-zur-mindestsicherung-neu","status":"publish","type":"post","link":"https:\/\/www.pressenza.com\/de\/2018\/11\/sieben-richtigstellungen-zur-regierungspropaganda-zur-mindestsicherung-neu\/","title":{"rendered":"Sieben Richtigstellungen zur Regierungspropaganda zur \u201eMindestsicherung neu\u201c"},"content":{"rendered":"<p><strong>Von SOS Mitmensch (www.sosmitmensch.at)<\/strong><\/p>\n<p>&nbsp;<\/p>\n<p><strong>SOS Mitmensch ver\u00f6ffentlicht sieben Richtigstellungen zu den gro\u00dfteils irref\u00fchrenden Aussagen der Bundesregierung zur \u201eMindestsicherung neu\u201c. Die Regierung versucht die Bev\u00f6lkerung in die Irre zu f\u00fchren, doch diese hat ein Recht, das wahre Ausma\u00df der K\u00fcrzungen zu erfahren.<\/strong><\/p>\n<p><a href=\"http:\/\/www2.sosmitmensch.at\/dl\/KKnqJKJKNMKJqx4KJK\/Fragen_und_Antworten_Mindestsicherung_neu_28112018_.pdf\" target=\"_blank\" rel=\"noopener\"><strong>&#8211;&gt; Detailberechnungen und 25 Fragen &amp; Antworten zur &#8222;Mindestsicherung neu&#8220;<\/strong><\/a><\/p>\n<p>&nbsp;<\/p>\n<p><strong>Hier die sieben Richtigstellungen zur \u201eMindestsicherung neu\u201c:<\/strong><\/p>\n<ol>\n<li>Nicht nur arbeitslose und nicht arbeitsf\u00e4hige Personen verlieren durch die K\u00fcrzung der Mindestsicherung teilweise massiv, sondern auch arbeitende Menschen und Menschen im Pensionsalter, die bisher ihr Einkommen auf die H\u00f6he der Mindestsicherung aufstocken konnten.<\/li>\n<li>Elternpaare mit mehreren Kindern verlieren sp\u00e4testens ab dem dritten Kind in allen Bundesl\u00e4ndern dramatisch, und zwar unabh\u00e4ngig von der Staatsb\u00fcrgerschaft. Die Bundesl\u00e4nder k\u00f6nnen zwar durch einen Wohnzuschlag von maximal 30 Prozent teilweise korrigierend eingreifen, aber es ist noch vollkommen unklar, ob und in welchem Ausma\u00df sie das tun werden &#8211; und inwieweit der neue Wohnzuschlag den bisherigen Zuschlag, den es in einigen Bundesl\u00e4ndern bereits gab, \u00fcbertrifft.<\/li>\n<li>Aber auch Paare ohne Kinder verlieren erheblich \u2013 in Wien bis zu 1.036 Euro im Jahr, wenn sie Pflichtschulabschluss bzw. Sprachnachweis haben, und bis zu 8.236 Euro im Jahr ohne Pflichtschulabschluss bzw. Sprachnachweis.<\/li>\n<li>Auch alleinstehende Erwachsene mit Pflichtschulabschluss verlieren in einigen Bundesl\u00e4ndern &#8211; in Ober\u00f6sterreich beispielsweise bis zu 700 Euro im Jahr, wie die <a href=\"https:\/\/ooe.arbeiterkammer.at\/service\/presse\/Mindestsicherung_brutal_gekuerzt.html?fbclid=IwAR3ipkNnJRWXkTJQ0JD-Q6NfcRMjTyQBiTb3kImB___KWnU6PTNCUqDTjoI\" target=\"_blank\" rel=\"noopener\">Arbeiterkammer Ober\u00f6sterreich<\/a> berechnet hat.<\/li>\n<li>Alleinerziehende erhalten nur dann eine Spur mehr als bisher, wenn sie einen Pflichtschulabschluss bzw. Sprachnachweis haben und wenn sie, abh\u00e4ngig vom Bundesland, nicht mehr als zwei (Wien, O\u00d6, Tirol) bis f\u00fcnf (K\u00e4rnten, Steiermark) Kinder haben, andernfalls verlieren auch sie teils dramatisch.<\/li>\n<li>Menschen mit Behinderung bekommen nur dann mehr als bisher, wenn sie Pflichtschulabschluss haben bzw. einen Sprachnachweis erbringen k\u00f6nnen.<\/li>\n<li>Wer glaubt, die von der Regierung geplanten K\u00fcrzungen w\u00fcrden nur \u201eZugewanderte\u201c treffen, irrt gewaltig. Frauen, M\u00e4nner und Kinder, die noch keine M\u00f6glichkeit hatten, gut Deutsch zu lernen und einen Sprachnachweis zu erbringen, werden zwar besonders hart getroffen, aber es trifft auch fast alle anderen Bezugsgruppen, teilweise sogar dramatisch.<\/li>\n<\/ol>\n<p><strong>Sozialabbau trifft nahezu alle<\/strong><\/p>\n<p>\u201eDie Regierung teilt das Land in bislang beispielloser Weise in Menschen erster, zweiter und dritter Klasse. Mit fremdenfeindlicher Begleitmusik wird versucht, davon abzulenken, dass der Sozialabbau nahezu alle trifft, die auf Unterst\u00fctzung angewiesen sind, auch arbeitende Menschen\u201c, so Alexander Pollak, Sprecher von SOS Mitmensch.<\/p>\n<p>&nbsp;<\/p>\n<p><strong>Bev\u00f6lkerung reinen Wein einschenken<\/strong><\/p>\n<p>Pollak betont, dass die Regierung die Pflicht habe, der Bev\u00f6lkerung reinen Wein \u00fcber die geplanten K\u00fcrzungen und die drohende Armutsversch\u00e4rfung einzuschenken. \u201eTausenden Frauen, M\u00e4nnern und Kindern in \u00d6sterreich droht bittere Armut bis hin zum Verlust ihrer Wohnung. Die Schere zwischen Arm und Reich wird noch weiter als bisher auseinandergerissen. Das hat auch negative Auswirkungen auf Gesundheit, Bildung, Wohnen und das Zusammenleben\u201c, so Pollak.<\/p>\n<p>&nbsp;<\/p>\n<p><strong>Existenzbedrohende Verluste<\/strong><\/p>\n<p>Laut Berechnungen von SOS Mitmensch droht in der \u201eMindestsicherung neu\u201c Paaren ohne Kind ein j\u00e4hrlicher Verlust von 1.036 Euro, wenn sie Pflichtschulabschluss haben. Ohne Pflichtschulabschluss beziehungsweise ohne gute Deutschkenntnisse drohe Paaren ohne Kind sogar ein j\u00e4hrlicher Verlust von 8.236 Euro. F\u00fcr Elternpaare mit Kindern sei der Verlust noch dramatischer, so die Menschenrechtsorganisation. So drohe etwa Elternpaaren mit drei Kindern ein j\u00e4hrlicher Verlust von 4.764 Euro, wenn sie Pflichtschulabschluss haben. Ohne Pflichtschulabschluss beziehungsweise ohne gute Deutschkenntnisse drohe Paaren mit drei Kindern ein j\u00e4hrlicher Verlust von 11.964 Euro. Diese dramatischen Verluste seien f\u00fcr die betroffenen Elternpaare und ihre Kinder existenzbedrohend, kritisiert SOS Mitmensch. Auch Alleinstehende w\u00fcrden teils erhebliche Verluste erleiden, wenn sie keinen Pflichtschulabschluss oder mehr als zwei Kinder haben, so die Menschenrechtsorganisation.<\/p>\n<p>&nbsp;<\/p>\n","protected":false},"excerpt":{"rendered":"<p>Von SOS Mitmensch (www.sosmitmensch.at) &nbsp; SOS Mitmensch ver\u00f6ffentlicht sieben Richtigstellungen zu den gro\u00dfteils irref\u00fchrenden Aussagen der Bundesregierung zur \u201eMindestsicherung neu\u201c. Die Regierung versucht die Bev\u00f6lkerung in die Irre zu f\u00fchren, doch diese hat ein Recht, das wahre Ausma\u00df der K\u00fcrzungen&hellip;<\/p>\n","protected":false},"author":1090,"featured_media":767652,"comment_status":"closed","ping_status":"closed","sticky":false,"template":"","format":"standard","meta":{"footnotes":""},"categories":[20605],"tags":[52316,31347],"class_list":["post-767651","post","type-post","status-publish","format-standard","has-post-thumbnail","hentry","category-unkategorisiert","tag-familie","tag-sozialabbau"],"yoast_head":"<!-- This site is optimized with the Yoast SEO plugin v27.1.1 - https:\/\/yoast.com\/product\/yoast-seo-wordpress\/ -->\n<title>Sieben Richtigstellungen zur Regierungspropaganda zur \u201eMindestsicherung neu\u201c<\/title>\n<meta name=\"description\" content=\"Von SOS Mitmensch (www.sosmitmensch.at) &nbsp; SOS Mitmensch ver\u00f6ffentlicht sieben Richtigstellungen zu den gro\u00dfteils irref\u00fchrenden Aussagen der\" \/>\n<meta name=\"robots\" content=\"index, follow, max-snippet:-1, max-image-preview:large, max-video-preview:-1\" \/>\n<link rel=\"canonical\" href=\"https:\/\/www.pressenza.com\/de\/2018\/11\/sieben-richtigstellungen-zur-regierungspropaganda-zur-mindestsicherung-neu\/\" \/>\n<meta property=\"og:locale\" content=\"de_DE\" \/>\n<meta property=\"og:type\" content=\"article\" \/>\n<meta property=\"og:title\" content=\"Sieben Richtigstellungen zur Regierungspropaganda zur \u201eMindestsicherung neu\u201c\" \/>\n<meta property=\"og:description\" content=\"Von SOS Mitmensch (www.sosmitmensch.at) &nbsp; SOS Mitmensch ver\u00f6ffentlicht sieben Richtigstellungen zu den gro\u00dfteils irref\u00fchrenden Aussagen der\" \/>\n<meta property=\"og:url\" content=\"https:\/\/www.pressenza.com\/de\/2018\/11\/sieben-richtigstellungen-zur-regierungspropaganda-zur-mindestsicherung-neu\/\" \/>\n<meta property=\"og:site_name\" content=\"Pressenza\" \/>\n<meta property=\"article:publisher\" content=\"https:\/\/www.facebook.com\/PressenzaItalia\" \/>\n<meta property=\"article:published_time\" content=\"2018-11-29T20:37:44+00:00\" \/>\n<meta property=\"og:image\" content=\"https:\/\/www.pressenza.com\/wp-content\/uploads\/2018\/11\/1F0B9697-E316-4A32-B5A5-C24908954324.jpeg\" \/>\n\t<meta property=\"og:image:width\" content=\"359\" \/>\n\t<meta property=\"og:image:height\" content=\"240\" \/>\n\t<meta property=\"og:image:type\" content=\"image\/jpeg\" \/>\n<meta name=\"author\" content=\"Sabine Schmitz\" \/>\n<meta name=\"twitter:card\" content=\"summary_large_image\" \/>\n<meta name=\"twitter:creator\" content=\"@PressenzaIPA\" \/>\n<meta name=\"twitter:site\" content=\"@PressenzaIPA\" \/>\n<meta name=\"twitter:label1\" content=\"Verfasst von\" \/>\n\t<meta name=\"twitter:data1\" content=\"Sabine Schmitz\" \/>\n\t<meta name=\"twitter:label2\" content=\"Gesch\u00e4tzte Lesezeit\" \/>\n\t<meta name=\"twitter:data2\" content=\"3\u00a0Minuten\" \/>\n<script type=\"application\/ld+json\" class=\"yoast-schema-graph\">{\"@context\":\"https:\/\/schema.org\",\"@graph\":[{\"@type\":\"Article\",\"@id\":\"https:\/\/www.pressenza.com\/de\/2018\/11\/sieben-richtigstellungen-zur-regierungspropaganda-zur-mindestsicherung-neu\/#article\",\"isPartOf\":{\"@id\":\"https:\/\/www.pressenza.com\/de\/2018\/11\/sieben-richtigstellungen-zur-regierungspropaganda-zur-mindestsicherung-neu\/\"},\"author\":{\"name\":\"Sabine Schmitz\",\"@id\":\"https:\/\/www.pressenza.com\/de\/#\/schema\/person\/c58ad4d6610e5f63ca1e6639de615c90\"},\"headline\":\"Sieben Richtigstellungen zur Regierungspropaganda zur \u201eMindestsicherung neu\u201c\",\"datePublished\":\"2018-11-29T20:37:44+00:00\",\"mainEntityOfPage\":{\"@id\":\"https:\/\/www.pressenza.com\/de\/2018\/11\/sieben-richtigstellungen-zur-regierungspropaganda-zur-mindestsicherung-neu\/\"},\"wordCount\":606,\"publisher\":{\"@id\":\"https:\/\/www.pressenza.com\/de\/#organization\"},\"image\":{\"@id\":\"https:\/\/www.pressenza.com\/de\/2018\/11\/sieben-richtigstellungen-zur-regierungspropaganda-zur-mindestsicherung-neu\/#primaryimage\"},\"thumbnailUrl\":\"https:\/\/www.pressenza.com\/wp-content\/uploads\/2018\/11\/1F0B9697-E316-4A32-B5A5-C24908954324.jpeg\",\"keywords\":[\"Familie\",\"Sozialabbau\"],\"articleSection\":[\"Unkategorisiert\"],\"inLanguage\":\"de\"},{\"@type\":\"WebPage\",\"@id\":\"https:\/\/www.pressenza.com\/de\/2018\/11\/sieben-richtigstellungen-zur-regierungspropaganda-zur-mindestsicherung-neu\/\",\"url\":\"https:\/\/www.pressenza.com\/de\/2018\/11\/sieben-richtigstellungen-zur-regierungspropaganda-zur-mindestsicherung-neu\/\",\"name\":\"Sieben Richtigstellungen zur Regierungspropaganda zur \u201eMindestsicherung neu\u201c\",\"isPartOf\":{\"@id\":\"https:\/\/www.pressenza.com\/de\/#website\"},\"primaryImageOfPage\":{\"@id\":\"https:\/\/www.pressenza.com\/de\/2018\/11\/sieben-richtigstellungen-zur-regierungspropaganda-zur-mindestsicherung-neu\/#primaryimage\"},\"image\":{\"@id\":\"https:\/\/www.pressenza.com\/de\/2018\/11\/sieben-richtigstellungen-zur-regierungspropaganda-zur-mindestsicherung-neu\/#primaryimage\"},\"thumbnailUrl\":\"https:\/\/www.pressenza.com\/wp-content\/uploads\/2018\/11\/1F0B9697-E316-4A32-B5A5-C24908954324.jpeg\",\"datePublished\":\"2018-11-29T20:37:44+00:00\",\"description\":\"Von SOS Mitmensch (www.sosmitmensch.at) &nbsp; SOS Mitmensch ver\u00f6ffentlicht sieben Richtigstellungen zu den gro\u00dfteils irref\u00fchrenden Aussagen der\",\"breadcrumb\":{\"@id\":\"https:\/\/www.pressenza.com\/de\/2018\/11\/sieben-richtigstellungen-zur-regierungspropaganda-zur-mindestsicherung-neu\/#breadcrumb\"},\"inLanguage\":\"de\",\"potentialAction\":[{\"@type\":\"ReadAction\",\"target\":[\"https:\/\/www.pressenza.com\/de\/2018\/11\/sieben-richtigstellungen-zur-regierungspropaganda-zur-mindestsicherung-neu\/\"]}]},{\"@type\":\"ImageObject\",\"inLanguage\":\"de\",\"@id\":\"https:\/\/www.pressenza.com\/de\/2018\/11\/sieben-richtigstellungen-zur-regierungspropaganda-zur-mindestsicherung-neu\/#primaryimage\",\"url\":\"https:\/\/www.pressenza.com\/wp-content\/uploads\/2018\/11\/1F0B9697-E316-4A32-B5A5-C24908954324.jpeg\",\"contentUrl\":\"https:\/\/www.pressenza.com\/wp-content\/uploads\/2018\/11\/1F0B9697-E316-4A32-B5A5-C24908954324.jpeg\",\"width\":359,\"height\":240},{\"@type\":\"BreadcrumbList\",\"@id\":\"https:\/\/www.pressenza.com\/de\/2018\/11\/sieben-richtigstellungen-zur-regierungspropaganda-zur-mindestsicherung-neu\/#breadcrumb\",\"itemListElement\":[{\"@type\":\"ListItem\",\"position\":1,\"name\":\"Accueil\",\"item\":\"https:\/\/www.pressenza.com\/de\/\"},{\"@type\":\"ListItem\",\"position\":2,\"name\":\"Sieben Richtigstellungen zur Regierungspropaganda zur \u201eMindestsicherung neu\u201c\"}]},{\"@type\":\"WebSite\",\"@id\":\"https:\/\/www.pressenza.com\/de\/#website\",\"url\":\"https:\/\/www.pressenza.com\/de\/\",\"name\":\"Pressenza\",\"description\":\"International Press Agency\",\"publisher\":{\"@id\":\"https:\/\/www.pressenza.com\/de\/#organization\"},\"potentialAction\":[{\"@type\":\"SearchAction\",\"target\":{\"@type\":\"EntryPoint\",\"urlTemplate\":\"https:\/\/www.pressenza.com\/de\/?s={search_term_string}\"},\"query-input\":{\"@type\":\"PropertyValueSpecification\",\"valueRequired\":true,\"valueName\":\"search_term_string\"}}],\"inLanguage\":\"de\"},{\"@type\":\"Organization\",\"@id\":\"https:\/\/www.pressenza.com\/de\/#organization\",\"name\":\"Pressenza\",\"url\":\"https:\/\/www.pressenza.com\/de\/\",\"logo\":{\"@type\":\"ImageObject\",\"inLanguage\":\"de\",\"@id\":\"https:\/\/www.pressenza.com\/de\/#\/schema\/logo\/image\/\",\"url\":\"https:\/\/www.pressenza.com\/wp-content\/uploads\/2022\/10\/pressenza_logo_200x200.jpg\",\"contentUrl\":\"https:\/\/www.pressenza.com\/wp-content\/uploads\/2022\/10\/pressenza_logo_200x200.jpg\",\"width\":200,\"height\":200,\"caption\":\"Pressenza\"},\"image\":{\"@id\":\"https:\/\/www.pressenza.com\/de\/#\/schema\/logo\/image\/\"},\"sameAs\":[\"https:\/\/www.facebook.com\/PressenzaItalia\",\"https:\/\/x.com\/PressenzaIPA\"]},{\"@type\":\"Person\",\"@id\":\"https:\/\/www.pressenza.com\/de\/#\/schema\/person\/c58ad4d6610e5f63ca1e6639de615c90\",\"name\":\"Sabine Schmitz\",\"description\":\"Born in 1968, lives in Vienna and has been actively involved in humanist projects in Germany, Africa and Austria since 1990. As an editor at Pressenza, she wants to help promote positive social change through reporting that focuses on peace and non-violence.\",\"url\":\"https:\/\/www.pressenza.com\/de\/author\/sabine-kroesen\/\"}]}<\/script>\n<!-- \/ Yoast SEO plugin. -->","yoast_head_json":{"title":"Sieben Richtigstellungen zur Regierungspropaganda zur \u201eMindestsicherung neu\u201c","description":"Von SOS Mitmensch (www.sosmitmensch.at) &nbsp; SOS Mitmensch ver\u00f6ffentlicht sieben Richtigstellungen zu den gro\u00dfteils irref\u00fchrenden Aussagen der","robots":{"index":"index","follow":"follow","max-snippet":"max-snippet:-1","max-image-preview":"max-image-preview:large","max-video-preview":"max-video-preview:-1"},"canonical":"https:\/\/www.pressenza.com\/de\/2018\/11\/sieben-richtigstellungen-zur-regierungspropaganda-zur-mindestsicherung-neu\/","og_locale":"de_DE","og_type":"article","og_title":"Sieben Richtigstellungen zur Regierungspropaganda zur \u201eMindestsicherung neu\u201c","og_description":"Von SOS Mitmensch (www.sosmitmensch.at) &nbsp; SOS Mitmensch ver\u00f6ffentlicht sieben Richtigstellungen zu den gro\u00dfteils irref\u00fchrenden Aussagen der","og_url":"https:\/\/www.pressenza.com\/de\/2018\/11\/sieben-richtigstellungen-zur-regierungspropaganda-zur-mindestsicherung-neu\/","og_site_name":"Pressenza","article_publisher":"https:\/\/www.facebook.com\/PressenzaItalia","article_published_time":"2018-11-29T20:37:44+00:00","og_image":[{"width":359,"height":240,"url":"https:\/\/www.pressenza.com\/wp-content\/uploads\/2018\/11\/1F0B9697-E316-4A32-B5A5-C24908954324.jpeg","type":"image\/jpeg"}],"author":"Sabine Schmitz","twitter_card":"summary_large_image","twitter_creator":"@PressenzaIPA","twitter_site":"@PressenzaIPA","twitter_misc":{"Verfasst von":"Sabine Schmitz","Gesch\u00e4tzte Lesezeit":"3\u00a0Minuten"},"schema":{"@context":"https:\/\/schema.org","@graph":[{"@type":"Article","@id":"https:\/\/www.pressenza.com\/de\/2018\/11\/sieben-richtigstellungen-zur-regierungspropaganda-zur-mindestsicherung-neu\/#article","isPartOf":{"@id":"https:\/\/www.pressenza.com\/de\/2018\/11\/sieben-richtigstellungen-zur-regierungspropaganda-zur-mindestsicherung-neu\/"},"author":{"name":"Sabine Schmitz","@id":"https:\/\/www.pressenza.com\/de\/#\/schema\/person\/c58ad4d6610e5f63ca1e6639de615c90"},"headline":"Sieben Richtigstellungen zur Regierungspropaganda zur \u201eMindestsicherung neu\u201c","datePublished":"2018-11-29T20:37:44+00:00","mainEntityOfPage":{"@id":"https:\/\/www.pressenza.com\/de\/2018\/11\/sieben-richtigstellungen-zur-regierungspropaganda-zur-mindestsicherung-neu\/"},"wordCount":606,"publisher":{"@id":"https:\/\/www.pressenza.com\/de\/#organization"},"image":{"@id":"https:\/\/www.pressenza.com\/de\/2018\/11\/sieben-richtigstellungen-zur-regierungspropaganda-zur-mindestsicherung-neu\/#primaryimage"},"thumbnailUrl":"https:\/\/www.pressenza.com\/wp-content\/uploads\/2018\/11\/1F0B9697-E316-4A32-B5A5-C24908954324.jpeg","keywords":["Familie","Sozialabbau"],"articleSection":["Unkategorisiert"],"inLanguage":"de"},{"@type":"WebPage","@id":"https:\/\/www.pressenza.com\/de\/2018\/11\/sieben-richtigstellungen-zur-regierungspropaganda-zur-mindestsicherung-neu\/","url":"https:\/\/www.pressenza.com\/de\/2018\/11\/sieben-richtigstellungen-zur-regierungspropaganda-zur-mindestsicherung-neu\/","name":"Sieben Richtigstellungen zur Regierungspropaganda zur \u201eMindestsicherung neu\u201c","isPartOf":{"@id":"https:\/\/www.pressenza.com\/de\/#website"},"primaryImageOfPage":{"@id":"https:\/\/www.pressenza.com\/de\/2018\/11\/sieben-richtigstellungen-zur-regierungspropaganda-zur-mindestsicherung-neu\/#primaryimage"},"image":{"@id":"https:\/\/www.pressenza.com\/de\/2018\/11\/sieben-richtigstellungen-zur-regierungspropaganda-zur-mindestsicherung-neu\/#primaryimage"},"thumbnailUrl":"https:\/\/www.pressenza.com\/wp-content\/uploads\/2018\/11\/1F0B9697-E316-4A32-B5A5-C24908954324.jpeg","datePublished":"2018-11-29T20:37:44+00:00","description":"Von SOS Mitmensch (www.sosmitmensch.at) &nbsp; SOS Mitmensch ver\u00f6ffentlicht sieben Richtigstellungen zu den gro\u00dfteils irref\u00fchrenden Aussagen der","breadcrumb":{"@id":"https:\/\/www.pressenza.com\/de\/2018\/11\/sieben-richtigstellungen-zur-regierungspropaganda-zur-mindestsicherung-neu\/#breadcrumb"},"inLanguage":"de","potentialAction":[{"@type":"ReadAction","target":["https:\/\/www.pressenza.com\/de\/2018\/11\/sieben-richtigstellungen-zur-regierungspropaganda-zur-mindestsicherung-neu\/"]}]},{"@type":"ImageObject","inLanguage":"de","@id":"https:\/\/www.pressenza.com\/de\/2018\/11\/sieben-richtigstellungen-zur-regierungspropaganda-zur-mindestsicherung-neu\/#primaryimage","url":"https:\/\/www.pressenza.com\/wp-content\/uploads\/2018\/11\/1F0B9697-E316-4A32-B5A5-C24908954324.jpeg","contentUrl":"https:\/\/www.pressenza.com\/wp-content\/uploads\/2018\/11\/1F0B9697-E316-4A32-B5A5-C24908954324.jpeg","width":359,"height":240},{"@type":"BreadcrumbList","@id":"https:\/\/www.pressenza.com\/de\/2018\/11\/sieben-richtigstellungen-zur-regierungspropaganda-zur-mindestsicherung-neu\/#breadcrumb","itemListElement":[{"@type":"ListItem","position":1,"name":"Accueil","item":"https:\/\/www.pressenza.com\/de\/"},{"@type":"ListItem","position":2,"name":"Sieben Richtigstellungen zur Regierungspropaganda zur \u201eMindestsicherung neu\u201c"}]},{"@type":"WebSite","@id":"https:\/\/www.pressenza.com\/de\/#website","url":"https:\/\/www.pressenza.com\/de\/","name":"Pressenza","description":"International Press Agency","publisher":{"@id":"https:\/\/www.pressenza.com\/de\/#organization"},"potentialAction":[{"@type":"SearchAction","target":{"@type":"EntryPoint","urlTemplate":"https:\/\/www.pressenza.com\/de\/?s={search_term_string}"},"query-input":{"@type":"PropertyValueSpecification","valueRequired":true,"valueName":"search_term_string"}}],"inLanguage":"de"},{"@type":"Organization","@id":"https:\/\/www.pressenza.com\/de\/#organization","name":"Pressenza","url":"https:\/\/www.pressenza.com\/de\/","logo":{"@type":"ImageObject","inLanguage":"de","@id":"https:\/\/www.pressenza.com\/de\/#\/schema\/logo\/image\/","url":"https:\/\/www.pressenza.com\/wp-content\/uploads\/2022\/10\/pressenza_logo_200x200.jpg","contentUrl":"https:\/\/www.pressenza.com\/wp-content\/uploads\/2022\/10\/pressenza_logo_200x200.jpg","width":200,"height":200,"caption":"Pressenza"},"image":{"@id":"https:\/\/www.pressenza.com\/de\/#\/schema\/logo\/image\/"},"sameAs":["https:\/\/www.facebook.com\/PressenzaItalia","https:\/\/x.com\/PressenzaIPA"]},{"@type":"Person","@id":"https:\/\/www.pressenza.com\/de\/#\/schema\/person\/c58ad4d6610e5f63ca1e6639de615c90","name":"Sabine Schmitz","description":"Born in 1968, lives in Vienna and has been actively involved in humanist projects in Germany, Africa and Austria since 1990. As an editor at Pressenza, she wants to help promote positive social change through reporting that focuses on peace and non-violence.","url":"https:\/\/www.pressenza.com\/de\/author\/sabine-kroesen\/"}]}},"place":"","original_article_url":"https:\/\/www2.sosmitmensch.at\/sieben-richtigstellungen-zur-regierungspropaganda-zur-mindestsicherung","_links":{"self":[{"href":"https:\/\/www.pressenza.com\/de\/wp-json\/wp\/v2\/posts\/767651","targetHints":{"allow":["GET"]}}],"collection":[{"href":"https:\/\/www.pressenza.com\/de\/wp-json\/wp\/v2\/posts"}],"about":[{"href":"https:\/\/www.pressenza.com\/de\/wp-json\/wp\/v2\/types\/post"}],"author":[{"embeddable":true,"href":"https:\/\/www.pressenza.com\/de\/wp-json\/wp\/v2\/users\/1090"}],"replies":[{"embeddable":true,"href":"https:\/\/www.pressenza.com\/de\/wp-json\/wp\/v2\/comments?post=767651"}],"version-history":[{"count":0,"href":"https:\/\/www.pressenza.com\/de\/wp-json\/wp\/v2\/posts\/767651\/revisions"}],"wp:featuredmedia":[{"embeddable":true,"href":"https:\/\/www.pressenza.com\/de\/wp-json\/wp\/v2\/media\/767652"}],"wp:attachment":[{"href":"https:\/\/www.pressenza.com\/de\/wp-json\/wp\/v2\/media?parent=767651"}],"wp:term":[{"taxonomy":"category","embeddable":true,"href":"https:\/\/www.pressenza.com\/de\/wp-json\/wp\/v2\/categories?post=767651"},{"taxonomy":"post_tag","embeddable":true,"href":"https:\/\/www.pressenza.com\/de\/wp-json\/wp\/v2\/tags?post=767651"}],"curies":[{"name":"wp","href":"https:\/\/api.w.org\/{rel}","templated":true}]}}