{"id":767410,"date":"2018-12-06T10:32:16","date_gmt":"2018-12-06T10:32:16","guid":{"rendered":"https:\/\/www.pressenza.com\/?p=767410"},"modified":"2018-12-06T10:36:54","modified_gmt":"2018-12-06T10:36:54","slug":"transday-of-remembrance-am-20-11","status":"publish","type":"post","link":"https:\/\/www.pressenza.com\/de\/2018\/12\/transday-of-remembrance-am-20-11\/","title":{"rendered":"Trans*Day of Remembrance am 20 .11."},"content":{"rendered":"<p><strong>Im November 1998 wurde in den USA die afro-amerikanische Trans*frau Rita Hester ermordet. Am darauffolgenden Freitag versammelten sich \u00fcber 250 Menschen, um ihrer Trauer und Wut \u00fcber diesen Mord Ausdruck zu geben. Dieser Fall wurde bis heute nicht aufgekl\u00e4rt.<\/strong><\/p>\n<p>Zum Anlass des International TRANS* DAY OF REMEMBRANCE (TDOR) gedenken wir an Opfer von Gewalt durch Transphobie. Wir gedenken jenen aus unserer Community, die wir verloren haben. Wir wollen die gegenw\u00e4rtige Wahrnehmung von Hasskriminalit\u00e4t gegen trans* und gendervarianten Menschen verbessern, den Widerstand vereinigen und die Leben derjenigen ehren, die ansonsten vergessen w\u00e4ren.<\/p>\n<p>Viele trans* Menschen werden im Laufe ihres Lebens Opfer von \u00dcbergriffen bis hin zu Gewalt. Stigma und Diskriminierung von trans* und gendervarianten Menschen ist weltweit real und schwerwiegend und sind Teil einer strukturellen und st\u00e4ndigen Unterdr\u00fcckung, die uns unsere grundlegenden Rechte verwehrt. Trans* und gendervariante Menschen sind Opfer von entsetzlicher Hasskriminalit\u00e4t einschlie\u00dflich Erpressung sowie physischer, psychischer und seelischer Gewalt bis hin zu sexuellen Erniedrigung, Vergewaltigung bis hin zur Ermordung. In den meisten L\u00e4ndern werden Daten \u00fcber ermordete trans* und gendervariante Menschen nicht systematisch erhoben und es ist daher unm\u00f6glich die genaue Zahl der F\u00e4lle zu ermitteln.<\/p>\n<p>Das TdoR 2018 Update hat im Zeitraum vom 1. Oktober 2017 bis zum 30. September 2018 insgesamt 369 F\u00e4lle von gemeldeten Morden an trans* und gendervarianten Menschen aufgedeckt. Dies ist verglichen mit dem vorj\u00e4hrigen Update ein Anstieg von 44 F\u00e4llen und ein Anstieg von 74 F\u00e4llen seit 2016. Die Mehrzahl der Morde geschah in Brasilien (167), Mexiko (71), den Vereinigten Staaten (28) und Kolumbien (21). Dies addiert sich zu insgesamt 2982 gemeldeten F\u00e4llen in 72 Staaten weltweit f\u00fcr den Zeitraum vom 1. Januar 2008 und 30. September 2018. Dies sind nur die an TvT gemeldete F\u00e4lle.<\/p>\n<p>Gewalt gegen trans* und gendervariante Menschen \u00fcberschneidet sich h\u00e4ufig mit anderen Achsen der Unterdr\u00fcckung in der Gesellschaft, wie Rassismus, Sexismus, Xenophobie und Ablehnung und Unterdr\u00fcckung von Sexarbeit. Die TMM Daten zeigen, dass die Opfer, deren Beruf bekannt sind, meist Sexarbeitende (62%) sind. In den Vereinigten Staaten sind die Mehrzahl der ermordeten trans* Menschen, Frauen of Colour und\/oder Native American trans* Frauen (85%). In Frankreich, Italien und Spanien, die die Staaten mit den meisten trans* und gendervarianten Menschen aus Afrika, sowie aus Zentral- und S\u00fcdamerika Eingewanderten sind, waren (65%) der Mordopfer Eingewanderte.<\/p>\n<blockquote>\n<p class=\"western\"><em><strong>Ein Angriff auf Minderheiten ist ein Angriff auf\u00a0 Menschenrechte und greift automatisch alle damit an. Wir brauchen \u00dcberlegungen in der Politik, Gesellschaft und Wirtschaft um Entwicklungen f\u00fcr alle zu erm\u00f6glichen, Perspektiven zu schaffen und Menschen mitzunehmen.<\/strong><\/em><\/p>\n<\/blockquote>\n<p>Wir fordern ein Recht auf Leben, Gestaltung in Selbstbestimmung, gleiche Rechte, Akzeptanz und Gleichbehandlung.<\/p>\n<ul>\n<li>Wer sind wir?<\/li>\n<li>Was macht uns aus?<\/li>\n<li>Was unterscheidet uns?<\/li>\n<li>Was bedeutet f\u00fcr uns Ausschluss und Verdr\u00e4ngung?<\/li>\n<li>Gibt es Schubladen bei uns?<\/li>\n<li>Wie geht jeder Einzelne von uns mit Unterschiedlichkeit um und welche Perspektive kann das f\u00fcr unser eigenes Leben und Entwicklung bedeuten?<\/li>\n<li>Glauben wir an Ideologien, die uns von au\u00dfen einordnen und wird dies uns reduzieren?<\/li>\n<\/ul>\n<p>Warum wird einer Ideologie mit einer Zahl auf einen Schein (Geld) mehr Bedeutung beigemessen als individuelle Entfaltung, gesellschaftliche Teilhabe, Arbeit, Gesundheit, Wohlstand und Leben?<\/p>\n<p>Welche Vorstellung und Erwartung haben wir selbst?<\/p>\n<p>Um Klarheit zu bekommen, um L\u00f6sungen zu erarbeiten brauchen wir uns gemeinsam. Polarisierung spaltet und Interesse verbindet. Daf\u00fcr braucht es den Austausch mit einer Sprache die mitnimmt.<\/p>\n<p><strong>Die Unterschiedlichkeit hat gro\u00dfes Potential zur Bereicherung f\u00fcr Wissenschaft, Forschung und am meisten f\u00fcr uns selbst.<\/strong><\/p>\n<p><img loading=\"lazy\" decoding=\"async\" class=\"aligncenter wp-image-771374\" src=\"https:\/\/www.pressenza.com\/wp-content\/uploads\/2018\/11\/WhatsApp-Image-2018-11-30-at-11.29.20-720x480.jpeg\" alt=\"\" width=\"752\" height=\"501\" srcset=\"https:\/\/www.pressenza.com\/wp-content\/uploads\/2018\/11\/WhatsApp-Image-2018-11-30-at-11.29.20-720x480.jpeg 720w, https:\/\/www.pressenza.com\/wp-content\/uploads\/2018\/11\/WhatsApp-Image-2018-11-30-at-11.29.20-300x200.jpeg 300w, https:\/\/www.pressenza.com\/wp-content\/uploads\/2018\/11\/WhatsApp-Image-2018-11-30-at-11.29.20-768x512.jpeg 768w, https:\/\/www.pressenza.com\/wp-content\/uploads\/2018\/11\/WhatsApp-Image-2018-11-30-at-11.29.20.jpeg 792w\" sizes=\"auto, (max-width: 752px) 100vw, 752px\" \/> <img loading=\"lazy\" decoding=\"async\" class=\"aligncenter wp-image-771392\" src=\"https:\/\/www.pressenza.com\/wp-content\/uploads\/2018\/11\/WhatsApp-Image-2018-11-30-at-11.31.59-720x480.jpeg\" alt=\"\" width=\"750\" height=\"500\" srcset=\"https:\/\/www.pressenza.com\/wp-content\/uploads\/2018\/11\/WhatsApp-Image-2018-11-30-at-11.31.59-720x480.jpeg 720w, https:\/\/www.pressenza.com\/wp-content\/uploads\/2018\/11\/WhatsApp-Image-2018-11-30-at-11.31.59-300x200.jpeg 300w, https:\/\/www.pressenza.com\/wp-content\/uploads\/2018\/11\/WhatsApp-Image-2018-11-30-at-11.31.59-768x512.jpeg 768w, https:\/\/www.pressenza.com\/wp-content\/uploads\/2018\/11\/WhatsApp-Image-2018-11-30-at-11.31.59.jpeg 792w\" sizes=\"auto, (max-width: 750px) 100vw, 750px\" \/> <img loading=\"lazy\" decoding=\"async\" class=\"aligncenter wp-image-771365\" src=\"https:\/\/www.pressenza.com\/wp-content\/uploads\/2018\/11\/WhatsApp-Image-2018-11-30-at-11.25.01-720x540.jpeg\" alt=\"\" width=\"752\" height=\"564\" srcset=\"https:\/\/www.pressenza.com\/wp-content\/uploads\/2018\/11\/WhatsApp-Image-2018-11-30-at-11.25.01-720x540.jpeg 720w, https:\/\/www.pressenza.com\/wp-content\/uploads\/2018\/11\/WhatsApp-Image-2018-11-30-at-11.25.01-300x225.jpeg 300w, https:\/\/www.pressenza.com\/wp-content\/uploads\/2018\/11\/WhatsApp-Image-2018-11-30-at-11.25.01-768x576.jpeg 768w, https:\/\/www.pressenza.com\/wp-content\/uploads\/2018\/11\/WhatsApp-Image-2018-11-30-at-11.25.01.jpeg 1280w\" sizes=\"auto, (max-width: 752px) 100vw, 752px\" \/><\/p>\n","protected":false},"excerpt":{"rendered":"<p>Im November 1998 wurde in den USA die afro-amerikanische Trans*frau Rita Hester ermordet. Am darauffolgenden Freitag versammelten sich \u00fcber 250 Menschen, um ihrer Trauer und Wut \u00fcber diesen Mord Ausdruck zu geben. Dieser Fall wurde bis heute nicht aufgekl\u00e4rt. Zum&hellip;<\/p>\n","protected":false},"author":1095,"featured_media":767360,"comment_status":"closed","ping_status":"closed","sticky":false,"template":"","format":"standard","meta":{"footnotes":""},"categories":[9161,9165],"tags":[52295,8919,17596],"class_list":["post-767410","post","type-post","status-publish","format-standard","has-post-thumbnail","hentry","category-menschenrechte","category-vielfalt","tag-gendervariante-menschen","tag-transgender","tag-transphobie"],"yoast_head":"<!-- This site is optimized with the Yoast SEO plugin v27.1.1 - https:\/\/yoast.com\/product\/yoast-seo-wordpress\/ -->\n<title>Trans*Day of Remembrance am 20 .11.<\/title>\n<meta name=\"description\" content=\"Im November 1998 wurde in den USA die afro-amerikanische Trans*frau Rita Hester ermordet. Am darauffolgenden Freitag versammelten sich \u00fcber 250 Menschen,\" \/>\n<meta name=\"robots\" content=\"index, follow, max-snippet:-1, max-image-preview:large, max-video-preview:-1\" \/>\n<link rel=\"canonical\" href=\"https:\/\/www.pressenza.com\/de\/2018\/12\/transday-of-remembrance-am-20-11\/\" \/>\n<meta property=\"og:locale\" content=\"de_DE\" \/>\n<meta property=\"og:type\" content=\"article\" \/>\n<meta property=\"og:title\" content=\"Trans*Day of Remembrance am 20 .11.\" \/>\n<meta property=\"og:description\" content=\"Im November 1998 wurde in den USA die afro-amerikanische Trans*frau Rita Hester ermordet. Am darauffolgenden Freitag versammelten sich \u00fcber 250 Menschen,\" \/>\n<meta property=\"og:url\" content=\"https:\/\/www.pressenza.com\/de\/2018\/12\/transday-of-remembrance-am-20-11\/\" \/>\n<meta property=\"og:site_name\" content=\"Pressenza\" \/>\n<meta property=\"article:publisher\" content=\"https:\/\/www.facebook.com\/PressenzaItalia\" \/>\n<meta property=\"article:author\" content=\"https:\/\/www.facebook.com\/Pressenza-Deutschland-sterreich-Schweiz-281675388658060\/timeline\/\" \/>\n<meta property=\"article:published_time\" content=\"2018-12-06T10:32:16+00:00\" \/>\n<meta property=\"article:modified_time\" content=\"2018-12-06T10:36:54+00:00\" \/>\n<meta property=\"og:image\" content=\"https:\/\/www.pressenza.com\/wp-content\/uploads\/2018\/11\/Trans.jpg\" \/>\n\t<meta property=\"og:image:width\" content=\"750\" \/>\n\t<meta property=\"og:image:height\" content=\"415\" \/>\n\t<meta property=\"og:image:type\" content=\"image\/jpeg\" \/>\n<meta name=\"author\" content=\"Pressenza Berlin\" \/>\n<meta name=\"twitter:card\" content=\"summary_large_image\" \/>\n<meta name=\"twitter:creator\" content=\"@pressenza_ger\" \/>\n<meta name=\"twitter:site\" content=\"@PressenzaIPA\" \/>\n<meta name=\"twitter:label1\" content=\"Verfasst von\" \/>\n\t<meta name=\"twitter:data1\" content=\"Pressenza Berlin\" \/>\n\t<meta name=\"twitter:label2\" content=\"Gesch\u00e4tzte Lesezeit\" \/>\n\t<meta name=\"twitter:data2\" content=\"3\u00a0Minuten\" \/>\n<script type=\"application\/ld+json\" class=\"yoast-schema-graph\">{\"@context\":\"https:\/\/schema.org\",\"@graph\":[{\"@type\":\"Article\",\"@id\":\"https:\/\/www.pressenza.com\/de\/2018\/12\/transday-of-remembrance-am-20-11\/#article\",\"isPartOf\":{\"@id\":\"https:\/\/www.pressenza.com\/de\/2018\/12\/transday-of-remembrance-am-20-11\/\"},\"author\":{\"name\":\"Pressenza Berlin\",\"@id\":\"https:\/\/www.pressenza.com\/de\/#\/schema\/person\/57bb5480943a496a7722b0248e4b658a\"},\"headline\":\"Trans*Day of Remembrance am 20 .11.\",\"datePublished\":\"2018-12-06T10:32:16+00:00\",\"dateModified\":\"2018-12-06T10:36:54+00:00\",\"mainEntityOfPage\":{\"@id\":\"https:\/\/www.pressenza.com\/de\/2018\/12\/transday-of-remembrance-am-20-11\/\"},\"wordCount\":571,\"publisher\":{\"@id\":\"https:\/\/www.pressenza.com\/de\/#organization\"},\"image\":{\"@id\":\"https:\/\/www.pressenza.com\/de\/2018\/12\/transday-of-remembrance-am-20-11\/#primaryimage\"},\"thumbnailUrl\":\"https:\/\/www.pressenza.com\/wp-content\/uploads\/2018\/11\/Trans.jpg\",\"keywords\":[\"gendervariante Menschen\",\"transgender\",\"Transphobie\"],\"articleSection\":[\"Menschenrechte\",\"Vielfalt\"],\"inLanguage\":\"de\"},{\"@type\":\"WebPage\",\"@id\":\"https:\/\/www.pressenza.com\/de\/2018\/12\/transday-of-remembrance-am-20-11\/\",\"url\":\"https:\/\/www.pressenza.com\/de\/2018\/12\/transday-of-remembrance-am-20-11\/\",\"name\":\"Trans*Day of Remembrance am 20 .11.\",\"isPartOf\":{\"@id\":\"https:\/\/www.pressenza.com\/de\/#website\"},\"primaryImageOfPage\":{\"@id\":\"https:\/\/www.pressenza.com\/de\/2018\/12\/transday-of-remembrance-am-20-11\/#primaryimage\"},\"image\":{\"@id\":\"https:\/\/www.pressenza.com\/de\/2018\/12\/transday-of-remembrance-am-20-11\/#primaryimage\"},\"thumbnailUrl\":\"https:\/\/www.pressenza.com\/wp-content\/uploads\/2018\/11\/Trans.jpg\",\"datePublished\":\"2018-12-06T10:32:16+00:00\",\"dateModified\":\"2018-12-06T10:36:54+00:00\",\"description\":\"Im November 1998 wurde in den USA die afro-amerikanische Trans*frau Rita Hester ermordet. Am darauffolgenden Freitag versammelten sich \u00fcber 250 Menschen,\",\"breadcrumb\":{\"@id\":\"https:\/\/www.pressenza.com\/de\/2018\/12\/transday-of-remembrance-am-20-11\/#breadcrumb\"},\"inLanguage\":\"de\",\"potentialAction\":[{\"@type\":\"ReadAction\",\"target\":[\"https:\/\/www.pressenza.com\/de\/2018\/12\/transday-of-remembrance-am-20-11\/\"]}]},{\"@type\":\"ImageObject\",\"inLanguage\":\"de\",\"@id\":\"https:\/\/www.pressenza.com\/de\/2018\/12\/transday-of-remembrance-am-20-11\/#primaryimage\",\"url\":\"https:\/\/www.pressenza.com\/wp-content\/uploads\/2018\/11\/Trans.jpg\",\"contentUrl\":\"https:\/\/www.pressenza.com\/wp-content\/uploads\/2018\/11\/Trans.jpg\",\"width\":750,\"height\":415},{\"@type\":\"BreadcrumbList\",\"@id\":\"https:\/\/www.pressenza.com\/de\/2018\/12\/transday-of-remembrance-am-20-11\/#breadcrumb\",\"itemListElement\":[{\"@type\":\"ListItem\",\"position\":1,\"name\":\"Accueil\",\"item\":\"https:\/\/www.pressenza.com\/de\/\"},{\"@type\":\"ListItem\",\"position\":2,\"name\":\"Trans*Day of Remembrance am 20 .11.\"}]},{\"@type\":\"WebSite\",\"@id\":\"https:\/\/www.pressenza.com\/de\/#website\",\"url\":\"https:\/\/www.pressenza.com\/de\/\",\"name\":\"Pressenza\",\"description\":\"International Press Agency\",\"publisher\":{\"@id\":\"https:\/\/www.pressenza.com\/de\/#organization\"},\"potentialAction\":[{\"@type\":\"SearchAction\",\"target\":{\"@type\":\"EntryPoint\",\"urlTemplate\":\"https:\/\/www.pressenza.com\/de\/?s={search_term_string}\"},\"query-input\":{\"@type\":\"PropertyValueSpecification\",\"valueRequired\":true,\"valueName\":\"search_term_string\"}}],\"inLanguage\":\"de\"},{\"@type\":\"Organization\",\"@id\":\"https:\/\/www.pressenza.com\/de\/#organization\",\"name\":\"Pressenza\",\"url\":\"https:\/\/www.pressenza.com\/de\/\",\"logo\":{\"@type\":\"ImageObject\",\"inLanguage\":\"de\",\"@id\":\"https:\/\/www.pressenza.com\/de\/#\/schema\/logo\/image\/\",\"url\":\"https:\/\/www.pressenza.com\/wp-content\/uploads\/2022\/10\/pressenza_logo_200x200.jpg\",\"contentUrl\":\"https:\/\/www.pressenza.com\/wp-content\/uploads\/2022\/10\/pressenza_logo_200x200.jpg\",\"width\":200,\"height\":200,\"caption\":\"Pressenza\"},\"image\":{\"@id\":\"https:\/\/www.pressenza.com\/de\/#\/schema\/logo\/image\/\"},\"sameAs\":[\"https:\/\/www.facebook.com\/PressenzaItalia\",\"https:\/\/x.com\/PressenzaIPA\"]},{\"@type\":\"Person\",\"@id\":\"https:\/\/www.pressenza.com\/de\/#\/schema\/person\/57bb5480943a496a7722b0248e4b658a\",\"name\":\"Pressenza Berlin\",\"description\":\"News from the Pressenza Bureau in Berlin, Germany\",\"sameAs\":[\"https:\/\/www.facebook.com\/Pressenza-Deutschland-sterreich-Schweiz-281675388658060\/timeline\/\",\"https:\/\/x.com\/pressenza_ger\"],\"url\":\"https:\/\/www.pressenza.com\/de\/author\/pressenza-berlin\/\"}]}<\/script>\n<!-- \/ Yoast SEO plugin. -->","yoast_head_json":{"title":"Trans*Day of Remembrance am 20 .11.","description":"Im November 1998 wurde in den USA die afro-amerikanische Trans*frau Rita Hester ermordet. Am darauffolgenden Freitag versammelten sich \u00fcber 250 Menschen,","robots":{"index":"index","follow":"follow","max-snippet":"max-snippet:-1","max-image-preview":"max-image-preview:large","max-video-preview":"max-video-preview:-1"},"canonical":"https:\/\/www.pressenza.com\/de\/2018\/12\/transday-of-remembrance-am-20-11\/","og_locale":"de_DE","og_type":"article","og_title":"Trans*Day of Remembrance am 20 .11.","og_description":"Im November 1998 wurde in den USA die afro-amerikanische Trans*frau Rita Hester ermordet. Am darauffolgenden Freitag versammelten sich \u00fcber 250 Menschen,","og_url":"https:\/\/www.pressenza.com\/de\/2018\/12\/transday-of-remembrance-am-20-11\/","og_site_name":"Pressenza","article_publisher":"https:\/\/www.facebook.com\/PressenzaItalia","article_author":"https:\/\/www.facebook.com\/Pressenza-Deutschland-sterreich-Schweiz-281675388658060\/timeline\/","article_published_time":"2018-12-06T10:32:16+00:00","article_modified_time":"2018-12-06T10:36:54+00:00","og_image":[{"width":750,"height":415,"url":"https:\/\/www.pressenza.com\/wp-content\/uploads\/2018\/11\/Trans.jpg","type":"image\/jpeg"}],"author":"Pressenza Berlin","twitter_card":"summary_large_image","twitter_creator":"@pressenza_ger","twitter_site":"@PressenzaIPA","twitter_misc":{"Verfasst von":"Pressenza Berlin","Gesch\u00e4tzte Lesezeit":"3\u00a0Minuten"},"schema":{"@context":"https:\/\/schema.org","@graph":[{"@type":"Article","@id":"https:\/\/www.pressenza.com\/de\/2018\/12\/transday-of-remembrance-am-20-11\/#article","isPartOf":{"@id":"https:\/\/www.pressenza.com\/de\/2018\/12\/transday-of-remembrance-am-20-11\/"},"author":{"name":"Pressenza Berlin","@id":"https:\/\/www.pressenza.com\/de\/#\/schema\/person\/57bb5480943a496a7722b0248e4b658a"},"headline":"Trans*Day of Remembrance am 20 .11.","datePublished":"2018-12-06T10:32:16+00:00","dateModified":"2018-12-06T10:36:54+00:00","mainEntityOfPage":{"@id":"https:\/\/www.pressenza.com\/de\/2018\/12\/transday-of-remembrance-am-20-11\/"},"wordCount":571,"publisher":{"@id":"https:\/\/www.pressenza.com\/de\/#organization"},"image":{"@id":"https:\/\/www.pressenza.com\/de\/2018\/12\/transday-of-remembrance-am-20-11\/#primaryimage"},"thumbnailUrl":"https:\/\/www.pressenza.com\/wp-content\/uploads\/2018\/11\/Trans.jpg","keywords":["gendervariante Menschen","transgender","Transphobie"],"articleSection":["Menschenrechte","Vielfalt"],"inLanguage":"de"},{"@type":"WebPage","@id":"https:\/\/www.pressenza.com\/de\/2018\/12\/transday-of-remembrance-am-20-11\/","url":"https:\/\/www.pressenza.com\/de\/2018\/12\/transday-of-remembrance-am-20-11\/","name":"Trans*Day of Remembrance am 20 .11.","isPartOf":{"@id":"https:\/\/www.pressenza.com\/de\/#website"},"primaryImageOfPage":{"@id":"https:\/\/www.pressenza.com\/de\/2018\/12\/transday-of-remembrance-am-20-11\/#primaryimage"},"image":{"@id":"https:\/\/www.pressenza.com\/de\/2018\/12\/transday-of-remembrance-am-20-11\/#primaryimage"},"thumbnailUrl":"https:\/\/www.pressenza.com\/wp-content\/uploads\/2018\/11\/Trans.jpg","datePublished":"2018-12-06T10:32:16+00:00","dateModified":"2018-12-06T10:36:54+00:00","description":"Im November 1998 wurde in den USA die afro-amerikanische Trans*frau Rita Hester ermordet. Am darauffolgenden Freitag versammelten sich \u00fcber 250 Menschen,","breadcrumb":{"@id":"https:\/\/www.pressenza.com\/de\/2018\/12\/transday-of-remembrance-am-20-11\/#breadcrumb"},"inLanguage":"de","potentialAction":[{"@type":"ReadAction","target":["https:\/\/www.pressenza.com\/de\/2018\/12\/transday-of-remembrance-am-20-11\/"]}]},{"@type":"ImageObject","inLanguage":"de","@id":"https:\/\/www.pressenza.com\/de\/2018\/12\/transday-of-remembrance-am-20-11\/#primaryimage","url":"https:\/\/www.pressenza.com\/wp-content\/uploads\/2018\/11\/Trans.jpg","contentUrl":"https:\/\/www.pressenza.com\/wp-content\/uploads\/2018\/11\/Trans.jpg","width":750,"height":415},{"@type":"BreadcrumbList","@id":"https:\/\/www.pressenza.com\/de\/2018\/12\/transday-of-remembrance-am-20-11\/#breadcrumb","itemListElement":[{"@type":"ListItem","position":1,"name":"Accueil","item":"https:\/\/www.pressenza.com\/de\/"},{"@type":"ListItem","position":2,"name":"Trans*Day of Remembrance am 20 .11."}]},{"@type":"WebSite","@id":"https:\/\/www.pressenza.com\/de\/#website","url":"https:\/\/www.pressenza.com\/de\/","name":"Pressenza","description":"International Press Agency","publisher":{"@id":"https:\/\/www.pressenza.com\/de\/#organization"},"potentialAction":[{"@type":"SearchAction","target":{"@type":"EntryPoint","urlTemplate":"https:\/\/www.pressenza.com\/de\/?s={search_term_string}"},"query-input":{"@type":"PropertyValueSpecification","valueRequired":true,"valueName":"search_term_string"}}],"inLanguage":"de"},{"@type":"Organization","@id":"https:\/\/www.pressenza.com\/de\/#organization","name":"Pressenza","url":"https:\/\/www.pressenza.com\/de\/","logo":{"@type":"ImageObject","inLanguage":"de","@id":"https:\/\/www.pressenza.com\/de\/#\/schema\/logo\/image\/","url":"https:\/\/www.pressenza.com\/wp-content\/uploads\/2022\/10\/pressenza_logo_200x200.jpg","contentUrl":"https:\/\/www.pressenza.com\/wp-content\/uploads\/2022\/10\/pressenza_logo_200x200.jpg","width":200,"height":200,"caption":"Pressenza"},"image":{"@id":"https:\/\/www.pressenza.com\/de\/#\/schema\/logo\/image\/"},"sameAs":["https:\/\/www.facebook.com\/PressenzaItalia","https:\/\/x.com\/PressenzaIPA"]},{"@type":"Person","@id":"https:\/\/www.pressenza.com\/de\/#\/schema\/person\/57bb5480943a496a7722b0248e4b658a","name":"Pressenza Berlin","description":"News from the Pressenza Bureau in Berlin, Germany","sameAs":["https:\/\/www.facebook.com\/Pressenza-Deutschland-sterreich-Schweiz-281675388658060\/timeline\/","https:\/\/x.com\/pressenza_ger"],"url":"https:\/\/www.pressenza.com\/de\/author\/pressenza-berlin\/"}]}},"place":"Jennifer Michelle Rath","original_article_url":"","_links":{"self":[{"href":"https:\/\/www.pressenza.com\/de\/wp-json\/wp\/v2\/posts\/767410","targetHints":{"allow":["GET"]}}],"collection":[{"href":"https:\/\/www.pressenza.com\/de\/wp-json\/wp\/v2\/posts"}],"about":[{"href":"https:\/\/www.pressenza.com\/de\/wp-json\/wp\/v2\/types\/post"}],"author":[{"embeddable":true,"href":"https:\/\/www.pressenza.com\/de\/wp-json\/wp\/v2\/users\/1095"}],"replies":[{"embeddable":true,"href":"https:\/\/www.pressenza.com\/de\/wp-json\/wp\/v2\/comments?post=767410"}],"version-history":[{"count":0,"href":"https:\/\/www.pressenza.com\/de\/wp-json\/wp\/v2\/posts\/767410\/revisions"}],"wp:featuredmedia":[{"embeddable":true,"href":"https:\/\/www.pressenza.com\/de\/wp-json\/wp\/v2\/media\/767360"}],"wp:attachment":[{"href":"https:\/\/www.pressenza.com\/de\/wp-json\/wp\/v2\/media?parent=767410"}],"wp:term":[{"taxonomy":"category","embeddable":true,"href":"https:\/\/www.pressenza.com\/de\/wp-json\/wp\/v2\/categories?post=767410"},{"taxonomy":"post_tag","embeddable":true,"href":"https:\/\/www.pressenza.com\/de\/wp-json\/wp\/v2\/tags?post=767410"}],"curies":[{"name":"wp","href":"https:\/\/api.w.org\/{rel}","templated":true}]}}