{"id":744165,"date":"2018-10-26T10:31:31","date_gmt":"2018-10-26T09:31:31","guid":{"rendered":"https:\/\/www.pressenza.com\/?p=744165"},"modified":"2018-10-26T12:19:04","modified_gmt":"2018-10-26T11:19:04","slug":"morgaine-und-tjorben-stopp-air-base-ramstein-2018","status":"publish","type":"post","link":"https:\/\/www.pressenza.com\/de\/2018\/10\/morgaine-und-tjorben-stopp-air-base-ramstein-2018\/","title":{"rendered":"Morgaine und Tjorben: Stopp Air Base Ramstein 2018"},"content":{"rendered":"<p><strong>Ehrlich, ber\u00fchrend und nachdenklich sind die Songs von Morgaine und Tjorben. Mit ihrer Musik setzen sie sich f\u00fcr Veganismus, Menschen- und Tierrechte, Friedensbewegung oder alternative und nachhaltige Lebensmodelle ein. So auch am 30.06.2018 auf der Stopp Air Base Ramstein Demonstration der Friedensbewegung.<\/strong><\/p>\n<p><iframe loading=\"lazy\" src=\"https:\/\/www.youtube.com\/embed\/Dgs5vdX_ekY\" width=\"700\" height=\"400\" frameborder=\"0\" allowfullscreen=\"allowfullscreen\"><span style=\"display: inline-block; width: 0px; overflow: hidden; line-height: 0;\" data-mce-type=\"bookmark\" class=\"mce_SELRES_start\">\ufeff<\/span><\/iframe><\/p>\n","protected":false},"excerpt":{"rendered":"<p>Ehrlich, ber\u00fchrend und nachdenklich sind die Songs von Morgaine und Tjorben. Mit ihrer Musik setzen sie sich f\u00fcr Veganismus, Menschen- und Tierrechte, Friedensbewegung oder alternative und nachhaltige Lebensmodelle ein. So auch am 30.06.2018 auf der Stopp Air Base Ramstein Demonstration&hellip;<\/p>\n","protected":false},"author":1544,"featured_media":744168,"comment_status":"closed","ping_status":"closed","sticky":false,"template":"","format":"standard","meta":{"footnotes":""},"categories":[9167,9156,27991],"tags":[46598,51130,40200,20212,51131],"class_list":["post-744165","post","type-post","status-publish","format-standard","has-post-thumbnail","hentry","category-frieden-und-abruestung","category-kultur-und-medien","category-video-de","tag-air-base-ramstein","tag-morgaine","tag-protestwoche-stoppramstein","tag-stopp-ramstein","tag-tjorben"],"yoast_head":"<!-- This site is optimized with the Yoast SEO plugin v27.1.1 - https:\/\/yoast.com\/product\/yoast-seo-wordpress\/ -->\n<title>Morgaine und Tjorben: Stopp Air Base Ramstein 2018<\/title>\n<meta name=\"description\" content=\"Ehrlich, ber\u00fchrend und nachdenklich sind die Songs von Morgaine und Tjorben. Mit ihrer Musik setzen sie sich f\u00fcr Veganismus, Menschen- und Tierrechte,\" \/>\n<meta name=\"robots\" content=\"index, follow, max-snippet:-1, max-image-preview:large, max-video-preview:-1\" \/>\n<link rel=\"canonical\" href=\"https:\/\/www.pressenza.com\/de\/2018\/10\/morgaine-und-tjorben-stopp-air-base-ramstein-2018\/\" \/>\n<meta property=\"og:locale\" content=\"de_DE\" \/>\n<meta property=\"og:type\" content=\"article\" \/>\n<meta property=\"og:title\" content=\"Morgaine und Tjorben: Stopp Air Base Ramstein 2018\" \/>\n<meta property=\"og:description\" content=\"Ehrlich, ber\u00fchrend und nachdenklich sind die Songs von Morgaine und Tjorben. Mit ihrer Musik setzen sie sich f\u00fcr Veganismus, Menschen- und Tierrechte,\" \/>\n<meta property=\"og:url\" content=\"https:\/\/www.pressenza.com\/de\/2018\/10\/morgaine-und-tjorben-stopp-air-base-ramstein-2018\/\" \/>\n<meta property=\"og:site_name\" content=\"Pressenza\" \/>\n<meta property=\"article:publisher\" content=\"https:\/\/www.facebook.com\/PressenzaItalia\" \/>\n<meta property=\"article:published_time\" content=\"2018-10-26T09:31:31+00:00\" \/>\n<meta property=\"article:modified_time\" content=\"2018-10-26T11:19:04+00:00\" \/>\n<meta property=\"og:image\" content=\"https:\/\/www.pressenza.com\/wp-content\/uploads\/2018\/10\/morgaine_und_tjorben.jpg\" \/>\n\t<meta property=\"og:image:width\" content=\"750\" \/>\n\t<meta property=\"og:image:height\" content=\"422\" \/>\n\t<meta property=\"og:image:type\" content=\"image\/jpeg\" \/>\n<meta name=\"author\" content=\"Weltnetz.tv\" \/>\n<meta name=\"twitter:card\" content=\"summary_large_image\" \/>\n<meta name=\"twitter:creator\" content=\"@PressenzaIPA\" \/>\n<meta name=\"twitter:site\" content=\"@PressenzaIPA\" \/>\n<meta name=\"twitter:label1\" content=\"Verfasst von\" \/>\n\t<meta name=\"twitter:data1\" content=\"Weltnetz.tv\" \/>\n<script type=\"application\/ld+json\" class=\"yoast-schema-graph\">{\"@context\":\"https:\/\/schema.org\",\"@graph\":[{\"@type\":\"Article\",\"@id\":\"https:\/\/www.pressenza.com\/de\/2018\/10\/morgaine-und-tjorben-stopp-air-base-ramstein-2018\/#article\",\"isPartOf\":{\"@id\":\"https:\/\/www.pressenza.com\/de\/2018\/10\/morgaine-und-tjorben-stopp-air-base-ramstein-2018\/\"},\"author\":{\"name\":\"Weltnetz.tv\",\"@id\":\"https:\/\/www.pressenza.com\/de\/#\/schema\/person\/858fcbf7506f1c43b6e675599c203b51\"},\"headline\":\"Morgaine und Tjorben: Stopp Air Base Ramstein 2018\",\"datePublished\":\"2018-10-26T09:31:31+00:00\",\"dateModified\":\"2018-10-26T11:19:04+00:00\",\"mainEntityOfPage\":{\"@id\":\"https:\/\/www.pressenza.com\/de\/2018\/10\/morgaine-und-tjorben-stopp-air-base-ramstein-2018\/\"},\"wordCount\":50,\"publisher\":{\"@id\":\"https:\/\/www.pressenza.com\/de\/#organization\"},\"image\":{\"@id\":\"https:\/\/www.pressenza.com\/de\/2018\/10\/morgaine-und-tjorben-stopp-air-base-ramstein-2018\/#primaryimage\"},\"thumbnailUrl\":\"https:\/\/www.pressenza.com\/wp-content\/uploads\/2018\/10\/morgaine_und_tjorben.jpg\",\"keywords\":[\"Air Base Ramstein\",\"Morgaine\",\"Protestwoche #StoppRamstein\",\"Stopp Ramstein\",\"Tjorben\"],\"articleSection\":[\"Frieden und Abr\u00fcstung\",\"Kultur und Medien\",\"Video\"],\"inLanguage\":\"de\"},{\"@type\":\"WebPage\",\"@id\":\"https:\/\/www.pressenza.com\/de\/2018\/10\/morgaine-und-tjorben-stopp-air-base-ramstein-2018\/\",\"url\":\"https:\/\/www.pressenza.com\/de\/2018\/10\/morgaine-und-tjorben-stopp-air-base-ramstein-2018\/\",\"name\":\"Morgaine und Tjorben: Stopp Air Base Ramstein 2018\",\"isPartOf\":{\"@id\":\"https:\/\/www.pressenza.com\/de\/#website\"},\"primaryImageOfPage\":{\"@id\":\"https:\/\/www.pressenza.com\/de\/2018\/10\/morgaine-und-tjorben-stopp-air-base-ramstein-2018\/#primaryimage\"},\"image\":{\"@id\":\"https:\/\/www.pressenza.com\/de\/2018\/10\/morgaine-und-tjorben-stopp-air-base-ramstein-2018\/#primaryimage\"},\"thumbnailUrl\":\"https:\/\/www.pressenza.com\/wp-content\/uploads\/2018\/10\/morgaine_und_tjorben.jpg\",\"datePublished\":\"2018-10-26T09:31:31+00:00\",\"dateModified\":\"2018-10-26T11:19:04+00:00\",\"description\":\"Ehrlich, ber\u00fchrend und nachdenklich sind die Songs von Morgaine und Tjorben. Mit ihrer Musik setzen sie sich f\u00fcr Veganismus, Menschen- und Tierrechte,\",\"breadcrumb\":{\"@id\":\"https:\/\/www.pressenza.com\/de\/2018\/10\/morgaine-und-tjorben-stopp-air-base-ramstein-2018\/#breadcrumb\"},\"inLanguage\":\"de\",\"potentialAction\":[{\"@type\":\"ReadAction\",\"target\":[\"https:\/\/www.pressenza.com\/de\/2018\/10\/morgaine-und-tjorben-stopp-air-base-ramstein-2018\/\"]}]},{\"@type\":\"ImageObject\",\"inLanguage\":\"de\",\"@id\":\"https:\/\/www.pressenza.com\/de\/2018\/10\/morgaine-und-tjorben-stopp-air-base-ramstein-2018\/#primaryimage\",\"url\":\"https:\/\/www.pressenza.com\/wp-content\/uploads\/2018\/10\/morgaine_und_tjorben.jpg\",\"contentUrl\":\"https:\/\/www.pressenza.com\/wp-content\/uploads\/2018\/10\/morgaine_und_tjorben.jpg\",\"width\":750,\"height\":422},{\"@type\":\"BreadcrumbList\",\"@id\":\"https:\/\/www.pressenza.com\/de\/2018\/10\/morgaine-und-tjorben-stopp-air-base-ramstein-2018\/#breadcrumb\",\"itemListElement\":[{\"@type\":\"ListItem\",\"position\":1,\"name\":\"Accueil\",\"item\":\"https:\/\/www.pressenza.com\/de\/\"},{\"@type\":\"ListItem\",\"position\":2,\"name\":\"Morgaine und Tjorben: Stopp Air Base Ramstein 2018\"}]},{\"@type\":\"WebSite\",\"@id\":\"https:\/\/www.pressenza.com\/de\/#website\",\"url\":\"https:\/\/www.pressenza.com\/de\/\",\"name\":\"Pressenza\",\"description\":\"International Press Agency\",\"publisher\":{\"@id\":\"https:\/\/www.pressenza.com\/de\/#organization\"},\"potentialAction\":[{\"@type\":\"SearchAction\",\"target\":{\"@type\":\"EntryPoint\",\"urlTemplate\":\"https:\/\/www.pressenza.com\/de\/?s={search_term_string}\"},\"query-input\":{\"@type\":\"PropertyValueSpecification\",\"valueRequired\":true,\"valueName\":\"search_term_string\"}}],\"inLanguage\":\"de\"},{\"@type\":\"Organization\",\"@id\":\"https:\/\/www.pressenza.com\/de\/#organization\",\"name\":\"Pressenza\",\"url\":\"https:\/\/www.pressenza.com\/de\/\",\"logo\":{\"@type\":\"ImageObject\",\"inLanguage\":\"de\",\"@id\":\"https:\/\/www.pressenza.com\/de\/#\/schema\/logo\/image\/\",\"url\":\"https:\/\/www.pressenza.com\/wp-content\/uploads\/2022\/10\/pressenza_logo_200x200.jpg\",\"contentUrl\":\"https:\/\/www.pressenza.com\/wp-content\/uploads\/2022\/10\/pressenza_logo_200x200.jpg\",\"width\":200,\"height\":200,\"caption\":\"Pressenza\"},\"image\":{\"@id\":\"https:\/\/www.pressenza.com\/de\/#\/schema\/logo\/image\/\"},\"sameAs\":[\"https:\/\/www.facebook.com\/PressenzaItalia\",\"https:\/\/x.com\/PressenzaIPA\"]},{\"@type\":\"Person\",\"@id\":\"https:\/\/www.pressenza.com\/de\/#\/schema\/person\/858fcbf7506f1c43b6e675599c203b51\",\"name\":\"Weltnetz.tv\",\"description\":\"Plattform f\u00fcr alternativen Videojournalismus Weltnetz.tv schlie\u00dft eine L\u00fccke in der alternativen deutschen Medienlandschaft. Seit dem Start Mitte Juni 2010 baut dieses Portal eine Plattform f\u00fcr linken und unabh\u00e4ngigen Videojournalismus auf. Weltnetz.tv dient als Knotenpunkt verschiedener Internet-Projekte, um im Sinne unabh\u00e4ngiger Berichterstattung eine Gegen\u00f6ffentlichkeit zu st\u00e4rken und zu verbreiten. Das Portal versteht sich keinesfalls als Konkurrenz zu diesen Angeboten, sondern will ihre Verbreitung unterst\u00fctzen und durch eigene Beitr\u00e4ge erg\u00e4nzen.\",\"sameAs\":[\"https:\/\/weltnetz.tv\"],\"url\":\"https:\/\/www.pressenza.com\/de\/author\/weltnetz-tv\/\"}]}<\/script>\n<!-- \/ Yoast SEO plugin. -->","yoast_head_json":{"title":"Morgaine und Tjorben: Stopp Air Base Ramstein 2018","description":"Ehrlich, ber\u00fchrend und nachdenklich sind die Songs von Morgaine und Tjorben. Mit ihrer Musik setzen sie sich f\u00fcr Veganismus, Menschen- und Tierrechte,","robots":{"index":"index","follow":"follow","max-snippet":"max-snippet:-1","max-image-preview":"max-image-preview:large","max-video-preview":"max-video-preview:-1"},"canonical":"https:\/\/www.pressenza.com\/de\/2018\/10\/morgaine-und-tjorben-stopp-air-base-ramstein-2018\/","og_locale":"de_DE","og_type":"article","og_title":"Morgaine und Tjorben: Stopp Air Base Ramstein 2018","og_description":"Ehrlich, ber\u00fchrend und nachdenklich sind die Songs von Morgaine und Tjorben. Mit ihrer Musik setzen sie sich f\u00fcr Veganismus, Menschen- und Tierrechte,","og_url":"https:\/\/www.pressenza.com\/de\/2018\/10\/morgaine-und-tjorben-stopp-air-base-ramstein-2018\/","og_site_name":"Pressenza","article_publisher":"https:\/\/www.facebook.com\/PressenzaItalia","article_published_time":"2018-10-26T09:31:31+00:00","article_modified_time":"2018-10-26T11:19:04+00:00","og_image":[{"width":750,"height":422,"url":"https:\/\/www.pressenza.com\/wp-content\/uploads\/2018\/10\/morgaine_und_tjorben.jpg","type":"image\/jpeg"}],"author":"Weltnetz.tv","twitter_card":"summary_large_image","twitter_creator":"@PressenzaIPA","twitter_site":"@PressenzaIPA","twitter_misc":{"Verfasst von":"Weltnetz.tv"},"schema":{"@context":"https:\/\/schema.org","@graph":[{"@type":"Article","@id":"https:\/\/www.pressenza.com\/de\/2018\/10\/morgaine-und-tjorben-stopp-air-base-ramstein-2018\/#article","isPartOf":{"@id":"https:\/\/www.pressenza.com\/de\/2018\/10\/morgaine-und-tjorben-stopp-air-base-ramstein-2018\/"},"author":{"name":"Weltnetz.tv","@id":"https:\/\/www.pressenza.com\/de\/#\/schema\/person\/858fcbf7506f1c43b6e675599c203b51"},"headline":"Morgaine und Tjorben: Stopp Air Base Ramstein 2018","datePublished":"2018-10-26T09:31:31+00:00","dateModified":"2018-10-26T11:19:04+00:00","mainEntityOfPage":{"@id":"https:\/\/www.pressenza.com\/de\/2018\/10\/morgaine-und-tjorben-stopp-air-base-ramstein-2018\/"},"wordCount":50,"publisher":{"@id":"https:\/\/www.pressenza.com\/de\/#organization"},"image":{"@id":"https:\/\/www.pressenza.com\/de\/2018\/10\/morgaine-und-tjorben-stopp-air-base-ramstein-2018\/#primaryimage"},"thumbnailUrl":"https:\/\/www.pressenza.com\/wp-content\/uploads\/2018\/10\/morgaine_und_tjorben.jpg","keywords":["Air Base Ramstein","Morgaine","Protestwoche #StoppRamstein","Stopp Ramstein","Tjorben"],"articleSection":["Frieden und Abr\u00fcstung","Kultur und Medien","Video"],"inLanguage":"de"},{"@type":"WebPage","@id":"https:\/\/www.pressenza.com\/de\/2018\/10\/morgaine-und-tjorben-stopp-air-base-ramstein-2018\/","url":"https:\/\/www.pressenza.com\/de\/2018\/10\/morgaine-und-tjorben-stopp-air-base-ramstein-2018\/","name":"Morgaine und Tjorben: Stopp Air Base Ramstein 2018","isPartOf":{"@id":"https:\/\/www.pressenza.com\/de\/#website"},"primaryImageOfPage":{"@id":"https:\/\/www.pressenza.com\/de\/2018\/10\/morgaine-und-tjorben-stopp-air-base-ramstein-2018\/#primaryimage"},"image":{"@id":"https:\/\/www.pressenza.com\/de\/2018\/10\/morgaine-und-tjorben-stopp-air-base-ramstein-2018\/#primaryimage"},"thumbnailUrl":"https:\/\/www.pressenza.com\/wp-content\/uploads\/2018\/10\/morgaine_und_tjorben.jpg","datePublished":"2018-10-26T09:31:31+00:00","dateModified":"2018-10-26T11:19:04+00:00","description":"Ehrlich, ber\u00fchrend und nachdenklich sind die Songs von Morgaine und Tjorben. Mit ihrer Musik setzen sie sich f\u00fcr Veganismus, Menschen- und Tierrechte,","breadcrumb":{"@id":"https:\/\/www.pressenza.com\/de\/2018\/10\/morgaine-und-tjorben-stopp-air-base-ramstein-2018\/#breadcrumb"},"inLanguage":"de","potentialAction":[{"@type":"ReadAction","target":["https:\/\/www.pressenza.com\/de\/2018\/10\/morgaine-und-tjorben-stopp-air-base-ramstein-2018\/"]}]},{"@type":"ImageObject","inLanguage":"de","@id":"https:\/\/www.pressenza.com\/de\/2018\/10\/morgaine-und-tjorben-stopp-air-base-ramstein-2018\/#primaryimage","url":"https:\/\/www.pressenza.com\/wp-content\/uploads\/2018\/10\/morgaine_und_tjorben.jpg","contentUrl":"https:\/\/www.pressenza.com\/wp-content\/uploads\/2018\/10\/morgaine_und_tjorben.jpg","width":750,"height":422},{"@type":"BreadcrumbList","@id":"https:\/\/www.pressenza.com\/de\/2018\/10\/morgaine-und-tjorben-stopp-air-base-ramstein-2018\/#breadcrumb","itemListElement":[{"@type":"ListItem","position":1,"name":"Accueil","item":"https:\/\/www.pressenza.com\/de\/"},{"@type":"ListItem","position":2,"name":"Morgaine und Tjorben: Stopp Air Base Ramstein 2018"}]},{"@type":"WebSite","@id":"https:\/\/www.pressenza.com\/de\/#website","url":"https:\/\/www.pressenza.com\/de\/","name":"Pressenza","description":"International Press Agency","publisher":{"@id":"https:\/\/www.pressenza.com\/de\/#organization"},"potentialAction":[{"@type":"SearchAction","target":{"@type":"EntryPoint","urlTemplate":"https:\/\/www.pressenza.com\/de\/?s={search_term_string}"},"query-input":{"@type":"PropertyValueSpecification","valueRequired":true,"valueName":"search_term_string"}}],"inLanguage":"de"},{"@type":"Organization","@id":"https:\/\/www.pressenza.com\/de\/#organization","name":"Pressenza","url":"https:\/\/www.pressenza.com\/de\/","logo":{"@type":"ImageObject","inLanguage":"de","@id":"https:\/\/www.pressenza.com\/de\/#\/schema\/logo\/image\/","url":"https:\/\/www.pressenza.com\/wp-content\/uploads\/2022\/10\/pressenza_logo_200x200.jpg","contentUrl":"https:\/\/www.pressenza.com\/wp-content\/uploads\/2022\/10\/pressenza_logo_200x200.jpg","width":200,"height":200,"caption":"Pressenza"},"image":{"@id":"https:\/\/www.pressenza.com\/de\/#\/schema\/logo\/image\/"},"sameAs":["https:\/\/www.facebook.com\/PressenzaItalia","https:\/\/x.com\/PressenzaIPA"]},{"@type":"Person","@id":"https:\/\/www.pressenza.com\/de\/#\/schema\/person\/858fcbf7506f1c43b6e675599c203b51","name":"Weltnetz.tv","description":"Plattform f\u00fcr alternativen Videojournalismus Weltnetz.tv schlie\u00dft eine L\u00fccke in der alternativen deutschen Medienlandschaft. Seit dem Start Mitte Juni 2010 baut dieses Portal eine Plattform f\u00fcr linken und unabh\u00e4ngigen Videojournalismus auf. Weltnetz.tv dient als Knotenpunkt verschiedener Internet-Projekte, um im Sinne unabh\u00e4ngiger Berichterstattung eine Gegen\u00f6ffentlichkeit zu st\u00e4rken und zu verbreiten. Das Portal versteht sich keinesfalls als Konkurrenz zu diesen Angeboten, sondern will ihre Verbreitung unterst\u00fctzen und durch eigene Beitr\u00e4ge erg\u00e4nzen.","sameAs":["https:\/\/weltnetz.tv"],"url":"https:\/\/www.pressenza.com\/de\/author\/weltnetz-tv\/"}]}},"place":"","original_article_url":"https:\/\/weltnetz.tv\/video\/1638-morgaine-und-tjorben-stopp-air-base-ramstein-2018","_links":{"self":[{"href":"https:\/\/www.pressenza.com\/de\/wp-json\/wp\/v2\/posts\/744165","targetHints":{"allow":["GET"]}}],"collection":[{"href":"https:\/\/www.pressenza.com\/de\/wp-json\/wp\/v2\/posts"}],"about":[{"href":"https:\/\/www.pressenza.com\/de\/wp-json\/wp\/v2\/types\/post"}],"author":[{"embeddable":true,"href":"https:\/\/www.pressenza.com\/de\/wp-json\/wp\/v2\/users\/1544"}],"replies":[{"embeddable":true,"href":"https:\/\/www.pressenza.com\/de\/wp-json\/wp\/v2\/comments?post=744165"}],"version-history":[{"count":0,"href":"https:\/\/www.pressenza.com\/de\/wp-json\/wp\/v2\/posts\/744165\/revisions"}],"wp:featuredmedia":[{"embeddable":true,"href":"https:\/\/www.pressenza.com\/de\/wp-json\/wp\/v2\/media\/744168"}],"wp:attachment":[{"href":"https:\/\/www.pressenza.com\/de\/wp-json\/wp\/v2\/media?parent=744165"}],"wp:term":[{"taxonomy":"category","embeddable":true,"href":"https:\/\/www.pressenza.com\/de\/wp-json\/wp\/v2\/categories?post=744165"},{"taxonomy":"post_tag","embeddable":true,"href":"https:\/\/www.pressenza.com\/de\/wp-json\/wp\/v2\/tags?post=744165"}],"curies":[{"name":"wp","href":"https:\/\/api.w.org\/{rel}","templated":true}]}}