{"id":732164,"date":"2018-10-05T11:54:37","date_gmt":"2018-10-05T10:54:37","guid":{"rendered":"https:\/\/www.pressenza.com\/?p=732164"},"modified":"2018-10-05T13:04:35","modified_gmt":"2018-10-05T12:04:35","slug":"mehr-geld-fuers-militaer-statt-fuer-friedliche-entwicklung-jetzt-aktiv-werden","status":"publish","type":"post","link":"https:\/\/www.pressenza.com\/de\/2018\/10\/mehr-geld-fuers-militaer-statt-fuer-friedliche-entwicklung-jetzt-aktiv-werden\/","title":{"rendered":"Mehr Geld f\u00fcr\u2019s Milit\u00e4r statt f\u00fcr friedliche Entwicklung? Jetzt aktiv werden!"},"content":{"rendered":"<p><strong>Eine wichtige, aber medial wenig beachtete Entscheidung steht bevor: Die deutliche Erh\u00f6hung des Wehretats in den n\u00e4chsten vier Jahren um zusammengerechnet fast 20 Milliarden Euro. <\/strong><\/p>\n<p>Die aktuelle Haushaltsplanung der Bundesregierung f\u00fcr 2019 sieht vor, dass der ohnehin schon hohe Etat des Verteidigungsministeriums von jetzt <strong>38,5 Milliarden Euro<\/strong> (zum Vergleich: das ist mehr als das Ausw\u00e4rtige Amt und die Ministerien f\u00fcr Wirtschaft, f\u00fcr Familie, f\u00fcr Umwelt und f\u00fcr Entwicklung zusammen bekommen) um weitere <strong>4,38 Milliarden Euro<\/strong> im n\u00e4chsten Jahr erh\u00f6ht wird. In anderen Bereichen fehlt das n\u00f6tige Geld oder f\u00e4llt die Erh\u00f6hung viel zu gering aus. So z.B. f\u00fcr den Bereich Krisenpr\u00e4vention, humanit\u00e4re Hilfe und Entwicklungszusammenarbeit. Dabei hatte man im Koalitionsvertrag festgeschrieben, dass bei zus\u00e4tzlichen Finanzspielr\u00e4umen die Erh\u00f6hung hierf\u00fcr genauso hoch ausfallen soll wie die Erh\u00f6hung des Wehretats. Davon kann keine Rede sein. Wenn dies nicht ge\u00e4ndert wird, dann ist das ein <strong>Bruch des Koalitionsvertrags <\/strong>zugunsten des Milit\u00e4rs und zuungunsten der F\u00f6rderung der friedlichen Entwicklung auf dieser Welt.<\/p>\n<p>Diese sollten wir nicht einfach hinnehmen. Noch ist das letzte Wort nicht gesprochen. Deshalb sollten wir jetzt aktiv werden und dagegen Protest einlegen, bevor der Bundeshaushalt Ende November (47. KW) endg\u00fcltig verabschiedet wird.\u00a0Hier findet man einen <strong><a href=\"https:\/\/www.plattform.pro\/wp-content\/uploads\/2018\/10\/Antrag-Koalitionsvertrag-einhalten-Mittel-f\u00fcr-\u00f6ffentliche-Entwicklungszusammenarbeit-ODA-jetzt-anheben.pdf\" target=\"_blank\" rel=\"noopener\">Antrag<\/a>, der sich an die SPD-Spitze richtet<\/strong>, da diese als Teil der Regierungskoalition in den letzten Haushaltsverhandlungen noch Einfluss nehmen k\u00f6nnte. Alle, die in der SPD organisiert sind, sollten versuchen die Thematik in ihren Gliederungen zu diskutieren und den genannten oder \u00e4hnliche Antr\u00e4ge zu beschlie\u00dfen. Auch alle anderen k\u00f6nnen den\u00a0Antrag\u00a0als Grundlage nehmen, um bei Vertreter*innen der Gro\u00dfen Koalition gegen das Vorgehen zu protestieren. Wir m\u00fcssen jetzt schnell Druck aufbauen.<\/p>\n<p><em>Die Progressive Soziale Plattform ist ein Zusammenschluss engagierter Menschen, die eine soziale, progressive Politik bef\u00f6rdern. Mit SOZIALstart haben sie ein engagiertes Programm f\u00fcr mehr soziale Gerechtigkeit in Deutschland aufgelegt.\u00a0<\/em><em>Weitere Infos dazu gibt es hier:\u00a0<a href=\"https:\/\/www.plattform.pro\" target=\"_blank\" rel=\"noopener\">https:\/\/www.plattform.pro<\/a><\/em><\/p>\n","protected":false},"excerpt":{"rendered":"<p>Eine wichtige, aber medial wenig beachtete Entscheidung steht bevor: Die deutliche Erh\u00f6hung des Wehretats in den n\u00e4chsten vier Jahren um zusammengerechnet fast 20 Milliarden Euro. Die aktuelle Haushaltsplanung der Bundesregierung f\u00fcr 2019 sieht vor, dass der ohnehin schon hohe Etat&hellip;<\/p>\n","protected":false},"author":1097,"featured_media":732168,"comment_status":"closed","ping_status":"closed","sticky":false,"template":"","format":"standard","meta":{"footnotes":""},"categories":[9150,9167,9168,9145],"tags":[50518,50519,12132,9222,50512,16398,50514],"class_list":["post-732164","post","type-post","status-publish","format-standard","has-post-thumbnail","hentry","category-europa-de","category-frieden-und-abruestung","category-politik","category-pressemitteilungen","tag-plattformpro","tag-sozialstart","tag-bundesregierung","tag-militarausgaben","tag-progressive-soziale-plattform","tag-spd","tag-wehretat"],"yoast_head":"<!-- This site is optimized with the Yoast SEO plugin v27.1.1 - https:\/\/yoast.com\/product\/yoast-seo-wordpress\/ -->\n<title>Mehr Geld f\u00fcr\u2019s Milit\u00e4r statt f\u00fcr friedliche Entwicklung? Jetzt aktiv werden!<\/title>\n<meta name=\"description\" content=\"Eine wichtige, aber medial wenig beachtete Entscheidung steht bevor: Die deutliche Erh\u00f6hung des Wehretats in den n\u00e4chsten vier Jahren um zusammengerechnet\" \/>\n<meta name=\"robots\" content=\"index, follow, max-snippet:-1, max-image-preview:large, max-video-preview:-1\" \/>\n<link rel=\"canonical\" href=\"https:\/\/www.pressenza.com\/de\/2018\/10\/mehr-geld-fuers-militaer-statt-fuer-friedliche-entwicklung-jetzt-aktiv-werden\/\" \/>\n<meta property=\"og:locale\" content=\"de_DE\" \/>\n<meta property=\"og:type\" content=\"article\" \/>\n<meta property=\"og:title\" content=\"Mehr Geld f\u00fcr\u2019s Milit\u00e4r statt f\u00fcr friedliche Entwicklung? Jetzt aktiv werden!\" \/>\n<meta property=\"og:description\" content=\"Eine wichtige, aber medial wenig beachtete Entscheidung steht bevor: Die deutliche Erh\u00f6hung des Wehretats in den n\u00e4chsten vier Jahren um zusammengerechnet\" \/>\n<meta property=\"og:url\" content=\"https:\/\/www.pressenza.com\/de\/2018\/10\/mehr-geld-fuers-militaer-statt-fuer-friedliche-entwicklung-jetzt-aktiv-werden\/\" \/>\n<meta property=\"og:site_name\" content=\"Pressenza\" \/>\n<meta property=\"article:publisher\" content=\"https:\/\/www.facebook.com\/PressenzaItalia\" \/>\n<meta property=\"article:author\" content=\"https:\/\/www.facebook.com\/Pressenza-Deutschland-sterreich-Schweiz-281675388658060\/timeline\/\" \/>\n<meta property=\"article:published_time\" content=\"2018-10-05T10:54:37+00:00\" \/>\n<meta property=\"article:modified_time\" content=\"2018-10-05T12:04:35+00:00\" \/>\n<meta property=\"og:image\" content=\"https:\/\/www.pressenza.com\/wp-content\/uploads\/2018\/10\/plattform.pro_.png\" \/>\n\t<meta property=\"og:image:width\" content=\"225\" \/>\n\t<meta property=\"og:image:height\" content=\"225\" \/>\n\t<meta property=\"og:image:type\" content=\"image\/png\" \/>\n<meta name=\"author\" content=\"Pressenza Muenchen\" \/>\n<meta name=\"twitter:card\" content=\"summary_large_image\" \/>\n<meta name=\"twitter:creator\" content=\"@pressenza_ger\" \/>\n<meta name=\"twitter:site\" content=\"@PressenzaIPA\" \/>\n<meta name=\"twitter:label1\" content=\"Verfasst von\" \/>\n\t<meta name=\"twitter:data1\" content=\"Pressenza Muenchen\" \/>\n\t<meta name=\"twitter:label2\" content=\"Gesch\u00e4tzte Lesezeit\" \/>\n\t<meta name=\"twitter:data2\" content=\"2\u00a0Minuten\" \/>\n<script type=\"application\/ld+json\" class=\"yoast-schema-graph\">{\"@context\":\"https:\/\/schema.org\",\"@graph\":[{\"@type\":\"Article\",\"@id\":\"https:\/\/www.pressenza.com\/de\/2018\/10\/mehr-geld-fuers-militaer-statt-fuer-friedliche-entwicklung-jetzt-aktiv-werden\/#article\",\"isPartOf\":{\"@id\":\"https:\/\/www.pressenza.com\/de\/2018\/10\/mehr-geld-fuers-militaer-statt-fuer-friedliche-entwicklung-jetzt-aktiv-werden\/\"},\"author\":{\"name\":\"Pressenza Muenchen\",\"@id\":\"https:\/\/www.pressenza.com\/de\/#\/schema\/person\/0069724cfb2cb9785368a167d0d900b7\"},\"headline\":\"Mehr Geld f\u00fcr\u2019s Milit\u00e4r statt f\u00fcr friedliche Entwicklung? Jetzt aktiv werden!\",\"datePublished\":\"2018-10-05T10:54:37+00:00\",\"dateModified\":\"2018-10-05T12:04:35+00:00\",\"mainEntityOfPage\":{\"@id\":\"https:\/\/www.pressenza.com\/de\/2018\/10\/mehr-geld-fuers-militaer-statt-fuer-friedliche-entwicklung-jetzt-aktiv-werden\/\"},\"wordCount\":349,\"publisher\":{\"@id\":\"https:\/\/www.pressenza.com\/de\/#organization\"},\"image\":{\"@id\":\"https:\/\/www.pressenza.com\/de\/2018\/10\/mehr-geld-fuers-militaer-statt-fuer-friedliche-entwicklung-jetzt-aktiv-werden\/#primaryimage\"},\"thumbnailUrl\":\"https:\/\/www.pressenza.com\/wp-content\/uploads\/2018\/10\/plattform.pro_.png\",\"keywords\":[\"#PlattformPRO\",\"#SOZIALstart\",\"Bundesregierung\",\"Milit\u00e4rausgaben\",\"Progressive Soziale Plattform\",\"SPD\",\"Wehretat\"],\"articleSection\":[\"Europa\",\"Frieden und Abr\u00fcstung\",\"Politik\",\"Pressemitteilungen\"],\"inLanguage\":\"de\"},{\"@type\":\"WebPage\",\"@id\":\"https:\/\/www.pressenza.com\/de\/2018\/10\/mehr-geld-fuers-militaer-statt-fuer-friedliche-entwicklung-jetzt-aktiv-werden\/\",\"url\":\"https:\/\/www.pressenza.com\/de\/2018\/10\/mehr-geld-fuers-militaer-statt-fuer-friedliche-entwicklung-jetzt-aktiv-werden\/\",\"name\":\"Mehr Geld f\u00fcr\u2019s Milit\u00e4r statt f\u00fcr friedliche Entwicklung? Jetzt aktiv werden!\",\"isPartOf\":{\"@id\":\"https:\/\/www.pressenza.com\/de\/#website\"},\"primaryImageOfPage\":{\"@id\":\"https:\/\/www.pressenza.com\/de\/2018\/10\/mehr-geld-fuers-militaer-statt-fuer-friedliche-entwicklung-jetzt-aktiv-werden\/#primaryimage\"},\"image\":{\"@id\":\"https:\/\/www.pressenza.com\/de\/2018\/10\/mehr-geld-fuers-militaer-statt-fuer-friedliche-entwicklung-jetzt-aktiv-werden\/#primaryimage\"},\"thumbnailUrl\":\"https:\/\/www.pressenza.com\/wp-content\/uploads\/2018\/10\/plattform.pro_.png\",\"datePublished\":\"2018-10-05T10:54:37+00:00\",\"dateModified\":\"2018-10-05T12:04:35+00:00\",\"description\":\"Eine wichtige, aber medial wenig beachtete Entscheidung steht bevor: Die deutliche Erh\u00f6hung des Wehretats in den n\u00e4chsten vier Jahren um zusammengerechnet\",\"breadcrumb\":{\"@id\":\"https:\/\/www.pressenza.com\/de\/2018\/10\/mehr-geld-fuers-militaer-statt-fuer-friedliche-entwicklung-jetzt-aktiv-werden\/#breadcrumb\"},\"inLanguage\":\"de\",\"potentialAction\":[{\"@type\":\"ReadAction\",\"target\":[\"https:\/\/www.pressenza.com\/de\/2018\/10\/mehr-geld-fuers-militaer-statt-fuer-friedliche-entwicklung-jetzt-aktiv-werden\/\"]}]},{\"@type\":\"ImageObject\",\"inLanguage\":\"de\",\"@id\":\"https:\/\/www.pressenza.com\/de\/2018\/10\/mehr-geld-fuers-militaer-statt-fuer-friedliche-entwicklung-jetzt-aktiv-werden\/#primaryimage\",\"url\":\"https:\/\/www.pressenza.com\/wp-content\/uploads\/2018\/10\/plattform.pro_.png\",\"contentUrl\":\"https:\/\/www.pressenza.com\/wp-content\/uploads\/2018\/10\/plattform.pro_.png\",\"width\":225,\"height\":225},{\"@type\":\"BreadcrumbList\",\"@id\":\"https:\/\/www.pressenza.com\/de\/2018\/10\/mehr-geld-fuers-militaer-statt-fuer-friedliche-entwicklung-jetzt-aktiv-werden\/#breadcrumb\",\"itemListElement\":[{\"@type\":\"ListItem\",\"position\":1,\"name\":\"Accueil\",\"item\":\"https:\/\/www.pressenza.com\/de\/\"},{\"@type\":\"ListItem\",\"position\":2,\"name\":\"Mehr Geld f\u00fcr\u2019s Milit\u00e4r statt f\u00fcr friedliche Entwicklung? Jetzt aktiv werden!\"}]},{\"@type\":\"WebSite\",\"@id\":\"https:\/\/www.pressenza.com\/de\/#website\",\"url\":\"https:\/\/www.pressenza.com\/de\/\",\"name\":\"Pressenza\",\"description\":\"International Press Agency\",\"publisher\":{\"@id\":\"https:\/\/www.pressenza.com\/de\/#organization\"},\"potentialAction\":[{\"@type\":\"SearchAction\",\"target\":{\"@type\":\"EntryPoint\",\"urlTemplate\":\"https:\/\/www.pressenza.com\/de\/?s={search_term_string}\"},\"query-input\":{\"@type\":\"PropertyValueSpecification\",\"valueRequired\":true,\"valueName\":\"search_term_string\"}}],\"inLanguage\":\"de\"},{\"@type\":\"Organization\",\"@id\":\"https:\/\/www.pressenza.com\/de\/#organization\",\"name\":\"Pressenza\",\"url\":\"https:\/\/www.pressenza.com\/de\/\",\"logo\":{\"@type\":\"ImageObject\",\"inLanguage\":\"de\",\"@id\":\"https:\/\/www.pressenza.com\/de\/#\/schema\/logo\/image\/\",\"url\":\"https:\/\/www.pressenza.com\/wp-content\/uploads\/2022\/10\/pressenza_logo_200x200.jpg\",\"contentUrl\":\"https:\/\/www.pressenza.com\/wp-content\/uploads\/2022\/10\/pressenza_logo_200x200.jpg\",\"width\":200,\"height\":200,\"caption\":\"Pressenza\"},\"image\":{\"@id\":\"https:\/\/www.pressenza.com\/de\/#\/schema\/logo\/image\/\"},\"sameAs\":[\"https:\/\/www.facebook.com\/PressenzaItalia\",\"https:\/\/x.com\/PressenzaIPA\"]},{\"@type\":\"Person\",\"@id\":\"https:\/\/www.pressenza.com\/de\/#\/schema\/person\/0069724cfb2cb9785368a167d0d900b7\",\"name\":\"Pressenza Muenchen\",\"description\":\"News from the Pressenza bureau in Munich, Germany\",\"sameAs\":[\"https:\/\/www.facebook.com\/Pressenza-Deutschland-sterreich-Schweiz-281675388658060\/timeline\/\",\"https:\/\/x.com\/pressenza_ger\"],\"url\":\"https:\/\/www.pressenza.com\/de\/author\/pressenza-muenchen\/\"}]}<\/script>\n<!-- \/ Yoast SEO plugin. -->","yoast_head_json":{"title":"Mehr Geld f\u00fcr\u2019s Milit\u00e4r statt f\u00fcr friedliche Entwicklung? Jetzt aktiv werden!","description":"Eine wichtige, aber medial wenig beachtete Entscheidung steht bevor: Die deutliche Erh\u00f6hung des Wehretats in den n\u00e4chsten vier Jahren um zusammengerechnet","robots":{"index":"index","follow":"follow","max-snippet":"max-snippet:-1","max-image-preview":"max-image-preview:large","max-video-preview":"max-video-preview:-1"},"canonical":"https:\/\/www.pressenza.com\/de\/2018\/10\/mehr-geld-fuers-militaer-statt-fuer-friedliche-entwicklung-jetzt-aktiv-werden\/","og_locale":"de_DE","og_type":"article","og_title":"Mehr Geld f\u00fcr\u2019s Milit\u00e4r statt f\u00fcr friedliche Entwicklung? Jetzt aktiv werden!","og_description":"Eine wichtige, aber medial wenig beachtete Entscheidung steht bevor: Die deutliche Erh\u00f6hung des Wehretats in den n\u00e4chsten vier Jahren um zusammengerechnet","og_url":"https:\/\/www.pressenza.com\/de\/2018\/10\/mehr-geld-fuers-militaer-statt-fuer-friedliche-entwicklung-jetzt-aktiv-werden\/","og_site_name":"Pressenza","article_publisher":"https:\/\/www.facebook.com\/PressenzaItalia","article_author":"https:\/\/www.facebook.com\/Pressenza-Deutschland-sterreich-Schweiz-281675388658060\/timeline\/","article_published_time":"2018-10-05T10:54:37+00:00","article_modified_time":"2018-10-05T12:04:35+00:00","og_image":[{"width":225,"height":225,"url":"https:\/\/www.pressenza.com\/wp-content\/uploads\/2018\/10\/plattform.pro_.png","type":"image\/png"}],"author":"Pressenza Muenchen","twitter_card":"summary_large_image","twitter_creator":"@pressenza_ger","twitter_site":"@PressenzaIPA","twitter_misc":{"Verfasst von":"Pressenza Muenchen","Gesch\u00e4tzte Lesezeit":"2\u00a0Minuten"},"schema":{"@context":"https:\/\/schema.org","@graph":[{"@type":"Article","@id":"https:\/\/www.pressenza.com\/de\/2018\/10\/mehr-geld-fuers-militaer-statt-fuer-friedliche-entwicklung-jetzt-aktiv-werden\/#article","isPartOf":{"@id":"https:\/\/www.pressenza.com\/de\/2018\/10\/mehr-geld-fuers-militaer-statt-fuer-friedliche-entwicklung-jetzt-aktiv-werden\/"},"author":{"name":"Pressenza Muenchen","@id":"https:\/\/www.pressenza.com\/de\/#\/schema\/person\/0069724cfb2cb9785368a167d0d900b7"},"headline":"Mehr Geld f\u00fcr\u2019s Milit\u00e4r statt f\u00fcr friedliche Entwicklung? Jetzt aktiv werden!","datePublished":"2018-10-05T10:54:37+00:00","dateModified":"2018-10-05T12:04:35+00:00","mainEntityOfPage":{"@id":"https:\/\/www.pressenza.com\/de\/2018\/10\/mehr-geld-fuers-militaer-statt-fuer-friedliche-entwicklung-jetzt-aktiv-werden\/"},"wordCount":349,"publisher":{"@id":"https:\/\/www.pressenza.com\/de\/#organization"},"image":{"@id":"https:\/\/www.pressenza.com\/de\/2018\/10\/mehr-geld-fuers-militaer-statt-fuer-friedliche-entwicklung-jetzt-aktiv-werden\/#primaryimage"},"thumbnailUrl":"https:\/\/www.pressenza.com\/wp-content\/uploads\/2018\/10\/plattform.pro_.png","keywords":["#PlattformPRO","#SOZIALstart","Bundesregierung","Milit\u00e4rausgaben","Progressive Soziale Plattform","SPD","Wehretat"],"articleSection":["Europa","Frieden und Abr\u00fcstung","Politik","Pressemitteilungen"],"inLanguage":"de"},{"@type":"WebPage","@id":"https:\/\/www.pressenza.com\/de\/2018\/10\/mehr-geld-fuers-militaer-statt-fuer-friedliche-entwicklung-jetzt-aktiv-werden\/","url":"https:\/\/www.pressenza.com\/de\/2018\/10\/mehr-geld-fuers-militaer-statt-fuer-friedliche-entwicklung-jetzt-aktiv-werden\/","name":"Mehr Geld f\u00fcr\u2019s Milit\u00e4r statt f\u00fcr friedliche Entwicklung? Jetzt aktiv werden!","isPartOf":{"@id":"https:\/\/www.pressenza.com\/de\/#website"},"primaryImageOfPage":{"@id":"https:\/\/www.pressenza.com\/de\/2018\/10\/mehr-geld-fuers-militaer-statt-fuer-friedliche-entwicklung-jetzt-aktiv-werden\/#primaryimage"},"image":{"@id":"https:\/\/www.pressenza.com\/de\/2018\/10\/mehr-geld-fuers-militaer-statt-fuer-friedliche-entwicklung-jetzt-aktiv-werden\/#primaryimage"},"thumbnailUrl":"https:\/\/www.pressenza.com\/wp-content\/uploads\/2018\/10\/plattform.pro_.png","datePublished":"2018-10-05T10:54:37+00:00","dateModified":"2018-10-05T12:04:35+00:00","description":"Eine wichtige, aber medial wenig beachtete Entscheidung steht bevor: Die deutliche Erh\u00f6hung des Wehretats in den n\u00e4chsten vier Jahren um zusammengerechnet","breadcrumb":{"@id":"https:\/\/www.pressenza.com\/de\/2018\/10\/mehr-geld-fuers-militaer-statt-fuer-friedliche-entwicklung-jetzt-aktiv-werden\/#breadcrumb"},"inLanguage":"de","potentialAction":[{"@type":"ReadAction","target":["https:\/\/www.pressenza.com\/de\/2018\/10\/mehr-geld-fuers-militaer-statt-fuer-friedliche-entwicklung-jetzt-aktiv-werden\/"]}]},{"@type":"ImageObject","inLanguage":"de","@id":"https:\/\/www.pressenza.com\/de\/2018\/10\/mehr-geld-fuers-militaer-statt-fuer-friedliche-entwicklung-jetzt-aktiv-werden\/#primaryimage","url":"https:\/\/www.pressenza.com\/wp-content\/uploads\/2018\/10\/plattform.pro_.png","contentUrl":"https:\/\/www.pressenza.com\/wp-content\/uploads\/2018\/10\/plattform.pro_.png","width":225,"height":225},{"@type":"BreadcrumbList","@id":"https:\/\/www.pressenza.com\/de\/2018\/10\/mehr-geld-fuers-militaer-statt-fuer-friedliche-entwicklung-jetzt-aktiv-werden\/#breadcrumb","itemListElement":[{"@type":"ListItem","position":1,"name":"Accueil","item":"https:\/\/www.pressenza.com\/de\/"},{"@type":"ListItem","position":2,"name":"Mehr Geld f\u00fcr\u2019s Milit\u00e4r statt f\u00fcr friedliche Entwicklung? Jetzt aktiv werden!"}]},{"@type":"WebSite","@id":"https:\/\/www.pressenza.com\/de\/#website","url":"https:\/\/www.pressenza.com\/de\/","name":"Pressenza","description":"International Press Agency","publisher":{"@id":"https:\/\/www.pressenza.com\/de\/#organization"},"potentialAction":[{"@type":"SearchAction","target":{"@type":"EntryPoint","urlTemplate":"https:\/\/www.pressenza.com\/de\/?s={search_term_string}"},"query-input":{"@type":"PropertyValueSpecification","valueRequired":true,"valueName":"search_term_string"}}],"inLanguage":"de"},{"@type":"Organization","@id":"https:\/\/www.pressenza.com\/de\/#organization","name":"Pressenza","url":"https:\/\/www.pressenza.com\/de\/","logo":{"@type":"ImageObject","inLanguage":"de","@id":"https:\/\/www.pressenza.com\/de\/#\/schema\/logo\/image\/","url":"https:\/\/www.pressenza.com\/wp-content\/uploads\/2022\/10\/pressenza_logo_200x200.jpg","contentUrl":"https:\/\/www.pressenza.com\/wp-content\/uploads\/2022\/10\/pressenza_logo_200x200.jpg","width":200,"height":200,"caption":"Pressenza"},"image":{"@id":"https:\/\/www.pressenza.com\/de\/#\/schema\/logo\/image\/"},"sameAs":["https:\/\/www.facebook.com\/PressenzaItalia","https:\/\/x.com\/PressenzaIPA"]},{"@type":"Person","@id":"https:\/\/www.pressenza.com\/de\/#\/schema\/person\/0069724cfb2cb9785368a167d0d900b7","name":"Pressenza Muenchen","description":"News from the Pressenza bureau in Munich, Germany","sameAs":["https:\/\/www.facebook.com\/Pressenza-Deutschland-sterreich-Schweiz-281675388658060\/timeline\/","https:\/\/x.com\/pressenza_ger"],"url":"https:\/\/www.pressenza.com\/de\/author\/pressenza-muenchen\/"}]}},"place":"PlattformPRO","original_article_url":"https:\/\/www.plattform.pro\/category\/blog\/","_links":{"self":[{"href":"https:\/\/www.pressenza.com\/de\/wp-json\/wp\/v2\/posts\/732164","targetHints":{"allow":["GET"]}}],"collection":[{"href":"https:\/\/www.pressenza.com\/de\/wp-json\/wp\/v2\/posts"}],"about":[{"href":"https:\/\/www.pressenza.com\/de\/wp-json\/wp\/v2\/types\/post"}],"author":[{"embeddable":true,"href":"https:\/\/www.pressenza.com\/de\/wp-json\/wp\/v2\/users\/1097"}],"replies":[{"embeddable":true,"href":"https:\/\/www.pressenza.com\/de\/wp-json\/wp\/v2\/comments?post=732164"}],"version-history":[{"count":0,"href":"https:\/\/www.pressenza.com\/de\/wp-json\/wp\/v2\/posts\/732164\/revisions"}],"wp:featuredmedia":[{"embeddable":true,"href":"https:\/\/www.pressenza.com\/de\/wp-json\/wp\/v2\/media\/732168"}],"wp:attachment":[{"href":"https:\/\/www.pressenza.com\/de\/wp-json\/wp\/v2\/media?parent=732164"}],"wp:term":[{"taxonomy":"category","embeddable":true,"href":"https:\/\/www.pressenza.com\/de\/wp-json\/wp\/v2\/categories?post=732164"},{"taxonomy":"post_tag","embeddable":true,"href":"https:\/\/www.pressenza.com\/de\/wp-json\/wp\/v2\/tags?post=732164"}],"curies":[{"name":"wp","href":"https:\/\/api.w.org\/{rel}","templated":true}]}}