{"id":718271,"date":"2018-09-11T18:42:19","date_gmt":"2018-09-11T17:42:19","guid":{"rendered":"https:\/\/www.pressenza.com\/?p=718271"},"modified":"2018-09-11T18:42:19","modified_gmt":"2018-09-11T17:42:19","slug":"homo-und-xenophober-amtsschimmel","status":"publish","type":"post","link":"https:\/\/www.pressenza.com\/de\/2018\/09\/homo-und-xenophober-amtsschimmel\/","title":{"rendered":"Homo- und xenophober Amtsschimmel?"},"content":{"rendered":"<p><strong>Das Recht auf ein faires Asylverfahren ist ein Menschenrecht. Doch Rechtsstaatlichkeit und Objektivit\u00e4t haben sich aus Entscheiden des \u00f6sterr. Asyl-Amts scheinbar verabschiedet. Vor allem, wenn es um Vergewaltigungsopfer oder Homosexuelle geht.<\/strong><\/p>\n<p><em>Ein Kommentar von R. Manoutschehri<\/em><\/p>\n<p>Die Lage f\u00fcr AsylwerberInnen in \u00d6sterreich hat sich unter der neuen rechtskonservativen Regierung massiv verschlechtert. Nicht nur durch eine auf Abwehr getrimmte \u201eRouten und Grenzen schlie\u00dfen\u201c Politik, wie sie auch von den nicht gerade f\u00fcr die Einhaltung der Menschenrechte bekannten Visegradl\u00e4ndern oder neuerdings auch durch Italien praktiziert wird, sondern auch durch fragw\u00fcrdige Praxis bei Asylverhandlungen. NGOs sehen den Rechtsstaat in Gefahr.<\/p>\n<p>Schon im Vorjahr war auff\u00e4llig geworden, dass fast die H\u00e4lfte aller negativen Asylbescheide (42,4\u2005Prozent) des Bundesamts f\u00fcr Fremdenwesen und Asyl (BFA) in zweiter Instanz vom Bundesverwaltungsgericht (BVwG) mangels ausreichender Qualit\u00e4t wieder aufgehoben wurden. Unzureichendes und fachlich zu wenig augebildetes Personal f\u00fcr die Befragungen wurde damals attestiert und Nachbesserung versprochen.<\/p>\n<p><strong>Doch nun stehen nicht nur Vorw\u00fcrfe fehlerhafter sondern sogar willk\u00fcrlicher Asylverfahren im Raum.<\/strong><\/p>\n<p>Das R\u00fcckgrat negativer Bescheide basiere oftmals auf nicht nachvollziehbaren Behauptungen, denen eine objektive Grundlage fehle und vielmehr deutliche Vorurteile der pr\u00fcfenden BeamtInnen widerspiegle, so die neu gegr\u00fcndete Initiative \u201eFairness-Asyl\u201c heute auf einer Pressekonferenz in Wien.<\/p>\n<blockquote><p>\u201eMit gro\u00dfer Besorgnis stellen wir fest, dass die Bescheide des BFA noch immer teils von pers\u00f6nlichen politischen und gesellschaftlichen Einstellungen der BeamtInnen motiviert sind\u201c, sagte Wolfgang Salm, einer der Gr\u00fcnder der Initiative.<\/p><\/blockquote>\n<p>\u201eWir haben zahlreiche Bescheide gesehen, die in keinem Zusammenhang zur tats\u00e4chlichen Situation der Betroffenen und den voran gegangenen Einvernahmen standen. Die Behauptungen in den Bescheiden sind zu oft an den Haaren herbeigezogen und halten einer kritischen Auseinandersetzung zumeist nicht statt.\u201c<\/p>\n<p>\u201eEs darf in einem Rechtsstaat auf keinen Fall geduldet werden, dass, gerade in einem Bereich in dem es um Menschenrecht und Menschenleben geht, einfache BeamtInnen in den Asylbescheiden ihre eigenen politischen W\u00fcnsche zum Ausdruck bringen oder gar die politisch motivierten Vorgaben ihrer Vorgesetzten umsetzen.\u201c<\/p>\n<p>\u201eWann tritt endlich eine intensive Qualit\u00e4tssicherung in Kraft? Wir finden es notwendig und unsere Pflicht, die \u00d6ffentlichkeit \u00fcber diese unfassbaren Argumentationen zu informieren\u201c, mit denen Schutzsuchende von offensichtlich ebenso unwilligen wie unterqualifizierten Leuten in ein ungewisses Schicksal zur\u00fcck gesto\u00dfen werden.<\/p>\n<p><strong>LGBT Community und Vergewaltigungsopfer offenbar benachteiligt.<\/strong><\/p>\n<p>Besonders betroffen davon sind Fl\u00fcchtlinge aus Afghanistan und dem Irak, Mitglieder der LGBT Community aber auch Vergewaltigungs- und Folteropfer. Sie haben nur noch sehr geringe Chancen in erster Instanz einen positiven Bescheid zu bekommen. \u201eEs sind uns BFA Beamte bekannt, die uns mitgeteilt haben, dass es seit dem Sommer 2016 eine strenge von &gt;oben gewollte&lt; Spruchpraxis gab\u201c, so die Fairness-Sprecher, die allesamt aktiv in der Fl\u00fcchtlingsberatung und -hilfe t\u00e4tig sind.<\/p>\n<p>Die Gruppe um Wolfgang Salm, Doro Blancke und Andrea Mayrw\u00f6ger haben \u00fcber 42.000 Protokolle und Bescheide des BFA und Entscheide des BVwG nach solch fragw\u00fcrdigen Argumentationen durchsucht, besonders auff\u00e4llige Textpassagen gesammelt und diese \u201eTextperlen\u201c auf <a href=\"http:\/\/www.fairness-asyl.at\/\" target=\"_blank\" rel=\"noopener\">fairness-asyl.at<\/a>zwecks einer \u00f6ffentlichen Debatte dar\u00fcber online gestellt.<\/p>\n<p><strong>Aktuelle Ausz\u00fcge \u201eseltsamer\u201c Begr\u00fcndungen gg\u00fc. homosexuellen Schutzsuchenden:<\/strong><\/p>\n<blockquote><p>\u201eWeder ihr Gang, ihr Gehabe oder ihre Kleidung haben auch nur ann\u00e4hernd darauf hingewiesen, dass sie homosexuell sein k\u00f6nnten.\u201c<\/p>\n<p>\u201eNachdem Sie \u00fcber ein Smartphone verf\u00fcgen und offensichtlich auch das Internet nutzen, ist es \u00e4u\u00dferst unwahrscheinlich, dass Sie bei tats\u00e4chlichem Verkehr mit anderen M\u00e4nnern, keinerlei Fotos (resultierend aus Chats) auf ihrem Handy vorweisen k\u00f6nnen. Hier w\u00e4re bei tats\u00e4chlichem Interesse an pornographischem Material \u00fcber Homosexuelle, zumindest von Lieblingsseiten im Internet auszugehen.\u201c<\/p><\/blockquote>\n<p>Solche Textpassagen w\u00fcrde wohl niemand in einem amtlichen Bescheid erwarten \u2013 auch nicht, wenn Ausl\u00e4nderfeindlichkeit jetzt quasi direkt aus Regierungskreisen verbreitet wird. Sch\u00e4m dich, \u00d6sterreich.<\/p>\n","protected":false},"excerpt":{"rendered":"<p>Das Recht auf ein faires Asylverfahren ist ein Menschenrecht. Doch Rechtsstaatlichkeit und Objektivit\u00e4t haben sich aus Entscheiden des \u00f6sterr. Asyl-Amts scheinbar verabschiedet. Vor allem, wenn es um Vergewaltigungsopfer oder Homosexuelle geht. Ein Kommentar von R. Manoutschehri Die Lage f\u00fcr AsylwerberInnen&hellip;<\/p>\n","protected":false},"author":1408,"featured_media":718273,"comment_status":"closed","ping_status":"closed","sticky":false,"template":"","format":"standard","meta":{"footnotes":""},"categories":[9150,9166,7835,9161,11387,9168,9165],"tags":[10412,9609,12090],"class_list":["post-718271","post","type-post","status-publish","format-standard","has-post-thumbnail","hentry","category-europa-de","category-gewaltfreiheit","category-international-de","category-menschenrechte","category-originalinhalt","category-politik","category-vielfalt","tag-asyl","tag-homosexualitaet","tag-lgbt-de"],"yoast_head":"<!-- This site is optimized with the Yoast SEO plugin v27.1.1 - https:\/\/yoast.com\/product\/yoast-seo-wordpress\/ -->\n<title>Homo- und xenophober Amtsschimmel?<\/title>\n<meta name=\"description\" content=\"Das Recht auf ein faires Asylverfahren ist ein Menschenrecht. Doch Rechtsstaatlichkeit und Objektivit\u00e4t haben sich aus Entscheiden des \u00f6sterr. Asyl-Amts\" \/>\n<meta name=\"robots\" content=\"index, follow, max-snippet:-1, max-image-preview:large, max-video-preview:-1\" \/>\n<link rel=\"canonical\" href=\"https:\/\/www.pressenza.com\/de\/2018\/09\/homo-und-xenophober-amtsschimmel\/\" \/>\n<meta property=\"og:locale\" content=\"de_DE\" \/>\n<meta property=\"og:type\" content=\"article\" \/>\n<meta property=\"og:title\" content=\"Homo- und xenophober Amtsschimmel?\" \/>\n<meta property=\"og:description\" content=\"Das Recht auf ein faires Asylverfahren ist ein Menschenrecht. Doch Rechtsstaatlichkeit und Objektivit\u00e4t haben sich aus Entscheiden des \u00f6sterr. Asyl-Amts\" \/>\n<meta property=\"og:url\" content=\"https:\/\/www.pressenza.com\/de\/2018\/09\/homo-und-xenophober-amtsschimmel\/\" \/>\n<meta property=\"og:site_name\" content=\"Pressenza\" \/>\n<meta property=\"article:publisher\" content=\"https:\/\/www.facebook.com\/PressenzaItalia\" \/>\n<meta property=\"article:published_time\" content=\"2018-09-11T17:42:19+00:00\" \/>\n<meta property=\"og:image\" content=\"https:\/\/www.pressenza.com\/wp-content\/uploads\/2018\/09\/4948A826-ED94-4CD6-AF4C-5B70635E047E.jpeg\" \/>\n\t<meta property=\"og:image:width\" content=\"678\" \/>\n\t<meta property=\"og:image:height\" content=\"381\" \/>\n\t<meta property=\"og:image:type\" content=\"image\/jpeg\" \/>\n<meta name=\"author\" content=\"Unsere Zeitung\" \/>\n<meta name=\"twitter:card\" content=\"summary_large_image\" \/>\n<meta name=\"twitter:creator\" content=\"@PressenzaIPA\" \/>\n<meta name=\"twitter:site\" content=\"@PressenzaIPA\" \/>\n<meta name=\"twitter:label1\" content=\"Verfasst von\" \/>\n\t<meta name=\"twitter:data1\" content=\"Unsere Zeitung\" \/>\n\t<meta name=\"twitter:label2\" content=\"Gesch\u00e4tzte Lesezeit\" \/>\n\t<meta name=\"twitter:data2\" content=\"3\u00a0Minuten\" \/>\n<script type=\"application\/ld+json\" class=\"yoast-schema-graph\">{\"@context\":\"https:\/\/schema.org\",\"@graph\":[{\"@type\":\"Article\",\"@id\":\"https:\/\/www.pressenza.com\/de\/2018\/09\/homo-und-xenophober-amtsschimmel\/#article\",\"isPartOf\":{\"@id\":\"https:\/\/www.pressenza.com\/de\/2018\/09\/homo-und-xenophober-amtsschimmel\/\"},\"author\":{\"name\":\"Unsere Zeitung\",\"@id\":\"https:\/\/www.pressenza.com\/de\/#\/schema\/person\/204e67ffc5ecb05d81ec7dbb33ded555\"},\"headline\":\"Homo- und xenophober Amtsschimmel?\",\"datePublished\":\"2018-09-11T17:42:19+00:00\",\"mainEntityOfPage\":{\"@id\":\"https:\/\/www.pressenza.com\/de\/2018\/09\/homo-und-xenophober-amtsschimmel\/\"},\"wordCount\":618,\"publisher\":{\"@id\":\"https:\/\/www.pressenza.com\/de\/#organization\"},\"image\":{\"@id\":\"https:\/\/www.pressenza.com\/de\/2018\/09\/homo-und-xenophober-amtsschimmel\/#primaryimage\"},\"thumbnailUrl\":\"https:\/\/www.pressenza.com\/wp-content\/uploads\/2018\/09\/4948A826-ED94-4CD6-AF4C-5B70635E047E.jpeg\",\"keywords\":[\"Asyl\",\"Homosexualit\u00e4t\",\"LGBT\"],\"articleSection\":[\"Europa\",\"Gewaltfreiheit\",\"International\",\"Menschenrechte\",\"Originalinhalt\",\"Politik\",\"Vielfalt\"],\"inLanguage\":\"de\"},{\"@type\":\"WebPage\",\"@id\":\"https:\/\/www.pressenza.com\/de\/2018\/09\/homo-und-xenophober-amtsschimmel\/\",\"url\":\"https:\/\/www.pressenza.com\/de\/2018\/09\/homo-und-xenophober-amtsschimmel\/\",\"name\":\"Homo- und xenophober Amtsschimmel?\",\"isPartOf\":{\"@id\":\"https:\/\/www.pressenza.com\/de\/#website\"},\"primaryImageOfPage\":{\"@id\":\"https:\/\/www.pressenza.com\/de\/2018\/09\/homo-und-xenophober-amtsschimmel\/#primaryimage\"},\"image\":{\"@id\":\"https:\/\/www.pressenza.com\/de\/2018\/09\/homo-und-xenophober-amtsschimmel\/#primaryimage\"},\"thumbnailUrl\":\"https:\/\/www.pressenza.com\/wp-content\/uploads\/2018\/09\/4948A826-ED94-4CD6-AF4C-5B70635E047E.jpeg\",\"datePublished\":\"2018-09-11T17:42:19+00:00\",\"description\":\"Das Recht auf ein faires Asylverfahren ist ein Menschenrecht. Doch Rechtsstaatlichkeit und Objektivit\u00e4t haben sich aus Entscheiden des \u00f6sterr. Asyl-Amts\",\"breadcrumb\":{\"@id\":\"https:\/\/www.pressenza.com\/de\/2018\/09\/homo-und-xenophober-amtsschimmel\/#breadcrumb\"},\"inLanguage\":\"de\",\"potentialAction\":[{\"@type\":\"ReadAction\",\"target\":[\"https:\/\/www.pressenza.com\/de\/2018\/09\/homo-und-xenophober-amtsschimmel\/\"]}]},{\"@type\":\"ImageObject\",\"inLanguage\":\"de\",\"@id\":\"https:\/\/www.pressenza.com\/de\/2018\/09\/homo-und-xenophober-amtsschimmel\/#primaryimage\",\"url\":\"https:\/\/www.pressenza.com\/wp-content\/uploads\/2018\/09\/4948A826-ED94-4CD6-AF4C-5B70635E047E.jpeg\",\"contentUrl\":\"https:\/\/www.pressenza.com\/wp-content\/uploads\/2018\/09\/4948A826-ED94-4CD6-AF4C-5B70635E047E.jpeg\",\"width\":678,\"height\":381,\"caption\":\"Grafik: R. Manoutschehri\"},{\"@type\":\"BreadcrumbList\",\"@id\":\"https:\/\/www.pressenza.com\/de\/2018\/09\/homo-und-xenophober-amtsschimmel\/#breadcrumb\",\"itemListElement\":[{\"@type\":\"ListItem\",\"position\":1,\"name\":\"Accueil\",\"item\":\"https:\/\/www.pressenza.com\/de\/\"},{\"@type\":\"ListItem\",\"position\":2,\"name\":\"Homo- und xenophober Amtsschimmel?\"}]},{\"@type\":\"WebSite\",\"@id\":\"https:\/\/www.pressenza.com\/de\/#website\",\"url\":\"https:\/\/www.pressenza.com\/de\/\",\"name\":\"Pressenza\",\"description\":\"International Press Agency\",\"publisher\":{\"@id\":\"https:\/\/www.pressenza.com\/de\/#organization\"},\"potentialAction\":[{\"@type\":\"SearchAction\",\"target\":{\"@type\":\"EntryPoint\",\"urlTemplate\":\"https:\/\/www.pressenza.com\/de\/?s={search_term_string}\"},\"query-input\":{\"@type\":\"PropertyValueSpecification\",\"valueRequired\":true,\"valueName\":\"search_term_string\"}}],\"inLanguage\":\"de\"},{\"@type\":\"Organization\",\"@id\":\"https:\/\/www.pressenza.com\/de\/#organization\",\"name\":\"Pressenza\",\"url\":\"https:\/\/www.pressenza.com\/de\/\",\"logo\":{\"@type\":\"ImageObject\",\"inLanguage\":\"de\",\"@id\":\"https:\/\/www.pressenza.com\/de\/#\/schema\/logo\/image\/\",\"url\":\"https:\/\/www.pressenza.com\/wp-content\/uploads\/2022\/10\/pressenza_logo_200x200.jpg\",\"contentUrl\":\"https:\/\/www.pressenza.com\/wp-content\/uploads\/2022\/10\/pressenza_logo_200x200.jpg\",\"width\":200,\"height\":200,\"caption\":\"Pressenza\"},\"image\":{\"@id\":\"https:\/\/www.pressenza.com\/de\/#\/schema\/logo\/image\/\"},\"sameAs\":[\"https:\/\/www.facebook.com\/PressenzaItalia\",\"https:\/\/x.com\/PressenzaIPA\"]},{\"@type\":\"Person\",\"@id\":\"https:\/\/www.pressenza.com\/de\/#\/schema\/person\/204e67ffc5ecb05d81ec7dbb33ded555\",\"name\":\"Unsere Zeitung\",\"url\":\"https:\/\/www.pressenza.com\/de\/author\/unsere-zeitung\/\"}]}<\/script>\n<!-- \/ Yoast SEO plugin. -->","yoast_head_json":{"title":"Homo- und xenophober Amtsschimmel?","description":"Das Recht auf ein faires Asylverfahren ist ein Menschenrecht. Doch Rechtsstaatlichkeit und Objektivit\u00e4t haben sich aus Entscheiden des \u00f6sterr. Asyl-Amts","robots":{"index":"index","follow":"follow","max-snippet":"max-snippet:-1","max-image-preview":"max-image-preview:large","max-video-preview":"max-video-preview:-1"},"canonical":"https:\/\/www.pressenza.com\/de\/2018\/09\/homo-und-xenophober-amtsschimmel\/","og_locale":"de_DE","og_type":"article","og_title":"Homo- und xenophober Amtsschimmel?","og_description":"Das Recht auf ein faires Asylverfahren ist ein Menschenrecht. Doch Rechtsstaatlichkeit und Objektivit\u00e4t haben sich aus Entscheiden des \u00f6sterr. Asyl-Amts","og_url":"https:\/\/www.pressenza.com\/de\/2018\/09\/homo-und-xenophober-amtsschimmel\/","og_site_name":"Pressenza","article_publisher":"https:\/\/www.facebook.com\/PressenzaItalia","article_published_time":"2018-09-11T17:42:19+00:00","og_image":[{"width":678,"height":381,"url":"https:\/\/www.pressenza.com\/wp-content\/uploads\/2018\/09\/4948A826-ED94-4CD6-AF4C-5B70635E047E.jpeg","type":"image\/jpeg"}],"author":"Unsere Zeitung","twitter_card":"summary_large_image","twitter_creator":"@PressenzaIPA","twitter_site":"@PressenzaIPA","twitter_misc":{"Verfasst von":"Unsere Zeitung","Gesch\u00e4tzte Lesezeit":"3\u00a0Minuten"},"schema":{"@context":"https:\/\/schema.org","@graph":[{"@type":"Article","@id":"https:\/\/www.pressenza.com\/de\/2018\/09\/homo-und-xenophober-amtsschimmel\/#article","isPartOf":{"@id":"https:\/\/www.pressenza.com\/de\/2018\/09\/homo-und-xenophober-amtsschimmel\/"},"author":{"name":"Unsere Zeitung","@id":"https:\/\/www.pressenza.com\/de\/#\/schema\/person\/204e67ffc5ecb05d81ec7dbb33ded555"},"headline":"Homo- und xenophober Amtsschimmel?","datePublished":"2018-09-11T17:42:19+00:00","mainEntityOfPage":{"@id":"https:\/\/www.pressenza.com\/de\/2018\/09\/homo-und-xenophober-amtsschimmel\/"},"wordCount":618,"publisher":{"@id":"https:\/\/www.pressenza.com\/de\/#organization"},"image":{"@id":"https:\/\/www.pressenza.com\/de\/2018\/09\/homo-und-xenophober-amtsschimmel\/#primaryimage"},"thumbnailUrl":"https:\/\/www.pressenza.com\/wp-content\/uploads\/2018\/09\/4948A826-ED94-4CD6-AF4C-5B70635E047E.jpeg","keywords":["Asyl","Homosexualit\u00e4t","LGBT"],"articleSection":["Europa","Gewaltfreiheit","International","Menschenrechte","Originalinhalt","Politik","Vielfalt"],"inLanguage":"de"},{"@type":"WebPage","@id":"https:\/\/www.pressenza.com\/de\/2018\/09\/homo-und-xenophober-amtsschimmel\/","url":"https:\/\/www.pressenza.com\/de\/2018\/09\/homo-und-xenophober-amtsschimmel\/","name":"Homo- und xenophober Amtsschimmel?","isPartOf":{"@id":"https:\/\/www.pressenza.com\/de\/#website"},"primaryImageOfPage":{"@id":"https:\/\/www.pressenza.com\/de\/2018\/09\/homo-und-xenophober-amtsschimmel\/#primaryimage"},"image":{"@id":"https:\/\/www.pressenza.com\/de\/2018\/09\/homo-und-xenophober-amtsschimmel\/#primaryimage"},"thumbnailUrl":"https:\/\/www.pressenza.com\/wp-content\/uploads\/2018\/09\/4948A826-ED94-4CD6-AF4C-5B70635E047E.jpeg","datePublished":"2018-09-11T17:42:19+00:00","description":"Das Recht auf ein faires Asylverfahren ist ein Menschenrecht. Doch Rechtsstaatlichkeit und Objektivit\u00e4t haben sich aus Entscheiden des \u00f6sterr. Asyl-Amts","breadcrumb":{"@id":"https:\/\/www.pressenza.com\/de\/2018\/09\/homo-und-xenophober-amtsschimmel\/#breadcrumb"},"inLanguage":"de","potentialAction":[{"@type":"ReadAction","target":["https:\/\/www.pressenza.com\/de\/2018\/09\/homo-und-xenophober-amtsschimmel\/"]}]},{"@type":"ImageObject","inLanguage":"de","@id":"https:\/\/www.pressenza.com\/de\/2018\/09\/homo-und-xenophober-amtsschimmel\/#primaryimage","url":"https:\/\/www.pressenza.com\/wp-content\/uploads\/2018\/09\/4948A826-ED94-4CD6-AF4C-5B70635E047E.jpeg","contentUrl":"https:\/\/www.pressenza.com\/wp-content\/uploads\/2018\/09\/4948A826-ED94-4CD6-AF4C-5B70635E047E.jpeg","width":678,"height":381,"caption":"Grafik: R. Manoutschehri"},{"@type":"BreadcrumbList","@id":"https:\/\/www.pressenza.com\/de\/2018\/09\/homo-und-xenophober-amtsschimmel\/#breadcrumb","itemListElement":[{"@type":"ListItem","position":1,"name":"Accueil","item":"https:\/\/www.pressenza.com\/de\/"},{"@type":"ListItem","position":2,"name":"Homo- und xenophober Amtsschimmel?"}]},{"@type":"WebSite","@id":"https:\/\/www.pressenza.com\/de\/#website","url":"https:\/\/www.pressenza.com\/de\/","name":"Pressenza","description":"International Press Agency","publisher":{"@id":"https:\/\/www.pressenza.com\/de\/#organization"},"potentialAction":[{"@type":"SearchAction","target":{"@type":"EntryPoint","urlTemplate":"https:\/\/www.pressenza.com\/de\/?s={search_term_string}"},"query-input":{"@type":"PropertyValueSpecification","valueRequired":true,"valueName":"search_term_string"}}],"inLanguage":"de"},{"@type":"Organization","@id":"https:\/\/www.pressenza.com\/de\/#organization","name":"Pressenza","url":"https:\/\/www.pressenza.com\/de\/","logo":{"@type":"ImageObject","inLanguage":"de","@id":"https:\/\/www.pressenza.com\/de\/#\/schema\/logo\/image\/","url":"https:\/\/www.pressenza.com\/wp-content\/uploads\/2022\/10\/pressenza_logo_200x200.jpg","contentUrl":"https:\/\/www.pressenza.com\/wp-content\/uploads\/2022\/10\/pressenza_logo_200x200.jpg","width":200,"height":200,"caption":"Pressenza"},"image":{"@id":"https:\/\/www.pressenza.com\/de\/#\/schema\/logo\/image\/"},"sameAs":["https:\/\/www.facebook.com\/PressenzaItalia","https:\/\/x.com\/PressenzaIPA"]},{"@type":"Person","@id":"https:\/\/www.pressenza.com\/de\/#\/schema\/person\/204e67ffc5ecb05d81ec7dbb33ded555","name":"Unsere Zeitung","url":"https:\/\/www.pressenza.com\/de\/author\/unsere-zeitung\/"}]}},"place":"","original_article_url":"https:\/\/www.unsere-zeitung.at\/2018\/09\/07\/homo-und-xenophober-amtsschimmel\/","_links":{"self":[{"href":"https:\/\/www.pressenza.com\/de\/wp-json\/wp\/v2\/posts\/718271","targetHints":{"allow":["GET"]}}],"collection":[{"href":"https:\/\/www.pressenza.com\/de\/wp-json\/wp\/v2\/posts"}],"about":[{"href":"https:\/\/www.pressenza.com\/de\/wp-json\/wp\/v2\/types\/post"}],"author":[{"embeddable":true,"href":"https:\/\/www.pressenza.com\/de\/wp-json\/wp\/v2\/users\/1408"}],"replies":[{"embeddable":true,"href":"https:\/\/www.pressenza.com\/de\/wp-json\/wp\/v2\/comments?post=718271"}],"version-history":[{"count":0,"href":"https:\/\/www.pressenza.com\/de\/wp-json\/wp\/v2\/posts\/718271\/revisions"}],"wp:featuredmedia":[{"embeddable":true,"href":"https:\/\/www.pressenza.com\/de\/wp-json\/wp\/v2\/media\/718273"}],"wp:attachment":[{"href":"https:\/\/www.pressenza.com\/de\/wp-json\/wp\/v2\/media?parent=718271"}],"wp:term":[{"taxonomy":"category","embeddable":true,"href":"https:\/\/www.pressenza.com\/de\/wp-json\/wp\/v2\/categories?post=718271"},{"taxonomy":"post_tag","embeddable":true,"href":"https:\/\/www.pressenza.com\/de\/wp-json\/wp\/v2\/tags?post=718271"}],"curies":[{"name":"wp","href":"https:\/\/api.w.org\/{rel}","templated":true}]}}