{"id":717670,"date":"2018-09-16T03:03:50","date_gmt":"2018-09-16T02:03:50","guid":{"rendered":"https:\/\/www.pressenza.com\/?p=717670"},"modified":"2018-09-18T13:11:04","modified_gmt":"2018-09-18T12:11:04","slug":"hommage-an-silo-die-zukunft-ist-offen-eine-zukunft-von-allen-fuer-alle","status":"publish","type":"post","link":"https:\/\/www.pressenza.com\/de\/2018\/09\/hommage-an-silo-die-zukunft-ist-offen-eine-zukunft-von-allen-fuer-alle\/","title":{"rendered":"Hommage an Silo: \u201eDie Zukunft ist offen, eine Zukunft von allen f\u00fcr alle\u201c"},"content":{"rendered":"<p><strong>Heute j\u00e4hrt sich zum achten Mal der Todestag des argentinischen Denkers und Schriftstellers Mario Rodriguez Cobos, der unter dem Pseudonym Silo schrieb. Der Begr\u00fcnder des Universalistischen oder Neuen Humanismus bezeichnete sich selber jeweils einfach als Schriftsteller und Denker. <\/strong><\/p>\n<p>Dass sein Verm\u00e4chtnis weit dar\u00fcber hinaus geht, steht au\u00dfer Zweifel. Aus diesem Anlass m\u00f6chten wir Ausz\u00fcge aus dem Vorwort zum Buch <a href=\"https:\/\/de.scribd.com\/document\/222612323\/SILO-UNTER-FREIEM-HIMMEL-SILO-IN-THE-OPEN-AIR\">Silo unter freien Himmel<\/a> von seinem Freund Dario Ergas ver\u00f6ffentlichen.<\/p>\n<p>\u201eSilo hat danach sehr oft darauf hingewiesen, dass Schmerz eine und Leiden eine andere Sache ist. Der Schmerz wird durch den Fortschritt von Wissenschaft und Gerechtigkeit gelindert, aber das Leiden ist geistig, es geh\u00f6rt zum Bewusstsein und kann nicht durch wissenschaftlichen oder politischen Fortschritt \u00fcberwunden werden. Daf\u00fcr braucht es eine entwicklungsgem\u00e4\u00dfe Anstrengung, um den essenziellen Motor der W\u00fcnsche des menschlichen Lebens zu erkennen, W\u00fcnsche, die uns einfangen und uns vom wahrhaften Sinn ablenken. Die edelste Aufgabe des Menschen, wiederholte er sehr oft, ist die \u00dcberwindung des Schmerzes und des Leidens. [\u2026]<\/p>\n<p>\u00abDie Erde menschlich machen\u00ab war der Ansto\u00df, der eine weltweite humanistische Bewegung und verschiedenste kulturelle, politische und soziale Organisationen ins Leben gerufen hat. Je st\u00e4rker die Aktionen der Bewegung wurden, desto klarer zeichnete Silo die Thesen des Universalistischen und des Neuen Humanismus. Hier wird die Existenz an sich &#8211; man k\u00f6nnte sagen der Mensch im Besonderen und konkreten &#8211; \u00fcber jede Idee, Allgemeing\u00fcltigkeit oder \u00dcberbau gestellt. Aus seiner existenziellen Analyse heraus gewinnt Silo eine allgemeine Grundhaltung des Menschen, unabh\u00e4ngig davon in welcher Zeit und in welcher Kultur er lebt und diese nennt er humanistische Haltung. Diese Haltung charakterisiert sich dadurch, dass der h\u00f6chste Wert im menschlichen Leben und in der menschlichen Freiheit liegt. Er findet sie in den geschichtlichen Momenten darin, dass<\/p>\n<ol>\n<li>der Mensch den h\u00f6chsten Wert darstellt und \u00fcber dem Geld, der Religion, dem Staat, den Modellen und den Gesellschaftssystemen steht;<\/li>\n<li>die Denkfreiheit gef\u00f6rdert wird;<\/li>\n<li>die Gleichheit der Rechte und M\u00f6glichkeiten f\u00fcr alle Menschen gef\u00f6rdert wird;<\/li>\n<li>die Vielfalt der Traditionen und Kulturen best\u00e4tigt wird;<\/li>\n<li>gegen Diskriminierung gek\u00e4mpft wird;<\/li>\n<li>die Gewaltfreiheit zur Aktionsmethodologie f\u00fcr Ver\u00e4nderung erkl\u00e4rt wird und jede Form von Gewalt, sei es nun k\u00f6rperliche, wirtschaftliche, rassistische, religi\u00f6se, sexuelle, psychologische oder moralische Gewalt, abgelehnt wird.<\/li>\n<\/ol>\n<p>Im Laufe der folgenden Jahrzehnte wird Silo die Themen Leiden, Tod, Transzendenz und das menschliche Projekt von verschiedenen Blickwinkeln her weiterentwickeln. Aus dem Blickwinkel der Psychologie in \u00abGeleitete Erfahrungen\u00bb, \u00abPsychologie des Bildes\u00bb und \u00abNotizen zur Psychologie\u00bb. Von der Historiologie her in \u00abHistoriologische Diskussionen\u00bb, aus dem Blickwinkel der Soziologie und Politik in \u00abBriefe an meine Freunde\u00bb, von der kulturellen Anthropologie her in \u201eUniverselle Ursprungsmythen\u00bb, von der Moral und der Mystik her in verschiedenen in \u00abSilo spricht\u00bb gesammelten Reden, vom Blickwinkel der Literatur in den Geschichten im \u00abTag des Gefl\u00fcgelten L\u00f6wen\u00bb, vom Humanismus her im \u00abW\u00f6rterbuch des Neuen Humanismus\u00bb. Er schrieb dies alles vor allem von der Aktion her, nicht nur als theoretischen Entwurf, sondern als ein in Gang setzen einer weltweiten Bewegung f\u00fcr die menschliche Entwicklung, f\u00fcr eine Begegnung der Kulturen, f\u00fcr das Ende der Kriege, f\u00fcr eine politische und soziale Entwicklung, f\u00fcr eine gute Erkenntnis, f\u00fcr Frieden und Gewaltfreiheit. [\u2026]<\/p>\n<p>In dieser Rede [<em>am 4. Mai 1999 in Punta de Vacas, Anm. d. Red.<\/em>] sagte er auch das Nahen einer Zeitenwende, die Geburt einer neuen Spiritualit\u00e4t und die erste planetarische Zivilisation voraus, die sich bereits am Horizont der Menschheit abzeichnet.<\/p>\n<p>Es ist die Ank\u00fcndigung einer neuen Spiritualit\u00e4t, die ihre \u00e4u\u00dferen St\u00fctzen hinter sich gelassen hat und sich im Inneren eines jeden Menschen ihren Weg bahnt. Es ist eine Antwort auf das pers\u00f6nliche und kollektive Ungleichgewicht, entstanden durch den Ruck, den die verwurzelten kulturellen Glaubensgewissheiten erlebt haben. In dieser gro\u00dfen stattfindenden Ver\u00e4nderung sind die<a href=\"http:\/\/www.parkschlamau.org\/der-park\/andere-parks\/\" target=\"_blank\" rel=\"noopener\"> Studien- und Reflexionsparks<\/a> darauf vorbereitet, Orte zur psychologischen Regenerierung zu sein und Orte, an denen man sich selbst und die anderen treffen kann.<\/p>\n<p><a href=\"https:\/\/www.silosbotschaft.net\/\" target=\"_blank\" rel=\"noopener\">Silos Botschaft<\/a> hilft jenen, die einen transzendenten Sinn im Leben suchen und sich in Richtung der inneren Einheit orientieren. Die <a href=\"http:\/\/www.humanistmovement.net\/\" target=\"_blank\" rel=\"noopener\">Humanistische Bewegung<\/a> schafft Beteiligungsm\u00f6glichkeiten, um gesellschaftliche Modelle zu ver\u00e4ndern, w\u00e4hrend jeder einzelne in sich eine tiefe Ver\u00e4nderung sucht. Die Zukunft ist offen und es naht die Universelle Menschliche Nation, von allen f\u00fcr alle.\u201c<\/p>\n","protected":false},"excerpt":{"rendered":"<p>Heute j\u00e4hrt sich zum achten Mal der Todestag des argentinischen Denkers und Schriftstellers Mario Rodriguez Cobos, der unter dem Pseudonym Silo schrieb. Der Begr\u00fcnder des Universalistischen oder Neuen Humanismus bezeichnete sich selber jeweils einfach als Schriftsteller und Denker. Dass sein&hellip;<\/p>\n","protected":false},"author":1095,"featured_media":717671,"comment_status":"closed","ping_status":"closed","sticky":false,"template":"","format":"standard","meta":{"footnotes":""},"categories":[9167,9162,11387,9165],"tags":[22229,9425,9962,30640,11443,9958,9961],"class_list":["post-717670","post","type-post","status-publish","format-standard","has-post-thumbnail","hentry","category-frieden-und-abruestung","category-humanismus-und-spiritualitaet","category-originalinhalt","category-vielfalt","tag-gewaltfreiheit","tag-humanismus","tag-humanistische-bewegung","tag-mario-luis-rodriguez-cobos","tag-neuer-humanismus","tag-silo-de","tag-silos-botschaft"],"yoast_head":"<!-- This site is optimized with the Yoast SEO plugin v27.1.1 - https:\/\/yoast.com\/product\/yoast-seo-wordpress\/ -->\n<title>Hommage an Silo: \u201eDie Zukunft ist offen, eine Zukunft von allen f\u00fcr alle\u201c<\/title>\n<meta name=\"description\" content=\"Heute j\u00e4hrt sich zum achten Mal der Todestag des argentinischen Denkers und Schriftstellers Mario Rodriguez Cobos, der unter dem Pseudonym Silo schrieb.\" \/>\n<meta name=\"robots\" content=\"index, follow, max-snippet:-1, max-image-preview:large, max-video-preview:-1\" \/>\n<link rel=\"canonical\" href=\"https:\/\/www.pressenza.com\/de\/2018\/09\/hommage-an-silo-die-zukunft-ist-offen-eine-zukunft-von-allen-fuer-alle\/\" \/>\n<meta property=\"og:locale\" content=\"de_DE\" \/>\n<meta property=\"og:type\" content=\"article\" \/>\n<meta property=\"og:title\" content=\"Hommage an Silo: \u201eDie Zukunft ist offen, eine Zukunft von allen f\u00fcr alle\u201c\" \/>\n<meta property=\"og:description\" content=\"Heute j\u00e4hrt sich zum achten Mal der Todestag des argentinischen Denkers und Schriftstellers Mario Rodriguez Cobos, der unter dem Pseudonym Silo schrieb.\" \/>\n<meta property=\"og:url\" content=\"https:\/\/www.pressenza.com\/de\/2018\/09\/hommage-an-silo-die-zukunft-ist-offen-eine-zukunft-von-allen-fuer-alle\/\" \/>\n<meta property=\"og:site_name\" content=\"Pressenza\" \/>\n<meta property=\"article:publisher\" content=\"https:\/\/www.facebook.com\/PressenzaItalia\" \/>\n<meta property=\"article:author\" content=\"https:\/\/www.facebook.com\/Pressenza-Deutschland-sterreich-Schweiz-281675388658060\/timeline\/\" \/>\n<meta property=\"article:published_time\" content=\"2018-09-16T02:03:50+00:00\" \/>\n<meta property=\"article:modified_time\" content=\"2018-09-18T12:11:04+00:00\" \/>\n<meta property=\"og:image\" content=\"https:\/\/www.pressenza.com\/wp-content\/uploads\/2018\/09\/Silo-Berlin-2009.jpg\" \/>\n\t<meta property=\"og:image:width\" content=\"750\" \/>\n\t<meta property=\"og:image:height\" content=\"415\" \/>\n\t<meta property=\"og:image:type\" content=\"image\/jpeg\" \/>\n<meta name=\"author\" content=\"Pressenza Berlin\" \/>\n<meta name=\"twitter:card\" content=\"summary_large_image\" \/>\n<meta name=\"twitter:creator\" content=\"@pressenza_ger\" \/>\n<meta name=\"twitter:site\" content=\"@PressenzaIPA\" \/>\n<meta name=\"twitter:label1\" content=\"Verfasst von\" \/>\n\t<meta name=\"twitter:data1\" content=\"Pressenza Berlin\" \/>\n\t<meta name=\"twitter:label2\" content=\"Gesch\u00e4tzte Lesezeit\" \/>\n\t<meta name=\"twitter:data2\" content=\"4\u00a0Minuten\" \/>\n<script type=\"application\/ld+json\" class=\"yoast-schema-graph\">{\"@context\":\"https:\/\/schema.org\",\"@graph\":[{\"@type\":\"Article\",\"@id\":\"https:\/\/www.pressenza.com\/de\/2018\/09\/hommage-an-silo-die-zukunft-ist-offen-eine-zukunft-von-allen-fuer-alle\/#article\",\"isPartOf\":{\"@id\":\"https:\/\/www.pressenza.com\/de\/2018\/09\/hommage-an-silo-die-zukunft-ist-offen-eine-zukunft-von-allen-fuer-alle\/\"},\"author\":{\"name\":\"Pressenza Berlin\",\"@id\":\"https:\/\/www.pressenza.com\/de\/#\/schema\/person\/57bb5480943a496a7722b0248e4b658a\"},\"headline\":\"Hommage an Silo: \u201eDie Zukunft ist offen, eine Zukunft von allen f\u00fcr alle\u201c\",\"datePublished\":\"2018-09-16T02:03:50+00:00\",\"dateModified\":\"2018-09-18T12:11:04+00:00\",\"mainEntityOfPage\":{\"@id\":\"https:\/\/www.pressenza.com\/de\/2018\/09\/hommage-an-silo-die-zukunft-ist-offen-eine-zukunft-von-allen-fuer-alle\/\"},\"wordCount\":737,\"publisher\":{\"@id\":\"https:\/\/www.pressenza.com\/de\/#organization\"},\"image\":{\"@id\":\"https:\/\/www.pressenza.com\/de\/2018\/09\/hommage-an-silo-die-zukunft-ist-offen-eine-zukunft-von-allen-fuer-alle\/#primaryimage\"},\"thumbnailUrl\":\"https:\/\/www.pressenza.com\/wp-content\/uploads\/2018\/09\/Silo-Berlin-2009.jpg\",\"keywords\":[\"Gewaltfreiheit\",\"Humanismus\",\"Humanistische Bewegung\",\"Mario Luis Rodr\u00edguez Cobos\",\"neuer humanismus\",\"Silo\",\"Silos Botschaft\"],\"articleSection\":[\"Frieden und Abr\u00fcstung\",\"Humanismus und Spiritualit\u00e4t\",\"Originalinhalt\",\"Vielfalt\"],\"inLanguage\":\"de\"},{\"@type\":\"WebPage\",\"@id\":\"https:\/\/www.pressenza.com\/de\/2018\/09\/hommage-an-silo-die-zukunft-ist-offen-eine-zukunft-von-allen-fuer-alle\/\",\"url\":\"https:\/\/www.pressenza.com\/de\/2018\/09\/hommage-an-silo-die-zukunft-ist-offen-eine-zukunft-von-allen-fuer-alle\/\",\"name\":\"Hommage an Silo: \u201eDie Zukunft ist offen, eine Zukunft von allen f\u00fcr alle\u201c\",\"isPartOf\":{\"@id\":\"https:\/\/www.pressenza.com\/de\/#website\"},\"primaryImageOfPage\":{\"@id\":\"https:\/\/www.pressenza.com\/de\/2018\/09\/hommage-an-silo-die-zukunft-ist-offen-eine-zukunft-von-allen-fuer-alle\/#primaryimage\"},\"image\":{\"@id\":\"https:\/\/www.pressenza.com\/de\/2018\/09\/hommage-an-silo-die-zukunft-ist-offen-eine-zukunft-von-allen-fuer-alle\/#primaryimage\"},\"thumbnailUrl\":\"https:\/\/www.pressenza.com\/wp-content\/uploads\/2018\/09\/Silo-Berlin-2009.jpg\",\"datePublished\":\"2018-09-16T02:03:50+00:00\",\"dateModified\":\"2018-09-18T12:11:04+00:00\",\"description\":\"Heute j\u00e4hrt sich zum achten Mal der Todestag des argentinischen Denkers und Schriftstellers Mario Rodriguez Cobos, der unter dem Pseudonym Silo schrieb.\",\"breadcrumb\":{\"@id\":\"https:\/\/www.pressenza.com\/de\/2018\/09\/hommage-an-silo-die-zukunft-ist-offen-eine-zukunft-von-allen-fuer-alle\/#breadcrumb\"},\"inLanguage\":\"de\",\"potentialAction\":[{\"@type\":\"ReadAction\",\"target\":[\"https:\/\/www.pressenza.com\/de\/2018\/09\/hommage-an-silo-die-zukunft-ist-offen-eine-zukunft-von-allen-fuer-alle\/\"]}]},{\"@type\":\"ImageObject\",\"inLanguage\":\"de\",\"@id\":\"https:\/\/www.pressenza.com\/de\/2018\/09\/hommage-an-silo-die-zukunft-ist-offen-eine-zukunft-von-allen-fuer-alle\/#primaryimage\",\"url\":\"https:\/\/www.pressenza.com\/wp-content\/uploads\/2018\/09\/Silo-Berlin-2009.jpg\",\"contentUrl\":\"https:\/\/www.pressenza.com\/wp-content\/uploads\/2018\/09\/Silo-Berlin-2009.jpg\",\"width\":750,\"height\":415},{\"@type\":\"BreadcrumbList\",\"@id\":\"https:\/\/www.pressenza.com\/de\/2018\/09\/hommage-an-silo-die-zukunft-ist-offen-eine-zukunft-von-allen-fuer-alle\/#breadcrumb\",\"itemListElement\":[{\"@type\":\"ListItem\",\"position\":1,\"name\":\"Accueil\",\"item\":\"https:\/\/www.pressenza.com\/de\/\"},{\"@type\":\"ListItem\",\"position\":2,\"name\":\"Hommage an Silo: \u201eDie Zukunft ist offen, eine Zukunft von allen f\u00fcr alle\u201c\"}]},{\"@type\":\"WebSite\",\"@id\":\"https:\/\/www.pressenza.com\/de\/#website\",\"url\":\"https:\/\/www.pressenza.com\/de\/\",\"name\":\"Pressenza\",\"description\":\"International Press Agency\",\"publisher\":{\"@id\":\"https:\/\/www.pressenza.com\/de\/#organization\"},\"potentialAction\":[{\"@type\":\"SearchAction\",\"target\":{\"@type\":\"EntryPoint\",\"urlTemplate\":\"https:\/\/www.pressenza.com\/de\/?s={search_term_string}\"},\"query-input\":{\"@type\":\"PropertyValueSpecification\",\"valueRequired\":true,\"valueName\":\"search_term_string\"}}],\"inLanguage\":\"de\"},{\"@type\":\"Organization\",\"@id\":\"https:\/\/www.pressenza.com\/de\/#organization\",\"name\":\"Pressenza\",\"url\":\"https:\/\/www.pressenza.com\/de\/\",\"logo\":{\"@type\":\"ImageObject\",\"inLanguage\":\"de\",\"@id\":\"https:\/\/www.pressenza.com\/de\/#\/schema\/logo\/image\/\",\"url\":\"https:\/\/www.pressenza.com\/wp-content\/uploads\/2022\/10\/pressenza_logo_200x200.jpg\",\"contentUrl\":\"https:\/\/www.pressenza.com\/wp-content\/uploads\/2022\/10\/pressenza_logo_200x200.jpg\",\"width\":200,\"height\":200,\"caption\":\"Pressenza\"},\"image\":{\"@id\":\"https:\/\/www.pressenza.com\/de\/#\/schema\/logo\/image\/\"},\"sameAs\":[\"https:\/\/www.facebook.com\/PressenzaItalia\",\"https:\/\/x.com\/PressenzaIPA\"]},{\"@type\":\"Person\",\"@id\":\"https:\/\/www.pressenza.com\/de\/#\/schema\/person\/57bb5480943a496a7722b0248e4b658a\",\"name\":\"Pressenza Berlin\",\"description\":\"News from the Pressenza Bureau in Berlin, Germany\",\"sameAs\":[\"https:\/\/www.facebook.com\/Pressenza-Deutschland-sterreich-Schweiz-281675388658060\/timeline\/\",\"https:\/\/x.com\/pressenza_ger\"],\"url\":\"https:\/\/www.pressenza.com\/de\/author\/pressenza-berlin\/\"}]}<\/script>\n<!-- \/ Yoast SEO plugin. -->","yoast_head_json":{"title":"Hommage an Silo: \u201eDie Zukunft ist offen, eine Zukunft von allen f\u00fcr alle\u201c","description":"Heute j\u00e4hrt sich zum achten Mal der Todestag des argentinischen Denkers und Schriftstellers Mario Rodriguez Cobos, der unter dem Pseudonym Silo schrieb.","robots":{"index":"index","follow":"follow","max-snippet":"max-snippet:-1","max-image-preview":"max-image-preview:large","max-video-preview":"max-video-preview:-1"},"canonical":"https:\/\/www.pressenza.com\/de\/2018\/09\/hommage-an-silo-die-zukunft-ist-offen-eine-zukunft-von-allen-fuer-alle\/","og_locale":"de_DE","og_type":"article","og_title":"Hommage an Silo: \u201eDie Zukunft ist offen, eine Zukunft von allen f\u00fcr alle\u201c","og_description":"Heute j\u00e4hrt sich zum achten Mal der Todestag des argentinischen Denkers und Schriftstellers Mario Rodriguez Cobos, der unter dem Pseudonym Silo schrieb.","og_url":"https:\/\/www.pressenza.com\/de\/2018\/09\/hommage-an-silo-die-zukunft-ist-offen-eine-zukunft-von-allen-fuer-alle\/","og_site_name":"Pressenza","article_publisher":"https:\/\/www.facebook.com\/PressenzaItalia","article_author":"https:\/\/www.facebook.com\/Pressenza-Deutschland-sterreich-Schweiz-281675388658060\/timeline\/","article_published_time":"2018-09-16T02:03:50+00:00","article_modified_time":"2018-09-18T12:11:04+00:00","og_image":[{"width":750,"height":415,"url":"https:\/\/www.pressenza.com\/wp-content\/uploads\/2018\/09\/Silo-Berlin-2009.jpg","type":"image\/jpeg"}],"author":"Pressenza Berlin","twitter_card":"summary_large_image","twitter_creator":"@pressenza_ger","twitter_site":"@PressenzaIPA","twitter_misc":{"Verfasst von":"Pressenza Berlin","Gesch\u00e4tzte Lesezeit":"4\u00a0Minuten"},"schema":{"@context":"https:\/\/schema.org","@graph":[{"@type":"Article","@id":"https:\/\/www.pressenza.com\/de\/2018\/09\/hommage-an-silo-die-zukunft-ist-offen-eine-zukunft-von-allen-fuer-alle\/#article","isPartOf":{"@id":"https:\/\/www.pressenza.com\/de\/2018\/09\/hommage-an-silo-die-zukunft-ist-offen-eine-zukunft-von-allen-fuer-alle\/"},"author":{"name":"Pressenza Berlin","@id":"https:\/\/www.pressenza.com\/de\/#\/schema\/person\/57bb5480943a496a7722b0248e4b658a"},"headline":"Hommage an Silo: \u201eDie Zukunft ist offen, eine Zukunft von allen f\u00fcr alle\u201c","datePublished":"2018-09-16T02:03:50+00:00","dateModified":"2018-09-18T12:11:04+00:00","mainEntityOfPage":{"@id":"https:\/\/www.pressenza.com\/de\/2018\/09\/hommage-an-silo-die-zukunft-ist-offen-eine-zukunft-von-allen-fuer-alle\/"},"wordCount":737,"publisher":{"@id":"https:\/\/www.pressenza.com\/de\/#organization"},"image":{"@id":"https:\/\/www.pressenza.com\/de\/2018\/09\/hommage-an-silo-die-zukunft-ist-offen-eine-zukunft-von-allen-fuer-alle\/#primaryimage"},"thumbnailUrl":"https:\/\/www.pressenza.com\/wp-content\/uploads\/2018\/09\/Silo-Berlin-2009.jpg","keywords":["Gewaltfreiheit","Humanismus","Humanistische Bewegung","Mario Luis Rodr\u00edguez Cobos","neuer humanismus","Silo","Silos Botschaft"],"articleSection":["Frieden und Abr\u00fcstung","Humanismus und Spiritualit\u00e4t","Originalinhalt","Vielfalt"],"inLanguage":"de"},{"@type":"WebPage","@id":"https:\/\/www.pressenza.com\/de\/2018\/09\/hommage-an-silo-die-zukunft-ist-offen-eine-zukunft-von-allen-fuer-alle\/","url":"https:\/\/www.pressenza.com\/de\/2018\/09\/hommage-an-silo-die-zukunft-ist-offen-eine-zukunft-von-allen-fuer-alle\/","name":"Hommage an Silo: \u201eDie Zukunft ist offen, eine Zukunft von allen f\u00fcr alle\u201c","isPartOf":{"@id":"https:\/\/www.pressenza.com\/de\/#website"},"primaryImageOfPage":{"@id":"https:\/\/www.pressenza.com\/de\/2018\/09\/hommage-an-silo-die-zukunft-ist-offen-eine-zukunft-von-allen-fuer-alle\/#primaryimage"},"image":{"@id":"https:\/\/www.pressenza.com\/de\/2018\/09\/hommage-an-silo-die-zukunft-ist-offen-eine-zukunft-von-allen-fuer-alle\/#primaryimage"},"thumbnailUrl":"https:\/\/www.pressenza.com\/wp-content\/uploads\/2018\/09\/Silo-Berlin-2009.jpg","datePublished":"2018-09-16T02:03:50+00:00","dateModified":"2018-09-18T12:11:04+00:00","description":"Heute j\u00e4hrt sich zum achten Mal der Todestag des argentinischen Denkers und Schriftstellers Mario Rodriguez Cobos, der unter dem Pseudonym Silo schrieb.","breadcrumb":{"@id":"https:\/\/www.pressenza.com\/de\/2018\/09\/hommage-an-silo-die-zukunft-ist-offen-eine-zukunft-von-allen-fuer-alle\/#breadcrumb"},"inLanguage":"de","potentialAction":[{"@type":"ReadAction","target":["https:\/\/www.pressenza.com\/de\/2018\/09\/hommage-an-silo-die-zukunft-ist-offen-eine-zukunft-von-allen-fuer-alle\/"]}]},{"@type":"ImageObject","inLanguage":"de","@id":"https:\/\/www.pressenza.com\/de\/2018\/09\/hommage-an-silo-die-zukunft-ist-offen-eine-zukunft-von-allen-fuer-alle\/#primaryimage","url":"https:\/\/www.pressenza.com\/wp-content\/uploads\/2018\/09\/Silo-Berlin-2009.jpg","contentUrl":"https:\/\/www.pressenza.com\/wp-content\/uploads\/2018\/09\/Silo-Berlin-2009.jpg","width":750,"height":415},{"@type":"BreadcrumbList","@id":"https:\/\/www.pressenza.com\/de\/2018\/09\/hommage-an-silo-die-zukunft-ist-offen-eine-zukunft-von-allen-fuer-alle\/#breadcrumb","itemListElement":[{"@type":"ListItem","position":1,"name":"Accueil","item":"https:\/\/www.pressenza.com\/de\/"},{"@type":"ListItem","position":2,"name":"Hommage an Silo: \u201eDie Zukunft ist offen, eine Zukunft von allen f\u00fcr alle\u201c"}]},{"@type":"WebSite","@id":"https:\/\/www.pressenza.com\/de\/#website","url":"https:\/\/www.pressenza.com\/de\/","name":"Pressenza","description":"International Press Agency","publisher":{"@id":"https:\/\/www.pressenza.com\/de\/#organization"},"potentialAction":[{"@type":"SearchAction","target":{"@type":"EntryPoint","urlTemplate":"https:\/\/www.pressenza.com\/de\/?s={search_term_string}"},"query-input":{"@type":"PropertyValueSpecification","valueRequired":true,"valueName":"search_term_string"}}],"inLanguage":"de"},{"@type":"Organization","@id":"https:\/\/www.pressenza.com\/de\/#organization","name":"Pressenza","url":"https:\/\/www.pressenza.com\/de\/","logo":{"@type":"ImageObject","inLanguage":"de","@id":"https:\/\/www.pressenza.com\/de\/#\/schema\/logo\/image\/","url":"https:\/\/www.pressenza.com\/wp-content\/uploads\/2022\/10\/pressenza_logo_200x200.jpg","contentUrl":"https:\/\/www.pressenza.com\/wp-content\/uploads\/2022\/10\/pressenza_logo_200x200.jpg","width":200,"height":200,"caption":"Pressenza"},"image":{"@id":"https:\/\/www.pressenza.com\/de\/#\/schema\/logo\/image\/"},"sameAs":["https:\/\/www.facebook.com\/PressenzaItalia","https:\/\/x.com\/PressenzaIPA"]},{"@type":"Person","@id":"https:\/\/www.pressenza.com\/de\/#\/schema\/person\/57bb5480943a496a7722b0248e4b658a","name":"Pressenza Berlin","description":"News from the Pressenza Bureau in Berlin, Germany","sameAs":["https:\/\/www.facebook.com\/Pressenza-Deutschland-sterreich-Schweiz-281675388658060\/timeline\/","https:\/\/x.com\/pressenza_ger"],"url":"https:\/\/www.pressenza.com\/de\/author\/pressenza-berlin\/"}]}},"place":"","original_article_url":"","_links":{"self":[{"href":"https:\/\/www.pressenza.com\/de\/wp-json\/wp\/v2\/posts\/717670","targetHints":{"allow":["GET"]}}],"collection":[{"href":"https:\/\/www.pressenza.com\/de\/wp-json\/wp\/v2\/posts"}],"about":[{"href":"https:\/\/www.pressenza.com\/de\/wp-json\/wp\/v2\/types\/post"}],"author":[{"embeddable":true,"href":"https:\/\/www.pressenza.com\/de\/wp-json\/wp\/v2\/users\/1095"}],"replies":[{"embeddable":true,"href":"https:\/\/www.pressenza.com\/de\/wp-json\/wp\/v2\/comments?post=717670"}],"version-history":[{"count":0,"href":"https:\/\/www.pressenza.com\/de\/wp-json\/wp\/v2\/posts\/717670\/revisions"}],"wp:featuredmedia":[{"embeddable":true,"href":"https:\/\/www.pressenza.com\/de\/wp-json\/wp\/v2\/media\/717671"}],"wp:attachment":[{"href":"https:\/\/www.pressenza.com\/de\/wp-json\/wp\/v2\/media?parent=717670"}],"wp:term":[{"taxonomy":"category","embeddable":true,"href":"https:\/\/www.pressenza.com\/de\/wp-json\/wp\/v2\/categories?post=717670"},{"taxonomy":"post_tag","embeddable":true,"href":"https:\/\/www.pressenza.com\/de\/wp-json\/wp\/v2\/tags?post=717670"}],"curies":[{"name":"wp","href":"https:\/\/api.w.org\/{rel}","templated":true}]}}