{"id":698452,"date":"2018-08-23T13:54:59","date_gmt":"2018-08-23T12:54:59","guid":{"rendered":"https:\/\/www.pressenza.com\/?p=698452"},"modified":"2018-08-23T13:54:59","modified_gmt":"2018-08-23T12:54:59","slug":"milagro-sala-kehrt-in-den-hausarrest-zurueck-aber-ins-falsche-haus-zum-dritten-mal","status":"publish","type":"post","link":"https:\/\/www.pressenza.com\/de\/2018\/08\/milagro-sala-kehrt-in-den-hausarrest-zurueck-aber-ins-falsche-haus-zum-dritten-mal\/","title":{"rendered":"Milagro Sala kehrt in den Hausarrest zur\u00fcck, aber ins falsche Haus, zum dritten Mal"},"content":{"rendered":"<p>Letzten Samstag hat der Richter Pullen Llermanos seine eigene Verf\u00fcgung, Milagro Sala aus dem Hausarrest in El Carmen in das Gef\u00e4ngnis von Salta zu \u00fcberf\u00fchren, widerrufen m\u00fcssen. Der Widerruf der Inhaftierung im Gef\u00e4ngnis war vom Obersten Gerichtshof von Argentinien angeordnet worden, wobei unterstrichen wurde, somit der Resolution des Interamerikanischen Gerichtshofs f\u00fcr Menschenrechte zu folgen.<\/p>\n<p>In einem Interview mit P\u00e1gina 12 sagte die Leiterin der sozialen B\u00fcrgerbewegung Tupac Amaru: \u201eSie wollten mich zerst\u00f6ren, aber das haben sie nicht geschafft!\u201c. Milagro war in Hungerstreik getreten, um gegen die abermalige Ungerechtigkeit ihrer erneuten Inhaftierung zu protestieren.<\/p>\n<p>Im Bezug auf die unverst\u00e4ndliche Vorgehensweise des verantwortlichen Richters in Jujuy Llermanos sagte die soziale Leiterin gegen\u00fcber P\u00e1gina 12: \u201eEs ist das dritte Mal, dass das Urteil des Internationalen Gerichtshofs und des Obersten Gerichtshofs nicht umgesetzt wurde. Im letzten Urteil des Obersten Gerichtshofs wurde in einem der Artikel gefragt, warum die Forderung, mich in mein Zuhause zu \u00fcberf\u00fchren, nicht befolgt wurde. Ich h\u00e4tte den Hausarrest in meinem Haus in Cuyaya verbringen sollen, nicht in El Carmen. Jetzt haben sie wieder genau dasselbe gemacht, das ist bereits das dritte Mal. Es scheint, als sei er (der Richter; Anm.d.\u00dc.) nicht dazu in der Lage, die schriftlichen Anweisungen des Obersten Gerichtshofs zu begreifen.\u201c<\/p>\n","protected":false},"excerpt":{"rendered":"<p>Letzten Samstag hat der Richter Pullen Llermanos seine eigene Verf\u00fcgung, Milagro Sala aus dem Hausarrest in El Carmen in das Gef\u00e4ngnis von Salta zu \u00fcberf\u00fchren, widerrufen m\u00fcssen. Der Widerruf der Inhaftierung im Gef\u00e4ngnis war vom Obersten Gerichtshof von Argentinien angeordnet&hellip;<\/p>\n","protected":false},"author":594,"featured_media":696588,"comment_status":"closed","ping_status":"closed","sticky":false,"template":"","format":"standard","meta":{"footnotes":""},"categories":[7835,9161,11387,9154],"tags":[10446,7399,27498,34572,49202,1096],"class_list":["post-698452","post","type-post","status-publish","format-standard","has-post-thumbnail","hentry","category-international-de","category-menschenrechte","category-originalinhalt","category-suedamerika","tag-argentinien","tag-jujuy","tag-milagro-sala-de","tag-politische-gefangene","tag-pullen-llermanos","tag-tupac-amaru"],"yoast_head":"<!-- This site is optimized with the Yoast SEO plugin v27.1.1 - https:\/\/yoast.com\/product\/yoast-seo-wordpress\/ -->\n<title>Milagro Sala kehrt in den Hausarrest zur\u00fcck, aber ins falsche Haus, zum dritten Mal<\/title>\n<meta name=\"description\" content=\"Letzten Samstag hat der Richter Pullen Llermanos seine eigene Verf\u00fcgung, Milagro Sala aus dem Hausarrest in El Carmen in das Gef\u00e4ngnis von Salta zu\" \/>\n<meta name=\"robots\" content=\"index, follow, max-snippet:-1, max-image-preview:large, max-video-preview:-1\" \/>\n<link rel=\"canonical\" href=\"https:\/\/www.pressenza.com\/de\/2018\/08\/milagro-sala-kehrt-in-den-hausarrest-zurueck-aber-ins-falsche-haus-zum-dritten-mal\/\" \/>\n<meta property=\"og:locale\" content=\"de_DE\" \/>\n<meta property=\"og:type\" content=\"article\" \/>\n<meta property=\"og:title\" content=\"Milagro Sala kehrt in den Hausarrest zur\u00fcck, aber ins falsche Haus, zum dritten Mal\" \/>\n<meta property=\"og:description\" content=\"Letzten Samstag hat der Richter Pullen Llermanos seine eigene Verf\u00fcgung, Milagro Sala aus dem Hausarrest in El Carmen in das Gef\u00e4ngnis von Salta zu\" \/>\n<meta property=\"og:url\" content=\"https:\/\/www.pressenza.com\/de\/2018\/08\/milagro-sala-kehrt-in-den-hausarrest-zurueck-aber-ins-falsche-haus-zum-dritten-mal\/\" \/>\n<meta property=\"og:site_name\" content=\"Pressenza\" \/>\n<meta property=\"article:publisher\" content=\"https:\/\/www.facebook.com\/PressenzaItalia\" \/>\n<meta property=\"article:author\" content=\"https:\/\/www.facebook.com\/PressenzaItalia\" \/>\n<meta property=\"article:published_time\" content=\"2018-08-23T12:54:59+00:00\" \/>\n<meta property=\"og:image\" content=\"https:\/\/www.pressenza.com\/wp-content\/uploads\/2018\/08\/milagrosala_al-carmen.jpg\" \/>\n\t<meta property=\"og:image:width\" content=\"960\" \/>\n\t<meta property=\"og:image:height\" content=\"540\" \/>\n\t<meta property=\"og:image:type\" content=\"image\/jpeg\" \/>\n<meta name=\"author\" content=\"Redazione Italia\" \/>\n<meta name=\"twitter:card\" content=\"summary_large_image\" \/>\n<meta name=\"twitter:creator\" content=\"@pressenza_it\" \/>\n<meta name=\"twitter:site\" content=\"@PressenzaIPA\" \/>\n<meta name=\"twitter:label1\" content=\"Verfasst von\" \/>\n\t<meta name=\"twitter:data1\" content=\"Redazione Italia\" \/>\n\t<meta name=\"twitter:label2\" content=\"Gesch\u00e4tzte Lesezeit\" \/>\n\t<meta name=\"twitter:data2\" content=\"1\u00a0Minute\" \/>\n<script type=\"application\/ld+json\" class=\"yoast-schema-graph\">{\"@context\":\"https:\/\/schema.org\",\"@graph\":[{\"@type\":\"Article\",\"@id\":\"https:\/\/www.pressenza.com\/de\/2018\/08\/milagro-sala-kehrt-in-den-hausarrest-zurueck-aber-ins-falsche-haus-zum-dritten-mal\/#article\",\"isPartOf\":{\"@id\":\"https:\/\/www.pressenza.com\/de\/2018\/08\/milagro-sala-kehrt-in-den-hausarrest-zurueck-aber-ins-falsche-haus-zum-dritten-mal\/\"},\"author\":{\"name\":\"Redazione Italia\",\"@id\":\"https:\/\/www.pressenza.com\/de\/#\/schema\/person\/d983e81827ae24f2c7b1a2123d197f8d\"},\"headline\":\"Milagro Sala kehrt in den Hausarrest zur\u00fcck, aber ins falsche Haus, zum dritten Mal\",\"datePublished\":\"2018-08-23T12:54:59+00:00\",\"mainEntityOfPage\":{\"@id\":\"https:\/\/www.pressenza.com\/de\/2018\/08\/milagro-sala-kehrt-in-den-hausarrest-zurueck-aber-ins-falsche-haus-zum-dritten-mal\/\"},\"wordCount\":231,\"publisher\":{\"@id\":\"https:\/\/www.pressenza.com\/de\/#organization\"},\"image\":{\"@id\":\"https:\/\/www.pressenza.com\/de\/2018\/08\/milagro-sala-kehrt-in-den-hausarrest-zurueck-aber-ins-falsche-haus-zum-dritten-mal\/#primaryimage\"},\"thumbnailUrl\":\"https:\/\/www.pressenza.com\/wp-content\/uploads\/2018\/08\/milagrosala_al-carmen.jpg\",\"keywords\":[\"Argentinien\",\"Jujuy\",\"Milagro Sala\",\"politische Gefangene\",\"Pullen Llermanos\",\"Tupac Amaru\"],\"articleSection\":[\"International\",\"Menschenrechte\",\"Originalinhalt\",\"S\u00fcdamerika\"],\"inLanguage\":\"de\"},{\"@type\":\"WebPage\",\"@id\":\"https:\/\/www.pressenza.com\/de\/2018\/08\/milagro-sala-kehrt-in-den-hausarrest-zurueck-aber-ins-falsche-haus-zum-dritten-mal\/\",\"url\":\"https:\/\/www.pressenza.com\/de\/2018\/08\/milagro-sala-kehrt-in-den-hausarrest-zurueck-aber-ins-falsche-haus-zum-dritten-mal\/\",\"name\":\"Milagro Sala kehrt in den Hausarrest zur\u00fcck, aber ins falsche Haus, zum dritten Mal\",\"isPartOf\":{\"@id\":\"https:\/\/www.pressenza.com\/de\/#website\"},\"primaryImageOfPage\":{\"@id\":\"https:\/\/www.pressenza.com\/de\/2018\/08\/milagro-sala-kehrt-in-den-hausarrest-zurueck-aber-ins-falsche-haus-zum-dritten-mal\/#primaryimage\"},\"image\":{\"@id\":\"https:\/\/www.pressenza.com\/de\/2018\/08\/milagro-sala-kehrt-in-den-hausarrest-zurueck-aber-ins-falsche-haus-zum-dritten-mal\/#primaryimage\"},\"thumbnailUrl\":\"https:\/\/www.pressenza.com\/wp-content\/uploads\/2018\/08\/milagrosala_al-carmen.jpg\",\"datePublished\":\"2018-08-23T12:54:59+00:00\",\"description\":\"Letzten Samstag hat der Richter Pullen Llermanos seine eigene Verf\u00fcgung, Milagro Sala aus dem Hausarrest in El Carmen in das Gef\u00e4ngnis von Salta zu\",\"breadcrumb\":{\"@id\":\"https:\/\/www.pressenza.com\/de\/2018\/08\/milagro-sala-kehrt-in-den-hausarrest-zurueck-aber-ins-falsche-haus-zum-dritten-mal\/#breadcrumb\"},\"inLanguage\":\"de\",\"potentialAction\":[{\"@type\":\"ReadAction\",\"target\":[\"https:\/\/www.pressenza.com\/de\/2018\/08\/milagro-sala-kehrt-in-den-hausarrest-zurueck-aber-ins-falsche-haus-zum-dritten-mal\/\"]}]},{\"@type\":\"ImageObject\",\"inLanguage\":\"de\",\"@id\":\"https:\/\/www.pressenza.com\/de\/2018\/08\/milagro-sala-kehrt-in-den-hausarrest-zurueck-aber-ins-falsche-haus-zum-dritten-mal\/#primaryimage\",\"url\":\"https:\/\/www.pressenza.com\/wp-content\/uploads\/2018\/08\/milagrosala_al-carmen.jpg\",\"contentUrl\":\"https:\/\/www.pressenza.com\/wp-content\/uploads\/2018\/08\/milagrosala_al-carmen.jpg\",\"width\":960,\"height\":540},{\"@type\":\"BreadcrumbList\",\"@id\":\"https:\/\/www.pressenza.com\/de\/2018\/08\/milagro-sala-kehrt-in-den-hausarrest-zurueck-aber-ins-falsche-haus-zum-dritten-mal\/#breadcrumb\",\"itemListElement\":[{\"@type\":\"ListItem\",\"position\":1,\"name\":\"Accueil\",\"item\":\"https:\/\/www.pressenza.com\/de\/\"},{\"@type\":\"ListItem\",\"position\":2,\"name\":\"Milagro Sala kehrt in den Hausarrest zur\u00fcck, aber ins falsche Haus, zum dritten Mal\"}]},{\"@type\":\"WebSite\",\"@id\":\"https:\/\/www.pressenza.com\/de\/#website\",\"url\":\"https:\/\/www.pressenza.com\/de\/\",\"name\":\"Pressenza\",\"description\":\"International Press Agency\",\"publisher\":{\"@id\":\"https:\/\/www.pressenza.com\/de\/#organization\"},\"potentialAction\":[{\"@type\":\"SearchAction\",\"target\":{\"@type\":\"EntryPoint\",\"urlTemplate\":\"https:\/\/www.pressenza.com\/de\/?s={search_term_string}\"},\"query-input\":{\"@type\":\"PropertyValueSpecification\",\"valueRequired\":true,\"valueName\":\"search_term_string\"}}],\"inLanguage\":\"de\"},{\"@type\":\"Organization\",\"@id\":\"https:\/\/www.pressenza.com\/de\/#organization\",\"name\":\"Pressenza\",\"url\":\"https:\/\/www.pressenza.com\/de\/\",\"logo\":{\"@type\":\"ImageObject\",\"inLanguage\":\"de\",\"@id\":\"https:\/\/www.pressenza.com\/de\/#\/schema\/logo\/image\/\",\"url\":\"https:\/\/www.pressenza.com\/wp-content\/uploads\/2022\/10\/pressenza_logo_200x200.jpg\",\"contentUrl\":\"https:\/\/www.pressenza.com\/wp-content\/uploads\/2022\/10\/pressenza_logo_200x200.jpg\",\"width\":200,\"height\":200,\"caption\":\"Pressenza\"},\"image\":{\"@id\":\"https:\/\/www.pressenza.com\/de\/#\/schema\/logo\/image\/\"},\"sameAs\":[\"https:\/\/www.facebook.com\/PressenzaItalia\",\"https:\/\/x.com\/PressenzaIPA\"]},{\"@type\":\"Person\",\"@id\":\"https:\/\/www.pressenza.com\/de\/#\/schema\/person\/d983e81827ae24f2c7b1a2123d197f8d\",\"name\":\"Redazione Italia\",\"description\":\"News from the Pressenza Bureau in Italy\",\"sameAs\":[\"https:\/\/www.pressenza.com\/it\/author\/redazione-italia\/\",\"https:\/\/www.facebook.com\/PressenzaItalia\",\"https:\/\/www.instagram.com\/pressenza_italia\/\",\"https:\/\/x.com\/pressenza_it\",\"https:\/\/www.youtube.com\/channel\/UCSalEIWjE1RSxkwjfftFuqg\"],\"url\":\"https:\/\/www.pressenza.com\/de\/author\/redazione-italia\/\"}]}<\/script>\n<!-- \/ Yoast SEO plugin. -->","yoast_head_json":{"title":"Milagro Sala kehrt in den Hausarrest zur\u00fcck, aber ins falsche Haus, zum dritten Mal","description":"Letzten Samstag hat der Richter Pullen Llermanos seine eigene Verf\u00fcgung, Milagro Sala aus dem Hausarrest in El Carmen in das Gef\u00e4ngnis von Salta zu","robots":{"index":"index","follow":"follow","max-snippet":"max-snippet:-1","max-image-preview":"max-image-preview:large","max-video-preview":"max-video-preview:-1"},"canonical":"https:\/\/www.pressenza.com\/de\/2018\/08\/milagro-sala-kehrt-in-den-hausarrest-zurueck-aber-ins-falsche-haus-zum-dritten-mal\/","og_locale":"de_DE","og_type":"article","og_title":"Milagro Sala kehrt in den Hausarrest zur\u00fcck, aber ins falsche Haus, zum dritten Mal","og_description":"Letzten Samstag hat der Richter Pullen Llermanos seine eigene Verf\u00fcgung, Milagro Sala aus dem Hausarrest in El Carmen in das Gef\u00e4ngnis von Salta zu","og_url":"https:\/\/www.pressenza.com\/de\/2018\/08\/milagro-sala-kehrt-in-den-hausarrest-zurueck-aber-ins-falsche-haus-zum-dritten-mal\/","og_site_name":"Pressenza","article_publisher":"https:\/\/www.facebook.com\/PressenzaItalia","article_author":"https:\/\/www.facebook.com\/PressenzaItalia","article_published_time":"2018-08-23T12:54:59+00:00","og_image":[{"width":960,"height":540,"url":"https:\/\/www.pressenza.com\/wp-content\/uploads\/2018\/08\/milagrosala_al-carmen.jpg","type":"image\/jpeg"}],"author":"Redazione Italia","twitter_card":"summary_large_image","twitter_creator":"@pressenza_it","twitter_site":"@PressenzaIPA","twitter_misc":{"Verfasst von":"Redazione Italia","Gesch\u00e4tzte Lesezeit":"1\u00a0Minute"},"schema":{"@context":"https:\/\/schema.org","@graph":[{"@type":"Article","@id":"https:\/\/www.pressenza.com\/de\/2018\/08\/milagro-sala-kehrt-in-den-hausarrest-zurueck-aber-ins-falsche-haus-zum-dritten-mal\/#article","isPartOf":{"@id":"https:\/\/www.pressenza.com\/de\/2018\/08\/milagro-sala-kehrt-in-den-hausarrest-zurueck-aber-ins-falsche-haus-zum-dritten-mal\/"},"author":{"name":"Redazione Italia","@id":"https:\/\/www.pressenza.com\/de\/#\/schema\/person\/d983e81827ae24f2c7b1a2123d197f8d"},"headline":"Milagro Sala kehrt in den Hausarrest zur\u00fcck, aber ins falsche Haus, zum dritten Mal","datePublished":"2018-08-23T12:54:59+00:00","mainEntityOfPage":{"@id":"https:\/\/www.pressenza.com\/de\/2018\/08\/milagro-sala-kehrt-in-den-hausarrest-zurueck-aber-ins-falsche-haus-zum-dritten-mal\/"},"wordCount":231,"publisher":{"@id":"https:\/\/www.pressenza.com\/de\/#organization"},"image":{"@id":"https:\/\/www.pressenza.com\/de\/2018\/08\/milagro-sala-kehrt-in-den-hausarrest-zurueck-aber-ins-falsche-haus-zum-dritten-mal\/#primaryimage"},"thumbnailUrl":"https:\/\/www.pressenza.com\/wp-content\/uploads\/2018\/08\/milagrosala_al-carmen.jpg","keywords":["Argentinien","Jujuy","Milagro Sala","politische Gefangene","Pullen Llermanos","Tupac Amaru"],"articleSection":["International","Menschenrechte","Originalinhalt","S\u00fcdamerika"],"inLanguage":"de"},{"@type":"WebPage","@id":"https:\/\/www.pressenza.com\/de\/2018\/08\/milagro-sala-kehrt-in-den-hausarrest-zurueck-aber-ins-falsche-haus-zum-dritten-mal\/","url":"https:\/\/www.pressenza.com\/de\/2018\/08\/milagro-sala-kehrt-in-den-hausarrest-zurueck-aber-ins-falsche-haus-zum-dritten-mal\/","name":"Milagro Sala kehrt in den Hausarrest zur\u00fcck, aber ins falsche Haus, zum dritten Mal","isPartOf":{"@id":"https:\/\/www.pressenza.com\/de\/#website"},"primaryImageOfPage":{"@id":"https:\/\/www.pressenza.com\/de\/2018\/08\/milagro-sala-kehrt-in-den-hausarrest-zurueck-aber-ins-falsche-haus-zum-dritten-mal\/#primaryimage"},"image":{"@id":"https:\/\/www.pressenza.com\/de\/2018\/08\/milagro-sala-kehrt-in-den-hausarrest-zurueck-aber-ins-falsche-haus-zum-dritten-mal\/#primaryimage"},"thumbnailUrl":"https:\/\/www.pressenza.com\/wp-content\/uploads\/2018\/08\/milagrosala_al-carmen.jpg","datePublished":"2018-08-23T12:54:59+00:00","description":"Letzten Samstag hat der Richter Pullen Llermanos seine eigene Verf\u00fcgung, Milagro Sala aus dem Hausarrest in El Carmen in das Gef\u00e4ngnis von Salta zu","breadcrumb":{"@id":"https:\/\/www.pressenza.com\/de\/2018\/08\/milagro-sala-kehrt-in-den-hausarrest-zurueck-aber-ins-falsche-haus-zum-dritten-mal\/#breadcrumb"},"inLanguage":"de","potentialAction":[{"@type":"ReadAction","target":["https:\/\/www.pressenza.com\/de\/2018\/08\/milagro-sala-kehrt-in-den-hausarrest-zurueck-aber-ins-falsche-haus-zum-dritten-mal\/"]}]},{"@type":"ImageObject","inLanguage":"de","@id":"https:\/\/www.pressenza.com\/de\/2018\/08\/milagro-sala-kehrt-in-den-hausarrest-zurueck-aber-ins-falsche-haus-zum-dritten-mal\/#primaryimage","url":"https:\/\/www.pressenza.com\/wp-content\/uploads\/2018\/08\/milagrosala_al-carmen.jpg","contentUrl":"https:\/\/www.pressenza.com\/wp-content\/uploads\/2018\/08\/milagrosala_al-carmen.jpg","width":960,"height":540},{"@type":"BreadcrumbList","@id":"https:\/\/www.pressenza.com\/de\/2018\/08\/milagro-sala-kehrt-in-den-hausarrest-zurueck-aber-ins-falsche-haus-zum-dritten-mal\/#breadcrumb","itemListElement":[{"@type":"ListItem","position":1,"name":"Accueil","item":"https:\/\/www.pressenza.com\/de\/"},{"@type":"ListItem","position":2,"name":"Milagro Sala kehrt in den Hausarrest zur\u00fcck, aber ins falsche Haus, zum dritten Mal"}]},{"@type":"WebSite","@id":"https:\/\/www.pressenza.com\/de\/#website","url":"https:\/\/www.pressenza.com\/de\/","name":"Pressenza","description":"International Press Agency","publisher":{"@id":"https:\/\/www.pressenza.com\/de\/#organization"},"potentialAction":[{"@type":"SearchAction","target":{"@type":"EntryPoint","urlTemplate":"https:\/\/www.pressenza.com\/de\/?s={search_term_string}"},"query-input":{"@type":"PropertyValueSpecification","valueRequired":true,"valueName":"search_term_string"}}],"inLanguage":"de"},{"@type":"Organization","@id":"https:\/\/www.pressenza.com\/de\/#organization","name":"Pressenza","url":"https:\/\/www.pressenza.com\/de\/","logo":{"@type":"ImageObject","inLanguage":"de","@id":"https:\/\/www.pressenza.com\/de\/#\/schema\/logo\/image\/","url":"https:\/\/www.pressenza.com\/wp-content\/uploads\/2022\/10\/pressenza_logo_200x200.jpg","contentUrl":"https:\/\/www.pressenza.com\/wp-content\/uploads\/2022\/10\/pressenza_logo_200x200.jpg","width":200,"height":200,"caption":"Pressenza"},"image":{"@id":"https:\/\/www.pressenza.com\/de\/#\/schema\/logo\/image\/"},"sameAs":["https:\/\/www.facebook.com\/PressenzaItalia","https:\/\/x.com\/PressenzaIPA"]},{"@type":"Person","@id":"https:\/\/www.pressenza.com\/de\/#\/schema\/person\/d983e81827ae24f2c7b1a2123d197f8d","name":"Redazione Italia","description":"News from the Pressenza Bureau in Italy","sameAs":["https:\/\/www.pressenza.com\/it\/author\/redazione-italia\/","https:\/\/www.facebook.com\/PressenzaItalia","https:\/\/www.instagram.com\/pressenza_italia\/","https:\/\/x.com\/pressenza_it","https:\/\/www.youtube.com\/channel\/UCSalEIWjE1RSxkwjfftFuqg"],"url":"https:\/\/www.pressenza.com\/de\/author\/redazione-italia\/"}]}},"place":"","original_article_url":"","_links":{"self":[{"href":"https:\/\/www.pressenza.com\/de\/wp-json\/wp\/v2\/posts\/698452","targetHints":{"allow":["GET"]}}],"collection":[{"href":"https:\/\/www.pressenza.com\/de\/wp-json\/wp\/v2\/posts"}],"about":[{"href":"https:\/\/www.pressenza.com\/de\/wp-json\/wp\/v2\/types\/post"}],"author":[{"embeddable":true,"href":"https:\/\/www.pressenza.com\/de\/wp-json\/wp\/v2\/users\/594"}],"replies":[{"embeddable":true,"href":"https:\/\/www.pressenza.com\/de\/wp-json\/wp\/v2\/comments?post=698452"}],"version-history":[{"count":0,"href":"https:\/\/www.pressenza.com\/de\/wp-json\/wp\/v2\/posts\/698452\/revisions"}],"wp:featuredmedia":[{"embeddable":true,"href":"https:\/\/www.pressenza.com\/de\/wp-json\/wp\/v2\/media\/696588"}],"wp:attachment":[{"href":"https:\/\/www.pressenza.com\/de\/wp-json\/wp\/v2\/media?parent=698452"}],"wp:term":[{"taxonomy":"category","embeddable":true,"href":"https:\/\/www.pressenza.com\/de\/wp-json\/wp\/v2\/categories?post=698452"},{"taxonomy":"post_tag","embeddable":true,"href":"https:\/\/www.pressenza.com\/de\/wp-json\/wp\/v2\/tags?post=698452"}],"curies":[{"name":"wp","href":"https:\/\/api.w.org\/{rel}","templated":true}]}}