{"id":684040,"date":"2018-07-29T14:04:51","date_gmt":"2018-07-29T13:04:51","guid":{"rendered":"https:\/\/www.pressenza.com\/?p=684040"},"modified":"2018-07-29T14:39:51","modified_gmt":"2018-07-29T13:39:51","slug":"25-000-menschen-demonstrierten-in-muenchen-fuer-menschenrechte-und-gegen-die-politik-der-angst","status":"publish","type":"post","link":"https:\/\/www.pressenza.com\/de\/2018\/07\/25-000-menschen-demonstrierten-in-muenchen-fuer-menschenrechte-und-gegen-die-politik-der-angst\/","title":{"rendered":"25.000 Menschen demonstrierten in M\u00fcnchen f\u00fcr Menschenrechte und gegen die Politik der Angst"},"content":{"rendered":"<p>Am vergangenen Sonntag, dem 22. Juli waren laut offiziellen Angaben 25.000 Menschen in M\u00fcnchen dem Aufruf \u201eAusgehetzt \u2013 Bayern bleibt bunt\u201c gefolgt und demonstrierten in der Innenstadt f\u00fcr Menschenrechte und gegen Hetze, Abschiebung, Ausgrenzung und die Politik der Angst. Nach Angaben der Veranstalter waren es bis zu 50.000 Menschen.<\/p>\n<p>Trotz Regen versammelten sich M\u00fcnchner und M\u00fcnchnerinnen nach einer gemeinsamen interreligi\u00f6sen Andacht in der St. Anton-Kirche zu vier verschiedenen Auftaktkundgebungen:<\/p>\n<ul>\n<li>Gegen Rassismus, Abschiebung und Krieg und f\u00fcr eine menschliche Fl\u00fcchtlingspolitik (Goetheplatz)<\/li>\n<li>Gegen \u00dcberwachungsstaat, Angstpolitik und das neue Polizeiaufgabengesetz (Theresienwiese)<\/li>\n<li>Gegen Sozialabbau, Altersarmut und Pflegenotstand und f\u00fcr Mindestlohn und bezahlbaren Wohnraum (Schwanthalerstra\u00dfe \/ DGB-Haus)<\/li>\n<li>Gegen Ausgrenzung und f\u00fcr Gleichberechtigung, Frauen-Rechte und LGBTI-Rechte (Karl-St\u00fctzel-Platz)<\/li>\n<\/ul>\n<p>Gemeinsam setzten sich die Demonstrationsz\u00fcge in Bewegung und trafen sich schlie\u00dflich zur gro\u00dfen Abschlussveranstaltung am K\u00f6nigsplatz, bei der auch zahlreiche K\u00fcnstler und Prominente sowie der Kapit\u00e4n der Lifeline, Claus-Peter Reisch, anwesend waren.<\/p>\n<p>Er hielt eine emotionale Rede, in der er von der aktuellen Situation der Seenotrettung in der EU bzw. deren Behinderung berichtet, die Bek\u00e4mpfung der Fluchtursachen einfordert und einen Appell an Angela Merkel richtet: \u201eMachen Sie Seenotrettung auch unter deutscher Flagge m\u00f6glich!\u201c<\/p>\n<p><iframe loading=\"lazy\" src=\"https:\/\/www.youtube.com\/embed\/aH35wMpbMBU\" width=\"580\" height=\"326\" frameborder=\"0\" allowfullscreen=\"allowfullscreen\"><\/iframe><\/p>\n<p>Die Organisatoren der bayernweiten Gro\u00dfdemonstration wollen sich auf dem Erfolg vom letzten Sonntag nicht ausruhen, es seien bereits weitere Projekte geplant, die Solidarit\u00e4t und Menschlichkeit wieder als gelebte Werte in der Gesellschaft positionieren wollen.<\/p>\n<p>Die folgenden Foto-Impressionen geben die Stimmung des bunten und solidarischen Bayerns vom 22. Juli wieder (Fotos: Facebook-Seite <a href=\"https:\/\/www.facebook.com\/GFMUD\/\" target=\"_blank\" rel=\"noopener\">Gemeinsam f\u00fcr Demokratie und Menschenrechte<\/a>):<\/p>\n<div class=\"post-gallery\">\n\t\t\t<figure class=\"post-gallery-item\">\n\t\t\t\t<img decoding=\"async\" src=\"https:\/\/www.pressenza.com\/wp-content\/uploads\/2018\/07\/Bayern-bleibt-bunt-2-720x479.jpg\" loading=\"lazy\">\n\t\t\t\t<figcaption>\n\t\t\t\t\t\n\t\t\t\t<\/figcaption>\n\t\t\t<\/figure>\n\t\t\t<figure class=\"post-gallery-item\">\n\t\t\t\t<img decoding=\"async\" src=\"https:\/\/www.pressenza.com\/wp-content\/uploads\/2018\/07\/Muc-11-720x480.jpg\" loading=\"lazy\">\n\t\t\t\t<figcaption>\n\t\t\t\t\t\n\t\t\t\t<\/figcaption>\n\t\t\t<\/figure>\n\t\t\t<figure class=\"post-gallery-item\">\n\t\t\t\t<img decoding=\"async\" src=\"https:\/\/www.pressenza.com\/wp-content\/uploads\/2018\/07\/DGB-Haus-720x540.jpg\" loading=\"lazy\">\n\t\t\t\t<figcaption>\n\t\t\t\t\t\n\t\t\t\t<\/figcaption>\n\t\t\t<\/figure>\n\t\t\t<figure class=\"post-gallery-item\">\n\t\t\t\t<img decoding=\"async\" src=\"https:\/\/www.pressenza.com\/wp-content\/uploads\/2018\/07\/Elisenstr-720x480.jpg\" loading=\"lazy\">\n\t\t\t\t<figcaption>\n\t\t\t\t\t\n\t\t\t\t<\/figcaption>\n\t\t\t<\/figure>\n\t\t\t<figure class=\"post-gallery-item\">\n\t\t\t\t<img decoding=\"async\" src=\"https:\/\/www.pressenza.com\/wp-content\/uploads\/2018\/07\/Impression-1-Islam.jpg\" loading=\"lazy\">\n\t\t\t\t<figcaption>\n\t\t\t\t\t\n\t\t\t\t<\/figcaption>\n\t\t\t<\/figure>\n\t\t\t<figure class=\"post-gallery-item\">\n\t\t\t\t<img decoding=\"async\" src=\"https:\/\/www.pressenza.com\/wp-content\/uploads\/2018\/07\/Karl-Stuetzel-Platz-1-720x480.jpg\" loading=\"lazy\">\n\t\t\t\t<figcaption>\n\t\t\t\t\t\n\t\t\t\t<\/figcaption>\n\t\t\t<\/figure>\n\t\t\t<figure class=\"post-gallery-item\">\n\t\t\t\t<img decoding=\"async\" src=\"https:\/\/www.pressenza.com\/wp-content\/uploads\/2018\/07\/Goetheplatz-720x720.jpg\" loading=\"lazy\">\n\t\t\t\t<figcaption>\n\t\t\t\t\t\n\t\t\t\t<\/figcaption>\n\t\t\t<\/figure>\n\t\t\t<figure class=\"post-gallery-item\">\n\t\t\t\t<img decoding=\"async\" src=\"https:\/\/www.pressenza.com\/wp-content\/uploads\/2018\/07\/Karl-Stuetzel-Platz-2-720x480.jpg\" loading=\"lazy\">\n\t\t\t\t<figcaption>\n\t\t\t\t\t\n\t\t\t\t<\/figcaption>\n\t\t\t<\/figure>\n\t\t\t<figure class=\"post-gallery-item\">\n\t\t\t\t<img decoding=\"async\" src=\"https:\/\/www.pressenza.com\/wp-content\/uploads\/2018\/07\/Bayern-bleibt-bunt-720x480.jpg\" loading=\"lazy\">\n\t\t\t\t<figcaption>\n\t\t\t\t\t\n\t\t\t\t<\/figcaption>\n\t\t\t<\/figure>\n\t\t\t<figure class=\"post-gallery-item\">\n\t\t\t\t<img decoding=\"async\" src=\"https:\/\/www.pressenza.com\/wp-content\/uploads\/2018\/07\/Karl-Stuetzel-Platz-3-720x480.jpg\" loading=\"lazy\">\n\t\t\t\t<figcaption>\n\t\t\t\t\t\n\t\t\t\t<\/figcaption>\n\t\t\t<\/figure>\n\t\t\t<figure class=\"post-gallery-item\">\n\t\t\t\t<img decoding=\"async\" src=\"https:\/\/www.pressenza.com\/wp-content\/uploads\/2018\/07\/Karl-Stuetzel-Platz-4.jpg\" loading=\"lazy\">\n\t\t\t\t<figcaption>\n\t\t\t\t\t\n\t\t\t\t<\/figcaption>\n\t\t\t<\/figure>\n\t\t\t<figure class=\"post-gallery-item\">\n\t\t\t\t<img decoding=\"async\" src=\"https:\/\/www.pressenza.com\/wp-content\/uploads\/2018\/07\/Lindwurmstrasse-2-720x540.jpg\" loading=\"lazy\">\n\t\t\t\t<figcaption>\n\t\t\t\t\t\n\t\t\t\t<\/figcaption>\n\t\t\t<\/figure>\n\t\t\t<figure class=\"post-gallery-item\">\n\t\t\t\t<img decoding=\"async\" src=\"https:\/\/www.pressenza.com\/wp-content\/uploads\/2018\/07\/Lindwurmstrasse-720x480.jpg\" loading=\"lazy\">\n\t\t\t\t<figcaption>\n\t\t\t\t\t\n\t\t\t\t<\/figcaption>\n\t\t\t<\/figure>\n\t\t\t<figure class=\"post-gallery-item\">\n\t\t\t\t<img decoding=\"async\" src=\"https:\/\/www.pressenza.com\/wp-content\/uploads\/2018\/07\/Muc-1.jpg\" loading=\"lazy\">\n\t\t\t\t<figcaption>\n\t\t\t\t\t\n\t\t\t\t<\/figcaption>\n\t\t\t<\/figure>\n\t\t\t<figure class=\"post-gallery-item\">\n\t\t\t\t<img decoding=\"async\" src=\"https:\/\/www.pressenza.com\/wp-content\/uploads\/2018\/07\/Muc-2-720x480.jpg\" loading=\"lazy\">\n\t\t\t\t<figcaption>\n\t\t\t\t\t\n\t\t\t\t<\/figcaption>\n\t\t\t<\/figure>\n\t\t\t<figure class=\"post-gallery-item\">\n\t\t\t\t<img decoding=\"async\" src=\"https:\/\/www.pressenza.com\/wp-content\/uploads\/2018\/07\/Muc-3-720x480.jpg\" loading=\"lazy\">\n\t\t\t\t<figcaption>\n\t\t\t\t\t\n\t\t\t\t<\/figcaption>\n\t\t\t<\/figure>\n\t\t\t<figure class=\"post-gallery-item\">\n\t\t\t\t<img decoding=\"async\" src=\"https:\/\/www.pressenza.com\/wp-content\/uploads\/2018\/07\/Muc-6-720x480.jpg\" loading=\"lazy\">\n\t\t\t\t<figcaption>\n\t\t\t\t\t\n\t\t\t\t<\/figcaption>\n\t\t\t<\/figure>\n\t\t\t<figure class=\"post-gallery-item\">\n\t\t\t\t<img decoding=\"async\" src=\"https:\/\/www.pressenza.com\/wp-content\/uploads\/2018\/07\/Muc-5-720x480.jpg\" loading=\"lazy\">\n\t\t\t\t<figcaption>\n\t\t\t\t\t\n\t\t\t\t<\/figcaption>\n\t\t\t<\/figure>\n\t\t\t<figure class=\"post-gallery-item\">\n\t\t\t\t<img decoding=\"async\" src=\"https:\/\/www.pressenza.com\/wp-content\/uploads\/2018\/07\/Muc-4-720x480.jpg\" loading=\"lazy\">\n\t\t\t\t<figcaption>\n\t\t\t\t\t\n\t\t\t\t<\/figcaption>\n\t\t\t<\/figure>\n\t\t\t<figure class=\"post-gallery-item\">\n\t\t\t\t<img decoding=\"async\" src=\"https:\/\/www.pressenza.com\/wp-content\/uploads\/2018\/07\/Muc-7-720x480.jpg\" loading=\"lazy\">\n\t\t\t\t<figcaption>\n\t\t\t\t\t\n\t\t\t\t<\/figcaption>\n\t\t\t<\/figure>\n\t\t\t<figure class=\"post-gallery-item\">\n\t\t\t\t<img decoding=\"async\" src=\"https:\/\/www.pressenza.com\/wp-content\/uploads\/2018\/07\/Muc-8-720x480.jpg\" loading=\"lazy\">\n\t\t\t\t<figcaption>\n\t\t\t\t\t\n\t\t\t\t<\/figcaption>\n\t\t\t<\/figure>\n\t\t\t<figure class=\"post-gallery-item\">\n\t\t\t\t<img decoding=\"async\" src=\"https:\/\/www.pressenza.com\/wp-content\/uploads\/2018\/07\/Muc-9-720x480.jpg\" loading=\"lazy\">\n\t\t\t\t<figcaption>\n\t\t\t\t\t\n\t\t\t\t<\/figcaption>\n\t\t\t<\/figure>\n\t\t\t<figure class=\"post-gallery-item\">\n\t\t\t\t<img decoding=\"async\" src=\"https:\/\/www.pressenza.com\/wp-content\/uploads\/2018\/07\/Muc-10-720x480.jpg\" loading=\"lazy\">\n\t\t\t\t<figcaption>\n\t\t\t\t\t\n\t\t\t\t<\/figcaption>\n\t\t\t<\/figure>\n\t\t\t<figure class=\"post-gallery-item\">\n\t\t\t\t<img decoding=\"async\" src=\"https:\/\/www.pressenza.com\/wp-content\/uploads\/2018\/07\/Koenigsplatz-720x540.jpg\" loading=\"lazy\">\n\t\t\t\t<figcaption>\n\t\t\t\t\t\n\t\t\t\t<\/figcaption>\n\t\t\t<\/figure><\/div>\n<p>Weitere Infos zur Demonstration, inklusive einer Liste der nationalen und internationalen Berichterstattung:<\/p>\n<p><a href=\"http:\/\/gemeinsam-fuer-menschenrechte-und-demokratie.de\/ausgehetzt-50-000-menschen-zeigen-das-bunte-solidarische-gesicht-bayerns\" target=\"_blank\" rel=\"noopener\">http:\/\/gemeinsam-fuer-menschenrechte-und-demokratie.de\/ausgehetzt-50-000-menschen-zeigen-das-bunte-solidarische-gesicht-bayerns<\/a><\/p>\n","protected":false},"excerpt":{"rendered":"<p>Am vergangenen Sonntag, dem 22. Juli waren laut offiziellen Angaben 25.000 Menschen in M\u00fcnchen dem Aufruf \u201eAusgehetzt \u2013 Bayern bleibt bunt\u201c gefolgt und demonstrierten in der Innenstadt f\u00fcr Menschenrechte und gegen Hetze, Abschiebung, Ausgrenzung und die Politik der Angst. Nach&hellip;<\/p>\n","protected":false},"author":1097,"featured_media":684047,"comment_status":"closed","ping_status":"closed","sticky":false,"template":"","format":"standard","meta":{"footnotes":""},"categories":[9150,9144,9167,9161,11387,9168,9145,9165],"tags":[48105,28731,9675,22228,9269],"class_list":["post-684040","post","type-post","status-publish","format-standard","has-post-thumbnail","hentry","category-europa-de","category-fotoreportagen","category-frieden-und-abruestung","category-menschenrechte","category-originalinhalt","category-politik","category-pressemitteilungen","category-vielfalt","tag-ausgehetzt","tag-bayern","tag-demonstration","tag-menschenrechte","tag-munchen"],"yoast_head":"<!-- This site is optimized with the Yoast SEO plugin v27.1.1 - https:\/\/yoast.com\/product\/yoast-seo-wordpress\/ -->\n<title>25.000 Menschen demonstrierten in M\u00fcnchen f\u00fcr Menschenrechte und gegen die Politik der Angst<\/title>\n<meta name=\"description\" content=\"Am vergangenen Sonntag, dem 22. Juli waren laut offiziellen Angaben 25.000 Menschen in M\u00fcnchen dem Aufruf \u201eAusgehetzt \u2013 Bayern bleibt bunt\u201c gefolgt und\" \/>\n<meta name=\"robots\" content=\"index, follow, max-snippet:-1, max-image-preview:large, max-video-preview:-1\" \/>\n<link rel=\"canonical\" href=\"https:\/\/www.pressenza.com\/de\/2018\/07\/25-000-menschen-demonstrierten-in-muenchen-fuer-menschenrechte-und-gegen-die-politik-der-angst\/\" \/>\n<meta property=\"og:locale\" content=\"de_DE\" \/>\n<meta property=\"og:type\" content=\"article\" \/>\n<meta property=\"og:title\" content=\"25.000 Menschen demonstrierten in M\u00fcnchen f\u00fcr Menschenrechte und gegen die Politik der Angst\" \/>\n<meta property=\"og:description\" content=\"Am vergangenen Sonntag, dem 22. Juli waren laut offiziellen Angaben 25.000 Menschen in M\u00fcnchen dem Aufruf \u201eAusgehetzt \u2013 Bayern bleibt bunt\u201c gefolgt und\" \/>\n<meta property=\"og:url\" content=\"https:\/\/www.pressenza.com\/de\/2018\/07\/25-000-menschen-demonstrierten-in-muenchen-fuer-menschenrechte-und-gegen-die-politik-der-angst\/\" \/>\n<meta property=\"og:site_name\" content=\"Pressenza\" \/>\n<meta property=\"article:publisher\" content=\"https:\/\/www.facebook.com\/PressenzaItalia\" \/>\n<meta property=\"article:author\" content=\"https:\/\/www.facebook.com\/Pressenza-Deutschland-sterreich-Schweiz-281675388658060\/timeline\/\" \/>\n<meta property=\"article:published_time\" content=\"2018-07-29T13:04:51+00:00\" \/>\n<meta property=\"article:modified_time\" content=\"2018-07-29T13:39:51+00:00\" \/>\n<meta property=\"og:image\" content=\"https:\/\/www.pressenza.com\/wp-content\/uploads\/2018\/07\/Demokratie-in-Bewegung-Bayern.jpg\" \/>\n\t<meta property=\"og:image:width\" content=\"2048\" \/>\n\t<meta property=\"og:image:height\" content=\"1536\" \/>\n\t<meta property=\"og:image:type\" content=\"image\/jpeg\" \/>\n<meta name=\"author\" content=\"Pressenza Muenchen\" \/>\n<meta name=\"twitter:card\" content=\"summary_large_image\" \/>\n<meta name=\"twitter:creator\" content=\"@pressenza_ger\" \/>\n<meta name=\"twitter:site\" content=\"@PressenzaIPA\" \/>\n<meta name=\"twitter:label1\" content=\"Verfasst von\" \/>\n\t<meta name=\"twitter:data1\" content=\"Pressenza Muenchen\" \/>\n\t<meta name=\"twitter:label2\" content=\"Gesch\u00e4tzte Lesezeit\" \/>\n\t<meta name=\"twitter:data2\" content=\"1\u00a0Minute\" \/>\n<script type=\"application\/ld+json\" class=\"yoast-schema-graph\">{\"@context\":\"https:\/\/schema.org\",\"@graph\":[{\"@type\":\"Article\",\"@id\":\"https:\/\/www.pressenza.com\/de\/2018\/07\/25-000-menschen-demonstrierten-in-muenchen-fuer-menschenrechte-und-gegen-die-politik-der-angst\/#article\",\"isPartOf\":{\"@id\":\"https:\/\/www.pressenza.com\/de\/2018\/07\/25-000-menschen-demonstrierten-in-muenchen-fuer-menschenrechte-und-gegen-die-politik-der-angst\/\"},\"author\":{\"name\":\"Pressenza Muenchen\",\"@id\":\"https:\/\/www.pressenza.com\/de\/#\/schema\/person\/0069724cfb2cb9785368a167d0d900b7\"},\"headline\":\"25.000 Menschen demonstrierten in M\u00fcnchen f\u00fcr Menschenrechte und gegen die Politik der Angst\",\"datePublished\":\"2018-07-29T13:04:51+00:00\",\"dateModified\":\"2018-07-29T13:39:51+00:00\",\"mainEntityOfPage\":{\"@id\":\"https:\/\/www.pressenza.com\/de\/2018\/07\/25-000-menschen-demonstrierten-in-muenchen-fuer-menschenrechte-und-gegen-die-politik-der-angst\/\"},\"wordCount\":290,\"publisher\":{\"@id\":\"https:\/\/www.pressenza.com\/de\/#organization\"},\"image\":{\"@id\":\"https:\/\/www.pressenza.com\/de\/2018\/07\/25-000-menschen-demonstrierten-in-muenchen-fuer-menschenrechte-und-gegen-die-politik-der-angst\/#primaryimage\"},\"thumbnailUrl\":\"https:\/\/www.pressenza.com\/wp-content\/uploads\/2018\/07\/Demokratie-in-Bewegung-Bayern.jpg\",\"keywords\":[\"#ausgehetzt\",\"Bayern\",\"Demonstration\",\"Menschenrechte\",\"M\u00fcnchen\"],\"articleSection\":[\"Europa\",\"Fotoreportagen\",\"Frieden und Abr\u00fcstung\",\"Menschenrechte\",\"Originalinhalt\",\"Politik\",\"Pressemitteilungen\",\"Vielfalt\"],\"inLanguage\":\"de\"},{\"@type\":\"WebPage\",\"@id\":\"https:\/\/www.pressenza.com\/de\/2018\/07\/25-000-menschen-demonstrierten-in-muenchen-fuer-menschenrechte-und-gegen-die-politik-der-angst\/\",\"url\":\"https:\/\/www.pressenza.com\/de\/2018\/07\/25-000-menschen-demonstrierten-in-muenchen-fuer-menschenrechte-und-gegen-die-politik-der-angst\/\",\"name\":\"25.000 Menschen demonstrierten in M\u00fcnchen f\u00fcr Menschenrechte und gegen die Politik der Angst\",\"isPartOf\":{\"@id\":\"https:\/\/www.pressenza.com\/de\/#website\"},\"primaryImageOfPage\":{\"@id\":\"https:\/\/www.pressenza.com\/de\/2018\/07\/25-000-menschen-demonstrierten-in-muenchen-fuer-menschenrechte-und-gegen-die-politik-der-angst\/#primaryimage\"},\"image\":{\"@id\":\"https:\/\/www.pressenza.com\/de\/2018\/07\/25-000-menschen-demonstrierten-in-muenchen-fuer-menschenrechte-und-gegen-die-politik-der-angst\/#primaryimage\"},\"thumbnailUrl\":\"https:\/\/www.pressenza.com\/wp-content\/uploads\/2018\/07\/Demokratie-in-Bewegung-Bayern.jpg\",\"datePublished\":\"2018-07-29T13:04:51+00:00\",\"dateModified\":\"2018-07-29T13:39:51+00:00\",\"description\":\"Am vergangenen Sonntag, dem 22. Juli waren laut offiziellen Angaben 25.000 Menschen in M\u00fcnchen dem Aufruf \u201eAusgehetzt \u2013 Bayern bleibt bunt\u201c gefolgt und\",\"breadcrumb\":{\"@id\":\"https:\/\/www.pressenza.com\/de\/2018\/07\/25-000-menschen-demonstrierten-in-muenchen-fuer-menschenrechte-und-gegen-die-politik-der-angst\/#breadcrumb\"},\"inLanguage\":\"de\",\"potentialAction\":[{\"@type\":\"ReadAction\",\"target\":[\"https:\/\/www.pressenza.com\/de\/2018\/07\/25-000-menschen-demonstrierten-in-muenchen-fuer-menschenrechte-und-gegen-die-politik-der-angst\/\"]}]},{\"@type\":\"ImageObject\",\"inLanguage\":\"de\",\"@id\":\"https:\/\/www.pressenza.com\/de\/2018\/07\/25-000-menschen-demonstrierten-in-muenchen-fuer-menschenrechte-und-gegen-die-politik-der-angst\/#primaryimage\",\"url\":\"https:\/\/www.pressenza.com\/wp-content\/uploads\/2018\/07\/Demokratie-in-Bewegung-Bayern.jpg\",\"contentUrl\":\"https:\/\/www.pressenza.com\/wp-content\/uploads\/2018\/07\/Demokratie-in-Bewegung-Bayern.jpg\",\"width\":2048,\"height\":1536},{\"@type\":\"BreadcrumbList\",\"@id\":\"https:\/\/www.pressenza.com\/de\/2018\/07\/25-000-menschen-demonstrierten-in-muenchen-fuer-menschenrechte-und-gegen-die-politik-der-angst\/#breadcrumb\",\"itemListElement\":[{\"@type\":\"ListItem\",\"position\":1,\"name\":\"Accueil\",\"item\":\"https:\/\/www.pressenza.com\/de\/\"},{\"@type\":\"ListItem\",\"position\":2,\"name\":\"25.000 Menschen demonstrierten in M\u00fcnchen f\u00fcr Menschenrechte und gegen die Politik der Angst\"}]},{\"@type\":\"WebSite\",\"@id\":\"https:\/\/www.pressenza.com\/de\/#website\",\"url\":\"https:\/\/www.pressenza.com\/de\/\",\"name\":\"Pressenza\",\"description\":\"International Press Agency\",\"publisher\":{\"@id\":\"https:\/\/www.pressenza.com\/de\/#organization\"},\"potentialAction\":[{\"@type\":\"SearchAction\",\"target\":{\"@type\":\"EntryPoint\",\"urlTemplate\":\"https:\/\/www.pressenza.com\/de\/?s={search_term_string}\"},\"query-input\":{\"@type\":\"PropertyValueSpecification\",\"valueRequired\":true,\"valueName\":\"search_term_string\"}}],\"inLanguage\":\"de\"},{\"@type\":\"Organization\",\"@id\":\"https:\/\/www.pressenza.com\/de\/#organization\",\"name\":\"Pressenza\",\"url\":\"https:\/\/www.pressenza.com\/de\/\",\"logo\":{\"@type\":\"ImageObject\",\"inLanguage\":\"de\",\"@id\":\"https:\/\/www.pressenza.com\/de\/#\/schema\/logo\/image\/\",\"url\":\"https:\/\/www.pressenza.com\/wp-content\/uploads\/2022\/10\/pressenza_logo_200x200.jpg\",\"contentUrl\":\"https:\/\/www.pressenza.com\/wp-content\/uploads\/2022\/10\/pressenza_logo_200x200.jpg\",\"width\":200,\"height\":200,\"caption\":\"Pressenza\"},\"image\":{\"@id\":\"https:\/\/www.pressenza.com\/de\/#\/schema\/logo\/image\/\"},\"sameAs\":[\"https:\/\/www.facebook.com\/PressenzaItalia\",\"https:\/\/x.com\/PressenzaIPA\"]},{\"@type\":\"Person\",\"@id\":\"https:\/\/www.pressenza.com\/de\/#\/schema\/person\/0069724cfb2cb9785368a167d0d900b7\",\"name\":\"Pressenza Muenchen\",\"description\":\"News from the Pressenza bureau in Munich, Germany\",\"sameAs\":[\"https:\/\/www.facebook.com\/Pressenza-Deutschland-sterreich-Schweiz-281675388658060\/timeline\/\",\"https:\/\/x.com\/pressenza_ger\"],\"url\":\"https:\/\/www.pressenza.com\/de\/author\/pressenza-muenchen\/\"}]}<\/script>\n<!-- \/ Yoast SEO plugin. -->","yoast_head_json":{"title":"25.000 Menschen demonstrierten in M\u00fcnchen f\u00fcr Menschenrechte und gegen die Politik der Angst","description":"Am vergangenen Sonntag, dem 22. Juli waren laut offiziellen Angaben 25.000 Menschen in M\u00fcnchen dem Aufruf \u201eAusgehetzt \u2013 Bayern bleibt bunt\u201c gefolgt und","robots":{"index":"index","follow":"follow","max-snippet":"max-snippet:-1","max-image-preview":"max-image-preview:large","max-video-preview":"max-video-preview:-1"},"canonical":"https:\/\/www.pressenza.com\/de\/2018\/07\/25-000-menschen-demonstrierten-in-muenchen-fuer-menschenrechte-und-gegen-die-politik-der-angst\/","og_locale":"de_DE","og_type":"article","og_title":"25.000 Menschen demonstrierten in M\u00fcnchen f\u00fcr Menschenrechte und gegen die Politik der Angst","og_description":"Am vergangenen Sonntag, dem 22. Juli waren laut offiziellen Angaben 25.000 Menschen in M\u00fcnchen dem Aufruf \u201eAusgehetzt \u2013 Bayern bleibt bunt\u201c gefolgt und","og_url":"https:\/\/www.pressenza.com\/de\/2018\/07\/25-000-menschen-demonstrierten-in-muenchen-fuer-menschenrechte-und-gegen-die-politik-der-angst\/","og_site_name":"Pressenza","article_publisher":"https:\/\/www.facebook.com\/PressenzaItalia","article_author":"https:\/\/www.facebook.com\/Pressenza-Deutschland-sterreich-Schweiz-281675388658060\/timeline\/","article_published_time":"2018-07-29T13:04:51+00:00","article_modified_time":"2018-07-29T13:39:51+00:00","og_image":[{"width":2048,"height":1536,"url":"https:\/\/www.pressenza.com\/wp-content\/uploads\/2018\/07\/Demokratie-in-Bewegung-Bayern.jpg","type":"image\/jpeg"}],"author":"Pressenza Muenchen","twitter_card":"summary_large_image","twitter_creator":"@pressenza_ger","twitter_site":"@PressenzaIPA","twitter_misc":{"Verfasst von":"Pressenza Muenchen","Gesch\u00e4tzte Lesezeit":"1\u00a0Minute"},"schema":{"@context":"https:\/\/schema.org","@graph":[{"@type":"Article","@id":"https:\/\/www.pressenza.com\/de\/2018\/07\/25-000-menschen-demonstrierten-in-muenchen-fuer-menschenrechte-und-gegen-die-politik-der-angst\/#article","isPartOf":{"@id":"https:\/\/www.pressenza.com\/de\/2018\/07\/25-000-menschen-demonstrierten-in-muenchen-fuer-menschenrechte-und-gegen-die-politik-der-angst\/"},"author":{"name":"Pressenza Muenchen","@id":"https:\/\/www.pressenza.com\/de\/#\/schema\/person\/0069724cfb2cb9785368a167d0d900b7"},"headline":"25.000 Menschen demonstrierten in M\u00fcnchen f\u00fcr Menschenrechte und gegen die Politik der Angst","datePublished":"2018-07-29T13:04:51+00:00","dateModified":"2018-07-29T13:39:51+00:00","mainEntityOfPage":{"@id":"https:\/\/www.pressenza.com\/de\/2018\/07\/25-000-menschen-demonstrierten-in-muenchen-fuer-menschenrechte-und-gegen-die-politik-der-angst\/"},"wordCount":290,"publisher":{"@id":"https:\/\/www.pressenza.com\/de\/#organization"},"image":{"@id":"https:\/\/www.pressenza.com\/de\/2018\/07\/25-000-menschen-demonstrierten-in-muenchen-fuer-menschenrechte-und-gegen-die-politik-der-angst\/#primaryimage"},"thumbnailUrl":"https:\/\/www.pressenza.com\/wp-content\/uploads\/2018\/07\/Demokratie-in-Bewegung-Bayern.jpg","keywords":["#ausgehetzt","Bayern","Demonstration","Menschenrechte","M\u00fcnchen"],"articleSection":["Europa","Fotoreportagen","Frieden und Abr\u00fcstung","Menschenrechte","Originalinhalt","Politik","Pressemitteilungen","Vielfalt"],"inLanguage":"de"},{"@type":"WebPage","@id":"https:\/\/www.pressenza.com\/de\/2018\/07\/25-000-menschen-demonstrierten-in-muenchen-fuer-menschenrechte-und-gegen-die-politik-der-angst\/","url":"https:\/\/www.pressenza.com\/de\/2018\/07\/25-000-menschen-demonstrierten-in-muenchen-fuer-menschenrechte-und-gegen-die-politik-der-angst\/","name":"25.000 Menschen demonstrierten in M\u00fcnchen f\u00fcr Menschenrechte und gegen die Politik der Angst","isPartOf":{"@id":"https:\/\/www.pressenza.com\/de\/#website"},"primaryImageOfPage":{"@id":"https:\/\/www.pressenza.com\/de\/2018\/07\/25-000-menschen-demonstrierten-in-muenchen-fuer-menschenrechte-und-gegen-die-politik-der-angst\/#primaryimage"},"image":{"@id":"https:\/\/www.pressenza.com\/de\/2018\/07\/25-000-menschen-demonstrierten-in-muenchen-fuer-menschenrechte-und-gegen-die-politik-der-angst\/#primaryimage"},"thumbnailUrl":"https:\/\/www.pressenza.com\/wp-content\/uploads\/2018\/07\/Demokratie-in-Bewegung-Bayern.jpg","datePublished":"2018-07-29T13:04:51+00:00","dateModified":"2018-07-29T13:39:51+00:00","description":"Am vergangenen Sonntag, dem 22. Juli waren laut offiziellen Angaben 25.000 Menschen in M\u00fcnchen dem Aufruf \u201eAusgehetzt \u2013 Bayern bleibt bunt\u201c gefolgt und","breadcrumb":{"@id":"https:\/\/www.pressenza.com\/de\/2018\/07\/25-000-menschen-demonstrierten-in-muenchen-fuer-menschenrechte-und-gegen-die-politik-der-angst\/#breadcrumb"},"inLanguage":"de","potentialAction":[{"@type":"ReadAction","target":["https:\/\/www.pressenza.com\/de\/2018\/07\/25-000-menschen-demonstrierten-in-muenchen-fuer-menschenrechte-und-gegen-die-politik-der-angst\/"]}]},{"@type":"ImageObject","inLanguage":"de","@id":"https:\/\/www.pressenza.com\/de\/2018\/07\/25-000-menschen-demonstrierten-in-muenchen-fuer-menschenrechte-und-gegen-die-politik-der-angst\/#primaryimage","url":"https:\/\/www.pressenza.com\/wp-content\/uploads\/2018\/07\/Demokratie-in-Bewegung-Bayern.jpg","contentUrl":"https:\/\/www.pressenza.com\/wp-content\/uploads\/2018\/07\/Demokratie-in-Bewegung-Bayern.jpg","width":2048,"height":1536},{"@type":"BreadcrumbList","@id":"https:\/\/www.pressenza.com\/de\/2018\/07\/25-000-menschen-demonstrierten-in-muenchen-fuer-menschenrechte-und-gegen-die-politik-der-angst\/#breadcrumb","itemListElement":[{"@type":"ListItem","position":1,"name":"Accueil","item":"https:\/\/www.pressenza.com\/de\/"},{"@type":"ListItem","position":2,"name":"25.000 Menschen demonstrierten in M\u00fcnchen f\u00fcr Menschenrechte und gegen die Politik der Angst"}]},{"@type":"WebSite","@id":"https:\/\/www.pressenza.com\/de\/#website","url":"https:\/\/www.pressenza.com\/de\/","name":"Pressenza","description":"International Press Agency","publisher":{"@id":"https:\/\/www.pressenza.com\/de\/#organization"},"potentialAction":[{"@type":"SearchAction","target":{"@type":"EntryPoint","urlTemplate":"https:\/\/www.pressenza.com\/de\/?s={search_term_string}"},"query-input":{"@type":"PropertyValueSpecification","valueRequired":true,"valueName":"search_term_string"}}],"inLanguage":"de"},{"@type":"Organization","@id":"https:\/\/www.pressenza.com\/de\/#organization","name":"Pressenza","url":"https:\/\/www.pressenza.com\/de\/","logo":{"@type":"ImageObject","inLanguage":"de","@id":"https:\/\/www.pressenza.com\/de\/#\/schema\/logo\/image\/","url":"https:\/\/www.pressenza.com\/wp-content\/uploads\/2022\/10\/pressenza_logo_200x200.jpg","contentUrl":"https:\/\/www.pressenza.com\/wp-content\/uploads\/2022\/10\/pressenza_logo_200x200.jpg","width":200,"height":200,"caption":"Pressenza"},"image":{"@id":"https:\/\/www.pressenza.com\/de\/#\/schema\/logo\/image\/"},"sameAs":["https:\/\/www.facebook.com\/PressenzaItalia","https:\/\/x.com\/PressenzaIPA"]},{"@type":"Person","@id":"https:\/\/www.pressenza.com\/de\/#\/schema\/person\/0069724cfb2cb9785368a167d0d900b7","name":"Pressenza Muenchen","description":"News from the Pressenza bureau in Munich, Germany","sameAs":["https:\/\/www.facebook.com\/Pressenza-Deutschland-sterreich-Schweiz-281675388658060\/timeline\/","https:\/\/x.com\/pressenza_ger"],"url":"https:\/\/www.pressenza.com\/de\/author\/pressenza-muenchen\/"}]}},"place":"","original_article_url":"","_links":{"self":[{"href":"https:\/\/www.pressenza.com\/de\/wp-json\/wp\/v2\/posts\/684040","targetHints":{"allow":["GET"]}}],"collection":[{"href":"https:\/\/www.pressenza.com\/de\/wp-json\/wp\/v2\/posts"}],"about":[{"href":"https:\/\/www.pressenza.com\/de\/wp-json\/wp\/v2\/types\/post"}],"author":[{"embeddable":true,"href":"https:\/\/www.pressenza.com\/de\/wp-json\/wp\/v2\/users\/1097"}],"replies":[{"embeddable":true,"href":"https:\/\/www.pressenza.com\/de\/wp-json\/wp\/v2\/comments?post=684040"}],"version-history":[{"count":0,"href":"https:\/\/www.pressenza.com\/de\/wp-json\/wp\/v2\/posts\/684040\/revisions"}],"wp:featuredmedia":[{"embeddable":true,"href":"https:\/\/www.pressenza.com\/de\/wp-json\/wp\/v2\/media\/684047"}],"wp:attachment":[{"href":"https:\/\/www.pressenza.com\/de\/wp-json\/wp\/v2\/media?parent=684040"}],"wp:term":[{"taxonomy":"category","embeddable":true,"href":"https:\/\/www.pressenza.com\/de\/wp-json\/wp\/v2\/categories?post=684040"},{"taxonomy":"post_tag","embeddable":true,"href":"https:\/\/www.pressenza.com\/de\/wp-json\/wp\/v2\/tags?post=684040"}],"curies":[{"name":"wp","href":"https:\/\/api.w.org\/{rel}","templated":true}]}}