{"id":675225,"date":"2018-07-10T07:12:11","date_gmt":"2018-07-10T06:12:11","guid":{"rendered":"https:\/\/www.pressenza.com\/?p=675225"},"modified":"2018-07-10T07:12:11","modified_gmt":"2018-07-10T06:12:11","slug":"transgender-als-geisteskrank","status":"publish","type":"post","link":"https:\/\/www.pressenza.com\/de\/2018\/07\/transgender-als-geisteskrank\/","title":{"rendered":"Transgender als geisteskrank?"},"content":{"rendered":"<p><em>von Oliver Suchanek<\/em><\/p>\n<p><b>Lange genug wurden Transgender-Menschen als psychisch krank abgestempelt \u2013 das sieht sogar die WHO ein und erschafft endlich einen weiteren Meilenstein.<\/b><\/p>\n<p>Passend zum Pride-Monat gab es f\u00fcr die Transgender-Community am 18. Juni 2018 einen ordentlichen Grund zu feiern: Die Weltgesundheitsorganisation (WHO) wird Transidentit\u00e4t nicht mehr l\u00e4nger als psychisch krank klassifizieren.<\/p>\n<p>Seit 2007 wurde an der Erneuerung des Kataloges ICD-11 (vorher ICD-10 von 1990) gearbeitet und im Jahre 2019 wird die neue Regelung endlich den WHO-Mitgliedstaaten vorgelegt. Die \u00c4nderung im internationalen Katalog der Krankheiten und psychischen St\u00f6rungen \u2013 ein Dokument, das mehr als 70% aller Psychiater weltweit als Anordnung f\u00fcr ihre Arbeit nutzen \u2013 soll 2022 in Kraft treten. Dies bedeutet konkret: Es wird \u2013 offiziell \u2013 von nun an nicht mehr als psychisch krank abgestempelt, wenn sich wer als Mann f\u00fchlt, aber der K\u00f6rper weibliche Merkmale hat und vice versa. Genauso Menschen, die sich als weder noch oder nicht ganz eindeutig (nicht-bin\u00e4r) einem Geschlecht zugeh\u00f6rig f\u00fchlen, aber trotzdem einen K\u00f6rper eines bin\u00e4ren Geschlechtes haben, sind keine \u201cGeisteskranke\u201d mehr. Es wird nicht mehr von \u201eTranssexualismus\u201c gesprochen, sondern in Zukunft wird es die Bezeichnung \u201cGender Incongurence\u201d (dt. Geschlechtsinkongurenz) oder \u201ctransidente Menschen\/Transgender Menschen\u201d tragen. Es hei\u00dft nicht mehr \u201cF 64.0 Transsexualismus\u201d, sondern \u201cHA60 ff Gender incongruence\u201d.<\/p>\n<p>Was bedeutet das konkret? M\u00f6chte man in \u00d6sterreich den K\u00f6rper an das gef\u00fchlte Geschlecht angleichen, so stehen drei Teile des diagnostischen Prozesses zur grunds\u00e4tzlichen Feststellung des Vorliegens einer Transidentit\u00e4t bevor: Psychiatrische Diagnostik, klinisch-psychologische Diagnostik und psychotherapeutische Diagnostik. Diese werden am Ende von einer fallf\u00fchrenden Person in einer Stellungnahme zusammengefasst, welche f\u00fcr die weiteren Behandlungsschritte (Hormone und\/oder geschlechtsangleichende OP) notwendig ist. Die Krankenkasse bezahlt diese Schritte, da sie als Heilbehandlung gelten, genauso ist es nicht mehr zwingend, diese Schritte (Hormone und\/oder OP) zu machen, um eine Personenstands- und Vornamens\u00e4nderung beantragen zu k\u00f6nnen.<\/p>\n<p>Mit der \u00c4nderung des Kataloges w\u00fcrde es wahrscheinlich bedeuten, dass der ganze Prozess nicht mehr notwendig f\u00fcr die Schritte ist. Transidente und nichtbin\u00e4re Menschen werden vielleicht nicht mehr gezwungen sich mit Psychologen und Psychiatern herumzuschlagen und mit dem Stempel \u201cpsychisch krank\u201d auf der Stirn herumzulaufen. Auf der anderen Seite, kann es auch sein, dass der Prozess weiterhin bestehen bleibt und sich \u201cnur\u201d die Diagnose \u00e4ndert. Eine gewisse Vorsicht muss doch bleiben, da es genug Menschen gibt, die es eventuell bereuen, weil sie die Schritte zu \u201cleichtfertig\u201d begangen haben.<\/p>\n<p>Was nicht selbstverst\u00e4ndlich sein sollte, aber heute noch leider traurige Realit\u00e4t ist: In vielen L\u00e4ndern wie, Bulgarien, Serbien und Slowenien gibt es keinen Funken der Anerkennung von Transidentit\u00e4t. In 34 L\u00e4ndern Europas k\u00f6nnen Transmenschen ihren rechtlichen Namen und Geschlecht nicht \u00e4ndern, ohne, dass sie nicht an einer Zwangssterilisierung, Scheidung oder einer Diagnose von Geisteskrankheit vorbeikommen.<\/p>\n<p>Im sozialen Rahmen ist es oft nicht einfach \u00fcber das Thema Trans* zu sprechen, ohne sich auf einem Minenfeld der falschen Begriffe oder unbeabsichtigten Ignoranz zu bewegen. Es gibt daf\u00fcr viel zu viele verwirrende Begriffe und Formulierungen, die sehr schnell diskriminierend wirken k\u00f6nnen, wenn man sie falsch anwendet. Selbst ich, einen transidenten Menschen, bearbeite einen Text zum Thema teilweise \u00fcber Wochen, bis ich mir sicher sein kann, dass etwas nicht falsch betitelt worden ist. Man sagt nicht mehr \u201cSie war fr\u00fcher ein Junge\u201d oder \u201cSie w\u00fcrde gerne eine Frau sein\u201d. Auf weitere Phrasen, wie \u201cEr hat den K\u00f6rper einer Frau\u201d und \u201cSie ist im falschen K\u00f6rper gefangen\u201d st\u00f6\u00dft man auf viel Ablehnung und Unbehagen. Genauso ist der Begriff \u201cTranssexualismus\u201d veraltet. Es gibt genug Menschen, die sich als trans* identifizieren, aber nicht jeder m\u00f6chte einen operativen Eingriff oder eine hormonelle Behandlung; also das biologisches Geschlecht \u00e4ndern.<\/p>\n<p>M\u00f6chte man als Cisgender-Person (dh. Menschen, die sich mit dem ihnen zugewiesenen Geschlecht identifizieren) \u00fcber das Thema Transidentit\u00e4t oder Non-Binary Aufmerksamkeit schaffen, ist es \u201csicher\u201d sich mit den Begriffen wie Transidentit\u00e4t, Trans*, transidente Menschen\/Personen oder der*die, auf dem Minenfeld zu bewegen. Am wichtigsten ist es jedoch, falls man ausgebessert wird, dies nicht als Angriff aufzufassen, sondern es als eine M\u00f6glichkeit ansehen seine Sprache zu erweitern, um mehr Inklusion zu schaffen. Eventuell auch transidente Menschen oder Gruppen, wie zB., \u201cThe Cha(i)nge\u201d (eine Trans Peer Gruppe in Wien) oder Beratungsstellen wie \u201cCourage\u201d, um Rat fragen, kann wirklich nicht schaden. Fragt Menschen nach ihren Pronomen, nicht nach dem, was sich in deren Hosen befindet und es schadet auch nicht, sich ein bisschen zu informieren.<\/p>\n<p><em>Quellen und weiterf\u00fchrende Links:<\/em><\/p>\n<ul>\n<li><a href=\"http:\/\/www.tgns.ch\/\" target=\"_blank\" rel=\"noopener\"> www.tgns.ch<\/a><\/li>\n<li><a href=\"http:\/\/www.who.int\" target=\"_blank\" rel=\"noopener\">www.who.int<\/a><\/li>\n<li><a href=\"http:\/\/www.aidshilfe.de\" target=\"_blank\" rel=\"noopener\">www.aidshilfe.de<\/a><\/li>\n<li><a href=\"http:\/\/courage-beratung.at\" target=\"_blank\" rel=\"noopener\">www.courage-beratung.at<\/a><\/li>\n<li><a href=\"http:\/\/www.facebook.com\/thechaingepeergroup\" target=\"_blank\" rel=\"noopener\">www.facebook.com\/thechaingepeergroup<\/a><\/li>\n<\/ul>\n<p>&nbsp;<\/p>\n","protected":false},"excerpt":{"rendered":"<p>von Oliver Suchanek Lange genug wurden Transgender-Menschen als psychisch krank abgestempelt \u2013 das sieht sogar die WHO ein und erschafft endlich einen weiteren Meilenstein. Passend zum Pride-Monat gab es f\u00fcr die Transgender-Community am 18. Juni 2018 einen ordentlichen Grund zu&hellip;<\/p>\n","protected":false},"author":1408,"featured_media":675226,"comment_status":"closed","ping_status":"closed","sticky":false,"template":"","format":"standard","meta":{"footnotes":""},"categories":[9150,9160,7835,9161,9165],"tags":[9936,8919,12231],"class_list":["post-675225","post","type-post","status-publish","format-standard","has-post-thumbnail","hentry","category-europa-de","category-gesundheit","category-international-de","category-menschenrechte","category-vielfalt","tag-sexualitat","tag-transgender","tag-who-de"],"yoast_head":"<!-- This site is optimized with the Yoast SEO plugin v27.1.1 - https:\/\/yoast.com\/product\/yoast-seo-wordpress\/ -->\n<title>Transgender als geisteskrank?<\/title>\n<meta name=\"description\" content=\"von Oliver Suchanek Lange genug wurden Transgender-Menschen als psychisch krank abgestempelt \u2013 das sieht sogar die WHO ein und erschafft endlich einen\" \/>\n<meta name=\"robots\" content=\"index, follow, max-snippet:-1, max-image-preview:large, max-video-preview:-1\" \/>\n<link rel=\"canonical\" href=\"https:\/\/www.pressenza.com\/de\/2018\/07\/transgender-als-geisteskrank\/\" \/>\n<meta property=\"og:locale\" content=\"de_DE\" \/>\n<meta property=\"og:type\" content=\"article\" \/>\n<meta property=\"og:title\" content=\"Transgender als geisteskrank?\" \/>\n<meta property=\"og:description\" content=\"von Oliver Suchanek Lange genug wurden Transgender-Menschen als psychisch krank abgestempelt \u2013 das sieht sogar die WHO ein und erschafft endlich einen\" \/>\n<meta property=\"og:url\" content=\"https:\/\/www.pressenza.com\/de\/2018\/07\/transgender-als-geisteskrank\/\" \/>\n<meta property=\"og:site_name\" content=\"Pressenza\" \/>\n<meta property=\"article:publisher\" content=\"https:\/\/www.facebook.com\/PressenzaItalia\" \/>\n<meta property=\"article:published_time\" content=\"2018-07-10T06:12:11+00:00\" \/>\n<meta property=\"og:image\" content=\"https:\/\/www.pressenza.com\/wp-content\/uploads\/2018\/07\/transphobie-678x381.jpg\" \/>\n\t<meta property=\"og:image:width\" content=\"678\" \/>\n\t<meta property=\"og:image:height\" content=\"381\" \/>\n\t<meta property=\"og:image:type\" content=\"image\/jpeg\" \/>\n<meta name=\"author\" content=\"Unsere Zeitung\" \/>\n<meta name=\"twitter:card\" content=\"summary_large_image\" \/>\n<meta name=\"twitter:creator\" content=\"@PressenzaIPA\" \/>\n<meta name=\"twitter:site\" content=\"@PressenzaIPA\" \/>\n<meta name=\"twitter:label1\" content=\"Verfasst von\" \/>\n\t<meta name=\"twitter:data1\" content=\"Unsere Zeitung\" \/>\n\t<meta name=\"twitter:label2\" content=\"Gesch\u00e4tzte Lesezeit\" \/>\n\t<meta name=\"twitter:data2\" content=\"4\u00a0Minuten\" \/>\n<script type=\"application\/ld+json\" class=\"yoast-schema-graph\">{\"@context\":\"https:\/\/schema.org\",\"@graph\":[{\"@type\":\"Article\",\"@id\":\"https:\/\/www.pressenza.com\/de\/2018\/07\/transgender-als-geisteskrank\/#article\",\"isPartOf\":{\"@id\":\"https:\/\/www.pressenza.com\/de\/2018\/07\/transgender-als-geisteskrank\/\"},\"author\":{\"name\":\"Unsere Zeitung\",\"@id\":\"https:\/\/www.pressenza.com\/de\/#\/schema\/person\/204e67ffc5ecb05d81ec7dbb33ded555\"},\"headline\":\"Transgender als geisteskrank?\",\"datePublished\":\"2018-07-10T06:12:11+00:00\",\"mainEntityOfPage\":{\"@id\":\"https:\/\/www.pressenza.com\/de\/2018\/07\/transgender-als-geisteskrank\/\"},\"wordCount\":767,\"publisher\":{\"@id\":\"https:\/\/www.pressenza.com\/de\/#organization\"},\"image\":{\"@id\":\"https:\/\/www.pressenza.com\/de\/2018\/07\/transgender-als-geisteskrank\/#primaryimage\"},\"thumbnailUrl\":\"https:\/\/www.pressenza.com\/wp-content\/uploads\/2018\/07\/transphobie-678x381.jpg\",\"keywords\":[\"Sexualit\u00e4t\",\"transgender\",\"WHO\"],\"articleSection\":[\"Europa\",\"Gesundheit\",\"International\",\"Menschenrechte\",\"Vielfalt\"],\"inLanguage\":\"de\"},{\"@type\":\"WebPage\",\"@id\":\"https:\/\/www.pressenza.com\/de\/2018\/07\/transgender-als-geisteskrank\/\",\"url\":\"https:\/\/www.pressenza.com\/de\/2018\/07\/transgender-als-geisteskrank\/\",\"name\":\"Transgender als geisteskrank?\",\"isPartOf\":{\"@id\":\"https:\/\/www.pressenza.com\/de\/#website\"},\"primaryImageOfPage\":{\"@id\":\"https:\/\/www.pressenza.com\/de\/2018\/07\/transgender-als-geisteskrank\/#primaryimage\"},\"image\":{\"@id\":\"https:\/\/www.pressenza.com\/de\/2018\/07\/transgender-als-geisteskrank\/#primaryimage\"},\"thumbnailUrl\":\"https:\/\/www.pressenza.com\/wp-content\/uploads\/2018\/07\/transphobie-678x381.jpg\",\"datePublished\":\"2018-07-10T06:12:11+00:00\",\"description\":\"von Oliver Suchanek Lange genug wurden Transgender-Menschen als psychisch krank abgestempelt \u2013 das sieht sogar die WHO ein und erschafft endlich einen\",\"breadcrumb\":{\"@id\":\"https:\/\/www.pressenza.com\/de\/2018\/07\/transgender-als-geisteskrank\/#breadcrumb\"},\"inLanguage\":\"de\",\"potentialAction\":[{\"@type\":\"ReadAction\",\"target\":[\"https:\/\/www.pressenza.com\/de\/2018\/07\/transgender-als-geisteskrank\/\"]}]},{\"@type\":\"ImageObject\",\"inLanguage\":\"de\",\"@id\":\"https:\/\/www.pressenza.com\/de\/2018\/07\/transgender-als-geisteskrank\/#primaryimage\",\"url\":\"https:\/\/www.pressenza.com\/wp-content\/uploads\/2018\/07\/transphobie-678x381.jpg\",\"contentUrl\":\"https:\/\/www.pressenza.com\/wp-content\/uploads\/2018\/07\/transphobie-678x381.jpg\",\"width\":678,\"height\":381,\"caption\":\"Titelbild: \u201ethe Cha(i)nge\u201c-Trans*-Gruppe auf der Regenbogenparade (Foto: Oliver Suchanek)\"},{\"@type\":\"BreadcrumbList\",\"@id\":\"https:\/\/www.pressenza.com\/de\/2018\/07\/transgender-als-geisteskrank\/#breadcrumb\",\"itemListElement\":[{\"@type\":\"ListItem\",\"position\":1,\"name\":\"Accueil\",\"item\":\"https:\/\/www.pressenza.com\/de\/\"},{\"@type\":\"ListItem\",\"position\":2,\"name\":\"Transgender als geisteskrank?\"}]},{\"@type\":\"WebSite\",\"@id\":\"https:\/\/www.pressenza.com\/de\/#website\",\"url\":\"https:\/\/www.pressenza.com\/de\/\",\"name\":\"Pressenza\",\"description\":\"International Press Agency\",\"publisher\":{\"@id\":\"https:\/\/www.pressenza.com\/de\/#organization\"},\"potentialAction\":[{\"@type\":\"SearchAction\",\"target\":{\"@type\":\"EntryPoint\",\"urlTemplate\":\"https:\/\/www.pressenza.com\/de\/?s={search_term_string}\"},\"query-input\":{\"@type\":\"PropertyValueSpecification\",\"valueRequired\":true,\"valueName\":\"search_term_string\"}}],\"inLanguage\":\"de\"},{\"@type\":\"Organization\",\"@id\":\"https:\/\/www.pressenza.com\/de\/#organization\",\"name\":\"Pressenza\",\"url\":\"https:\/\/www.pressenza.com\/de\/\",\"logo\":{\"@type\":\"ImageObject\",\"inLanguage\":\"de\",\"@id\":\"https:\/\/www.pressenza.com\/de\/#\/schema\/logo\/image\/\",\"url\":\"https:\/\/www.pressenza.com\/wp-content\/uploads\/2022\/10\/pressenza_logo_200x200.jpg\",\"contentUrl\":\"https:\/\/www.pressenza.com\/wp-content\/uploads\/2022\/10\/pressenza_logo_200x200.jpg\",\"width\":200,\"height\":200,\"caption\":\"Pressenza\"},\"image\":{\"@id\":\"https:\/\/www.pressenza.com\/de\/#\/schema\/logo\/image\/\"},\"sameAs\":[\"https:\/\/www.facebook.com\/PressenzaItalia\",\"https:\/\/x.com\/PressenzaIPA\"]},{\"@type\":\"Person\",\"@id\":\"https:\/\/www.pressenza.com\/de\/#\/schema\/person\/204e67ffc5ecb05d81ec7dbb33ded555\",\"name\":\"Unsere Zeitung\",\"url\":\"https:\/\/www.pressenza.com\/de\/author\/unsere-zeitung\/\"}]}<\/script>\n<!-- \/ Yoast SEO plugin. -->","yoast_head_json":{"title":"Transgender als geisteskrank?","description":"von Oliver Suchanek Lange genug wurden Transgender-Menschen als psychisch krank abgestempelt \u2013 das sieht sogar die WHO ein und erschafft endlich einen","robots":{"index":"index","follow":"follow","max-snippet":"max-snippet:-1","max-image-preview":"max-image-preview:large","max-video-preview":"max-video-preview:-1"},"canonical":"https:\/\/www.pressenza.com\/de\/2018\/07\/transgender-als-geisteskrank\/","og_locale":"de_DE","og_type":"article","og_title":"Transgender als geisteskrank?","og_description":"von Oliver Suchanek Lange genug wurden Transgender-Menschen als psychisch krank abgestempelt \u2013 das sieht sogar die WHO ein und erschafft endlich einen","og_url":"https:\/\/www.pressenza.com\/de\/2018\/07\/transgender-als-geisteskrank\/","og_site_name":"Pressenza","article_publisher":"https:\/\/www.facebook.com\/PressenzaItalia","article_published_time":"2018-07-10T06:12:11+00:00","og_image":[{"width":678,"height":381,"url":"https:\/\/www.pressenza.com\/wp-content\/uploads\/2018\/07\/transphobie-678x381.jpg","type":"image\/jpeg"}],"author":"Unsere Zeitung","twitter_card":"summary_large_image","twitter_creator":"@PressenzaIPA","twitter_site":"@PressenzaIPA","twitter_misc":{"Verfasst von":"Unsere Zeitung","Gesch\u00e4tzte Lesezeit":"4\u00a0Minuten"},"schema":{"@context":"https:\/\/schema.org","@graph":[{"@type":"Article","@id":"https:\/\/www.pressenza.com\/de\/2018\/07\/transgender-als-geisteskrank\/#article","isPartOf":{"@id":"https:\/\/www.pressenza.com\/de\/2018\/07\/transgender-als-geisteskrank\/"},"author":{"name":"Unsere Zeitung","@id":"https:\/\/www.pressenza.com\/de\/#\/schema\/person\/204e67ffc5ecb05d81ec7dbb33ded555"},"headline":"Transgender als geisteskrank?","datePublished":"2018-07-10T06:12:11+00:00","mainEntityOfPage":{"@id":"https:\/\/www.pressenza.com\/de\/2018\/07\/transgender-als-geisteskrank\/"},"wordCount":767,"publisher":{"@id":"https:\/\/www.pressenza.com\/de\/#organization"},"image":{"@id":"https:\/\/www.pressenza.com\/de\/2018\/07\/transgender-als-geisteskrank\/#primaryimage"},"thumbnailUrl":"https:\/\/www.pressenza.com\/wp-content\/uploads\/2018\/07\/transphobie-678x381.jpg","keywords":["Sexualit\u00e4t","transgender","WHO"],"articleSection":["Europa","Gesundheit","International","Menschenrechte","Vielfalt"],"inLanguage":"de"},{"@type":"WebPage","@id":"https:\/\/www.pressenza.com\/de\/2018\/07\/transgender-als-geisteskrank\/","url":"https:\/\/www.pressenza.com\/de\/2018\/07\/transgender-als-geisteskrank\/","name":"Transgender als geisteskrank?","isPartOf":{"@id":"https:\/\/www.pressenza.com\/de\/#website"},"primaryImageOfPage":{"@id":"https:\/\/www.pressenza.com\/de\/2018\/07\/transgender-als-geisteskrank\/#primaryimage"},"image":{"@id":"https:\/\/www.pressenza.com\/de\/2018\/07\/transgender-als-geisteskrank\/#primaryimage"},"thumbnailUrl":"https:\/\/www.pressenza.com\/wp-content\/uploads\/2018\/07\/transphobie-678x381.jpg","datePublished":"2018-07-10T06:12:11+00:00","description":"von Oliver Suchanek Lange genug wurden Transgender-Menschen als psychisch krank abgestempelt \u2013 das sieht sogar die WHO ein und erschafft endlich einen","breadcrumb":{"@id":"https:\/\/www.pressenza.com\/de\/2018\/07\/transgender-als-geisteskrank\/#breadcrumb"},"inLanguage":"de","potentialAction":[{"@type":"ReadAction","target":["https:\/\/www.pressenza.com\/de\/2018\/07\/transgender-als-geisteskrank\/"]}]},{"@type":"ImageObject","inLanguage":"de","@id":"https:\/\/www.pressenza.com\/de\/2018\/07\/transgender-als-geisteskrank\/#primaryimage","url":"https:\/\/www.pressenza.com\/wp-content\/uploads\/2018\/07\/transphobie-678x381.jpg","contentUrl":"https:\/\/www.pressenza.com\/wp-content\/uploads\/2018\/07\/transphobie-678x381.jpg","width":678,"height":381,"caption":"Titelbild: \u201ethe Cha(i)nge\u201c-Trans*-Gruppe auf der Regenbogenparade (Foto: Oliver Suchanek)"},{"@type":"BreadcrumbList","@id":"https:\/\/www.pressenza.com\/de\/2018\/07\/transgender-als-geisteskrank\/#breadcrumb","itemListElement":[{"@type":"ListItem","position":1,"name":"Accueil","item":"https:\/\/www.pressenza.com\/de\/"},{"@type":"ListItem","position":2,"name":"Transgender als geisteskrank?"}]},{"@type":"WebSite","@id":"https:\/\/www.pressenza.com\/de\/#website","url":"https:\/\/www.pressenza.com\/de\/","name":"Pressenza","description":"International Press Agency","publisher":{"@id":"https:\/\/www.pressenza.com\/de\/#organization"},"potentialAction":[{"@type":"SearchAction","target":{"@type":"EntryPoint","urlTemplate":"https:\/\/www.pressenza.com\/de\/?s={search_term_string}"},"query-input":{"@type":"PropertyValueSpecification","valueRequired":true,"valueName":"search_term_string"}}],"inLanguage":"de"},{"@type":"Organization","@id":"https:\/\/www.pressenza.com\/de\/#organization","name":"Pressenza","url":"https:\/\/www.pressenza.com\/de\/","logo":{"@type":"ImageObject","inLanguage":"de","@id":"https:\/\/www.pressenza.com\/de\/#\/schema\/logo\/image\/","url":"https:\/\/www.pressenza.com\/wp-content\/uploads\/2022\/10\/pressenza_logo_200x200.jpg","contentUrl":"https:\/\/www.pressenza.com\/wp-content\/uploads\/2022\/10\/pressenza_logo_200x200.jpg","width":200,"height":200,"caption":"Pressenza"},"image":{"@id":"https:\/\/www.pressenza.com\/de\/#\/schema\/logo\/image\/"},"sameAs":["https:\/\/www.facebook.com\/PressenzaItalia","https:\/\/x.com\/PressenzaIPA"]},{"@type":"Person","@id":"https:\/\/www.pressenza.com\/de\/#\/schema\/person\/204e67ffc5ecb05d81ec7dbb33ded555","name":"Unsere Zeitung","url":"https:\/\/www.pressenza.com\/de\/author\/unsere-zeitung\/"}]}},"place":"","original_article_url":"https:\/\/www.unsere-zeitung.at\/2018\/07\/09\/transgender-als-geisteskrank\/","_links":{"self":[{"href":"https:\/\/www.pressenza.com\/de\/wp-json\/wp\/v2\/posts\/675225","targetHints":{"allow":["GET"]}}],"collection":[{"href":"https:\/\/www.pressenza.com\/de\/wp-json\/wp\/v2\/posts"}],"about":[{"href":"https:\/\/www.pressenza.com\/de\/wp-json\/wp\/v2\/types\/post"}],"author":[{"embeddable":true,"href":"https:\/\/www.pressenza.com\/de\/wp-json\/wp\/v2\/users\/1408"}],"replies":[{"embeddable":true,"href":"https:\/\/www.pressenza.com\/de\/wp-json\/wp\/v2\/comments?post=675225"}],"version-history":[{"count":0,"href":"https:\/\/www.pressenza.com\/de\/wp-json\/wp\/v2\/posts\/675225\/revisions"}],"wp:featuredmedia":[{"embeddable":true,"href":"https:\/\/www.pressenza.com\/de\/wp-json\/wp\/v2\/media\/675226"}],"wp:attachment":[{"href":"https:\/\/www.pressenza.com\/de\/wp-json\/wp\/v2\/media?parent=675225"}],"wp:term":[{"taxonomy":"category","embeddable":true,"href":"https:\/\/www.pressenza.com\/de\/wp-json\/wp\/v2\/categories?post=675225"},{"taxonomy":"post_tag","embeddable":true,"href":"https:\/\/www.pressenza.com\/de\/wp-json\/wp\/v2\/tags?post=675225"}],"curies":[{"name":"wp","href":"https:\/\/api.w.org\/{rel}","templated":true}]}}