{"id":662449,"date":"2018-06-23T14:38:54","date_gmt":"2018-06-23T13:38:54","guid":{"rendered":"https:\/\/www.pressenza.com\/?p=662449"},"modified":"2018-06-23T14:38:54","modified_gmt":"2018-06-23T13:38:54","slug":"weltfluechtlingstag-europa-waelzt-verantwortung-fuer-den-fluechtlingsschutz-ab","status":"publish","type":"post","link":"https:\/\/www.pressenza.com\/de\/2018\/06\/weltfluechtlingstag-europa-waelzt-verantwortung-fuer-den-fluechtlingsschutz-ab\/","title":{"rendered":"Weltfl\u00fcchtlingstag: Europa w\u00e4lzt Verantwortung f\u00fcr den Fl\u00fcchtlingsschutz ab"},"content":{"rendered":"<p><strong>20.06.2018\u00a0 &#8211; Weltweit waren 2017 rund 68,5 Millionen Menschen wegen Krieg, Gewalt und Verfolgung auf der Flucht \u2013 fast drei Millionen mehr als im Jahr davor. Doch der Zugang zum Recht auf Asyl in Europa wird zunehmend versperrt, immer weniger Menschen finden in Europa Schutz.<\/strong><\/p>\n<p>\u00dcber 16 Millionen neue Fl\u00fcchtlinge hat UNHCR im vergangenen Jahr registriert. Statistisch gesehen wurde 2017 damit alle zwei Sekunden ein Mensch in die Flucht geschlagen. Die \u00fcberw\u00e4ltigende Mehrheit, n\u00e4mlich 85 Prozent, sucht dabei in Entwicklungsl\u00e4ndern Zuflucht. Die Zahl der Asylsuchenden in Europa und Deutschland sank \u2013 das Ergebnis einer Abschottungspolitik, die mit allen Mitteln die Zahl ankommender Fl\u00fcchtlinge nach unten dr\u00fccken will.<\/p>\n<p>Nach Deutschland kamen 2017\u00a0<a href=\"http:\/\/www.unhcr.org\/dach\/de\/23912-weltfluechtlingsbericht-deutlich-weniger-asylsuchende-deutschland-dramatische-entwicklung-weltweit.html\" target=\"_blank\" rel=\"noopener\">186.644 Asylsuchende, im Jahr zuvor waren es noch rund 280.000<\/a>. Die meisten stammen aus Kriegs- und Krisenl\u00e4ndern wie Syrien, Afghanistan, Irak, Iran oder Eritrea. Doch mit der zunehmenden Versperrung von Fluchtwegen r\u00fcckt f\u00fcr Menschen auf der Flucht der Zugang zum Asylrecht auf Europa in unerreichbare Ferne.<\/p>\n<p><strong>Die Abschottungspolitik der EU beginnt vor ihren Grenzen<\/strong><\/p>\n<p>Die EU lagert ihr Grenzregime immer weiter vor: Fl\u00fcchtlinge sollen schon in der Sahelzone und an der s\u00fcdlichen Landgrenze Libyens aufzuhalten. Selbst vor Kooperationen mit autorit\u00e4ren Regimen wird nicht zur\u00fcckgeschreckt. Unter dem Deckmantel angeblicher Fluchtursachenbek\u00e4mpfung werden Unrechtsregime gest\u00fctzt und Schutzsuchenden der Zugang nach Europa und zu einem fairen Asylverfahren verwehrt.<\/p>\n<p><strong>Libysche K\u00fcstenwache bringt aus Seenot Gerettete zur\u00fcck in Lager<\/strong><\/p>\n<p>Auch die Zusammenarbeit mit der zum Teil von brutalen Milizen kontrollierten \u00bblibyschen K\u00fcstenwache\u00ab steht weit oben auf der europ\u00e4ischen Agenda. In Seenot geratene Bootsfl\u00fcchtlinge sollen von der \u00bblibyschen K\u00fcstenwache\u00ab gerettet und nach Libyen zur\u00fcckgebracht werden. Misshandlungen, Folter und Vergewaltigungen sind in den libyschen Lagern an der Tagesordnung. Dass dieses Vorgehen nicht mit der Europ\u00e4ischen Menschenrechtskonvention (EMRK) vereinbar ist, st\u00f6rt die Verantwortlichen in der EU offenbar wenig.<\/p>\n<p><strong>Das Sterben im Mittelmeer geht weiter. Wer rettet, wird kriminalisiert<\/strong><\/p>\n<p>Laut UNHCR sind 2017 mindestens 3.139 Menschen beim Versuch, \u00fcber das Mittelmer nach Europa zu gelangen, ums Leben gekommen,\u00a0<a href=\"http:\/\/data2.unhcr.org\/en\/situations\/mediterranean\" target=\"_blank\" rel=\"noopener\">seit Jahresbeginn waren es 802<\/a>. Zivile Seenotretter*innen wie Jugend Rettet, \u00c4rzte ohne Grenzen, SOS Mediterranee, Sea-Watch, u.a. retten im Mittelmeer Menschenleben und sehen sich einer\u00a0<a href=\"https:\/\/www.proasyl.de\/news\/neues-aus-italien-zwischen-kriminalisierung-der-seenotrettung-und-libyschem-buergerkrieg\/\" target=\"_blank\" rel=\"noopener\">beispiellosen Diffamierungskampagne<\/a>\u00a0ausgesetzt. Die Abschottung gegen Fl\u00fcchtlinge geht so weit, dass im Juni die Regierungen von Italien und Malta <a href=\"http:\/\/www.spiegel.de\/politik\/ausland\/fluechtlinge-ankunft-der-aquarius-in-valencia-a-1213432.html\" target=\"_blank\" rel=\"noopener\">das\u00a0Rettungsschiff \u00bbAquarius\u00ab nicht anlegen lie\u00dfen<\/a>. Das Schiff mit 629 aus Seenot geretteten Menschen an Bord durfte nach einer einw\u00f6chigen Irrfahrt durch das Mittelmeer in Spanien anlegen.<\/p>\n<div class=\"wpb_text_column wpb_content_element \">\n<div class=\"wpb_wrapper\">\n<p><strong>Der Deal mit der T\u00fcrkei produziert Elendslager in Griechenland<\/strong><\/p>\n<p>Der EU-Fl\u00fcchtlingsdeal mit der T\u00fcrkei aus M\u00e4rz 2016 gilt als Blaupause f\u00fcr die neue EU-Asylrechtsreform. Die zwei wichtigsten Konzepte, \u00bbZul\u00e4ssigkeitsverfahren\u00ab und \u00bbsicherer Drittstaat\u00ab werden seit M\u00e4rz 2016 in den EU-Hotspots auf den griechischen Inseln in der \u00c4g\u00e4is angewendet \u2013 mit katastrophalen Folgen: Tausende Fl\u00fcchtlinge sitzen auf den Inseln Lesbos, Samos, Chios und Kos fest \u2013 im Fr\u00fchjahr 2018 waren es rund 13.000 Menschen. Die Lager sind hoffnungslos \u00fcberf\u00fcllt, Zelte stehen im Morast, die hygienischen Bedingungen sind unzumutbar, die medizinische Versorgung unzureichend.<\/p>\n<\/div>\n<\/div>\n<div class=\"wpb_text_column wpb_content_element \">\n<div class=\"wpb_wrapper\">\n<p>Statt regul\u00e4rer Asylverfahren wurden sogenannte Zul\u00e4ssigkeitsverfahren eingef\u00fchrt. Wird die T\u00fcrkei als \u00bbsicher\u00ab f\u00fcr den jeweiligen Fl\u00fcchtling eingestuft, gilt der Asylantrag als \u00bbunzul\u00e4ssig\u00ab. Den Betroffenen droht die Abschiebung in die T\u00fcrkei und dort weitere Dauerinternierung \u2013 so lange, bis sie einer \u00bbfreiwilligen Ausreise\u00ab zustimmen.<\/p>\n<\/div>\n<\/div>\n<div class=\"wpb_text_column wpb_content_element \">\n<div class=\"wpb_wrapper\">\n<p>Rechtlich steht der Deal auf wackeligen F\u00fc\u00dfen. Die T\u00fcrkei ist kein \u00bbsicherer Drittstaat\u00ab. Die T\u00fcrkei hat die Genfer Fl\u00fcchtlingskonvention nicht vorbehaltlos unterzeichnet. An der t\u00fcrkisch-syrischen Grenze gehen t\u00fcrkische Grenzposten sogar mit Sch\u00fcssen gegen Fl\u00fcchtende vor.<\/p>\n<div class=\"wpb_text_column wpb_content_element \">\n<div class=\"wpb_wrapper\">\n<p><strong>Gemeinsames Europ\u00e4isches Asylsystem (GEAS)<\/strong><\/p>\n<p>Nach Vorbild des EU-T\u00fcrkei-Deals soll das neue\u00a0<a href=\"https:\/\/www.proasyl.de\/news\/menschenrechte-verschwinden-wie-die-eu-das-recht-auf-asyl-untergraben-will\/\">Gemeinsame Europ\u00e4ische Asylsystem (GEAS)<\/a>\u00a0so versch\u00e4rft werden, dass der Zugang zum Recht auf Asyl f\u00fcr Schutzsuchende in Europa unerreichbar wird:<\/p>\n<\/div>\n<\/div>\n<div class=\"wpb_text_column wpb_content_element \">\n<div class=\"wpb_wrapper\">\n<p>Schutzsuchende werden in Lagern isoliert, um unmittelbar Zugriff auf sie zu haben. In \u00bbZul\u00e4ssigkeitsverfahren\u00ab wird nicht mehr nach Fluchtgr\u00fcnden gefragt. Stattdessen wird festgestellt, ob Asylsuchende durch einen angeblichen \u00bbsicheren Drittstaat\u00ab gekommen sind, wohin man sie zur\u00fcckschicken kann. Es droht die Zur\u00fcckschiebung in sogenannte \u00bbsichere Drittstaaten\u00ab. Diese m\u00fcssen nicht sicher sein: Es sollen bereits die Durchreise gen\u00fcgen. Entscheidend ist, mit welchen Drittstaaten die EU entsprechende Deals abschlie\u00dft.<\/p>\n<div class=\"wpb_text_column wpb_content_element \">\n<div class=\"wpb_wrapper\">\n<p><strong>Lagerhaltung auch in Deutschland<\/strong><\/p>\n<p>Hierzulande l\u00e4uft die Regierung rechtspopulistischen Forderungen hinterher. Die CSU betreibt offenen Wahlkampf auf dem R\u00fccken von Fl\u00fcchtlingen und steht in ihrem Duktus der AfD mittlerweile in nichts nach.<\/p>\n<p>Mit seinem \u00bbMasterplan\u00ab will Bundesinnenminister Seehofer nun die auf Ausgrenzung setzende Fl\u00fcchtlingspolitik noch einmal radikal versch\u00e4rfen: Ein Mittel ist die Dauerisolierung von Asylsuchenden in den sogenannten \u00bbAnkER-Zentren\u00ab (\u00bbAnkunft, Entscheidung, R\u00fcckf\u00fchrung\u00ab).<\/p>\n<\/div>\n<\/div>\n<div class=\"wpb_text_column wpb_content_element \">\n<div class=\"wpb_wrapper\">\n<p>Vorbild sind die Transitlager in Bamberg und Manching, die seit Jahren auf Kritik von Kommunen, Ehrenamtlichen und betroffenen Fl\u00fcchtlingen sto\u00dfen. F\u00fcnf bis sieben AnkER-Zentren sollen in einer Pilotphase im Herbst 2018 entstehen, sp\u00e4ter soll es bundesweit bis zu 40 davon geben \u2013 mit\u00a0<a href=\"https:\/\/www.proasyl.de\/hintergrund\/warum-ankerzentren-eine-schlechte-idee-sind\/\">schwerwiegenden Folgen f\u00fcr Betroffene.<\/a><\/p>\n<\/div>\n<\/div>\n<\/div>\n<\/div>\n<\/div>\n<\/div>\n<div class=\"wpb_text_column wpb_content_element \">\n<div class=\"wpb_wrapper\">\n<p><strong>Rettet das Recht auf Asyl!<\/strong><\/p>\n<p>Der j\u00fcngste Vorsto\u00df des Bundesinnenministers,\u00a0<a href=\"https:\/\/www.proasyl.de\/news\/zurueckweisungen-an-der-grenze-waeren-europafeindlich-rechtswidrig\/\">Schutzsuchende an der Grenze zur\u00fcckzuweisen<\/a>, wenn sie in der EU bereits woanders registriert oder ohne Papiere sind, stellt einen rechtswidrigen und europafeindlichen Vorsto\u00df dar und w\u00e4re ein weiterer Schritt zur Entrechtung von Fl\u00fcchtlingen, der einen Dominoeffekt ausl\u00f6sen k\u00f6nnte: Jeder\u00a0Staat schiebt dem n\u00e4chsten die Verantwortung zu. Kein Staat ist mehr willens, die Fluchtgr\u00fcnde von Schutzsuchenden in einem rechtsstaatlichen Verfahren zu pr\u00fcfen.<\/p>\n<\/div>\n<\/div>\n<div class=\"wpb_text_column wpb_content_element \">\n<div class=\"wpb_wrapper\">\n<p>In der dramatischen Situation, in der die Zahl der Menschen auf der Flucht Jahr um Jahr Rekorde erreicht, werden der Fl\u00fcchtlingsschutz und das Recht auf Asyl in Europa zur Disposition gestellt. Damit ist auch ein Europa der Menschenrechte in Gefahr.<\/p>\n<\/div>\n<\/div>\n","protected":false},"excerpt":{"rendered":"<p>20.06.2018\u00a0 &#8211; Weltweit waren 2017 rund 68,5 Millionen Menschen wegen Krieg, Gewalt und Verfolgung auf der Flucht \u2013 fast drei Millionen mehr als im Jahr davor. Doch der Zugang zum Recht auf Asyl in Europa wird zunehmend versperrt, immer weniger&hellip;<\/p>\n","protected":false},"author":1411,"featured_media":662454,"comment_status":"closed","ping_status":"closed","sticky":false,"template":"","format":"standard","meta":{"footnotes":""},"categories":[9150,9164,9161,9168,9145,9165],"tags":[10657,9481,9219,47332,47331,17031],"class_list":["post-662449","post","type-post","status-publish","format-standard","has-post-thumbnail","hentry","category-europa-de","category-internationale-angelegenheiten","category-menschenrechte","category-politik","category-pressemitteilungen","category-vielfalt","tag-asylpolitik","tag-eu-de","tag-fluchtlinge","tag-geas","tag-gemeinsames-europaeisches-asylsystem","tag-pro-asyl"],"yoast_head":"<!-- This site is optimized with the Yoast SEO plugin v27.1.1 - https:\/\/yoast.com\/product\/yoast-seo-wordpress\/ -->\n<title>Weltfl\u00fcchtlingstag: Europa w\u00e4lzt Verantwortung f\u00fcr den Fl\u00fcchtlingsschutz ab<\/title>\n<meta name=\"description\" content=\"20.06.2018\u00a0 - Weltweit waren 2017 rund 68,5 Millionen Menschen wegen Krieg, Gewalt und Verfolgung auf der Flucht \u2013 fast drei Millionen mehr als im Jahr\" \/>\n<meta name=\"robots\" content=\"index, follow, max-snippet:-1, max-image-preview:large, max-video-preview:-1\" \/>\n<link rel=\"canonical\" href=\"https:\/\/www.pressenza.com\/de\/2018\/06\/weltfluechtlingstag-europa-waelzt-verantwortung-fuer-den-fluechtlingsschutz-ab\/\" \/>\n<meta property=\"og:locale\" content=\"de_DE\" \/>\n<meta property=\"og:type\" content=\"article\" \/>\n<meta property=\"og:title\" content=\"Weltfl\u00fcchtlingstag: Europa w\u00e4lzt Verantwortung f\u00fcr den Fl\u00fcchtlingsschutz ab\" \/>\n<meta property=\"og:description\" content=\"20.06.2018\u00a0 - Weltweit waren 2017 rund 68,5 Millionen Menschen wegen Krieg, Gewalt und Verfolgung auf der Flucht \u2013 fast drei Millionen mehr als im Jahr\" \/>\n<meta property=\"og:url\" content=\"https:\/\/www.pressenza.com\/de\/2018\/06\/weltfluechtlingstag-europa-waelzt-verantwortung-fuer-den-fluechtlingsschutz-ab\/\" \/>\n<meta property=\"og:site_name\" content=\"Pressenza\" \/>\n<meta property=\"article:publisher\" content=\"https:\/\/www.facebook.com\/PressenzaItalia\" \/>\n<meta property=\"article:published_time\" content=\"2018-06-23T13:38:54+00:00\" \/>\n<meta property=\"og:image\" content=\"https:\/\/www.pressenza.com\/wp-content\/uploads\/2018\/06\/ProAsyl_KevinMcElvaney.jpg\" \/>\n\t<meta property=\"og:image:width\" content=\"660\" \/>\n\t<meta property=\"og:image:height\" content=\"370\" \/>\n\t<meta property=\"og:image:type\" content=\"image\/jpeg\" \/>\n<meta name=\"author\" content=\"Pro Asyl\" \/>\n<meta name=\"twitter:card\" content=\"summary_large_image\" \/>\n<meta name=\"twitter:creator\" content=\"@PressenzaIPA\" \/>\n<meta name=\"twitter:site\" content=\"@PressenzaIPA\" \/>\n<meta name=\"twitter:label1\" content=\"Verfasst von\" \/>\n\t<meta name=\"twitter:data1\" content=\"Pro Asyl\" \/>\n\t<meta name=\"twitter:label2\" content=\"Gesch\u00e4tzte Lesezeit\" \/>\n\t<meta name=\"twitter:data2\" content=\"5\u00a0Minuten\" \/>\n<script type=\"application\/ld+json\" class=\"yoast-schema-graph\">{\"@context\":\"https:\/\/schema.org\",\"@graph\":[{\"@type\":\"Article\",\"@id\":\"https:\/\/www.pressenza.com\/de\/2018\/06\/weltfluechtlingstag-europa-waelzt-verantwortung-fuer-den-fluechtlingsschutz-ab\/#article\",\"isPartOf\":{\"@id\":\"https:\/\/www.pressenza.com\/de\/2018\/06\/weltfluechtlingstag-europa-waelzt-verantwortung-fuer-den-fluechtlingsschutz-ab\/\"},\"author\":{\"name\":\"Pro Asyl\",\"@id\":\"https:\/\/www.pressenza.com\/de\/#\/schema\/person\/2a2e2e83a39e4cf3cf67ecb1e0760b14\"},\"headline\":\"Weltfl\u00fcchtlingstag: Europa w\u00e4lzt Verantwortung f\u00fcr den Fl\u00fcchtlingsschutz ab\",\"datePublished\":\"2018-06-23T13:38:54+00:00\",\"mainEntityOfPage\":{\"@id\":\"https:\/\/www.pressenza.com\/de\/2018\/06\/weltfluechtlingstag-europa-waelzt-verantwortung-fuer-den-fluechtlingsschutz-ab\/\"},\"wordCount\":952,\"publisher\":{\"@id\":\"https:\/\/www.pressenza.com\/de\/#organization\"},\"image\":{\"@id\":\"https:\/\/www.pressenza.com\/de\/2018\/06\/weltfluechtlingstag-europa-waelzt-verantwortung-fuer-den-fluechtlingsschutz-ab\/#primaryimage\"},\"thumbnailUrl\":\"https:\/\/www.pressenza.com\/wp-content\/uploads\/2018\/06\/ProAsyl_KevinMcElvaney.jpg\",\"keywords\":[\"Asylpolitik\",\"EU\",\"Fl\u00fcchtlinge\",\"GEAS\",\"Gemeinsames Europ\u00e4isches Asylsystem\",\"Pro Asyl\"],\"articleSection\":[\"Europa\",\"Internationale Angelegenheiten\",\"Menschenrechte\",\"Politik\",\"Pressemitteilungen\",\"Vielfalt\"],\"inLanguage\":\"de\"},{\"@type\":\"WebPage\",\"@id\":\"https:\/\/www.pressenza.com\/de\/2018\/06\/weltfluechtlingstag-europa-waelzt-verantwortung-fuer-den-fluechtlingsschutz-ab\/\",\"url\":\"https:\/\/www.pressenza.com\/de\/2018\/06\/weltfluechtlingstag-europa-waelzt-verantwortung-fuer-den-fluechtlingsschutz-ab\/\",\"name\":\"Weltfl\u00fcchtlingstag: Europa w\u00e4lzt Verantwortung f\u00fcr den Fl\u00fcchtlingsschutz ab\",\"isPartOf\":{\"@id\":\"https:\/\/www.pressenza.com\/de\/#website\"},\"primaryImageOfPage\":{\"@id\":\"https:\/\/www.pressenza.com\/de\/2018\/06\/weltfluechtlingstag-europa-waelzt-verantwortung-fuer-den-fluechtlingsschutz-ab\/#primaryimage\"},\"image\":{\"@id\":\"https:\/\/www.pressenza.com\/de\/2018\/06\/weltfluechtlingstag-europa-waelzt-verantwortung-fuer-den-fluechtlingsschutz-ab\/#primaryimage\"},\"thumbnailUrl\":\"https:\/\/www.pressenza.com\/wp-content\/uploads\/2018\/06\/ProAsyl_KevinMcElvaney.jpg\",\"datePublished\":\"2018-06-23T13:38:54+00:00\",\"description\":\"20.06.2018\u00a0 - Weltweit waren 2017 rund 68,5 Millionen Menschen wegen Krieg, Gewalt und Verfolgung auf der Flucht \u2013 fast drei Millionen mehr als im Jahr\",\"breadcrumb\":{\"@id\":\"https:\/\/www.pressenza.com\/de\/2018\/06\/weltfluechtlingstag-europa-waelzt-verantwortung-fuer-den-fluechtlingsschutz-ab\/#breadcrumb\"},\"inLanguage\":\"de\",\"potentialAction\":[{\"@type\":\"ReadAction\",\"target\":[\"https:\/\/www.pressenza.com\/de\/2018\/06\/weltfluechtlingstag-europa-waelzt-verantwortung-fuer-den-fluechtlingsschutz-ab\/\"]}]},{\"@type\":\"ImageObject\",\"inLanguage\":\"de\",\"@id\":\"https:\/\/www.pressenza.com\/de\/2018\/06\/weltfluechtlingstag-europa-waelzt-verantwortung-fuer-den-fluechtlingsschutz-ab\/#primaryimage\",\"url\":\"https:\/\/www.pressenza.com\/wp-content\/uploads\/2018\/06\/ProAsyl_KevinMcElvaney.jpg\",\"contentUrl\":\"https:\/\/www.pressenza.com\/wp-content\/uploads\/2018\/06\/ProAsyl_KevinMcElvaney.jpg\",\"width\":660,\"height\":370},{\"@type\":\"BreadcrumbList\",\"@id\":\"https:\/\/www.pressenza.com\/de\/2018\/06\/weltfluechtlingstag-europa-waelzt-verantwortung-fuer-den-fluechtlingsschutz-ab\/#breadcrumb\",\"itemListElement\":[{\"@type\":\"ListItem\",\"position\":1,\"name\":\"Accueil\",\"item\":\"https:\/\/www.pressenza.com\/de\/\"},{\"@type\":\"ListItem\",\"position\":2,\"name\":\"Weltfl\u00fcchtlingstag: Europa w\u00e4lzt Verantwortung f\u00fcr den Fl\u00fcchtlingsschutz ab\"}]},{\"@type\":\"WebSite\",\"@id\":\"https:\/\/www.pressenza.com\/de\/#website\",\"url\":\"https:\/\/www.pressenza.com\/de\/\",\"name\":\"Pressenza\",\"description\":\"International Press Agency\",\"publisher\":{\"@id\":\"https:\/\/www.pressenza.com\/de\/#organization\"},\"potentialAction\":[{\"@type\":\"SearchAction\",\"target\":{\"@type\":\"EntryPoint\",\"urlTemplate\":\"https:\/\/www.pressenza.com\/de\/?s={search_term_string}\"},\"query-input\":{\"@type\":\"PropertyValueSpecification\",\"valueRequired\":true,\"valueName\":\"search_term_string\"}}],\"inLanguage\":\"de\"},{\"@type\":\"Organization\",\"@id\":\"https:\/\/www.pressenza.com\/de\/#organization\",\"name\":\"Pressenza\",\"url\":\"https:\/\/www.pressenza.com\/de\/\",\"logo\":{\"@type\":\"ImageObject\",\"inLanguage\":\"de\",\"@id\":\"https:\/\/www.pressenza.com\/de\/#\/schema\/logo\/image\/\",\"url\":\"https:\/\/www.pressenza.com\/wp-content\/uploads\/2022\/10\/pressenza_logo_200x200.jpg\",\"contentUrl\":\"https:\/\/www.pressenza.com\/wp-content\/uploads\/2022\/10\/pressenza_logo_200x200.jpg\",\"width\":200,\"height\":200,\"caption\":\"Pressenza\"},\"image\":{\"@id\":\"https:\/\/www.pressenza.com\/de\/#\/schema\/logo\/image\/\"},\"sameAs\":[\"https:\/\/www.facebook.com\/PressenzaItalia\",\"https:\/\/x.com\/PressenzaIPA\"]},{\"@type\":\"Person\",\"@id\":\"https:\/\/www.pressenza.com\/de\/#\/schema\/person\/2a2e2e83a39e4cf3cf67ecb1e0760b14\",\"name\":\"Pro Asyl\",\"description\":\"Ist die selbstbestimmte und unabh\u00e4ngige Stimme f\u00fcr die Menschenrechte und den Schutz von Fl\u00fcchtlingen in Deutschland und Europa. Es ist ein Verein dessen Arbeit durch Mitgliedsbeitr\u00e4ge, Spenden und Stiftungszuwendungen finanziert wird.\",\"sameAs\":[\"https:\/\/www.proasyl.de\"],\"url\":\"https:\/\/www.pressenza.com\/de\/author\/pro-asyl\/\"}]}<\/script>\n<!-- \/ Yoast SEO plugin. -->","yoast_head_json":{"title":"Weltfl\u00fcchtlingstag: Europa w\u00e4lzt Verantwortung f\u00fcr den Fl\u00fcchtlingsschutz ab","description":"20.06.2018\u00a0 - Weltweit waren 2017 rund 68,5 Millionen Menschen wegen Krieg, Gewalt und Verfolgung auf der Flucht \u2013 fast drei Millionen mehr als im Jahr","robots":{"index":"index","follow":"follow","max-snippet":"max-snippet:-1","max-image-preview":"max-image-preview:large","max-video-preview":"max-video-preview:-1"},"canonical":"https:\/\/www.pressenza.com\/de\/2018\/06\/weltfluechtlingstag-europa-waelzt-verantwortung-fuer-den-fluechtlingsschutz-ab\/","og_locale":"de_DE","og_type":"article","og_title":"Weltfl\u00fcchtlingstag: Europa w\u00e4lzt Verantwortung f\u00fcr den Fl\u00fcchtlingsschutz ab","og_description":"20.06.2018\u00a0 - Weltweit waren 2017 rund 68,5 Millionen Menschen wegen Krieg, Gewalt und Verfolgung auf der Flucht \u2013 fast drei Millionen mehr als im Jahr","og_url":"https:\/\/www.pressenza.com\/de\/2018\/06\/weltfluechtlingstag-europa-waelzt-verantwortung-fuer-den-fluechtlingsschutz-ab\/","og_site_name":"Pressenza","article_publisher":"https:\/\/www.facebook.com\/PressenzaItalia","article_published_time":"2018-06-23T13:38:54+00:00","og_image":[{"width":660,"height":370,"url":"https:\/\/www.pressenza.com\/wp-content\/uploads\/2018\/06\/ProAsyl_KevinMcElvaney.jpg","type":"image\/jpeg"}],"author":"Pro Asyl","twitter_card":"summary_large_image","twitter_creator":"@PressenzaIPA","twitter_site":"@PressenzaIPA","twitter_misc":{"Verfasst von":"Pro Asyl","Gesch\u00e4tzte Lesezeit":"5\u00a0Minuten"},"schema":{"@context":"https:\/\/schema.org","@graph":[{"@type":"Article","@id":"https:\/\/www.pressenza.com\/de\/2018\/06\/weltfluechtlingstag-europa-waelzt-verantwortung-fuer-den-fluechtlingsschutz-ab\/#article","isPartOf":{"@id":"https:\/\/www.pressenza.com\/de\/2018\/06\/weltfluechtlingstag-europa-waelzt-verantwortung-fuer-den-fluechtlingsschutz-ab\/"},"author":{"name":"Pro Asyl","@id":"https:\/\/www.pressenza.com\/de\/#\/schema\/person\/2a2e2e83a39e4cf3cf67ecb1e0760b14"},"headline":"Weltfl\u00fcchtlingstag: Europa w\u00e4lzt Verantwortung f\u00fcr den Fl\u00fcchtlingsschutz ab","datePublished":"2018-06-23T13:38:54+00:00","mainEntityOfPage":{"@id":"https:\/\/www.pressenza.com\/de\/2018\/06\/weltfluechtlingstag-europa-waelzt-verantwortung-fuer-den-fluechtlingsschutz-ab\/"},"wordCount":952,"publisher":{"@id":"https:\/\/www.pressenza.com\/de\/#organization"},"image":{"@id":"https:\/\/www.pressenza.com\/de\/2018\/06\/weltfluechtlingstag-europa-waelzt-verantwortung-fuer-den-fluechtlingsschutz-ab\/#primaryimage"},"thumbnailUrl":"https:\/\/www.pressenza.com\/wp-content\/uploads\/2018\/06\/ProAsyl_KevinMcElvaney.jpg","keywords":["Asylpolitik","EU","Fl\u00fcchtlinge","GEAS","Gemeinsames Europ\u00e4isches Asylsystem","Pro Asyl"],"articleSection":["Europa","Internationale Angelegenheiten","Menschenrechte","Politik","Pressemitteilungen","Vielfalt"],"inLanguage":"de"},{"@type":"WebPage","@id":"https:\/\/www.pressenza.com\/de\/2018\/06\/weltfluechtlingstag-europa-waelzt-verantwortung-fuer-den-fluechtlingsschutz-ab\/","url":"https:\/\/www.pressenza.com\/de\/2018\/06\/weltfluechtlingstag-europa-waelzt-verantwortung-fuer-den-fluechtlingsschutz-ab\/","name":"Weltfl\u00fcchtlingstag: Europa w\u00e4lzt Verantwortung f\u00fcr den Fl\u00fcchtlingsschutz ab","isPartOf":{"@id":"https:\/\/www.pressenza.com\/de\/#website"},"primaryImageOfPage":{"@id":"https:\/\/www.pressenza.com\/de\/2018\/06\/weltfluechtlingstag-europa-waelzt-verantwortung-fuer-den-fluechtlingsschutz-ab\/#primaryimage"},"image":{"@id":"https:\/\/www.pressenza.com\/de\/2018\/06\/weltfluechtlingstag-europa-waelzt-verantwortung-fuer-den-fluechtlingsschutz-ab\/#primaryimage"},"thumbnailUrl":"https:\/\/www.pressenza.com\/wp-content\/uploads\/2018\/06\/ProAsyl_KevinMcElvaney.jpg","datePublished":"2018-06-23T13:38:54+00:00","description":"20.06.2018\u00a0 - Weltweit waren 2017 rund 68,5 Millionen Menschen wegen Krieg, Gewalt und Verfolgung auf der Flucht \u2013 fast drei Millionen mehr als im Jahr","breadcrumb":{"@id":"https:\/\/www.pressenza.com\/de\/2018\/06\/weltfluechtlingstag-europa-waelzt-verantwortung-fuer-den-fluechtlingsschutz-ab\/#breadcrumb"},"inLanguage":"de","potentialAction":[{"@type":"ReadAction","target":["https:\/\/www.pressenza.com\/de\/2018\/06\/weltfluechtlingstag-europa-waelzt-verantwortung-fuer-den-fluechtlingsschutz-ab\/"]}]},{"@type":"ImageObject","inLanguage":"de","@id":"https:\/\/www.pressenza.com\/de\/2018\/06\/weltfluechtlingstag-europa-waelzt-verantwortung-fuer-den-fluechtlingsschutz-ab\/#primaryimage","url":"https:\/\/www.pressenza.com\/wp-content\/uploads\/2018\/06\/ProAsyl_KevinMcElvaney.jpg","contentUrl":"https:\/\/www.pressenza.com\/wp-content\/uploads\/2018\/06\/ProAsyl_KevinMcElvaney.jpg","width":660,"height":370},{"@type":"BreadcrumbList","@id":"https:\/\/www.pressenza.com\/de\/2018\/06\/weltfluechtlingstag-europa-waelzt-verantwortung-fuer-den-fluechtlingsschutz-ab\/#breadcrumb","itemListElement":[{"@type":"ListItem","position":1,"name":"Accueil","item":"https:\/\/www.pressenza.com\/de\/"},{"@type":"ListItem","position":2,"name":"Weltfl\u00fcchtlingstag: Europa w\u00e4lzt Verantwortung f\u00fcr den Fl\u00fcchtlingsschutz ab"}]},{"@type":"WebSite","@id":"https:\/\/www.pressenza.com\/de\/#website","url":"https:\/\/www.pressenza.com\/de\/","name":"Pressenza","description":"International Press Agency","publisher":{"@id":"https:\/\/www.pressenza.com\/de\/#organization"},"potentialAction":[{"@type":"SearchAction","target":{"@type":"EntryPoint","urlTemplate":"https:\/\/www.pressenza.com\/de\/?s={search_term_string}"},"query-input":{"@type":"PropertyValueSpecification","valueRequired":true,"valueName":"search_term_string"}}],"inLanguage":"de"},{"@type":"Organization","@id":"https:\/\/www.pressenza.com\/de\/#organization","name":"Pressenza","url":"https:\/\/www.pressenza.com\/de\/","logo":{"@type":"ImageObject","inLanguage":"de","@id":"https:\/\/www.pressenza.com\/de\/#\/schema\/logo\/image\/","url":"https:\/\/www.pressenza.com\/wp-content\/uploads\/2022\/10\/pressenza_logo_200x200.jpg","contentUrl":"https:\/\/www.pressenza.com\/wp-content\/uploads\/2022\/10\/pressenza_logo_200x200.jpg","width":200,"height":200,"caption":"Pressenza"},"image":{"@id":"https:\/\/www.pressenza.com\/de\/#\/schema\/logo\/image\/"},"sameAs":["https:\/\/www.facebook.com\/PressenzaItalia","https:\/\/x.com\/PressenzaIPA"]},{"@type":"Person","@id":"https:\/\/www.pressenza.com\/de\/#\/schema\/person\/2a2e2e83a39e4cf3cf67ecb1e0760b14","name":"Pro Asyl","description":"Ist die selbstbestimmte und unabh\u00e4ngige Stimme f\u00fcr die Menschenrechte und den Schutz von Fl\u00fcchtlingen in Deutschland und Europa. Es ist ein Verein dessen Arbeit durch Mitgliedsbeitr\u00e4ge, Spenden und Stiftungszuwendungen finanziert wird.","sameAs":["https:\/\/www.proasyl.de"],"url":"https:\/\/www.pressenza.com\/de\/author\/pro-asyl\/"}]}},"place":"","original_article_url":"https:\/\/www.proasyl.de\/news\/weltfluechtlingstag-europa-waelzt-verantwortung-fuer-den-fluechtlingsschutz-ab\/","_links":{"self":[{"href":"https:\/\/www.pressenza.com\/de\/wp-json\/wp\/v2\/posts\/662449","targetHints":{"allow":["GET"]}}],"collection":[{"href":"https:\/\/www.pressenza.com\/de\/wp-json\/wp\/v2\/posts"}],"about":[{"href":"https:\/\/www.pressenza.com\/de\/wp-json\/wp\/v2\/types\/post"}],"author":[{"embeddable":true,"href":"https:\/\/www.pressenza.com\/de\/wp-json\/wp\/v2\/users\/1411"}],"replies":[{"embeddable":true,"href":"https:\/\/www.pressenza.com\/de\/wp-json\/wp\/v2\/comments?post=662449"}],"version-history":[{"count":0,"href":"https:\/\/www.pressenza.com\/de\/wp-json\/wp\/v2\/posts\/662449\/revisions"}],"wp:featuredmedia":[{"embeddable":true,"href":"https:\/\/www.pressenza.com\/de\/wp-json\/wp\/v2\/media\/662454"}],"wp:attachment":[{"href":"https:\/\/www.pressenza.com\/de\/wp-json\/wp\/v2\/media?parent=662449"}],"wp:term":[{"taxonomy":"category","embeddable":true,"href":"https:\/\/www.pressenza.com\/de\/wp-json\/wp\/v2\/categories?post=662449"},{"taxonomy":"post_tag","embeddable":true,"href":"https:\/\/www.pressenza.com\/de\/wp-json\/wp\/v2\/tags?post=662449"}],"curies":[{"name":"wp","href":"https:\/\/api.w.org\/{rel}","templated":true}]}}