{"id":631371,"date":"2018-04-26T13:54:37","date_gmt":"2018-04-26T12:54:37","guid":{"rendered":"https:\/\/www.pressenza.com\/?p=631371"},"modified":"2018-04-26T13:58:25","modified_gmt":"2018-04-26T12:58:25","slug":"aerzte-ohne-grenzen-verurteilen-juengsten-anschlag-der-saudischen-koalition-auf-hochzeitsfeier-im-jemen","status":"publish","type":"post","link":"https:\/\/www.pressenza.com\/de\/2018\/04\/aerzte-ohne-grenzen-verurteilen-juengsten-anschlag-der-saudischen-koalition-auf-hochzeitsfeier-im-jemen\/","title":{"rendered":"\u00bb\u00c4rzte ohne Grenzen\u00ab verurteilen j\u00fcngsten Anschlag der saudischen Koalition auf Hochzeitsfeier im Jemen"},"content":{"rendered":"<p><strong>Wie aus einer Pressemitteilung vom 25. April 2018 hervorgeht, verurteilt die internationale Hilfsorganisation \u00c4rzte ohne Grenzen, MSF, die Luftattacken auf eine Hochzeitsgesellschaft auf ein abgelegenes Dorf im Distrikt Bani im Jemen. Die Angriffe sollen am vergangenen Sonntagabend gegen 23 Uhr stattgefunden haben. Dabei w\u00e4ren mindestens 20 Menschen get\u00f6tet sowie mehrere verletzt worden. Mit weiteren Todesopfern wird gerechnet. Unter den Opfern sind auch mehrere Kinder.<\/strong><\/p>\n<h4><strong>Gravierende Verletzung des V\u00f6lkerrechts<\/strong><\/h4>\n<p>Wie die Hilfsorganisation weiter mitteilt, h\u00e4tte man im Krankenhaus von Hadscha nach dem Angriff 63 Verwundete behandelt. Nach Angaben von Jo\u00e3o Martins, dem Landeskoordinator von MSF im Jemen w\u00e4ren 13 der Verletzten Kinder, was \u00bbemp\u00f6rend\u00ab sei. \u00bbAngriffe auf Zivilisten sind eine gravierende Verletzung des internationalen V\u00f6lkerrechts. Die Menschen erreichten das Krankenhaus in Festkleidung, die traditionell zu Hochzeiten getragen wird. Niemand war bewaffnet oder kam in Milit\u00e4runiform an\u00ab, zitiert MSF Martins.<\/p>\n<p>Viele h\u00e4tten Gliedma\u00dfen verloren. \u00bbMindestens drei Patienten ben\u00f6tigten eine Amputation, darunter zwei Br\u00fcder, die beide einen Fu\u00df verloren haben. Viele Bewohner von Hadscha kamen ins Krankenhaus, um Blut zu spenden. Innerhalb von zwei Stunden wurde genug f\u00fcr 150 Blutbeutel zur Behandlung der Verletzten gespendet\u00ab, teilt die Hilfsorganisation weiter mit.<\/p>\n<h4><strong>Viel Blut und tote Kinder<\/strong><\/h4>\n<p>\u00bbIch war im Hochzeitszelt, als ich die Luftangriffe h\u00f6rte. Danach bin ich hingefallen und habe das Bewusstsein verloren\u201c, zitiert MSF den 12-j\u00e4hrigen Kamal. \u00bbAls ich aufwachte, sah ich, dass die Menschen aus dem Zelt rannten. Einer meiner Cousins starb bei dem Angriff.\u00ab<\/p>\n<p>Ein weiterer Zeuge soll berichtet haben, dass er das Zelt 20 Minuten vor dem Angriff verlie\u00df. Der Boden sei voller Leichen und Blut gewesen, Kinder h\u00e4tten verzweifelt nach ihren Eltern gesucht. \u00bbUnter den Toten waren auch Kinder. Sie spielten drau\u00dfen, w\u00e4hrend ihre Eltern im Zelt feierten. Dann gab es den Angriff\u00ab. Viele Frauen und Kinder im Ort w\u00e4ren traumatisiert und wissen nicht, was mit ihren Angeh\u00f6rigen passiert ist.<\/p>\n<h4><strong>Serie von Anschl\u00e4gen<\/strong><\/h4>\n<p>Die Angriffe wurden in mehreren Serien von Flugzeugen der von Saudi-Arabien und den Vereinigten Arabischen Emiraten angef\u00fchrten Milit\u00e4rkoalition ausgef\u00fchrt, weshalb Ersthelfer und zwei Krankenwagen, erst versp\u00e4tet eintreffen konnten. Der erste Patient sei gegen Mitternacht im Krankenhaus eingetroffen, so MSF.<\/p>\n<p>Gem\u00e4\u00df Landeskoordinator Martins werden die Regeln des Krieges im Jemen st\u00e4ndig verletzt. Alle Konfliktparteien m\u00fcssten sich \u00bbzum Schutz der Zivilbev\u00f6lkerung verpflichten. Und alle Parteien, die den Konflikt mit dem Verkauf von Waffen anheizen, sollten ihrer Verantwortung gerecht werden und daf\u00fcr sorgen, dass internationales Recht zum Schutz der Zivilbev\u00f6lkerung eingehalten wird.\u00ab<\/p>\n<p>Die Golfmonarchie f\u00fchrt ohne UN-Mandat, aber mit R\u00fcckendeckung des Westens, seit dem Jahr 2015 einen Krieg gegen die vom Iran unterst\u00fctzten Huuthi-Rebellen im Nachbarland Jemen. Die absolute Monarchie ist auch ein enger Verb\u00fcndeter und treuer Kunde des Westens sowie deutscher Waffenkonzerne.<\/p>\n<p><strong>\u00a0<\/strong>Quellen:<\/p>\n<ul>\n<li><a href=\"https:\/\/www.aerzte-ohne-grenzen.de\/jemen-hadscha-luftangriff-zivilisten-kinder\" target=\"_blank\" rel=\"noopener\">Pressemitteilung MSF vom 25.04.2018<\/a><\/li>\n<li><a href=\"https:\/\/www.zeit.de\/gesellschaft\/zeitgeschehen\/2018-04\/jemen-luftangriff-hochzeitsgesellschaft-bani-kais\" target=\"_blank\" rel=\"noopener\">https:\/\/www.zeit.de\/gesellschaft\/zeitgeschehen\/2018-04\/jemen-luftangriff-hochzeitsgesellschaft-bani-kais<\/a><\/li>\n<li><a href=\"https:\/\/deutsch.rt.com\/der-nahe-osten\/68864-saudische-luftschlaege-auf-jemenitische-hochzeit\/\" target=\"_blank\" rel=\"noopener\">https:\/\/deutsch.rt.com\/der-nahe-osten\/68864-saudische-luftschlaege-auf-jemenitische-hochzeit\/<\/a><\/li>\n<\/ul>\n<p>&nbsp;<\/p>\n","protected":false},"excerpt":{"rendered":"<p>Wie aus einer Pressemitteilung vom 25. April 2018 hervorgeht, verurteilt die internationale Hilfsorganisation \u00c4rzte ohne Grenzen, MSF, die Luftattacken auf eine Hochzeitsgesellschaft auf ein abgelegenes Dorf im Distrikt Bani im Jemen. Die Angriffe sollen am vergangenen Sonntagabend gegen 23 Uhr&hellip;<\/p>\n","protected":false},"author":1403,"featured_media":631387,"comment_status":"closed","ping_status":"closed","sticky":false,"template":"","format":"standard","meta":{"footnotes":""},"categories":[9151,11387],"tags":[18496,45551,16958,45550],"class_list":["post-631371","post","type-post","status-publish","format-standard","has-post-thumbnail","hentry","category-mittlerer-osten","category-originalinhalt","tag-aerzte-ohne-grenzen","tag-huuthi-rebellen","tag-jemen","tag-saudische-koalition"],"yoast_head":"<!-- This site is optimized with the Yoast SEO plugin v27.1.1 - https:\/\/yoast.com\/product\/yoast-seo-wordpress\/ -->\n<title>\u00bb\u00c4rzte ohne Grenzen\u00ab verurteilen j\u00fcngsten Anschlag der saudischen Koalition auf Hochzeitsfeier im Jemen<\/title>\n<meta name=\"description\" content=\"Wie aus einer Pressemitteilung vom 25. April 2018 hervorgeht, verurteilt die internationale Hilfsorganisation \u00c4rzte ohne Grenzen, MSF, die Luftattacken\" \/>\n<meta name=\"robots\" content=\"index, follow, max-snippet:-1, max-image-preview:large, max-video-preview:-1\" \/>\n<link rel=\"canonical\" href=\"https:\/\/www.pressenza.com\/de\/2018\/04\/aerzte-ohne-grenzen-verurteilen-juengsten-anschlag-der-saudischen-koalition-auf-hochzeitsfeier-im-jemen\/\" \/>\n<meta property=\"og:locale\" content=\"de_DE\" \/>\n<meta property=\"og:type\" content=\"article\" \/>\n<meta property=\"og:title\" content=\"\u00bb\u00c4rzte ohne Grenzen\u00ab verurteilen j\u00fcngsten Anschlag der saudischen Koalition auf Hochzeitsfeier im Jemen\" \/>\n<meta property=\"og:description\" content=\"Wie aus einer Pressemitteilung vom 25. April 2018 hervorgeht, verurteilt die internationale Hilfsorganisation \u00c4rzte ohne Grenzen, MSF, die Luftattacken\" \/>\n<meta property=\"og:url\" content=\"https:\/\/www.pressenza.com\/de\/2018\/04\/aerzte-ohne-grenzen-verurteilen-juengsten-anschlag-der-saudischen-koalition-auf-hochzeitsfeier-im-jemen\/\" \/>\n<meta property=\"og:site_name\" content=\"Pressenza\" \/>\n<meta property=\"article:publisher\" content=\"https:\/\/www.facebook.com\/PressenzaItalia\" \/>\n<meta property=\"article:published_time\" content=\"2018-04-26T12:54:37+00:00\" \/>\n<meta property=\"article:modified_time\" content=\"2018-04-26T12:58:25+00:00\" \/>\n<meta property=\"og:image\" content=\"https:\/\/www.pressenza.com\/wp-content\/uploads\/2018\/04\/Jemen.jpg\" \/>\n\t<meta property=\"og:image:width\" content=\"750\" \/>\n\t<meta property=\"og:image:height\" content=\"415\" \/>\n\t<meta property=\"og:image:type\" content=\"image\/jpeg\" \/>\n<meta name=\"author\" content=\"Flo Osrainik\" \/>\n<meta name=\"twitter:card\" content=\"summary_large_image\" \/>\n<meta name=\"twitter:creator\" content=\"@PressenzaIPA\" \/>\n<meta name=\"twitter:site\" content=\"@PressenzaIPA\" \/>\n<meta name=\"twitter:label1\" content=\"Verfasst von\" \/>\n\t<meta name=\"twitter:data1\" content=\"Flo Osrainik\" \/>\n\t<meta name=\"twitter:label2\" content=\"Gesch\u00e4tzte Lesezeit\" \/>\n\t<meta name=\"twitter:data2\" content=\"2\u00a0Minuten\" \/>\n<script type=\"application\/ld+json\" class=\"yoast-schema-graph\">{\"@context\":\"https:\/\/schema.org\",\"@graph\":[{\"@type\":\"Article\",\"@id\":\"https:\/\/www.pressenza.com\/de\/2018\/04\/aerzte-ohne-grenzen-verurteilen-juengsten-anschlag-der-saudischen-koalition-auf-hochzeitsfeier-im-jemen\/#article\",\"isPartOf\":{\"@id\":\"https:\/\/www.pressenza.com\/de\/2018\/04\/aerzte-ohne-grenzen-verurteilen-juengsten-anschlag-der-saudischen-koalition-auf-hochzeitsfeier-im-jemen\/\"},\"author\":{\"name\":\"Flo Osrainik\",\"@id\":\"https:\/\/www.pressenza.com\/de\/#\/schema\/person\/6b6b3fc4e3c1cec86c0413f7d1472dc8\"},\"headline\":\"\u00bb\u00c4rzte ohne Grenzen\u00ab verurteilen j\u00fcngsten Anschlag der saudischen Koalition auf Hochzeitsfeier im Jemen\",\"datePublished\":\"2018-04-26T12:54:37+00:00\",\"dateModified\":\"2018-04-26T12:58:25+00:00\",\"mainEntityOfPage\":{\"@id\":\"https:\/\/www.pressenza.com\/de\/2018\/04\/aerzte-ohne-grenzen-verurteilen-juengsten-anschlag-der-saudischen-koalition-auf-hochzeitsfeier-im-jemen\/\"},\"wordCount\":494,\"publisher\":{\"@id\":\"https:\/\/www.pressenza.com\/de\/#organization\"},\"image\":{\"@id\":\"https:\/\/www.pressenza.com\/de\/2018\/04\/aerzte-ohne-grenzen-verurteilen-juengsten-anschlag-der-saudischen-koalition-auf-hochzeitsfeier-im-jemen\/#primaryimage\"},\"thumbnailUrl\":\"https:\/\/www.pressenza.com\/wp-content\/uploads\/2018\/04\/Jemen.jpg\",\"keywords\":[\"\u00c4rzte ohne Grenzen\",\"Huuthi-Rebellen\",\"Jemen\",\"saudische Koalition\"],\"articleSection\":[\"Mittlerer Osten\",\"Originalinhalt\"],\"inLanguage\":\"de\"},{\"@type\":\"WebPage\",\"@id\":\"https:\/\/www.pressenza.com\/de\/2018\/04\/aerzte-ohne-grenzen-verurteilen-juengsten-anschlag-der-saudischen-koalition-auf-hochzeitsfeier-im-jemen\/\",\"url\":\"https:\/\/www.pressenza.com\/de\/2018\/04\/aerzte-ohne-grenzen-verurteilen-juengsten-anschlag-der-saudischen-koalition-auf-hochzeitsfeier-im-jemen\/\",\"name\":\"\u00bb\u00c4rzte ohne Grenzen\u00ab verurteilen j\u00fcngsten Anschlag der saudischen Koalition auf Hochzeitsfeier im Jemen\",\"isPartOf\":{\"@id\":\"https:\/\/www.pressenza.com\/de\/#website\"},\"primaryImageOfPage\":{\"@id\":\"https:\/\/www.pressenza.com\/de\/2018\/04\/aerzte-ohne-grenzen-verurteilen-juengsten-anschlag-der-saudischen-koalition-auf-hochzeitsfeier-im-jemen\/#primaryimage\"},\"image\":{\"@id\":\"https:\/\/www.pressenza.com\/de\/2018\/04\/aerzte-ohne-grenzen-verurteilen-juengsten-anschlag-der-saudischen-koalition-auf-hochzeitsfeier-im-jemen\/#primaryimage\"},\"thumbnailUrl\":\"https:\/\/www.pressenza.com\/wp-content\/uploads\/2018\/04\/Jemen.jpg\",\"datePublished\":\"2018-04-26T12:54:37+00:00\",\"dateModified\":\"2018-04-26T12:58:25+00:00\",\"description\":\"Wie aus einer Pressemitteilung vom 25. April 2018 hervorgeht, verurteilt die internationale Hilfsorganisation \u00c4rzte ohne Grenzen, MSF, die Luftattacken\",\"breadcrumb\":{\"@id\":\"https:\/\/www.pressenza.com\/de\/2018\/04\/aerzte-ohne-grenzen-verurteilen-juengsten-anschlag-der-saudischen-koalition-auf-hochzeitsfeier-im-jemen\/#breadcrumb\"},\"inLanguage\":\"de\",\"potentialAction\":[{\"@type\":\"ReadAction\",\"target\":[\"https:\/\/www.pressenza.com\/de\/2018\/04\/aerzte-ohne-grenzen-verurteilen-juengsten-anschlag-der-saudischen-koalition-auf-hochzeitsfeier-im-jemen\/\"]}]},{\"@type\":\"ImageObject\",\"inLanguage\":\"de\",\"@id\":\"https:\/\/www.pressenza.com\/de\/2018\/04\/aerzte-ohne-grenzen-verurteilen-juengsten-anschlag-der-saudischen-koalition-auf-hochzeitsfeier-im-jemen\/#primaryimage\",\"url\":\"https:\/\/www.pressenza.com\/wp-content\/uploads\/2018\/04\/Jemen.jpg\",\"contentUrl\":\"https:\/\/www.pressenza.com\/wp-content\/uploads\/2018\/04\/Jemen.jpg\",\"width\":750,\"height\":415},{\"@type\":\"BreadcrumbList\",\"@id\":\"https:\/\/www.pressenza.com\/de\/2018\/04\/aerzte-ohne-grenzen-verurteilen-juengsten-anschlag-der-saudischen-koalition-auf-hochzeitsfeier-im-jemen\/#breadcrumb\",\"itemListElement\":[{\"@type\":\"ListItem\",\"position\":1,\"name\":\"Accueil\",\"item\":\"https:\/\/www.pressenza.com\/de\/\"},{\"@type\":\"ListItem\",\"position\":2,\"name\":\"\u00bb\u00c4rzte ohne Grenzen\u00ab verurteilen j\u00fcngsten Anschlag der saudischen Koalition auf Hochzeitsfeier im Jemen\"}]},{\"@type\":\"WebSite\",\"@id\":\"https:\/\/www.pressenza.com\/de\/#website\",\"url\":\"https:\/\/www.pressenza.com\/de\/\",\"name\":\"Pressenza\",\"description\":\"International Press Agency\",\"publisher\":{\"@id\":\"https:\/\/www.pressenza.com\/de\/#organization\"},\"potentialAction\":[{\"@type\":\"SearchAction\",\"target\":{\"@type\":\"EntryPoint\",\"urlTemplate\":\"https:\/\/www.pressenza.com\/de\/?s={search_term_string}\"},\"query-input\":{\"@type\":\"PropertyValueSpecification\",\"valueRequired\":true,\"valueName\":\"search_term_string\"}}],\"inLanguage\":\"de\"},{\"@type\":\"Organization\",\"@id\":\"https:\/\/www.pressenza.com\/de\/#organization\",\"name\":\"Pressenza\",\"url\":\"https:\/\/www.pressenza.com\/de\/\",\"logo\":{\"@type\":\"ImageObject\",\"inLanguage\":\"de\",\"@id\":\"https:\/\/www.pressenza.com\/de\/#\/schema\/logo\/image\/\",\"url\":\"https:\/\/www.pressenza.com\/wp-content\/uploads\/2022\/10\/pressenza_logo_200x200.jpg\",\"contentUrl\":\"https:\/\/www.pressenza.com\/wp-content\/uploads\/2022\/10\/pressenza_logo_200x200.jpg\",\"width\":200,\"height\":200,\"caption\":\"Pressenza\"},\"image\":{\"@id\":\"https:\/\/www.pressenza.com\/de\/#\/schema\/logo\/image\/\"},\"sameAs\":[\"https:\/\/www.facebook.com\/PressenzaItalia\",\"https:\/\/x.com\/PressenzaIPA\"]},{\"@type\":\"Person\",\"@id\":\"https:\/\/www.pressenza.com\/de\/#\/schema\/person\/6b6b3fc4e3c1cec86c0413f7d1472dc8\",\"name\":\"Flo Osrainik\",\"description\":\"Der in M\u00fcnchen geborene und aufgewachsene Deutsch-\u00d6sterreicher ist Redakteur und freier Journalist. Er wohnt, lebt und arbeitet in M\u00fcnchen und Istanbul. Seine Themen sind Gesellschaft &amp; Globales. Er hat unter anderem Beitr\u00e4ge f\u00fcr RT Deutsch, junge Welt, Telepolis, amerika21 und das Weblog NEOPresse verfasst. Au\u00dferdem ist er ehrenamtlicher Redakteur bei acTVism Munich und Mitglied bei Freischreiber.\",\"url\":\"https:\/\/www.pressenza.com\/de\/author\/flo-osrainik\/\"}]}<\/script>\n<!-- \/ Yoast SEO plugin. -->","yoast_head_json":{"title":"\u00bb\u00c4rzte ohne Grenzen\u00ab verurteilen j\u00fcngsten Anschlag der saudischen Koalition auf Hochzeitsfeier im Jemen","description":"Wie aus einer Pressemitteilung vom 25. April 2018 hervorgeht, verurteilt die internationale Hilfsorganisation \u00c4rzte ohne Grenzen, MSF, die Luftattacken","robots":{"index":"index","follow":"follow","max-snippet":"max-snippet:-1","max-image-preview":"max-image-preview:large","max-video-preview":"max-video-preview:-1"},"canonical":"https:\/\/www.pressenza.com\/de\/2018\/04\/aerzte-ohne-grenzen-verurteilen-juengsten-anschlag-der-saudischen-koalition-auf-hochzeitsfeier-im-jemen\/","og_locale":"de_DE","og_type":"article","og_title":"\u00bb\u00c4rzte ohne Grenzen\u00ab verurteilen j\u00fcngsten Anschlag der saudischen Koalition auf Hochzeitsfeier im Jemen","og_description":"Wie aus einer Pressemitteilung vom 25. April 2018 hervorgeht, verurteilt die internationale Hilfsorganisation \u00c4rzte ohne Grenzen, MSF, die Luftattacken","og_url":"https:\/\/www.pressenza.com\/de\/2018\/04\/aerzte-ohne-grenzen-verurteilen-juengsten-anschlag-der-saudischen-koalition-auf-hochzeitsfeier-im-jemen\/","og_site_name":"Pressenza","article_publisher":"https:\/\/www.facebook.com\/PressenzaItalia","article_published_time":"2018-04-26T12:54:37+00:00","article_modified_time":"2018-04-26T12:58:25+00:00","og_image":[{"width":750,"height":415,"url":"https:\/\/www.pressenza.com\/wp-content\/uploads\/2018\/04\/Jemen.jpg","type":"image\/jpeg"}],"author":"Flo Osrainik","twitter_card":"summary_large_image","twitter_creator":"@PressenzaIPA","twitter_site":"@PressenzaIPA","twitter_misc":{"Verfasst von":"Flo Osrainik","Gesch\u00e4tzte Lesezeit":"2\u00a0Minuten"},"schema":{"@context":"https:\/\/schema.org","@graph":[{"@type":"Article","@id":"https:\/\/www.pressenza.com\/de\/2018\/04\/aerzte-ohne-grenzen-verurteilen-juengsten-anschlag-der-saudischen-koalition-auf-hochzeitsfeier-im-jemen\/#article","isPartOf":{"@id":"https:\/\/www.pressenza.com\/de\/2018\/04\/aerzte-ohne-grenzen-verurteilen-juengsten-anschlag-der-saudischen-koalition-auf-hochzeitsfeier-im-jemen\/"},"author":{"name":"Flo Osrainik","@id":"https:\/\/www.pressenza.com\/de\/#\/schema\/person\/6b6b3fc4e3c1cec86c0413f7d1472dc8"},"headline":"\u00bb\u00c4rzte ohne Grenzen\u00ab verurteilen j\u00fcngsten Anschlag der saudischen Koalition auf Hochzeitsfeier im Jemen","datePublished":"2018-04-26T12:54:37+00:00","dateModified":"2018-04-26T12:58:25+00:00","mainEntityOfPage":{"@id":"https:\/\/www.pressenza.com\/de\/2018\/04\/aerzte-ohne-grenzen-verurteilen-juengsten-anschlag-der-saudischen-koalition-auf-hochzeitsfeier-im-jemen\/"},"wordCount":494,"publisher":{"@id":"https:\/\/www.pressenza.com\/de\/#organization"},"image":{"@id":"https:\/\/www.pressenza.com\/de\/2018\/04\/aerzte-ohne-grenzen-verurteilen-juengsten-anschlag-der-saudischen-koalition-auf-hochzeitsfeier-im-jemen\/#primaryimage"},"thumbnailUrl":"https:\/\/www.pressenza.com\/wp-content\/uploads\/2018\/04\/Jemen.jpg","keywords":["\u00c4rzte ohne Grenzen","Huuthi-Rebellen","Jemen","saudische Koalition"],"articleSection":["Mittlerer Osten","Originalinhalt"],"inLanguage":"de"},{"@type":"WebPage","@id":"https:\/\/www.pressenza.com\/de\/2018\/04\/aerzte-ohne-grenzen-verurteilen-juengsten-anschlag-der-saudischen-koalition-auf-hochzeitsfeier-im-jemen\/","url":"https:\/\/www.pressenza.com\/de\/2018\/04\/aerzte-ohne-grenzen-verurteilen-juengsten-anschlag-der-saudischen-koalition-auf-hochzeitsfeier-im-jemen\/","name":"\u00bb\u00c4rzte ohne Grenzen\u00ab verurteilen j\u00fcngsten Anschlag der saudischen Koalition auf Hochzeitsfeier im Jemen","isPartOf":{"@id":"https:\/\/www.pressenza.com\/de\/#website"},"primaryImageOfPage":{"@id":"https:\/\/www.pressenza.com\/de\/2018\/04\/aerzte-ohne-grenzen-verurteilen-juengsten-anschlag-der-saudischen-koalition-auf-hochzeitsfeier-im-jemen\/#primaryimage"},"image":{"@id":"https:\/\/www.pressenza.com\/de\/2018\/04\/aerzte-ohne-grenzen-verurteilen-juengsten-anschlag-der-saudischen-koalition-auf-hochzeitsfeier-im-jemen\/#primaryimage"},"thumbnailUrl":"https:\/\/www.pressenza.com\/wp-content\/uploads\/2018\/04\/Jemen.jpg","datePublished":"2018-04-26T12:54:37+00:00","dateModified":"2018-04-26T12:58:25+00:00","description":"Wie aus einer Pressemitteilung vom 25. April 2018 hervorgeht, verurteilt die internationale Hilfsorganisation \u00c4rzte ohne Grenzen, MSF, die Luftattacken","breadcrumb":{"@id":"https:\/\/www.pressenza.com\/de\/2018\/04\/aerzte-ohne-grenzen-verurteilen-juengsten-anschlag-der-saudischen-koalition-auf-hochzeitsfeier-im-jemen\/#breadcrumb"},"inLanguage":"de","potentialAction":[{"@type":"ReadAction","target":["https:\/\/www.pressenza.com\/de\/2018\/04\/aerzte-ohne-grenzen-verurteilen-juengsten-anschlag-der-saudischen-koalition-auf-hochzeitsfeier-im-jemen\/"]}]},{"@type":"ImageObject","inLanguage":"de","@id":"https:\/\/www.pressenza.com\/de\/2018\/04\/aerzte-ohne-grenzen-verurteilen-juengsten-anschlag-der-saudischen-koalition-auf-hochzeitsfeier-im-jemen\/#primaryimage","url":"https:\/\/www.pressenza.com\/wp-content\/uploads\/2018\/04\/Jemen.jpg","contentUrl":"https:\/\/www.pressenza.com\/wp-content\/uploads\/2018\/04\/Jemen.jpg","width":750,"height":415},{"@type":"BreadcrumbList","@id":"https:\/\/www.pressenza.com\/de\/2018\/04\/aerzte-ohne-grenzen-verurteilen-juengsten-anschlag-der-saudischen-koalition-auf-hochzeitsfeier-im-jemen\/#breadcrumb","itemListElement":[{"@type":"ListItem","position":1,"name":"Accueil","item":"https:\/\/www.pressenza.com\/de\/"},{"@type":"ListItem","position":2,"name":"\u00bb\u00c4rzte ohne Grenzen\u00ab verurteilen j\u00fcngsten Anschlag der saudischen Koalition auf Hochzeitsfeier im Jemen"}]},{"@type":"WebSite","@id":"https:\/\/www.pressenza.com\/de\/#website","url":"https:\/\/www.pressenza.com\/de\/","name":"Pressenza","description":"International Press Agency","publisher":{"@id":"https:\/\/www.pressenza.com\/de\/#organization"},"potentialAction":[{"@type":"SearchAction","target":{"@type":"EntryPoint","urlTemplate":"https:\/\/www.pressenza.com\/de\/?s={search_term_string}"},"query-input":{"@type":"PropertyValueSpecification","valueRequired":true,"valueName":"search_term_string"}}],"inLanguage":"de"},{"@type":"Organization","@id":"https:\/\/www.pressenza.com\/de\/#organization","name":"Pressenza","url":"https:\/\/www.pressenza.com\/de\/","logo":{"@type":"ImageObject","inLanguage":"de","@id":"https:\/\/www.pressenza.com\/de\/#\/schema\/logo\/image\/","url":"https:\/\/www.pressenza.com\/wp-content\/uploads\/2022\/10\/pressenza_logo_200x200.jpg","contentUrl":"https:\/\/www.pressenza.com\/wp-content\/uploads\/2022\/10\/pressenza_logo_200x200.jpg","width":200,"height":200,"caption":"Pressenza"},"image":{"@id":"https:\/\/www.pressenza.com\/de\/#\/schema\/logo\/image\/"},"sameAs":["https:\/\/www.facebook.com\/PressenzaItalia","https:\/\/x.com\/PressenzaIPA"]},{"@type":"Person","@id":"https:\/\/www.pressenza.com\/de\/#\/schema\/person\/6b6b3fc4e3c1cec86c0413f7d1472dc8","name":"Flo Osrainik","description":"Der in M\u00fcnchen geborene und aufgewachsene Deutsch-\u00d6sterreicher ist Redakteur und freier Journalist. Er wohnt, lebt und arbeitet in M\u00fcnchen und Istanbul. Seine Themen sind Gesellschaft &amp; Globales. Er hat unter anderem Beitr\u00e4ge f\u00fcr RT Deutsch, junge Welt, Telepolis, amerika21 und das Weblog NEOPresse verfasst. Au\u00dferdem ist er ehrenamtlicher Redakteur bei acTVism Munich und Mitglied bei Freischreiber.","url":"https:\/\/www.pressenza.com\/de\/author\/flo-osrainik\/"}]}},"place":"M\u00fcnchen","original_article_url":"","_links":{"self":[{"href":"https:\/\/www.pressenza.com\/de\/wp-json\/wp\/v2\/posts\/631371","targetHints":{"allow":["GET"]}}],"collection":[{"href":"https:\/\/www.pressenza.com\/de\/wp-json\/wp\/v2\/posts"}],"about":[{"href":"https:\/\/www.pressenza.com\/de\/wp-json\/wp\/v2\/types\/post"}],"author":[{"embeddable":true,"href":"https:\/\/www.pressenza.com\/de\/wp-json\/wp\/v2\/users\/1403"}],"replies":[{"embeddable":true,"href":"https:\/\/www.pressenza.com\/de\/wp-json\/wp\/v2\/comments?post=631371"}],"version-history":[{"count":0,"href":"https:\/\/www.pressenza.com\/de\/wp-json\/wp\/v2\/posts\/631371\/revisions"}],"wp:featuredmedia":[{"embeddable":true,"href":"https:\/\/www.pressenza.com\/de\/wp-json\/wp\/v2\/media\/631387"}],"wp:attachment":[{"href":"https:\/\/www.pressenza.com\/de\/wp-json\/wp\/v2\/media?parent=631371"}],"wp:term":[{"taxonomy":"category","embeddable":true,"href":"https:\/\/www.pressenza.com\/de\/wp-json\/wp\/v2\/categories?post=631371"},{"taxonomy":"post_tag","embeddable":true,"href":"https:\/\/www.pressenza.com\/de\/wp-json\/wp\/v2\/tags?post=631371"}],"curies":[{"name":"wp","href":"https:\/\/api.w.org\/{rel}","templated":true}]}}