{"id":628916,"date":"2018-04-21T18:41:05","date_gmt":"2018-04-21T17:41:05","guid":{"rendered":"https:\/\/www.pressenza.com\/?p=628916"},"modified":"2018-04-21T18:41:05","modified_gmt":"2018-04-21T17:41:05","slug":"raul-alarcon-abgeordneter-der-republik-chile-ich-habe-nicht-gewonnen-der-abgeordnete-ist-florcita-motuda","status":"publish","type":"post","link":"https:\/\/www.pressenza.com\/de\/2018\/04\/raul-alarcon-abgeordneter-der-republik-chile-ich-habe-nicht-gewonnen-der-abgeordnete-ist-florcita-motuda\/","title":{"rendered":"Ra\u00fal Alarc\u00f3n, Abgeordneter der Republik Chile: &#8222;Ich habe nicht gewonnen, der Abgeordnete ist Florcita Motuda&#8220;"},"content":{"rendered":"<p><strong>Ra\u00fal Alarc\u00f3n Rojas, besser bekannt als Florcita Motuda, ist ein chilenischer Musiker und Politiker, bekannt f\u00fcr seine experimentelle und extravagante Arbeit und seinen \u00f6ffentlichen Einsatz f\u00fcr das \u201eNein\u201c im Plebiszit von 1988 gegen die Pinochet-Diktatur, welches schlussendlich den Demokratisierungsprozess in Chile einleitete. F\u00fcr die deutschsprachige Leserschaft von Pressenza haben wir den Artikel von Francisco Parra, erschienen am 23.03.2018 in <a href=\"http:\/\/www.eldesconcierto.cl\/2018\/03\/23\/raul-alarcon-diputado-de-la-republica-yo-no-gane-el-diputado-es-el-florcita-motuda\/\">eldesconcierto.cl<\/a>, \u00fcbersetzt.<\/strong><\/p>\n<blockquote><p>Gekleidet wie f\u00fcr eines seiner Konzerte, nimmt er mit seiner Unterschrift das Amt als Abgeordneter an. Innerhalb von zwei Wochen kennen ihn bereits alle seine Kollegen. An einem Ort, wo niemand geh\u00f6rt zu werden scheint, ist der Mann mit den Antennen und der wei\u00dfen Robe derjenige, der am meisten daran interessiert ist zu verstehen, was die anderen sagen. Und selbst er ist \u00fcberrascht: Er ist gerne Abgeordneter.<\/p><\/blockquote>\n<p>Er steht auf, er setzt sich. Er hebt seine Hand, dann senkt er sie. Es steht auf. Er n\u00e4hert sich einem Abgeordneten, einem anderen, einer dritten und wieder einem anderen. Er sagt ihm, er solle n\u00e4her zum Mikrofon sprechen, damit alle es h\u00f6ren k\u00f6nnen. Die Fernsehkamera erwischt ihn pl\u00f6tzlich, wie er dem Parlamentarier, der das Wort hat, den R\u00fccken kehrt.<\/p>\n<p>In der Abgeordnetenkammer sind mehr als die H\u00e4lfte der Sitze leer, w\u00e4hrend Ma\u00dfnahmen zur Kontrolle von Aggressoren im Zusammenhang mit h\u00e4uslicher Gewalt diskutiert werden. Viele der Anwesenden reden miteinander. Das Gemurmel ist zu h\u00f6ren und dazwischen ist Florcita. Er bewegt sich von einer Seite zur anderen, um sich dem zu n\u00e4hern, der gerade spricht. Er schaut gerne Menschen ins Gesicht, um sie zu verstehen.<\/p>\n<p>Ra\u00fal Alarc\u00f3n wurde vor 72 Jahren in Curic\u00f3 als Sohn eines Polizisten und einer Lehrerin geboren.<\/p>\n<p>&#8222;Florcita Motuda&#8220; wurde vor 41 Jahren geboren und ist &#8222;Sohn von Violeta Parra und Jimi Hendrix&#8220;.<\/p>\n<h3><strong>Gl\u00fccklich<\/strong><\/h3>\n<p>\u00dcberraschenderweise ist Florcita Motuda gl\u00fccklich in seiner Funktion als Abgeordneter.<\/p>\n<p>&#8222;Es \u00fcberrascht mich, wie gl\u00fccklich ich bin! Aufstehen um 6 Uhr morgens! Eigentlich habe jetzt angefangen, richtig zu arbeiten, weil Musik zu machen f\u00fcr mich nie Arbeit war. Sogar mein K\u00f6rper f\u00fchlt sich besser an, weil ich gl\u00fccklich bin.&#8220;<\/p>\n<p>Vor seinem Amtsantritt, machte er sich Sorgen dar\u00fcber, wie er es vermeiden sollte w\u00e4hrend den Sitzungen einzuschlafen und dass man keine Aufnahmen von ihm mache, wie er w\u00e4hrend einer Sitzung ein Nickerchen h\u00e4lt. Aber das ist nicht passiert auch wenn seine Arbeitstage oft sehr hektisch sind. Um 6 Uhr morgens steht er auf, nimmt den Bus, steigt um in die U-Bahn und erreicht die Station Pajaritos, um dann nach Valpara\u00edso weiter zu fahren. Um 18.00 Uhr, wenn es keine Treffen gibt, R\u00fcckfahrt nach Santiago de Chile.<\/p>\n<p>&#8222;Sagen wir einfach, ich habe eine bemerkenswerte Klarheit. F\u00fcr mich ist das erstaunlich&#8220;, sagt er im Bus auf dem R\u00fcckweg in die Hauptstadt. Ra\u00fal ist in &#8222;zivil\u201c gekleidet und so werde er nicht so oft erkannt, weil er &#8222;nur ein weiterer alter Mann&#8220; sei. Auf dem Weg fragen ihn ein paar Leute nach einem Selfie, andere gr\u00fc\u00dfen ihn, ermutigen ihn, eine Person bietet an, seine Gitarre herauszunehmen, um zusammen mit ihm zu spielen und ein Wasserverk\u00e4ufer m\u00f6chte den Moment festhalten, in dem er ihm eine Flasche verkauft hat. Florcita Motuda ist im kollektiven Unbewussten.<\/p>\n<p>Wenn er nicht in &#8222;zivil&#8220; unterwegs ist, tr\u00e4gt Florcita &#8222;Gala&#8220; mit Antennen, Umhang und das unverwechselbare T-Shirt mit seinem Namen. Diesen Namen, mit dem er in den 70er Jahren Begeisterung hervorrief und den Kampf gegen die Pinochet-Diktatur mit dem &#8222;Walzer f\u00fcr das Nein\u201c musikalisch verk\u00f6rperte.<\/p>\n<p>So war er angezogen an jenem Tag, an dem er als Abgeordneter der Republik sein Amt annahm. Seine erste Intervention in der Kammer bestand darin, die Bitte vorzubringen, den Ton zu verbessern. Er war vom L\u00e4rm seiner Kollegen und Kolleginnen gest\u00f6rt und wollte die Redebeitr\u00e4ge besser h\u00f6ren. Er bat um das Wort und bat die Tontechniker, die H\u00f6hen anzuheben und den Bass zu senken.<\/p>\n<p>Seine Intervention rief im Plenarsaal Beifall aus und wurde von sozialen Netzwerken viralisiert. Jetzt ist der Ton im Saal tats\u00e4chlich besser geworden, mehrere Abgeordnete best\u00e4tigen das. &#8222;Man kennt sich eben in solchen Dingen aus. Die Tontechniker entzerren die Stimme, damit sie sch\u00f6n klingt, wenn man aber die H\u00f6hen anhebt, klingt es zwar nicht sch\u00f6n, aber die Stimme wird verst\u00e4ndlicher. Das war der Schl\u00fcssel&#8220;, erkl\u00e4rt er.<\/p>\n<p>F\u00fcr Florcita Motuda ist es keine Kleinigkeit, den Klang zu verbessern. &#8222;Wenn ich nicht verstehe, verspanne ich mich, dann werde ich wegen jeder Kleinigkeit w\u00fctend.&#8220; Man muss alle M\u00f6glichkeiten ausschlie\u00dfen, dass man angespannt oder w\u00fctend wird, weil es einen daran hindert, das wahrzunehmen, wor\u00fcber der andere spricht&#8220;, sagt er.<\/p>\n<p>Sein Bankkollege Renato Garin, Abgeordneter der Demokratischen Revolution, kommentiert: &#8222;er hat einen anderen Rhythmus, eine andere Art zu funktionieren&#8220;.<\/p>\n<p>Gar\u00edn ist genau das Gegenteil von &#8222;Flor&#8220;. Er ist perfekt gekleidet und flei\u00dfig, er h\u00f6rt nicht auf, sich w\u00e4hrend der Sitzung Notizen zu machen. Er wurde von der Parlamentsfraktion von Frente Amplio ernannt, dem Volksvertreter Motuda &#8222;unter die Arme zu greifen&#8220;. &#8222;Meine t\u00e4gliche Arbeit besteht darin, ihn hinzusetzen, damit die Computer-Kamera ihn erkennt und ihn als anwesend z\u00e4hlt. Ich bin eine Art Tutor: jedes Mal, wenn ich ihn zur Ordnung rufe, schreie ich ihn an: \u201eRa\u00fal!&#8220; sagt er lachend.<\/p>\n<p>Beide sind Freunde geworden und treffen sich auch au\u00dferhalb des Parlaments.<\/p>\n<p>Auf der anderen Seite sitzt Diego Ib\u00e1\u00f1ez, von der Autonomen Bewegung. &#8222;Er hebt unsere Stimmung in jeder Sitzung. Er repr\u00e4sentiert mit seinem Alter jene kulturelle Rebellion von fr\u00fcher. Viele Jahre lang war der Kongress nicht repr\u00e4sentativ, und Florcita \u00fcberwindet symbolisch den Ausschluss, der w\u00e4hrend des \u00dcbergangs statt fand&#8220;, sagt er.<\/p>\n<p>Flor Motuda genie\u00dft die Zeit mit seinen neuen Kollegen: &#8222;Ich f\u00fchle mich privilegiert, mit ihnen zusammen zu sein, ein 72-j\u00e4hriger Mann wie ich. Ich bin wie der Gro\u00dfvater von allen. Mit dem Garin lachen wir uns immer kaputt. Die Pamela, der Crispi, der Diego, der Gonzalo Winter sind alle sehr warmherzige Menschen. Ich sage ihnen nur, dass sie keine alten Kerle sein sollen, weil man die F\u00e4higkeit verlieren kann, wie junge Leute zu reden. Manchmal benehmen sie sich wie das alte Modell des Politikers, der laut und hart spricht und so geht &#8217;s nicht, so verlieren sie die Eigenschaften der Jugend.&#8220;<\/p>\n<p>\u201cWenn sie sich so benehmen, nehme ich sie sofort auf dem Arm&#8220;, f\u00fcgt er hinzu.<\/p>\n<p><a href=\"https:\/\/www.pressenza.com\/wp-content\/uploads\/2018\/03\/flor-sala1.jpg\"><img loading=\"lazy\" decoding=\"async\" class=\"aligncenter wp-image-616077\" src=\"https:\/\/www.pressenza.com\/wp-content\/uploads\/2018\/03\/flor-sala1.jpg\" alt=\"\" width=\"779\" height=\"520\" srcset=\"https:\/\/www.pressenza.com\/wp-content\/uploads\/2018\/03\/flor-sala1.jpg 640w, https:\/\/www.pressenza.com\/wp-content\/uploads\/2018\/03\/flor-sala1-300x200.jpg 300w\" sizes=\"auto, (max-width: 779px) 100vw, 779px\" \/><\/a><\/p>\n<h3><strong>Ohne Streit<\/strong><\/h3>\n<p>\u201eIch wei\u00df nicht mehr wie oft ich mich in meinem Leben gestritten habe, aber danach habe ich erkannt, dass es immer einen minimalen gemeinsamen Nenner in der Beziehung mit anderen gibt, und hier erscheint dieser kleinste gemeinsame Nenner: alle Leute schaue ich vom aus Herzen an, alle, ich f\u00fchle mich jedem nahe, wer auch immer es ist. Den Unterschied mache ich bei den Ideen, im Kopf, aber mein Herz wird nicht kleiner oder verworrener deshalb, es ist immer noch an der gleichen Stelle\u201c, sagt Motuda.<\/p>\n<p><em><strong>Was passiert dir, wenn du Abgeordnete von der UDI<\/strong><a href=\"#_ftn1\" name=\"_ftnref1\"><strong>[1]<\/strong><\/a><strong> sprechen h\u00f6rst?<\/strong><\/em><\/p>\n<p>Interessanterweise habe ich \u00dcbereinstimmungen gefunden und Gesetze wurden einstimmig verabschiedet, wei\u00dft du? Dann nat\u00fcrlich gibt es die Themen, wo sich jeder in seinen Sch\u00fctzengraben zur\u00fcckzieht, verstehst du? Wo sich jeder rechts oder links platziert. F\u00fcr mich haben diese Begriffe und Bezeichnungen nicht die Breite, um diesem historischen Moment gerecht zu werden. Wir m\u00fcssen nach anderen Begriffen suchen, um Menschen zu qualifizieren, wie gute Menschen und andere, die irgendwann einmal gut sein werden.<\/p>\n<p><em><strong>Es ist nicht einfach, sich mit dir zu streiten, Abgeordneter.<\/strong><\/em><\/p>\n<p>Wenn man alt wird, versteht man, dass Menschen ein Recht auf ihre Ansichten haben und das ist leichter, wenn du dich den anderen nahe f\u00fchlst. Nat\u00fcrlich, wenn sie sich in die Gr\u00e4ben legen, das hei\u00dft, hier die Rechte, dort die Linke usw., dann haben sie kein Interesse, sich gegenseitig zuzuh\u00f6ren. Das st\u00f6rt mich, weil mir das Rechts-Links-Konzept nicht die n\u00f6tige Breite gibt.<\/p>\n<p><em><strong>Welche Anliegen wirst du im Kongress vortragen?<\/strong><\/em><\/p>\n<p>Es bewegt mich, dass die Stra\u00dfenmusikanten festgenommen werden. Manchmal konfiszieren die Ordnungskr\u00e4fte ihre Instrumente oder sie zerst\u00f6ren sie. Dieses Thema ber\u00fchrt sogar die Polizisten, die sie festnehmen, denn f\u00fcr niemand ist es angenehm, einen Musiker festzunehmen, der versucht, ein paar M\u00fcnzen auf der Stra\u00dfe zu verdienen. Im Kulturausschuss werde ich mich f\u00fcr diese Sache engagieren.<\/p>\n<p><em><strong>Bei den Sport- und Kulturaussch\u00fcssen, in denen du Mitglied bist, geht es entspannter zu als in anderen. <\/strong><\/em><\/p>\n<p>Kein Streit! Nicht so wie bei den Menschenrechten oder Finanzen. Ich bevorzuge Sport und Kultur, weil sie mit dem Geist zu tun haben. H\u00e4ufig besch\u00e4ftigt sich die Politik mit der Wirtschaft und nur mit der Wirtschaft. Das ist das Materielle. Aber der Mensch hat materielle und geistige Bed\u00fcrfnisse, in denen Kunst, Wissenschaft, d. h. Sache, die eine Empfindung in der Brust erzeugen und man sich mich sich selbst verbindet. Es ist nicht alles Wirtschaft. Aus dieser Perspektive m\u00f6chte ich diese spirituellen Bed\u00fcrfnisse im Kongress zum Thema werden lassen.<\/p>\n<h3><strong>Humanismus<\/strong><\/h3>\n<p>Florcita Motuda ist einer der Gr\u00fcnder der Humanistischen Partei. Er versuchte es viermal, bevor er Abgeordneter wurde. Beim f\u00fcnften Versuch hat es geklappt.<\/p>\n<p>Er sagt, dass er als Lebensphilosophie die klassische Methodologie der These-Antithese-Synthese ablehnt. Das f\u00fchrt nur dazu, sich zu widersetzen, zu streiten, nicht die Ansicht mit dem anderen zu teilen. Das gef\u00e4llt ihm nicht.<\/p>\n<p>\u201eWir Humanisten sagen: Differenzierung, Erg\u00e4nzung und Synthese. Da steckt eine andere Intentionalit\u00e4t dahinter, n\u00e4mlich verstehen zu wollen, und sich nicht gleich zu widersetzen ohne zuzuh\u00f6ren, was der andere sagt\u201c, erkl\u00e4rt er.<\/p>\n<p>Einmal sagte man ihm, er solle seine \u201eGala\u201c zu Hause lassen, denn er sei Ra\u00fal Alarc\u00f3n, der Abgeordnete. \u201eSpinnst du?\u201c, sagte ich. Wenn du bei der chilenischen Wahlbeh\u00f6rde nachfragst, wirst du feststellen, dass ich null Spenden erhalten und ich nichts ausgegeben habe. Meine Investition war Florcita Motuda. Nicht Ra\u00fal hat gewonnen, sondern der Abgeordnete Florcita Motuda. Die Leute kennen mich so, deshalb bin ich in meiner \u201eGalakleidung\u201c gekommen. Wenn es in einem angespannten Moment gebraucht wird, trage ich diese Kleidung. Wenn es hart auf hart kommt, ziehe ich meine Uniform an.&#8220;<\/p>\n<p>In dieser Woche l\u00f6ste deine Erkl\u00e4rungen zur Unterst\u00fctzung von Boliviens Anspruch einen eigenen Zugang zum Meer zu erhalten, Kontroversen mitten in einer versch\u00e4rften nationalistischen Rhetorik aus. Er wusste es nicht. \u201eSchau dir die zahlreichen WhatsApp-Mitteilungen auf dem Handy an. Die meisten sind Interviewanfragen, sowohl aus Chile als auch aus Bolivien.\u201c Er lacht, als er sieht, dass eine Nachricht von ihm \u00fcber B\u00edo B\u00edo<a href=\"#_ftn2\" name=\"_ftnref2\">[2]<\/a> in Facebook mehr als 30\u2018000 Mal geteilt wurde. Am n\u00e4chsten Tag versucht die Morgensendung &#8222;Willkommen&#8220; im Rundfunk ihn zu \u00fcberrumpeln, in dem die Diskussionsteilnehmer in Frage stellten, wie ein chilenischer Abgeordneter Boliviens Anspruch unterst\u00fctzen kann. &#8222;Ich liebe dieses Land, ich liebe seine Folklore, seine Leute. Der Rechtstreit \u00fcber dieses Problem schadet uns allen. Was passiert ist, dass Chile Bizeps zeigen und m\u00e4chtig erscheinen will. Die Sachen sind aber nicht so, wir m\u00fcssen uns der Situation stellen. Stellen Sie sich vor, wir w\u00e4ren diejenigen, die dort leben und uns w\u00fcrde ein wichtiger Teil des Territoriums weggenommen.&#8220;, sagt er.<\/p>\n<p>Dann f\u00fcgt er hinzu: &#8222;Es gibt etwas sehr Auff\u00e4lliges, n\u00e4mlich, dass ich mit meinem inneren Kind kommuniziere. Kinder tun nie, was sie nicht wollen. Und ich bin wie ein kleiner Junge. Ich hatte fr\u00fcher Angst, aber ich musste nichts tun, weil mein inneres Kind, das nichts tut, was ihm nicht gef\u00e4llt, sich als Abgeordneter am\u00fcsiert.&#8220;<\/p>\n<p><a href=\"https:\/\/www.pressenza.com\/wp-content\/uploads\/2018\/03\/A_UNO_913851_3db68.jpg\"><img loading=\"lazy\" decoding=\"async\" class=\"\" src=\"https:\/\/www.pressenza.com\/wp-content\/uploads\/2018\/03\/A_UNO_913851_3db68.jpg\" alt=\"\" width=\"836\" height=\"521\" \/><\/a><\/p>\n<p><em>\u00dcbersetzung aus dem Spanischen von Gustavo Joaquin, \u00fcberarbeitet von Reto Thumiger<\/em><\/p>\n<hr \/>\n<p><a href=\"#_ftnref1\" name=\"_ftn1\">[1]<\/a> <em>Union Democr\u00e1tica Independiente, eine der zwei rechten Parteien, die im chilenischen Parlament vertreten sind (Anm. des \u00dc.)<\/em><\/p>\n<p><a href=\"#_ftnref2\" name=\"_ftn2\">[2]<\/a> <em>Die <a href=\"https:\/\/de.wikipedia.org\/wiki\/Regi%C3%B3n_del_B%C3%ADo-B%C3%ADo\">Region<\/a>, die er im Parlament vertritt<\/em><\/p>\n","protected":false},"excerpt":{"rendered":"<p>Ra\u00fal Alarc\u00f3n Rojas, besser bekannt als Florcita Motuda, ist ein chilenischer Musiker und Politiker, bekannt f\u00fcr seine experimentelle und extravagante Arbeit und seinen \u00f6ffentlichen Einsatz f\u00fcr das \u201eNein\u201c im Plebiszit von 1988 gegen die Pinochet-Diktatur, welches schlussendlich den Demokratisierungsprozess in&hellip;<\/p>\n","protected":false},"author":1470,"featured_media":629062,"comment_status":"closed","ping_status":"closed","sticky":false,"template":"","format":"standard","meta":{"footnotes":""},"categories":[9162,9142,9168,9154],"tags":[10608,8801,45001,17599,44737],"class_list":["post-628916","post","type-post","status-publish","format-standard","has-post-thumbnail","hentry","category-humanismus-und-spiritualitaet","category-interviews-de","category-politik","category-suedamerika","tag-chile-de","tag-florcita-motuda","tag-frente-amplio-de","tag-humanistische-partei","tag-raul-alarcon"],"yoast_head":"<!-- This site is optimized with the Yoast SEO plugin v27.1.1 - https:\/\/yoast.com\/product\/yoast-seo-wordpress\/ -->\n<title>Ra\u00fal Alarc\u00f3n, Abgeordneter der Republik Chile: &quot;Ich habe nicht gewonnen, der Abgeordnete ist Florcita Motuda&quot;<\/title>\n<meta name=\"description\" content=\"Ra\u00fal Alarc\u00f3n Rojas, besser bekannt als Florcita Motuda, ist ein chilenischer Musiker und Politiker, bekannt f\u00fcr seine experimentelle und extravagante\" \/>\n<meta name=\"robots\" content=\"index, follow, max-snippet:-1, max-image-preview:large, max-video-preview:-1\" \/>\n<link rel=\"canonical\" href=\"https:\/\/www.pressenza.com\/de\/2018\/04\/raul-alarcon-abgeordneter-der-republik-chile-ich-habe-nicht-gewonnen-der-abgeordnete-ist-florcita-motuda\/\" \/>\n<meta property=\"og:locale\" content=\"de_DE\" \/>\n<meta property=\"og:type\" content=\"article\" \/>\n<meta property=\"og:title\" content=\"Ra\u00fal Alarc\u00f3n, Abgeordneter der Republik Chile: &quot;Ich habe nicht gewonnen, der Abgeordnete ist Florcita Motuda&quot;\" \/>\n<meta property=\"og:description\" content=\"Ra\u00fal Alarc\u00f3n Rojas, besser bekannt als Florcita Motuda, ist ein chilenischer Musiker und Politiker, bekannt f\u00fcr seine experimentelle und extravagante\" \/>\n<meta property=\"og:url\" content=\"https:\/\/www.pressenza.com\/de\/2018\/04\/raul-alarcon-abgeordneter-der-republik-chile-ich-habe-nicht-gewonnen-der-abgeordnete-ist-florcita-motuda\/\" \/>\n<meta property=\"og:site_name\" content=\"Pressenza\" \/>\n<meta property=\"article:publisher\" content=\"https:\/\/www.facebook.com\/PressenzaItalia\" \/>\n<meta property=\"article:published_time\" content=\"2018-04-21T17:41:05+00:00\" \/>\n<meta property=\"og:image\" content=\"https:\/\/www.pressenza.com\/wp-content\/uploads\/2018\/04\/xflor-sala-1.jpg.pagespeed.ic_.zZhs-y3Zc-1-1.jpg\" \/>\n\t<meta property=\"og:image:width\" content=\"750\" \/>\n\t<meta property=\"og:image:height\" content=\"442\" \/>\n\t<meta property=\"og:image:type\" content=\"image\/jpeg\" \/>\n<meta name=\"author\" content=\"El Desconcierto\" \/>\n<meta name=\"twitter:card\" content=\"summary_large_image\" \/>\n<meta name=\"twitter:creator\" content=\"@PressenzaIPA\" \/>\n<meta name=\"twitter:site\" content=\"@PressenzaIPA\" \/>\n<meta name=\"twitter:label1\" content=\"Verfasst von\" \/>\n\t<meta name=\"twitter:data1\" content=\"El Desconcierto\" \/>\n\t<meta name=\"twitter:label2\" content=\"Gesch\u00e4tzte Lesezeit\" \/>\n\t<meta name=\"twitter:data2\" content=\"10\u00a0Minuten\" \/>\n<script type=\"application\/ld+json\" class=\"yoast-schema-graph\">{\"@context\":\"https:\/\/schema.org\",\"@graph\":[{\"@type\":\"Article\",\"@id\":\"https:\/\/www.pressenza.com\/de\/2018\/04\/raul-alarcon-abgeordneter-der-republik-chile-ich-habe-nicht-gewonnen-der-abgeordnete-ist-florcita-motuda\/#article\",\"isPartOf\":{\"@id\":\"https:\/\/www.pressenza.com\/de\/2018\/04\/raul-alarcon-abgeordneter-der-republik-chile-ich-habe-nicht-gewonnen-der-abgeordnete-ist-florcita-motuda\/\"},\"author\":{\"name\":\"El Desconcierto\",\"@id\":\"https:\/\/www.pressenza.com\/de\/#\/schema\/person\/d5cdd4d29826f1ed6d2d96525259c965\"},\"headline\":\"Ra\u00fal Alarc\u00f3n, Abgeordneter der Republik Chile: &#8222;Ich habe nicht gewonnen, der Abgeordnete ist Florcita Motuda&#8220;\",\"datePublished\":\"2018-04-21T17:41:05+00:00\",\"mainEntityOfPage\":{\"@id\":\"https:\/\/www.pressenza.com\/de\/2018\/04\/raul-alarcon-abgeordneter-der-republik-chile-ich-habe-nicht-gewonnen-der-abgeordnete-ist-florcita-motuda\/\"},\"wordCount\":2002,\"publisher\":{\"@id\":\"https:\/\/www.pressenza.com\/de\/#organization\"},\"image\":{\"@id\":\"https:\/\/www.pressenza.com\/de\/2018\/04\/raul-alarcon-abgeordneter-der-republik-chile-ich-habe-nicht-gewonnen-der-abgeordnete-ist-florcita-motuda\/#primaryimage\"},\"thumbnailUrl\":\"https:\/\/www.pressenza.com\/wp-content\/uploads\/2018\/04\/xflor-sala-1.jpg.pagespeed.ic_.zZhs-y3Zc-1-1.jpg\",\"keywords\":[\"Chile\",\"Florcita Motuda\",\"Frente Amplio\",\"Humanistische Partei\",\"Ra\u00fal Alarc\u00f3n\"],\"articleSection\":[\"Humanismus und Spiritualit\u00e4t\",\"Interviews\",\"Politik\",\"S\u00fcdamerika\"],\"inLanguage\":\"de\"},{\"@type\":\"WebPage\",\"@id\":\"https:\/\/www.pressenza.com\/de\/2018\/04\/raul-alarcon-abgeordneter-der-republik-chile-ich-habe-nicht-gewonnen-der-abgeordnete-ist-florcita-motuda\/\",\"url\":\"https:\/\/www.pressenza.com\/de\/2018\/04\/raul-alarcon-abgeordneter-der-republik-chile-ich-habe-nicht-gewonnen-der-abgeordnete-ist-florcita-motuda\/\",\"name\":\"Ra\u00fal Alarc\u00f3n, Abgeordneter der Republik Chile: \\\"Ich habe nicht gewonnen, der Abgeordnete ist Florcita Motuda\\\"\",\"isPartOf\":{\"@id\":\"https:\/\/www.pressenza.com\/de\/#website\"},\"primaryImageOfPage\":{\"@id\":\"https:\/\/www.pressenza.com\/de\/2018\/04\/raul-alarcon-abgeordneter-der-republik-chile-ich-habe-nicht-gewonnen-der-abgeordnete-ist-florcita-motuda\/#primaryimage\"},\"image\":{\"@id\":\"https:\/\/www.pressenza.com\/de\/2018\/04\/raul-alarcon-abgeordneter-der-republik-chile-ich-habe-nicht-gewonnen-der-abgeordnete-ist-florcita-motuda\/#primaryimage\"},\"thumbnailUrl\":\"https:\/\/www.pressenza.com\/wp-content\/uploads\/2018\/04\/xflor-sala-1.jpg.pagespeed.ic_.zZhs-y3Zc-1-1.jpg\",\"datePublished\":\"2018-04-21T17:41:05+00:00\",\"description\":\"Ra\u00fal Alarc\u00f3n Rojas, besser bekannt als Florcita Motuda, ist ein chilenischer Musiker und Politiker, bekannt f\u00fcr seine experimentelle und extravagante\",\"breadcrumb\":{\"@id\":\"https:\/\/www.pressenza.com\/de\/2018\/04\/raul-alarcon-abgeordneter-der-republik-chile-ich-habe-nicht-gewonnen-der-abgeordnete-ist-florcita-motuda\/#breadcrumb\"},\"inLanguage\":\"de\",\"potentialAction\":[{\"@type\":\"ReadAction\",\"target\":[\"https:\/\/www.pressenza.com\/de\/2018\/04\/raul-alarcon-abgeordneter-der-republik-chile-ich-habe-nicht-gewonnen-der-abgeordnete-ist-florcita-motuda\/\"]}]},{\"@type\":\"ImageObject\",\"inLanguage\":\"de\",\"@id\":\"https:\/\/www.pressenza.com\/de\/2018\/04\/raul-alarcon-abgeordneter-der-republik-chile-ich-habe-nicht-gewonnen-der-abgeordnete-ist-florcita-motuda\/#primaryimage\",\"url\":\"https:\/\/www.pressenza.com\/wp-content\/uploads\/2018\/04\/xflor-sala-1.jpg.pagespeed.ic_.zZhs-y3Zc-1-1.jpg\",\"contentUrl\":\"https:\/\/www.pressenza.com\/wp-content\/uploads\/2018\/04\/xflor-sala-1.jpg.pagespeed.ic_.zZhs-y3Zc-1-1.jpg\",\"width\":750,\"height\":442},{\"@type\":\"BreadcrumbList\",\"@id\":\"https:\/\/www.pressenza.com\/de\/2018\/04\/raul-alarcon-abgeordneter-der-republik-chile-ich-habe-nicht-gewonnen-der-abgeordnete-ist-florcita-motuda\/#breadcrumb\",\"itemListElement\":[{\"@type\":\"ListItem\",\"position\":1,\"name\":\"Accueil\",\"item\":\"https:\/\/www.pressenza.com\/de\/\"},{\"@type\":\"ListItem\",\"position\":2,\"name\":\"Ra\u00fal Alarc\u00f3n, Abgeordneter der Republik Chile: &#8222;Ich habe nicht gewonnen, der Abgeordnete ist Florcita Motuda&#8220;\"}]},{\"@type\":\"WebSite\",\"@id\":\"https:\/\/www.pressenza.com\/de\/#website\",\"url\":\"https:\/\/www.pressenza.com\/de\/\",\"name\":\"Pressenza\",\"description\":\"International Press Agency\",\"publisher\":{\"@id\":\"https:\/\/www.pressenza.com\/de\/#organization\"},\"potentialAction\":[{\"@type\":\"SearchAction\",\"target\":{\"@type\":\"EntryPoint\",\"urlTemplate\":\"https:\/\/www.pressenza.com\/de\/?s={search_term_string}\"},\"query-input\":{\"@type\":\"PropertyValueSpecification\",\"valueRequired\":true,\"valueName\":\"search_term_string\"}}],\"inLanguage\":\"de\"},{\"@type\":\"Organization\",\"@id\":\"https:\/\/www.pressenza.com\/de\/#organization\",\"name\":\"Pressenza\",\"url\":\"https:\/\/www.pressenza.com\/de\/\",\"logo\":{\"@type\":\"ImageObject\",\"inLanguage\":\"de\",\"@id\":\"https:\/\/www.pressenza.com\/de\/#\/schema\/logo\/image\/\",\"url\":\"https:\/\/www.pressenza.com\/wp-content\/uploads\/2022\/10\/pressenza_logo_200x200.jpg\",\"contentUrl\":\"https:\/\/www.pressenza.com\/wp-content\/uploads\/2022\/10\/pressenza_logo_200x200.jpg\",\"width\":200,\"height\":200,\"caption\":\"Pressenza\"},\"image\":{\"@id\":\"https:\/\/www.pressenza.com\/de\/#\/schema\/logo\/image\/\"},\"sameAs\":[\"https:\/\/www.facebook.com\/PressenzaItalia\",\"https:\/\/x.com\/PressenzaIPA\"]},{\"@type\":\"Person\",\"@id\":\"https:\/\/www.pressenza.com\/de\/#\/schema\/person\/d5cdd4d29826f1ed6d2d96525259c965\",\"name\":\"El Desconcierto\",\"description\":\"Somos un grupo de profesionales del \u00e1mbito de las ciencias sociales y la industria editorial, que nos reunimos a fines del 2011 con el objetivo de levantar un medio de comunicaci\u00f3n digital conectado con las principales tendencias transformadoras de la sociedad del siglo 21. Nuestros principales focos son las noticias sobre derechos sociales y medio ambiente; los debates de pol\u00edtica, educaci\u00f3n, g\u00e9nero y diversidad sexual; los temas de cultura, transparencia y pueblos originarios. Desarrollamos un periodismo riguroso orientado a personas que valoran contenidos que les permitan reflexionar y descubrir nuevos horizontes de pensamiento, vinculados al fortalecimiento de la democracia participativa, la sustentabilidad y el buen vivir en el planeta. Para hacer sostenible este medio de comunicaci\u00f3n pluralista e independiente hemos lanzado la campa\u00f1a \u2018Hazte Socio\u2019 cuya finalidad es co-crear una comunidad de lectores\/as m\u00e1s cr\u00edtica y propositiva que desea participar colaborativamente en la construcci\u00f3n de un mundo mejor. El periodismo independiente y sin censura en Chile es necesario para todas y todos.\",\"sameAs\":[\"http:\/\/www.eldesconcierto.cl\/\"],\"url\":\"https:\/\/www.pressenza.com\/de\/author\/el-desconcierto\/\"}]}<\/script>\n<!-- \/ Yoast SEO plugin. -->","yoast_head_json":{"title":"Ra\u00fal Alarc\u00f3n, Abgeordneter der Republik Chile: \"Ich habe nicht gewonnen, der Abgeordnete ist Florcita Motuda\"","description":"Ra\u00fal Alarc\u00f3n Rojas, besser bekannt als Florcita Motuda, ist ein chilenischer Musiker und Politiker, bekannt f\u00fcr seine experimentelle und extravagante","robots":{"index":"index","follow":"follow","max-snippet":"max-snippet:-1","max-image-preview":"max-image-preview:large","max-video-preview":"max-video-preview:-1"},"canonical":"https:\/\/www.pressenza.com\/de\/2018\/04\/raul-alarcon-abgeordneter-der-republik-chile-ich-habe-nicht-gewonnen-der-abgeordnete-ist-florcita-motuda\/","og_locale":"de_DE","og_type":"article","og_title":"Ra\u00fal Alarc\u00f3n, Abgeordneter der Republik Chile: \"Ich habe nicht gewonnen, der Abgeordnete ist Florcita Motuda\"","og_description":"Ra\u00fal Alarc\u00f3n Rojas, besser bekannt als Florcita Motuda, ist ein chilenischer Musiker und Politiker, bekannt f\u00fcr seine experimentelle und extravagante","og_url":"https:\/\/www.pressenza.com\/de\/2018\/04\/raul-alarcon-abgeordneter-der-republik-chile-ich-habe-nicht-gewonnen-der-abgeordnete-ist-florcita-motuda\/","og_site_name":"Pressenza","article_publisher":"https:\/\/www.facebook.com\/PressenzaItalia","article_published_time":"2018-04-21T17:41:05+00:00","og_image":[{"width":750,"height":442,"url":"https:\/\/www.pressenza.com\/wp-content\/uploads\/2018\/04\/xflor-sala-1.jpg.pagespeed.ic_.zZhs-y3Zc-1-1.jpg","type":"image\/jpeg"}],"author":"El Desconcierto","twitter_card":"summary_large_image","twitter_creator":"@PressenzaIPA","twitter_site":"@PressenzaIPA","twitter_misc":{"Verfasst von":"El Desconcierto","Gesch\u00e4tzte Lesezeit":"10\u00a0Minuten"},"schema":{"@context":"https:\/\/schema.org","@graph":[{"@type":"Article","@id":"https:\/\/www.pressenza.com\/de\/2018\/04\/raul-alarcon-abgeordneter-der-republik-chile-ich-habe-nicht-gewonnen-der-abgeordnete-ist-florcita-motuda\/#article","isPartOf":{"@id":"https:\/\/www.pressenza.com\/de\/2018\/04\/raul-alarcon-abgeordneter-der-republik-chile-ich-habe-nicht-gewonnen-der-abgeordnete-ist-florcita-motuda\/"},"author":{"name":"El Desconcierto","@id":"https:\/\/www.pressenza.com\/de\/#\/schema\/person\/d5cdd4d29826f1ed6d2d96525259c965"},"headline":"Ra\u00fal Alarc\u00f3n, Abgeordneter der Republik Chile: &#8222;Ich habe nicht gewonnen, der Abgeordnete ist Florcita Motuda&#8220;","datePublished":"2018-04-21T17:41:05+00:00","mainEntityOfPage":{"@id":"https:\/\/www.pressenza.com\/de\/2018\/04\/raul-alarcon-abgeordneter-der-republik-chile-ich-habe-nicht-gewonnen-der-abgeordnete-ist-florcita-motuda\/"},"wordCount":2002,"publisher":{"@id":"https:\/\/www.pressenza.com\/de\/#organization"},"image":{"@id":"https:\/\/www.pressenza.com\/de\/2018\/04\/raul-alarcon-abgeordneter-der-republik-chile-ich-habe-nicht-gewonnen-der-abgeordnete-ist-florcita-motuda\/#primaryimage"},"thumbnailUrl":"https:\/\/www.pressenza.com\/wp-content\/uploads\/2018\/04\/xflor-sala-1.jpg.pagespeed.ic_.zZhs-y3Zc-1-1.jpg","keywords":["Chile","Florcita Motuda","Frente Amplio","Humanistische Partei","Ra\u00fal Alarc\u00f3n"],"articleSection":["Humanismus und Spiritualit\u00e4t","Interviews","Politik","S\u00fcdamerika"],"inLanguage":"de"},{"@type":"WebPage","@id":"https:\/\/www.pressenza.com\/de\/2018\/04\/raul-alarcon-abgeordneter-der-republik-chile-ich-habe-nicht-gewonnen-der-abgeordnete-ist-florcita-motuda\/","url":"https:\/\/www.pressenza.com\/de\/2018\/04\/raul-alarcon-abgeordneter-der-republik-chile-ich-habe-nicht-gewonnen-der-abgeordnete-ist-florcita-motuda\/","name":"Ra\u00fal Alarc\u00f3n, Abgeordneter der Republik Chile: \"Ich habe nicht gewonnen, der Abgeordnete ist Florcita Motuda\"","isPartOf":{"@id":"https:\/\/www.pressenza.com\/de\/#website"},"primaryImageOfPage":{"@id":"https:\/\/www.pressenza.com\/de\/2018\/04\/raul-alarcon-abgeordneter-der-republik-chile-ich-habe-nicht-gewonnen-der-abgeordnete-ist-florcita-motuda\/#primaryimage"},"image":{"@id":"https:\/\/www.pressenza.com\/de\/2018\/04\/raul-alarcon-abgeordneter-der-republik-chile-ich-habe-nicht-gewonnen-der-abgeordnete-ist-florcita-motuda\/#primaryimage"},"thumbnailUrl":"https:\/\/www.pressenza.com\/wp-content\/uploads\/2018\/04\/xflor-sala-1.jpg.pagespeed.ic_.zZhs-y3Zc-1-1.jpg","datePublished":"2018-04-21T17:41:05+00:00","description":"Ra\u00fal Alarc\u00f3n Rojas, besser bekannt als Florcita Motuda, ist ein chilenischer Musiker und Politiker, bekannt f\u00fcr seine experimentelle und extravagante","breadcrumb":{"@id":"https:\/\/www.pressenza.com\/de\/2018\/04\/raul-alarcon-abgeordneter-der-republik-chile-ich-habe-nicht-gewonnen-der-abgeordnete-ist-florcita-motuda\/#breadcrumb"},"inLanguage":"de","potentialAction":[{"@type":"ReadAction","target":["https:\/\/www.pressenza.com\/de\/2018\/04\/raul-alarcon-abgeordneter-der-republik-chile-ich-habe-nicht-gewonnen-der-abgeordnete-ist-florcita-motuda\/"]}]},{"@type":"ImageObject","inLanguage":"de","@id":"https:\/\/www.pressenza.com\/de\/2018\/04\/raul-alarcon-abgeordneter-der-republik-chile-ich-habe-nicht-gewonnen-der-abgeordnete-ist-florcita-motuda\/#primaryimage","url":"https:\/\/www.pressenza.com\/wp-content\/uploads\/2018\/04\/xflor-sala-1.jpg.pagespeed.ic_.zZhs-y3Zc-1-1.jpg","contentUrl":"https:\/\/www.pressenza.com\/wp-content\/uploads\/2018\/04\/xflor-sala-1.jpg.pagespeed.ic_.zZhs-y3Zc-1-1.jpg","width":750,"height":442},{"@type":"BreadcrumbList","@id":"https:\/\/www.pressenza.com\/de\/2018\/04\/raul-alarcon-abgeordneter-der-republik-chile-ich-habe-nicht-gewonnen-der-abgeordnete-ist-florcita-motuda\/#breadcrumb","itemListElement":[{"@type":"ListItem","position":1,"name":"Accueil","item":"https:\/\/www.pressenza.com\/de\/"},{"@type":"ListItem","position":2,"name":"Ra\u00fal Alarc\u00f3n, Abgeordneter der Republik Chile: &#8222;Ich habe nicht gewonnen, der Abgeordnete ist Florcita Motuda&#8220;"}]},{"@type":"WebSite","@id":"https:\/\/www.pressenza.com\/de\/#website","url":"https:\/\/www.pressenza.com\/de\/","name":"Pressenza","description":"International Press Agency","publisher":{"@id":"https:\/\/www.pressenza.com\/de\/#organization"},"potentialAction":[{"@type":"SearchAction","target":{"@type":"EntryPoint","urlTemplate":"https:\/\/www.pressenza.com\/de\/?s={search_term_string}"},"query-input":{"@type":"PropertyValueSpecification","valueRequired":true,"valueName":"search_term_string"}}],"inLanguage":"de"},{"@type":"Organization","@id":"https:\/\/www.pressenza.com\/de\/#organization","name":"Pressenza","url":"https:\/\/www.pressenza.com\/de\/","logo":{"@type":"ImageObject","inLanguage":"de","@id":"https:\/\/www.pressenza.com\/de\/#\/schema\/logo\/image\/","url":"https:\/\/www.pressenza.com\/wp-content\/uploads\/2022\/10\/pressenza_logo_200x200.jpg","contentUrl":"https:\/\/www.pressenza.com\/wp-content\/uploads\/2022\/10\/pressenza_logo_200x200.jpg","width":200,"height":200,"caption":"Pressenza"},"image":{"@id":"https:\/\/www.pressenza.com\/de\/#\/schema\/logo\/image\/"},"sameAs":["https:\/\/www.facebook.com\/PressenzaItalia","https:\/\/x.com\/PressenzaIPA"]},{"@type":"Person","@id":"https:\/\/www.pressenza.com\/de\/#\/schema\/person\/d5cdd4d29826f1ed6d2d96525259c965","name":"El Desconcierto","description":"Somos un grupo de profesionales del \u00e1mbito de las ciencias sociales y la industria editorial, que nos reunimos a fines del 2011 con el objetivo de levantar un medio de comunicaci\u00f3n digital conectado con las principales tendencias transformadoras de la sociedad del siglo 21. Nuestros principales focos son las noticias sobre derechos sociales y medio ambiente; los debates de pol\u00edtica, educaci\u00f3n, g\u00e9nero y diversidad sexual; los temas de cultura, transparencia y pueblos originarios. Desarrollamos un periodismo riguroso orientado a personas que valoran contenidos que les permitan reflexionar y descubrir nuevos horizontes de pensamiento, vinculados al fortalecimiento de la democracia participativa, la sustentabilidad y el buen vivir en el planeta. Para hacer sostenible este medio de comunicaci\u00f3n pluralista e independiente hemos lanzado la campa\u00f1a \u2018Hazte Socio\u2019 cuya finalidad es co-crear una comunidad de lectores\/as m\u00e1s cr\u00edtica y propositiva que desea participar colaborativamente en la construcci\u00f3n de un mundo mejor. El periodismo independiente y sin censura en Chile es necesario para todas y todos.","sameAs":["http:\/\/www.eldesconcierto.cl\/"],"url":"https:\/\/www.pressenza.com\/de\/author\/el-desconcierto\/"}]}},"place":"Valpara\u00edso, Chile","original_article_url":"","_links":{"self":[{"href":"https:\/\/www.pressenza.com\/de\/wp-json\/wp\/v2\/posts\/628916","targetHints":{"allow":["GET"]}}],"collection":[{"href":"https:\/\/www.pressenza.com\/de\/wp-json\/wp\/v2\/posts"}],"about":[{"href":"https:\/\/www.pressenza.com\/de\/wp-json\/wp\/v2\/types\/post"}],"author":[{"embeddable":true,"href":"https:\/\/www.pressenza.com\/de\/wp-json\/wp\/v2\/users\/1470"}],"replies":[{"embeddable":true,"href":"https:\/\/www.pressenza.com\/de\/wp-json\/wp\/v2\/comments?post=628916"}],"version-history":[{"count":0,"href":"https:\/\/www.pressenza.com\/de\/wp-json\/wp\/v2\/posts\/628916\/revisions"}],"wp:featuredmedia":[{"embeddable":true,"href":"https:\/\/www.pressenza.com\/de\/wp-json\/wp\/v2\/media\/629062"}],"wp:attachment":[{"href":"https:\/\/www.pressenza.com\/de\/wp-json\/wp\/v2\/media?parent=628916"}],"wp:term":[{"taxonomy":"category","embeddable":true,"href":"https:\/\/www.pressenza.com\/de\/wp-json\/wp\/v2\/categories?post=628916"},{"taxonomy":"post_tag","embeddable":true,"href":"https:\/\/www.pressenza.com\/de\/wp-json\/wp\/v2\/tags?post=628916"}],"curies":[{"name":"wp","href":"https:\/\/api.w.org\/{rel}","templated":true}]}}