{"id":624863,"date":"2018-04-13T16:53:24","date_gmt":"2018-04-13T15:53:24","guid":{"rendered":"https:\/\/www.pressenza.com\/?p=624863"},"modified":"2018-04-13T16:56:36","modified_gmt":"2018-04-13T15:56:36","slug":"bundesbehoerden-taeuschen-buerger-ueber-vollgeld","status":"publish","type":"post","link":"https:\/\/www.pressenza.com\/de\/2018\/04\/bundesbehoerden-taeuschen-buerger-ueber-vollgeld\/","title":{"rendered":"Bundesbeh\u00f6rden t\u00e4uschen B\u00fcrger \u00fcber Vollgeld"},"content":{"rendered":"<p><strong><em>Die Initianten der Vollgeld-Initiative pr\u00fcfen eine Klage gegen die Eidgen\u00f6ssische Finanzverwaltung. Diese operiert in ihrem Kampf gegen die Initiative mit Halbwahrheiten, unvollst\u00e4ndigen Informationen und sachlich falschen Aussagen.<\/em><\/strong><\/p>\n<p>Am 4. April fand in Bern ein Medienseminar der Eidgen\u00f6ssischen Finanzverwaltung (EFV) zur Vollgeld-Initiative statt. Selbst auf gezielte Nachfrage wurde behauptet, dass Banken Kundengelder als Kredite weitergeben w\u00fcrden. Diese Aussage ist nicht nur irref\u00fchrend &#8211; sie ist schlicht falsch! Der Darstellung der EFV widersprechen Zentralbanken weltweit und auch einzelne Schweizer Gesch\u00e4ftsbanken wie die Aargauer Kantonalbank und die Freie Gemeinschaftsbank Basel. Die Deutsche Bundesbank wird am deutlichsten: <em>&#8222;Tats\u00e4chlich wird bei der Kreditvergabe durch eine Bank stets zus\u00e4tzliches Buchgeld geschaffen. Die weitverbreitete Vorstellung, dass eine Bank &#8218;auch altes, schon fr\u00fcher gesch\u00f6pftes Buchgeld, z.B. Spareinlagen, weiterreichen&#8216; (k\u00f6nne), wodurch die volkswirtschaftliche Geldmenge nicht erh\u00f6ht wird, trifft nicht zu.&#8220;<\/em> In direktem Widerspruch dazu stehen die t\u00e4uschenden Ausf\u00fchrungen der Eidgen\u00f6ssischen Finanzverwaltung. Sie behauptet, Banken k\u00f6nnten Kredite auch vergeben, indem sie<em> \u201cdas Geld benutzen, das Kunden auf ihr Bankkonto einbezahlt haben\u201d<\/em> (Originalzitat auf der Pr\u00e4sentationsfolie Nr. 7\u00a0vom 4. April 2018) und unterscheidet diese angebliche Form der Kreditvergabe von der Gelderschaffung der Banken. Vermutlich soll damit die private Geldsch\u00f6pfung der Banken, die von der Vollgeld-Initiative abgeschafft wird, verharmlost werden.<\/p>\n<p><strong>Bundesverwaltung f\u00fchrt Abstimmungskampf mit Falschinformationen<\/strong><\/p>\n<p>Diese offensichtliche Irref\u00fchrung des Stimmvolkes wurde durch weitere Halbwahrheiten (Beispielsweise: Einlagensicherung ist gem\u00e4ss EFV sicher, aber die Internationale Bankenaufsicht bezeichnet sie als unsicher, da auf 6 Milliarden CHF begrenzt bei \u00fcber 800 Milliarden CHF Gesamteinlagen) und Auslassungen (Beispielsweise: die enorme Geldmengenausweitung durch Banken ist in der gezeigten Grafik nicht vorhanden) zu einem bewusst verf\u00e4lschten Bild erg\u00e4nzt. Auch versucht die EFV den Eindruck zu erwecken, die Nationalbank sei mit Vollgeld f\u00fcr die Kreditvergabe zust\u00e4ndig. Richtig ist, dass die Initiative eine Gewaltentrennung ins Geldwesen bringt: Geldherstellung allein durch die Nationalbank, Kreditvergabe ausschliesslich durch Gesch\u00e4ftsbanken.<\/p>\n<p><img loading=\"lazy\" decoding=\"async\" class=\"aligncenter size-large wp-image-624993\" src=\"https:\/\/www.pressenza.com\/wp-content\/uploads\/2018\/04\/Vollgeld-2-720x342.jpg\" alt=\"\" width=\"720\" height=\"342\" srcset=\"https:\/\/www.pressenza.com\/wp-content\/uploads\/2018\/04\/Vollgeld-2-720x342.jpg 720w, https:\/\/www.pressenza.com\/wp-content\/uploads\/2018\/04\/Vollgeld-2-300x142.jpg 300w, https:\/\/www.pressenza.com\/wp-content\/uploads\/2018\/04\/Vollgeld-2.jpg 750w\" sizes=\"auto, (max-width: 720px) 100vw, 720px\" \/><\/p>\n<p><strong>Beispiel f\u00fcr die Auslassung der EFV<br \/>\n<\/strong><\/p>\n<p>Die enorme Banken-Geldmenge wird auf der am 4. April gezeigten Grafik links gar nicht dargestellt, sondern nur die gelb eingef\u00e4rbte Nationalbank-Geldmenge. Diese ist aber f\u00fcr die B\u00fcrgerinnen und B\u00fcrger nicht relevant, da nur Banken Buchgeld der Nationalbank erhalten. Das Buchgeld der Nationalbank kommt nicht in den allgemeinen Umlauf, da zwei zwei getrennte Buchgeld-Kreisl\u00e4ufe bestehen. Auch das hat die EFV nicht erkl\u00e4rt, wodurch der Eindruck entstand, die Nationalbank sei allein f\u00fcr das Geldmengenwachstum verantwortlich und nicht die Banken. Die tats\u00e4chliche Geldmengenausweitung durch die Banken ist auf der Grafik rechts im Vergleich zum Bargeld ersichtlich.<\/p>\n<p><strong>Initiativkomitee will sachlichen Abstimmungskampf<\/strong><\/p>\n<p>Durch das Verwirrspiel der Finanzverwaltung wird die Vollgeld-Vorlage bewusst komplizierter gemacht, als sie ist. Die EFV verletzt mit dieser Vorgehensweise den demokratischen Grundsatz, wonach der Bund in seiner Information Vollst\u00e4ndigkeit und Sachlichkeit zu wahren hat. Dem Initiativkomitee der Vollgeld-Initiative ist an einem sachlichen und fairen Abstimmungskampf gelegen. Umso erstaunter hat das Komitee zur Kenntnis genommen, dass die Bundesbeh\u00f6rden im Abstimmungskampf nicht sachlich informieren. All dies veranlasst die Initianten, eine Klage gegen das EFV zu pr\u00fcfen. Die B\u00fcrgerinnen und B\u00fcrger haben ein Recht auf vollst\u00e4ndige und sachliche Information im Vorfeld von Abstimmungen &#8211; und nicht auf irref\u00fchrende Aussagen und Halbwahrheiten<\/p>\n","protected":false},"excerpt":{"rendered":"<p>Die Initianten der Vollgeld-Initiative pr\u00fcfen eine Klage gegen die Eidgen\u00f6ssische Finanzverwaltung. Diese operiert in ihrem Kampf gegen die Initiative mit Halbwahrheiten, unvollst\u00e4ndigen Informationen und sachlich falschen Aussagen. Am 4. April fand in Bern ein Medienseminar der Eidgen\u00f6ssischen Finanzverwaltung (EFV) zur&hellip;<\/p>\n","protected":false},"author":1095,"featured_media":624962,"comment_status":"closed","ping_status":"closed","sticky":false,"template":"","format":"standard","meta":{"footnotes":""},"categories":[9145,9158],"tags":[45193,11009,11010],"class_list":["post-624863","post","type-post","status-publish","format-standard","has-post-thumbnail","hentry","category-pressemitteilungen","category-wirtschaft","tag-eidgenoessische-finanzverwaltung","tag-vollgeld","tag-vollgeld-initiative"],"yoast_head":"<!-- This site is optimized with the Yoast SEO plugin v27.1.1 - https:\/\/yoast.com\/product\/yoast-seo-wordpress\/ -->\n<title>Bundesbeh\u00f6rden t\u00e4uschen B\u00fcrger \u00fcber Vollgeld<\/title>\n<meta name=\"description\" content=\"Die Initianten der Vollgeld-Initiative pr\u00fcfen eine Klage gegen die Eidgen\u00f6ssische Finanzverwaltung. Diese operiert in ihrem Kampf gegen die Initiative mit\" \/>\n<meta name=\"robots\" content=\"index, follow, max-snippet:-1, max-image-preview:large, max-video-preview:-1\" \/>\n<link rel=\"canonical\" href=\"https:\/\/www.pressenza.com\/de\/2018\/04\/bundesbehoerden-taeuschen-buerger-ueber-vollgeld\/\" \/>\n<meta property=\"og:locale\" content=\"de_DE\" \/>\n<meta property=\"og:type\" content=\"article\" \/>\n<meta property=\"og:title\" content=\"Bundesbeh\u00f6rden t\u00e4uschen B\u00fcrger \u00fcber Vollgeld\" \/>\n<meta property=\"og:description\" content=\"Die Initianten der Vollgeld-Initiative pr\u00fcfen eine Klage gegen die Eidgen\u00f6ssische Finanzverwaltung. Diese operiert in ihrem Kampf gegen die Initiative mit\" \/>\n<meta property=\"og:url\" content=\"https:\/\/www.pressenza.com\/de\/2018\/04\/bundesbehoerden-taeuschen-buerger-ueber-vollgeld\/\" \/>\n<meta property=\"og:site_name\" content=\"Pressenza\" \/>\n<meta property=\"article:publisher\" content=\"https:\/\/www.facebook.com\/PressenzaItalia\" \/>\n<meta property=\"article:author\" content=\"https:\/\/www.facebook.com\/Pressenza-Deutschland-sterreich-Schweiz-281675388658060\/timeline\/\" \/>\n<meta property=\"article:published_time\" content=\"2018-04-13T15:53:24+00:00\" \/>\n<meta property=\"article:modified_time\" content=\"2018-04-13T15:56:36+00:00\" \/>\n<meta property=\"og:image\" content=\"https:\/\/www.pressenza.com\/wp-content\/uploads\/2018\/04\/vollgeld-initiative-1.jpg\" \/>\n\t<meta property=\"og:image:width\" content=\"750\" \/>\n\t<meta property=\"og:image:height\" content=\"420\" \/>\n\t<meta property=\"og:image:type\" content=\"image\/jpeg\" \/>\n<meta name=\"author\" content=\"Pressenza Berlin\" \/>\n<meta name=\"twitter:card\" content=\"summary_large_image\" \/>\n<meta name=\"twitter:creator\" content=\"@pressenza_ger\" \/>\n<meta name=\"twitter:site\" content=\"@PressenzaIPA\" \/>\n<meta name=\"twitter:label1\" content=\"Verfasst von\" \/>\n\t<meta name=\"twitter:data1\" content=\"Pressenza Berlin\" \/>\n\t<meta name=\"twitter:label2\" content=\"Gesch\u00e4tzte Lesezeit\" \/>\n\t<meta name=\"twitter:data2\" content=\"3\u00a0Minuten\" \/>\n<script type=\"application\/ld+json\" class=\"yoast-schema-graph\">{\"@context\":\"https:\/\/schema.org\",\"@graph\":[{\"@type\":\"Article\",\"@id\":\"https:\/\/www.pressenza.com\/de\/2018\/04\/bundesbehoerden-taeuschen-buerger-ueber-vollgeld\/#article\",\"isPartOf\":{\"@id\":\"https:\/\/www.pressenza.com\/de\/2018\/04\/bundesbehoerden-taeuschen-buerger-ueber-vollgeld\/\"},\"author\":{\"name\":\"Pressenza Berlin\",\"@id\":\"https:\/\/www.pressenza.com\/de\/#\/schema\/person\/57bb5480943a496a7722b0248e4b658a\"},\"headline\":\"Bundesbeh\u00f6rden t\u00e4uschen B\u00fcrger \u00fcber Vollgeld\",\"datePublished\":\"2018-04-13T15:53:24+00:00\",\"dateModified\":\"2018-04-13T15:56:36+00:00\",\"mainEntityOfPage\":{\"@id\":\"https:\/\/www.pressenza.com\/de\/2018\/04\/bundesbehoerden-taeuschen-buerger-ueber-vollgeld\/\"},\"wordCount\":543,\"publisher\":{\"@id\":\"https:\/\/www.pressenza.com\/de\/#organization\"},\"image\":{\"@id\":\"https:\/\/www.pressenza.com\/de\/2018\/04\/bundesbehoerden-taeuschen-buerger-ueber-vollgeld\/#primaryimage\"},\"thumbnailUrl\":\"https:\/\/www.pressenza.com\/wp-content\/uploads\/2018\/04\/vollgeld-initiative-1.jpg\",\"keywords\":[\"Eidgen\u00f6ssische Finanzverwaltung\",\"Vollgeld\",\"Vollgeld-Initiative\"],\"articleSection\":[\"Pressemitteilungen\",\"Wirtschaft\"],\"inLanguage\":\"de\"},{\"@type\":\"WebPage\",\"@id\":\"https:\/\/www.pressenza.com\/de\/2018\/04\/bundesbehoerden-taeuschen-buerger-ueber-vollgeld\/\",\"url\":\"https:\/\/www.pressenza.com\/de\/2018\/04\/bundesbehoerden-taeuschen-buerger-ueber-vollgeld\/\",\"name\":\"Bundesbeh\u00f6rden t\u00e4uschen B\u00fcrger \u00fcber Vollgeld\",\"isPartOf\":{\"@id\":\"https:\/\/www.pressenza.com\/de\/#website\"},\"primaryImageOfPage\":{\"@id\":\"https:\/\/www.pressenza.com\/de\/2018\/04\/bundesbehoerden-taeuschen-buerger-ueber-vollgeld\/#primaryimage\"},\"image\":{\"@id\":\"https:\/\/www.pressenza.com\/de\/2018\/04\/bundesbehoerden-taeuschen-buerger-ueber-vollgeld\/#primaryimage\"},\"thumbnailUrl\":\"https:\/\/www.pressenza.com\/wp-content\/uploads\/2018\/04\/vollgeld-initiative-1.jpg\",\"datePublished\":\"2018-04-13T15:53:24+00:00\",\"dateModified\":\"2018-04-13T15:56:36+00:00\",\"description\":\"Die Initianten der Vollgeld-Initiative pr\u00fcfen eine Klage gegen die Eidgen\u00f6ssische Finanzverwaltung. Diese operiert in ihrem Kampf gegen die Initiative mit\",\"breadcrumb\":{\"@id\":\"https:\/\/www.pressenza.com\/de\/2018\/04\/bundesbehoerden-taeuschen-buerger-ueber-vollgeld\/#breadcrumb\"},\"inLanguage\":\"de\",\"potentialAction\":[{\"@type\":\"ReadAction\",\"target\":[\"https:\/\/www.pressenza.com\/de\/2018\/04\/bundesbehoerden-taeuschen-buerger-ueber-vollgeld\/\"]}]},{\"@type\":\"ImageObject\",\"inLanguage\":\"de\",\"@id\":\"https:\/\/www.pressenza.com\/de\/2018\/04\/bundesbehoerden-taeuschen-buerger-ueber-vollgeld\/#primaryimage\",\"url\":\"https:\/\/www.pressenza.com\/wp-content\/uploads\/2018\/04\/vollgeld-initiative-1.jpg\",\"contentUrl\":\"https:\/\/www.pressenza.com\/wp-content\/uploads\/2018\/04\/vollgeld-initiative-1.jpg\",\"width\":750,\"height\":420},{\"@type\":\"BreadcrumbList\",\"@id\":\"https:\/\/www.pressenza.com\/de\/2018\/04\/bundesbehoerden-taeuschen-buerger-ueber-vollgeld\/#breadcrumb\",\"itemListElement\":[{\"@type\":\"ListItem\",\"position\":1,\"name\":\"Accueil\",\"item\":\"https:\/\/www.pressenza.com\/de\/\"},{\"@type\":\"ListItem\",\"position\":2,\"name\":\"Bundesbeh\u00f6rden t\u00e4uschen B\u00fcrger \u00fcber Vollgeld\"}]},{\"@type\":\"WebSite\",\"@id\":\"https:\/\/www.pressenza.com\/de\/#website\",\"url\":\"https:\/\/www.pressenza.com\/de\/\",\"name\":\"Pressenza\",\"description\":\"International Press Agency\",\"publisher\":{\"@id\":\"https:\/\/www.pressenza.com\/de\/#organization\"},\"potentialAction\":[{\"@type\":\"SearchAction\",\"target\":{\"@type\":\"EntryPoint\",\"urlTemplate\":\"https:\/\/www.pressenza.com\/de\/?s={search_term_string}\"},\"query-input\":{\"@type\":\"PropertyValueSpecification\",\"valueRequired\":true,\"valueName\":\"search_term_string\"}}],\"inLanguage\":\"de\"},{\"@type\":\"Organization\",\"@id\":\"https:\/\/www.pressenza.com\/de\/#organization\",\"name\":\"Pressenza\",\"url\":\"https:\/\/www.pressenza.com\/de\/\",\"logo\":{\"@type\":\"ImageObject\",\"inLanguage\":\"de\",\"@id\":\"https:\/\/www.pressenza.com\/de\/#\/schema\/logo\/image\/\",\"url\":\"https:\/\/www.pressenza.com\/wp-content\/uploads\/2022\/10\/pressenza_logo_200x200.jpg\",\"contentUrl\":\"https:\/\/www.pressenza.com\/wp-content\/uploads\/2022\/10\/pressenza_logo_200x200.jpg\",\"width\":200,\"height\":200,\"caption\":\"Pressenza\"},\"image\":{\"@id\":\"https:\/\/www.pressenza.com\/de\/#\/schema\/logo\/image\/\"},\"sameAs\":[\"https:\/\/www.facebook.com\/PressenzaItalia\",\"https:\/\/x.com\/PressenzaIPA\"]},{\"@type\":\"Person\",\"@id\":\"https:\/\/www.pressenza.com\/de\/#\/schema\/person\/57bb5480943a496a7722b0248e4b658a\",\"name\":\"Pressenza Berlin\",\"description\":\"News from the Pressenza Bureau in Berlin, Germany\",\"sameAs\":[\"https:\/\/www.facebook.com\/Pressenza-Deutschland-sterreich-Schweiz-281675388658060\/timeline\/\",\"https:\/\/x.com\/pressenza_ger\"],\"url\":\"https:\/\/www.pressenza.com\/de\/author\/pressenza-berlin\/\"}]}<\/script>\n<!-- \/ Yoast SEO plugin. -->","yoast_head_json":{"title":"Bundesbeh\u00f6rden t\u00e4uschen B\u00fcrger \u00fcber Vollgeld","description":"Die Initianten der Vollgeld-Initiative pr\u00fcfen eine Klage gegen die Eidgen\u00f6ssische Finanzverwaltung. Diese operiert in ihrem Kampf gegen die Initiative mit","robots":{"index":"index","follow":"follow","max-snippet":"max-snippet:-1","max-image-preview":"max-image-preview:large","max-video-preview":"max-video-preview:-1"},"canonical":"https:\/\/www.pressenza.com\/de\/2018\/04\/bundesbehoerden-taeuschen-buerger-ueber-vollgeld\/","og_locale":"de_DE","og_type":"article","og_title":"Bundesbeh\u00f6rden t\u00e4uschen B\u00fcrger \u00fcber Vollgeld","og_description":"Die Initianten der Vollgeld-Initiative pr\u00fcfen eine Klage gegen die Eidgen\u00f6ssische Finanzverwaltung. Diese operiert in ihrem Kampf gegen die Initiative mit","og_url":"https:\/\/www.pressenza.com\/de\/2018\/04\/bundesbehoerden-taeuschen-buerger-ueber-vollgeld\/","og_site_name":"Pressenza","article_publisher":"https:\/\/www.facebook.com\/PressenzaItalia","article_author":"https:\/\/www.facebook.com\/Pressenza-Deutschland-sterreich-Schweiz-281675388658060\/timeline\/","article_published_time":"2018-04-13T15:53:24+00:00","article_modified_time":"2018-04-13T15:56:36+00:00","og_image":[{"width":750,"height":420,"url":"https:\/\/www.pressenza.com\/wp-content\/uploads\/2018\/04\/vollgeld-initiative-1.jpg","type":"image\/jpeg"}],"author":"Pressenza Berlin","twitter_card":"summary_large_image","twitter_creator":"@pressenza_ger","twitter_site":"@PressenzaIPA","twitter_misc":{"Verfasst von":"Pressenza Berlin","Gesch\u00e4tzte Lesezeit":"3\u00a0Minuten"},"schema":{"@context":"https:\/\/schema.org","@graph":[{"@type":"Article","@id":"https:\/\/www.pressenza.com\/de\/2018\/04\/bundesbehoerden-taeuschen-buerger-ueber-vollgeld\/#article","isPartOf":{"@id":"https:\/\/www.pressenza.com\/de\/2018\/04\/bundesbehoerden-taeuschen-buerger-ueber-vollgeld\/"},"author":{"name":"Pressenza Berlin","@id":"https:\/\/www.pressenza.com\/de\/#\/schema\/person\/57bb5480943a496a7722b0248e4b658a"},"headline":"Bundesbeh\u00f6rden t\u00e4uschen B\u00fcrger \u00fcber Vollgeld","datePublished":"2018-04-13T15:53:24+00:00","dateModified":"2018-04-13T15:56:36+00:00","mainEntityOfPage":{"@id":"https:\/\/www.pressenza.com\/de\/2018\/04\/bundesbehoerden-taeuschen-buerger-ueber-vollgeld\/"},"wordCount":543,"publisher":{"@id":"https:\/\/www.pressenza.com\/de\/#organization"},"image":{"@id":"https:\/\/www.pressenza.com\/de\/2018\/04\/bundesbehoerden-taeuschen-buerger-ueber-vollgeld\/#primaryimage"},"thumbnailUrl":"https:\/\/www.pressenza.com\/wp-content\/uploads\/2018\/04\/vollgeld-initiative-1.jpg","keywords":["Eidgen\u00f6ssische Finanzverwaltung","Vollgeld","Vollgeld-Initiative"],"articleSection":["Pressemitteilungen","Wirtschaft"],"inLanguage":"de"},{"@type":"WebPage","@id":"https:\/\/www.pressenza.com\/de\/2018\/04\/bundesbehoerden-taeuschen-buerger-ueber-vollgeld\/","url":"https:\/\/www.pressenza.com\/de\/2018\/04\/bundesbehoerden-taeuschen-buerger-ueber-vollgeld\/","name":"Bundesbeh\u00f6rden t\u00e4uschen B\u00fcrger \u00fcber Vollgeld","isPartOf":{"@id":"https:\/\/www.pressenza.com\/de\/#website"},"primaryImageOfPage":{"@id":"https:\/\/www.pressenza.com\/de\/2018\/04\/bundesbehoerden-taeuschen-buerger-ueber-vollgeld\/#primaryimage"},"image":{"@id":"https:\/\/www.pressenza.com\/de\/2018\/04\/bundesbehoerden-taeuschen-buerger-ueber-vollgeld\/#primaryimage"},"thumbnailUrl":"https:\/\/www.pressenza.com\/wp-content\/uploads\/2018\/04\/vollgeld-initiative-1.jpg","datePublished":"2018-04-13T15:53:24+00:00","dateModified":"2018-04-13T15:56:36+00:00","description":"Die Initianten der Vollgeld-Initiative pr\u00fcfen eine Klage gegen die Eidgen\u00f6ssische Finanzverwaltung. Diese operiert in ihrem Kampf gegen die Initiative mit","breadcrumb":{"@id":"https:\/\/www.pressenza.com\/de\/2018\/04\/bundesbehoerden-taeuschen-buerger-ueber-vollgeld\/#breadcrumb"},"inLanguage":"de","potentialAction":[{"@type":"ReadAction","target":["https:\/\/www.pressenza.com\/de\/2018\/04\/bundesbehoerden-taeuschen-buerger-ueber-vollgeld\/"]}]},{"@type":"ImageObject","inLanguage":"de","@id":"https:\/\/www.pressenza.com\/de\/2018\/04\/bundesbehoerden-taeuschen-buerger-ueber-vollgeld\/#primaryimage","url":"https:\/\/www.pressenza.com\/wp-content\/uploads\/2018\/04\/vollgeld-initiative-1.jpg","contentUrl":"https:\/\/www.pressenza.com\/wp-content\/uploads\/2018\/04\/vollgeld-initiative-1.jpg","width":750,"height":420},{"@type":"BreadcrumbList","@id":"https:\/\/www.pressenza.com\/de\/2018\/04\/bundesbehoerden-taeuschen-buerger-ueber-vollgeld\/#breadcrumb","itemListElement":[{"@type":"ListItem","position":1,"name":"Accueil","item":"https:\/\/www.pressenza.com\/de\/"},{"@type":"ListItem","position":2,"name":"Bundesbeh\u00f6rden t\u00e4uschen B\u00fcrger \u00fcber Vollgeld"}]},{"@type":"WebSite","@id":"https:\/\/www.pressenza.com\/de\/#website","url":"https:\/\/www.pressenza.com\/de\/","name":"Pressenza","description":"International Press Agency","publisher":{"@id":"https:\/\/www.pressenza.com\/de\/#organization"},"potentialAction":[{"@type":"SearchAction","target":{"@type":"EntryPoint","urlTemplate":"https:\/\/www.pressenza.com\/de\/?s={search_term_string}"},"query-input":{"@type":"PropertyValueSpecification","valueRequired":true,"valueName":"search_term_string"}}],"inLanguage":"de"},{"@type":"Organization","@id":"https:\/\/www.pressenza.com\/de\/#organization","name":"Pressenza","url":"https:\/\/www.pressenza.com\/de\/","logo":{"@type":"ImageObject","inLanguage":"de","@id":"https:\/\/www.pressenza.com\/de\/#\/schema\/logo\/image\/","url":"https:\/\/www.pressenza.com\/wp-content\/uploads\/2022\/10\/pressenza_logo_200x200.jpg","contentUrl":"https:\/\/www.pressenza.com\/wp-content\/uploads\/2022\/10\/pressenza_logo_200x200.jpg","width":200,"height":200,"caption":"Pressenza"},"image":{"@id":"https:\/\/www.pressenza.com\/de\/#\/schema\/logo\/image\/"},"sameAs":["https:\/\/www.facebook.com\/PressenzaItalia","https:\/\/x.com\/PressenzaIPA"]},{"@type":"Person","@id":"https:\/\/www.pressenza.com\/de\/#\/schema\/person\/57bb5480943a496a7722b0248e4b658a","name":"Pressenza Berlin","description":"News from the Pressenza Bureau in Berlin, Germany","sameAs":["https:\/\/www.facebook.com\/Pressenza-Deutschland-sterreich-Schweiz-281675388658060\/timeline\/","https:\/\/x.com\/pressenza_ger"],"url":"https:\/\/www.pressenza.com\/de\/author\/pressenza-berlin\/"}]}},"place":"","original_article_url":"","_links":{"self":[{"href":"https:\/\/www.pressenza.com\/de\/wp-json\/wp\/v2\/posts\/624863","targetHints":{"allow":["GET"]}}],"collection":[{"href":"https:\/\/www.pressenza.com\/de\/wp-json\/wp\/v2\/posts"}],"about":[{"href":"https:\/\/www.pressenza.com\/de\/wp-json\/wp\/v2\/types\/post"}],"author":[{"embeddable":true,"href":"https:\/\/www.pressenza.com\/de\/wp-json\/wp\/v2\/users\/1095"}],"replies":[{"embeddable":true,"href":"https:\/\/www.pressenza.com\/de\/wp-json\/wp\/v2\/comments?post=624863"}],"version-history":[{"count":0,"href":"https:\/\/www.pressenza.com\/de\/wp-json\/wp\/v2\/posts\/624863\/revisions"}],"wp:featuredmedia":[{"embeddable":true,"href":"https:\/\/www.pressenza.com\/de\/wp-json\/wp\/v2\/media\/624962"}],"wp:attachment":[{"href":"https:\/\/www.pressenza.com\/de\/wp-json\/wp\/v2\/media?parent=624863"}],"wp:term":[{"taxonomy":"category","embeddable":true,"href":"https:\/\/www.pressenza.com\/de\/wp-json\/wp\/v2\/categories?post=624863"},{"taxonomy":"post_tag","embeddable":true,"href":"https:\/\/www.pressenza.com\/de\/wp-json\/wp\/v2\/tags?post=624863"}],"curies":[{"name":"wp","href":"https:\/\/api.w.org\/{rel}","templated":true}]}}