{"id":623189,"date":"2018-04-09T11:26:15","date_gmt":"2018-04-09T10:26:15","guid":{"rendered":"https:\/\/www.pressenza.com\/?p=623189"},"modified":"2018-07-16T17:22:58","modified_gmt":"2018-07-16T16:22:58","slug":"piero-giorgi-empathie-solidaritaet-kooperation-gewaltfreiheit-spiritualitaet-und-respekt-gegenueber-der-natur-koennen-uns-verbinden","status":"publish","type":"post","link":"https:\/\/www.pressenza.com\/de\/2018\/04\/piero-giorgi-empathie-solidaritaet-kooperation-gewaltfreiheit-spiritualitaet-und-respekt-gegenueber-der-natur-koennen-uns-verbinden\/","title":{"rendered":"Piero Giorgi: Empathie, Solidarit\u00e4t, Kooperation, Gewaltfreiheit, Spiritualit\u00e4t und Respekt gegen\u00fcber der Natur k\u00f6nnen uns verbinden"},"content":{"rendered":"<p><strong>Im Zuge der Vorbereitungen f\u00fcr das <a href=\"https:\/\/www.humanistforum.org\/de\/\" target=\"_blank\" rel=\"noopener\">Europ\u00e4ische Humanistische Forum<\/a> haben wir unsere teilnehmenden Rednerinnen und Redner zu den Ideen interviewt, die hinter dem Forum stehen.<\/strong><\/p>\n<p>Piero P. Giorgi ist italienischer Neurologe, seine Ausbildung f\u00fchrte ihn zuerst nach Bologna, dann ins Vereinigte K\u00f6nigreich und die Schweiz und schlie\u00dflich zur Universit\u00e4t von Queensland in Brisbane, Australien, wo er den Studiengang \u201ePeace Studies\u201c (Friedensstudien) ins Leben rief, bevor er 2004 in den Ruhestand ging.<\/p>\n<p><strong>EHF2018: Piero, was hat damals Dein Interesse f\u00fcr Frieden und Gewaltfreiheit geweckt?<\/strong><\/p>\n<p><strong>PPG:<\/strong> 1986 wurde mir w\u00e4hrend eines Palmsonntag-Friedensmarsches bewusst, dass Frieden eigentlich studiert geh\u00f6rt und nicht auf der Stra\u00dfe gefordert. Dann dachte ich mir, dass ich meine Kenntnisse \u00fcber das menschliche Gehirn und unsere Verhaltensmuster nutzen sollte, um die Ursache von Gewalt zu recherchieren. Drei\u00dfig Jahre und viele Publikationen sp\u00e4ter kann ich voller Zuversicht die neue Hypothese der gewaltfreien menschlichen Natur (hat nichts mit J.J. Rousseau zu tun) pr\u00e4sentieren, die von sechs multidisziplin\u00e4ren wissenschaftlichen Beweisen unterst\u00fctzt wird. Der Begriff \u201emenschliche Natur\u201c bezieht sich dabei auf unsere biologisch-kulturelle (nicht nur biologische) Evolution.(1)<\/p>\n<p><strong>EHF2018: Es gibt viele, die die Menschheit durch eine \u201edarwinistische Brille\u201c sehen, also als Produkt des \u00dcberlebenskampfes, dem sogenannten \u201eSurvival of the Fittest\u201c, dem \u00dcberleben des St\u00e4rkeren. Manche glauben, die Gewalt sei von Natur aus Teil des Menschen. Wie siehst Du das?<\/strong><\/p>\n<p><strong>PPG:<\/strong> Als kurze Einf\u00fchrung ist es notwendig zu wissen, dass erstens die Begriffe \u201eEvolution\u201c und \u201eSurvival of the Fittest\u201c (beide inkorrekt) nie von Charles Darwin verwendet wurden, sondern von Herbert Spencer, der kein Wissenschaftler, sondern schon fast ein Scharlatan war, und zweitens, dass die Transmutation der Spezies erstmals von Jean B. Lamarck (1809) vorgeschlagen wurde, wohingegen Darwin die nat\u00fcrliche Selektion (1859) \u201enur\u201c als Mechanismus zur Erkl\u00e4rung der Transmutation der Spezies verwendete.<\/p>\n<p>Warum erw\u00e4hnen die Medien und die Lehrpl\u00e4ne in den Schulen immer nur Darwin, wenn es um die \u201eEvolution\u201c geht, und nicht Lamarck oder modernere Autoren wie Julian Huxley, George G. Simpson, Francisco J. Ayala etc., die eine korrekte, aktualisierte Sichtweise dieser so wichtigen Theorie der Biologie anbieten? Warum wird die falsche Terminologie von H. Spencer immer Darwin zugeschrieben und warum wurde dies so erfolgreich in der \u00f6ffentlichen Meinung verankert? Leider ist auch die Wissenschaft nicht frei von politischem Einfluss.<\/p>\n<p>Dar\u00fcber hinaus wird die falsche Idee, dass der Mensch \u201evon Natur aus\u201c gewaltt\u00e4tig sei, und die bereits vor Jahrzehnten widerlegt wurde, immer noch von Regierungen (die sich gerne selber aus der Verpflichtung entlassen, radikale soziale Ver\u00e4nderungen einzuf\u00fchren, um Gewalt zu verhindern), von h\u00f6heren Klassen der Gesellschaft (die sich \u201evon Natur aus\u201c dazu berufen f\u00fchlen, die Geschicke der Menschheit zu leiten) sowie auch von Mittelschichten der Gesellschaft (die sich von der Aussicht, ihren eigenen Lebensstil und konservative Haltung \u00e4ndern zu m\u00fcssen, bedr\u00e4ngt f\u00fchlen) unterst\u00fctzt.<\/p>\n<p>Nichtsdestotrotz liefert jetzt eine steigende Anzahl von Wissenschaftlern, besonders Neurologen und Anthropologen, aussagekr\u00e4ftige Beweise, die die neue Idee unterst\u00fctzen, dass unsere Spezies, Homo sapiens, von Natur aus gewaltfrei ist (im Bezug auf die biologisch-kulturelle, nicht die genetische Entwicklung), und dass Gewalt erst relativ sp\u00e4t, vor ca. 5.000 bis 6.000 Jahren, durch einen \u201erapiden\u201c kulturellen Prozess erstmals auftrat (siehe Link Fu\u00dfnote unten). Diese Trag\u00f6die in der Geschichte der Menschheit erschien nach der Erfindung der Produktion von Lebensmittels und dem damit verbundenen Entstehen von gro\u00dfen, nach Schichten aufgeteilten menschliche Siedlungen, wobei wir schrittweise unsere Menschlichkeit durch die Einf\u00fchrung von struktureller Gewalt, direkter Gewalt und von Kriegen verloren haben.<\/p>\n<p>Jetzt, da wir wissen, wer wir sind, und dass wir von Natur aus gewaltfrei sind, k\u00f6nnen wir damit beginnen, das hohe Ma\u00df der verschiedenen Formen von Gewalt gegen Menschen und gegen die Umwelt zu reduzieren.<\/p>\n<p><strong>EHF2018: Du wirst im Arbeitsbereich <a href=\"https:\/\/www.humanistforum.org\/de\/themenbereiche\/humanistische-und-gewaltfreie-bildung\/\" target=\"_blank\" rel=\"noopener\">Humanistische und gewaltfreie Erziehung<\/a> sprechen. Kannst Du uns etwas zu den Themen sagen, die Deiner Ansicht nach in diesem Arbeitsbereich weiter entwickelt werden sollten?<\/strong><\/p>\n<p><strong>PPG<\/strong>: Erziehung geschieht auf vielf\u00e4ltige Weise, nicht nur in der formalen Schulbildung.<\/p>\n<p>Die effektivste \u201eErziehung\u201c k\u00f6nnte nonverbal in den ersten 5 Jahren passieren: die Beziehungen zwischen M\u00fcttern und ihren Babys k\u00f6nnten komplett anders sein, als sie es momentan sind, die sozialen Modelle, die Kleinkindern vorgelebt werden (und die auf nat\u00fcrliche Weise von ihnen imitiert werden) k\u00f6nnten komplett anders sein, als sie es momentan sind. W\u00e4hrend der ersten f\u00fcnf Lebensjahre haben wir die M\u00f6glichkeit, gewaltfreie Menschen zu bilden, aber wir tun es nicht.<\/p>\n<p>W\u00e4hrend einer weiteren wichtigen Lebensphase, zwischen f\u00fcnf und f\u00fcnfzehn Jahren, k\u00f6nnten wir die formale Schuldbildung dann dazu nutzen, um selbst denkende B\u00fcrger zu bilden, also kreative und sozialisierte junge Menschen, aber momentan bilden wir lieber gehorsame Sch\u00fcler und zuk\u00fcnftige konservative Konsumenten aus, wobei konservativ in diesem Fall strukturell gewaltt\u00e4tig bedeutet.<\/p>\n<p>Heranwachsende Menschen behalten sich immer noch einen gewissen Idealismus (der interessanterweise nicht gewollt ist), der sowohl in eine destruktive als auch in eine konstruktive Richtung m\u00fcnden kann. Nochmals, konstruktive soziale Modelle k\u00f6nnten diese Wahl beeinflussen, aber momentan sind sie sehr rar und werden von den Massenmedien ignoriert.<\/p>\n<p>Junge Menschen sind in der Regel viel zu sehr damit besch\u00e4ftigt, in den Konkurrenzkampf des Konsums einzusteigen, als dass ein so unkonventioneller Lebensstil wie die Gewaltfreiheit gepflegt werden k\u00f6nnte. Die wenigen F\u00e4lle, in denen das gelingt, sind zu selten, um die dringend notwendige Wandlung zur gewaltfreien Gesellschaft zu schaffen (wir sind eine Spezies, die von der Ausl\u00f6schung bedroht ist).<\/p>\n<p>Hohes Alter k\u00f6nnte mit versp\u00e4teten weisen Einsichten \u00fcberraschen, aber dann ist es zu sp\u00e4t, um eine effektive Rolle zu spielen.<\/p>\n<p><strong>EHF2018: Die Idee hinter dem Forum ist es, Menschen aus verschiedensten Fachgebieten zusammenzubringen und gemeinsam das zu entdecken, \u201ewas uns verbindet\u201c. Warum ist es aus Deiner Sicht wichtig, dass dieses Forum stattfindet und was ist es Deiner Meinung nach, was uns verbindet?<\/strong><\/p>\n<p><strong>PPG:<\/strong> Als Wissenschaftler, der die menschliche Natur studiert, habe ich schon immer nach Gemeinsamkeiten zwischen Menschen gesucht. Philosophen, Soziologen und klassische Anthropologen haben sich dagegen auf die Unterschiede der ca. 6.000 \u2013 7.000 menschlichen Kulturen konzentriert, die auf der Erde existieren, und folgerten daraus, dass es unm\u00f6glich sei, die menschliche Natur zu definieren. Ich folgen hingegen modernen Ideen von evolution\u00e4ren Biologen und entdeckte mehrere Beweise daf\u00fcr, dass der Homo sapiens des Pal\u00e4olithikums, also vor mindestens 50.000 Jahren oder noch fr\u00fcher, gewaltfrei war. Interessanterweise sind auch alle heute noch existierenden Nomadenv\u00f6lker, die nach dem J\u00e4ger-Sammler-Prinzip leben (an die 20 V\u00f6lker), ebenfalls gewaltfrei. Diese beiden von unserer Gesellschaft weit entfernten Modelle stellen die wahre Natur des Menschen dar und k\u00f6nnen dazu dienen, die menschliche Natur zu definieren (Achtung: J.J. Rousseau hat damit nichts zu tun).<\/p>\n<p>Das ist es, was uns verbinden k\u00f6nnte: Empathie, Solidarit\u00e4t, Kooperation, Gewaltfreiheit, Spiritualit\u00e4t (nicht Religion) und Respekt gegen\u00fcber der Natur. Aber wir haben all diese menschlichen Charakteristiken immer weiter verloren und stattdessen Gewalt kulturell angenommen, indem wir Kinder \u00e4u\u00dferst effektiv dazu erziehen, Gewalt zu akzeptieren und auszu\u00fcben, weil das der Minderheit dient, die die modernen in Schichten aufgeteilte Gesellschaften regieren.<\/p>\n<p>(1) Eine Zusammenfassung in englischer Sprache finden Sie hier (letzter Eintrag): <a href=\"http:\/\/www.pierogiorgi.org\/detailed-academic-cv-and-publications\/peace-studies\/\" target=\"_blank\" rel=\"noopener\">http:\/\/www.pierogiorgi.org\/detailed-academic-cv-and-publications\/peace-studies\/<\/a><\/p>\n<p><em>\u00dcbersetzung aus dem Englischen von Evelyn Rottengatter<\/em><\/p>\n","protected":false},"excerpt":{"rendered":"<p>Im Zuge der Vorbereitungen f\u00fcr das Europ\u00e4ische Humanistische Forum haben wir unsere teilnehmenden Rednerinnen und Redner zu den Ideen interviewt, die hinter dem Forum stehen. Piero P. Giorgi ist italienischer Neurologe, seine Ausbildung f\u00fchrte ihn zuerst nach Bologna, dann ins&hellip;<\/p>\n","protected":false},"author":1508,"featured_media":621991,"comment_status":"closed","ping_status":"closed","sticky":false,"template":"","format":"standard","meta":{"footnotes":""},"categories":[9159,9150,9142,11387],"tags":[43429,43135,44955],"class_list":["post-623189","post","type-post","status-publish","format-standard","has-post-thumbnail","hentry","category-bildung","category-europa-de","category-interviews-de","category-originalinhalt","tag-ehf2018","tag-europaeisches-humanistisches-forum","tag-piero-p-giorgi"],"yoast_head":"<!-- This site is optimized with the Yoast SEO plugin v27.1.1 - https:\/\/yoast.com\/product\/yoast-seo-wordpress\/ -->\n<title>Piero Giorgi: Empathie, Solidarit\u00e4t, Kooperation, Gewaltfreiheit, Spiritualit\u00e4t und Respekt gegen\u00fcber der Natur k\u00f6nnen uns verbinden<\/title>\n<meta name=\"description\" content=\"Im Zuge der Vorbereitungen f\u00fcr das Europ\u00e4ische Humanistische Forum haben wir unsere teilnehmenden Rednerinnen und Redner zu den Ideen interviewt, die\" \/>\n<meta name=\"robots\" content=\"index, follow, max-snippet:-1, max-image-preview:large, max-video-preview:-1\" \/>\n<link rel=\"canonical\" href=\"https:\/\/www.pressenza.com\/de\/2018\/04\/piero-giorgi-empathie-solidaritaet-kooperation-gewaltfreiheit-spiritualitaet-und-respekt-gegenueber-der-natur-koennen-uns-verbinden\/\" \/>\n<meta property=\"og:locale\" content=\"de_DE\" \/>\n<meta property=\"og:type\" content=\"article\" \/>\n<meta property=\"og:title\" content=\"Piero Giorgi: Empathie, Solidarit\u00e4t, Kooperation, Gewaltfreiheit, Spiritualit\u00e4t und Respekt gegen\u00fcber der Natur k\u00f6nnen uns verbinden\" \/>\n<meta property=\"og:description\" content=\"Im Zuge der Vorbereitungen f\u00fcr das Europ\u00e4ische Humanistische Forum haben wir unsere teilnehmenden Rednerinnen und Redner zu den Ideen interviewt, die\" \/>\n<meta property=\"og:url\" content=\"https:\/\/www.pressenza.com\/de\/2018\/04\/piero-giorgi-empathie-solidaritaet-kooperation-gewaltfreiheit-spiritualitaet-und-respekt-gegenueber-der-natur-koennen-uns-verbinden\/\" \/>\n<meta property=\"og:site_name\" content=\"Pressenza\" \/>\n<meta property=\"article:publisher\" content=\"https:\/\/www.facebook.com\/PressenzaItalia\" \/>\n<meta property=\"article:published_time\" content=\"2018-04-09T10:26:15+00:00\" \/>\n<meta property=\"article:modified_time\" content=\"2018-07-16T16:22:58+00:00\" \/>\n<meta property=\"og:image\" content=\"https:\/\/www.pressenza.com\/wp-content\/uploads\/2018\/04\/Piero-Giorgi.jpg\" \/>\n\t<meta property=\"og:image:width\" content=\"1280\" \/>\n\t<meta property=\"og:image:height\" content=\"720\" \/>\n\t<meta property=\"og:image:type\" content=\"image\/jpeg\" \/>\n<meta name=\"author\" content=\"European Humanist Forum\" \/>\n<meta name=\"twitter:card\" content=\"summary_large_image\" \/>\n<meta name=\"twitter:creator\" content=\"@PressenzaIPA\" \/>\n<meta name=\"twitter:site\" content=\"@PressenzaIPA\" \/>\n<meta name=\"twitter:label1\" content=\"Verfasst von\" \/>\n\t<meta name=\"twitter:data1\" content=\"European Humanist Forum\" \/>\n\t<meta name=\"twitter:label2\" content=\"Gesch\u00e4tzte Lesezeit\" \/>\n\t<meta name=\"twitter:data2\" content=\"6\u00a0Minuten\" \/>\n<script type=\"application\/ld+json\" class=\"yoast-schema-graph\">{\"@context\":\"https:\/\/schema.org\",\"@graph\":[{\"@type\":\"Article\",\"@id\":\"https:\/\/www.pressenza.com\/de\/2018\/04\/piero-giorgi-empathie-solidaritaet-kooperation-gewaltfreiheit-spiritualitaet-und-respekt-gegenueber-der-natur-koennen-uns-verbinden\/#article\",\"isPartOf\":{\"@id\":\"https:\/\/www.pressenza.com\/de\/2018\/04\/piero-giorgi-empathie-solidaritaet-kooperation-gewaltfreiheit-spiritualitaet-und-respekt-gegenueber-der-natur-koennen-uns-verbinden\/\"},\"author\":{\"name\":\"European Humanist Forum\",\"@id\":\"https:\/\/www.pressenza.com\/de\/#\/schema\/person\/0b103aa2cc3460da3ad453ade8a7ef24\"},\"headline\":\"Piero Giorgi: Empathie, Solidarit\u00e4t, Kooperation, Gewaltfreiheit, Spiritualit\u00e4t und Respekt gegen\u00fcber der Natur k\u00f6nnen uns verbinden\",\"datePublished\":\"2018-04-09T10:26:15+00:00\",\"dateModified\":\"2018-07-16T16:22:58+00:00\",\"mainEntityOfPage\":{\"@id\":\"https:\/\/www.pressenza.com\/de\/2018\/04\/piero-giorgi-empathie-solidaritaet-kooperation-gewaltfreiheit-spiritualitaet-und-respekt-gegenueber-der-natur-koennen-uns-verbinden\/\"},\"wordCount\":1222,\"publisher\":{\"@id\":\"https:\/\/www.pressenza.com\/de\/#organization\"},\"image\":{\"@id\":\"https:\/\/www.pressenza.com\/de\/2018\/04\/piero-giorgi-empathie-solidaritaet-kooperation-gewaltfreiheit-spiritualitaet-und-respekt-gegenueber-der-natur-koennen-uns-verbinden\/#primaryimage\"},\"thumbnailUrl\":\"https:\/\/www.pressenza.com\/wp-content\/uploads\/2018\/04\/Piero-Giorgi.jpg\",\"keywords\":[\"EHF2018\",\"Europ\u00e4isches Humanistisches Forum\",\"Piero P. Giorgi\"],\"articleSection\":[\"Bildung\",\"Europa\",\"Interviews\",\"Originalinhalt\"],\"inLanguage\":\"de\"},{\"@type\":\"WebPage\",\"@id\":\"https:\/\/www.pressenza.com\/de\/2018\/04\/piero-giorgi-empathie-solidaritaet-kooperation-gewaltfreiheit-spiritualitaet-und-respekt-gegenueber-der-natur-koennen-uns-verbinden\/\",\"url\":\"https:\/\/www.pressenza.com\/de\/2018\/04\/piero-giorgi-empathie-solidaritaet-kooperation-gewaltfreiheit-spiritualitaet-und-respekt-gegenueber-der-natur-koennen-uns-verbinden\/\",\"name\":\"Piero Giorgi: Empathie, Solidarit\u00e4t, Kooperation, Gewaltfreiheit, Spiritualit\u00e4t und Respekt gegen\u00fcber der Natur k\u00f6nnen uns verbinden\",\"isPartOf\":{\"@id\":\"https:\/\/www.pressenza.com\/de\/#website\"},\"primaryImageOfPage\":{\"@id\":\"https:\/\/www.pressenza.com\/de\/2018\/04\/piero-giorgi-empathie-solidaritaet-kooperation-gewaltfreiheit-spiritualitaet-und-respekt-gegenueber-der-natur-koennen-uns-verbinden\/#primaryimage\"},\"image\":{\"@id\":\"https:\/\/www.pressenza.com\/de\/2018\/04\/piero-giorgi-empathie-solidaritaet-kooperation-gewaltfreiheit-spiritualitaet-und-respekt-gegenueber-der-natur-koennen-uns-verbinden\/#primaryimage\"},\"thumbnailUrl\":\"https:\/\/www.pressenza.com\/wp-content\/uploads\/2018\/04\/Piero-Giorgi.jpg\",\"datePublished\":\"2018-04-09T10:26:15+00:00\",\"dateModified\":\"2018-07-16T16:22:58+00:00\",\"description\":\"Im Zuge der Vorbereitungen f\u00fcr das Europ\u00e4ische Humanistische Forum haben wir unsere teilnehmenden Rednerinnen und Redner zu den Ideen interviewt, die\",\"breadcrumb\":{\"@id\":\"https:\/\/www.pressenza.com\/de\/2018\/04\/piero-giorgi-empathie-solidaritaet-kooperation-gewaltfreiheit-spiritualitaet-und-respekt-gegenueber-der-natur-koennen-uns-verbinden\/#breadcrumb\"},\"inLanguage\":\"de\",\"potentialAction\":[{\"@type\":\"ReadAction\",\"target\":[\"https:\/\/www.pressenza.com\/de\/2018\/04\/piero-giorgi-empathie-solidaritaet-kooperation-gewaltfreiheit-spiritualitaet-und-respekt-gegenueber-der-natur-koennen-uns-verbinden\/\"]}]},{\"@type\":\"ImageObject\",\"inLanguage\":\"de\",\"@id\":\"https:\/\/www.pressenza.com\/de\/2018\/04\/piero-giorgi-empathie-solidaritaet-kooperation-gewaltfreiheit-spiritualitaet-und-respekt-gegenueber-der-natur-koennen-uns-verbinden\/#primaryimage\",\"url\":\"https:\/\/www.pressenza.com\/wp-content\/uploads\/2018\/04\/Piero-Giorgi.jpg\",\"contentUrl\":\"https:\/\/www.pressenza.com\/wp-content\/uploads\/2018\/04\/Piero-Giorgi.jpg\",\"width\":1280,\"height\":720},{\"@type\":\"BreadcrumbList\",\"@id\":\"https:\/\/www.pressenza.com\/de\/2018\/04\/piero-giorgi-empathie-solidaritaet-kooperation-gewaltfreiheit-spiritualitaet-und-respekt-gegenueber-der-natur-koennen-uns-verbinden\/#breadcrumb\",\"itemListElement\":[{\"@type\":\"ListItem\",\"position\":1,\"name\":\"Accueil\",\"item\":\"https:\/\/www.pressenza.com\/de\/\"},{\"@type\":\"ListItem\",\"position\":2,\"name\":\"Piero Giorgi: Empathie, Solidarit\u00e4t, Kooperation, Gewaltfreiheit, Spiritualit\u00e4t und Respekt gegen\u00fcber der Natur k\u00f6nnen uns verbinden\"}]},{\"@type\":\"WebSite\",\"@id\":\"https:\/\/www.pressenza.com\/de\/#website\",\"url\":\"https:\/\/www.pressenza.com\/de\/\",\"name\":\"Pressenza\",\"description\":\"International Press Agency\",\"publisher\":{\"@id\":\"https:\/\/www.pressenza.com\/de\/#organization\"},\"potentialAction\":[{\"@type\":\"SearchAction\",\"target\":{\"@type\":\"EntryPoint\",\"urlTemplate\":\"https:\/\/www.pressenza.com\/de\/?s={search_term_string}\"},\"query-input\":{\"@type\":\"PropertyValueSpecification\",\"valueRequired\":true,\"valueName\":\"search_term_string\"}}],\"inLanguage\":\"de\"},{\"@type\":\"Organization\",\"@id\":\"https:\/\/www.pressenza.com\/de\/#organization\",\"name\":\"Pressenza\",\"url\":\"https:\/\/www.pressenza.com\/de\/\",\"logo\":{\"@type\":\"ImageObject\",\"inLanguage\":\"de\",\"@id\":\"https:\/\/www.pressenza.com\/de\/#\/schema\/logo\/image\/\",\"url\":\"https:\/\/www.pressenza.com\/wp-content\/uploads\/2022\/10\/pressenza_logo_200x200.jpg\",\"contentUrl\":\"https:\/\/www.pressenza.com\/wp-content\/uploads\/2022\/10\/pressenza_logo_200x200.jpg\",\"width\":200,\"height\":200,\"caption\":\"Pressenza\"},\"image\":{\"@id\":\"https:\/\/www.pressenza.com\/de\/#\/schema\/logo\/image\/\"},\"sameAs\":[\"https:\/\/www.facebook.com\/PressenzaItalia\",\"https:\/\/x.com\/PressenzaIPA\"]},{\"@type\":\"Person\",\"@id\":\"https:\/\/www.pressenza.com\/de\/#\/schema\/person\/0b103aa2cc3460da3ad453ade8a7ef24\",\"name\":\"European Humanist Forum\",\"url\":\"https:\/\/www.pressenza.com\/de\/author\/european-humanist-forum-2018\/\"}]}<\/script>\n<!-- \/ Yoast SEO plugin. -->","yoast_head_json":{"title":"Piero Giorgi: Empathie, Solidarit\u00e4t, Kooperation, Gewaltfreiheit, Spiritualit\u00e4t und Respekt gegen\u00fcber der Natur k\u00f6nnen uns verbinden","description":"Im Zuge der Vorbereitungen f\u00fcr das Europ\u00e4ische Humanistische Forum haben wir unsere teilnehmenden Rednerinnen und Redner zu den Ideen interviewt, die","robots":{"index":"index","follow":"follow","max-snippet":"max-snippet:-1","max-image-preview":"max-image-preview:large","max-video-preview":"max-video-preview:-1"},"canonical":"https:\/\/www.pressenza.com\/de\/2018\/04\/piero-giorgi-empathie-solidaritaet-kooperation-gewaltfreiheit-spiritualitaet-und-respekt-gegenueber-der-natur-koennen-uns-verbinden\/","og_locale":"de_DE","og_type":"article","og_title":"Piero Giorgi: Empathie, Solidarit\u00e4t, Kooperation, Gewaltfreiheit, Spiritualit\u00e4t und Respekt gegen\u00fcber der Natur k\u00f6nnen uns verbinden","og_description":"Im Zuge der Vorbereitungen f\u00fcr das Europ\u00e4ische Humanistische Forum haben wir unsere teilnehmenden Rednerinnen und Redner zu den Ideen interviewt, die","og_url":"https:\/\/www.pressenza.com\/de\/2018\/04\/piero-giorgi-empathie-solidaritaet-kooperation-gewaltfreiheit-spiritualitaet-und-respekt-gegenueber-der-natur-koennen-uns-verbinden\/","og_site_name":"Pressenza","article_publisher":"https:\/\/www.facebook.com\/PressenzaItalia","article_published_time":"2018-04-09T10:26:15+00:00","article_modified_time":"2018-07-16T16:22:58+00:00","og_image":[{"width":1280,"height":720,"url":"https:\/\/www.pressenza.com\/wp-content\/uploads\/2018\/04\/Piero-Giorgi.jpg","type":"image\/jpeg"}],"author":"European Humanist Forum","twitter_card":"summary_large_image","twitter_creator":"@PressenzaIPA","twitter_site":"@PressenzaIPA","twitter_misc":{"Verfasst von":"European Humanist Forum","Gesch\u00e4tzte Lesezeit":"6\u00a0Minuten"},"schema":{"@context":"https:\/\/schema.org","@graph":[{"@type":"Article","@id":"https:\/\/www.pressenza.com\/de\/2018\/04\/piero-giorgi-empathie-solidaritaet-kooperation-gewaltfreiheit-spiritualitaet-und-respekt-gegenueber-der-natur-koennen-uns-verbinden\/#article","isPartOf":{"@id":"https:\/\/www.pressenza.com\/de\/2018\/04\/piero-giorgi-empathie-solidaritaet-kooperation-gewaltfreiheit-spiritualitaet-und-respekt-gegenueber-der-natur-koennen-uns-verbinden\/"},"author":{"name":"European Humanist Forum","@id":"https:\/\/www.pressenza.com\/de\/#\/schema\/person\/0b103aa2cc3460da3ad453ade8a7ef24"},"headline":"Piero Giorgi: Empathie, Solidarit\u00e4t, Kooperation, Gewaltfreiheit, Spiritualit\u00e4t und Respekt gegen\u00fcber der Natur k\u00f6nnen uns verbinden","datePublished":"2018-04-09T10:26:15+00:00","dateModified":"2018-07-16T16:22:58+00:00","mainEntityOfPage":{"@id":"https:\/\/www.pressenza.com\/de\/2018\/04\/piero-giorgi-empathie-solidaritaet-kooperation-gewaltfreiheit-spiritualitaet-und-respekt-gegenueber-der-natur-koennen-uns-verbinden\/"},"wordCount":1222,"publisher":{"@id":"https:\/\/www.pressenza.com\/de\/#organization"},"image":{"@id":"https:\/\/www.pressenza.com\/de\/2018\/04\/piero-giorgi-empathie-solidaritaet-kooperation-gewaltfreiheit-spiritualitaet-und-respekt-gegenueber-der-natur-koennen-uns-verbinden\/#primaryimage"},"thumbnailUrl":"https:\/\/www.pressenza.com\/wp-content\/uploads\/2018\/04\/Piero-Giorgi.jpg","keywords":["EHF2018","Europ\u00e4isches Humanistisches Forum","Piero P. Giorgi"],"articleSection":["Bildung","Europa","Interviews","Originalinhalt"],"inLanguage":"de"},{"@type":"WebPage","@id":"https:\/\/www.pressenza.com\/de\/2018\/04\/piero-giorgi-empathie-solidaritaet-kooperation-gewaltfreiheit-spiritualitaet-und-respekt-gegenueber-der-natur-koennen-uns-verbinden\/","url":"https:\/\/www.pressenza.com\/de\/2018\/04\/piero-giorgi-empathie-solidaritaet-kooperation-gewaltfreiheit-spiritualitaet-und-respekt-gegenueber-der-natur-koennen-uns-verbinden\/","name":"Piero Giorgi: Empathie, Solidarit\u00e4t, Kooperation, Gewaltfreiheit, Spiritualit\u00e4t und Respekt gegen\u00fcber der Natur k\u00f6nnen uns verbinden","isPartOf":{"@id":"https:\/\/www.pressenza.com\/de\/#website"},"primaryImageOfPage":{"@id":"https:\/\/www.pressenza.com\/de\/2018\/04\/piero-giorgi-empathie-solidaritaet-kooperation-gewaltfreiheit-spiritualitaet-und-respekt-gegenueber-der-natur-koennen-uns-verbinden\/#primaryimage"},"image":{"@id":"https:\/\/www.pressenza.com\/de\/2018\/04\/piero-giorgi-empathie-solidaritaet-kooperation-gewaltfreiheit-spiritualitaet-und-respekt-gegenueber-der-natur-koennen-uns-verbinden\/#primaryimage"},"thumbnailUrl":"https:\/\/www.pressenza.com\/wp-content\/uploads\/2018\/04\/Piero-Giorgi.jpg","datePublished":"2018-04-09T10:26:15+00:00","dateModified":"2018-07-16T16:22:58+00:00","description":"Im Zuge der Vorbereitungen f\u00fcr das Europ\u00e4ische Humanistische Forum haben wir unsere teilnehmenden Rednerinnen und Redner zu den Ideen interviewt, die","breadcrumb":{"@id":"https:\/\/www.pressenza.com\/de\/2018\/04\/piero-giorgi-empathie-solidaritaet-kooperation-gewaltfreiheit-spiritualitaet-und-respekt-gegenueber-der-natur-koennen-uns-verbinden\/#breadcrumb"},"inLanguage":"de","potentialAction":[{"@type":"ReadAction","target":["https:\/\/www.pressenza.com\/de\/2018\/04\/piero-giorgi-empathie-solidaritaet-kooperation-gewaltfreiheit-spiritualitaet-und-respekt-gegenueber-der-natur-koennen-uns-verbinden\/"]}]},{"@type":"ImageObject","inLanguage":"de","@id":"https:\/\/www.pressenza.com\/de\/2018\/04\/piero-giorgi-empathie-solidaritaet-kooperation-gewaltfreiheit-spiritualitaet-und-respekt-gegenueber-der-natur-koennen-uns-verbinden\/#primaryimage","url":"https:\/\/www.pressenza.com\/wp-content\/uploads\/2018\/04\/Piero-Giorgi.jpg","contentUrl":"https:\/\/www.pressenza.com\/wp-content\/uploads\/2018\/04\/Piero-Giorgi.jpg","width":1280,"height":720},{"@type":"BreadcrumbList","@id":"https:\/\/www.pressenza.com\/de\/2018\/04\/piero-giorgi-empathie-solidaritaet-kooperation-gewaltfreiheit-spiritualitaet-und-respekt-gegenueber-der-natur-koennen-uns-verbinden\/#breadcrumb","itemListElement":[{"@type":"ListItem","position":1,"name":"Accueil","item":"https:\/\/www.pressenza.com\/de\/"},{"@type":"ListItem","position":2,"name":"Piero Giorgi: Empathie, Solidarit\u00e4t, Kooperation, Gewaltfreiheit, Spiritualit\u00e4t und Respekt gegen\u00fcber der Natur k\u00f6nnen uns verbinden"}]},{"@type":"WebSite","@id":"https:\/\/www.pressenza.com\/de\/#website","url":"https:\/\/www.pressenza.com\/de\/","name":"Pressenza","description":"International Press Agency","publisher":{"@id":"https:\/\/www.pressenza.com\/de\/#organization"},"potentialAction":[{"@type":"SearchAction","target":{"@type":"EntryPoint","urlTemplate":"https:\/\/www.pressenza.com\/de\/?s={search_term_string}"},"query-input":{"@type":"PropertyValueSpecification","valueRequired":true,"valueName":"search_term_string"}}],"inLanguage":"de"},{"@type":"Organization","@id":"https:\/\/www.pressenza.com\/de\/#organization","name":"Pressenza","url":"https:\/\/www.pressenza.com\/de\/","logo":{"@type":"ImageObject","inLanguage":"de","@id":"https:\/\/www.pressenza.com\/de\/#\/schema\/logo\/image\/","url":"https:\/\/www.pressenza.com\/wp-content\/uploads\/2022\/10\/pressenza_logo_200x200.jpg","contentUrl":"https:\/\/www.pressenza.com\/wp-content\/uploads\/2022\/10\/pressenza_logo_200x200.jpg","width":200,"height":200,"caption":"Pressenza"},"image":{"@id":"https:\/\/www.pressenza.com\/de\/#\/schema\/logo\/image\/"},"sameAs":["https:\/\/www.facebook.com\/PressenzaItalia","https:\/\/x.com\/PressenzaIPA"]},{"@type":"Person","@id":"https:\/\/www.pressenza.com\/de\/#\/schema\/person\/0b103aa2cc3460da3ad453ade8a7ef24","name":"European Humanist Forum","url":"https:\/\/www.pressenza.com\/de\/author\/european-humanist-forum-2018\/"}]}},"place":"Madrid, Spanien","original_article_url":"","_links":{"self":[{"href":"https:\/\/www.pressenza.com\/de\/wp-json\/wp\/v2\/posts\/623189","targetHints":{"allow":["GET"]}}],"collection":[{"href":"https:\/\/www.pressenza.com\/de\/wp-json\/wp\/v2\/posts"}],"about":[{"href":"https:\/\/www.pressenza.com\/de\/wp-json\/wp\/v2\/types\/post"}],"author":[{"embeddable":true,"href":"https:\/\/www.pressenza.com\/de\/wp-json\/wp\/v2\/users\/1508"}],"replies":[{"embeddable":true,"href":"https:\/\/www.pressenza.com\/de\/wp-json\/wp\/v2\/comments?post=623189"}],"version-history":[{"count":0,"href":"https:\/\/www.pressenza.com\/de\/wp-json\/wp\/v2\/posts\/623189\/revisions"}],"wp:featuredmedia":[{"embeddable":true,"href":"https:\/\/www.pressenza.com\/de\/wp-json\/wp\/v2\/media\/621991"}],"wp:attachment":[{"href":"https:\/\/www.pressenza.com\/de\/wp-json\/wp\/v2\/media?parent=623189"}],"wp:term":[{"taxonomy":"category","embeddable":true,"href":"https:\/\/www.pressenza.com\/de\/wp-json\/wp\/v2\/categories?post=623189"},{"taxonomy":"post_tag","embeddable":true,"href":"https:\/\/www.pressenza.com\/de\/wp-json\/wp\/v2\/tags?post=623189"}],"curies":[{"name":"wp","href":"https:\/\/api.w.org\/{rel}","templated":true}]}}