{"id":618949,"date":"2018-03-30T12:04:22","date_gmt":"2018-03-30T11:04:22","guid":{"rendered":"https:\/\/www.pressenza.com\/?p=618949"},"modified":"2018-03-30T12:04:22","modified_gmt":"2018-03-30T11:04:22","slug":"venezuela-ist-das-siebte-land-das-atomwaffen-verbietet","status":"publish","type":"post","link":"https:\/\/www.pressenza.com\/de\/2018\/03\/venezuela-ist-das-siebte-land-das-atomwaffen-verbietet\/","title":{"rendered":"Venezuela ist das siebte Land, das Atomwaffen verbietet"},"content":{"rendered":"<p>Nachfolgend der Ank\u00fcndigung <a href=\"https:\/\/www.pressenza.com\/de\/2018\/03\/palaestina-ist-das-sechste-land-das-den-vertrag-ueber-das-atomwaffenverbot-ratifiziert\/\" target=\"_blank\" rel=\"noopener\">Pal\u00e4stinas<\/a>\u00a0von letzter Woche, den Internationalen Vertrag \u00fcber das Atomwaffenverbot zu ratifizieren, reiht sich nun auch Venezuela als siebtes Land in die Liste ein.<\/p>\n<p>In einer <a href=\"http:\/\/minci.gob.ve\/2018\/03\/venezuela-ratifica-su-compromiso-con-la-no-proliferacion-y-el-desarme-nuclear\/\" target=\"_blank\" rel=\"noopener\">Erkl\u00e4rung<\/a> des venezolanischen Ministeriums f\u00fcr Kommunikation hei\u00dft es: \u201eAm Dienstag legte der st\u00e4ndige Vertreter der Bolivarischen Republik Venezuela bei den Vereinten Nationen, Samuel Moncada, die Ratifizierungsurkunde des Vertrages \u00fcber das Verbot von Nuklearwaffen, die zuvor vom Pr\u00e4sidenten der Bolivarischen Republik Venezuela Nicol\u00e1s Maduro Moros unterzeichnet wurde, dem UN-Bereich f\u00fcr Rechtsangelegenheiten vor.\u201c<\/p>\n<p>Angesichts der Tatsache, dass der Vertrag \u00fcber das Verbot von Nuklearwaffen die wichtigste Entwicklung im Bereich Abr\u00fcstung der letzten Jahrzehnte mit direkten Auswirkungen f\u00fcr die Erhaltung von weltweitem Frieden und Sicherheit darstellt, sagte Botschafter Moncada: \u201eF\u00fcr unser Land ist sowohl die Androhung des Einsatzes sowie auch der Einsatz von Atomwaffen nicht zu rechtfertigen, illegal und unmoralisch. Wir glauben daher, dass der Einsatz von Atomwaffen eine offenkundige Verletzung internationalen Rechts und internationaler Menschenrechte darstellt, was wiederum gem\u00e4\u00df des R\u00f6mischen Statuts als Kriegsverbrechen gewertet werden kann.\u201c<\/p>\n<p>Der Vertrag \u00fcber das Verbot von Nuklearwaffen wurde 2017 bei den Vereinten Nationen in New York verhandelt und am 7. Juli von 122 L\u00e4ndern angenommen. Er tritt in Kraft, wenn der 50. Staat seine Ratifizierungsurkunde dem Bereich Rechtsangelegenheiten bei der UN vorlegt. Bis jetzt hat kein Land, das Atomwaffen besitzt, irgendwelche Anzeichen verlauten lassen, den Vertrag zu unterst\u00fctzen. Trotzdem wird bereits ein gewisser Effekt bei der Finanzierung von Atomwaffen sichtbar, wie aus dem k\u00fcrzlich ver\u00f6ffentlichten Bericht <a href=\"https:\/\/www.pressenza.com\/de\/2018\/03\/banken-finanzieren-atomares-wettruesten\/\" target=\"_blank\" rel=\"noopener\">Don&#8217;t Bank on the Bomb<\/a> hervorgeht, der zeigt, das Investitionen seitens des Banken- und Finanzsektors in Firmen, die Atomwaffen produzieren, bereits um 10% zur\u00fcckgegangen sind.<\/p>\n<p>Venezuela ist nach Guyana, Mexiko und Kuba bereits das vierte Land in Lateinamerika und der Karibik, das den Vertrag ratifiziert hat. Eine komplette Liste aller L\u00e4nder kann auf der Seite von <a href=\"http:\/\/www.icanw.org\/status-of-the-treaty-on-the-prohibition-of-nuclear-weapons\/\" target=\"_blank\" rel=\"noopener\">ICAN<\/a> (International Campaign to Abolish Nuclear Weapons) eingesehen werden.<\/p>\n","protected":false},"excerpt":{"rendered":"<p>Nachfolgend der Ank\u00fcndigung Pal\u00e4stinas\u00a0von letzter Woche, den Internationalen Vertrag \u00fcber das Atomwaffenverbot zu ratifizieren, reiht sich nun auch Venezuela als siebtes Land in die Liste ein. In einer Erkl\u00e4rung des venezolanischen Ministeriums f\u00fcr Kommunikation hei\u00dft es: \u201eAm Dienstag legte der&hellip;<\/p>\n","protected":false},"author":6,"featured_media":618241,"comment_status":"closed","ping_status":"closed","sticky":false,"template":"","format":"standard","meta":{"footnotes":""},"categories":[9167,11387,9154],"tags":[22375,14669,42266,12026,11539],"class_list":["post-618949","post","type-post","status-publish","format-standard","has-post-thumbnail","hentry","category-frieden-und-abruestung","category-originalinhalt","category-suedamerika","tag-atomwaffenverbot","tag-ican-de","tag-internationaler-vertrag-zum-verbot-von-nuklearwaffen","tag-venezuela-de","tag-vereinte-nationen"],"yoast_head":"<!-- This site is optimized with the Yoast SEO plugin v27.1.1 - https:\/\/yoast.com\/product\/yoast-seo-wordpress\/ -->\n<title>Venezuela ist das siebte Land, das Atomwaffen verbietet<\/title>\n<meta name=\"description\" content=\"Nachfolgend der Ank\u00fcndigung Pal\u00e4stinas\u00a0von letzter Woche, den Internationalen Vertrag \u00fcber das Atomwaffenverbot zu ratifizieren, reiht sich nun auch\" \/>\n<meta name=\"robots\" content=\"index, follow, max-snippet:-1, max-image-preview:large, max-video-preview:-1\" \/>\n<link rel=\"canonical\" href=\"https:\/\/www.pressenza.com\/de\/2018\/03\/venezuela-ist-das-siebte-land-das-atomwaffen-verbietet\/\" \/>\n<meta property=\"og:locale\" content=\"de_DE\" \/>\n<meta property=\"og:type\" content=\"article\" \/>\n<meta property=\"og:title\" content=\"Venezuela ist das siebte Land, das Atomwaffen verbietet\" \/>\n<meta property=\"og:description\" content=\"Nachfolgend der Ank\u00fcndigung Pal\u00e4stinas\u00a0von letzter Woche, den Internationalen Vertrag \u00fcber das Atomwaffenverbot zu ratifizieren, reiht sich nun auch\" \/>\n<meta property=\"og:url\" content=\"https:\/\/www.pressenza.com\/de\/2018\/03\/venezuela-ist-das-siebte-land-das-atomwaffen-verbietet\/\" \/>\n<meta property=\"og:site_name\" content=\"Pressenza\" \/>\n<meta property=\"article:publisher\" content=\"https:\/\/www.facebook.com\/PressenzaItalia\" \/>\n<meta property=\"article:published_time\" content=\"2018-03-30T11:04:22+00:00\" \/>\n<meta property=\"og:image\" content=\"https:\/\/www.pressenza.com\/wp-content\/uploads\/2018\/03\/27-MARZO-Tratado-armas-nucleares.jpg\" \/>\n\t<meta property=\"og:image:width\" content=\"831\" \/>\n\t<meta property=\"og:image:height\" content=\"600\" \/>\n\t<meta property=\"og:image:type\" content=\"image\/jpeg\" \/>\n<meta name=\"author\" content=\"Tony Robinson\" \/>\n<meta name=\"twitter:card\" content=\"summary_large_image\" \/>\n<meta name=\"twitter:creator\" content=\"@TonyRobinson6\" \/>\n<meta name=\"twitter:site\" content=\"@PressenzaIPA\" \/>\n<meta name=\"twitter:label1\" content=\"Verfasst von\" \/>\n\t<meta name=\"twitter:data1\" content=\"Tony Robinson\" \/>\n\t<meta name=\"twitter:label2\" content=\"Gesch\u00e4tzte Lesezeit\" \/>\n\t<meta name=\"twitter:data2\" content=\"2\u00a0Minuten\" \/>\n<script type=\"application\/ld+json\" class=\"yoast-schema-graph\">{\"@context\":\"https:\/\/schema.org\",\"@graph\":[{\"@type\":\"Article\",\"@id\":\"https:\/\/www.pressenza.com\/de\/2018\/03\/venezuela-ist-das-siebte-land-das-atomwaffen-verbietet\/#article\",\"isPartOf\":{\"@id\":\"https:\/\/www.pressenza.com\/de\/2018\/03\/venezuela-ist-das-siebte-land-das-atomwaffen-verbietet\/\"},\"author\":{\"name\":\"Tony Robinson\",\"@id\":\"https:\/\/www.pressenza.com\/de\/#\/schema\/person\/a96a2ff6530dbb8bcf9ec001febc4af4\"},\"headline\":\"Venezuela ist das siebte Land, das Atomwaffen verbietet\",\"datePublished\":\"2018-03-30T11:04:22+00:00\",\"mainEntityOfPage\":{\"@id\":\"https:\/\/www.pressenza.com\/de\/2018\/03\/venezuela-ist-das-siebte-land-das-atomwaffen-verbietet\/\"},\"wordCount\":328,\"publisher\":{\"@id\":\"https:\/\/www.pressenza.com\/de\/#organization\"},\"image\":{\"@id\":\"https:\/\/www.pressenza.com\/de\/2018\/03\/venezuela-ist-das-siebte-land-das-atomwaffen-verbietet\/#primaryimage\"},\"thumbnailUrl\":\"https:\/\/www.pressenza.com\/wp-content\/uploads\/2018\/03\/27-MARZO-Tratado-armas-nucleares.jpg\",\"keywords\":[\"Atomwaffenverbot\",\"ICAN\",\"internationaler Vertrag zum Verbot von Nuklearwaffen\",\"Venezuela\",\"Vereinte Nationen\"],\"articleSection\":[\"Frieden und Abr\u00fcstung\",\"Originalinhalt\",\"S\u00fcdamerika\"],\"inLanguage\":\"de\"},{\"@type\":\"WebPage\",\"@id\":\"https:\/\/www.pressenza.com\/de\/2018\/03\/venezuela-ist-das-siebte-land-das-atomwaffen-verbietet\/\",\"url\":\"https:\/\/www.pressenza.com\/de\/2018\/03\/venezuela-ist-das-siebte-land-das-atomwaffen-verbietet\/\",\"name\":\"Venezuela ist das siebte Land, das Atomwaffen verbietet\",\"isPartOf\":{\"@id\":\"https:\/\/www.pressenza.com\/de\/#website\"},\"primaryImageOfPage\":{\"@id\":\"https:\/\/www.pressenza.com\/de\/2018\/03\/venezuela-ist-das-siebte-land-das-atomwaffen-verbietet\/#primaryimage\"},\"image\":{\"@id\":\"https:\/\/www.pressenza.com\/de\/2018\/03\/venezuela-ist-das-siebte-land-das-atomwaffen-verbietet\/#primaryimage\"},\"thumbnailUrl\":\"https:\/\/www.pressenza.com\/wp-content\/uploads\/2018\/03\/27-MARZO-Tratado-armas-nucleares.jpg\",\"datePublished\":\"2018-03-30T11:04:22+00:00\",\"description\":\"Nachfolgend der Ank\u00fcndigung Pal\u00e4stinas\u00a0von letzter Woche, den Internationalen Vertrag \u00fcber das Atomwaffenverbot zu ratifizieren, reiht sich nun auch\",\"breadcrumb\":{\"@id\":\"https:\/\/www.pressenza.com\/de\/2018\/03\/venezuela-ist-das-siebte-land-das-atomwaffen-verbietet\/#breadcrumb\"},\"inLanguage\":\"de\",\"potentialAction\":[{\"@type\":\"ReadAction\",\"target\":[\"https:\/\/www.pressenza.com\/de\/2018\/03\/venezuela-ist-das-siebte-land-das-atomwaffen-verbietet\/\"]}]},{\"@type\":\"ImageObject\",\"inLanguage\":\"de\",\"@id\":\"https:\/\/www.pressenza.com\/de\/2018\/03\/venezuela-ist-das-siebte-land-das-atomwaffen-verbietet\/#primaryimage\",\"url\":\"https:\/\/www.pressenza.com\/wp-content\/uploads\/2018\/03\/27-MARZO-Tratado-armas-nucleares.jpg\",\"contentUrl\":\"https:\/\/www.pressenza.com\/wp-content\/uploads\/2018\/03\/27-MARZO-Tratado-armas-nucleares.jpg\",\"width\":831,\"height\":600},{\"@type\":\"BreadcrumbList\",\"@id\":\"https:\/\/www.pressenza.com\/de\/2018\/03\/venezuela-ist-das-siebte-land-das-atomwaffen-verbietet\/#breadcrumb\",\"itemListElement\":[{\"@type\":\"ListItem\",\"position\":1,\"name\":\"Accueil\",\"item\":\"https:\/\/www.pressenza.com\/de\/\"},{\"@type\":\"ListItem\",\"position\":2,\"name\":\"Venezuela ist das siebte Land, das Atomwaffen verbietet\"}]},{\"@type\":\"WebSite\",\"@id\":\"https:\/\/www.pressenza.com\/de\/#website\",\"url\":\"https:\/\/www.pressenza.com\/de\/\",\"name\":\"Pressenza\",\"description\":\"International Press Agency\",\"publisher\":{\"@id\":\"https:\/\/www.pressenza.com\/de\/#organization\"},\"potentialAction\":[{\"@type\":\"SearchAction\",\"target\":{\"@type\":\"EntryPoint\",\"urlTemplate\":\"https:\/\/www.pressenza.com\/de\/?s={search_term_string}\"},\"query-input\":{\"@type\":\"PropertyValueSpecification\",\"valueRequired\":true,\"valueName\":\"search_term_string\"}}],\"inLanguage\":\"de\"},{\"@type\":\"Organization\",\"@id\":\"https:\/\/www.pressenza.com\/de\/#organization\",\"name\":\"Pressenza\",\"url\":\"https:\/\/www.pressenza.com\/de\/\",\"logo\":{\"@type\":\"ImageObject\",\"inLanguage\":\"de\",\"@id\":\"https:\/\/www.pressenza.com\/de\/#\/schema\/logo\/image\/\",\"url\":\"https:\/\/www.pressenza.com\/wp-content\/uploads\/2022\/10\/pressenza_logo_200x200.jpg\",\"contentUrl\":\"https:\/\/www.pressenza.com\/wp-content\/uploads\/2022\/10\/pressenza_logo_200x200.jpg\",\"width\":200,\"height\":200,\"caption\":\"Pressenza\"},\"image\":{\"@id\":\"https:\/\/www.pressenza.com\/de\/#\/schema\/logo\/image\/\"},\"sameAs\":[\"https:\/\/www.facebook.com\/PressenzaItalia\",\"https:\/\/x.com\/PressenzaIPA\"]},{\"@type\":\"Person\",\"@id\":\"https:\/\/www.pressenza.com\/de\/#\/schema\/person\/a96a2ff6530dbb8bcf9ec001febc4af4\",\"name\":\"Tony Robinson\",\"description\":\"Humanist Movement Activist, ex-Director of the Middle East Treaty Organization and coordinating committee member of Abolition 2000 - Global Network to Eliminate Nuclear Weapons, author of the book \\\"Coffee with Silo and the quest for meaning in life\\\" and producer of the film \\\"The Beginning of the End of Nuclear Weapons\\\".\",\"sameAs\":[\"https:\/\/x.com\/TonyRobinson6\"],\"url\":\"https:\/\/www.pressenza.com\/de\/author\/tony-robinson\/\"}]}<\/script>\n<!-- \/ Yoast SEO plugin. -->","yoast_head_json":{"title":"Venezuela ist das siebte Land, das Atomwaffen verbietet","description":"Nachfolgend der Ank\u00fcndigung Pal\u00e4stinas\u00a0von letzter Woche, den Internationalen Vertrag \u00fcber das Atomwaffenverbot zu ratifizieren, reiht sich nun auch","robots":{"index":"index","follow":"follow","max-snippet":"max-snippet:-1","max-image-preview":"max-image-preview:large","max-video-preview":"max-video-preview:-1"},"canonical":"https:\/\/www.pressenza.com\/de\/2018\/03\/venezuela-ist-das-siebte-land-das-atomwaffen-verbietet\/","og_locale":"de_DE","og_type":"article","og_title":"Venezuela ist das siebte Land, das Atomwaffen verbietet","og_description":"Nachfolgend der Ank\u00fcndigung Pal\u00e4stinas\u00a0von letzter Woche, den Internationalen Vertrag \u00fcber das Atomwaffenverbot zu ratifizieren, reiht sich nun auch","og_url":"https:\/\/www.pressenza.com\/de\/2018\/03\/venezuela-ist-das-siebte-land-das-atomwaffen-verbietet\/","og_site_name":"Pressenza","article_publisher":"https:\/\/www.facebook.com\/PressenzaItalia","article_published_time":"2018-03-30T11:04:22+00:00","og_image":[{"width":831,"height":600,"url":"https:\/\/www.pressenza.com\/wp-content\/uploads\/2018\/03\/27-MARZO-Tratado-armas-nucleares.jpg","type":"image\/jpeg"}],"author":"Tony Robinson","twitter_card":"summary_large_image","twitter_creator":"@TonyRobinson6","twitter_site":"@PressenzaIPA","twitter_misc":{"Verfasst von":"Tony Robinson","Gesch\u00e4tzte Lesezeit":"2\u00a0Minuten"},"schema":{"@context":"https:\/\/schema.org","@graph":[{"@type":"Article","@id":"https:\/\/www.pressenza.com\/de\/2018\/03\/venezuela-ist-das-siebte-land-das-atomwaffen-verbietet\/#article","isPartOf":{"@id":"https:\/\/www.pressenza.com\/de\/2018\/03\/venezuela-ist-das-siebte-land-das-atomwaffen-verbietet\/"},"author":{"name":"Tony Robinson","@id":"https:\/\/www.pressenza.com\/de\/#\/schema\/person\/a96a2ff6530dbb8bcf9ec001febc4af4"},"headline":"Venezuela ist das siebte Land, das Atomwaffen verbietet","datePublished":"2018-03-30T11:04:22+00:00","mainEntityOfPage":{"@id":"https:\/\/www.pressenza.com\/de\/2018\/03\/venezuela-ist-das-siebte-land-das-atomwaffen-verbietet\/"},"wordCount":328,"publisher":{"@id":"https:\/\/www.pressenza.com\/de\/#organization"},"image":{"@id":"https:\/\/www.pressenza.com\/de\/2018\/03\/venezuela-ist-das-siebte-land-das-atomwaffen-verbietet\/#primaryimage"},"thumbnailUrl":"https:\/\/www.pressenza.com\/wp-content\/uploads\/2018\/03\/27-MARZO-Tratado-armas-nucleares.jpg","keywords":["Atomwaffenverbot","ICAN","internationaler Vertrag zum Verbot von Nuklearwaffen","Venezuela","Vereinte Nationen"],"articleSection":["Frieden und Abr\u00fcstung","Originalinhalt","S\u00fcdamerika"],"inLanguage":"de"},{"@type":"WebPage","@id":"https:\/\/www.pressenza.com\/de\/2018\/03\/venezuela-ist-das-siebte-land-das-atomwaffen-verbietet\/","url":"https:\/\/www.pressenza.com\/de\/2018\/03\/venezuela-ist-das-siebte-land-das-atomwaffen-verbietet\/","name":"Venezuela ist das siebte Land, das Atomwaffen verbietet","isPartOf":{"@id":"https:\/\/www.pressenza.com\/de\/#website"},"primaryImageOfPage":{"@id":"https:\/\/www.pressenza.com\/de\/2018\/03\/venezuela-ist-das-siebte-land-das-atomwaffen-verbietet\/#primaryimage"},"image":{"@id":"https:\/\/www.pressenza.com\/de\/2018\/03\/venezuela-ist-das-siebte-land-das-atomwaffen-verbietet\/#primaryimage"},"thumbnailUrl":"https:\/\/www.pressenza.com\/wp-content\/uploads\/2018\/03\/27-MARZO-Tratado-armas-nucleares.jpg","datePublished":"2018-03-30T11:04:22+00:00","description":"Nachfolgend der Ank\u00fcndigung Pal\u00e4stinas\u00a0von letzter Woche, den Internationalen Vertrag \u00fcber das Atomwaffenverbot zu ratifizieren, reiht sich nun auch","breadcrumb":{"@id":"https:\/\/www.pressenza.com\/de\/2018\/03\/venezuela-ist-das-siebte-land-das-atomwaffen-verbietet\/#breadcrumb"},"inLanguage":"de","potentialAction":[{"@type":"ReadAction","target":["https:\/\/www.pressenza.com\/de\/2018\/03\/venezuela-ist-das-siebte-land-das-atomwaffen-verbietet\/"]}]},{"@type":"ImageObject","inLanguage":"de","@id":"https:\/\/www.pressenza.com\/de\/2018\/03\/venezuela-ist-das-siebte-land-das-atomwaffen-verbietet\/#primaryimage","url":"https:\/\/www.pressenza.com\/wp-content\/uploads\/2018\/03\/27-MARZO-Tratado-armas-nucleares.jpg","contentUrl":"https:\/\/www.pressenza.com\/wp-content\/uploads\/2018\/03\/27-MARZO-Tratado-armas-nucleares.jpg","width":831,"height":600},{"@type":"BreadcrumbList","@id":"https:\/\/www.pressenza.com\/de\/2018\/03\/venezuela-ist-das-siebte-land-das-atomwaffen-verbietet\/#breadcrumb","itemListElement":[{"@type":"ListItem","position":1,"name":"Accueil","item":"https:\/\/www.pressenza.com\/de\/"},{"@type":"ListItem","position":2,"name":"Venezuela ist das siebte Land, das Atomwaffen verbietet"}]},{"@type":"WebSite","@id":"https:\/\/www.pressenza.com\/de\/#website","url":"https:\/\/www.pressenza.com\/de\/","name":"Pressenza","description":"International Press Agency","publisher":{"@id":"https:\/\/www.pressenza.com\/de\/#organization"},"potentialAction":[{"@type":"SearchAction","target":{"@type":"EntryPoint","urlTemplate":"https:\/\/www.pressenza.com\/de\/?s={search_term_string}"},"query-input":{"@type":"PropertyValueSpecification","valueRequired":true,"valueName":"search_term_string"}}],"inLanguage":"de"},{"@type":"Organization","@id":"https:\/\/www.pressenza.com\/de\/#organization","name":"Pressenza","url":"https:\/\/www.pressenza.com\/de\/","logo":{"@type":"ImageObject","inLanguage":"de","@id":"https:\/\/www.pressenza.com\/de\/#\/schema\/logo\/image\/","url":"https:\/\/www.pressenza.com\/wp-content\/uploads\/2022\/10\/pressenza_logo_200x200.jpg","contentUrl":"https:\/\/www.pressenza.com\/wp-content\/uploads\/2022\/10\/pressenza_logo_200x200.jpg","width":200,"height":200,"caption":"Pressenza"},"image":{"@id":"https:\/\/www.pressenza.com\/de\/#\/schema\/logo\/image\/"},"sameAs":["https:\/\/www.facebook.com\/PressenzaItalia","https:\/\/x.com\/PressenzaIPA"]},{"@type":"Person","@id":"https:\/\/www.pressenza.com\/de\/#\/schema\/person\/a96a2ff6530dbb8bcf9ec001febc4af4","name":"Tony Robinson","description":"Humanist Movement Activist, ex-Director of the Middle East Treaty Organization and coordinating committee member of Abolition 2000 - Global Network to Eliminate Nuclear Weapons, author of the book \"Coffee with Silo and the quest for meaning in life\" and producer of the film \"The Beginning of the End of Nuclear Weapons\".","sameAs":["https:\/\/x.com\/TonyRobinson6"],"url":"https:\/\/www.pressenza.com\/de\/author\/tony-robinson\/"}]}},"place":"New York, USA","original_article_url":"","_links":{"self":[{"href":"https:\/\/www.pressenza.com\/de\/wp-json\/wp\/v2\/posts\/618949","targetHints":{"allow":["GET"]}}],"collection":[{"href":"https:\/\/www.pressenza.com\/de\/wp-json\/wp\/v2\/posts"}],"about":[{"href":"https:\/\/www.pressenza.com\/de\/wp-json\/wp\/v2\/types\/post"}],"author":[{"embeddable":true,"href":"https:\/\/www.pressenza.com\/de\/wp-json\/wp\/v2\/users\/6"}],"replies":[{"embeddable":true,"href":"https:\/\/www.pressenza.com\/de\/wp-json\/wp\/v2\/comments?post=618949"}],"version-history":[{"count":0,"href":"https:\/\/www.pressenza.com\/de\/wp-json\/wp\/v2\/posts\/618949\/revisions"}],"wp:featuredmedia":[{"embeddable":true,"href":"https:\/\/www.pressenza.com\/de\/wp-json\/wp\/v2\/media\/618241"}],"wp:attachment":[{"href":"https:\/\/www.pressenza.com\/de\/wp-json\/wp\/v2\/media?parent=618949"}],"wp:term":[{"taxonomy":"category","embeddable":true,"href":"https:\/\/www.pressenza.com\/de\/wp-json\/wp\/v2\/categories?post=618949"},{"taxonomy":"post_tag","embeddable":true,"href":"https:\/\/www.pressenza.com\/de\/wp-json\/wp\/v2\/tags?post=618949"}],"curies":[{"name":"wp","href":"https:\/\/api.w.org\/{rel}","templated":true}]}}