{"id":598207,"date":"2018-02-18T11:06:48","date_gmt":"2018-02-18T11:06:48","guid":{"rendered":"https:\/\/www.pressenza.com\/?p=598207"},"modified":"2018-02-18T11:10:15","modified_gmt":"2018-02-18T11:10:15","slug":"100-jahre-weimarer-verfassung","status":"publish","type":"post","link":"https:\/\/www.pressenza.com\/de\/2018\/02\/100-jahre-weimarer-verfassung\/","title":{"rendered":"100 Jahre Weimarer Verfassung"},"content":{"rendered":"<p><strong>Der Gedenktag f\u00e4llt auf den 11.8.2019. In der politischen Geschichte Deutschlands steht er im Ranking im oberen Drittel. Mit hehren Gedankenfl\u00fcgen der Politiker, die dem Jubil\u00e4um angemessen sind, kann gerechnet werden. Lange Vorbereitungszeiten werden ben\u00f6tigt, falls \u00c4nderungen in der gegebenen Verfassungsfrage vorgesehen sind. Den Medien stehen \u00fcber Monate ein gewichtiges Thema ins Haus. Der Jahrestag ist im Grundlagenpapier der m\u00f6glichen GROKO im Bereich der Kulturausgaben enthalten.<\/strong><\/p>\n<p>Deutschland hat seit 1949 keine Verfassung. Ein Grundgesetz (GG) als Provisorium, wie es die Parlamentskommission selbst formuliert hat, musste vorerst nach der Katastrophe des 2, Weltkrieges gen\u00fcgen. Mit dem Artikel 146 enthielt das GG die Verpflichtung, nach der Wiedervereinigung Deutschlands eine Verfassung zu schaffen. Nach der Wende 1990 scheiterte der Auftrag am Willen des b\u00fcrgerlichen Parlaments in Bonn. Das GG beschreibt die Aufgaben der Gegenwart unvollst\u00e4ndig. Davon zeugen zahlreiche Pr\u00fcfungsantr\u00e4ge an die Verfassungsgerichte. Allein 210 \u00dcberpr\u00fcfungsbitten wurden im Bundesland Brandenburg.2017 eingereicht. Der Ursprungstext des GG hat bis zum 13.7.2017 vom Parlament 167 \u00c4nderungen erfahren. Ein Teil der Korrekturen wurden durch Urteile des obersten Verfassungsgerichts veranlasst.<\/p>\n<p>Die hohe Zahl der Textver\u00e4nderungen und der st\u00e4ndigen Pr\u00fcfungsantr\u00e4ge gibt zu denken. Gegenw\u00e4rtig werden weitere unzureichende Regelungen beklagt. Beispielsweise die Ber\u00fccksichtigung k\u00fcnftiger der Belange der Jugend, fehlende Achtung vor der Natur, Einschr\u00e4nkung der Streikrechte, negative Wirkungen aus der Dezentralisierung der Bildung. Die sozialen Menschenrechte der UNO fanden nur teilweise Eingang in das GG. Zu viele Fragen sollten in einfachen Gesetzen mit niedrigen Anforderungen geregelt werden, so Formulierungen im GG. Der Volkssouver\u00e4n erscheint erst im Artikel 20 (2). Seine Rolle in \u201eWahlen und in Abstimmung um danach zugleich seine Macht in die H\u00e4nde der Abgeordneten zu legen\u201c ist nur d\u00fcrftig beschrieben. Der Artikel 123 des GG l\u00f6st wegen seiner mangelnde Abgrenzung zum Nazi-Recht im Inland und Ausland Unruhe aus. In den Jahren nach der Verk\u00fcndung des GG erfolgten eine Reihe von Ver\u00e4nderung, die von Schichten nicht immer als gesellschaftliche Verbesserungen eingestuft wurden. So die Vorratsdatenspeicherung, die Notstandsgesetzesregeln, die Wehrpflicht, Auslandseins\u00e4tze von Soldaten und \u00e4hnliches.<\/p>\n<p>Der Entwicklungsstand der Globalisierung und die Digitalisierung ben\u00f6tigen eine Verankerung in einer Verfassung.<\/p>\n<p>Ein Kodex zeitgem\u00e4\u00dfer Grundwerte ist f\u00fcr das m\u00f6glichst spannungsfreie Zusammenleben der gesellschaftlichen Schichten im Land und mit der Welt geboten.<\/p>\n<p>Die deutsche Gemeinschaft lebt in einem Widerspruch zwischen den Normen des Grundgesetzes und der gelebten Wirklichkeit.<\/p>\n<div id=\"attachment_598220\" class=\"wp-caption aligncenter\"><img loading=\"lazy\" decoding=\"async\" aria-describedby=\"caption-attachment-598220\" class=\"wp-image-598220 \" src=\"https:\/\/www.pressenza.com\/wp-content\/uploads\/2018\/02\/image_manager__galerie-lightbox-gross_vereinsbroschuere_kompr-720x473.jpg\" alt=\"\" width=\"849\" height=\"558\" srcset=\"https:\/\/www.pressenza.com\/wp-content\/uploads\/2018\/02\/image_manager__galerie-lightbox-gross_vereinsbroschuere_kompr-720x473.jpg 720w, https:\/\/www.pressenza.com\/wp-content\/uploads\/2018\/02\/image_manager__galerie-lightbox-gross_vereinsbroschuere_kompr-300x197.jpg 300w, https:\/\/www.pressenza.com\/wp-content\/uploads\/2018\/02\/image_manager__galerie-lightbox-gross_vereinsbroschuere_kompr-768x504.jpg 768w, https:\/\/www.pressenza.com\/wp-content\/uploads\/2018\/02\/image_manager__galerie-lightbox-gross_vereinsbroschuere_kompr.jpg 900w\" sizes=\"auto, (max-width: 849px) 100vw, 849px\" \/><p id=\"caption-attachment-598220\" class=\"wp-caption-text\"><em>(Bild: \u00a9 Weimarer Republik e.V.)<\/em><\/p><\/div>\n<p>Sollte das deutsche Parlament im Zusammenhang mit dem 100. Jahrestag Ver\u00e4nderungsabsichten im Grundgesetz in Angriff nehmen oder gar die Schaffung einer Verfassung auf die Tagesordnung setzen, k\u00f6nnten 2 Anregungen hilfreich sein:<\/p>\n<p><strong>Erstens<\/strong>: Die Verfassungen Mexikos, Venezuelas, Ecuadors, Boliviens enthalten bemerkenswerte Normen, die die Belange der Natur f\u00fcr die menschliche Gesellschaft ber\u00fccksichtigen. Sie enthalten auch Varianten zur Machtverteilung, die \u00fcber die in Europa \u00fcbliche Teilung zwischen Parlament, Regierung und Justiz hinausgehen. Ihre Balanzen zwischen den M\u00e4chten sind demokratischer aufgestellt. Sie regeln erheblich umfangreicher den Wertekatalog der Gesellschaft.<\/p>\n<p><strong>Zweitens<\/strong>: Es lohnt sich nochmals die Ans\u00e4tze von Jean-Jacques Rousseau zu analysieren, die er bei Ausarbeitung seines \u201eGesellschaftsvertrages\u201c (Du contract social) f\u00fcr wichtig hielt. Seine Erkenntnisse gingen 1762 \u00fcber den Feudalismus, aber auch <u>\u00fcber den Horizont der b\u00fcrgerliche<\/u>n Gesellschaft hinaus.<\/p>\n<p>Vier Gedanken Rousseaus, die Ursachen gegenw\u00e4rtiger Problemstellungen ber\u00fchren, seien zitiert:<\/p>\n<ul>\n<li>\u201eDer S\u00fcndenfall ist die Ignoranz gegen\u00fcber der fundamentalen Wahrheit: Die Fr\u00fcchte der Erde geh\u00f6ren allen, die Erde niemanden\u201c<\/li>\n<li>\u201eDerjenige, der als erster ein St\u00fcck Land eingez\u00e4unt hatte und es sich einfallen lie\u00df zu sagen: Dieses St\u00fcck Land geh\u00f6rt mir, und der Leute fand, die einf\u00e4ltig genug waren, ihm zu glauben, sei der eigentliche Gr\u00fcnder der herrschaftsf\u00f6rmig organisierten Gesellschaft mit dem ihr wesenseigenen Not und Elend, mit den ihr eigent\u00fcmlichen Verbrechen und Kriegen\u201c<\/li>\n<li>\u201eDer Mensch wird frei geboren, und \u00fcberall liegt er in Ketten\u201c<\/li>\n<li>\u201eObwohl das B\u00fcrgertum in seiner Anfangsphase grundlegende Interessen der plebejischen Schichten weitgehend mitzuartikulieren verstand, k\u00f6nne nicht von einer \u00dcbereinstimmung gesprochen werden\u201c.<\/li>\n<\/ul>\n<p>Die vier Zitate wurden entnommen: Dem \u201eGesellschaftsvertrag\u201c von J.J. Rousseau, Reclam Universalbibliothek und dem Sitzungsbericht der Leibnitz-Soziet\u00e4t, Bd. 117. Tagung zum Thema \u201e J..J. Rousseau zwischen Aufkl\u00e4rung und Moderne\u201c.<\/p>\n<p>Zur Vorbereitung des 100. Jahrestages, der ersten republikanischen Verfassung Deutschlands, gibt es f\u00fcr die verantwortlichen Politiker und den meinungsbildenden Medien viel zu bedenken. Es lohnt sich im Interesse der Gesellschaft mit Vernunft und Toleranz Aufkl\u00e4rung in der Sache zu betreiben.<\/p>\n<p>Der Humanismus braucht mit einer Verfassung ein richtungsweisendes Verst\u00e4ndigungsdokument aller gesellschaftlichen Schichten und einen stabilen Wegweiser f\u00fcr die Zukunft des Landes.<\/p>\n","protected":false},"excerpt":{"rendered":"<p>Der Gedenktag f\u00e4llt auf den 11.8.2019. In der politischen Geschichte Deutschlands steht er im Ranking im oberen Drittel. Mit hehren Gedankenfl\u00fcgen der Politiker, die dem Jubil\u00e4um angemessen sind, kann gerechnet werden. Lange Vorbereitungszeiten werden ben\u00f6tigt, falls \u00c4nderungen in der gegebenen&hellip;<\/p>\n","protected":false},"author":1463,"featured_media":598211,"comment_status":"closed","ping_status":"closed","sticky":false,"template":"","format":"standard","meta":{"footnotes":""},"categories":[9150,11387,9168],"tags":[29877,43796,43797],"class_list":["post-598207","post","type-post","status-publish","format-standard","has-post-thumbnail","hentry","category-europa-de","category-originalinhalt","category-politik","tag-grundgesetz","tag-weimarer-republick","tag-weimarer-verfassung"],"yoast_head":"<!-- This site is optimized with the Yoast SEO plugin v27.1.1 - https:\/\/yoast.com\/product\/yoast-seo-wordpress\/ -->\n<title>100 Jahre Weimarer Verfassung<\/title>\n<meta name=\"description\" content=\"Der Gedenktag f\u00e4llt auf den 11.8.2019. In der politischen Geschichte Deutschlands steht er im Ranking im oberen Drittel. Mit hehren Gedankenfl\u00fcgen der\" \/>\n<meta name=\"robots\" content=\"index, follow, max-snippet:-1, max-image-preview:large, max-video-preview:-1\" \/>\n<link rel=\"canonical\" href=\"https:\/\/www.pressenza.com\/de\/2018\/02\/100-jahre-weimarer-verfassung\/\" \/>\n<meta property=\"og:locale\" content=\"de_DE\" \/>\n<meta property=\"og:type\" content=\"article\" \/>\n<meta property=\"og:title\" content=\"100 Jahre Weimarer Verfassung\" \/>\n<meta property=\"og:description\" content=\"Der Gedenktag f\u00e4llt auf den 11.8.2019. In der politischen Geschichte Deutschlands steht er im Ranking im oberen Drittel. Mit hehren Gedankenfl\u00fcgen der\" \/>\n<meta property=\"og:url\" content=\"https:\/\/www.pressenza.com\/de\/2018\/02\/100-jahre-weimarer-verfassung\/\" \/>\n<meta property=\"og:site_name\" content=\"Pressenza\" \/>\n<meta property=\"article:publisher\" content=\"https:\/\/www.facebook.com\/PressenzaItalia\" \/>\n<meta property=\"article:published_time\" content=\"2018-02-18T11:06:48+00:00\" \/>\n<meta property=\"article:modified_time\" content=\"2018-02-18T11:10:15+00:00\" \/>\n<meta property=\"og:image\" content=\"https:\/\/www.pressenza.com\/wp-content\/uploads\/2018\/02\/Gedenktafel_Theaterplatz_Weimar_Weimarer_Verfassung.jpg\" \/>\n\t<meta property=\"og:image:width\" content=\"1526\" \/>\n\t<meta property=\"og:image:height\" content=\"798\" \/>\n\t<meta property=\"og:image:type\" content=\"image\/jpeg\" \/>\n<meta name=\"author\" content=\"G\u00fcnter Buhlke\" \/>\n<meta name=\"twitter:card\" content=\"summary_large_image\" \/>\n<meta name=\"twitter:creator\" content=\"@PressenzaIPA\" \/>\n<meta name=\"twitter:site\" content=\"@PressenzaIPA\" \/>\n<meta name=\"twitter:label1\" content=\"Verfasst von\" \/>\n\t<meta name=\"twitter:data1\" content=\"G\u00fcnter Buhlke\" \/>\n\t<meta name=\"twitter:label2\" content=\"Gesch\u00e4tzte Lesezeit\" \/>\n\t<meta name=\"twitter:data2\" content=\"4\u00a0Minuten\" \/>\n<script type=\"application\/ld+json\" class=\"yoast-schema-graph\">{\"@context\":\"https:\/\/schema.org\",\"@graph\":[{\"@type\":\"Article\",\"@id\":\"https:\/\/www.pressenza.com\/de\/2018\/02\/100-jahre-weimarer-verfassung\/#article\",\"isPartOf\":{\"@id\":\"https:\/\/www.pressenza.com\/de\/2018\/02\/100-jahre-weimarer-verfassung\/\"},\"author\":{\"name\":\"G\u00fcnter Buhlke\",\"@id\":\"https:\/\/www.pressenza.com\/de\/#\/schema\/person\/e48301baaf10fa4f78dc7566caf225b4\"},\"headline\":\"100 Jahre Weimarer Verfassung\",\"datePublished\":\"2018-02-18T11:06:48+00:00\",\"dateModified\":\"2018-02-18T11:10:15+00:00\",\"mainEntityOfPage\":{\"@id\":\"https:\/\/www.pressenza.com\/de\/2018\/02\/100-jahre-weimarer-verfassung\/\"},\"wordCount\":763,\"publisher\":{\"@id\":\"https:\/\/www.pressenza.com\/de\/#organization\"},\"image\":{\"@id\":\"https:\/\/www.pressenza.com\/de\/2018\/02\/100-jahre-weimarer-verfassung\/#primaryimage\"},\"thumbnailUrl\":\"https:\/\/www.pressenza.com\/wp-content\/uploads\/2018\/02\/Gedenktafel_Theaterplatz_Weimar_Weimarer_Verfassung.jpg\",\"keywords\":[\"Grundgesetz\",\"Weimarer Republick\",\"Weimarer Verfassung\"],\"articleSection\":[\"Europa\",\"Originalinhalt\",\"Politik\"],\"inLanguage\":\"de\"},{\"@type\":\"WebPage\",\"@id\":\"https:\/\/www.pressenza.com\/de\/2018\/02\/100-jahre-weimarer-verfassung\/\",\"url\":\"https:\/\/www.pressenza.com\/de\/2018\/02\/100-jahre-weimarer-verfassung\/\",\"name\":\"100 Jahre Weimarer Verfassung\",\"isPartOf\":{\"@id\":\"https:\/\/www.pressenza.com\/de\/#website\"},\"primaryImageOfPage\":{\"@id\":\"https:\/\/www.pressenza.com\/de\/2018\/02\/100-jahre-weimarer-verfassung\/#primaryimage\"},\"image\":{\"@id\":\"https:\/\/www.pressenza.com\/de\/2018\/02\/100-jahre-weimarer-verfassung\/#primaryimage\"},\"thumbnailUrl\":\"https:\/\/www.pressenza.com\/wp-content\/uploads\/2018\/02\/Gedenktafel_Theaterplatz_Weimar_Weimarer_Verfassung.jpg\",\"datePublished\":\"2018-02-18T11:06:48+00:00\",\"dateModified\":\"2018-02-18T11:10:15+00:00\",\"description\":\"Der Gedenktag f\u00e4llt auf den 11.8.2019. In der politischen Geschichte Deutschlands steht er im Ranking im oberen Drittel. Mit hehren Gedankenfl\u00fcgen der\",\"breadcrumb\":{\"@id\":\"https:\/\/www.pressenza.com\/de\/2018\/02\/100-jahre-weimarer-verfassung\/#breadcrumb\"},\"inLanguage\":\"de\",\"potentialAction\":[{\"@type\":\"ReadAction\",\"target\":[\"https:\/\/www.pressenza.com\/de\/2018\/02\/100-jahre-weimarer-verfassung\/\"]}]},{\"@type\":\"ImageObject\",\"inLanguage\":\"de\",\"@id\":\"https:\/\/www.pressenza.com\/de\/2018\/02\/100-jahre-weimarer-verfassung\/#primaryimage\",\"url\":\"https:\/\/www.pressenza.com\/wp-content\/uploads\/2018\/02\/Gedenktafel_Theaterplatz_Weimar_Weimarer_Verfassung.jpg\",\"contentUrl\":\"https:\/\/www.pressenza.com\/wp-content\/uploads\/2018\/02\/Gedenktafel_Theaterplatz_Weimar_Weimarer_Verfassung.jpg\",\"width\":1526,\"height\":798,\"caption\":\"OLYMPUS DIGITAL CAMERA\"},{\"@type\":\"BreadcrumbList\",\"@id\":\"https:\/\/www.pressenza.com\/de\/2018\/02\/100-jahre-weimarer-verfassung\/#breadcrumb\",\"itemListElement\":[{\"@type\":\"ListItem\",\"position\":1,\"name\":\"Accueil\",\"item\":\"https:\/\/www.pressenza.com\/de\/\"},{\"@type\":\"ListItem\",\"position\":2,\"name\":\"100 Jahre Weimarer Verfassung\"}]},{\"@type\":\"WebSite\",\"@id\":\"https:\/\/www.pressenza.com\/de\/#website\",\"url\":\"https:\/\/www.pressenza.com\/de\/\",\"name\":\"Pressenza\",\"description\":\"International Press Agency\",\"publisher\":{\"@id\":\"https:\/\/www.pressenza.com\/de\/#organization\"},\"potentialAction\":[{\"@type\":\"SearchAction\",\"target\":{\"@type\":\"EntryPoint\",\"urlTemplate\":\"https:\/\/www.pressenza.com\/de\/?s={search_term_string}\"},\"query-input\":{\"@type\":\"PropertyValueSpecification\",\"valueRequired\":true,\"valueName\":\"search_term_string\"}}],\"inLanguage\":\"de\"},{\"@type\":\"Organization\",\"@id\":\"https:\/\/www.pressenza.com\/de\/#organization\",\"name\":\"Pressenza\",\"url\":\"https:\/\/www.pressenza.com\/de\/\",\"logo\":{\"@type\":\"ImageObject\",\"inLanguage\":\"de\",\"@id\":\"https:\/\/www.pressenza.com\/de\/#\/schema\/logo\/image\/\",\"url\":\"https:\/\/www.pressenza.com\/wp-content\/uploads\/2022\/10\/pressenza_logo_200x200.jpg\",\"contentUrl\":\"https:\/\/www.pressenza.com\/wp-content\/uploads\/2022\/10\/pressenza_logo_200x200.jpg\",\"width\":200,\"height\":200,\"caption\":\"Pressenza\"},\"image\":{\"@id\":\"https:\/\/www.pressenza.com\/de\/#\/schema\/logo\/image\/\"},\"sameAs\":[\"https:\/\/www.facebook.com\/PressenzaItalia\",\"https:\/\/x.com\/PressenzaIPA\"]},{\"@type\":\"Person\",\"@id\":\"https:\/\/www.pressenza.com\/de\/#\/schema\/person\/e48301baaf10fa4f78dc7566caf225b4\",\"name\":\"G\u00fcnter Buhlke\",\"description\":\"Geboren 1934, Studium an der Humboldtuniversit\u00e4t und der Hochschule f\u00fcr \u00d6konomie Berlin, dipl. Volkswirtschaftler. Internationale Arbeit als Handelsrat in Mexiko und Venezuela. Koordinator f\u00fcr die Wirtschaftsbeziehungen der DDR zu Lateinamerika. Wirtschaftserfahrungen als\u00a0langj\u00e4hriger Leiter des Schweizerischen Instituts f\u00fcr Betriebswirtschaft in Berlin, Vorstand einer Wohnungsgenossenschaft und Referent im Haushaltsausschuss der Volkskammer und des Bundestages. Gegenw\u00e4rtig ehrenamtliche T\u00e4tigkeiten.\",\"url\":\"https:\/\/www.pressenza.com\/de\/author\/guenter-buhlke\/\"}]}<\/script>\n<!-- \/ Yoast SEO plugin. -->","yoast_head_json":{"title":"100 Jahre Weimarer Verfassung","description":"Der Gedenktag f\u00e4llt auf den 11.8.2019. In der politischen Geschichte Deutschlands steht er im Ranking im oberen Drittel. Mit hehren Gedankenfl\u00fcgen der","robots":{"index":"index","follow":"follow","max-snippet":"max-snippet:-1","max-image-preview":"max-image-preview:large","max-video-preview":"max-video-preview:-1"},"canonical":"https:\/\/www.pressenza.com\/de\/2018\/02\/100-jahre-weimarer-verfassung\/","og_locale":"de_DE","og_type":"article","og_title":"100 Jahre Weimarer Verfassung","og_description":"Der Gedenktag f\u00e4llt auf den 11.8.2019. In der politischen Geschichte Deutschlands steht er im Ranking im oberen Drittel. Mit hehren Gedankenfl\u00fcgen der","og_url":"https:\/\/www.pressenza.com\/de\/2018\/02\/100-jahre-weimarer-verfassung\/","og_site_name":"Pressenza","article_publisher":"https:\/\/www.facebook.com\/PressenzaItalia","article_published_time":"2018-02-18T11:06:48+00:00","article_modified_time":"2018-02-18T11:10:15+00:00","og_image":[{"width":1526,"height":798,"url":"https:\/\/www.pressenza.com\/wp-content\/uploads\/2018\/02\/Gedenktafel_Theaterplatz_Weimar_Weimarer_Verfassung.jpg","type":"image\/jpeg"}],"author":"G\u00fcnter Buhlke","twitter_card":"summary_large_image","twitter_creator":"@PressenzaIPA","twitter_site":"@PressenzaIPA","twitter_misc":{"Verfasst von":"G\u00fcnter Buhlke","Gesch\u00e4tzte Lesezeit":"4\u00a0Minuten"},"schema":{"@context":"https:\/\/schema.org","@graph":[{"@type":"Article","@id":"https:\/\/www.pressenza.com\/de\/2018\/02\/100-jahre-weimarer-verfassung\/#article","isPartOf":{"@id":"https:\/\/www.pressenza.com\/de\/2018\/02\/100-jahre-weimarer-verfassung\/"},"author":{"name":"G\u00fcnter Buhlke","@id":"https:\/\/www.pressenza.com\/de\/#\/schema\/person\/e48301baaf10fa4f78dc7566caf225b4"},"headline":"100 Jahre Weimarer Verfassung","datePublished":"2018-02-18T11:06:48+00:00","dateModified":"2018-02-18T11:10:15+00:00","mainEntityOfPage":{"@id":"https:\/\/www.pressenza.com\/de\/2018\/02\/100-jahre-weimarer-verfassung\/"},"wordCount":763,"publisher":{"@id":"https:\/\/www.pressenza.com\/de\/#organization"},"image":{"@id":"https:\/\/www.pressenza.com\/de\/2018\/02\/100-jahre-weimarer-verfassung\/#primaryimage"},"thumbnailUrl":"https:\/\/www.pressenza.com\/wp-content\/uploads\/2018\/02\/Gedenktafel_Theaterplatz_Weimar_Weimarer_Verfassung.jpg","keywords":["Grundgesetz","Weimarer Republick","Weimarer Verfassung"],"articleSection":["Europa","Originalinhalt","Politik"],"inLanguage":"de"},{"@type":"WebPage","@id":"https:\/\/www.pressenza.com\/de\/2018\/02\/100-jahre-weimarer-verfassung\/","url":"https:\/\/www.pressenza.com\/de\/2018\/02\/100-jahre-weimarer-verfassung\/","name":"100 Jahre Weimarer Verfassung","isPartOf":{"@id":"https:\/\/www.pressenza.com\/de\/#website"},"primaryImageOfPage":{"@id":"https:\/\/www.pressenza.com\/de\/2018\/02\/100-jahre-weimarer-verfassung\/#primaryimage"},"image":{"@id":"https:\/\/www.pressenza.com\/de\/2018\/02\/100-jahre-weimarer-verfassung\/#primaryimage"},"thumbnailUrl":"https:\/\/www.pressenza.com\/wp-content\/uploads\/2018\/02\/Gedenktafel_Theaterplatz_Weimar_Weimarer_Verfassung.jpg","datePublished":"2018-02-18T11:06:48+00:00","dateModified":"2018-02-18T11:10:15+00:00","description":"Der Gedenktag f\u00e4llt auf den 11.8.2019. In der politischen Geschichte Deutschlands steht er im Ranking im oberen Drittel. Mit hehren Gedankenfl\u00fcgen der","breadcrumb":{"@id":"https:\/\/www.pressenza.com\/de\/2018\/02\/100-jahre-weimarer-verfassung\/#breadcrumb"},"inLanguage":"de","potentialAction":[{"@type":"ReadAction","target":["https:\/\/www.pressenza.com\/de\/2018\/02\/100-jahre-weimarer-verfassung\/"]}]},{"@type":"ImageObject","inLanguage":"de","@id":"https:\/\/www.pressenza.com\/de\/2018\/02\/100-jahre-weimarer-verfassung\/#primaryimage","url":"https:\/\/www.pressenza.com\/wp-content\/uploads\/2018\/02\/Gedenktafel_Theaterplatz_Weimar_Weimarer_Verfassung.jpg","contentUrl":"https:\/\/www.pressenza.com\/wp-content\/uploads\/2018\/02\/Gedenktafel_Theaterplatz_Weimar_Weimarer_Verfassung.jpg","width":1526,"height":798,"caption":"OLYMPUS DIGITAL CAMERA"},{"@type":"BreadcrumbList","@id":"https:\/\/www.pressenza.com\/de\/2018\/02\/100-jahre-weimarer-verfassung\/#breadcrumb","itemListElement":[{"@type":"ListItem","position":1,"name":"Accueil","item":"https:\/\/www.pressenza.com\/de\/"},{"@type":"ListItem","position":2,"name":"100 Jahre Weimarer Verfassung"}]},{"@type":"WebSite","@id":"https:\/\/www.pressenza.com\/de\/#website","url":"https:\/\/www.pressenza.com\/de\/","name":"Pressenza","description":"International Press Agency","publisher":{"@id":"https:\/\/www.pressenza.com\/de\/#organization"},"potentialAction":[{"@type":"SearchAction","target":{"@type":"EntryPoint","urlTemplate":"https:\/\/www.pressenza.com\/de\/?s={search_term_string}"},"query-input":{"@type":"PropertyValueSpecification","valueRequired":true,"valueName":"search_term_string"}}],"inLanguage":"de"},{"@type":"Organization","@id":"https:\/\/www.pressenza.com\/de\/#organization","name":"Pressenza","url":"https:\/\/www.pressenza.com\/de\/","logo":{"@type":"ImageObject","inLanguage":"de","@id":"https:\/\/www.pressenza.com\/de\/#\/schema\/logo\/image\/","url":"https:\/\/www.pressenza.com\/wp-content\/uploads\/2022\/10\/pressenza_logo_200x200.jpg","contentUrl":"https:\/\/www.pressenza.com\/wp-content\/uploads\/2022\/10\/pressenza_logo_200x200.jpg","width":200,"height":200,"caption":"Pressenza"},"image":{"@id":"https:\/\/www.pressenza.com\/de\/#\/schema\/logo\/image\/"},"sameAs":["https:\/\/www.facebook.com\/PressenzaItalia","https:\/\/x.com\/PressenzaIPA"]},{"@type":"Person","@id":"https:\/\/www.pressenza.com\/de\/#\/schema\/person\/e48301baaf10fa4f78dc7566caf225b4","name":"G\u00fcnter Buhlke","description":"Geboren 1934, Studium an der Humboldtuniversit\u00e4t und der Hochschule f\u00fcr \u00d6konomie Berlin, dipl. Volkswirtschaftler. Internationale Arbeit als Handelsrat in Mexiko und Venezuela. Koordinator f\u00fcr die Wirtschaftsbeziehungen der DDR zu Lateinamerika. Wirtschaftserfahrungen als\u00a0langj\u00e4hriger Leiter des Schweizerischen Instituts f\u00fcr Betriebswirtschaft in Berlin, Vorstand einer Wohnungsgenossenschaft und Referent im Haushaltsausschuss der Volkskammer und des Bundestages. Gegenw\u00e4rtig ehrenamtliche T\u00e4tigkeiten.","url":"https:\/\/www.pressenza.com\/de\/author\/guenter-buhlke\/"}]}},"place":"Berlin","original_article_url":"","_links":{"self":[{"href":"https:\/\/www.pressenza.com\/de\/wp-json\/wp\/v2\/posts\/598207","targetHints":{"allow":["GET"]}}],"collection":[{"href":"https:\/\/www.pressenza.com\/de\/wp-json\/wp\/v2\/posts"}],"about":[{"href":"https:\/\/www.pressenza.com\/de\/wp-json\/wp\/v2\/types\/post"}],"author":[{"embeddable":true,"href":"https:\/\/www.pressenza.com\/de\/wp-json\/wp\/v2\/users\/1463"}],"replies":[{"embeddable":true,"href":"https:\/\/www.pressenza.com\/de\/wp-json\/wp\/v2\/comments?post=598207"}],"version-history":[{"count":0,"href":"https:\/\/www.pressenza.com\/de\/wp-json\/wp\/v2\/posts\/598207\/revisions"}],"wp:featuredmedia":[{"embeddable":true,"href":"https:\/\/www.pressenza.com\/de\/wp-json\/wp\/v2\/media\/598211"}],"wp:attachment":[{"href":"https:\/\/www.pressenza.com\/de\/wp-json\/wp\/v2\/media?parent=598207"}],"wp:term":[{"taxonomy":"category","embeddable":true,"href":"https:\/\/www.pressenza.com\/de\/wp-json\/wp\/v2\/categories?post=598207"},{"taxonomy":"post_tag","embeddable":true,"href":"https:\/\/www.pressenza.com\/de\/wp-json\/wp\/v2\/tags?post=598207"}],"curies":[{"name":"wp","href":"https:\/\/api.w.org\/{rel}","templated":true}]}}