{"id":595222,"date":"2018-02-12T20:45:40","date_gmt":"2018-02-12T20:45:40","guid":{"rendered":"https:\/\/www.pressenza.com\/?p=595222"},"modified":"2018-02-13T12:11:10","modified_gmt":"2018-02-13T12:11:10","slug":"diem25-regensburg-aufruf-zur-teilnahme-der-anti-siko-demo-2018-muenchen","status":"publish","type":"post","link":"https:\/\/www.pressenza.com\/de\/2018\/02\/diem25-regensburg-aufruf-zur-teilnahme-der-anti-siko-demo-2018-muenchen\/","title":{"rendered":"DiEM25 Regensburg: Aufruf zur Teilnahme an der ANTI-SIKO-DEMO 2018 in M\u00fcnchen"},"content":{"rendered":"<p><strong>SHAKE EUROPE!<\/strong><\/p>\n<p><strong>Wir fordern RADIKALE ENTMILITARISIERUNG zur Schaffung eines GR\u00dcNEN EUROPAS, eines Europas der MENSCHLICHKEIT und des FRIEDENS, f\u00fcr eine PLANETARISCHE ZIVILE GESELLSCHAFT und eine ZUKUNFT der FREIHEIT, der GERECHTIGKEIT und der NACHHALTIGKEIT auf ERDEN.<\/strong><\/p>\n<p><strong>DiEM25 REGENSBURG ruft alle Mitglieder und FRIEDENSAKTIVISTEN dazu auf, an der DEMONSTRATION gegen die M\u00dcNCHNER SICHERHEITSKONFERENZ 2018 teilzunehmen.<\/strong><\/p>\n<p>Die M\u00fcnchner Sicherheitskonferenz findet vom 16. &#8211; 18.02.2018 statt. Sie ist das weltweit gr\u00f6\u00dfte Treffen f\u00fcr SicherheitspolitikerInnen, Milit\u00e4rs und R\u00fcstungsindustrielle. Die Sicherheitskonferenz wird privat organisiert, ist nicht \u00f6ffentlich und erh\u00e4lt vom deutschen Staat j\u00e4hrlich bis zu 500.000 \u20ac Projektf\u00f6rderung.<\/p>\n<p>Der Freistaat Bayern stellt zus\u00e4tzlich tausende PolizistInnen zum Schutz der TeilnehmerInnen aus der politischen und milit\u00e4rischen Szene zur Verf\u00fcgung. Als Sponsoren fungieren u.a. Linde AG, BMW, Krauss-Maffei Wegmann, Barclays und die Deutsche Telekom.<\/p>\n<p>Wir, die Regensburger DiEM25-Lokalgruppe, beteiligen uns am Samstag, den 17.02.2018, an der Demonstration gegen die milit\u00e4rische Ausrichtung der Sicherheitskonferenz, gegen die stetige Erh\u00f6hung der milit\u00e4rischen Ausgaben, gegen R\u00fcstungsexporte und gegen die zunehmenden milit\u00e4rischen Interventionen, insbesondere in rohstoffreichen L\u00e4ndern.<\/p>\n<p>Wir laden alle DiEM25-Mitglieder und Friedensaktivisten dazu ein, sich uns anzuschlie\u00dfen und gemeinsam an der Demo teilzunehmen, um einen sichtbaren DiEM25-Block zu bilden.<\/p>\n<p>Treffpunkt: Am 17. 02. 2018 um 11:30 vor dem Haupteingang des M\u00fcnchner Hbfs, wo wir uns vor der Demo einfinden und kennen lernen k\u00f6nnen &#8211; Erkennungszeichen DiEM25-Fahne, Sticker, Banner. Wir gehen um 12:00 Uhr gemeinsam zum Karlsplatz\/Stachus.<\/p>\n<p style=\"text-align: center;\"><strong>ES\u00a0 SIND ALLE HERZLICH EINGELADEN, MITZUMARSCHIEREN!<\/strong><\/p>\n<p style=\"text-align: center;\">Liste aller Unterst\u00fctzerInnen der Anti-Siko-Demo:\u00a0<a href=\"http:\/\/sicherheitskonferenz.de\/Liste-Siko-Aufruf-2018\" target=\"_blank\" rel=\"noopener\">http:\/\/sicherheitskonferenz.de\/Liste-Siko-Aufruf-2018<\/a><\/p>\n<p style=\"text-align: center;\">Weitere\u00a0Infos:\u00a0 <a href=\"http:\/\/www.antisiko.de\" target=\"_blank\" rel=\"noopener\">www.antisiko.de<\/a>\u00a0 \/\u00a0\u00a0<a href=\"http:\/\/www.friedenskonferenz.info\" target=\"_blank\" rel=\"noopener\">www.friedenskonferenz.info<\/a>\u00a0 \/\u00a0\u00a0<a href=\"https:\/\/diem25.org\/home-de\/\" target=\"_blank\" rel=\"noopener\">www.diem25.org<\/a>\u00a0 \/\u00a0 <a href=\"http:\/\/www.facebook.com\/DiEM25Regensburg\/\" target=\"_blank\" rel=\"noopener\">www.facebook.com\/DiEM25Regensburg\/<\/a><\/p>\n<p style=\"text-align: center;\"><strong><em>\u201eEs kommt nicht darauf an, den Menschen der Dritten Welt mehr zu geben, sondern ihnen weniger zu stehlen.\u201c &#8211; J\u00e9an Ziegler<\/em><\/strong><\/p>\n<p style=\"text-align: center;\"><strong><em>\u201eEmp\u00f6rt Euch!\u201c &#8211; St\u00e9phan Hessel<\/em><\/strong><\/p>\n<p><iframe loading=\"lazy\" src=\"https:\/\/www.youtube.com\/embed\/S9GQxyh3w-c\" width=\"700\" height=\"400\" frameborder=\"0\" allowfullscreen=\"allowfullscreen\"><\/iframe><\/p>\n<p>&nbsp;<\/p>\n<p><em>Pressenza unterst\u00fctzt diesen Aufruf und kooperiert mit DiEM25 f\u00fcr eine europ\u00e4ische Politik der Abr\u00fcstung und Entmilitarisierung. Mehr dazu lesen Sie in diesem Artikel:<\/em><\/p>\n<p><em><a href=\"https:\/\/www.pressenza.com\/de\/2017\/06\/reduzierung-der-militaerausgaben-im-europaeischen-new-deal-von-diem25-ein-beitrag-von-pressenza\/\" target=\"_blank\" rel=\"noopener\">&#8222;Reduzierung der Milit\u00e4rausgaben im Europ\u00e4ischen New Deal von DiEM25, ein Beitrag von Pressenza&#8220;<\/a><\/em><\/p>\n<p><em>Weitere Artikel zum Thema &#8222;Frieden und Abr\u00fcstung&#8220; gibt es <a href=\"https:\/\/www.pressenza.com\/de\/-\/rubrik\/frieden-und-abruestung\/\" target=\"_blank\" rel=\"noopener\">hier<\/a>.<\/em><\/p>\n","protected":false},"excerpt":{"rendered":"<p>SHAKE EUROPE! Wir fordern RADIKALE ENTMILITARISIERUNG zur Schaffung eines GR\u00dcNEN EUROPAS, eines Europas der MENSCHLICHKEIT und des FRIEDENS, f\u00fcr eine PLANETARISCHE ZIVILE GESELLSCHAFT und eine ZUKUNFT der FREIHEIT, der GERECHTIGKEIT und der NACHHALTIGKEIT auf ERDEN. DiEM25 REGENSBURG ruft alle Mitglieder&hellip;<\/p>\n","protected":false},"author":1097,"featured_media":595863,"comment_status":"closed","ping_status":"closed","sticky":false,"template":"","format":"standard","meta":{"footnotes":""},"categories":[9150,9167,9164,11387,9168,9145],"tags":[9221,43619,25601,9222,43620],"class_list":["post-595222","post","type-post","status-publish","format-standard","has-post-thumbnail","hentry","category-europa-de","category-frieden-und-abruestung","category-internationale-angelegenheiten","category-originalinhalt","category-politik","category-pressemitteilungen","tag-abrustung","tag-anti-siko-demo","tag-diem25-de","tag-militarausgaben","tag-muenchner-sicherheitskonferenz"],"yoast_head":"<!-- This site is optimized with the Yoast SEO plugin v27.1.1 - https:\/\/yoast.com\/product\/yoast-seo-wordpress\/ -->\n<title>DiEM25 Regensburg: Aufruf zur Teilnahme an der ANTI-SIKO-DEMO 2018 in M\u00fcnchen<\/title>\n<meta name=\"description\" content=\"SHAKE EUROPE! Wir fordern RADIKALE ENTMILITARISIERUNG zur Schaffung eines GR\u00dcNEN EUROPAS, eines Europas der MENSCHLICHKEIT und des FRIEDENS, f\u00fcr eine\" \/>\n<meta name=\"robots\" content=\"index, follow, max-snippet:-1, max-image-preview:large, max-video-preview:-1\" \/>\n<link rel=\"canonical\" href=\"https:\/\/www.pressenza.com\/de\/2018\/02\/diem25-regensburg-aufruf-zur-teilnahme-der-anti-siko-demo-2018-muenchen\/\" \/>\n<meta property=\"og:locale\" content=\"de_DE\" \/>\n<meta property=\"og:type\" content=\"article\" \/>\n<meta property=\"og:title\" content=\"DiEM25 Regensburg: Aufruf zur Teilnahme an der ANTI-SIKO-DEMO 2018 in M\u00fcnchen\" \/>\n<meta property=\"og:description\" content=\"SHAKE EUROPE! Wir fordern RADIKALE ENTMILITARISIERUNG zur Schaffung eines GR\u00dcNEN EUROPAS, eines Europas der MENSCHLICHKEIT und des FRIEDENS, f\u00fcr eine\" \/>\n<meta property=\"og:url\" content=\"https:\/\/www.pressenza.com\/de\/2018\/02\/diem25-regensburg-aufruf-zur-teilnahme-der-anti-siko-demo-2018-muenchen\/\" \/>\n<meta property=\"og:site_name\" content=\"Pressenza\" \/>\n<meta property=\"article:publisher\" content=\"https:\/\/www.facebook.com\/PressenzaItalia\" \/>\n<meta property=\"article:author\" content=\"https:\/\/www.facebook.com\/Pressenza-Deutschland-sterreich-Schweiz-281675388658060\/timeline\/\" \/>\n<meta property=\"article:published_time\" content=\"2018-02-12T20:45:40+00:00\" \/>\n<meta property=\"article:modified_time\" content=\"2018-02-13T12:11:10+00:00\" \/>\n<meta property=\"og:image\" content=\"https:\/\/www.pressenza.com\/wp-content\/uploads\/2018\/02\/DiEM25-Regensburg-Anti-Siko-Demo-18_gross.jpg\" \/>\n\t<meta property=\"og:image:width\" content=\"1093\" \/>\n\t<meta property=\"og:image:height\" content=\"417\" \/>\n\t<meta property=\"og:image:type\" content=\"image\/jpeg\" \/>\n<meta name=\"author\" content=\"Pressenza Muenchen\" \/>\n<meta name=\"twitter:card\" content=\"summary_large_image\" \/>\n<meta name=\"twitter:creator\" content=\"@pressenza_ger\" \/>\n<meta name=\"twitter:site\" content=\"@PressenzaIPA\" \/>\n<meta name=\"twitter:label1\" content=\"Verfasst von\" \/>\n\t<meta name=\"twitter:data1\" content=\"Pressenza Muenchen\" \/>\n\t<meta name=\"twitter:label2\" content=\"Gesch\u00e4tzte Lesezeit\" \/>\n\t<meta name=\"twitter:data2\" content=\"2\u00a0Minuten\" \/>\n<script type=\"application\/ld+json\" class=\"yoast-schema-graph\">{\"@context\":\"https:\/\/schema.org\",\"@graph\":[{\"@type\":\"Article\",\"@id\":\"https:\/\/www.pressenza.com\/de\/2018\/02\/diem25-regensburg-aufruf-zur-teilnahme-der-anti-siko-demo-2018-muenchen\/#article\",\"isPartOf\":{\"@id\":\"https:\/\/www.pressenza.com\/de\/2018\/02\/diem25-regensburg-aufruf-zur-teilnahme-der-anti-siko-demo-2018-muenchen\/\"},\"author\":{\"name\":\"Pressenza Muenchen\",\"@id\":\"https:\/\/www.pressenza.com\/de\/#\/schema\/person\/0069724cfb2cb9785368a167d0d900b7\"},\"headline\":\"DiEM25 Regensburg: Aufruf zur Teilnahme an der ANTI-SIKO-DEMO 2018 in M\u00fcnchen\",\"datePublished\":\"2018-02-12T20:45:40+00:00\",\"dateModified\":\"2018-02-13T12:11:10+00:00\",\"mainEntityOfPage\":{\"@id\":\"https:\/\/www.pressenza.com\/de\/2018\/02\/diem25-regensburg-aufruf-zur-teilnahme-der-anti-siko-demo-2018-muenchen\/\"},\"wordCount\":367,\"publisher\":{\"@id\":\"https:\/\/www.pressenza.com\/de\/#organization\"},\"image\":{\"@id\":\"https:\/\/www.pressenza.com\/de\/2018\/02\/diem25-regensburg-aufruf-zur-teilnahme-der-anti-siko-demo-2018-muenchen\/#primaryimage\"},\"thumbnailUrl\":\"https:\/\/www.pressenza.com\/wp-content\/uploads\/2018\/02\/DiEM25-Regensburg-Anti-Siko-Demo-18_gross.jpg\",\"keywords\":[\"Abr\u00fcstung\",\"Anti-Siko-Demo\",\"DiEM25\",\"Milit\u00e4rausgaben\",\"M\u00fcnchner Sicherheitskonferenz\"],\"articleSection\":[\"Europa\",\"Frieden und Abr\u00fcstung\",\"Internationale Angelegenheiten\",\"Originalinhalt\",\"Politik\",\"Pressemitteilungen\"],\"inLanguage\":\"de\"},{\"@type\":\"WebPage\",\"@id\":\"https:\/\/www.pressenza.com\/de\/2018\/02\/diem25-regensburg-aufruf-zur-teilnahme-der-anti-siko-demo-2018-muenchen\/\",\"url\":\"https:\/\/www.pressenza.com\/de\/2018\/02\/diem25-regensburg-aufruf-zur-teilnahme-der-anti-siko-demo-2018-muenchen\/\",\"name\":\"DiEM25 Regensburg: Aufruf zur Teilnahme an der ANTI-SIKO-DEMO 2018 in M\u00fcnchen\",\"isPartOf\":{\"@id\":\"https:\/\/www.pressenza.com\/de\/#website\"},\"primaryImageOfPage\":{\"@id\":\"https:\/\/www.pressenza.com\/de\/2018\/02\/diem25-regensburg-aufruf-zur-teilnahme-der-anti-siko-demo-2018-muenchen\/#primaryimage\"},\"image\":{\"@id\":\"https:\/\/www.pressenza.com\/de\/2018\/02\/diem25-regensburg-aufruf-zur-teilnahme-der-anti-siko-demo-2018-muenchen\/#primaryimage\"},\"thumbnailUrl\":\"https:\/\/www.pressenza.com\/wp-content\/uploads\/2018\/02\/DiEM25-Regensburg-Anti-Siko-Demo-18_gross.jpg\",\"datePublished\":\"2018-02-12T20:45:40+00:00\",\"dateModified\":\"2018-02-13T12:11:10+00:00\",\"description\":\"SHAKE EUROPE! Wir fordern RADIKALE ENTMILITARISIERUNG zur Schaffung eines GR\u00dcNEN EUROPAS, eines Europas der MENSCHLICHKEIT und des FRIEDENS, f\u00fcr eine\",\"breadcrumb\":{\"@id\":\"https:\/\/www.pressenza.com\/de\/2018\/02\/diem25-regensburg-aufruf-zur-teilnahme-der-anti-siko-demo-2018-muenchen\/#breadcrumb\"},\"inLanguage\":\"de\",\"potentialAction\":[{\"@type\":\"ReadAction\",\"target\":[\"https:\/\/www.pressenza.com\/de\/2018\/02\/diem25-regensburg-aufruf-zur-teilnahme-der-anti-siko-demo-2018-muenchen\/\"]}]},{\"@type\":\"ImageObject\",\"inLanguage\":\"de\",\"@id\":\"https:\/\/www.pressenza.com\/de\/2018\/02\/diem25-regensburg-aufruf-zur-teilnahme-der-anti-siko-demo-2018-muenchen\/#primaryimage\",\"url\":\"https:\/\/www.pressenza.com\/wp-content\/uploads\/2018\/02\/DiEM25-Regensburg-Anti-Siko-Demo-18_gross.jpg\",\"contentUrl\":\"https:\/\/www.pressenza.com\/wp-content\/uploads\/2018\/02\/DiEM25-Regensburg-Anti-Siko-Demo-18_gross.jpg\",\"width\":1093,\"height\":417},{\"@type\":\"BreadcrumbList\",\"@id\":\"https:\/\/www.pressenza.com\/de\/2018\/02\/diem25-regensburg-aufruf-zur-teilnahme-der-anti-siko-demo-2018-muenchen\/#breadcrumb\",\"itemListElement\":[{\"@type\":\"ListItem\",\"position\":1,\"name\":\"Accueil\",\"item\":\"https:\/\/www.pressenza.com\/de\/\"},{\"@type\":\"ListItem\",\"position\":2,\"name\":\"DiEM25 Regensburg: Aufruf zur Teilnahme an der ANTI-SIKO-DEMO 2018 in M\u00fcnchen\"}]},{\"@type\":\"WebSite\",\"@id\":\"https:\/\/www.pressenza.com\/de\/#website\",\"url\":\"https:\/\/www.pressenza.com\/de\/\",\"name\":\"Pressenza\",\"description\":\"International Press Agency\",\"publisher\":{\"@id\":\"https:\/\/www.pressenza.com\/de\/#organization\"},\"potentialAction\":[{\"@type\":\"SearchAction\",\"target\":{\"@type\":\"EntryPoint\",\"urlTemplate\":\"https:\/\/www.pressenza.com\/de\/?s={search_term_string}\"},\"query-input\":{\"@type\":\"PropertyValueSpecification\",\"valueRequired\":true,\"valueName\":\"search_term_string\"}}],\"inLanguage\":\"de\"},{\"@type\":\"Organization\",\"@id\":\"https:\/\/www.pressenza.com\/de\/#organization\",\"name\":\"Pressenza\",\"url\":\"https:\/\/www.pressenza.com\/de\/\",\"logo\":{\"@type\":\"ImageObject\",\"inLanguage\":\"de\",\"@id\":\"https:\/\/www.pressenza.com\/de\/#\/schema\/logo\/image\/\",\"url\":\"https:\/\/www.pressenza.com\/wp-content\/uploads\/2022\/10\/pressenza_logo_200x200.jpg\",\"contentUrl\":\"https:\/\/www.pressenza.com\/wp-content\/uploads\/2022\/10\/pressenza_logo_200x200.jpg\",\"width\":200,\"height\":200,\"caption\":\"Pressenza\"},\"image\":{\"@id\":\"https:\/\/www.pressenza.com\/de\/#\/schema\/logo\/image\/\"},\"sameAs\":[\"https:\/\/www.facebook.com\/PressenzaItalia\",\"https:\/\/x.com\/PressenzaIPA\"]},{\"@type\":\"Person\",\"@id\":\"https:\/\/www.pressenza.com\/de\/#\/schema\/person\/0069724cfb2cb9785368a167d0d900b7\",\"name\":\"Pressenza Muenchen\",\"description\":\"News from the Pressenza bureau in Munich, Germany\",\"sameAs\":[\"https:\/\/www.facebook.com\/Pressenza-Deutschland-sterreich-Schweiz-281675388658060\/timeline\/\",\"https:\/\/x.com\/pressenza_ger\"],\"url\":\"https:\/\/www.pressenza.com\/de\/author\/pressenza-muenchen\/\"}]}<\/script>\n<!-- \/ Yoast SEO plugin. -->","yoast_head_json":{"title":"DiEM25 Regensburg: Aufruf zur Teilnahme an der ANTI-SIKO-DEMO 2018 in M\u00fcnchen","description":"SHAKE EUROPE! Wir fordern RADIKALE ENTMILITARISIERUNG zur Schaffung eines GR\u00dcNEN EUROPAS, eines Europas der MENSCHLICHKEIT und des FRIEDENS, f\u00fcr eine","robots":{"index":"index","follow":"follow","max-snippet":"max-snippet:-1","max-image-preview":"max-image-preview:large","max-video-preview":"max-video-preview:-1"},"canonical":"https:\/\/www.pressenza.com\/de\/2018\/02\/diem25-regensburg-aufruf-zur-teilnahme-der-anti-siko-demo-2018-muenchen\/","og_locale":"de_DE","og_type":"article","og_title":"DiEM25 Regensburg: Aufruf zur Teilnahme an der ANTI-SIKO-DEMO 2018 in M\u00fcnchen","og_description":"SHAKE EUROPE! Wir fordern RADIKALE ENTMILITARISIERUNG zur Schaffung eines GR\u00dcNEN EUROPAS, eines Europas der MENSCHLICHKEIT und des FRIEDENS, f\u00fcr eine","og_url":"https:\/\/www.pressenza.com\/de\/2018\/02\/diem25-regensburg-aufruf-zur-teilnahme-der-anti-siko-demo-2018-muenchen\/","og_site_name":"Pressenza","article_publisher":"https:\/\/www.facebook.com\/PressenzaItalia","article_author":"https:\/\/www.facebook.com\/Pressenza-Deutschland-sterreich-Schweiz-281675388658060\/timeline\/","article_published_time":"2018-02-12T20:45:40+00:00","article_modified_time":"2018-02-13T12:11:10+00:00","og_image":[{"width":1093,"height":417,"url":"https:\/\/www.pressenza.com\/wp-content\/uploads\/2018\/02\/DiEM25-Regensburg-Anti-Siko-Demo-18_gross.jpg","type":"image\/jpeg"}],"author":"Pressenza Muenchen","twitter_card":"summary_large_image","twitter_creator":"@pressenza_ger","twitter_site":"@PressenzaIPA","twitter_misc":{"Verfasst von":"Pressenza Muenchen","Gesch\u00e4tzte Lesezeit":"2\u00a0Minuten"},"schema":{"@context":"https:\/\/schema.org","@graph":[{"@type":"Article","@id":"https:\/\/www.pressenza.com\/de\/2018\/02\/diem25-regensburg-aufruf-zur-teilnahme-der-anti-siko-demo-2018-muenchen\/#article","isPartOf":{"@id":"https:\/\/www.pressenza.com\/de\/2018\/02\/diem25-regensburg-aufruf-zur-teilnahme-der-anti-siko-demo-2018-muenchen\/"},"author":{"name":"Pressenza Muenchen","@id":"https:\/\/www.pressenza.com\/de\/#\/schema\/person\/0069724cfb2cb9785368a167d0d900b7"},"headline":"DiEM25 Regensburg: Aufruf zur Teilnahme an der ANTI-SIKO-DEMO 2018 in M\u00fcnchen","datePublished":"2018-02-12T20:45:40+00:00","dateModified":"2018-02-13T12:11:10+00:00","mainEntityOfPage":{"@id":"https:\/\/www.pressenza.com\/de\/2018\/02\/diem25-regensburg-aufruf-zur-teilnahme-der-anti-siko-demo-2018-muenchen\/"},"wordCount":367,"publisher":{"@id":"https:\/\/www.pressenza.com\/de\/#organization"},"image":{"@id":"https:\/\/www.pressenza.com\/de\/2018\/02\/diem25-regensburg-aufruf-zur-teilnahme-der-anti-siko-demo-2018-muenchen\/#primaryimage"},"thumbnailUrl":"https:\/\/www.pressenza.com\/wp-content\/uploads\/2018\/02\/DiEM25-Regensburg-Anti-Siko-Demo-18_gross.jpg","keywords":["Abr\u00fcstung","Anti-Siko-Demo","DiEM25","Milit\u00e4rausgaben","M\u00fcnchner Sicherheitskonferenz"],"articleSection":["Europa","Frieden und Abr\u00fcstung","Internationale Angelegenheiten","Originalinhalt","Politik","Pressemitteilungen"],"inLanguage":"de"},{"@type":"WebPage","@id":"https:\/\/www.pressenza.com\/de\/2018\/02\/diem25-regensburg-aufruf-zur-teilnahme-der-anti-siko-demo-2018-muenchen\/","url":"https:\/\/www.pressenza.com\/de\/2018\/02\/diem25-regensburg-aufruf-zur-teilnahme-der-anti-siko-demo-2018-muenchen\/","name":"DiEM25 Regensburg: Aufruf zur Teilnahme an der ANTI-SIKO-DEMO 2018 in M\u00fcnchen","isPartOf":{"@id":"https:\/\/www.pressenza.com\/de\/#website"},"primaryImageOfPage":{"@id":"https:\/\/www.pressenza.com\/de\/2018\/02\/diem25-regensburg-aufruf-zur-teilnahme-der-anti-siko-demo-2018-muenchen\/#primaryimage"},"image":{"@id":"https:\/\/www.pressenza.com\/de\/2018\/02\/diem25-regensburg-aufruf-zur-teilnahme-der-anti-siko-demo-2018-muenchen\/#primaryimage"},"thumbnailUrl":"https:\/\/www.pressenza.com\/wp-content\/uploads\/2018\/02\/DiEM25-Regensburg-Anti-Siko-Demo-18_gross.jpg","datePublished":"2018-02-12T20:45:40+00:00","dateModified":"2018-02-13T12:11:10+00:00","description":"SHAKE EUROPE! Wir fordern RADIKALE ENTMILITARISIERUNG zur Schaffung eines GR\u00dcNEN EUROPAS, eines Europas der MENSCHLICHKEIT und des FRIEDENS, f\u00fcr eine","breadcrumb":{"@id":"https:\/\/www.pressenza.com\/de\/2018\/02\/diem25-regensburg-aufruf-zur-teilnahme-der-anti-siko-demo-2018-muenchen\/#breadcrumb"},"inLanguage":"de","potentialAction":[{"@type":"ReadAction","target":["https:\/\/www.pressenza.com\/de\/2018\/02\/diem25-regensburg-aufruf-zur-teilnahme-der-anti-siko-demo-2018-muenchen\/"]}]},{"@type":"ImageObject","inLanguage":"de","@id":"https:\/\/www.pressenza.com\/de\/2018\/02\/diem25-regensburg-aufruf-zur-teilnahme-der-anti-siko-demo-2018-muenchen\/#primaryimage","url":"https:\/\/www.pressenza.com\/wp-content\/uploads\/2018\/02\/DiEM25-Regensburg-Anti-Siko-Demo-18_gross.jpg","contentUrl":"https:\/\/www.pressenza.com\/wp-content\/uploads\/2018\/02\/DiEM25-Regensburg-Anti-Siko-Demo-18_gross.jpg","width":1093,"height":417},{"@type":"BreadcrumbList","@id":"https:\/\/www.pressenza.com\/de\/2018\/02\/diem25-regensburg-aufruf-zur-teilnahme-der-anti-siko-demo-2018-muenchen\/#breadcrumb","itemListElement":[{"@type":"ListItem","position":1,"name":"Accueil","item":"https:\/\/www.pressenza.com\/de\/"},{"@type":"ListItem","position":2,"name":"DiEM25 Regensburg: Aufruf zur Teilnahme an der ANTI-SIKO-DEMO 2018 in M\u00fcnchen"}]},{"@type":"WebSite","@id":"https:\/\/www.pressenza.com\/de\/#website","url":"https:\/\/www.pressenza.com\/de\/","name":"Pressenza","description":"International Press Agency","publisher":{"@id":"https:\/\/www.pressenza.com\/de\/#organization"},"potentialAction":[{"@type":"SearchAction","target":{"@type":"EntryPoint","urlTemplate":"https:\/\/www.pressenza.com\/de\/?s={search_term_string}"},"query-input":{"@type":"PropertyValueSpecification","valueRequired":true,"valueName":"search_term_string"}}],"inLanguage":"de"},{"@type":"Organization","@id":"https:\/\/www.pressenza.com\/de\/#organization","name":"Pressenza","url":"https:\/\/www.pressenza.com\/de\/","logo":{"@type":"ImageObject","inLanguage":"de","@id":"https:\/\/www.pressenza.com\/de\/#\/schema\/logo\/image\/","url":"https:\/\/www.pressenza.com\/wp-content\/uploads\/2022\/10\/pressenza_logo_200x200.jpg","contentUrl":"https:\/\/www.pressenza.com\/wp-content\/uploads\/2022\/10\/pressenza_logo_200x200.jpg","width":200,"height":200,"caption":"Pressenza"},"image":{"@id":"https:\/\/www.pressenza.com\/de\/#\/schema\/logo\/image\/"},"sameAs":["https:\/\/www.facebook.com\/PressenzaItalia","https:\/\/x.com\/PressenzaIPA"]},{"@type":"Person","@id":"https:\/\/www.pressenza.com\/de\/#\/schema\/person\/0069724cfb2cb9785368a167d0d900b7","name":"Pressenza Muenchen","description":"News from the Pressenza bureau in Munich, Germany","sameAs":["https:\/\/www.facebook.com\/Pressenza-Deutschland-sterreich-Schweiz-281675388658060\/timeline\/","https:\/\/x.com\/pressenza_ger"],"url":"https:\/\/www.pressenza.com\/de\/author\/pressenza-muenchen\/"}]}},"place":"","original_article_url":"","_links":{"self":[{"href":"https:\/\/www.pressenza.com\/de\/wp-json\/wp\/v2\/posts\/595222","targetHints":{"allow":["GET"]}}],"collection":[{"href":"https:\/\/www.pressenza.com\/de\/wp-json\/wp\/v2\/posts"}],"about":[{"href":"https:\/\/www.pressenza.com\/de\/wp-json\/wp\/v2\/types\/post"}],"author":[{"embeddable":true,"href":"https:\/\/www.pressenza.com\/de\/wp-json\/wp\/v2\/users\/1097"}],"replies":[{"embeddable":true,"href":"https:\/\/www.pressenza.com\/de\/wp-json\/wp\/v2\/comments?post=595222"}],"version-history":[{"count":0,"href":"https:\/\/www.pressenza.com\/de\/wp-json\/wp\/v2\/posts\/595222\/revisions"}],"wp:featuredmedia":[{"embeddable":true,"href":"https:\/\/www.pressenza.com\/de\/wp-json\/wp\/v2\/media\/595863"}],"wp:attachment":[{"href":"https:\/\/www.pressenza.com\/de\/wp-json\/wp\/v2\/media?parent=595222"}],"wp:term":[{"taxonomy":"category","embeddable":true,"href":"https:\/\/www.pressenza.com\/de\/wp-json\/wp\/v2\/categories?post=595222"},{"taxonomy":"post_tag","embeddable":true,"href":"https:\/\/www.pressenza.com\/de\/wp-json\/wp\/v2\/tags?post=595222"}],"curies":[{"name":"wp","href":"https:\/\/api.w.org\/{rel}","templated":true}]}}