{"id":579632,"date":"2018-01-06T12:33:05","date_gmt":"2018-01-06T12:33:05","guid":{"rendered":"https:\/\/www.pressenza.com\/?p=579632\/"},"modified":"2018-01-06T12:33:05","modified_gmt":"2018-01-06T12:33:05","slug":"iran-interview-mit-shirin-ebadi-die-menschen-muessen-ihren-forderungen-friedlich-nachdruck-verleihen","status":"publish","type":"post","link":"https:\/\/www.pressenza.com\/de\/2018\/01\/iran-interview-mit-shirin-ebadi-die-menschen-muessen-ihren-forderungen-friedlich-nachdruck-verleihen\/","title":{"rendered":"Iran, Interview mit Shirin Ebadi: &#8222;Die Menschen m\u00fcssen ihren Forderungen friedlich Nachdruck verleihen&#8220;"},"content":{"rendered":"<p><strong>Im Deutsche Welle-Interview fordert die Friedensnobelpreistr\u00e4gerin Shirin Ebadi die Menschen im Iran zum zivilen Ungehorsam auf. Nur so k\u00f6nne die Regierung dazu gebracht werden, den Willen des Volkes zu respektieren.<\/strong><\/p>\n<p><em>Deutsche Welle: Die Anti-Regierungs-Proteste im Iran scheinen aufgrund der massiven Polizeipr\u00e4senz abzuflauen. Denken Sie, dass die Demonstrationen das Potenzial haben, zu einer fl\u00e4chendeckenden Bewegung zu werden?<\/em><\/p>\n<p>Shirin Ebadi: Laut der Verfassung hat die iranische Bev\u00f6lkerung das Recht, auf die Stra\u00dfe zu gehen. Nach dieser ben\u00f6tigt man f\u00fcr Aufm\u00e4rsche und Versammlungen keine Genehmigung. Aber die iranische Regierung hat die Rechte der Menschen immer ignoriert. Im Moment ist die Zahl derer, die auf die Stra\u00dfe gehen, r\u00fcckl\u00e4ufig. Das hat mit der Unterdr\u00fcckung und der Gewaltanwendung von Seiten der Regierung zu tun.<\/p>\n<p>Allerdings muss ich sagen, dass in den kleineren St\u00e4dten noch immer Demonstrationen stattfinden. Sogar diejenigen, die eigentlich schon in ihre H\u00e4user zur\u00fcckgekehrt waren, gehen wieder auf die Stra\u00dfen und machen weiter.<\/p>\n<p>Sie rufen laut, dass sie Hunger haben und dass ihnen jede wirtschaftliche Perspektive fehlt. Die Regierung kann die Hungrigen nicht auf ewig ignorieren, sie muss den Leuten Geh\u00f6r schenken. (&#8230;)<\/p>\n<p><em>Das gesamte Interview, gef\u00fchrt von Shabnam von Hein, finden Sie <a href=\"http:\/\/www.dw.com\/de\/shirin-ebadi-die-menschen-m\u00fcssen-ihren-forderungen-friedlich-nachdruck-verleihen\/a-42039024\" target=\"_blank\" rel=\"noopener\">hier<\/a>.<\/em><\/p>\n<p><em>Shirin Ebadi ist eine iranische Anw\u00e4ltin und Menschenrechtsaktivistin, die 2003 mit dem Friedensnobelpreis ausgezeichnet wurde.<\/em><\/p>\n","protected":false},"excerpt":{"rendered":"<p>Im Deutsche Welle-Interview fordert die Friedensnobelpreistr\u00e4gerin Shirin Ebadi die Menschen im Iran zum zivilen Ungehorsam auf. Nur so k\u00f6nne die Regierung dazu gebracht werden, den Willen des Volkes zu respektieren. Deutsche Welle: Die Anti-Regierungs-Proteste im Iran scheinen aufgrund der massiven&hellip;<\/p>\n","protected":false},"author":993,"featured_media":579635,"comment_status":"closed","ping_status":"closed","sticky":false,"template":"","format":"standard","meta":{"footnotes":""},"categories":[9142,9161,9151,9168,20605],"tags":[42836,22228,9665,14818,39569],"class_list":["post-579632","post","type-post","status-publish","format-standard","has-post-thumbnail","hentry","category-interviews-de","category-menschenrechte","category-mittlerer-osten","category-politik","category-unkategorisiert","tag-friedlicher-widerstand","tag-menschenrechte","tag-proteste-de","tag-shirin-ebadi-de","tag-ziviler-ungehorsam"],"yoast_head":"<!-- This site is optimized with the Yoast SEO plugin v27.1.1 - https:\/\/yoast.com\/product\/yoast-seo-wordpress\/ -->\n<title>Iran, Interview mit Shirin Ebadi: &quot;Die Menschen m\u00fcssen ihren Forderungen friedlich Nachdruck verleihen&quot;<\/title>\n<meta name=\"description\" content=\"Im Deutsche Welle-Interview fordert die Friedensnobelpreistr\u00e4gerin Shirin Ebadi die Menschen im Iran zum zivilen Ungehorsam auf. Nur so k\u00f6nne die\" \/>\n<meta name=\"robots\" content=\"index, follow, max-snippet:-1, max-image-preview:large, max-video-preview:-1\" \/>\n<link rel=\"canonical\" href=\"https:\/\/www.pressenza.com\/de\/2018\/01\/iran-interview-mit-shirin-ebadi-die-menschen-muessen-ihren-forderungen-friedlich-nachdruck-verleihen\/\" \/>\n<meta property=\"og:locale\" content=\"de_DE\" \/>\n<meta property=\"og:type\" content=\"article\" \/>\n<meta property=\"og:title\" content=\"Iran, Interview mit Shirin Ebadi: &quot;Die Menschen m\u00fcssen ihren Forderungen friedlich Nachdruck verleihen&quot;\" \/>\n<meta property=\"og:description\" content=\"Im Deutsche Welle-Interview fordert die Friedensnobelpreistr\u00e4gerin Shirin Ebadi die Menschen im Iran zum zivilen Ungehorsam auf. Nur so k\u00f6nne die\" \/>\n<meta property=\"og:url\" content=\"https:\/\/www.pressenza.com\/de\/2018\/01\/iran-interview-mit-shirin-ebadi-die-menschen-muessen-ihren-forderungen-friedlich-nachdruck-verleihen\/\" \/>\n<meta property=\"og:site_name\" content=\"Pressenza\" \/>\n<meta property=\"article:publisher\" content=\"https:\/\/www.facebook.com\/PressenzaItalia\" \/>\n<meta property=\"article:published_time\" content=\"2018-01-06T12:33:05+00:00\" \/>\n<meta property=\"og:image\" content=\"https:\/\/www.pressenza.com\/wp-content\/uploads\/2018\/01\/Shirin-Ebadi.jpg\" \/>\n\t<meta property=\"og:image:width\" content=\"940\" \/>\n\t<meta property=\"og:image:height\" content=\"529\" \/>\n\t<meta property=\"og:image:type\" content=\"image\/jpeg\" \/>\n<meta name=\"author\" content=\"Deutsche Welle\" \/>\n<meta name=\"twitter:card\" content=\"summary_large_image\" \/>\n<meta name=\"twitter:creator\" content=\"@PressenzaIPA\" \/>\n<meta name=\"twitter:site\" content=\"@PressenzaIPA\" \/>\n<meta name=\"twitter:label1\" content=\"Verfasst von\" \/>\n\t<meta name=\"twitter:data1\" content=\"Deutsche Welle\" \/>\n\t<meta name=\"twitter:label2\" content=\"Gesch\u00e4tzte Lesezeit\" \/>\n\t<meta name=\"twitter:data2\" content=\"1\u00a0Minute\" \/>\n<script type=\"application\/ld+json\" class=\"yoast-schema-graph\">{\"@context\":\"https:\/\/schema.org\",\"@graph\":[{\"@type\":\"Article\",\"@id\":\"https:\/\/www.pressenza.com\/de\/2018\/01\/iran-interview-mit-shirin-ebadi-die-menschen-muessen-ihren-forderungen-friedlich-nachdruck-verleihen\/#article\",\"isPartOf\":{\"@id\":\"https:\/\/www.pressenza.com\/de\/2018\/01\/iran-interview-mit-shirin-ebadi-die-menschen-muessen-ihren-forderungen-friedlich-nachdruck-verleihen\/\"},\"author\":{\"name\":\"Deutsche Welle\",\"@id\":\"https:\/\/www.pressenza.com\/de\/#\/schema\/person\/b7c775911f2c9a1b8c7225b94e2e9f37\"},\"headline\":\"Iran, Interview mit Shirin Ebadi: &#8222;Die Menschen m\u00fcssen ihren Forderungen friedlich Nachdruck verleihen&#8220;\",\"datePublished\":\"2018-01-06T12:33:05+00:00\",\"mainEntityOfPage\":{\"@id\":\"https:\/\/www.pressenza.com\/de\/2018\/01\/iran-interview-mit-shirin-ebadi-die-menschen-muessen-ihren-forderungen-friedlich-nachdruck-verleihen\/\"},\"wordCount\":238,\"publisher\":{\"@id\":\"https:\/\/www.pressenza.com\/de\/#organization\"},\"image\":{\"@id\":\"https:\/\/www.pressenza.com\/de\/2018\/01\/iran-interview-mit-shirin-ebadi-die-menschen-muessen-ihren-forderungen-friedlich-nachdruck-verleihen\/#primaryimage\"},\"thumbnailUrl\":\"https:\/\/www.pressenza.com\/wp-content\/uploads\/2018\/01\/Shirin-Ebadi.jpg\",\"keywords\":[\"friedlicher Widerstand\",\"Menschenrechte\",\"Proteste\",\"Shirin Ebadi\",\"ziviler Ungehorsam\"],\"articleSection\":[\"Interviews\",\"Menschenrechte\",\"Mittlerer Osten\",\"Politik\",\"Unkategorisiert\"],\"inLanguage\":\"de\"},{\"@type\":\"WebPage\",\"@id\":\"https:\/\/www.pressenza.com\/de\/2018\/01\/iran-interview-mit-shirin-ebadi-die-menschen-muessen-ihren-forderungen-friedlich-nachdruck-verleihen\/\",\"url\":\"https:\/\/www.pressenza.com\/de\/2018\/01\/iran-interview-mit-shirin-ebadi-die-menschen-muessen-ihren-forderungen-friedlich-nachdruck-verleihen\/\",\"name\":\"Iran, Interview mit Shirin Ebadi: \\\"Die Menschen m\u00fcssen ihren Forderungen friedlich Nachdruck verleihen\\\"\",\"isPartOf\":{\"@id\":\"https:\/\/www.pressenza.com\/de\/#website\"},\"primaryImageOfPage\":{\"@id\":\"https:\/\/www.pressenza.com\/de\/2018\/01\/iran-interview-mit-shirin-ebadi-die-menschen-muessen-ihren-forderungen-friedlich-nachdruck-verleihen\/#primaryimage\"},\"image\":{\"@id\":\"https:\/\/www.pressenza.com\/de\/2018\/01\/iran-interview-mit-shirin-ebadi-die-menschen-muessen-ihren-forderungen-friedlich-nachdruck-verleihen\/#primaryimage\"},\"thumbnailUrl\":\"https:\/\/www.pressenza.com\/wp-content\/uploads\/2018\/01\/Shirin-Ebadi.jpg\",\"datePublished\":\"2018-01-06T12:33:05+00:00\",\"description\":\"Im Deutsche Welle-Interview fordert die Friedensnobelpreistr\u00e4gerin Shirin Ebadi die Menschen im Iran zum zivilen Ungehorsam auf. Nur so k\u00f6nne die\",\"breadcrumb\":{\"@id\":\"https:\/\/www.pressenza.com\/de\/2018\/01\/iran-interview-mit-shirin-ebadi-die-menschen-muessen-ihren-forderungen-friedlich-nachdruck-verleihen\/#breadcrumb\"},\"inLanguage\":\"de\",\"potentialAction\":[{\"@type\":\"ReadAction\",\"target\":[\"https:\/\/www.pressenza.com\/de\/2018\/01\/iran-interview-mit-shirin-ebadi-die-menschen-muessen-ihren-forderungen-friedlich-nachdruck-verleihen\/\"]}]},{\"@type\":\"ImageObject\",\"inLanguage\":\"de\",\"@id\":\"https:\/\/www.pressenza.com\/de\/2018\/01\/iran-interview-mit-shirin-ebadi-die-menschen-muessen-ihren-forderungen-friedlich-nachdruck-verleihen\/#primaryimage\",\"url\":\"https:\/\/www.pressenza.com\/wp-content\/uploads\/2018\/01\/Shirin-Ebadi.jpg\",\"contentUrl\":\"https:\/\/www.pressenza.com\/wp-content\/uploads\/2018\/01\/Shirin-Ebadi.jpg\",\"width\":940,\"height\":529},{\"@type\":\"BreadcrumbList\",\"@id\":\"https:\/\/www.pressenza.com\/de\/2018\/01\/iran-interview-mit-shirin-ebadi-die-menschen-muessen-ihren-forderungen-friedlich-nachdruck-verleihen\/#breadcrumb\",\"itemListElement\":[{\"@type\":\"ListItem\",\"position\":1,\"name\":\"Accueil\",\"item\":\"https:\/\/www.pressenza.com\/de\/\"},{\"@type\":\"ListItem\",\"position\":2,\"name\":\"Iran, Interview mit Shirin Ebadi: &#8222;Die Menschen m\u00fcssen ihren Forderungen friedlich Nachdruck verleihen&#8220;\"}]},{\"@type\":\"WebSite\",\"@id\":\"https:\/\/www.pressenza.com\/de\/#website\",\"url\":\"https:\/\/www.pressenza.com\/de\/\",\"name\":\"Pressenza\",\"description\":\"International Press Agency\",\"publisher\":{\"@id\":\"https:\/\/www.pressenza.com\/de\/#organization\"},\"potentialAction\":[{\"@type\":\"SearchAction\",\"target\":{\"@type\":\"EntryPoint\",\"urlTemplate\":\"https:\/\/www.pressenza.com\/de\/?s={search_term_string}\"},\"query-input\":{\"@type\":\"PropertyValueSpecification\",\"valueRequired\":true,\"valueName\":\"search_term_string\"}}],\"inLanguage\":\"de\"},{\"@type\":\"Organization\",\"@id\":\"https:\/\/www.pressenza.com\/de\/#organization\",\"name\":\"Pressenza\",\"url\":\"https:\/\/www.pressenza.com\/de\/\",\"logo\":{\"@type\":\"ImageObject\",\"inLanguage\":\"de\",\"@id\":\"https:\/\/www.pressenza.com\/de\/#\/schema\/logo\/image\/\",\"url\":\"https:\/\/www.pressenza.com\/wp-content\/uploads\/2022\/10\/pressenza_logo_200x200.jpg\",\"contentUrl\":\"https:\/\/www.pressenza.com\/wp-content\/uploads\/2022\/10\/pressenza_logo_200x200.jpg\",\"width\":200,\"height\":200,\"caption\":\"Pressenza\"},\"image\":{\"@id\":\"https:\/\/www.pressenza.com\/de\/#\/schema\/logo\/image\/\"},\"sameAs\":[\"https:\/\/www.facebook.com\/PressenzaItalia\",\"https:\/\/x.com\/PressenzaIPA\"]},{\"@type\":\"Person\",\"@id\":\"https:\/\/www.pressenza.com\/de\/#\/schema\/person\/b7c775911f2c9a1b8c7225b94e2e9f37\",\"name\":\"Deutsche Welle\",\"description\":\"Articles and photographs by Deutsche Welle on Pressenza do not fall under the Creative Commons licence and are not reproducible in any way. www.dw.com\",\"sameAs\":[\"http:\/\/www.dw.com\"],\"url\":\"https:\/\/www.pressenza.com\/de\/author\/deutsche-welle\/\"}]}<\/script>\n<!-- \/ Yoast SEO plugin. -->","yoast_head_json":{"title":"Iran, Interview mit Shirin Ebadi: \"Die Menschen m\u00fcssen ihren Forderungen friedlich Nachdruck verleihen\"","description":"Im Deutsche Welle-Interview fordert die Friedensnobelpreistr\u00e4gerin Shirin Ebadi die Menschen im Iran zum zivilen Ungehorsam auf. Nur so k\u00f6nne die","robots":{"index":"index","follow":"follow","max-snippet":"max-snippet:-1","max-image-preview":"max-image-preview:large","max-video-preview":"max-video-preview:-1"},"canonical":"https:\/\/www.pressenza.com\/de\/2018\/01\/iran-interview-mit-shirin-ebadi-die-menschen-muessen-ihren-forderungen-friedlich-nachdruck-verleihen\/","og_locale":"de_DE","og_type":"article","og_title":"Iran, Interview mit Shirin Ebadi: \"Die Menschen m\u00fcssen ihren Forderungen friedlich Nachdruck verleihen\"","og_description":"Im Deutsche Welle-Interview fordert die Friedensnobelpreistr\u00e4gerin Shirin Ebadi die Menschen im Iran zum zivilen Ungehorsam auf. Nur so k\u00f6nne die","og_url":"https:\/\/www.pressenza.com\/de\/2018\/01\/iran-interview-mit-shirin-ebadi-die-menschen-muessen-ihren-forderungen-friedlich-nachdruck-verleihen\/","og_site_name":"Pressenza","article_publisher":"https:\/\/www.facebook.com\/PressenzaItalia","article_published_time":"2018-01-06T12:33:05+00:00","og_image":[{"width":940,"height":529,"url":"https:\/\/www.pressenza.com\/wp-content\/uploads\/2018\/01\/Shirin-Ebadi.jpg","type":"image\/jpeg"}],"author":"Deutsche Welle","twitter_card":"summary_large_image","twitter_creator":"@PressenzaIPA","twitter_site":"@PressenzaIPA","twitter_misc":{"Verfasst von":"Deutsche Welle","Gesch\u00e4tzte Lesezeit":"1\u00a0Minute"},"schema":{"@context":"https:\/\/schema.org","@graph":[{"@type":"Article","@id":"https:\/\/www.pressenza.com\/de\/2018\/01\/iran-interview-mit-shirin-ebadi-die-menschen-muessen-ihren-forderungen-friedlich-nachdruck-verleihen\/#article","isPartOf":{"@id":"https:\/\/www.pressenza.com\/de\/2018\/01\/iran-interview-mit-shirin-ebadi-die-menschen-muessen-ihren-forderungen-friedlich-nachdruck-verleihen\/"},"author":{"name":"Deutsche Welle","@id":"https:\/\/www.pressenza.com\/de\/#\/schema\/person\/b7c775911f2c9a1b8c7225b94e2e9f37"},"headline":"Iran, Interview mit Shirin Ebadi: &#8222;Die Menschen m\u00fcssen ihren Forderungen friedlich Nachdruck verleihen&#8220;","datePublished":"2018-01-06T12:33:05+00:00","mainEntityOfPage":{"@id":"https:\/\/www.pressenza.com\/de\/2018\/01\/iran-interview-mit-shirin-ebadi-die-menschen-muessen-ihren-forderungen-friedlich-nachdruck-verleihen\/"},"wordCount":238,"publisher":{"@id":"https:\/\/www.pressenza.com\/de\/#organization"},"image":{"@id":"https:\/\/www.pressenza.com\/de\/2018\/01\/iran-interview-mit-shirin-ebadi-die-menschen-muessen-ihren-forderungen-friedlich-nachdruck-verleihen\/#primaryimage"},"thumbnailUrl":"https:\/\/www.pressenza.com\/wp-content\/uploads\/2018\/01\/Shirin-Ebadi.jpg","keywords":["friedlicher Widerstand","Menschenrechte","Proteste","Shirin Ebadi","ziviler Ungehorsam"],"articleSection":["Interviews","Menschenrechte","Mittlerer Osten","Politik","Unkategorisiert"],"inLanguage":"de"},{"@type":"WebPage","@id":"https:\/\/www.pressenza.com\/de\/2018\/01\/iran-interview-mit-shirin-ebadi-die-menschen-muessen-ihren-forderungen-friedlich-nachdruck-verleihen\/","url":"https:\/\/www.pressenza.com\/de\/2018\/01\/iran-interview-mit-shirin-ebadi-die-menschen-muessen-ihren-forderungen-friedlich-nachdruck-verleihen\/","name":"Iran, Interview mit Shirin Ebadi: \"Die Menschen m\u00fcssen ihren Forderungen friedlich Nachdruck verleihen\"","isPartOf":{"@id":"https:\/\/www.pressenza.com\/de\/#website"},"primaryImageOfPage":{"@id":"https:\/\/www.pressenza.com\/de\/2018\/01\/iran-interview-mit-shirin-ebadi-die-menschen-muessen-ihren-forderungen-friedlich-nachdruck-verleihen\/#primaryimage"},"image":{"@id":"https:\/\/www.pressenza.com\/de\/2018\/01\/iran-interview-mit-shirin-ebadi-die-menschen-muessen-ihren-forderungen-friedlich-nachdruck-verleihen\/#primaryimage"},"thumbnailUrl":"https:\/\/www.pressenza.com\/wp-content\/uploads\/2018\/01\/Shirin-Ebadi.jpg","datePublished":"2018-01-06T12:33:05+00:00","description":"Im Deutsche Welle-Interview fordert die Friedensnobelpreistr\u00e4gerin Shirin Ebadi die Menschen im Iran zum zivilen Ungehorsam auf. Nur so k\u00f6nne die","breadcrumb":{"@id":"https:\/\/www.pressenza.com\/de\/2018\/01\/iran-interview-mit-shirin-ebadi-die-menschen-muessen-ihren-forderungen-friedlich-nachdruck-verleihen\/#breadcrumb"},"inLanguage":"de","potentialAction":[{"@type":"ReadAction","target":["https:\/\/www.pressenza.com\/de\/2018\/01\/iran-interview-mit-shirin-ebadi-die-menschen-muessen-ihren-forderungen-friedlich-nachdruck-verleihen\/"]}]},{"@type":"ImageObject","inLanguage":"de","@id":"https:\/\/www.pressenza.com\/de\/2018\/01\/iran-interview-mit-shirin-ebadi-die-menschen-muessen-ihren-forderungen-friedlich-nachdruck-verleihen\/#primaryimage","url":"https:\/\/www.pressenza.com\/wp-content\/uploads\/2018\/01\/Shirin-Ebadi.jpg","contentUrl":"https:\/\/www.pressenza.com\/wp-content\/uploads\/2018\/01\/Shirin-Ebadi.jpg","width":940,"height":529},{"@type":"BreadcrumbList","@id":"https:\/\/www.pressenza.com\/de\/2018\/01\/iran-interview-mit-shirin-ebadi-die-menschen-muessen-ihren-forderungen-friedlich-nachdruck-verleihen\/#breadcrumb","itemListElement":[{"@type":"ListItem","position":1,"name":"Accueil","item":"https:\/\/www.pressenza.com\/de\/"},{"@type":"ListItem","position":2,"name":"Iran, Interview mit Shirin Ebadi: &#8222;Die Menschen m\u00fcssen ihren Forderungen friedlich Nachdruck verleihen&#8220;"}]},{"@type":"WebSite","@id":"https:\/\/www.pressenza.com\/de\/#website","url":"https:\/\/www.pressenza.com\/de\/","name":"Pressenza","description":"International Press Agency","publisher":{"@id":"https:\/\/www.pressenza.com\/de\/#organization"},"potentialAction":[{"@type":"SearchAction","target":{"@type":"EntryPoint","urlTemplate":"https:\/\/www.pressenza.com\/de\/?s={search_term_string}"},"query-input":{"@type":"PropertyValueSpecification","valueRequired":true,"valueName":"search_term_string"}}],"inLanguage":"de"},{"@type":"Organization","@id":"https:\/\/www.pressenza.com\/de\/#organization","name":"Pressenza","url":"https:\/\/www.pressenza.com\/de\/","logo":{"@type":"ImageObject","inLanguage":"de","@id":"https:\/\/www.pressenza.com\/de\/#\/schema\/logo\/image\/","url":"https:\/\/www.pressenza.com\/wp-content\/uploads\/2022\/10\/pressenza_logo_200x200.jpg","contentUrl":"https:\/\/www.pressenza.com\/wp-content\/uploads\/2022\/10\/pressenza_logo_200x200.jpg","width":200,"height":200,"caption":"Pressenza"},"image":{"@id":"https:\/\/www.pressenza.com\/de\/#\/schema\/logo\/image\/"},"sameAs":["https:\/\/www.facebook.com\/PressenzaItalia","https:\/\/x.com\/PressenzaIPA"]},{"@type":"Person","@id":"https:\/\/www.pressenza.com\/de\/#\/schema\/person\/b7c775911f2c9a1b8c7225b94e2e9f37","name":"Deutsche Welle","description":"Articles and photographs by Deutsche Welle on Pressenza do not fall under the Creative Commons licence and are not reproducible in any way. www.dw.com","sameAs":["http:\/\/www.dw.com"],"url":"https:\/\/www.pressenza.com\/de\/author\/deutsche-welle\/"}]}},"place":"","original_article_url":"http:\/\/www.dw.com\/de\/shirin-ebadi-die-menschen-m\u00fcssen-ihren-forderungen-friedlich-nachdruck-verleihen\/a-42039024?#","_links":{"self":[{"href":"https:\/\/www.pressenza.com\/de\/wp-json\/wp\/v2\/posts\/579632","targetHints":{"allow":["GET"]}}],"collection":[{"href":"https:\/\/www.pressenza.com\/de\/wp-json\/wp\/v2\/posts"}],"about":[{"href":"https:\/\/www.pressenza.com\/de\/wp-json\/wp\/v2\/types\/post"}],"author":[{"embeddable":true,"href":"https:\/\/www.pressenza.com\/de\/wp-json\/wp\/v2\/users\/993"}],"replies":[{"embeddable":true,"href":"https:\/\/www.pressenza.com\/de\/wp-json\/wp\/v2\/comments?post=579632"}],"version-history":[{"count":0,"href":"https:\/\/www.pressenza.com\/de\/wp-json\/wp\/v2\/posts\/579632\/revisions"}],"wp:featuredmedia":[{"embeddable":true,"href":"https:\/\/www.pressenza.com\/de\/wp-json\/wp\/v2\/media\/579635"}],"wp:attachment":[{"href":"https:\/\/www.pressenza.com\/de\/wp-json\/wp\/v2\/media?parent=579632"}],"wp:term":[{"taxonomy":"category","embeddable":true,"href":"https:\/\/www.pressenza.com\/de\/wp-json\/wp\/v2\/categories?post=579632"},{"taxonomy":"post_tag","embeddable":true,"href":"https:\/\/www.pressenza.com\/de\/wp-json\/wp\/v2\/tags?post=579632"}],"curies":[{"name":"wp","href":"https:\/\/api.w.org\/{rel}","templated":true}]}}