{"id":543845,"date":"2017-10-23T03:22:05","date_gmt":"2017-10-23T02:22:05","guid":{"rendered":"https:\/\/www.pressenza.com\/?p=543845\/"},"modified":"2017-10-24T10:33:30","modified_gmt":"2017-10-24T09:33:30","slug":"grossdemonstration-gegen-hass-und-rassismus-in-berlin","status":"publish","type":"post","link":"https:\/\/www.pressenza.com\/de\/2017\/10\/grossdemonstration-gegen-hass-und-rassismus-in-berlin\/","title":{"rendered":"Gro\u00dfdemonstration gegen Hass und Rassismus in Berlin"},"content":{"rendered":"<p>Ali Can, der Initiator der heutigen Demonstration gegen Hass und Rassismus, setzt auf Vers\u00f6hnung statt Gewalt. Daher hatte er vor einem Jahr, geschockt von den Bildern p\u00f6belnder Deutscher vor einem Bus voller Fl\u00fcchtlinge in Clausnitz, begonnen, sich mit den Sorgen derjenigen auseinanderzusetzen, die Fl\u00fcchtlinge ablehnen. Er &#8211; ein 23j\u00e4hriger Migrant &#8211; fuhr in die Gegenden der meisten AfD Anh\u00e4nger und zu Pegida Kundgebungen, um das Gespr\u00e4ch zu suchen. Er\u00a0 ver\u00f6ffentlichte seine Telefonnummer als \u201eHotline f\u00fcr besorgte B\u00fcrger\u201c und schrieb \u00fcber die Gespr\u00e4che, die er da gef\u00fchrt hat, ein Buch. Anl\u00e4sslich der konstitutionellen Sitzung des neuen Bundestages am kommenden Dienstag hat er mit Organisationen wie Sea Watch e.V. und dem DGB zur Gro\u00dfdemonstration aufgerufen.<\/p>\n<p>Zehn bis zw\u00f6lf Tausend Menschen waren an diesem Sonntag dem Aufruf gefolgt und vor dem Brandenburger Tor zusammengekommen. Und man merkte auch, dass da ein frischeres Team am Werke war, denn neben der \u00fcblichen Musik und den Redebeitr\u00e4gen, wurden die Demonstranten dazu aufgefordert, sich gegenseitig kennenzulernen, zu B\u00fcndnissen zusammen zu schliessen, um \u00fcber die Demo hinaus aktiv zu bleiben.<\/p>\n<p>Wir haben einige Demoteilnehmende gefragt, was sie denken, was man tun kann gegen Hass und Rassismus. Manche hatte speziell die Initiative von Ali Can dazu bewegt zu kommen. So sind Brigitte und Helga sehr beeindruckt gewesen von seinen Gespr\u00e4chsangeboten an Afd-W\u00e4hler und auch AfD-Abgeordnete. Sie sehen diesen Ansatz als eine Form der Vers\u00f6hnung und gegen Gewalt.<\/p>\n<p>Kaja, die selbst mit Fl\u00fcchtlingen arbeitet, klang da schon radikaler. Die Ursache f\u00fcr Hass und Rassismus sieht sie in \u201eDummheit, Unwissenheit und Neid\u201c. Mit den Dummen brauche man nicht zu reden, das habe keinen Zweck, die werde man nicht \u00fcberzeugen. Sie k\u00e4men immer wieder mit den gleichen falschen Argumenten. Ihr Rat: \u201eWeitermachen mit dem, wof\u00fcr man steht.\u201c<\/p>\n<p>Uli Sonn vom Vers\u00f6hnungsbund, dem wir in der Menge begegneten, pl\u00e4diert f\u00fcr einen Geschichtsunterricht, der nicht nur Fakten vermittle, sondern vor allem die elementaren Werte unserer Gesellschaft. Er soll die jungen Menschen dazu bef\u00e4higen, selbst zu entdecken, welche erschreckenden Parallelen in Gedankengut und Vokabular zur Nazizeit heute wieder zu finden sind. \u201eIch habe Angst, dass sich dieses nationalistische Gedankengut auch in b\u00fcrgerliche K\u00f6pfe einnistet.\u201c<\/p>\n<p>\u201eWir m\u00fcssen zeigen, dass Rassismus nicht deutsch ist und Xenophobie keine L\u00f6sung\u201c, sagte die 18j\u00e4hrige Lilly. Es sei sehr wichtig, dass man jetzt seine Meinung \u00e4usserte und Stellung beziehe, dass das nicht peinlich sein d\u00fcrfe. Auch ihre Freundinnen Alba und Anna stimmen ihr zu, dass man deutlich machen m\u00fcsse, wof\u00fcr man selbst stehe.<\/p>\n<p>Drei Studentinnen, Angela, Steffi und Hannah bekr\u00e4ftigen, man m\u00fcsse laut sein, nicht nur zugucken. Sie sehen eine Politisierung junger Menschen und fordern, dass man redet, diskutiert, gemeinsam Argumente findet.<\/p>\n<p>Die Forderungen von der B\u00fchne reichen weit \u00fcber die direkte Auseinandersetzung mit der AfD Fraktion im neuen Bundestag hinaus. Da ging es um die Verbesserung l\u00e4ndlicher Strukturen, dass man etwas f\u00fcr die Menschen machen m\u00fcsse, die sich abgeh\u00e4ngt f\u00fchlen. Aber auch: Zur erfolgreichen Integration von Fl\u00fcchtenden sei es unerl\u00e4sslich, dass ihre Kinder, Eltern, Ehepartner nachziehen k\u00f6nnen. Und an das Grundgesetz wird erinnert: Die W\u00fcrde <strong>aller<\/strong> Menschen ist unantastbar.<\/p>\n<p>Fotos von Caroline Schenck und Magaly Navarrete:<\/p>\n<div class=\"post-gallery\">\n\t\t\t<figure class=\"post-gallery-item\">\n\t\t\t\t<img decoding=\"async\" src=\"https:\/\/www.pressenza.com\/wp-content\/uploads\/2017\/10\/braderburgmaga-3-720x480.jpg\" loading=\"lazy\">\n\t\t\t\t<figcaption>\n\t\t\t\t\t\n\t\t\t\t<\/figcaption>\n\t\t\t<\/figure>\n\t\t\t<figure class=\"post-gallery-item\">\n\t\t\t\t<img decoding=\"async\" src=\"https:\/\/www.pressenza.com\/wp-content\/uploads\/2017\/10\/oradormaga-720x453.jpg\" loading=\"lazy\">\n\t\t\t\t<figcaption>\n\t\t\t\t\t\n\t\t\t\t<\/figcaption>\n\t\t\t<\/figure>\n\t\t\t<figure class=\"post-gallery-item\">\n\t\t\t\t<img decoding=\"async\" src=\"https:\/\/www.pressenza.com\/wp-content\/uploads\/2017\/10\/DSCF3470-720x720.jpg\" loading=\"lazy\">\n\t\t\t\t<figcaption>\n\t\t\t\t\t\n\t\t\t\t<\/figcaption>\n\t\t\t<\/figure>\n\t\t\t<figure class=\"post-gallery-item\">\n\t\t\t\t<img decoding=\"async\" src=\"https:\/\/www.pressenza.com\/wp-content\/uploads\/2017\/10\/DSCF3434-720x434.jpg\" loading=\"lazy\">\n\t\t\t\t<figcaption>\n\t\t\t\t\t\n\t\t\t\t<\/figcaption>\n\t\t\t<\/figure>\n\t\t\t<figure class=\"post-gallery-item\">\n\t\t\t\t<img decoding=\"async\" src=\"https:\/\/www.pressenza.com\/wp-content\/uploads\/2017\/10\/DSCF3430-720x720.jpg\" loading=\"lazy\">\n\t\t\t\t<figcaption>\n\t\t\t\t\t\n\t\t\t\t<\/figcaption>\n\t\t\t<\/figure>\n\t\t\t<figure class=\"post-gallery-item\">\n\t\t\t\t<img decoding=\"async\" src=\"https:\/\/www.pressenza.com\/wp-content\/uploads\/2017\/10\/DSCF3418-720x620.jpg\" loading=\"lazy\">\n\t\t\t\t<figcaption>\n\t\t\t\t\t\n\t\t\t\t<\/figcaption>\n\t\t\t<\/figure>\n\t\t\t<figure class=\"post-gallery-item\">\n\t\t\t\t<img decoding=\"async\" src=\"https:\/\/www.pressenza.com\/wp-content\/uploads\/2017\/10\/DSCF3454-720x616.jpg\" loading=\"lazy\">\n\t\t\t\t<figcaption>\n\t\t\t\t\t\n\t\t\t\t<\/figcaption>\n\t\t\t<\/figure>\n\t\t\t<figure class=\"post-gallery-item\">\n\t\t\t\t<img decoding=\"async\" src=\"https:\/\/www.pressenza.com\/wp-content\/uploads\/2017\/10\/diversidadmaga-720x480.jpg\" loading=\"lazy\">\n\t\t\t\t<figcaption>\n\t\t\t\t\t\n\t\t\t\t<\/figcaption>\n\t\t\t<\/figure>\n\t\t\t<figure class=\"post-gallery-item\">\n\t\t\t\t<img decoding=\"async\" src=\"https:\/\/www.pressenza.com\/wp-content\/uploads\/2017\/10\/cartelmaga2-1-720x480.jpg\" loading=\"lazy\">\n\t\t\t\t<figcaption>\n\t\t\t\t\t\n\t\t\t\t<\/figcaption>\n\t\t\t<\/figure>\n\t\t\t<figure class=\"post-gallery-item\">\n\t\t\t\t<img decoding=\"async\" src=\"https:\/\/www.pressenza.com\/wp-content\/uploads\/2017\/10\/DSCF3422-720x615.jpg\" loading=\"lazy\">\n\t\t\t\t<figcaption>\n\t\t\t\t\t\n\t\t\t\t<\/figcaption>\n\t\t\t<\/figure>\n\t\t\t<figure class=\"post-gallery-item\">\n\t\t\t\t<img decoding=\"async\" src=\"https:\/\/www.pressenza.com\/wp-content\/uploads\/2017\/10\/DSCF3460-720x514.jpg\" loading=\"lazy\">\n\t\t\t\t<figcaption>\n\t\t\t\t\t\n\t\t\t\t<\/figcaption>\n\t\t\t<\/figure>\n\t\t\t<figure class=\"post-gallery-item\">\n\t\t\t\t<img decoding=\"async\" src=\"https:\/\/www.pressenza.com\/wp-content\/uploads\/2017\/10\/DSCF3463-720x628.jpg\" loading=\"lazy\">\n\t\t\t\t<figcaption>\n\t\t\t\t\t\n\t\t\t\t<\/figcaption>\n\t\t\t<\/figure>\n\t\t\t<figure class=\"post-gallery-item\">\n\t\t\t\t<img decoding=\"async\" src=\"https:\/\/www.pressenza.com\/wp-content\/uploads\/2017\/10\/dummemaga-720x480.jpg\" loading=\"lazy\">\n\t\t\t\t<figcaption>\n\t\t\t\t\t\n\t\t\t\t<\/figcaption>\n\t\t\t<\/figure>\n\t\t\t<figure class=\"post-gallery-item\">\n\t\t\t\t<img decoding=\"async\" src=\"https:\/\/www.pressenza.com\/wp-content\/uploads\/2017\/10\/falafelmaga-720x480.jpg\" loading=\"lazy\">\n\t\t\t\t<figcaption>\n\t\t\t\t\t\n\t\t\t\t<\/figcaption>\n\t\t\t<\/figure>\n\t\t\t<figure class=\"post-gallery-item\">\n\t\t\t\t<img decoding=\"async\" src=\"https:\/\/www.pressenza.com\/wp-content\/uploads\/2017\/10\/familiamaga-720x520.jpg\" loading=\"lazy\">\n\t\t\t\t<figcaption>\n\t\t\t\t\t\n\t\t\t\t<\/figcaption>\n\t\t\t<\/figure>\n\t\t\t<figure class=\"post-gallery-item\">\n\t\t\t\t<img decoding=\"async\" src=\"https:\/\/www.pressenza.com\/wp-content\/uploads\/2017\/10\/gentemaga1-720x480.jpg\" loading=\"lazy\">\n\t\t\t\t<figcaption>\n\t\t\t\t\t\n\t\t\t\t<\/figcaption>\n\t\t\t<\/figure>\n\t\t\t<figure class=\"post-gallery-item\">\n\t\t\t\t<img decoding=\"async\" src=\"https:\/\/www.pressenza.com\/wp-content\/uploads\/2017\/10\/malaconcienciamaga-720x509.jpg\" loading=\"lazy\">\n\t\t\t\t<figcaption>\n\t\t\t\t\t\n\t\t\t\t<\/figcaption>\n\t\t\t<\/figure>\n\t\t\t<figure class=\"post-gallery-item\">\n\t\t\t\t<img decoding=\"async\" src=\"https:\/\/www.pressenza.com\/wp-content\/uploads\/2017\/10\/manifestante4maga-720x480.jpg\" loading=\"lazy\">\n\t\t\t\t<figcaption>\n\t\t\t\t\t\n\t\t\t\t<\/figcaption>\n\t\t\t<\/figure>\n\t\t\t<figure class=\"post-gallery-item\">\n\t\t\t\t<img decoding=\"async\" src=\"https:\/\/www.pressenza.com\/wp-content\/uploads\/2017\/10\/manosmaga-720x504.jpg\" loading=\"lazy\">\n\t\t\t\t<figcaption>\n\t\t\t\t\t\n\t\t\t\t<\/figcaption>\n\t\t\t<\/figure>\n\t\t\t<figure class=\"post-gallery-item\">\n\t\t\t\t<img decoding=\"async\" src=\"https:\/\/www.pressenza.com\/wp-content\/uploads\/2017\/10\/marchante3maga-720x480.jpg\" loading=\"lazy\">\n\t\t\t\t<figcaption>\n\t\t\t\t\t\n\t\t\t\t<\/figcaption>\n\t\t\t<\/figure>\n\t\t\t<figure class=\"post-gallery-item\">\n\t\t\t\t<img decoding=\"async\" src=\"https:\/\/www.pressenza.com\/wp-content\/uploads\/2017\/10\/ni--omaga-720x601.jpg\" loading=\"lazy\">\n\t\t\t\t<figcaption>\n\t\t\t\t\t\n\t\t\t\t<\/figcaption>\n\t\t\t<\/figure>\n\t\t\t<figure class=\"post-gallery-item\">\n\t\t\t\t<img decoding=\"async\" src=\"https:\/\/www.pressenza.com\/wp-content\/uploads\/2017\/10\/mujerresmaga-720x480.jpg\" loading=\"lazy\">\n\t\t\t\t<figcaption>\n\t\t\t\t\t\n\t\t\t\t<\/figcaption>\n\t\t\t<\/figure>\n\t\t\t<figure class=\"post-gallery-item\">\n\t\t\t\t<img decoding=\"async\" src=\"https:\/\/www.pressenza.com\/wp-content\/uploads\/2017\/10\/boinamaga-720x496.jpg\" loading=\"lazy\">\n\t\t\t\t<figcaption>\n\t\t\t\t\t\n\t\t\t\t<\/figcaption>\n\t\t\t<\/figure>\n\t\t\t<figure class=\"post-gallery-item\">\n\t\t\t\t<img decoding=\"async\" src=\"https:\/\/www.pressenza.com\/wp-content\/uploads\/2017\/10\/mujermaga1-720x435.jpg\" loading=\"lazy\">\n\t\t\t\t<figcaption>\n\t\t\t\t\t\n\t\t\t\t<\/figcaption>\n\t\t\t<\/figure>\n\t\t\t<figure class=\"post-gallery-item\">\n\t\t\t\t<img decoding=\"async\" src=\"https:\/\/www.pressenza.com\/wp-content\/uploads\/2017\/10\/ni--osmaga-720x582.jpg\" loading=\"lazy\">\n\t\t\t\t<figcaption>\n\t\t\t\t\t\n\t\t\t\t<\/figcaption>\n\t\t\t<\/figure>\n\t\t\t<figure class=\"post-gallery-item\">\n\t\t\t\t<img decoding=\"async\" src=\"https:\/\/www.pressenza.com\/wp-content\/uploads\/2017\/10\/marchantesmaga-1-720x480.jpg\" loading=\"lazy\">\n\t\t\t\t<figcaption>\n\t\t\t\t\t\n\t\t\t\t<\/figcaption>\n\t\t\t<\/figure>\n\t\t\t<figure class=\"post-gallery-item\">\n\t\t\t\t<img decoding=\"async\" src=\"https:\/\/www.pressenza.com\/wp-content\/uploads\/2017\/10\/nonplacemaga-1-720x442.jpg\" loading=\"lazy\">\n\t\t\t\t<figcaption>\n\t\t\t\t\t\n\t\t\t\t<\/figcaption>\n\t\t\t<\/figure>\n\t\t\t<figure class=\"post-gallery-item\">\n\t\t\t\t<img decoding=\"async\" src=\"https:\/\/www.pressenza.com\/wp-content\/uploads\/2017\/10\/principiosmaga-720x517.jpg\" loading=\"lazy\">\n\t\t\t\t<figcaption>\n\t\t\t\t\t\n\t\t\t\t<\/figcaption>\n\t\t\t<\/figure>\n\t\t\t<figure class=\"post-gallery-item\">\n\t\t\t\t<img decoding=\"async\" src=\"https:\/\/www.pressenza.com\/wp-content\/uploads\/2017\/10\/torremaga-720x428.jpg\" loading=\"lazy\">\n\t\t\t\t<figcaption>\n\t\t\t\t\t\n\t\t\t\t<\/figcaption>\n\t\t\t<\/figure><\/div>\n","protected":false},"excerpt":{"rendered":"<p>Ali Can, der Initiator der heutigen Demonstration gegen Hass und Rassismus, setzt auf Vers\u00f6hnung statt Gewalt. Daher hatte er vor einem Jahr, geschockt von den Bildern p\u00f6belnder Deutscher vor einem Bus voller Fl\u00fcchtlinge in Clausnitz, begonnen, sich mit den Sorgen&hellip;<\/p>\n","protected":false},"author":1095,"featured_media":543885,"comment_status":"closed","ping_status":"closed","sticky":false,"template":"","format":"standard","meta":{"footnotes":""},"categories":[9150,9166,11387,9168,9165],"tags":[30368,41264,34322,16814],"class_list":["post-543845","post","type-post","status-publish","format-standard","has-post-thumbnail","hentry","category-europa-de","category-gewaltfreiheit","category-originalinhalt","category-politik","category-vielfalt","tag-afd","tag-ali-can","tag-fluechlinge","tag-rassismus"],"yoast_head":"<!-- This site is optimized with the Yoast SEO plugin v27.1.1 - https:\/\/yoast.com\/product\/yoast-seo-wordpress\/ -->\n<title>Gro\u00dfdemonstration gegen Hass und Rassismus in Berlin<\/title>\n<meta name=\"description\" content=\"Ali Can, der Initiator der heutigen Demonstration gegen Hass und Rassismus, setzt auf Vers\u00f6hnung statt Gewalt. Daher hatte er vor einem Jahr, geschockt\" \/>\n<meta name=\"robots\" content=\"index, follow, max-snippet:-1, max-image-preview:large, max-video-preview:-1\" \/>\n<link rel=\"canonical\" href=\"https:\/\/www.pressenza.com\/de\/2017\/10\/grossdemonstration-gegen-hass-und-rassismus-in-berlin\/\" \/>\n<meta property=\"og:locale\" content=\"de_DE\" \/>\n<meta property=\"og:type\" content=\"article\" \/>\n<meta property=\"og:title\" content=\"Gro\u00dfdemonstration gegen Hass und Rassismus in Berlin\" \/>\n<meta property=\"og:description\" content=\"Ali Can, der Initiator der heutigen Demonstration gegen Hass und Rassismus, setzt auf Vers\u00f6hnung statt Gewalt. Daher hatte er vor einem Jahr, geschockt\" \/>\n<meta property=\"og:url\" content=\"https:\/\/www.pressenza.com\/de\/2017\/10\/grossdemonstration-gegen-hass-und-rassismus-in-berlin\/\" \/>\n<meta property=\"og:site_name\" content=\"Pressenza\" \/>\n<meta property=\"article:publisher\" content=\"https:\/\/www.facebook.com\/PressenzaItalia\" \/>\n<meta property=\"article:author\" content=\"https:\/\/www.facebook.com\/Pressenza-Deutschland-sterreich-Schweiz-281675388658060\/timeline\/\" \/>\n<meta property=\"article:published_time\" content=\"2017-10-23T02:22:05+00:00\" \/>\n<meta property=\"article:modified_time\" content=\"2017-10-24T09:33:30+00:00\" \/>\n<meta property=\"og:image\" content=\"https:\/\/www.pressenza.com\/wp-content\/uploads\/2017\/10\/marchates2maga-1.jpg\" \/>\n\t<meta property=\"og:image:width\" content=\"1084\" \/>\n\t<meta property=\"og:image:height\" content=\"767\" \/>\n\t<meta property=\"og:image:type\" content=\"image\/jpeg\" \/>\n<meta name=\"author\" content=\"Pressenza Berlin\" \/>\n<meta name=\"twitter:card\" content=\"summary_large_image\" \/>\n<meta name=\"twitter:creator\" content=\"@pressenza_ger\" \/>\n<meta name=\"twitter:site\" content=\"@PressenzaIPA\" \/>\n<meta name=\"twitter:label1\" content=\"Verfasst von\" \/>\n\t<meta name=\"twitter:data1\" content=\"Pressenza Berlin\" \/>\n\t<meta name=\"twitter:label2\" content=\"Gesch\u00e4tzte Lesezeit\" \/>\n\t<meta name=\"twitter:data2\" content=\"3\u00a0Minuten\" \/>\n<script type=\"application\/ld+json\" class=\"yoast-schema-graph\">{\"@context\":\"https:\/\/schema.org\",\"@graph\":[{\"@type\":\"Article\",\"@id\":\"https:\/\/www.pressenza.com\/de\/2017\/10\/grossdemonstration-gegen-hass-und-rassismus-in-berlin\/#article\",\"isPartOf\":{\"@id\":\"https:\/\/www.pressenza.com\/de\/2017\/10\/grossdemonstration-gegen-hass-und-rassismus-in-berlin\/\"},\"author\":{\"name\":\"Pressenza Berlin\",\"@id\":\"https:\/\/www.pressenza.com\/de\/#\/schema\/person\/57bb5480943a496a7722b0248e4b658a\"},\"headline\":\"Gro\u00dfdemonstration gegen Hass und Rassismus in Berlin\",\"datePublished\":\"2017-10-23T02:22:05+00:00\",\"dateModified\":\"2017-10-24T09:33:30+00:00\",\"mainEntityOfPage\":{\"@id\":\"https:\/\/www.pressenza.com\/de\/2017\/10\/grossdemonstration-gegen-hass-und-rassismus-in-berlin\/\"},\"wordCount\":567,\"publisher\":{\"@id\":\"https:\/\/www.pressenza.com\/de\/#organization\"},\"image\":{\"@id\":\"https:\/\/www.pressenza.com\/de\/2017\/10\/grossdemonstration-gegen-hass-und-rassismus-in-berlin\/#primaryimage\"},\"thumbnailUrl\":\"https:\/\/www.pressenza.com\/wp-content\/uploads\/2017\/10\/marchates2maga-1.jpg\",\"keywords\":[\"AfD\",\"Ali Can\",\"Fl\u00fcchlinge\",\"Rassismus\"],\"articleSection\":[\"Europa\",\"Gewaltfreiheit\",\"Originalinhalt\",\"Politik\",\"Vielfalt\"],\"inLanguage\":\"de\"},{\"@type\":\"WebPage\",\"@id\":\"https:\/\/www.pressenza.com\/de\/2017\/10\/grossdemonstration-gegen-hass-und-rassismus-in-berlin\/\",\"url\":\"https:\/\/www.pressenza.com\/de\/2017\/10\/grossdemonstration-gegen-hass-und-rassismus-in-berlin\/\",\"name\":\"Gro\u00dfdemonstration gegen Hass und Rassismus in Berlin\",\"isPartOf\":{\"@id\":\"https:\/\/www.pressenza.com\/de\/#website\"},\"primaryImageOfPage\":{\"@id\":\"https:\/\/www.pressenza.com\/de\/2017\/10\/grossdemonstration-gegen-hass-und-rassismus-in-berlin\/#primaryimage\"},\"image\":{\"@id\":\"https:\/\/www.pressenza.com\/de\/2017\/10\/grossdemonstration-gegen-hass-und-rassismus-in-berlin\/#primaryimage\"},\"thumbnailUrl\":\"https:\/\/www.pressenza.com\/wp-content\/uploads\/2017\/10\/marchates2maga-1.jpg\",\"datePublished\":\"2017-10-23T02:22:05+00:00\",\"dateModified\":\"2017-10-24T09:33:30+00:00\",\"description\":\"Ali Can, der Initiator der heutigen Demonstration gegen Hass und Rassismus, setzt auf Vers\u00f6hnung statt Gewalt. Daher hatte er vor einem Jahr, geschockt\",\"breadcrumb\":{\"@id\":\"https:\/\/www.pressenza.com\/de\/2017\/10\/grossdemonstration-gegen-hass-und-rassismus-in-berlin\/#breadcrumb\"},\"inLanguage\":\"de\",\"potentialAction\":[{\"@type\":\"ReadAction\",\"target\":[\"https:\/\/www.pressenza.com\/de\/2017\/10\/grossdemonstration-gegen-hass-und-rassismus-in-berlin\/\"]}]},{\"@type\":\"ImageObject\",\"inLanguage\":\"de\",\"@id\":\"https:\/\/www.pressenza.com\/de\/2017\/10\/grossdemonstration-gegen-hass-und-rassismus-in-berlin\/#primaryimage\",\"url\":\"https:\/\/www.pressenza.com\/wp-content\/uploads\/2017\/10\/marchates2maga-1.jpg\",\"contentUrl\":\"https:\/\/www.pressenza.com\/wp-content\/uploads\/2017\/10\/marchates2maga-1.jpg\",\"width\":1084,\"height\":767},{\"@type\":\"BreadcrumbList\",\"@id\":\"https:\/\/www.pressenza.com\/de\/2017\/10\/grossdemonstration-gegen-hass-und-rassismus-in-berlin\/#breadcrumb\",\"itemListElement\":[{\"@type\":\"ListItem\",\"position\":1,\"name\":\"Accueil\",\"item\":\"https:\/\/www.pressenza.com\/de\/\"},{\"@type\":\"ListItem\",\"position\":2,\"name\":\"Gro\u00dfdemonstration gegen Hass und Rassismus in Berlin\"}]},{\"@type\":\"WebSite\",\"@id\":\"https:\/\/www.pressenza.com\/de\/#website\",\"url\":\"https:\/\/www.pressenza.com\/de\/\",\"name\":\"Pressenza\",\"description\":\"International Press Agency\",\"publisher\":{\"@id\":\"https:\/\/www.pressenza.com\/de\/#organization\"},\"potentialAction\":[{\"@type\":\"SearchAction\",\"target\":{\"@type\":\"EntryPoint\",\"urlTemplate\":\"https:\/\/www.pressenza.com\/de\/?s={search_term_string}\"},\"query-input\":{\"@type\":\"PropertyValueSpecification\",\"valueRequired\":true,\"valueName\":\"search_term_string\"}}],\"inLanguage\":\"de\"},{\"@type\":\"Organization\",\"@id\":\"https:\/\/www.pressenza.com\/de\/#organization\",\"name\":\"Pressenza\",\"url\":\"https:\/\/www.pressenza.com\/de\/\",\"logo\":{\"@type\":\"ImageObject\",\"inLanguage\":\"de\",\"@id\":\"https:\/\/www.pressenza.com\/de\/#\/schema\/logo\/image\/\",\"url\":\"https:\/\/www.pressenza.com\/wp-content\/uploads\/2022\/10\/pressenza_logo_200x200.jpg\",\"contentUrl\":\"https:\/\/www.pressenza.com\/wp-content\/uploads\/2022\/10\/pressenza_logo_200x200.jpg\",\"width\":200,\"height\":200,\"caption\":\"Pressenza\"},\"image\":{\"@id\":\"https:\/\/www.pressenza.com\/de\/#\/schema\/logo\/image\/\"},\"sameAs\":[\"https:\/\/www.facebook.com\/PressenzaItalia\",\"https:\/\/x.com\/PressenzaIPA\"]},{\"@type\":\"Person\",\"@id\":\"https:\/\/www.pressenza.com\/de\/#\/schema\/person\/57bb5480943a496a7722b0248e4b658a\",\"name\":\"Pressenza Berlin\",\"description\":\"News from the Pressenza Bureau in Berlin, Germany\",\"sameAs\":[\"https:\/\/www.facebook.com\/Pressenza-Deutschland-sterreich-Schweiz-281675388658060\/timeline\/\",\"https:\/\/x.com\/pressenza_ger\"],\"url\":\"https:\/\/www.pressenza.com\/de\/author\/pressenza-berlin\/\"}]}<\/script>\n<!-- \/ Yoast SEO plugin. -->","yoast_head_json":{"title":"Gro\u00dfdemonstration gegen Hass und Rassismus in Berlin","description":"Ali Can, der Initiator der heutigen Demonstration gegen Hass und Rassismus, setzt auf Vers\u00f6hnung statt Gewalt. Daher hatte er vor einem Jahr, geschockt","robots":{"index":"index","follow":"follow","max-snippet":"max-snippet:-1","max-image-preview":"max-image-preview:large","max-video-preview":"max-video-preview:-1"},"canonical":"https:\/\/www.pressenza.com\/de\/2017\/10\/grossdemonstration-gegen-hass-und-rassismus-in-berlin\/","og_locale":"de_DE","og_type":"article","og_title":"Gro\u00dfdemonstration gegen Hass und Rassismus in Berlin","og_description":"Ali Can, der Initiator der heutigen Demonstration gegen Hass und Rassismus, setzt auf Vers\u00f6hnung statt Gewalt. Daher hatte er vor einem Jahr, geschockt","og_url":"https:\/\/www.pressenza.com\/de\/2017\/10\/grossdemonstration-gegen-hass-und-rassismus-in-berlin\/","og_site_name":"Pressenza","article_publisher":"https:\/\/www.facebook.com\/PressenzaItalia","article_author":"https:\/\/www.facebook.com\/Pressenza-Deutschland-sterreich-Schweiz-281675388658060\/timeline\/","article_published_time":"2017-10-23T02:22:05+00:00","article_modified_time":"2017-10-24T09:33:30+00:00","og_image":[{"width":1084,"height":767,"url":"https:\/\/www.pressenza.com\/wp-content\/uploads\/2017\/10\/marchates2maga-1.jpg","type":"image\/jpeg"}],"author":"Pressenza Berlin","twitter_card":"summary_large_image","twitter_creator":"@pressenza_ger","twitter_site":"@PressenzaIPA","twitter_misc":{"Verfasst von":"Pressenza Berlin","Gesch\u00e4tzte Lesezeit":"3\u00a0Minuten"},"schema":{"@context":"https:\/\/schema.org","@graph":[{"@type":"Article","@id":"https:\/\/www.pressenza.com\/de\/2017\/10\/grossdemonstration-gegen-hass-und-rassismus-in-berlin\/#article","isPartOf":{"@id":"https:\/\/www.pressenza.com\/de\/2017\/10\/grossdemonstration-gegen-hass-und-rassismus-in-berlin\/"},"author":{"name":"Pressenza Berlin","@id":"https:\/\/www.pressenza.com\/de\/#\/schema\/person\/57bb5480943a496a7722b0248e4b658a"},"headline":"Gro\u00dfdemonstration gegen Hass und Rassismus in Berlin","datePublished":"2017-10-23T02:22:05+00:00","dateModified":"2017-10-24T09:33:30+00:00","mainEntityOfPage":{"@id":"https:\/\/www.pressenza.com\/de\/2017\/10\/grossdemonstration-gegen-hass-und-rassismus-in-berlin\/"},"wordCount":567,"publisher":{"@id":"https:\/\/www.pressenza.com\/de\/#organization"},"image":{"@id":"https:\/\/www.pressenza.com\/de\/2017\/10\/grossdemonstration-gegen-hass-und-rassismus-in-berlin\/#primaryimage"},"thumbnailUrl":"https:\/\/www.pressenza.com\/wp-content\/uploads\/2017\/10\/marchates2maga-1.jpg","keywords":["AfD","Ali Can","Fl\u00fcchlinge","Rassismus"],"articleSection":["Europa","Gewaltfreiheit","Originalinhalt","Politik","Vielfalt"],"inLanguage":"de"},{"@type":"WebPage","@id":"https:\/\/www.pressenza.com\/de\/2017\/10\/grossdemonstration-gegen-hass-und-rassismus-in-berlin\/","url":"https:\/\/www.pressenza.com\/de\/2017\/10\/grossdemonstration-gegen-hass-und-rassismus-in-berlin\/","name":"Gro\u00dfdemonstration gegen Hass und Rassismus in Berlin","isPartOf":{"@id":"https:\/\/www.pressenza.com\/de\/#website"},"primaryImageOfPage":{"@id":"https:\/\/www.pressenza.com\/de\/2017\/10\/grossdemonstration-gegen-hass-und-rassismus-in-berlin\/#primaryimage"},"image":{"@id":"https:\/\/www.pressenza.com\/de\/2017\/10\/grossdemonstration-gegen-hass-und-rassismus-in-berlin\/#primaryimage"},"thumbnailUrl":"https:\/\/www.pressenza.com\/wp-content\/uploads\/2017\/10\/marchates2maga-1.jpg","datePublished":"2017-10-23T02:22:05+00:00","dateModified":"2017-10-24T09:33:30+00:00","description":"Ali Can, der Initiator der heutigen Demonstration gegen Hass und Rassismus, setzt auf Vers\u00f6hnung statt Gewalt. Daher hatte er vor einem Jahr, geschockt","breadcrumb":{"@id":"https:\/\/www.pressenza.com\/de\/2017\/10\/grossdemonstration-gegen-hass-und-rassismus-in-berlin\/#breadcrumb"},"inLanguage":"de","potentialAction":[{"@type":"ReadAction","target":["https:\/\/www.pressenza.com\/de\/2017\/10\/grossdemonstration-gegen-hass-und-rassismus-in-berlin\/"]}]},{"@type":"ImageObject","inLanguage":"de","@id":"https:\/\/www.pressenza.com\/de\/2017\/10\/grossdemonstration-gegen-hass-und-rassismus-in-berlin\/#primaryimage","url":"https:\/\/www.pressenza.com\/wp-content\/uploads\/2017\/10\/marchates2maga-1.jpg","contentUrl":"https:\/\/www.pressenza.com\/wp-content\/uploads\/2017\/10\/marchates2maga-1.jpg","width":1084,"height":767},{"@type":"BreadcrumbList","@id":"https:\/\/www.pressenza.com\/de\/2017\/10\/grossdemonstration-gegen-hass-und-rassismus-in-berlin\/#breadcrumb","itemListElement":[{"@type":"ListItem","position":1,"name":"Accueil","item":"https:\/\/www.pressenza.com\/de\/"},{"@type":"ListItem","position":2,"name":"Gro\u00dfdemonstration gegen Hass und Rassismus in Berlin"}]},{"@type":"WebSite","@id":"https:\/\/www.pressenza.com\/de\/#website","url":"https:\/\/www.pressenza.com\/de\/","name":"Pressenza","description":"International Press Agency","publisher":{"@id":"https:\/\/www.pressenza.com\/de\/#organization"},"potentialAction":[{"@type":"SearchAction","target":{"@type":"EntryPoint","urlTemplate":"https:\/\/www.pressenza.com\/de\/?s={search_term_string}"},"query-input":{"@type":"PropertyValueSpecification","valueRequired":true,"valueName":"search_term_string"}}],"inLanguage":"de"},{"@type":"Organization","@id":"https:\/\/www.pressenza.com\/de\/#organization","name":"Pressenza","url":"https:\/\/www.pressenza.com\/de\/","logo":{"@type":"ImageObject","inLanguage":"de","@id":"https:\/\/www.pressenza.com\/de\/#\/schema\/logo\/image\/","url":"https:\/\/www.pressenza.com\/wp-content\/uploads\/2022\/10\/pressenza_logo_200x200.jpg","contentUrl":"https:\/\/www.pressenza.com\/wp-content\/uploads\/2022\/10\/pressenza_logo_200x200.jpg","width":200,"height":200,"caption":"Pressenza"},"image":{"@id":"https:\/\/www.pressenza.com\/de\/#\/schema\/logo\/image\/"},"sameAs":["https:\/\/www.facebook.com\/PressenzaItalia","https:\/\/x.com\/PressenzaIPA"]},{"@type":"Person","@id":"https:\/\/www.pressenza.com\/de\/#\/schema\/person\/57bb5480943a496a7722b0248e4b658a","name":"Pressenza Berlin","description":"News from the Pressenza Bureau in Berlin, Germany","sameAs":["https:\/\/www.facebook.com\/Pressenza-Deutschland-sterreich-Schweiz-281675388658060\/timeline\/","https:\/\/x.com\/pressenza_ger"],"url":"https:\/\/www.pressenza.com\/de\/author\/pressenza-berlin\/"}]}},"place":"","original_article_url":"","_links":{"self":[{"href":"https:\/\/www.pressenza.com\/de\/wp-json\/wp\/v2\/posts\/543845","targetHints":{"allow":["GET"]}}],"collection":[{"href":"https:\/\/www.pressenza.com\/de\/wp-json\/wp\/v2\/posts"}],"about":[{"href":"https:\/\/www.pressenza.com\/de\/wp-json\/wp\/v2\/types\/post"}],"author":[{"embeddable":true,"href":"https:\/\/www.pressenza.com\/de\/wp-json\/wp\/v2\/users\/1095"}],"replies":[{"embeddable":true,"href":"https:\/\/www.pressenza.com\/de\/wp-json\/wp\/v2\/comments?post=543845"}],"version-history":[{"count":0,"href":"https:\/\/www.pressenza.com\/de\/wp-json\/wp\/v2\/posts\/543845\/revisions"}],"wp:featuredmedia":[{"embeddable":true,"href":"https:\/\/www.pressenza.com\/de\/wp-json\/wp\/v2\/media\/543885"}],"wp:attachment":[{"href":"https:\/\/www.pressenza.com\/de\/wp-json\/wp\/v2\/media?parent=543845"}],"wp:term":[{"taxonomy":"category","embeddable":true,"href":"https:\/\/www.pressenza.com\/de\/wp-json\/wp\/v2\/categories?post=543845"},{"taxonomy":"post_tag","embeddable":true,"href":"https:\/\/www.pressenza.com\/de\/wp-json\/wp\/v2\/tags?post=543845"}],"curies":[{"name":"wp","href":"https:\/\/api.w.org\/{rel}","templated":true}]}}