{"id":538237,"date":"2017-10-14T13:15:43","date_gmt":"2017-10-14T12:15:43","guid":{"rendered":"https:\/\/www.pressenza.com\/?p=538237\/"},"modified":"2017-10-14T13:15:43","modified_gmt":"2017-10-14T12:15:43","slug":"zur-derzeitigen-lage-katalonien","status":"publish","type":"post","link":"https:\/\/www.pressenza.com\/de\/2017\/10\/zur-derzeitigen-lage-katalonien\/","title":{"rendered":"Zur derzeitigen Lage in Katalonien"},"content":{"rendered":"<p><a href=\"https:\/\/www.change.org\/p\/sergio-mattarella-presidente-della-repubblica-italiana-presidente-della-repubblica-italiana-solidarit\u00e4t-mit-katalonien-f\u00fcr-das-recht-auf-friedliche-selbstbestimmung\/u\/21672142\" target=\"_blank\" rel=\"noopener noreferrer\"><em>Von\u00a0Prof. Dr. Axel Sch\u00f6nberger \u00fcber Change.org<\/em><\/a><\/p>\n<p><strong>13. Oktober 2017 \u2014 Weiterhin ist der Einsatz polizeilicher und milit\u00e4rischer Gewalt in Katalonien noch nicht ausgeschlossen. Katalonien ist zwar friedlich und verhandlungsbereit, Spanien verweigert aber den Dialog und droht sogar immer wieder mit Gewalt. Und Europa sieht nach wie vor tatenlos zu und schweigt.<\/strong><\/p>\n<p>Llu\u00eds Companys i Jover wurde am 12. Juni 1933 zum Pr\u00e4sidenten der Generalitat de Catalunya ernannt. Am 6. Oktober 1934 rief er die eigenst\u00e4ndige Republik Katalonien aus. Spanien lie\u00df daraufhin die gesamte katalanische Regierung gefangennehmen. 1936 aus dem Gef\u00e4ngnis entlassen, organisierte Companys den Widerstand gegen die von General Francisco Franco angef\u00fchrten Putschisten, die den spanischen B\u00fcrgerkrieg begannen und gewannen. Im August 1940 wurde er von der Gestapo in Frankreich verhaftet und an Spanien ausgeliefert. Spanien verurteilte ihn in einem nur eint\u00e4gigen Schnellverfahren am 14. Oktober 1940 zum Tode und lie\u00df ihn am 15. Oktober 1940 in Barcelona von einem Erschie\u00dfungskommando ermorden. Seine letzten Worte lauteten: \u00abPer Catalunya!\u00bb (\u00abF\u00fcr Katalonien!\u00bb).<\/p>\n<p>Am 9. Oktober 2017 erkl\u00e4rte der Vizesekret\u00e4r f\u00fcr Kommunikation der spanischen Regierungspartei Partido Popular, Pablo Casado, mit ausdr\u00fccklichem Bezug auf das traurige Schicksal des damaligen Pr\u00e4sidenten der katalanischen Regierung und auf den heutigen katalanischen Pr\u00e4sidenten Carles Puigdemont:<\/p>\n<p>\u00abNo tenemos nada que ceder ni negociar con los golpistas. El que la declare [la independencia de Catalu\u00f1a], lo mismo acaba como el que la declar\u00f3 hace 83 a\u00f1os\u00bb.<\/p>\n<p>\u00abWeder geben wir den Putschisten nach noch verhandeln wir mit ihnen. Wer sie [die Unabh\u00e4ngigkeit Kataloniens] erkl\u00e4rt, der endet wie derjenige, der sie vor 83 Jahren erkl\u00e4rte.\u00bb<\/p>\n<p>Diese \u00c4u\u00dferung, die Herr Casado sp\u00e4ter zu relativieren versuchte, hat viele Katalaninnen und Katalanen, aber auch Menschen in aller Welt zutiefst verst\u00f6rt und emp\u00f6rt. Auf change.org wird dazu aufgerufen, ihn deswegen vor Gericht zu stellen:\u00a0<a href=\"https:\/\/www.change.org\/p\/president-de-la-generalitat-de-catalunya-juicio-a-pablo-casado-blanco-por-amenazar-con-fusilamiento-al-president-carles-puigdemont\/nftexp\/ex7\/v4\/17584496\" target=\"_blank\" rel=\"noopener noreferrer\">https:\/\/www.change.org\/p\/president-de-la-generalitat-de-catalunya-juicio-a-pablo-casado-blanco-por-amenazar-con-fusilamiento-al-president-carles-puigdemont\/nftexp\/ex7\/v4\/17584496<\/a><\/p>\n<p>Die Minderheitsregierung des Partido Popular, die bei den letzten spanischen Parlamentswahlen vom 26. Juni 2016 gerade einmal 7.941.236 Stimmen \u2013 das waren lediglich 33,01% der abgegebenen Stimmen bei einer Wahlbeteiligung von nur 66,48% der insgesamt 36.520.913 Wahlberechtigten \u2013 erhielt, steht f\u00fcr nur knapp mehr als 21% der damals in ganz Spanien Wahlberechtigten. Dennoch nimmt es sich die Regierung Rajoy heraus, f\u00fcr ganz Spanien zu sprechen, und behauptet, dass die 90% der Katalanen, die am 1. Oktober 2017 f\u00fcr eine Losl\u00f6sung von Spanien stimmten, keineswegs repr\u00e4sentativ gewesen seien, obwohl dies immerhin 38,07% aller Wahlberechtigten Kataloniens waren.<\/p>\n<p>\u00dcber Zahlen mag man gerne mit Worten streiten. Es darf aber in Katalonien kein Milit\u00e4r und keine Gewalt eingesetzt werden. Die Katalanen sind im bisherigen Verlauf der Katalanischen Revolution friedlich geblieben, und Spanien hat kein Recht, die Lage durch den Einsatz polizeilicher oder milit\u00e4rischer Gewalt zur Eskalation zu bringen.<\/p>\n<p>Sollten der spanische Ministerpr\u00e4sident Mariano Rajoy und der spanische K\u00f6nig Felipe VI. dennoch den Einsatz polizeilicher oder milit\u00e4rischer Gewalt gegen die gew\u00e4hlte katalanische Regierung und das katalanische Volk befehlen, so werden sie sich, falls dadurch Menschen zu Tode kommen, eines Tages gegebenenfalls vor dem Kriegsverbrechertribunal der Vereinten Nationen in Den Haag f\u00fcr ihre Taten verantworten m\u00fcssen.<\/p>\n<p>Sofern Spanien durch einen paramilit\u00e4rischen Einsatz der Guardia Civil oder einen Milit\u00e4reinsatz gegen Katalonien massiv gegen Titel I Artikel 2 des EU-Vertrags versto\u00dfen sollte, wird die Europ\u00e4ische Union nicht umhin k\u00f6nnen, gem\u00e4\u00df Titel I Artikel 7 des EU-Vertrags eine schwerwiegende Verletzung der in Artikel 2 des EU-Vertrags genannten Werte durch Spanien festzustellen und in der Folge eine faktische Suspendierung der Mitgliedsrechte Spaniens in der EU zu beschlie\u00dfen. Ein solches Aussetzen bestimmter Rechte Spaniens in der Europ\u00e4ischen Union w\u00fcrde die spanische Wirtschaft aller Voraussicht nach empfindlich treffen. Die spanische Regierung w\u00e4re gut beraten, auch diese m\u00f6glichen Folgen einer gewaltsamen Niederschlagung der Katalanischen Revolution zu bedenken.<\/p>\n<p>Es darf nur eine friedliche L\u00f6sung des Konfliktes geben. Jedes Menschenleben, das einer Gewalteskalation in diesem Konflikt zum Opfer fiele, w\u00e4re eines zuviel! Katalonien ist zum Dialog bereit. Spanien verweigert ihn. Dies wird voraussichtlich bereits in den kommenden Tagen zur Ausrufung der Republik Katalonien f\u00fchren.<\/p>\n<p>Freitag, den 13. Oktober 2017<\/p>\n<p>Prof. Dr. Axel Sch\u00f6nberger<\/p>\n<p>&nbsp;<\/p>\n<p><em>Die Petition von Prof. Dr. Axel Sch\u00f6nberger <a href=\"https:\/\/www.change.org\/p\/sergio-mattarella-presidente-della-repubblica-italiana-presidente-della-repubblica-italiana-solidarit\u00e4t-mit-katalonien-f\u00fcr-das-recht-auf-friedliche-selbstbestimmung\" target=\"_blank\" rel=\"noopener noreferrer\"><strong>&#8222;Solidarit\u00e4t mit Katalonien &#8211; f\u00fcr das Recht auf friedliche Selbstbestimmung!&#8220;<\/strong><\/a> richtet sich an Sergio Mattarella, Jean-Claude Juncker,\u00a0Mariano Rajoy, Angela Merkel, Emmanuel Macron, Theresa May, Carles Puigdemont, Ant\u00f3nio Guterres und Wladimir Wladimirowitsch Putin.<\/em><\/p>\n<p><em>Sie steht neben Deutsch in 16 weiteren Sprachen zur Verf\u00fcgung und kann hier unterzeichnet werden:\u00a0<\/em><a href=\"https:\/\/www.change.org\/p\/sergio-mattarella-presidente-della-repubblica-italiana-presidente-della-repubblica-italiana-solidarit\u00e4t-mit-katalonien-f\u00fcr-das-recht-auf-friedliche-selbstbestimmung\" target=\"_blank\" rel=\"noopener noreferrer\">https:\/\/www.change.org\/p\/sergio-mattarella-presidente-della-repubblica-italiana-presidente-della-repubblica-italiana-solidarit\u00e4t-mit-katalonien-f\u00fcr-das-recht-auf-friedliche-selbstbestimmung<\/a><\/p>\n","protected":false},"excerpt":{"rendered":"<p>Von\u00a0Prof. Dr. Axel Sch\u00f6nberger \u00fcber Change.org 13. Oktober 2017 \u2014 Weiterhin ist der Einsatz polizeilicher und milit\u00e4rischer Gewalt in Katalonien noch nicht ausgeschlossen. Katalonien ist zwar friedlich und verhandlungsbereit, Spanien verweigert aber den Dialog und droht sogar immer wieder mit&hellip;<\/p>\n","protected":false},"author":1097,"featured_media":538240,"comment_status":"closed","ping_status":"closed","sticky":false,"template":"","format":"standard","meta":{"footnotes":""},"categories":[9150,9166,9164,9168,9145,20605],"tags":[9481,41042,22229,20317,3090,9663],"class_list":["post-538237","post","type-post","status-publish","format-standard","has-post-thumbnail","hentry","category-europa-de","category-gewaltfreiheit","category-internationale-angelegenheiten","category-politik","category-pressemitteilungen","category-unkategorisiert","tag-eu-de","tag-friedliche-selbstbestimmung","tag-gewaltfreiheit","tag-katalonien","tag-petition","tag-spanien"],"yoast_head":"<!-- This site is optimized with the Yoast SEO plugin v27.1.1 - https:\/\/yoast.com\/product\/yoast-seo-wordpress\/ -->\n<title>Zur derzeitigen Lage in Katalonien<\/title>\n<meta name=\"description\" content=\"Von\u00a0Prof. Dr. Axel Sch\u00f6nberger \u00fcber Change.org 13. Oktober 2017 \u2014 Weiterhin ist der Einsatz polizeilicher und milit\u00e4rischer Gewalt in Katalonien noch\" \/>\n<meta name=\"robots\" content=\"index, follow, max-snippet:-1, max-image-preview:large, max-video-preview:-1\" \/>\n<link rel=\"canonical\" href=\"https:\/\/www.pressenza.com\/de\/2017\/10\/zur-derzeitigen-lage-katalonien\/\" \/>\n<meta property=\"og:locale\" content=\"de_DE\" \/>\n<meta property=\"og:type\" content=\"article\" \/>\n<meta property=\"og:title\" content=\"Zur derzeitigen Lage in Katalonien\" \/>\n<meta property=\"og:description\" content=\"Von\u00a0Prof. Dr. Axel Sch\u00f6nberger \u00fcber Change.org 13. Oktober 2017 \u2014 Weiterhin ist der Einsatz polizeilicher und milit\u00e4rischer Gewalt in Katalonien noch\" \/>\n<meta property=\"og:url\" content=\"https:\/\/www.pressenza.com\/de\/2017\/10\/zur-derzeitigen-lage-katalonien\/\" \/>\n<meta property=\"og:site_name\" content=\"Pressenza\" \/>\n<meta property=\"article:publisher\" content=\"https:\/\/www.facebook.com\/PressenzaItalia\" \/>\n<meta property=\"article:author\" content=\"https:\/\/www.facebook.com\/Pressenza-Deutschland-sterreich-Schweiz-281675388658060\/timeline\/\" \/>\n<meta property=\"article:published_time\" content=\"2017-10-14T12:15:43+00:00\" \/>\n<meta property=\"og:image\" content=\"https:\/\/www.pressenza.com\/wp-content\/uploads\/2017\/10\/Katalonien-change.org_.jpg\" \/>\n\t<meta property=\"og:image:width\" content=\"800\" \/>\n\t<meta property=\"og:image:height\" content=\"450\" \/>\n\t<meta property=\"og:image:type\" content=\"image\/jpeg\" \/>\n<meta name=\"author\" content=\"Pressenza Muenchen\" \/>\n<meta name=\"twitter:card\" content=\"summary_large_image\" \/>\n<meta name=\"twitter:creator\" content=\"@pressenza_ger\" \/>\n<meta name=\"twitter:site\" content=\"@PressenzaIPA\" \/>\n<meta name=\"twitter:label1\" content=\"Verfasst von\" \/>\n\t<meta name=\"twitter:data1\" content=\"Pressenza Muenchen\" \/>\n\t<meta name=\"twitter:label2\" content=\"Gesch\u00e4tzte Lesezeit\" \/>\n\t<meta name=\"twitter:data2\" content=\"4\u00a0Minuten\" \/>\n<script type=\"application\/ld+json\" class=\"yoast-schema-graph\">{\"@context\":\"https:\/\/schema.org\",\"@graph\":[{\"@type\":\"Article\",\"@id\":\"https:\/\/www.pressenza.com\/de\/2017\/10\/zur-derzeitigen-lage-katalonien\/#article\",\"isPartOf\":{\"@id\":\"https:\/\/www.pressenza.com\/de\/2017\/10\/zur-derzeitigen-lage-katalonien\/\"},\"author\":{\"name\":\"Pressenza Muenchen\",\"@id\":\"https:\/\/www.pressenza.com\/de\/#\/schema\/person\/0069724cfb2cb9785368a167d0d900b7\"},\"headline\":\"Zur derzeitigen Lage in Katalonien\",\"datePublished\":\"2017-10-14T12:15:43+00:00\",\"mainEntityOfPage\":{\"@id\":\"https:\/\/www.pressenza.com\/de\/2017\/10\/zur-derzeitigen-lage-katalonien\/\"},\"wordCount\":749,\"publisher\":{\"@id\":\"https:\/\/www.pressenza.com\/de\/#organization\"},\"image\":{\"@id\":\"https:\/\/www.pressenza.com\/de\/2017\/10\/zur-derzeitigen-lage-katalonien\/#primaryimage\"},\"thumbnailUrl\":\"https:\/\/www.pressenza.com\/wp-content\/uploads\/2017\/10\/Katalonien-change.org_.jpg\",\"keywords\":[\"EU\",\"friedliche Selbstbestimmung\",\"Gewaltfreiheit\",\"Katalonien\",\"petition\",\"Spanien\"],\"articleSection\":[\"Europa\",\"Gewaltfreiheit\",\"Internationale Angelegenheiten\",\"Politik\",\"Pressemitteilungen\",\"Unkategorisiert\"],\"inLanguage\":\"de\"},{\"@type\":\"WebPage\",\"@id\":\"https:\/\/www.pressenza.com\/de\/2017\/10\/zur-derzeitigen-lage-katalonien\/\",\"url\":\"https:\/\/www.pressenza.com\/de\/2017\/10\/zur-derzeitigen-lage-katalonien\/\",\"name\":\"Zur derzeitigen Lage in Katalonien\",\"isPartOf\":{\"@id\":\"https:\/\/www.pressenza.com\/de\/#website\"},\"primaryImageOfPage\":{\"@id\":\"https:\/\/www.pressenza.com\/de\/2017\/10\/zur-derzeitigen-lage-katalonien\/#primaryimage\"},\"image\":{\"@id\":\"https:\/\/www.pressenza.com\/de\/2017\/10\/zur-derzeitigen-lage-katalonien\/#primaryimage\"},\"thumbnailUrl\":\"https:\/\/www.pressenza.com\/wp-content\/uploads\/2017\/10\/Katalonien-change.org_.jpg\",\"datePublished\":\"2017-10-14T12:15:43+00:00\",\"description\":\"Von\u00a0Prof. Dr. Axel Sch\u00f6nberger \u00fcber Change.org 13. Oktober 2017 \u2014 Weiterhin ist der Einsatz polizeilicher und milit\u00e4rischer Gewalt in Katalonien noch\",\"breadcrumb\":{\"@id\":\"https:\/\/www.pressenza.com\/de\/2017\/10\/zur-derzeitigen-lage-katalonien\/#breadcrumb\"},\"inLanguage\":\"de\",\"potentialAction\":[{\"@type\":\"ReadAction\",\"target\":[\"https:\/\/www.pressenza.com\/de\/2017\/10\/zur-derzeitigen-lage-katalonien\/\"]}]},{\"@type\":\"ImageObject\",\"inLanguage\":\"de\",\"@id\":\"https:\/\/www.pressenza.com\/de\/2017\/10\/zur-derzeitigen-lage-katalonien\/#primaryimage\",\"url\":\"https:\/\/www.pressenza.com\/wp-content\/uploads\/2017\/10\/Katalonien-change.org_.jpg\",\"contentUrl\":\"https:\/\/www.pressenza.com\/wp-content\/uploads\/2017\/10\/Katalonien-change.org_.jpg\",\"width\":800,\"height\":450},{\"@type\":\"BreadcrumbList\",\"@id\":\"https:\/\/www.pressenza.com\/de\/2017\/10\/zur-derzeitigen-lage-katalonien\/#breadcrumb\",\"itemListElement\":[{\"@type\":\"ListItem\",\"position\":1,\"name\":\"Accueil\",\"item\":\"https:\/\/www.pressenza.com\/de\/\"},{\"@type\":\"ListItem\",\"position\":2,\"name\":\"Zur derzeitigen Lage in Katalonien\"}]},{\"@type\":\"WebSite\",\"@id\":\"https:\/\/www.pressenza.com\/de\/#website\",\"url\":\"https:\/\/www.pressenza.com\/de\/\",\"name\":\"Pressenza\",\"description\":\"International Press Agency\",\"publisher\":{\"@id\":\"https:\/\/www.pressenza.com\/de\/#organization\"},\"potentialAction\":[{\"@type\":\"SearchAction\",\"target\":{\"@type\":\"EntryPoint\",\"urlTemplate\":\"https:\/\/www.pressenza.com\/de\/?s={search_term_string}\"},\"query-input\":{\"@type\":\"PropertyValueSpecification\",\"valueRequired\":true,\"valueName\":\"search_term_string\"}}],\"inLanguage\":\"de\"},{\"@type\":\"Organization\",\"@id\":\"https:\/\/www.pressenza.com\/de\/#organization\",\"name\":\"Pressenza\",\"url\":\"https:\/\/www.pressenza.com\/de\/\",\"logo\":{\"@type\":\"ImageObject\",\"inLanguage\":\"de\",\"@id\":\"https:\/\/www.pressenza.com\/de\/#\/schema\/logo\/image\/\",\"url\":\"https:\/\/www.pressenza.com\/wp-content\/uploads\/2022\/10\/pressenza_logo_200x200.jpg\",\"contentUrl\":\"https:\/\/www.pressenza.com\/wp-content\/uploads\/2022\/10\/pressenza_logo_200x200.jpg\",\"width\":200,\"height\":200,\"caption\":\"Pressenza\"},\"image\":{\"@id\":\"https:\/\/www.pressenza.com\/de\/#\/schema\/logo\/image\/\"},\"sameAs\":[\"https:\/\/www.facebook.com\/PressenzaItalia\",\"https:\/\/x.com\/PressenzaIPA\"]},{\"@type\":\"Person\",\"@id\":\"https:\/\/www.pressenza.com\/de\/#\/schema\/person\/0069724cfb2cb9785368a167d0d900b7\",\"name\":\"Pressenza Muenchen\",\"description\":\"News from the Pressenza bureau in Munich, Germany\",\"sameAs\":[\"https:\/\/www.facebook.com\/Pressenza-Deutschland-sterreich-Schweiz-281675388658060\/timeline\/\",\"https:\/\/x.com\/pressenza_ger\"],\"url\":\"https:\/\/www.pressenza.com\/de\/author\/pressenza-muenchen\/\"}]}<\/script>\n<!-- \/ Yoast SEO plugin. -->","yoast_head_json":{"title":"Zur derzeitigen Lage in Katalonien","description":"Von\u00a0Prof. Dr. Axel Sch\u00f6nberger \u00fcber Change.org 13. Oktober 2017 \u2014 Weiterhin ist der Einsatz polizeilicher und milit\u00e4rischer Gewalt in Katalonien noch","robots":{"index":"index","follow":"follow","max-snippet":"max-snippet:-1","max-image-preview":"max-image-preview:large","max-video-preview":"max-video-preview:-1"},"canonical":"https:\/\/www.pressenza.com\/de\/2017\/10\/zur-derzeitigen-lage-katalonien\/","og_locale":"de_DE","og_type":"article","og_title":"Zur derzeitigen Lage in Katalonien","og_description":"Von\u00a0Prof. Dr. Axel Sch\u00f6nberger \u00fcber Change.org 13. Oktober 2017 \u2014 Weiterhin ist der Einsatz polizeilicher und milit\u00e4rischer Gewalt in Katalonien noch","og_url":"https:\/\/www.pressenza.com\/de\/2017\/10\/zur-derzeitigen-lage-katalonien\/","og_site_name":"Pressenza","article_publisher":"https:\/\/www.facebook.com\/PressenzaItalia","article_author":"https:\/\/www.facebook.com\/Pressenza-Deutschland-sterreich-Schweiz-281675388658060\/timeline\/","article_published_time":"2017-10-14T12:15:43+00:00","og_image":[{"width":800,"height":450,"url":"https:\/\/www.pressenza.com\/wp-content\/uploads\/2017\/10\/Katalonien-change.org_.jpg","type":"image\/jpeg"}],"author":"Pressenza Muenchen","twitter_card":"summary_large_image","twitter_creator":"@pressenza_ger","twitter_site":"@PressenzaIPA","twitter_misc":{"Verfasst von":"Pressenza Muenchen","Gesch\u00e4tzte Lesezeit":"4\u00a0Minuten"},"schema":{"@context":"https:\/\/schema.org","@graph":[{"@type":"Article","@id":"https:\/\/www.pressenza.com\/de\/2017\/10\/zur-derzeitigen-lage-katalonien\/#article","isPartOf":{"@id":"https:\/\/www.pressenza.com\/de\/2017\/10\/zur-derzeitigen-lage-katalonien\/"},"author":{"name":"Pressenza Muenchen","@id":"https:\/\/www.pressenza.com\/de\/#\/schema\/person\/0069724cfb2cb9785368a167d0d900b7"},"headline":"Zur derzeitigen Lage in Katalonien","datePublished":"2017-10-14T12:15:43+00:00","mainEntityOfPage":{"@id":"https:\/\/www.pressenza.com\/de\/2017\/10\/zur-derzeitigen-lage-katalonien\/"},"wordCount":749,"publisher":{"@id":"https:\/\/www.pressenza.com\/de\/#organization"},"image":{"@id":"https:\/\/www.pressenza.com\/de\/2017\/10\/zur-derzeitigen-lage-katalonien\/#primaryimage"},"thumbnailUrl":"https:\/\/www.pressenza.com\/wp-content\/uploads\/2017\/10\/Katalonien-change.org_.jpg","keywords":["EU","friedliche Selbstbestimmung","Gewaltfreiheit","Katalonien","petition","Spanien"],"articleSection":["Europa","Gewaltfreiheit","Internationale Angelegenheiten","Politik","Pressemitteilungen","Unkategorisiert"],"inLanguage":"de"},{"@type":"WebPage","@id":"https:\/\/www.pressenza.com\/de\/2017\/10\/zur-derzeitigen-lage-katalonien\/","url":"https:\/\/www.pressenza.com\/de\/2017\/10\/zur-derzeitigen-lage-katalonien\/","name":"Zur derzeitigen Lage in Katalonien","isPartOf":{"@id":"https:\/\/www.pressenza.com\/de\/#website"},"primaryImageOfPage":{"@id":"https:\/\/www.pressenza.com\/de\/2017\/10\/zur-derzeitigen-lage-katalonien\/#primaryimage"},"image":{"@id":"https:\/\/www.pressenza.com\/de\/2017\/10\/zur-derzeitigen-lage-katalonien\/#primaryimage"},"thumbnailUrl":"https:\/\/www.pressenza.com\/wp-content\/uploads\/2017\/10\/Katalonien-change.org_.jpg","datePublished":"2017-10-14T12:15:43+00:00","description":"Von\u00a0Prof. Dr. Axel Sch\u00f6nberger \u00fcber Change.org 13. Oktober 2017 \u2014 Weiterhin ist der Einsatz polizeilicher und milit\u00e4rischer Gewalt in Katalonien noch","breadcrumb":{"@id":"https:\/\/www.pressenza.com\/de\/2017\/10\/zur-derzeitigen-lage-katalonien\/#breadcrumb"},"inLanguage":"de","potentialAction":[{"@type":"ReadAction","target":["https:\/\/www.pressenza.com\/de\/2017\/10\/zur-derzeitigen-lage-katalonien\/"]}]},{"@type":"ImageObject","inLanguage":"de","@id":"https:\/\/www.pressenza.com\/de\/2017\/10\/zur-derzeitigen-lage-katalonien\/#primaryimage","url":"https:\/\/www.pressenza.com\/wp-content\/uploads\/2017\/10\/Katalonien-change.org_.jpg","contentUrl":"https:\/\/www.pressenza.com\/wp-content\/uploads\/2017\/10\/Katalonien-change.org_.jpg","width":800,"height":450},{"@type":"BreadcrumbList","@id":"https:\/\/www.pressenza.com\/de\/2017\/10\/zur-derzeitigen-lage-katalonien\/#breadcrumb","itemListElement":[{"@type":"ListItem","position":1,"name":"Accueil","item":"https:\/\/www.pressenza.com\/de\/"},{"@type":"ListItem","position":2,"name":"Zur derzeitigen Lage in Katalonien"}]},{"@type":"WebSite","@id":"https:\/\/www.pressenza.com\/de\/#website","url":"https:\/\/www.pressenza.com\/de\/","name":"Pressenza","description":"International Press Agency","publisher":{"@id":"https:\/\/www.pressenza.com\/de\/#organization"},"potentialAction":[{"@type":"SearchAction","target":{"@type":"EntryPoint","urlTemplate":"https:\/\/www.pressenza.com\/de\/?s={search_term_string}"},"query-input":{"@type":"PropertyValueSpecification","valueRequired":true,"valueName":"search_term_string"}}],"inLanguage":"de"},{"@type":"Organization","@id":"https:\/\/www.pressenza.com\/de\/#organization","name":"Pressenza","url":"https:\/\/www.pressenza.com\/de\/","logo":{"@type":"ImageObject","inLanguage":"de","@id":"https:\/\/www.pressenza.com\/de\/#\/schema\/logo\/image\/","url":"https:\/\/www.pressenza.com\/wp-content\/uploads\/2022\/10\/pressenza_logo_200x200.jpg","contentUrl":"https:\/\/www.pressenza.com\/wp-content\/uploads\/2022\/10\/pressenza_logo_200x200.jpg","width":200,"height":200,"caption":"Pressenza"},"image":{"@id":"https:\/\/www.pressenza.com\/de\/#\/schema\/logo\/image\/"},"sameAs":["https:\/\/www.facebook.com\/PressenzaItalia","https:\/\/x.com\/PressenzaIPA"]},{"@type":"Person","@id":"https:\/\/www.pressenza.com\/de\/#\/schema\/person\/0069724cfb2cb9785368a167d0d900b7","name":"Pressenza Muenchen","description":"News from the Pressenza bureau in Munich, Germany","sameAs":["https:\/\/www.facebook.com\/Pressenza-Deutschland-sterreich-Schweiz-281675388658060\/timeline\/","https:\/\/x.com\/pressenza_ger"],"url":"https:\/\/www.pressenza.com\/de\/author\/pressenza-muenchen\/"}]}},"place":"","original_article_url":"https:\/\/www.change.org\/p\/sergio-mattarella-presidente-della-repubblica-italiana-presidente-della-repubblica-italiana-solidarit\u00e4t-mit-katalonien-f\u00fcr-das-recht-auf-friedliche-selbstbestimmung\/u\/21672142?#","_links":{"self":[{"href":"https:\/\/www.pressenza.com\/de\/wp-json\/wp\/v2\/posts\/538237","targetHints":{"allow":["GET"]}}],"collection":[{"href":"https:\/\/www.pressenza.com\/de\/wp-json\/wp\/v2\/posts"}],"about":[{"href":"https:\/\/www.pressenza.com\/de\/wp-json\/wp\/v2\/types\/post"}],"author":[{"embeddable":true,"href":"https:\/\/www.pressenza.com\/de\/wp-json\/wp\/v2\/users\/1097"}],"replies":[{"embeddable":true,"href":"https:\/\/www.pressenza.com\/de\/wp-json\/wp\/v2\/comments?post=538237"}],"version-history":[{"count":0,"href":"https:\/\/www.pressenza.com\/de\/wp-json\/wp\/v2\/posts\/538237\/revisions"}],"wp:featuredmedia":[{"embeddable":true,"href":"https:\/\/www.pressenza.com\/de\/wp-json\/wp\/v2\/media\/538240"}],"wp:attachment":[{"href":"https:\/\/www.pressenza.com\/de\/wp-json\/wp\/v2\/media?parent=538237"}],"wp:term":[{"taxonomy":"category","embeddable":true,"href":"https:\/\/www.pressenza.com\/de\/wp-json\/wp\/v2\/categories?post=538237"},{"taxonomy":"post_tag","embeddable":true,"href":"https:\/\/www.pressenza.com\/de\/wp-json\/wp\/v2\/tags?post=538237"}],"curies":[{"name":"wp","href":"https:\/\/api.w.org\/{rel}","templated":true}]}}