{"id":532725,"date":"2017-10-06T19:58:24","date_gmt":"2017-10-06T18:58:24","guid":{"rendered":"https:\/\/www.pressenza.com\/?p=532725\/"},"modified":"2017-10-06T19:58:24","modified_gmt":"2017-10-06T18:58:24","slug":"perspektiven-der-demokratie-interview-mit-katharina-nocun","status":"publish","type":"post","link":"https:\/\/www.pressenza.com\/de\/2017\/10\/perspektiven-der-demokratie-interview-mit-katharina-nocun\/","title":{"rendered":"Perspektiven der Demokratie: Interview mit Katharina Nocun"},"content":{"rendered":"<p><a href=\"http:\/\/www.actvism.org\/politics\/katharina-nocun-demokratie\/\">Dieses Video-Interview<\/a> ist der vierte Teil der Serie <a href=\"https:\/\/www.youtube.com\/playlist?list=PLRLt57BRPAiLQXmkNlD7rINt132dXadT6\" target=\"_blank\" rel=\"noopener noreferrer\"><em>Perspektiven der Demokratie: Herausforderungen und Potentiale<\/em><\/a>, ein gemeinsames Projekt von acTVism Munich und<a href=\"https:\/\/www.mehr-demokratie.de\/\" target=\"_blank\" rel=\"noopener noreferrer\"> Mehr Demokratie e.V.<\/a>. Katharina Nocun, Netzaktivistin und <a href=\"http:\/\/kattascha.de\/\" target=\"_blank\" rel=\"noopener noreferrer\">Bloggerin<\/a>, spricht \u00fcber die Bedeutung von Wahlen und Freiheit in der Demokratie sowie die Gefahren und M\u00f6glichkeiten der Digitalisierung.<\/p>\n<p><a href=\"http:\/\/www.actvism.org\/politics\/katharina-nocun-demokratie\/\">Hier geht&#8217;s zum Video&#8230;<\/a><\/p>\n<p><strong>Katharina Nocun<\/strong> ist B\u00fcrgerrechtlerin und Netzaktivistin. Edward Snowden bedankte sich pers\u00f6nlich f\u00fcr die von ihr geleitete Kampagne \u201eAsyl f\u00fcr Snowden\u201c. Sie ist Beirat im Whistleblower-Netzwerk e.V. und klagt gegen mehrere \u00dcberwachungsgesetze vor dem Bundesverfassungsgericht. Sie war Mitglied der 16. Bundesversammlung zur Wahl des Bundespr\u00e4sidenten.<\/p>\n<p>Nocun bloggt auf <a href=\"http:\/\/kattascha.de\" target=\"_blank\" rel=\"noopener noreferrer\">kattascha.de<\/a>, schreibt regelm\u00e4\u00dfig f\u00fcr bundesweit erscheinende Medien und ist Kolumnistin beim Handelsblatt.<\/p>\n","protected":false},"excerpt":{"rendered":"<p>Dieses Video-Interview ist der vierte Teil der Serie Perspektiven der Demokratie: Herausforderungen und Potentiale, ein gemeinsames Projekt von acTVism Munich und Mehr Demokratie e.V.. Katharina Nocun, Netzaktivistin und Bloggerin, spricht \u00fcber die Bedeutung von Wahlen und Freiheit in der Demokratie&hellip;<\/p>\n","protected":false},"author":1188,"featured_media":532727,"comment_status":"closed","ping_status":"closed","sticky":false,"template":"","format":"standard","meta":{"footnotes":""},"categories":[9142,9156,9168,27991],"tags":[9821,40783,31880,11219,10332,10853],"class_list":["post-532725","post","type-post","status-publish","format-standard","has-post-thumbnail","hentry","category-interviews-de","category-kultur-und-medien","category-politik","category-video-de","tag-demokratie","tag-katharina-nocun","tag-mehr-demokratie-e-v","tag-meinungsfreiheit","tag-pressefreiheit","tag-whistleblower"],"yoast_head":"<!-- This site is optimized with the Yoast SEO plugin v27.1.1 - https:\/\/yoast.com\/product\/yoast-seo-wordpress\/ -->\n<title>Perspektiven der Demokratie: Interview mit Katharina Nocun<\/title>\n<meta name=\"description\" content=\"Dieses Video-Interview ist der vierte Teil der Serie Perspektiven der Demokratie: Herausforderungen und Potentiale, ein gemeinsames Projekt von acTVism\" \/>\n<meta name=\"robots\" content=\"index, follow, max-snippet:-1, max-image-preview:large, max-video-preview:-1\" \/>\n<link rel=\"canonical\" href=\"https:\/\/www.pressenza.com\/de\/2017\/10\/perspektiven-der-demokratie-interview-mit-katharina-nocun\/\" \/>\n<meta property=\"og:locale\" content=\"de_DE\" \/>\n<meta property=\"og:type\" content=\"article\" \/>\n<meta property=\"og:title\" content=\"Perspektiven der Demokratie: Interview mit Katharina Nocun\" \/>\n<meta property=\"og:description\" content=\"Dieses Video-Interview ist der vierte Teil der Serie Perspektiven der Demokratie: Herausforderungen und Potentiale, ein gemeinsames Projekt von acTVism\" \/>\n<meta property=\"og:url\" content=\"https:\/\/www.pressenza.com\/de\/2017\/10\/perspektiven-der-demokratie-interview-mit-katharina-nocun\/\" \/>\n<meta property=\"og:site_name\" content=\"Pressenza\" \/>\n<meta property=\"article:publisher\" content=\"https:\/\/www.facebook.com\/PressenzaItalia\" \/>\n<meta property=\"article:author\" content=\"http:\/\/www.facebook.com\/acTVism\" \/>\n<meta property=\"article:published_time\" content=\"2017-10-06T18:58:24+00:00\" \/>\n<meta property=\"og:image\" content=\"https:\/\/www.pressenza.com\/wp-content\/uploads\/2017\/10\/2017-10-06-actvism-nocun-700x467.jpg\" \/>\n\t<meta property=\"og:image:width\" content=\"700\" \/>\n\t<meta property=\"og:image:height\" content=\"467\" \/>\n\t<meta property=\"og:image:type\" content=\"image\/jpeg\" \/>\n<meta name=\"author\" content=\"acTVism Munich\" \/>\n<meta name=\"twitter:card\" content=\"summary_large_image\" \/>\n<meta name=\"twitter:creator\" content=\"@acTVismMunich\" \/>\n<meta name=\"twitter:site\" content=\"@PressenzaIPA\" \/>\n<meta name=\"twitter:label1\" content=\"Verfasst von\" \/>\n\t<meta name=\"twitter:data1\" content=\"acTVism Munich\" \/>\n\t<meta name=\"twitter:label2\" content=\"Gesch\u00e4tzte Lesezeit\" \/>\n\t<meta name=\"twitter:data2\" content=\"1\u00a0Minute\" \/>\n<script type=\"application\/ld+json\" class=\"yoast-schema-graph\">{\"@context\":\"https:\/\/schema.org\",\"@graph\":[{\"@type\":\"Article\",\"@id\":\"https:\/\/www.pressenza.com\/de\/2017\/10\/perspektiven-der-demokratie-interview-mit-katharina-nocun\/#article\",\"isPartOf\":{\"@id\":\"https:\/\/www.pressenza.com\/de\/2017\/10\/perspektiven-der-demokratie-interview-mit-katharina-nocun\/\"},\"author\":{\"name\":\"acTVism Munich\",\"@id\":\"https:\/\/www.pressenza.com\/de\/#\/schema\/person\/99a6415b6c343de2778fc2d410396913\"},\"headline\":\"Perspektiven der Demokratie: Interview mit Katharina Nocun\",\"datePublished\":\"2017-10-06T18:58:24+00:00\",\"mainEntityOfPage\":{\"@id\":\"https:\/\/www.pressenza.com\/de\/2017\/10\/perspektiven-der-demokratie-interview-mit-katharina-nocun\/\"},\"wordCount\":128,\"publisher\":{\"@id\":\"https:\/\/www.pressenza.com\/de\/#organization\"},\"image\":{\"@id\":\"https:\/\/www.pressenza.com\/de\/2017\/10\/perspektiven-der-demokratie-interview-mit-katharina-nocun\/#primaryimage\"},\"thumbnailUrl\":\"https:\/\/www.pressenza.com\/wp-content\/uploads\/2017\/10\/2017-10-06-actvism-nocun-700x467.jpg\",\"keywords\":[\"Demokratie\",\"Katharina Nocun\",\"Mehr Demokratie e.V.\",\"Meinungsfreiheit\",\"Pressefreiheit\",\"Whistleblower\"],\"articleSection\":[\"Interviews\",\"Kultur und Medien\",\"Politik\",\"Video\"],\"inLanguage\":\"de\"},{\"@type\":\"WebPage\",\"@id\":\"https:\/\/www.pressenza.com\/de\/2017\/10\/perspektiven-der-demokratie-interview-mit-katharina-nocun\/\",\"url\":\"https:\/\/www.pressenza.com\/de\/2017\/10\/perspektiven-der-demokratie-interview-mit-katharina-nocun\/\",\"name\":\"Perspektiven der Demokratie: Interview mit Katharina Nocun\",\"isPartOf\":{\"@id\":\"https:\/\/www.pressenza.com\/de\/#website\"},\"primaryImageOfPage\":{\"@id\":\"https:\/\/www.pressenza.com\/de\/2017\/10\/perspektiven-der-demokratie-interview-mit-katharina-nocun\/#primaryimage\"},\"image\":{\"@id\":\"https:\/\/www.pressenza.com\/de\/2017\/10\/perspektiven-der-demokratie-interview-mit-katharina-nocun\/#primaryimage\"},\"thumbnailUrl\":\"https:\/\/www.pressenza.com\/wp-content\/uploads\/2017\/10\/2017-10-06-actvism-nocun-700x467.jpg\",\"datePublished\":\"2017-10-06T18:58:24+00:00\",\"description\":\"Dieses Video-Interview ist der vierte Teil der Serie Perspektiven der Demokratie: Herausforderungen und Potentiale, ein gemeinsames Projekt von acTVism\",\"breadcrumb\":{\"@id\":\"https:\/\/www.pressenza.com\/de\/2017\/10\/perspektiven-der-demokratie-interview-mit-katharina-nocun\/#breadcrumb\"},\"inLanguage\":\"de\",\"potentialAction\":[{\"@type\":\"ReadAction\",\"target\":[\"https:\/\/www.pressenza.com\/de\/2017\/10\/perspektiven-der-demokratie-interview-mit-katharina-nocun\/\"]}]},{\"@type\":\"ImageObject\",\"inLanguage\":\"de\",\"@id\":\"https:\/\/www.pressenza.com\/de\/2017\/10\/perspektiven-der-demokratie-interview-mit-katharina-nocun\/#primaryimage\",\"url\":\"https:\/\/www.pressenza.com\/wp-content\/uploads\/2017\/10\/2017-10-06-actvism-nocun-700x467.jpg\",\"contentUrl\":\"https:\/\/www.pressenza.com\/wp-content\/uploads\/2017\/10\/2017-10-06-actvism-nocun-700x467.jpg\",\"width\":700,\"height\":467,\"caption\":\"\u00a9 Gordon Welters phone +49 170 8346683 e-mail: mail@gordonwelters.com http:\/\/www.gordonwelters.com\"},{\"@type\":\"BreadcrumbList\",\"@id\":\"https:\/\/www.pressenza.com\/de\/2017\/10\/perspektiven-der-demokratie-interview-mit-katharina-nocun\/#breadcrumb\",\"itemListElement\":[{\"@type\":\"ListItem\",\"position\":1,\"name\":\"Accueil\",\"item\":\"https:\/\/www.pressenza.com\/de\/\"},{\"@type\":\"ListItem\",\"position\":2,\"name\":\"Perspektiven der Demokratie: Interview mit Katharina Nocun\"}]},{\"@type\":\"WebSite\",\"@id\":\"https:\/\/www.pressenza.com\/de\/#website\",\"url\":\"https:\/\/www.pressenza.com\/de\/\",\"name\":\"Pressenza\",\"description\":\"International Press Agency\",\"publisher\":{\"@id\":\"https:\/\/www.pressenza.com\/de\/#organization\"},\"potentialAction\":[{\"@type\":\"SearchAction\",\"target\":{\"@type\":\"EntryPoint\",\"urlTemplate\":\"https:\/\/www.pressenza.com\/de\/?s={search_term_string}\"},\"query-input\":{\"@type\":\"PropertyValueSpecification\",\"valueRequired\":true,\"valueName\":\"search_term_string\"}}],\"inLanguage\":\"de\"},{\"@type\":\"Organization\",\"@id\":\"https:\/\/www.pressenza.com\/de\/#organization\",\"name\":\"Pressenza\",\"url\":\"https:\/\/www.pressenza.com\/de\/\",\"logo\":{\"@type\":\"ImageObject\",\"inLanguage\":\"de\",\"@id\":\"https:\/\/www.pressenza.com\/de\/#\/schema\/logo\/image\/\",\"url\":\"https:\/\/www.pressenza.com\/wp-content\/uploads\/2022\/10\/pressenza_logo_200x200.jpg\",\"contentUrl\":\"https:\/\/www.pressenza.com\/wp-content\/uploads\/2022\/10\/pressenza_logo_200x200.jpg\",\"width\":200,\"height\":200,\"caption\":\"Pressenza\"},\"image\":{\"@id\":\"https:\/\/www.pressenza.com\/de\/#\/schema\/logo\/image\/\"},\"sameAs\":[\"https:\/\/www.facebook.com\/PressenzaItalia\",\"https:\/\/x.com\/PressenzaIPA\"]},{\"@type\":\"Person\",\"@id\":\"https:\/\/www.pressenza.com\/de\/#\/schema\/person\/99a6415b6c343de2778fc2d410396913\",\"name\":\"acTVism Munich\",\"description\":\"acTVism Munich is an independent and non-profit global online media network that broadcasts regularly from Munich. Our goal is to surface those issues that are neglected by mainstream media through investigative journalism while remaining as objective as possible. In addition, to attain this goal, acTVism Munich lays great emphasis on arts and culture. To stay in line with this philosophy, we finance ourselves solely through people\u2019s donations. We do not accept any advertisements, governmental or corporate financing. www.actvism.org\/en\/\",\"sameAs\":[\"http:\/\/www.facebook.com\/acTVism\",\"https:\/\/x.com\/acTVismMunich\"],\"url\":\"https:\/\/www.pressenza.com\/de\/author\/actvism-munich\/\"}]}<\/script>\n<!-- \/ Yoast SEO plugin. -->","yoast_head_json":{"title":"Perspektiven der Demokratie: Interview mit Katharina Nocun","description":"Dieses Video-Interview ist der vierte Teil der Serie Perspektiven der Demokratie: Herausforderungen und Potentiale, ein gemeinsames Projekt von acTVism","robots":{"index":"index","follow":"follow","max-snippet":"max-snippet:-1","max-image-preview":"max-image-preview:large","max-video-preview":"max-video-preview:-1"},"canonical":"https:\/\/www.pressenza.com\/de\/2017\/10\/perspektiven-der-demokratie-interview-mit-katharina-nocun\/","og_locale":"de_DE","og_type":"article","og_title":"Perspektiven der Demokratie: Interview mit Katharina Nocun","og_description":"Dieses Video-Interview ist der vierte Teil der Serie Perspektiven der Demokratie: Herausforderungen und Potentiale, ein gemeinsames Projekt von acTVism","og_url":"https:\/\/www.pressenza.com\/de\/2017\/10\/perspektiven-der-demokratie-interview-mit-katharina-nocun\/","og_site_name":"Pressenza","article_publisher":"https:\/\/www.facebook.com\/PressenzaItalia","article_author":"http:\/\/www.facebook.com\/acTVism","article_published_time":"2017-10-06T18:58:24+00:00","og_image":[{"width":700,"height":467,"url":"https:\/\/www.pressenza.com\/wp-content\/uploads\/2017\/10\/2017-10-06-actvism-nocun-700x467.jpg","type":"image\/jpeg"}],"author":"acTVism Munich","twitter_card":"summary_large_image","twitter_creator":"@acTVismMunich","twitter_site":"@PressenzaIPA","twitter_misc":{"Verfasst von":"acTVism Munich","Gesch\u00e4tzte Lesezeit":"1\u00a0Minute"},"schema":{"@context":"https:\/\/schema.org","@graph":[{"@type":"Article","@id":"https:\/\/www.pressenza.com\/de\/2017\/10\/perspektiven-der-demokratie-interview-mit-katharina-nocun\/#article","isPartOf":{"@id":"https:\/\/www.pressenza.com\/de\/2017\/10\/perspektiven-der-demokratie-interview-mit-katharina-nocun\/"},"author":{"name":"acTVism Munich","@id":"https:\/\/www.pressenza.com\/de\/#\/schema\/person\/99a6415b6c343de2778fc2d410396913"},"headline":"Perspektiven der Demokratie: Interview mit Katharina Nocun","datePublished":"2017-10-06T18:58:24+00:00","mainEntityOfPage":{"@id":"https:\/\/www.pressenza.com\/de\/2017\/10\/perspektiven-der-demokratie-interview-mit-katharina-nocun\/"},"wordCount":128,"publisher":{"@id":"https:\/\/www.pressenza.com\/de\/#organization"},"image":{"@id":"https:\/\/www.pressenza.com\/de\/2017\/10\/perspektiven-der-demokratie-interview-mit-katharina-nocun\/#primaryimage"},"thumbnailUrl":"https:\/\/www.pressenza.com\/wp-content\/uploads\/2017\/10\/2017-10-06-actvism-nocun-700x467.jpg","keywords":["Demokratie","Katharina Nocun","Mehr Demokratie e.V.","Meinungsfreiheit","Pressefreiheit","Whistleblower"],"articleSection":["Interviews","Kultur und Medien","Politik","Video"],"inLanguage":"de"},{"@type":"WebPage","@id":"https:\/\/www.pressenza.com\/de\/2017\/10\/perspektiven-der-demokratie-interview-mit-katharina-nocun\/","url":"https:\/\/www.pressenza.com\/de\/2017\/10\/perspektiven-der-demokratie-interview-mit-katharina-nocun\/","name":"Perspektiven der Demokratie: Interview mit Katharina Nocun","isPartOf":{"@id":"https:\/\/www.pressenza.com\/de\/#website"},"primaryImageOfPage":{"@id":"https:\/\/www.pressenza.com\/de\/2017\/10\/perspektiven-der-demokratie-interview-mit-katharina-nocun\/#primaryimage"},"image":{"@id":"https:\/\/www.pressenza.com\/de\/2017\/10\/perspektiven-der-demokratie-interview-mit-katharina-nocun\/#primaryimage"},"thumbnailUrl":"https:\/\/www.pressenza.com\/wp-content\/uploads\/2017\/10\/2017-10-06-actvism-nocun-700x467.jpg","datePublished":"2017-10-06T18:58:24+00:00","description":"Dieses Video-Interview ist der vierte Teil der Serie Perspektiven der Demokratie: Herausforderungen und Potentiale, ein gemeinsames Projekt von acTVism","breadcrumb":{"@id":"https:\/\/www.pressenza.com\/de\/2017\/10\/perspektiven-der-demokratie-interview-mit-katharina-nocun\/#breadcrumb"},"inLanguage":"de","potentialAction":[{"@type":"ReadAction","target":["https:\/\/www.pressenza.com\/de\/2017\/10\/perspektiven-der-demokratie-interview-mit-katharina-nocun\/"]}]},{"@type":"ImageObject","inLanguage":"de","@id":"https:\/\/www.pressenza.com\/de\/2017\/10\/perspektiven-der-demokratie-interview-mit-katharina-nocun\/#primaryimage","url":"https:\/\/www.pressenza.com\/wp-content\/uploads\/2017\/10\/2017-10-06-actvism-nocun-700x467.jpg","contentUrl":"https:\/\/www.pressenza.com\/wp-content\/uploads\/2017\/10\/2017-10-06-actvism-nocun-700x467.jpg","width":700,"height":467,"caption":"\u00a9 Gordon Welters phone +49 170 8346683 e-mail: mail@gordonwelters.com http:\/\/www.gordonwelters.com"},{"@type":"BreadcrumbList","@id":"https:\/\/www.pressenza.com\/de\/2017\/10\/perspektiven-der-demokratie-interview-mit-katharina-nocun\/#breadcrumb","itemListElement":[{"@type":"ListItem","position":1,"name":"Accueil","item":"https:\/\/www.pressenza.com\/de\/"},{"@type":"ListItem","position":2,"name":"Perspektiven der Demokratie: Interview mit Katharina Nocun"}]},{"@type":"WebSite","@id":"https:\/\/www.pressenza.com\/de\/#website","url":"https:\/\/www.pressenza.com\/de\/","name":"Pressenza","description":"International Press Agency","publisher":{"@id":"https:\/\/www.pressenza.com\/de\/#organization"},"potentialAction":[{"@type":"SearchAction","target":{"@type":"EntryPoint","urlTemplate":"https:\/\/www.pressenza.com\/de\/?s={search_term_string}"},"query-input":{"@type":"PropertyValueSpecification","valueRequired":true,"valueName":"search_term_string"}}],"inLanguage":"de"},{"@type":"Organization","@id":"https:\/\/www.pressenza.com\/de\/#organization","name":"Pressenza","url":"https:\/\/www.pressenza.com\/de\/","logo":{"@type":"ImageObject","inLanguage":"de","@id":"https:\/\/www.pressenza.com\/de\/#\/schema\/logo\/image\/","url":"https:\/\/www.pressenza.com\/wp-content\/uploads\/2022\/10\/pressenza_logo_200x200.jpg","contentUrl":"https:\/\/www.pressenza.com\/wp-content\/uploads\/2022\/10\/pressenza_logo_200x200.jpg","width":200,"height":200,"caption":"Pressenza"},"image":{"@id":"https:\/\/www.pressenza.com\/de\/#\/schema\/logo\/image\/"},"sameAs":["https:\/\/www.facebook.com\/PressenzaItalia","https:\/\/x.com\/PressenzaIPA"]},{"@type":"Person","@id":"https:\/\/www.pressenza.com\/de\/#\/schema\/person\/99a6415b6c343de2778fc2d410396913","name":"acTVism Munich","description":"acTVism Munich is an independent and non-profit global online media network that broadcasts regularly from Munich. Our goal is to surface those issues that are neglected by mainstream media through investigative journalism while remaining as objective as possible. In addition, to attain this goal, acTVism Munich lays great emphasis on arts and culture. To stay in line with this philosophy, we finance ourselves solely through people\u2019s donations. We do not accept any advertisements, governmental or corporate financing. www.actvism.org\/en\/","sameAs":["http:\/\/www.facebook.com\/acTVism","https:\/\/x.com\/acTVismMunich"],"url":"https:\/\/www.pressenza.com\/de\/author\/actvism-munich\/"}]}},"place":"","original_article_url":"http:\/\/www.actvism.org\/politics\/katharina-nocun-demokratie\/?#","_links":{"self":[{"href":"https:\/\/www.pressenza.com\/de\/wp-json\/wp\/v2\/posts\/532725","targetHints":{"allow":["GET"]}}],"collection":[{"href":"https:\/\/www.pressenza.com\/de\/wp-json\/wp\/v2\/posts"}],"about":[{"href":"https:\/\/www.pressenza.com\/de\/wp-json\/wp\/v2\/types\/post"}],"author":[{"embeddable":true,"href":"https:\/\/www.pressenza.com\/de\/wp-json\/wp\/v2\/users\/1188"}],"replies":[{"embeddable":true,"href":"https:\/\/www.pressenza.com\/de\/wp-json\/wp\/v2\/comments?post=532725"}],"version-history":[{"count":0,"href":"https:\/\/www.pressenza.com\/de\/wp-json\/wp\/v2\/posts\/532725\/revisions"}],"wp:featuredmedia":[{"embeddable":true,"href":"https:\/\/www.pressenza.com\/de\/wp-json\/wp\/v2\/media\/532727"}],"wp:attachment":[{"href":"https:\/\/www.pressenza.com\/de\/wp-json\/wp\/v2\/media?parent=532725"}],"wp:term":[{"taxonomy":"category","embeddable":true,"href":"https:\/\/www.pressenza.com\/de\/wp-json\/wp\/v2\/categories?post=532725"},{"taxonomy":"post_tag","embeddable":true,"href":"https:\/\/www.pressenza.com\/de\/wp-json\/wp\/v2\/tags?post=532725"}],"curies":[{"name":"wp","href":"https:\/\/api.w.org\/{rel}","templated":true}]}}